 {"id":14937,"date":"2015-02-12T11:13:01","date_gmt":"2015-02-12T10:13:01","guid":{"rendered":"http:\/\/www.siemysli.info.ke\/?p=14937"},"modified":"2015-02-14T01:29:51","modified_gmt":"2015-02-14T00:29:51","slug":"bogaci-niemcy-zadamy-zaplaty-za-zrownany-z-ziemia-kraj","status":"publish","type":"post","link":"https:\/\/siemysli-ke.info\/en\/bogaci-niemcy-zadamy-zaplaty-za-zrownany-z-ziemia-kraj\/","title":{"rendered":"Bogaci Niemcy &#8211; \u017c\u0105damy zap\u0142aty za zr\u00f3wnany z ziemi\u0105 kraj!"},"content":{"rendered":"<p style=\"text-align: justify;\"><a href=\"http:\/\/www.siemysli.info.ke\/wp-content\/uploads\/2015\/02\/Gda\u0144sk-po-spaleniu.jpg\" rel=\"lightbox[14937]\"><img decoding=\"async\" class=\"alignleft size-medium wp-image-14957\" src=\"http:\/\/www.siemysli.info.ke\/wp-content\/uploads\/2015\/02\/Gda\u0144sk-po-spaleniu-300x194.jpg\" alt=\"Gda\u0144sk po spaleniu\" width=\"300\" height=\"194\" srcset=\"https:\/\/siemysli-ke.info\/wp-content\/uploads\/2015\/02\/Gda\u0144sk-po-spaleniu-300x194.jpg 300w, https:\/\/siemysli-ke.info\/wp-content\/uploads\/2015\/02\/Gda\u0144sk-po-spaleniu.jpg 640w\" sizes=\"(max-width: 300px) 100vw, 300px\" \/><\/a>Na wszelkie dzia\u0142ania, kt\u00f3re odbiegaj\u0105 od przyj\u0119tej w polityce normy, nauczeni przez media m\u00f3wimy &#8211; populistyczne, nierealne, szkodliwe&#8230;<\/p>\n<p style=\"text-align: justify;\"><strong>Czy aby napewno?<\/strong><\/p>\n<p style=\"text-align: justify;\"><a name=\"anchorbbtBubble146\"><\/a><a name=\"anchorbbtBubble185\"><\/a>\u00a0Polska przesz\u0142a bardzo d\u0142ug\u0105 drog\u0119 od podnoszenia si\u0119 z ruin II wojny \u015bwiatowej a\u017c po wej\u015bcie w struktury Unii Europejskiej i ca\u0142kowite pozbycie si\u0119 suwerenno\u015bci oraz mo\u017cliwo\u015bci decydowania o w\u0142asnym losie. Poprzez hekatomb\u0119 <em>Holocaustu<\/em> Polska utraci\u0142a miliony swoich obywateli, ale te\u017c i po przetoczeniu si\u0119 teatru wojennego przez nasze terytorium &#8211; zamieni\u0142o si\u0119 one w morze ruin. Na lata cofn\u0119li\u015bmy si\u0119 cywilizacyjnie. Czy mo\u017cna o tym zapomina\u0107? <strong>Czy wybaczenie nie powinno i\u015b\u0107 w parze z zado\u015b\u0107uczynieniem sprawc\u00f3w i ich spadkobierc\u00f3w?<\/strong>\u00a0<strong>Dzi\u015b Polska, b\u0119d\u0105c pod dyktatem praw i ogranicze\u0144, jakie nak\u0142ada na nasz kraj Unia Europejska, nie mo\u017ce si\u0119 rozwija\u0107.<\/strong> Z takim problemem nie borykaj\u0105 si\u0119 Niemcy. Ich gospodarka pracuje na najwy\u017cszych obrotach, wiele firm niemieckich odnosi rekordowe zyski, r\u00f3wnie\u017c eksport <a href=\"http:\/\/www.siemysli.info.ke\/wp-content\/uploads\/2015\/02\/5841269-389-643.jpg\" rel=\"lightbox[14937]\"><img decoding=\"async\" class=\"alignleft size-medium wp-image-14939\" src=\"http:\/\/www.siemysli.info.ke\/wp-content\/uploads\/2015\/02\/5841269-389-643-181x300.jpg\" alt=\"5841269-389-643\" width=\"181\" height=\"300\" srcset=\"https:\/\/siemysli-ke.info\/wp-content\/uploads\/2015\/02\/5841269-389-643-181x300.jpg 181w, https:\/\/siemysli-ke.info\/wp-content\/uploads\/2015\/02\/5841269-389-643.jpg 389w\" sizes=\"(max-width: 181px) 100vw, 181px\" \/><\/a>RFN wygl\u0105da imponuj\u0105co. Jeszcze nigdy koncern <em>Daimlera<\/em> nie sprzeda\u0142 tylu samochod\u00f3w, co w 2014 roku. To jednak ci\u0105gle mniej ni\u017c zysk prymusa &#8211; <em>Volkswagena<\/em>. Maj\u0105tki prywatne w Niemczech oceniono na kwot\u0119 9,3 bilion\u00f3w euro \u2013 donosi niemiecki dziennik <em>S\u00fcddeutsche<\/em> <em>Zeitung<\/em>, powo\u0142uj\u0105c si\u0119 na raport Niemieckiego Instytutu Bada\u0144 nad Gospodark\u0105 (DIW). W por\u00f3wnaniu: fortuna najbogatszych \u00a0Polak\u00f3w \u0142\u0105cznie wynosi zaledwie 100 miliard\u00f3w z\u0142otych (ok. 25 mld euro).W 1993 roku maj\u0105tek pieni\u0119\u017cny Niemc\u00f3w oceniono na <a>prawie<\/a> dwa biliony euro, a w 2003 ju\u017c na 3,6 biliona euro. W 2012 r. przekroczy\u0142 on granic\u0119 6 bilion\u00f3w euro. I jak si\u0119 okazuje, w przeci\u0105gu ostatnich trzech lat wzr\u00f3s\u0142 o kolejne 3 biliony. Wed\u0142ug badaczy z DIW <a>zyski<\/a> kapita\u0142owe i fundusze inwestycyjne w najwi\u0119kszym stopniu przyczyni\u0142y si\u0119 do wzrostu maj\u0105tku prywatnych gospodarstw domowych. R\u00f3wnie\u017c rekordowe by\u0142y zyski z podatk\u00f3w. 593 mld euro \u2013 tyle RFN zarobi\u0142a w zesz\u0142ym roku z tytu\u0142u podatk\u00f3w.<\/p>\n<p style=\"text-align: justify;\">Rekord wszechczas\u00f3w. Najwi\u0119ksze zwy\u017cki wp\u0142yw\u00f3w odnotowano w\u015br\u00f3d podatku od wynagrodzenia, podatku dochodowego oraz podatku od spadk\u00f3w i zakupu grunt\u00f3w.<\/p>\n<p style=\"text-align: justify;\"><a name=\"anchorbbtBubble1\"><\/a>\u00a0Zasoby\u00a0<a>Niemc\u00f3w<\/a> uros\u0142y do nowej, rekordowej wysoko\u015bci. A maj\u0105tek przeci\u0119tnego Polaka \u2013 jak wyliczy\u0142 szwajcarski bank <em>Credit Suisse<\/em> \u2013 by\u0142 w 2013 r. czterokrotnie mniejszy ni\u017c przeci\u0119tnego Greka.<\/p>\n<p style=\"text-align: justify;\">Polacy s\u0105 pariasami Europy &#8211; zad\u0142u\u017ceni, rz\u0105dzeni przez parti\u0119, uleg\u0142\u0105 dyktatowi Niemiec i wielkich korporacji, toczeni chorob\u0105 korupcji i spo\u0142ecznego rozk\u0142adu.<\/p>\n<p style=\"text-align: justify;\">Popatrzmy na Grek\u00f3w i ich \u201cpopulizm\u201d <em>Syrizy<\/em>\u00a0&#8211; mo\u017ce zdrowy rozs\u0105dek i pokazanie nowej jako\u015bci w kontaktach z hegemonem!<\/p>\n<p style=\"text-align: justify;\"><a name=\"anchorbbtBubble9\"><\/a><a name=\"anchorbbtBubble24\"><\/a><a name=\"anchorbbtBubble93\"><\/a> <a href=\"http:\/\/www.siemysli.info.ke\/wp-content\/uploads\/2015\/02\/5841617-643-4821.jpg\" rel=\"lightbox[14937]\"><img decoding=\"async\" class=\"alignleft size-medium wp-image-14940\" src=\"http:\/\/www.siemysli.info.ke\/wp-content\/uploads\/2015\/02\/5841617-643-4821-300x224.jpg\" alt=\"5841617-643-482\" width=\"300\" height=\"224\" srcset=\"https:\/\/siemysli-ke.info\/wp-content\/uploads\/2015\/02\/5841617-643-4821-300x224.jpg 300w, https:\/\/siemysli-ke.info\/wp-content\/uploads\/2015\/02\/5841617-643-4821-316x237.jpg 316w, https:\/\/siemysli-ke.info\/wp-content\/uploads\/2015\/02\/5841617-643-4821-100x75.jpg 100w, https:\/\/siemysli-ke.info\/wp-content\/uploads\/2015\/02\/5841617-643-4821.jpg 643w\" sizes=\"(max-width: 300px) 100vw, 300px\" \/><\/a>Nowy socjalistyczny rz\u0105d\u00a0<a>Grecji<\/a>\u00a0ma nadziej\u0119, \u017ce uda mu si\u0119 sfinalizowa\u0107 cz\u0119\u015b\u0107 wydatk\u00f3w bud\u017cetowych za niemieckie pieni\u0105dze. Dlaczego\u00a0<a>Berlin<\/a> mia\u0142by za nie p\u0142aci\u0107? Chodzi o reparacje wojenne. Greccy politycy m\u00f3wi\u0105 o og\u00f3lnych reparacjach wojennych oraz o wymuszonej przez III Rzesz\u0105 po\u017cyczce na cele wojenne, kt\u00f3rej grecki bank narodowy udzieli\u0142 w latach 1942-1944. Po\u017cyczka ta odpowiada, \u0142\u0105cznie z odsetkami, dzisiejszej kwocie 8-11 mld euro. Rz\u0105d RFN nie daje jednak Atenom nawet cienia nadziei. Przekonuje, \u017ce roszczenia zosta\u0142y ju\u017c zaspokojone albo si\u0119 przedawni\u0142y. Grecja otrzyma\u0142a w przesz\u0142o\u015bci 115 mln <a>marek<\/a> zachodnioniemieckich. Co wi\u0119cej &#8211; spraw\u0119 uregulowano te\u017c przy okazji zawarcia traktatu \u201eDwa plus cztery\u201d w 1990 roku. Prawnicy maj\u0105 jednak w\u0105tpliwo\u015bci. M\u00f3wi\u0105, \u017ce w latach 60. wyp\u0142acono reparacje wobec podpisania \u201eUmowy mi\u0119dzy RFN a Kr\u00f3lestwem Grecji o \u015bwiadczeniach na rzecz obywateli Grecji, dotkni\u0119tych narodowo-socjalistycznymi prze\u015bladowaniami\u201d. A to mog\u0142oby sugerowa\u0107, \u017ce mia\u0142o miejsce zaspokojenie roszcze\u0144 indywidualnych, a nie pa\u0144stwowych. Co wi\u0119cej sprawy reparacji nie zamkni\u0119to te\u017c w 1990 roku, bo Grecja nie by\u0142a w og\u00f3le stron\u0105 traktatu \u201eDwa plus cztery\u201d.<\/p>\n<p style=\"text-align: justify;\">\u017beby otrzyma\u0107 pieni\u0105dze, Grecja musia\u0142aby przed\u0142o\u017cy\u0107 spraw\u0119 do Trybuna\u0142u Sprawiedliwo\u015bci w Hadze. A w\u00f3wczas sprawa ci\u0105gn\u0119\u0142aby si\u0119 latami. Mo\u017ce jednak warto by\u0107 populist\u0105 i uwierzy\u0107 sprawiedliwo\u015bci?<\/p>\n<p style=\"text-align: justify;\"><a href=\"http:\/\/www.siemysli.info.ke\/wp-content\/uploads\/2015\/02\/5841356-643-411.jpg\" rel=\"lightbox[14937]\"><img decoding=\"async\" class=\"alignleft size-medium wp-image-14941\" src=\"http:\/\/www.siemysli.info.ke\/wp-content\/uploads\/2015\/02\/5841356-643-411-300x191.jpg\" alt=\"5841356-643-411\" width=\"300\" height=\"191\" srcset=\"https:\/\/siemysli-ke.info\/wp-content\/uploads\/2015\/02\/5841356-643-411-300x191.jpg 300w, https:\/\/siemysli-ke.info\/wp-content\/uploads\/2015\/02\/5841356-643-411.jpg 643w\" sizes=\"(max-width: 300px) 100vw, 300px\" \/><\/a>Polska ma r\u00f3wnie\u017c nie rozliczone kwestie reparacji po szkodach, wyrz\u0105dzonych na naszym terytorium przez nazist\u00f3w niemieckich. RP nigdy oficjalnie nie zrzek\u0142a si\u0119 roszcze\u0144 wojennych wobec Niemiec. Przed podj\u0119ciem tego tematu Berlin zas\u0142ania si\u0119 wymuszon\u0105 przez Stalina na komunistycznych w\u0142adzach w Warszawie deklaracj\u0105 o zrzeczeniu si\u0119 roszcze\u0144, ale tylko w stosunu do dawnego NRD. W zam\u00f3wionej przez Sejm ekspertyzie pt.\u00a0<em>Reparacje wojenne w stosunkach polsko-niemieckich<\/em>\u00a0berli\u0144ski adwokat Stefan Hambura stwierdzi\u0142, \u017ce takie reparacje s\u0105 mo\u017cliwe do wyegzekwowania. Profesor Jan Sandorski (Uniwersytet im. Adama Mickiewicza w Poznaniu) tak\u017ce jest przekonany, i\u017c wed\u0142ug prawa mi\u0119dzynarodowego Polska nigdy nie zrzek\u0142a si\u0119 reparacji od Niemiec. W swojej ekspertyzie napisa\u0142: &#8220;O\u015bwiadczenie rz\u0105du PRL z 23. sierpnia 1953 r., dotycz\u0105ce zrzeczenia si\u0119 z dniem 1. stycznia 1954 r. sp\u0142aty odszkodowa\u0144 na rzecz Polski, by\u0142o niewa\u017cne (\u2026) i jako takie nigdy nie wywiera\u0142o i nie wywiera skutk\u00f3w prawnych&#8221;.<br \/>\nZnawca II wojny \u015bwiatowej, dr hab. Bogdan Musia\u0142, historyk z Instytutu Pami\u0119ci Narodowej, potwierdzi\u0142, \u017ce Polska nigdy oficjalnie nie zrzek\u0142a si\u0119 roszcze\u0144 wojennych wobec Niemiec. \u2013 Nie ma \u017cadnej ustawy na ten temat. To Sowieci podj\u0119li za Polsk\u0119 decyzj\u0119, \u017ce jakoby zrzekamy si\u0119 takich reparacji \u2013 wskaza\u0142 Musia\u0142, dodaj\u0105c, i\u017c w 1953 roku Zwi\u0105zek Sowiecki wyrzek\u0142 si\u0119 roszcze\u0144, ale w stosunku tylko do dawnego NRD &#8211; i zrobi\u0142 to tak\u017ce w imieniu Polski. Zdaniem historyka, \u00f3wczesny komunistyczny polski rz\u0105d nie mia\u0142 innego wyj\u015bcia, jak tylko zaakceptowa\u0107 decyzje, pochodz\u0105ce z Moskwy. \u2013 To nie zosta\u0142o nawet og\u0142oszone w \u017cadnym dokumencie rz\u0105dowym, napisali o tym jedynie w jakiej\u015b gazecie, najprawdopodobniej w <em>Trybunie Ludu<\/em> \u2013 podkre\u015bli\u0142 Bogdan Musia\u0142. \u2013 Nie ma na ten temat \u017cadnego oficjalnego aktu prawnego \u2013 doda\u0142. Jednocze\u015bnie zaznaczy\u0142, \u017ce gdyby nawet taki akt prawny istnia\u0142, to i tak by\u0142by niewa\u017cny \u2013 nie by\u0142a to bowiem suwerenna polska decyzja, lecz podj\u0119ta za nas w Moskwie.<\/p>\n<p style=\"text-align: justify;\">Obliczenia dotycz\u0105ce strat materialnych, poniesionych w latach 1939-45, przygotowa\u0142o po wojnie Biuro Odszkodowa\u0144 Wojennych przy Prezydium Rady Ministr\u00f3w RP. \u0141\u0105czn\u0105 warto\u015b\u0107 strat materialnych, kt\u00f3re ponios\u0142a Polska z powodu dzia\u0142a\u0144 III Rzeszy, oszacowano na 258 miliard\u00f3w z\u0142otych z sierpnia 1939 roku \u2013 r\u00f3wnowarto\u015b\u0107 49 miliard\u00f3w \u00f3wczesnych dolar\u00f3w ameryka\u0144skich. Wed\u0142ug Zarz\u0105du Rezerw Federalnych USA kwota 49 miliard\u00f3w dolar\u00f3w z sierpnia 1939 r. odpowiada\u0142a w sierpniu <strong>2014 r. kwocie\u00a0845 miliardom dolar\u00f3w.<\/strong> Takie nominalne zwielokrotnienie wynika tylko ze skumulowanej inflacji, bez oprocentowania za zw\u0142ok\u0119.<\/p>\n<p style=\"text-align: justify;\">Szukaj\u0105c w Internecie, znalaz\u0142em dane z roku 2013. NBP poda\u0142o wtedy, \u017ce zad\u0142u\u017cenie zagraniczne Polski og\u00f3\u0142em spad\u0142o w drugim kwartale <strong>2013 roku do 275 mld 127 mln euro<\/strong> z 279 mld 048 mln euro w pierwszym kwartale.<\/p>\n<p style=\"text-align: justify;\"><strong>Chyba zdaj\u0105 sobie pa\u0144stwo spraw\u0119, jak gro\u017ane jest takie my\u015blenie!!!<\/strong><\/p>\n<p style=\"text-align: justify;\"><strong>Czy doczekamy si\u0119 polityka takiego formatu, by podni\u00f3s\u0142 publicznie t\u0119 kwesti\u0119???<\/strong><\/p>\n<p style=\"text-align: justify;\">Tekst z materia\u0142\u00f3w:<\/p>\n<p style=\"text-align: justify;\"><em>Deutsche Welle<\/em>, <em>Der Spiegel<\/em>, <em>wSieci<\/em><\/p>\n<p style=\"text-align: right;\"><strong>Roman Boryczko<\/strong>,<\/p>\n<p style=\"text-align: right;\"><em>luty 2015<\/em><\/p>\n","protected":false},"excerpt":{"rendered":"<p>Na wszelkie dzia\u0142ania, kt\u00f3re odbiegaj\u0105 od przyj\u0119tej w polityce normy, nauczeni przez media m\u00f3wimy &#8211; populistyczne, nierealne, szkodliwe&#8230; Czy aby<\/p>\n","protected":false},"author":7,"featured_media":14940,"comment_status":"open","ping_status":"open","sticky":false,"template":"","format":"standard","meta":{"colormag_page_layout":"default_layout","footnotes":""},"categories":[81,6],"tags":[2057,2047,89,2055,2051,92,841,2049,2053,2052,2056,2024,2048,202,1901,2054,2050],"class_list":["post-14937","post","type-post","status-publish","format-standard","has-post-thumbnail","hentry","category-rzeczpospolita","category-ue","tag-berlinski-adwokat-stefan-hambura","tag-biuro-odszkodowan-wojennych-przy-prezydium-rady-ministrow-rp","tag-breaking","tag-dr-hab-bogdan-musial","tag-grecja","tag-headline","tag-moskwa","tag-niemiecki-nazizm","tag-polacy-pariasami-europy","tag-populizm","tag-profesor-jan-sandorski","tag-reparacje-wojenne","tag-rfn","tag-roman-boryczko","tag-syriza","tag-traktat-dwa-plus-cztery","tag-trybunal-sprawiedliwosci-w-hadze"],"yoast_head":"<!-- This site is optimized with the Yoast SEO plugin v25.1 - https:\/\/yoast.com\/wordpress\/plugins\/seo\/ -->\n<title>Bogaci Niemcy - \u017c\u0105damy zap\u0142aty za zr\u00f3wnany z ziemi\u0105 kraj! - SI\u0118 MY\u015aLI<\/title>\n<meta name=\"robots\" content=\"index, follow, max-snippet:-1, max-image-preview:large, max-video-preview:-1\" \/>\n<link rel=\"canonical\" href=\"https:\/\/siemysli-ke.info\/en\/bogaci-niemcy-zadamy-zaplaty-za-zrownany-z-ziemia-kraj\/\" \/>\n<meta property=\"og:locale\" content=\"en_US\" \/>\n<meta property=\"og:type\" content=\"article\" \/>\n<meta property=\"og:title\" content=\"Bogaci Niemcy - \u017c\u0105damy zap\u0142aty za zr\u00f3wnany z ziemi\u0105 kraj! - SI\u0118 MY\u015aLI\" \/>\n<meta property=\"og:description\" content=\"Na wszelkie dzia\u0142ania, kt\u00f3re odbiegaj\u0105 od przyj\u0119tej w polityce normy, nauczeni przez media m\u00f3wimy &#8211; populistyczne, nierealne, szkodliwe&#8230; Czy aby\" \/>\n<meta property=\"og:url\" content=\"https:\/\/siemysli-ke.info\/en\/bogaci-niemcy-zadamy-zaplaty-za-zrownany-z-ziemia-kraj\/\" \/>\n<meta property=\"og:site_name\" content=\"SI\u0118 MY\u015aLI\" \/>\n<meta property=\"article:published_time\" content=\"2015-02-12T10:13:01+00:00\" \/>\n<meta property=\"article:modified_time\" content=\"2015-02-14T00:29:51+00:00\" \/>\n<meta property=\"og:image\" content=\"https:\/\/siemysli-ke.info\/wp-content\/uploads\/2015\/02\/5841617-643-4821.jpg\" \/>\n\t<meta property=\"og:image:width\" content=\"643\" \/>\n\t<meta property=\"og:image:height\" content=\"482\" \/>\n\t<meta property=\"og:image:type\" content=\"image\/jpeg\" \/>\n<meta name=\"author\" content=\"Jaromir\" \/>\n<meta name=\"twitter:label1\" content=\"Written by\" \/>\n\t<meta name=\"twitter:data1\" content=\"Jaromir\" \/>\n\t<meta name=\"twitter:label2\" content=\"Est. reading time\" \/>\n\t<meta name=\"twitter:data2\" content=\"6 minutes\" \/>\n<script type=\"application\/ld+json\" class=\"yoast-schema-graph\">{\"@context\":\"https:\/\/schema.org\",\"@graph\":[{\"@type\":\"Article\",\"@id\":\"https:\/\/siemysli-ke.info\/en\/bogaci-niemcy-zadamy-zaplaty-za-zrownany-z-ziemia-kraj\/#article\",\"isPartOf\":{\"@id\":\"https:\/\/siemysli-ke.info\/en\/bogaci-niemcy-zadamy-zaplaty-za-zrownany-z-ziemia-kraj\/\"},\"author\":{\"name\":\"Jaromir\",\"@id\":\"https:\/\/siemysli-ke.info\/#\/schema\/person\/66d741fa745a44f2fe46d112bc6499f2\"},\"headline\":\"Bogaci Niemcy &#8211; \u017c\u0105damy zap\u0142aty za zr\u00f3wnany z ziemi\u0105 kraj!\",\"datePublished\":\"2015-02-12T10:13:01+00:00\",\"dateModified\":\"2015-02-14T00:29:51+00:00\",\"mainEntityOfPage\":{\"@id\":\"https:\/\/siemysli-ke.info\/en\/bogaci-niemcy-zadamy-zaplaty-za-zrownany-z-ziemia-kraj\/\"},\"wordCount\":1174,\"commentCount\":1,\"publisher\":{\"@id\":\"https:\/\/siemysli-ke.info\/#organization\"},\"image\":{\"@id\":\"https:\/\/siemysli-ke.info\/en\/bogaci-niemcy-zadamy-zaplaty-za-zrownany-z-ziemia-kraj\/#primaryimage\"},\"thumbnailUrl\":\"https:\/\/siemysli-ke.info\/wp-content\/uploads\/2015\/02\/5841617-643-4821.jpg\",\"keywords\":[\"berli\u0144ski adwokat Stefan Hambura\",\"Biuro Odszkodowa\u0144 Wojennych przy Prezydium Rady Ministr\u00f3w RP\",\"breaking\",\"dr hab. Bogdan Musia\u0142\",\"Grecja\",\"headline\",\"Moskwa\",\"niemiecki nazizm\",\"Polacy pariasami Europy\",\"populizm\",\"profesor Jan Sandorski\",\"Reparacje wojenne\",\"RFN\",\"Roman Boryczko\",\"Syriza\",\"traktat \u201eDwa plus cztery\u201d\",\"Trybuna\u0142 Sprawiedliwo\u015bci w Hadze\"],\"articleSection\":[\"Rzeczypospolita\",\"Unia Europejska\"],\"inLanguage\":\"en-US\",\"potentialAction\":[{\"@type\":\"CommentAction\",\"name\":\"Comment\",\"target\":[\"https:\/\/siemysli-ke.info\/en\/bogaci-niemcy-zadamy-zaplaty-za-zrownany-z-ziemia-kraj\/#respond\"]}]},{\"@type\":\"WebPage\",\"@id\":\"https:\/\/siemysli-ke.info\/en\/bogaci-niemcy-zadamy-zaplaty-za-zrownany-z-ziemia-kraj\/\",\"url\":\"https:\/\/siemysli-ke.info\/en\/bogaci-niemcy-zadamy-zaplaty-za-zrownany-z-ziemia-kraj\/\",\"name\":\"Bogaci Niemcy - \u017c\u0105damy zap\u0142aty za zr\u00f3wnany z ziemi\u0105 kraj! - SI\u0118 MY\u015aLI\",\"isPartOf\":{\"@id\":\"https:\/\/siemysli-ke.info\/en\/#website\"},\"primaryImageOfPage\":{\"@id\":\"https:\/\/siemysli-ke.info\/en\/bogaci-niemcy-zadamy-zaplaty-za-zrownany-z-ziemia-kraj\/#primaryimage\"},\"image\":{\"@id\":\"https:\/\/siemysli-ke.info\/en\/bogaci-niemcy-zadamy-zaplaty-za-zrownany-z-ziemia-kraj\/#primaryimage\"},\"thumbnailUrl\":\"https:\/\/siemysli-ke.info\/wp-content\/uploads\/2015\/02\/5841617-643-4821.jpg\",\"datePublished\":\"2015-02-12T10:13:01+00:00\",\"dateModified\":\"2015-02-14T00:29:51+00:00\",\"breadcrumb\":{\"@id\":\"https:\/\/siemysli-ke.info\/en\/bogaci-niemcy-zadamy-zaplaty-za-zrownany-z-ziemia-kraj\/#breadcrumb\"},\"inLanguage\":\"en-US\",\"potentialAction\":[{\"@type\":\"ReadAction\",\"target\":[[\"https:\/\/siemysli-ke.info\/en\/bogaci-niemcy-zadamy-zaplaty-za-zrownany-z-ziemia-kraj\/\"]]}]},{\"@type\":\"ImageObject\",\"inLanguage\":\"en-US\",\"@id\":\"https:\/\/siemysli-ke.info\/en\/bogaci-niemcy-zadamy-zaplaty-za-zrownany-z-ziemia-kraj\/#primaryimage\",\"url\":\"https:\/\/siemysli-ke.info\/wp-content\/uploads\/2015\/02\/5841617-643-4821.jpg\",\"contentUrl\":\"https:\/\/siemysli-ke.info\/wp-content\/uploads\/2015\/02\/5841617-643-4821.jpg\",\"width\":643,\"height\":482},{\"@type\":\"BreadcrumbList\",\"@id\":\"https:\/\/siemysli-ke.info\/en\/bogaci-niemcy-zadamy-zaplaty-za-zrownany-z-ziemia-kraj\/#breadcrumb\",\"itemListElement\":[{\"@type\":\"ListItem\",\"position\":1,\"name\":\"Home\",\"item\":\"https:\/\/siemysli-ke.info\/en\/\"},{\"@type\":\"ListItem\",\"position\":2,\"name\":\"Bogaci Niemcy &#8211; \u017c\u0105damy zap\u0142aty za zr\u00f3wnany z ziemi\u0105 kraj!\"}]},{\"@type\":\"WebSite\",\"@id\":\"https:\/\/siemysli-ke.info\/en\/#website\",\"url\":\"https:\/\/siemysli-ke.info\/en\/\",\"name\":\"SI\u0118 MY\u015aLI\",\"description\":\"\",\"publisher\":{\"@id\":\"https:\/\/siemysli-ke.info\/en\/#organization\"},\"potentialAction\":[{\"@type\":\"SearchAction\",\"target\":{\"@type\":\"EntryPoint\",\"urlTemplate\":\"https:\/\/siemysli-ke.info\/en\/?s={search_term_string}\"},\"query-input\":{\"@type\":\"PropertyValueSpecification\",\"valueRequired\":true,\"valueName\":\"search_term_string\"}}],\"inLanguage\":\"en-US\"},{\"@type\":\"Organization\",\"@id\":\"https:\/\/siemysli-ke.info\/en\/#organization\",\"name\":\"SI\u0118 MY\u015aLI\",\"url\":\"https:\/\/siemysli-ke.info\/en\/\",\"logo\":{\"@type\":\"ImageObject\",\"inLanguage\":\"en-US\",\"@id\":\"https:\/\/siemysli-ke.info\/en\/#\/schema\/logo\/image\/\",\"url\":\"https:\/\/siemysli-ke.info\/wp-content\/uploads\/2025\/05\/99.png\",\"contentUrl\":\"https:\/\/siemysli-ke.info\/wp-content\/uploads\/2025\/05\/99.png\",\"width\":270,\"height\":204,\"caption\":\"SI\u0118 MY\u015aLI\"},\"image\":{\"@id\":\"https:\/\/siemysli-ke.info\/en\/#\/schema\/logo\/image\/\"}},{\"@type\":\"Person\",\"@id\":\"https:\/\/siemysli-ke.info\/#\/schema\/person\/66d741fa745a44f2fe46d112bc6499f2\",\"name\":\"Jaromir\",\"image\":{\"@type\":\"ImageObject\",\"inLanguage\":\"en-US\",\"@id\":\"https:\/\/siemysli-ke.info\/en\/#\/schema\/person\/image\/\",\"url\":\"https:\/\/secure.gravatar.com\/avatar\/fe881559e8ac8dda20293e9e8317d4678c6ad8f65f85a9ce5e1a87cee56b6198?s=96&d=mm&r=g\",\"contentUrl\":\"https:\/\/secure.gravatar.com\/avatar\/fe881559e8ac8dda20293e9e8317d4678c6ad8f65f85a9ce5e1a87cee56b6198?s=96&d=mm&r=g\",\"caption\":\"Jaromir\"},\"url\":\"https:\/\/siemysli-ke.info\/en\/author\/jaromir\/\"}]}<\/script>\n<!-- \/ Yoast SEO plugin. -->","yoast_head_json":{"title":"Bogaci Niemcy - \u017c\u0105damy zap\u0142aty za zr\u00f3wnany z ziemi\u0105 kraj! - SI\u0118 MY\u015aLI","robots":{"index":"index","follow":"follow","max-snippet":"max-snippet:-1","max-image-preview":"max-image-preview:large","max-video-preview":"max-video-preview:-1"},"canonical":"https:\/\/siemysli-ke.info\/en\/bogaci-niemcy-zadamy-zaplaty-za-zrownany-z-ziemia-kraj\/","og_locale":"en_US","og_type":"article","og_title":"Bogaci Niemcy - \u017c\u0105damy zap\u0142aty za zr\u00f3wnany z ziemi\u0105 kraj! - SI\u0118 MY\u015aLI","og_description":"Na wszelkie dzia\u0142ania, kt\u00f3re odbiegaj\u0105 od przyj\u0119tej w polityce normy, nauczeni przez media m\u00f3wimy &#8211; populistyczne, nierealne, szkodliwe&#8230; Czy aby","og_url":"https:\/\/siemysli-ke.info\/en\/bogaci-niemcy-zadamy-zaplaty-za-zrownany-z-ziemia-kraj\/","og_site_name":"SI\u0118 MY\u015aLI","article_published_time":"2015-02-12T10:13:01+00:00","article_modified_time":"2015-02-14T00:29:51+00:00","og_image":[{"width":643,"height":482,"url":"https:\/\/siemysli-ke.info\/wp-content\/uploads\/2015\/02\/5841617-643-4821.jpg","type":"image\/jpeg"}],"author":"Jaromir","twitter_misc":{"Written by":"Jaromir","Est. reading time":"6 minutes"},"schema":{"@context":"https:\/\/schema.org","@graph":[{"@type":"Article","@id":"https:\/\/siemysli-ke.info\/en\/bogaci-niemcy-zadamy-zaplaty-za-zrownany-z-ziemia-kraj\/#article","isPartOf":{"@id":"https:\/\/siemysli-ke.info\/en\/bogaci-niemcy-zadamy-zaplaty-za-zrownany-z-ziemia-kraj\/"},"author":{"name":"Jaromir","@id":"https:\/\/siemysli-ke.info\/#\/schema\/person\/66d741fa745a44f2fe46d112bc6499f2"},"headline":"Bogaci Niemcy &#8211; \u017c\u0105damy zap\u0142aty za zr\u00f3wnany z ziemi\u0105 kraj!","datePublished":"2015-02-12T10:13:01+00:00","dateModified":"2015-02-14T00:29:51+00:00","mainEntityOfPage":{"@id":"https:\/\/siemysli-ke.info\/en\/bogaci-niemcy-zadamy-zaplaty-za-zrownany-z-ziemia-kraj\/"},"wordCount":1174,"commentCount":1,"publisher":{"@id":"https:\/\/siemysli-ke.info\/#organization"},"image":{"@id":"https:\/\/siemysli-ke.info\/en\/bogaci-niemcy-zadamy-zaplaty-za-zrownany-z-ziemia-kraj\/#primaryimage"},"thumbnailUrl":"https:\/\/siemysli-ke.info\/wp-content\/uploads\/2015\/02\/5841617-643-4821.jpg","keywords":["berli\u0144ski adwokat Stefan Hambura","Biuro Odszkodowa\u0144 Wojennych przy Prezydium Rady Ministr\u00f3w RP","breaking","dr hab. Bogdan Musia\u0142","Grecja","headline","Moskwa","niemiecki nazizm","Polacy pariasami Europy","populizm","profesor Jan Sandorski","Reparacje wojenne","RFN","Roman Boryczko","Syriza","traktat \u201eDwa plus cztery\u201d","Trybuna\u0142 Sprawiedliwo\u015bci w Hadze"],"articleSection":["Rzeczypospolita","Unia Europejska"],"inLanguage":"en-US","potentialAction":[{"@type":"CommentAction","name":"Comment","target":["https:\/\/siemysli-ke.info\/en\/bogaci-niemcy-zadamy-zaplaty-za-zrownany-z-ziemia-kraj\/#respond"]}]},{"@type":"WebPage","@id":"https:\/\/siemysli-ke.info\/en\/bogaci-niemcy-zadamy-zaplaty-za-zrownany-z-ziemia-kraj\/","url":"https:\/\/siemysli-ke.info\/en\/bogaci-niemcy-zadamy-zaplaty-za-zrownany-z-ziemia-kraj\/","name":"Bogaci Niemcy - \u017c\u0105damy zap\u0142aty za zr\u00f3wnany z ziemi\u0105 kraj! - SI\u0118 MY\u015aLI","isPartOf":{"@id":"https:\/\/siemysli-ke.info\/en\/#website"},"primaryImageOfPage":{"@id":"https:\/\/siemysli-ke.info\/en\/bogaci-niemcy-zadamy-zaplaty-za-zrownany-z-ziemia-kraj\/#primaryimage"},"image":{"@id":"https:\/\/siemysli-ke.info\/en\/bogaci-niemcy-zadamy-zaplaty-za-zrownany-z-ziemia-kraj\/#primaryimage"},"thumbnailUrl":"https:\/\/siemysli-ke.info\/wp-content\/uploads\/2015\/02\/5841617-643-4821.jpg","datePublished":"2015-02-12T10:13:01+00:00","dateModified":"2015-02-14T00:29:51+00:00","breadcrumb":{"@id":"https:\/\/siemysli-ke.info\/en\/bogaci-niemcy-zadamy-zaplaty-za-zrownany-z-ziemia-kraj\/#breadcrumb"},"inLanguage":"en-US","potentialAction":[{"@type":"ReadAction","target":[["https:\/\/siemysli-ke.info\/en\/bogaci-niemcy-zadamy-zaplaty-za-zrownany-z-ziemia-kraj\/"]]}]},{"@type":"ImageObject","inLanguage":"en-US","@id":"https:\/\/siemysli-ke.info\/en\/bogaci-niemcy-zadamy-zaplaty-za-zrownany-z-ziemia-kraj\/#primaryimage","url":"https:\/\/siemysli-ke.info\/wp-content\/uploads\/2015\/02\/5841617-643-4821.jpg","contentUrl":"https:\/\/siemysli-ke.info\/wp-content\/uploads\/2015\/02\/5841617-643-4821.jpg","width":643,"height":482},{"@type":"BreadcrumbList","@id":"https:\/\/siemysli-ke.info\/en\/bogaci-niemcy-zadamy-zaplaty-za-zrownany-z-ziemia-kraj\/#breadcrumb","itemListElement":[{"@type":"ListItem","position":1,"name":"Home","item":"https:\/\/siemysli-ke.info\/en\/"},{"@type":"ListItem","position":2,"name":"Bogaci Niemcy &#8211; \u017c\u0105damy zap\u0142aty za zr\u00f3wnany z ziemi\u0105 kraj!"}]},{"@type":"WebSite","@id":"https:\/\/siemysli-ke.info\/en\/#website","url":"https:\/\/siemysli-ke.info\/en\/","name":"SI\u0118 MY\u015aLI","description":"","publisher":{"@id":"https:\/\/siemysli-ke.info\/en\/#organization"},"potentialAction":[{"@type":"SearchAction","target":{"@type":"EntryPoint","urlTemplate":"https:\/\/siemysli-ke.info\/en\/?s={search_term_string}"},"query-input":{"@type":"PropertyValueSpecification","valueRequired":true,"valueName":"search_term_string"}}],"inLanguage":"en-US"},{"@type":"Organization","@id":"https:\/\/siemysli-ke.info\/en\/#organization","name":"SI\u0118 MY\u015aLI","url":"https:\/\/siemysli-ke.info\/en\/","logo":{"@type":"ImageObject","inLanguage":"en-US","@id":"https:\/\/siemysli-ke.info\/en\/#\/schema\/logo\/image\/","url":"https:\/\/siemysli-ke.info\/wp-content\/uploads\/2025\/05\/99.png","contentUrl":"https:\/\/siemysli-ke.info\/wp-content\/uploads\/2025\/05\/99.png","width":270,"height":204,"caption":"SI\u0118 MY\u015aLI"},"image":{"@id":"https:\/\/siemysli-ke.info\/en\/#\/schema\/logo\/image\/"}},{"@type":"Person","@id":"https:\/\/siemysli-ke.info\/#\/schema\/person\/66d741fa745a44f2fe46d112bc6499f2","name":"Jaromir","image":{"@type":"ImageObject","inLanguage":"en-US","@id":"https:\/\/siemysli-ke.info\/en\/#\/schema\/person\/image\/","url":"https:\/\/secure.gravatar.com\/avatar\/fe881559e8ac8dda20293e9e8317d4678c6ad8f65f85a9ce5e1a87cee56b6198?s=96&d=mm&r=g","contentUrl":"https:\/\/secure.gravatar.com\/avatar\/fe881559e8ac8dda20293e9e8317d4678c6ad8f65f85a9ce5e1a87cee56b6198?s=96&d=mm&r=g","caption":"Jaromir"},"url":"https:\/\/siemysli-ke.info\/en\/author\/jaromir\/"}]}},"_links":{"self":[{"href":"https:\/\/siemysli-ke.info\/en\/wp-json\/wp\/v2\/posts\/14937","targetHints":{"allow":["GET"]}}],"collection":[{"href":"https:\/\/siemysli-ke.info\/en\/wp-json\/wp\/v2\/posts"}],"about":[{"href":"https:\/\/siemysli-ke.info\/en\/wp-json\/wp\/v2\/types\/post"}],"author":[{"embeddable":true,"href":"https:\/\/siemysli-ke.info\/en\/wp-json\/wp\/v2\/users\/7"}],"replies":[{"embeddable":true,"href":"https:\/\/siemysli-ke.info\/en\/wp-json\/wp\/v2\/comments?post=14937"}],"version-history":[{"count":0,"href":"https:\/\/siemysli-ke.info\/en\/wp-json\/wp\/v2\/posts\/14937\/revisions"}],"wp:featuredmedia":[{"embeddable":true,"href":"https:\/\/siemysli-ke.info\/en\/wp-json\/wp\/v2\/media\/14940"}],"wp:attachment":[{"href":"https:\/\/siemysli-ke.info\/en\/wp-json\/wp\/v2\/media?parent=14937"}],"wp:term":[{"taxonomy":"category","embeddable":true,"href":"https:\/\/siemysli-ke.info\/en\/wp-json\/wp\/v2\/categories?post=14937"},{"taxonomy":"post_tag","embeddable":true,"href":"https:\/\/siemysli-ke.info\/en\/wp-json\/wp\/v2\/tags?post=14937"}],"curies":[{"name":"wp","href":"https:\/\/api.w.org\/{rel}","templated":true}]}}