 {"id":14869,"date":"2015-02-07T22:13:22","date_gmt":"2015-02-07T21:13:22","guid":{"rendered":"http:\/\/www.siemysli.info.ke\/?p=14869"},"modified":"2015-02-08T23:52:14","modified_gmt":"2015-02-08T22:52:14","slug":"bialoruscy-pilkarscy-chuligani-gotowi-na-majdan","status":"publish","type":"post","link":"https:\/\/siemysli-ke.info\/en\/bialoruscy-pilkarscy-chuligani-gotowi-na-majdan\/","title":{"rendered":"Bia\u0142oruscy chuligani pi\u0142karscy gotowi na &#8220;Majdan&#8221;"},"content":{"rendered":"<p style=\"text-align: justify;\"><a href=\"http:\/\/www.siemysli.info.ke\/wp-content\/uploads\/2015\/02\/E2voqfBXx08.jpg\" rel=\"lightbox[14869]\"><img decoding=\"async\" class=\"alignleft size-medium wp-image-14871\" src=\"http:\/\/www.siemysli.info.ke\/wp-content\/uploads\/2015\/02\/E2voqfBXx08-300x245.jpg\" alt=\"E2voqfBXx08\" width=\"300\" height=\"245\" srcset=\"https:\/\/siemysli-ke.info\/wp-content\/uploads\/2015\/02\/E2voqfBXx08-300x245.jpg 300w, https:\/\/siemysli-ke.info\/wp-content\/uploads\/2015\/02\/E2voqfBXx08.jpg 320w\" sizes=\"(max-width: 300px) 100vw, 300px\" \/><\/a>Prezydent \u0141ukaszenka ma problem. Wirus \u201cMajdanu\u201d przeni\u00f3s\u0142 si\u0119 z Ukrainy na Bia\u0142oru\u015b &#8211; a konkretniej przeni\u00f3s\u0142 si\u0119 na tamtejsze stadiony. Bia\u0142oruska opozycja zwi\u0119kszy\u0142a sw\u0105 liczebno\u015b\u0107 w\u0142a\u015bnie dzi\u0119ki werbunkowi stadionowemu. Kibole bia\u0142oruscy na stadionach prezentuj\u0105 zachodni styl ULTRAS a w walce &#8211; twardy, nieust\u0119pliwy i bardzo brutalny styl, wyst\u0119puj\u0105cy jedynie na Wschodzie. Kibice bia\u0142oruscy przygl\u0105daj\u0105c si\u0119 bratob\u00f3jczej walce, stan\u0119li po stronie Ukrainy a nie separatyst\u00f3w czy Rosji. Skanduj\u0105 has\u0142a, zapo\u017cyczone od skrajnych nacjonalist\u00f3w z &#8220;Prawego Sektora\u201d, wywieszaj\u0105 te\u017c transparenty antykomunistyczne.<\/p>\n<p style=\"text-align: justify;\" align=\"justify\">Od dawna wiadomo, \u017ce to subkultury kibic\u00f3w s\u0105 najbardziej podatne na werbunek boj\u00f3wkarzy walk politycznych. Co do zasady, w roli ideologicznej \u201eprzyn\u0119ty\u201d wyst\u0119puj\u0105 zawsze\u00a0 idee \u00a0skrajnie prawicowe. \u015arodowiska fan\u00f3w sportu mobilizuj\u0105 si\u0119 na uliczne zamieszki ch\u0119tnie i licznie. W\u015br\u00f3d najbardziej uderzaj\u0105cych przyk\u0142ad\u00f3w \u2013 szturm 19. wrze\u015bnia 2006 w Budapeszcie, gdy fani pi\u0142karscy, zaprawieni w stadionowych bojach i neonazi\u015bci zaatakowali budynek telewizji, a po drodze do niego zbezcze\u015bcili pomnik \u017co\u0142nierzy radzieckich i w konsekwencji doprowadzili do obalenia lewicowego rz\u0105du. Atak na ambasad\u0119 rosyjsk\u0105 11. listopada 2013 roku podczas marszu w Dniu Niepodleg\u0142o\u015bci w Warszawie sprowokowa\u0142y r\u00f3wnie\u017c grupy agresywnych polskich <em>hooligans<\/em>. Dwaj m\u0119\u017cczy\u017ani, kt\u00f3rzy zabili w Londynie nieumundurowanego \u017co\u0142nierza, sprowokowali potem wiele atak\u00f3w angielskich pseudokibicow oraz boj\u00f3wki <em>Combat 18<\/em>\u00a0na osiedla emigrant\u00f3w. Dzisiejsza sytuacja w Dre\u017anie i ruch PEGIDA sw\u00f3j pocz\u0105tek bior\u0105 r\u00f3wnie\u017c z matecznika faszyzmu &#8211; czyli stadionowych boj\u00f3wek, kt\u00f3re bez skr\u0119powania obnosz\u0105 si\u0119 swoimi pogl\u0105dami i nienawi\u015bci\u0105 do obcych. W 2013 w Czechach skrajna prawica i stadionowi chuligani zorganizowali anty-romskie zamieszki. Demonstracj\u0119 musia\u0142y rozp\u0119dzi\u0107 specjalne jednostki czeskiej policji, u\u017cywaj\u0105c m.in. gazu \u0142zawi\u0105cego i pa\u0142ek. Ekstremi\u015bci zacz\u0119li niszczy\u0107 mienie publiczne oraz rzuca\u0107 w policjant\u00f3w kamieniami, ceg\u0142ami i butelkami.<\/p>\n<p style=\"text-align: justify;\" align=\"justify\"><a href=\"http:\/\/www.siemysli.info.ke\/wp-content\/uploads\/2015\/02\/VJz9z.jpg\" rel=\"lightbox[14869]\"><img decoding=\"async\" class=\"alignleft size-medium wp-image-14872\" src=\"http:\/\/www.siemysli.info.ke\/wp-content\/uploads\/2015\/02\/VJz9z-300x225.jpg\" alt=\"VJz9z\" width=\"300\" height=\"225\" srcset=\"https:\/\/siemysli-ke.info\/wp-content\/uploads\/2015\/02\/VJz9z-300x225.jpg 300w, https:\/\/siemysli-ke.info\/wp-content\/uploads\/2015\/02\/VJz9z-316x237.jpg 316w, https:\/\/siemysli-ke.info\/wp-content\/uploads\/2015\/02\/VJz9z-100x75.jpg 100w, https:\/\/siemysli-ke.info\/wp-content\/uploads\/2015\/02\/VJz9z.jpg 640w\" sizes=\"(max-width: 300px) 100vw, 300px\" \/><\/a>Na ukrai\u0144skim Majdanie g\u0142\u00f3wn\u0105 rol\u0119 odegrali kibice i skrajnie nacjonalistyczne boj\u00f3wki stadionowe. W miastach po\u0142udniowo-wschodniej Ukrainy, to w\u0142a\u015bnie kibice pi\u0142karscy stworzyli fundament boj\u00f3wek opozycji, brali udzia\u0142 w zaj\u0119ciu budynk\u00f3w administracji regionalnych, a potem d\u0142awili \u201erosyjsk\u0105 wiosn\u0119\u201d. Uliczne samos\u0105dy nad \u201eantymajdanowcami\u201d 27. kwietnia w Charkowie i 2. maja w Odessie doprowadzi\u0142y do \u015bmierci wielu os\u00f3b, nie zgadzaj\u0105cych si\u0119 z ich faszystowsk\u0105 wizj\u0105 \u015bwiata. P\u00f3\u017aniej kibice aktywnie zaanga\u017cowali si\u0119 w zbieranie pieni\u0119dzy i amunicji dla batalion\u00f3w (obecnie \u2013 pu\u0142k\u00f3w) \u201eAzow\u201d i \u201dAjdar\u201d, a cz\u0119\u015b\u0107 ich dzia\u0142aczy do\u0142\u0105czy\u0142a do si\u0142 paramilitarnych w Donbassie. W sieciach \u00a0spo\u0142ecznych mo\u017cna zobaczy\u0107 wiele zdj\u0119\u0107, gdzie bojownicy \u201eAzowa\u201d w kamufla\u017cu i kominiarkach dumnie pozuj\u0105 z transparentami z symbolami swoich klub\u00f3w pi\u0142karskich, swastykami i portretami Adolfa Hitlera oraz Bandery. Poniewa\u017c ruchy kibicowskie s\u0105siednich kraj\u00f3w s\u0105 ze sob\u0105 \u015bci\u015ble zwi\u0105zane, w tym poprzez wsp\u00f3lny udzia\u0142 w koncertach ultraprawicowych zespo\u0142\u00f3w, kt\u00f3re stanowi\u0105 baz\u0119 ideologiczn\u0105 tej subkultury (np. aktywnie wspieraj\u0105ca &#8220;Prawy Sektor&#8221; i Majdan grupa <em>Sokira Peruna<\/em>, posiada ogromny autorytet w \u015brodowisku bia\u0142oruskich neonazist\u00f3w). Nie ma w tym nic dziwnego, \u017ce r\u00f3wnocze\u015bni z wydarzeniami w Kijowie, gesty poparcia dla prawicy na barykadach Majdanu pop\u0142yn\u0119\u0142y od bia\u0142oruskich kibic\u00f3w.<\/p>\n<p style=\"text-align: justify;\" align=\"justify\"><a href=\"http:\/\/www.siemysli.info.ke\/wp-content\/uploads\/2015\/02\/x_4b1af2071.jpg\" rel=\"lightbox[14869]\"><img decoding=\"async\" class=\"alignleft size-medium wp-image-14873\" src=\"http:\/\/www.siemysli.info.ke\/wp-content\/uploads\/2015\/02\/x_4b1af2071-300x211.jpg\" alt=\"x_4b1af207\" width=\"300\" height=\"211\" srcset=\"https:\/\/siemysli-ke.info\/wp-content\/uploads\/2015\/02\/x_4b1af2071-300x211.jpg 300w, https:\/\/siemysli-ke.info\/wp-content\/uploads\/2015\/02\/x_4b1af2071.jpg 320w\" sizes=\"(max-width: 300px) 100vw, 300px\" \/><\/a>Jako pierwsi wyst\u0105pili fani mi\u0144skiego \u201eDynamo\u201d. 22. stycznia 2014 w jednej z grup sieci spo\u0142ecznej, skupiaj\u0105cej mi\u0142o\u015bnik\u00f3w \u201estarej szko\u0142y\u201d, z nostalgi\u0105 wspominaj\u0105cej mod\u0119 i muzyk\u0119 <em>skinhead\u00f3w<\/em>, pojawi\u0142y si\u0119 zdj\u0119cia du\u017cego banneru, jaki zawis\u0142 na ulicach stolicy Bia\u0142orusi, z napisem \u201eUkraino, jeste\u015bmy z tob\u0105!\u201d. Napis na bannerze zilustrowany zosta\u0142 skrzy\u017cowanymi flagami \u017c\u00f3\u0142to-niebiesk\u0105 i bia\u0142o-czerwono-bia\u0142\u0105 ( \u2026). Pi\u0119\u0107 dni p\u00f3\u017aniej z takim samym <em>performance<\/em>\u00a0wyst\u0105pi\u0142a grupa kibic\u00f3w borysowskiego BATE, publikuj\u0105c swoje zdj\u0119cia z bia\u0142o-czerwono-bia\u0142\u0105 flag\u0105 i transparentami: \u201eTrzymaj si\u0119, Ukraino! \u00a0Jeste\u015bmy z wami\u201d i \u201eBohaterom chwa\u0142a!\u201d.<\/p>\n<p style=\"text-align: justify;\" align=\"justify\">Po zwyci\u0119stwie Majdanu, zapewnionego w du\u017cej mierze przez \u00a0\u201ePrawy Sektor\u201d, wsparcie rewolucyjnie nastawionych s\u0105siad\u00f3w na bia\u0142oruskich trybunach by\u0142a ju\u017c coraz silniejsza. Miejscowi \u201eantysystemowcy\u201d ze \u015brodowiska kibic\u00f3w, dostrzegli w Euromajdanie doskona\u0142y \u00a0przyk\u0142ad tego, jak zniszczy\u0107 machin\u0119 pa\u0144stwow\u0105, w tym \u2013 tak bardzo niekochan\u0105 przez nich milicj\u0119. 11. kwietnia 2014, na wyjazdowym meczu mie\u0144skiego \u201eDynamo\u201d, w Soligorsku, fani sto\u0142ecznego klubu w pierwszej po\u0142owie meczu skandowali znane has\u0142a OUN-UPA.<\/p>\n<p style=\"text-align: justify;\" align=\"justify\">Bia\u0142oruscy chuligani o\u015bmielaj\u0105 si\u0119 wymachiwa\u0107 na stadionach zakazanymi bia\u0142o-czerwono-bia\u0142ymi transparentami, tudzie\u017c podnosz\u0105 okrzyki, o\u015bmieszajace Putina. 8. wrze\u015bnia 2014 podczas meczu Bia\u0142orusi z Luksemburgiem, kibice bia\u0142oruscy rozpostarli ogromny banner, przypominaj\u0105cy o 500. rocznicy zwyci\u0119skiej bitwy Wielkiego Ksi\u0119stwa Litewskiego nad armi\u0105 Ksi\u0119stwa Moskiewskiego &#8211; takie gesty maj\u0105 doprowadzi\u0107 do szewskiej pasji \u0141ukaszenk\u0119 i Putina. Bia\u0142oruska opozycja ustami Bia\u0142oruskiego Frontu Narodowego o\u015bwiadczy\u0142a, \u017ce \u201ezwyci\u0119stwo pod Orsz\u0105 na d\u0142ugi czas zatrzyma\u0142o agresj\u0119 Moskwy, a ta sta\u0142a si\u0119 zn\u00f3w aktualna teraz, po 500 latach, gdy stary wr\u00f3g ponownie podnosi g\u0142ow\u0119\u201d.<\/p>\n<p style=\"text-align: justify;\" align=\"justify\">Bia\u0142oruski nacjonalizm \u2013 jako wyraz protestu przeciwko w\u0142adzy sta\u0142 si\u0119 w\u015br\u00f3d bia\u0142oruskich kibic\u00f3w trendy, now\u0105 mod\u0105. Symbole protestu dzisiaj, to \u201emowa\u201d (j\u0119zyk bia\u0142oruski \u2013 red.), kt\u00f3rej nie znaj\u0105 i \u201ebia\u0142oruska \u0142acinka\u201d, (alfabet \u2013 red), kt\u00f3rym nigdy nie b\u0119d\u0105 si\u0119 pos\u0142ugiwa\u0107, herb \u2013 wyszywanka, ale najwa\u017cniejsze, to \u015blepa nienawi\u015b\u0107 do wszystkiego co ruskie i do pa\u0144stwa rosyjskiego. Po raz pierwszy od drugiej po\u0142owy lat 90. XX w., kiedy to przeciwko Aleksandrowi \u0141ukaszence wyst\u0105pi\u0142y wielotysi\u0119czne t\u0142umy bojownik\u00f3w Bia\u0142oruskiego Frontu Narodowego, bia\u0142oruska opozycja zn\u00f3w ma do dyspozycji wielotysi\u0119czny, dobrze zorganizowany, przywyk\u0142y do walki i podzielaj\u0105cy antyrosyjskie pogl\u0105dy \u2013 aktyw m\u0142odzie\u017cowy<\/p>\n<p style=\"text-align: justify;\" align=\"justify\">Bia\u0142oru\u015b nie aspiruje do NATO czy UE, ale wobec izolacji i ostracyzmu \u015bwiata zachodniego jest idealnym pa\u0144stwem do sprowokowania przewrotu poprzez uliczne burdy. Je\u015bli b\u0119d\u0105 walki, to potrzeba zaprawionych w boju. Chuligani pi\u0142karscy nadaj\u0105 si\u0119 idealnie\u00a0 do tego \u00a0celu &#8211; przewidywalni, \u0142atwi do sterowania i przekupni &#8211; a co najwa\u017cniejsze skuteczni i bardzo brutalni. Dzi\u015b USA i finansjera kr\u0119c\u0105 kijem w mrowisku na wschodniej Ukrainie. Ju\u017c wida\u0107, \u017ce projekt ten nie wypali\u0142, co nie znaczy, i\u017c kolejne &#8220;pokojowe&#8221; kolorowe rewolucje nie zap\u0142on\u0105 w krajach by\u0142ego ZSRR. Sorosa sta\u0107 na sfinansowanie kolejnego, po kijowskim, przewrotu&#8230;<\/p>\n<p style=\"text-align: right;\" align=\"justify\"><strong>Roman Boryczko<\/strong>,<\/p>\n<p style=\"text-align: right;\" align=\"justify\"><em>\u00a0luty 2014\u00a0<\/em><\/p>\n","protected":false},"excerpt":{"rendered":"<p>Prezydent \u0141ukaszenka ma problem. Wirus \u201cMajdanu\u201d przeni\u00f3s\u0142 si\u0119 z Ukrainy na Bia\u0142oru\u015b &#8211; a konkretniej przeni\u00f3s\u0142 si\u0119 na tamtejsze stadiony.<\/p>\n","protected":false},"author":7,"featured_media":14872,"comment_status":"open","ping_status":"open","sticky":false,"template":"","format":"standard","meta":{"colormag_page_layout":"default_layout","footnotes":""},"categories":[7,3],"tags":[2002,1791,2003,1983,2005,89,1595,2004,2007,92,920,202,2001,2006],"class_list":["post-14869","post","type-post","status-publish","format-standard","has-post-thumbnail","hentry","category-gospodarka","category-kultura","tag-batalion-ajdar","tag-batalion-azow","tag-bate-borisow","tag-bialorus-hooligans","tag-bialoruski-front-narodowy","tag-breaking","tag-donbass","tag-dynamo-miensk","tag-george-soros","tag-headline","tag-prawy-sektor","tag-roman-boryczko","tag-sokira-peruna","tag-zwyciestwo-pod-orsza"],"yoast_head":"<!-- This site is optimized with the Yoast SEO plugin v25.1 - https:\/\/yoast.com\/wordpress\/plugins\/seo\/ -->\n<title>Bia\u0142oruscy chuligani pi\u0142karscy gotowi na &quot;Majdan&quot; - SI\u0118 MY\u015aLI<\/title>\n<meta name=\"robots\" content=\"index, follow, max-snippet:-1, max-image-preview:large, max-video-preview:-1\" \/>\n<link rel=\"canonical\" href=\"https:\/\/siemysli-ke.info\/en\/bialoruscy-pilkarscy-chuligani-gotowi-na-majdan\/\" \/>\n<meta property=\"og:locale\" content=\"en_US\" \/>\n<meta property=\"og:type\" content=\"article\" \/>\n<meta property=\"og:title\" content=\"Bia\u0142oruscy chuligani pi\u0142karscy gotowi na &quot;Majdan&quot; - SI\u0118 MY\u015aLI\" \/>\n<meta property=\"og:description\" content=\"Prezydent \u0141ukaszenka ma problem. Wirus \u201cMajdanu\u201d przeni\u00f3s\u0142 si\u0119 z Ukrainy na Bia\u0142oru\u015b &#8211; a konkretniej przeni\u00f3s\u0142 si\u0119 na tamtejsze stadiony.\" \/>\n<meta property=\"og:url\" content=\"https:\/\/siemysli-ke.info\/en\/bialoruscy-pilkarscy-chuligani-gotowi-na-majdan\/\" \/>\n<meta property=\"og:site_name\" content=\"SI\u0118 MY\u015aLI\" \/>\n<meta property=\"article:published_time\" content=\"2015-02-07T21:13:22+00:00\" \/>\n<meta property=\"article:modified_time\" content=\"2015-02-08T22:52:14+00:00\" \/>\n<meta property=\"og:image\" content=\"https:\/\/siemysli-ke.info\/wp-content\/uploads\/2015\/02\/VJz9z.jpg\" \/>\n\t<meta property=\"og:image:width\" content=\"640\" \/>\n\t<meta property=\"og:image:height\" content=\"480\" \/>\n\t<meta property=\"og:image:type\" content=\"image\/jpeg\" \/>\n<meta name=\"author\" content=\"Jaromir\" \/>\n<meta name=\"twitter:label1\" content=\"Written by\" \/>\n\t<meta name=\"twitter:data1\" content=\"Jaromir\" \/>\n\t<meta name=\"twitter:label2\" content=\"Est. reading time\" \/>\n\t<meta name=\"twitter:data2\" content=\"5 minutes\" \/>\n<script type=\"application\/ld+json\" class=\"yoast-schema-graph\">{\"@context\":\"https:\/\/schema.org\",\"@graph\":[{\"@type\":\"Article\",\"@id\":\"https:\/\/siemysli-ke.info\/en\/bialoruscy-pilkarscy-chuligani-gotowi-na-majdan\/#article\",\"isPartOf\":{\"@id\":\"https:\/\/siemysli-ke.info\/en\/bialoruscy-pilkarscy-chuligani-gotowi-na-majdan\/\"},\"author\":{\"name\":\"Jaromir\",\"@id\":\"https:\/\/siemysli-ke.info\/#\/schema\/person\/66d741fa745a44f2fe46d112bc6499f2\"},\"headline\":\"Bia\u0142oruscy chuligani pi\u0142karscy gotowi na &#8220;Majdan&#8221;\",\"datePublished\":\"2015-02-07T21:13:22+00:00\",\"dateModified\":\"2015-02-08T22:52:14+00:00\",\"mainEntityOfPage\":{\"@id\":\"https:\/\/siemysli-ke.info\/en\/bialoruscy-pilkarscy-chuligani-gotowi-na-majdan\/\"},\"wordCount\":1078,\"commentCount\":0,\"publisher\":{\"@id\":\"https:\/\/siemysli-ke.info\/#organization\"},\"image\":{\"@id\":\"https:\/\/siemysli-ke.info\/en\/bialoruscy-pilkarscy-chuligani-gotowi-na-majdan\/#primaryimage\"},\"thumbnailUrl\":\"https:\/\/siemysli-ke.info\/wp-content\/uploads\/2015\/02\/VJz9z.jpg\",\"keywords\":[\"Batalion Ajdar\",\"batalion Azow\",\"BATE Borisow\",\"Bia\u0142oru\u015b hooligans\",\"Bia\u0142oruski Front Narodowy\",\"breaking\",\"Donbass\",\"DYNAMO Mie\u0144sk\",\"George Soros\",\"headline\",\"Prawy Sektor\",\"Roman Boryczko\",\"Sokira Peruna\",\"zwyci\u0119stwo pod Orsz\u0105\"],\"articleSection\":[\"Gospodarka i polityka\",\"Kultura\"],\"inLanguage\":\"en-US\",\"potentialAction\":[{\"@type\":\"CommentAction\",\"name\":\"Comment\",\"target\":[\"https:\/\/siemysli-ke.info\/en\/bialoruscy-pilkarscy-chuligani-gotowi-na-majdan\/#respond\"]}]},{\"@type\":\"WebPage\",\"@id\":\"https:\/\/siemysli-ke.info\/en\/bialoruscy-pilkarscy-chuligani-gotowi-na-majdan\/\",\"url\":\"https:\/\/siemysli-ke.info\/en\/bialoruscy-pilkarscy-chuligani-gotowi-na-majdan\/\",\"name\":\"Bia\u0142oruscy chuligani pi\u0142karscy gotowi na \\\"Majdan\\\" - SI\u0118 MY\u015aLI\",\"isPartOf\":{\"@id\":\"https:\/\/siemysli-ke.info\/en\/#website\"},\"primaryImageOfPage\":{\"@id\":\"https:\/\/siemysli-ke.info\/en\/bialoruscy-pilkarscy-chuligani-gotowi-na-majdan\/#primaryimage\"},\"image\":{\"@id\":\"https:\/\/siemysli-ke.info\/en\/bialoruscy-pilkarscy-chuligani-gotowi-na-majdan\/#primaryimage\"},\"thumbnailUrl\":\"https:\/\/siemysli-ke.info\/wp-content\/uploads\/2015\/02\/VJz9z.jpg\",\"datePublished\":\"2015-02-07T21:13:22+00:00\",\"dateModified\":\"2015-02-08T22:52:14+00:00\",\"breadcrumb\":{\"@id\":\"https:\/\/siemysli-ke.info\/en\/bialoruscy-pilkarscy-chuligani-gotowi-na-majdan\/#breadcrumb\"},\"inLanguage\":\"en-US\",\"potentialAction\":[{\"@type\":\"ReadAction\",\"target\":[[\"https:\/\/siemysli-ke.info\/en\/bialoruscy-pilkarscy-chuligani-gotowi-na-majdan\/\"]]}]},{\"@type\":\"ImageObject\",\"inLanguage\":\"en-US\",\"@id\":\"https:\/\/siemysli-ke.info\/en\/bialoruscy-pilkarscy-chuligani-gotowi-na-majdan\/#primaryimage\",\"url\":\"https:\/\/siemysli-ke.info\/wp-content\/uploads\/2015\/02\/VJz9z.jpg\",\"contentUrl\":\"https:\/\/siemysli-ke.info\/wp-content\/uploads\/2015\/02\/VJz9z.jpg\",\"width\":640,\"height\":480},{\"@type\":\"BreadcrumbList\",\"@id\":\"https:\/\/siemysli-ke.info\/en\/bialoruscy-pilkarscy-chuligani-gotowi-na-majdan\/#breadcrumb\",\"itemListElement\":[{\"@type\":\"ListItem\",\"position\":1,\"name\":\"Home\",\"item\":\"https:\/\/siemysli-ke.info\/en\/\"},{\"@type\":\"ListItem\",\"position\":2,\"name\":\"Bia\u0142oruscy chuligani pi\u0142karscy gotowi na &#8220;Majdan&#8221;\"}]},{\"@type\":\"WebSite\",\"@id\":\"https:\/\/siemysli-ke.info\/en\/#website\",\"url\":\"https:\/\/siemysli-ke.info\/en\/\",\"name\":\"SI\u0118 MY\u015aLI\",\"description\":\"\",\"publisher\":{\"@id\":\"https:\/\/siemysli-ke.info\/en\/#organization\"},\"potentialAction\":[{\"@type\":\"SearchAction\",\"target\":{\"@type\":\"EntryPoint\",\"urlTemplate\":\"https:\/\/siemysli-ke.info\/en\/?s={search_term_string}\"},\"query-input\":{\"@type\":\"PropertyValueSpecification\",\"valueRequired\":true,\"valueName\":\"search_term_string\"}}],\"inLanguage\":\"en-US\"},{\"@type\":\"Organization\",\"@id\":\"https:\/\/siemysli-ke.info\/en\/#organization\",\"name\":\"SI\u0118 MY\u015aLI\",\"url\":\"https:\/\/siemysli-ke.info\/en\/\",\"logo\":{\"@type\":\"ImageObject\",\"inLanguage\":\"en-US\",\"@id\":\"https:\/\/siemysli-ke.info\/en\/#\/schema\/logo\/image\/\",\"url\":\"https:\/\/siemysli-ke.info\/wp-content\/uploads\/2025\/05\/99.png\",\"contentUrl\":\"https:\/\/siemysli-ke.info\/wp-content\/uploads\/2025\/05\/99.png\",\"width\":270,\"height\":204,\"caption\":\"SI\u0118 MY\u015aLI\"},\"image\":{\"@id\":\"https:\/\/siemysli-ke.info\/en\/#\/schema\/logo\/image\/\"}},{\"@type\":\"Person\",\"@id\":\"https:\/\/siemysli-ke.info\/#\/schema\/person\/66d741fa745a44f2fe46d112bc6499f2\",\"name\":\"Jaromir\",\"image\":{\"@type\":\"ImageObject\",\"inLanguage\":\"en-US\",\"@id\":\"https:\/\/siemysli-ke.info\/en\/#\/schema\/person\/image\/\",\"url\":\"https:\/\/secure.gravatar.com\/avatar\/fe881559e8ac8dda20293e9e8317d4678c6ad8f65f85a9ce5e1a87cee56b6198?s=96&d=mm&r=g\",\"contentUrl\":\"https:\/\/secure.gravatar.com\/avatar\/fe881559e8ac8dda20293e9e8317d4678c6ad8f65f85a9ce5e1a87cee56b6198?s=96&d=mm&r=g\",\"caption\":\"Jaromir\"},\"url\":\"https:\/\/siemysli-ke.info\/en\/author\/jaromir\/\"}]}<\/script>\n<!-- \/ Yoast SEO plugin. -->","yoast_head_json":{"title":"Bia\u0142oruscy chuligani pi\u0142karscy gotowi na \"Majdan\" - SI\u0118 MY\u015aLI","robots":{"index":"index","follow":"follow","max-snippet":"max-snippet:-1","max-image-preview":"max-image-preview:large","max-video-preview":"max-video-preview:-1"},"canonical":"https:\/\/siemysli-ke.info\/en\/bialoruscy-pilkarscy-chuligani-gotowi-na-majdan\/","og_locale":"en_US","og_type":"article","og_title":"Bia\u0142oruscy chuligani pi\u0142karscy gotowi na \"Majdan\" - SI\u0118 MY\u015aLI","og_description":"Prezydent \u0141ukaszenka ma problem. Wirus \u201cMajdanu\u201d przeni\u00f3s\u0142 si\u0119 z Ukrainy na Bia\u0142oru\u015b &#8211; a konkretniej przeni\u00f3s\u0142 si\u0119 na tamtejsze stadiony.","og_url":"https:\/\/siemysli-ke.info\/en\/bialoruscy-pilkarscy-chuligani-gotowi-na-majdan\/","og_site_name":"SI\u0118 MY\u015aLI","article_published_time":"2015-02-07T21:13:22+00:00","article_modified_time":"2015-02-08T22:52:14+00:00","og_image":[{"width":640,"height":480,"url":"https:\/\/siemysli-ke.info\/wp-content\/uploads\/2015\/02\/VJz9z.jpg","type":"image\/jpeg"}],"author":"Jaromir","twitter_misc":{"Written by":"Jaromir","Est. reading time":"5 minutes"},"schema":{"@context":"https:\/\/schema.org","@graph":[{"@type":"Article","@id":"https:\/\/siemysli-ke.info\/en\/bialoruscy-pilkarscy-chuligani-gotowi-na-majdan\/#article","isPartOf":{"@id":"https:\/\/siemysli-ke.info\/en\/bialoruscy-pilkarscy-chuligani-gotowi-na-majdan\/"},"author":{"name":"Jaromir","@id":"https:\/\/siemysli-ke.info\/#\/schema\/person\/66d741fa745a44f2fe46d112bc6499f2"},"headline":"Bia\u0142oruscy chuligani pi\u0142karscy gotowi na &#8220;Majdan&#8221;","datePublished":"2015-02-07T21:13:22+00:00","dateModified":"2015-02-08T22:52:14+00:00","mainEntityOfPage":{"@id":"https:\/\/siemysli-ke.info\/en\/bialoruscy-pilkarscy-chuligani-gotowi-na-majdan\/"},"wordCount":1078,"commentCount":0,"publisher":{"@id":"https:\/\/siemysli-ke.info\/#organization"},"image":{"@id":"https:\/\/siemysli-ke.info\/en\/bialoruscy-pilkarscy-chuligani-gotowi-na-majdan\/#primaryimage"},"thumbnailUrl":"https:\/\/siemysli-ke.info\/wp-content\/uploads\/2015\/02\/VJz9z.jpg","keywords":["Batalion Ajdar","batalion Azow","BATE Borisow","Bia\u0142oru\u015b hooligans","Bia\u0142oruski Front Narodowy","breaking","Donbass","DYNAMO Mie\u0144sk","George Soros","headline","Prawy Sektor","Roman Boryczko","Sokira Peruna","zwyci\u0119stwo pod Orsz\u0105"],"articleSection":["Gospodarka i polityka","Kultura"],"inLanguage":"en-US","potentialAction":[{"@type":"CommentAction","name":"Comment","target":["https:\/\/siemysli-ke.info\/en\/bialoruscy-pilkarscy-chuligani-gotowi-na-majdan\/#respond"]}]},{"@type":"WebPage","@id":"https:\/\/siemysli-ke.info\/en\/bialoruscy-pilkarscy-chuligani-gotowi-na-majdan\/","url":"https:\/\/siemysli-ke.info\/en\/bialoruscy-pilkarscy-chuligani-gotowi-na-majdan\/","name":"Bia\u0142oruscy chuligani pi\u0142karscy gotowi na \"Majdan\" - SI\u0118 MY\u015aLI","isPartOf":{"@id":"https:\/\/siemysli-ke.info\/en\/#website"},"primaryImageOfPage":{"@id":"https:\/\/siemysli-ke.info\/en\/bialoruscy-pilkarscy-chuligani-gotowi-na-majdan\/#primaryimage"},"image":{"@id":"https:\/\/siemysli-ke.info\/en\/bialoruscy-pilkarscy-chuligani-gotowi-na-majdan\/#primaryimage"},"thumbnailUrl":"https:\/\/siemysli-ke.info\/wp-content\/uploads\/2015\/02\/VJz9z.jpg","datePublished":"2015-02-07T21:13:22+00:00","dateModified":"2015-02-08T22:52:14+00:00","breadcrumb":{"@id":"https:\/\/siemysli-ke.info\/en\/bialoruscy-pilkarscy-chuligani-gotowi-na-majdan\/#breadcrumb"},"inLanguage":"en-US","potentialAction":[{"@type":"ReadAction","target":[["https:\/\/siemysli-ke.info\/en\/bialoruscy-pilkarscy-chuligani-gotowi-na-majdan\/"]]}]},{"@type":"ImageObject","inLanguage":"en-US","@id":"https:\/\/siemysli-ke.info\/en\/bialoruscy-pilkarscy-chuligani-gotowi-na-majdan\/#primaryimage","url":"https:\/\/siemysli-ke.info\/wp-content\/uploads\/2015\/02\/VJz9z.jpg","contentUrl":"https:\/\/siemysli-ke.info\/wp-content\/uploads\/2015\/02\/VJz9z.jpg","width":640,"height":480},{"@type":"BreadcrumbList","@id":"https:\/\/siemysli-ke.info\/en\/bialoruscy-pilkarscy-chuligani-gotowi-na-majdan\/#breadcrumb","itemListElement":[{"@type":"ListItem","position":1,"name":"Home","item":"https:\/\/siemysli-ke.info\/en\/"},{"@type":"ListItem","position":2,"name":"Bia\u0142oruscy chuligani pi\u0142karscy gotowi na &#8220;Majdan&#8221;"}]},{"@type":"WebSite","@id":"https:\/\/siemysli-ke.info\/en\/#website","url":"https:\/\/siemysli-ke.info\/en\/","name":"SI\u0118 MY\u015aLI","description":"","publisher":{"@id":"https:\/\/siemysli-ke.info\/en\/#organization"},"potentialAction":[{"@type":"SearchAction","target":{"@type":"EntryPoint","urlTemplate":"https:\/\/siemysli-ke.info\/en\/?s={search_term_string}"},"query-input":{"@type":"PropertyValueSpecification","valueRequired":true,"valueName":"search_term_string"}}],"inLanguage":"en-US"},{"@type":"Organization","@id":"https:\/\/siemysli-ke.info\/en\/#organization","name":"SI\u0118 MY\u015aLI","url":"https:\/\/siemysli-ke.info\/en\/","logo":{"@type":"ImageObject","inLanguage":"en-US","@id":"https:\/\/siemysli-ke.info\/en\/#\/schema\/logo\/image\/","url":"https:\/\/siemysli-ke.info\/wp-content\/uploads\/2025\/05\/99.png","contentUrl":"https:\/\/siemysli-ke.info\/wp-content\/uploads\/2025\/05\/99.png","width":270,"height":204,"caption":"SI\u0118 MY\u015aLI"},"image":{"@id":"https:\/\/siemysli-ke.info\/en\/#\/schema\/logo\/image\/"}},{"@type":"Person","@id":"https:\/\/siemysli-ke.info\/#\/schema\/person\/66d741fa745a44f2fe46d112bc6499f2","name":"Jaromir","image":{"@type":"ImageObject","inLanguage":"en-US","@id":"https:\/\/siemysli-ke.info\/en\/#\/schema\/person\/image\/","url":"https:\/\/secure.gravatar.com\/avatar\/fe881559e8ac8dda20293e9e8317d4678c6ad8f65f85a9ce5e1a87cee56b6198?s=96&d=mm&r=g","contentUrl":"https:\/\/secure.gravatar.com\/avatar\/fe881559e8ac8dda20293e9e8317d4678c6ad8f65f85a9ce5e1a87cee56b6198?s=96&d=mm&r=g","caption":"Jaromir"},"url":"https:\/\/siemysli-ke.info\/en\/author\/jaromir\/"}]}},"_links":{"self":[{"href":"https:\/\/siemysli-ke.info\/en\/wp-json\/wp\/v2\/posts\/14869","targetHints":{"allow":["GET"]}}],"collection":[{"href":"https:\/\/siemysli-ke.info\/en\/wp-json\/wp\/v2\/posts"}],"about":[{"href":"https:\/\/siemysli-ke.info\/en\/wp-json\/wp\/v2\/types\/post"}],"author":[{"embeddable":true,"href":"https:\/\/siemysli-ke.info\/en\/wp-json\/wp\/v2\/users\/7"}],"replies":[{"embeddable":true,"href":"https:\/\/siemysli-ke.info\/en\/wp-json\/wp\/v2\/comments?post=14869"}],"version-history":[{"count":0,"href":"https:\/\/siemysli-ke.info\/en\/wp-json\/wp\/v2\/posts\/14869\/revisions"}],"wp:featuredmedia":[{"embeddable":true,"href":"https:\/\/siemysli-ke.info\/en\/wp-json\/wp\/v2\/media\/14872"}],"wp:attachment":[{"href":"https:\/\/siemysli-ke.info\/en\/wp-json\/wp\/v2\/media?parent=14869"}],"wp:term":[{"taxonomy":"category","embeddable":true,"href":"https:\/\/siemysli-ke.info\/en\/wp-json\/wp\/v2\/categories?post=14869"},{"taxonomy":"post_tag","embeddable":true,"href":"https:\/\/siemysli-ke.info\/en\/wp-json\/wp\/v2\/tags?post=14869"}],"curies":[{"name":"wp","href":"https:\/\/api.w.org\/{rel}","templated":true}]}}