 {"id":14818,"date":"2015-02-02T17:37:44","date_gmt":"2015-02-02T16:37:44","guid":{"rendered":"http:\/\/www.siemysli.info.ke\/?p=14818"},"modified":"2015-02-03T15:28:39","modified_gmt":"2015-02-03T14:28:39","slug":"piekielny-plon-baltyckich-zniw-ad-1945-komandora-marinesko","status":"publish","type":"post","link":"https:\/\/siemysli-ke.info\/en\/piekielny-plon-baltyckich-zniw-ad-1945-komandora-marinesko\/","title":{"rendered":"Piekielny plon \u201eba\u0142tyckich \u017cniw\u201d AD 1945 komandora Marinesko"},"content":{"rendered":"<p style=\"text-align: right;\"><a href=\"http:\/\/www.siemysli.info.ke\/wp-content\/uploads\/2015\/02\/Wydany-w-Italii-film-nt.-wraka-i-ba\u0142tyckiej-tragedii.jpg\" rel=\"lightbox[14818]\"><img decoding=\"async\" class=\"alignleft size-full wp-image-14819\" src=\"http:\/\/www.siemysli.info.ke\/wp-content\/uploads\/2015\/02\/Wydany-w-Italii-film-nt.-wraka-i-ba\u0142tyckiej-tragedii.jpg\" alt=\"Wydany w Italii film nt. wraka i ba\u0142tyckiej tragedii\" width=\"210\" height=\"300\" \/><\/a>\u00a0\u201ePiekielnemu \u017cniwiarzowi\u201d Marinesko \u2013<\/p>\n<p style=\"text-align: right;\">na pohybel,<\/p>\n<p style=\"text-align: right;\">ofiarom <em>Wilhelma Gustloffa<\/em> \u2013<\/p>\n<p style=\"text-align: right;\">wieczna pami\u0119\u0107 w 70-lecie tragedii\u2026<\/p>\n<p style=\"text-align: justify;\"><strong>Kim by\u0142 i co uczyni\u0142 komandor Marinesko<\/strong><strong>\u00a0<\/strong><\/p>\n<p style=\"text-align: justify;\">Aleksander Iwanowicz Marinesko (1913 \u2013 1963). Urodzi\u0142 si\u0119 w Odessie z matki Ukrainki i ojca Rumuna. W 1933 r. uko\u0144czy\u0142 technikum morskie i zacz\u0105\u0142 p\u0142ywa\u0107 jako III i II oficer na parowcach. W listopadzie 1933 roku zosta\u0142 powo\u0142any do radzieckiej marynarki wojennej i po uko\u0144czeniu kursu p\u0142ywa\u0142 jako nawigator na okr\u0119cie podwodnym Floty Ba\u0142tyckiej. Nast\u0119pnie s\u0142u\u017cy\u0142 jako zast\u0119pca dow\u00f3dcy okr\u0119tu podwodnego D-1 (<em>Dekabrist<\/em>), po czym, w 1940 r. zosta\u0142 dow\u00f3dc\u0105 ma\u0142ego okr\u0119tu podwodnego M-96 serii XII (za najlepsze wyniki w szkoleniu) i zosta\u0142 awansowany na kapitana-lejtnanta i nagrodzony z\u0142otym zegarkiem (!!!) Po rozpocz\u0119ciu wojny niemiecko-radzieckiej p\u0142ywa\u0142 bojowo, jako dow\u00f3dca M-96 i uczestniczy\u0142 w patrolach bojowych na Ba\u0142tyku, za\u015b 14. sierpnia 1942 r. zatopi\u0142 niemieck\u0105, ci\u0119\u017ck\u0105 bark\u0119 artyleryjsk\u0105 SAT-4 <em>Helene<\/em>, za co zosta\u0142 odznaczony Orderem Lenina. Pomimo \u201eproblem\u00f3w z dyscyplin\u0105\u201d, czyli nadu\u017cywaniem alkoholu, pod koniec roku 1942 r. Marinesko zosta\u0142 awansowany na komandora podporucznika. Za dalsze pija\u0144stwa i kontakty seksualne z Fink\u0105, a wi\u0119c \u201ewrogiem\u201d pa\u0144stwa sowieckiego Marinesko mia\u0142 by\u0107 oddany pod s\u0105d wojenny. Mia\u0142 jednak szcz\u0119\u015bcie, a wiele tysi\u0119cy cywilnych Niemc\u00f3w straszne nieszcz\u0119\u015bcie, bowiem przed postawieniem pod s\u0105d prze\u0142o\u017ceni zezwolili mu \u201eodkupi\u0107 winy\u201d i \u201ewykaza\u0107 si\u0119 w walce\u201d. W dniu 11. stycznia 1945 roku Marinesko wyszed\u0142 na sw\u00f3j pi\u0105ty patrol bojowy na okr\u0119cie podwodnym S-13, kt\u00f3ry to uczyni\u0142 go \u201enajs\u0142ynniejszym\u201d z radzieckich podwodniak\u00f3w. Noc\u0105 30. stycznia 1945 r. na kraw\u0119dzi \u0141awicy S\u0142upskiej jego S-13 zaatakowa\u0142 i storpedowa\u0142 na p\u00f3\u0142noc od \u0141eby najwi\u0119kszy (tak\u017ce na \u015bwiecie) transportowiec niemiecki &#8211; \u00a0MS <em>Wilhelm Gustloff<\/em> , jak si\u0119 okaza\u0142o, wywo\u017c\u0105cy rannych kadet\u00f3w oraz uchod\u017ac\u00f3w niemieckich z Prus Wschodnich.<\/p>\n<p style=\"text-align: center;\"><a href=\"http:\/\/www.siemysli.info.ke\/wp-content\/uploads\/2015\/02\/Ss-General-von-Steuben.jpg\" rel=\"lightbox[14818]\"><img decoding=\"async\" class=\"aligncenter size-medium wp-image-14827\" src=\"http:\/\/www.siemysli.info.ke\/wp-content\/uploads\/2015\/02\/Ss-General-von-Steuben-300x141.jpg\" alt=\"Ss General von Steuben\" width=\"300\" height=\"141\" srcset=\"https:\/\/siemysli-ke.info\/wp-content\/uploads\/2015\/02\/Ss-General-von-Steuben-300x141.jpg 300w, https:\/\/siemysli-ke.info\/wp-content\/uploads\/2015\/02\/Ss-General-von-Steuben.jpg 600w\" sizes=\"(max-width: 300px) 100vw, 300px\" \/><\/a><\/p>\n<p style=\"text-align: center;\">S\/s <em>General von Steuben<\/em><\/p>\n<p style=\"text-align: justify;\">Wraz z id\u0105cym na dnoi transportowcem uton\u0119\u0142o, wed\u0142ug r\u00f3\u017cnych szacunk\u00f3w, od 9000 do 10000 niemieckich cywil\u00f3w, marynarzy i \u017co\u0142nierzy, przez co jego zatopienie sta\u0142o si\u0119 najbardziej tragiczn\u0105, najwi\u0119ksz\u0105 katastrof\u0105 w dziejach \u017ceglugi (dla por\u00f3wnania na legendarnym RMS \u201eTitanic\u201d uleg\u0142o zatopieniu ok. 1500 ludzi na\u0144 podr\u00f3\u017cuj\u0105cych i za\u0142ogi). Nie do\u015b\u0107 tego. W dniu 10. lutego 1945 dowodzony przez Marinesko S-13 storpedowa\u0142 i zatopi\u0142 u polskich wybrze\u017cy transportowiec SS <em>General von Steuben<\/em>, na kt\u00f3rym zgin\u0119\u0142o w lodowatej wodzie ok. 4000 Niemc\u00f3w &#8211; prawie po\u0142ow\u0119 z nich stanowili ranni \u017co\u0142nierze. Dzi\u0119ki temu Marinesko zatopi\u0142 statki o najwi\u0119kszym \u0142\u0105cznym tona\u017cu spo\u015br\u00f3d wszystkich radzieckich podwodniak\u00f3w \u2013 42 557 BRT.<\/p>\n<p style=\"text-align: center;\"><a href=\"http:\/\/www.siemysli.info.ke\/wp-content\/uploads\/2015\/02\/Komandor-Marinesko.jpg\" rel=\"lightbox[14818]\"><img decoding=\"async\" class=\"aligncenter size-full wp-image-14820\" src=\"http:\/\/www.siemysli.info.ke\/wp-content\/uploads\/2015\/02\/Komandor-Marinesko.jpg\" alt=\"Komandor Marinesko\" width=\"175\" height=\"240\" \/><\/a><\/p>\n<p style=\"text-align: center;\">Komandor Marinesko<\/p>\n<p style=\"text-align: justify;\">A jednak Marinesko po powrocie nie otrzyma\u0142 tytu\u0142u Bohatera Zwi\u0105zku Radzieckiego, lecz \u201ejedynie\u201d Order Czerwonego Sztandaru. Zosta\u0142 jednak \u201enie doceniony\u201d i pomimo \u201ezas\u0142ug w niszczeniu faszyst\u00f3w\u201d &#8211; rozkazem ministra marynarki wojennej Niko\u0142aja Kuzniecowa z 13. wrze\u015bnia 1945 roku \u201eza lekcewa\u017cenie obowi\u0105zk\u00f3w, systematyczne pija\u0144stwo i rozwi\u0105z\u0142o\u015b\u0107 obyczajow\u0105\u201d komandora Marinesko odsuni\u0119to od s\u0142u\u017cby na okr\u0119tach podwodnych i zdegradowano do rangi starszego lejtnanta. P\u0142ywa\u0142 potem na statkach floty ba\u0142tyckiej, a za z\u0142odziejstwo trafi\u0142 na \u201ereedukacj\u0119\u201d do obozu na Ko\u0142ymie. Zmar\u0142 w Leningradzie w 1963 r. Do 1990 r. w\u0142adze sowieckie milcza\u0142y na temat zatopienia MS <em>Wilhelm Gustloff<\/em> i autora tego \u201eosi\u0105gni\u0119cia militarnego\u201d. Jednak 27 lat po \u015bmierci, 5. maja 1990 Marinesko po\u015bmiertnie otrzyma\u0142 tytu\u0142 Bohatera Zwi\u0105zku Radzieckiego. Jego imieniem nazwano muzeum \u0142odzi podwodnych w Petersburgu. Jego pomniki powsta\u0142y w Kaliningradzie, Kronsztadzie i Odessie. Takie s\u0105 losy, \u201ezas\u0142ugi i s\u0142awa\u201d radzieckiego podwodniaka, kt\u00f3ry zabi\u0142 najwi\u0119ksz\u0105 ilo\u015b\u0107 cywili, zgotowawszy im okrutn\u0105 \u015bmier\u0107 w lodowatej wodzie zimowego Ba\u0142tyku\u2026<\/p>\n<p style=\"text-align: justify;\"><strong>Zbrodnia(e) ukrywana nie tylko w Zwi\u0105zku Radzieckim&#8230;<\/strong><strong>\u00a0<\/strong><\/p>\n<p style=\"text-align: justify;\">Pi\u0119\u0107dziesi\u0105t siedem lat musia\u0142o min\u0105\u0107, \u017ceby Niemcy mogli dowiedzie\u0107 si\u0119 oficjalnie o zatajanej do tej pory prawdzie, dotycz\u0105cej najwi\u0119kszej morskiej tragedii, jak\u0105 by\u0142o storpedowanie przez radzieck\u0105 \u0142\u00f3d\u017a podwodn\u0105, dowodzon\u0105 przez komandora Marinesko, najwi\u0119kszego w\u00f3wczas na \u015bwiecie statku &#8211; <em>Wilhelm Gustloff<\/em> z 11.000 tysi\u0105cami uchod\u017ac\u00f3w na pok\u0142adzie, z czego mro\u017ane odm\u0119ty morskie poch\u0142on\u0119\u0142y ok. 10.000. Prawid\u0142owe okre\u015blenie dla takiego stanu rzeczy &#8211; niemoralno\u015bci post\u0119powania &#8211; powinno by\u0107 nazwane \u201eu\u015bmiercaniem prawdy\u201d. Jest to adekwatne do pod\u0142o\u015bci i cynizmu owego zatajenia, podobnie jak sprawy si\u0119 mia\u0142y ze Zbrodni\u0105 Katy\u0144sk\u0105, kt\u00f3r\u0105 w 1945 r. w Norymberdze \u201ededykowano\u201d Niemcom, a w 1989 r. spraw\u0119 odk\u0142ama\u0142 autor <em>Pierestrojki<\/em> \u2013 Gorbaczow. Warty odnotowanie jest tak\u017ce smutny fakt, i\u017c przez d\u0142ugie lata oficjalnego milczenia nie znalaz\u0142 si\u0119 cho\u0107by jeden odwa\u017cny, a licz\u0105cy si\u0119, uznany na arenie mi\u0119dzynarodowej pisarz, kt\u00f3ry to tragiczne wydarzenie w artystycznej formie przedstawi\u0142by \u015bwiatu i Niemcom oraz zak\u0142amanym obywatelom ZSRR. Wiele zwyczajnych mord\u00f3w, dokonanych na niemieckich cywilach przez\u00a0 \u201eAliant\u00f3w\u201d, w czasie i po wojnie, by\u0142o cynicznie ukrywanych w RFN i NRD (w drugim przypadku &#8211; ideologicznie oczywiste). Takim przyk\u0142adem k\u0142amliwego eufemizmu jest nazywanie przegranej wojny, \u201ewyzwoleniem niemieckiego narodu z hitlerowskiej dyktatury\u201d przez \u201enaszych alianckich przyjaci\u00f3\u0142\u201d. Nale\u017cy pami\u0119ta\u0107, \u017ce w owym \u201ewyzwalaniu\u201d wykazali tyle \u201eideologicznej czujno\u015bci\u201d, i\u017c z zimn\u0105 krwi\u0105, z okrucie\u0144stwem &#8211; nieraz dor\u00f3wnuj\u0105cym postawie nazist\u00f3w &#8211; zabili z rozmys\u0142em ok. 12 milion\u00f3w Niemc\u00f3w, tak\u2026<\/p>\n<p style=\"text-align: justify;\">Jak do tego dosz\u0142o? &#8211; W wi\u0119kszo\u015bci przypadk\u00f3w w postaci masowych morderstw na osobach cywilnych i je\u0144cach, gwa\u0142t\u00f3w i wysiedle\u0144. Znany jest fakt, \u017ce radzieccy so\u0142daci w Berlinie <strong>oblewali benzyn\u0105 i podpalali \u017cywcem<\/strong>jegomieszka\u0144c\u00f3w, za\u015b w Gda\u0144sku zgwa\u0142cili ok. 50 tys. gda\u0144szczanek (dane niepe\u0142ne). Trzeba z naciskiem podkre\u015bli\u0107, \u017ce masowe gwa\u0142ty na cywilnych Niemkach, to nie samowola \u017co\u0142nierska, a realizacja wytycznych ideologicznych Stalina, wyra\u017cona ustami Ilji Erenburga, jego wiernego propagandzisty, a nawo\u0142uj\u0105cego radzieckich \u017co\u0142nierzy do tego, aby \u201ez\u0142ama\u0107 dum\u0119 kobiet niemieckich\u201d. Ten \u0142otrowski apel publikowany by\u0142 w czerwonej prasie i rozrzucony w formie ulotek na Froncie Wschodnim.<\/p>\n<p style=\"text-align: center;\"><a href=\"http:\/\/www.siemysli.info.ke\/wp-content\/uploads\/2015\/02\/Ehrenberg.jpeg\" rel=\"lightbox[14818]\"><img decoding=\"async\" class=\"aligncenter size-medium wp-image-14831\" src=\"http:\/\/www.siemysli.info.ke\/wp-content\/uploads\/2015\/02\/Ehrenberg-250x300.jpeg\" alt=\"Ehrenberg\" width=\"250\" height=\"300\" srcset=\"https:\/\/siemysli-ke.info\/wp-content\/uploads\/2015\/02\/Ehrenberg-250x300.jpeg 250w, https:\/\/siemysli-ke.info\/wp-content\/uploads\/2015\/02\/Ehrenberg.jpeg 436w\" sizes=\"(max-width: 250px) 100vw, 250px\" \/><\/a><\/p>\n<p style=\"text-align: center;\">Ilia Ehrenberg, ps. Erenburg<\/p>\n<p style=\"text-align: justify;\">Zachodni Alianci za\u015b obr\u00f3cili w gruzy i py\u0142 oko\u0142o 100 miast niemieckich (!!!), zabijaj\u0105c \u201eprzy okazji\u201d setki tysi\u0119cy cywil\u00f3w. Podczas bombardowania zupe\u0142nie pozbawionego przemys\u0142u Drezna w lutym 1945 r., kiedy samoloty alianckie zrzuci\u0142y na miasto bomby zapalaj\u0105ce, fosforowe i termitowe, spalaj\u0105c nie tylko ludzi w zawrotnej liczbie ponad 200 tys. ofiar (wi\u0119cej ni\u017c w Hiroshimie i Nagasaki razem wzi\u0119tych!!!), ale te\u017c obracaj\u0105c w popi\u00f3\u0142 mury, ceg\u0142y i kamienie! R\u00f3wnie\u017c autorstwa Amerykan\u00f3w jest\u00a0 zag\u0142odzenie na \u015bmier\u0107 na prze\u0142omie 1945\/1946 ok. miliona hitlerowskich je\u0144c\u00f3w, umieszczonych uprzednio w poniemieckich obozach \u015bmierci. W obliczu tak karygodnych, nikczemnych zbrodni, zdumiewa fakt \u201ekompletnego braku charakteru\u201d u powojennych \u201eelit\u201d politycznych Niemiec, rz\u0105dz\u0105cych \u201ez \u0142aski\u201d i za pozwoleniem zwyci\u0119zc\u00f3w, czyli Aliant\u00f3w. Jest to przera\u017caj\u0105ce i niepoj\u0119te, bowiem dzia\u0142o si\u0119 to w \u201ewolnym kraju\u201d, a nie totalitarnym Zwi\u0105zku Radzieckim, gdzie fa\u0142szowanie historii i dezinformacja spo\u0142eczna by\u0142y na porz\u0105dku dziennym. I dlatego nie ma ten stan rzeczy odpowiednika w znanej historii \u201ewolnego \u015bwiata\u201d\u2026<\/p>\n<p style=\"text-align: justify;\"><strong>Mi\u0119dzynarodowy klimat, sprzyjaj\u0105cy zbrodniom i k\u0142amstwom<\/strong><strong>\u00a0<\/strong><\/p>\n<p style=\"text-align: justify;\">Nie tylko ludzie radzieccy, inspirowani przez ich \u201eS\u0142oneczko pokoju\u201d, Stalina, drugiego po Mao Zedongu ideologicznego, potwornego mordercy, sprawcy ponad 60 mln. ofiar eksterminacji ideologicznej po\u015br\u00f3d wszystkich narod\u00f3w Zwi\u0105zku Radzieckiego (Mao unicestwi\u0142 prawdopodobnie ok. 120 mln. Chi\u0144czyk\u00f3w!!!), ale tak\u017ce zachodni Alianci zapisali sw\u0105 \u201eczarn\u0105 kart\u0119\u201d w \u015bwiatowej <em>Ksi\u0119dze Ludob\u00f3jstwa<\/em>. Mieli tak\u017ce inspirator\u00f3w tego haniebnego post\u0119powania, rzekomo tylko odwetowego. Taka moralna zapa\u015b\u0107, czy po porostu degrengolada niby \u201edobrych ludzi\u201d, polityk\u00f3w i historyk\u00f3w, moralnie zobowi\u0105zanych do obiektywizmu i postawy humanitarnej, jest nie do poj\u0119cia w cywilizowanym \u015bwiecie i jest oczywistym dowodem, \u017ce takie okre\u015blenie programu dzia\u0142ania wobec pokonanych w II wojnie \u015bwiatowej nie jest kar\u0105 wobec nazist\u00f3w, ale \u015bwiadomym planowaniem eksterminacji narodu niemieckiego. Takie planowanie i dzia\u0142anie by\u0142o jednak \u201eoczywisto\u015bci\u0105\u201d w \u201eodwetowej\u201d strategii Aliant\u00f3w. W USA i ZSRR opracowano wiele plan\u00f3w \u201ewymazania\u201d Niemiec i niemieckiego narodu z europejskiego kontynentu. Ludzie radzieccy swych plan\u00f3w nie ujawniali, ale dzia\u0142ali tak, \u017ce wszem i wobec by\u0142o wiadome, \u017ce nie walcz\u0105 z Niemcami, ale eksterminuj\u0105 &#8211; w odwecie rzecz jasna &#8211; nar\u00f3d niemiecki. Amerykanie przygotowali i cz\u0119\u015bciowo wprowadzili w \u017cycie dwie takie akcje, czyli plan \u201eGermany Must Perish\u201d (Niemcy musz\u0105 by\u0107 zniszczone), autorstwa Theodore N. Kaufmana i tzw. \u201eMorgenthauplan\u201d, opracowany przez ministra finans\u00f3w Henry Morgenthaua jr, w obu przypadkach politycznych doradc\u00f3w ameryka\u0144skiego prezydenta Roosevelta. Oba te plany charakteryzowa\u0142y si\u0119 chorobliw\u0105 nienawi\u015bci\u0105 do Niemc\u00f3w, granicz\u0105c\u0105 wprost z umys\u0142owym fanatyzmem ich tw\u00f3rc\u00f3w.<\/p>\n<p style=\"text-align: center;\"><a href=\"http:\/\/www.siemysli.info.ke\/wp-content\/uploads\/2015\/02\/Germany_Must_Perish.jpg\" rel=\"lightbox[14818]\"><img decoding=\"async\" class=\"aligncenter size-full wp-image-14832\" src=\"http:\/\/www.siemysli.info.ke\/wp-content\/uploads\/2015\/02\/Germany_Must_Perish.jpg\" alt=\"Germany_Must_Perish\" width=\"200\" height=\"283\" \/><\/a><\/p>\n<p style=\"text-align: justify;\">Dla jasno\u015bci wiedzy o \u201est\u0119\u017ceniu nienawi\u015bci\u201d w oby tekstach, b\u0119dzie zacytowany tu fragment, niewielki, ale charakterystyczny urywek oryginalnego tekstu Kaufmana: <em>Ta wojna nie jest wojn\u0105 przeciw Hitlerowi. Nie jest te\u017c prowadzona przeciwko Nazistom. Dla Niemiec istnieje\u00a0tylko jedna kara: Niemcy trzeba zniszczy\u0107 raz na zawsze! Musz\u0105 umrze\u0107! I to w rzeczywisto\u015bci! Nie tylko w wyobra\u017ani! (&#8230;) Nie istnieje \u017cadna droga po\u015brednia, \u017caden kompromis, \u017cadne wyr\u00f3wnanie: Niemcy musz\u0105 umrze\u0107 i na zawsze znikn\u0105\u0107 z powierzchni ziemi! Ludno\u015b\u0107 Niemiec wynosi 80 milion\u00f3w, kt\u00f3ra rozk\u0142ada si\u0119 r\u00f3wno na obie p\u0142cie. \u017beby wyniszczy\u0107 Niemc\u00f3w trzeba oko\u0142o 48 milion\u00f3w z nich wysterylizowa\u0107 (&#8230;)<\/em><em>.<\/em><\/p>\n<p style=\"text-align: justify;\">Pozostawiam to bez komentarza.<\/p>\n<p style=\"text-align: justify;\"><strong>G\u0142os sprzeciwy wobec \u015bwiadomych i bezkarnych zbrodni Aliant\u00f3w<\/strong><strong>\u00a0<\/strong><\/p>\n<p style=\"text-align: justify;\">Na pocz\u0105tku lat 50. XX w. znany i ceniony ameryka\u0144ski historyk, Harry E. Barnes pisa\u0142: <em>Ta niemiecka \u015bwiadomo\u015b\u0107 w\u0142asnej odpowiedzialno\u015bci za wywo\u0142anie wojny, stanowi wr\u0119cz nie do poj\u0119cia przypadek bezprzyk\u0142adnej manii obwiniania siebie, zupe\u0142nie nieznanej w historii ludzko\u015bci. Ja w ka\u017cdym b\u0105d\u017a razie nie znam podobnego w historii przypadku, i\u017cby jaki\u015b nar\u00f3d z tak\u0105 wariack\u0105 mani\u0105 przej\u0105\u0142 na siebie zaciemnion\u0105 win\u0119 tego politycznego przest\u0119pstwa, kt\u00f3rego nie pope\u0142ni\u0142, nie uwzgl\u0119dniaj\u0105c przest\u0119pstw innych i przejmuj\u0105c ca\u0142\u0105 win\u0119 za wybuch II wojny \u015bwiatowej na swoje barki. <\/em><em>(Harry Barnes, \u201cPerpetual War for perpetual Peace\u2026\u201d, <\/em><em>Idaho 1953 r.).<\/em><\/p>\n<p style=\"text-align: justify;\"><em>Ten sam historyk pot\u0119pi\u0142 ameryka\u0144ski atak nuklearny na miasto Hiroshima, jako nie maj\u0105cy \u017cadnego strategicznego znaczenia, nie m\u00f3wi\u0105c o jego moralnie odra\u017caj\u0105cym charakterze. Opublikowa\u0142 <\/em><em>w pi\u015bmie <\/em>\u201cNational Review\u201d, 10. maja 1958 r. tekst \u201eHiroshima: Assault on a Beaten Foe?\u201d, gdzie pisa\u0142<em>: <\/em><em>W styczniu 1945 Japo\u0144czycy doszli do przekonania, \u017ce wojna jest przegrana i czynili wysi\u0142ki, aby zawrze\u0107 pok\u00f3j. Ich pokojowe propozycje sz\u0142y tak daleko, \u017ce by\u0142y niemal identyczne z warunkami, zaakceptowanymi przez nich w sierpniu, po wielomiesi\u0119cznych krwawych walkach na Pacyfiku i po zrzuceniu bomb atomowych na Hiroshim\u0119 i Nagasaki. Dlatego mo\u017cna m\u00f3wi\u0107 z bardzo wysokim prawdopodobie\u0144stwem o mo\u017cliwo\u015bci dobrowolnej kapitulacji Japonii ju\u017c w lutym albo najdalej w pocz\u0105tku marca. Takie wie\u015bci otrzyma\u0142 prezydent USA od gen. MacArthura. Roosevelt zignorowa\u0142 rady genera\u0142a i wyrzuci\u0142 do kosza przekazane przez niego informacje. Jego komentarz do ca\u0142ej sprawy brzmia\u0142: \u201eMacArthur jest naszym najwi\u0119kszym genera\u0142em i naszym najbardziej kiepskim politykiem\u201d. Pojecha\u0142 do Ja\u0142ty, gdzie poszed\u0142 na ust\u0119pstwa wobec Stalina, kt\u00f3re pozwoli\u0142y sta\u0107 si\u0119 Zwi\u0105zkowi Radzieckiemu dominuj\u0105c\u0105 pot\u0119g\u0105 na Dalekim Wschodzie i odegra\u0107 kluczow\u0105 rol\u0119 w p\u00f3\u017aniejszym zwyci\u0119stwie komunist\u00f3w w Chinach. Dopu\u015bci\u0142 do tego, \u017ce krwawa wojna na Pacyfiku przed\u0142u\u017cy\u0142a si\u0119 bez \u017cadnej wojskowej konieczno\u015bci o dalsze sze\u015b\u0107 miesi\u0119cy<\/em>. To tak dla zobrazowania i\u015bcie psychopatycznej zawzi\u0119to\u015bci Amerykan\u00f3w i ich s\u0142u\u017calczo\u015bci wobec bardziej jeszcze wyrafinowanego psychopatycznie i potwornie, niepor\u00f3wnywalnie z niczym okrutnego \u2013 Stalina.<\/p>\n<p style=\"text-align: justify;\"><strong>S\u0142\u00f3w par\u0119 o historii MS <em>Wilhelm Gustloff<\/em><\/strong><strong><em>\u00a0<\/em><\/strong><\/p>\n<p style=\"text-align: center;\"><a href=\"http:\/\/www.siemysli.info.ke\/wp-content\/uploads\/2015\/02\/Wodowanie-Gustloffa...1.jpg\" rel=\"lightbox[14818]\"><img decoding=\"async\" class=\"aligncenter size-medium wp-image-14822\" src=\"http:\/\/www.siemysli.info.ke\/wp-content\/uploads\/2015\/02\/Wodowanie-Gustloffa...1-300x216.jpg\" alt=\"Wodowanie Gustloffa...\" width=\"300\" height=\"216\" srcset=\"https:\/\/siemysli-ke.info\/wp-content\/uploads\/2015\/02\/Wodowanie-Gustloffa...1-300x216.jpg 300w, https:\/\/siemysli-ke.info\/wp-content\/uploads\/2015\/02\/Wodowanie-Gustloffa...1.jpg 500w\" sizes=\"(max-width: 300px) 100vw, 300px\" \/><\/a> Wodowanie <em>Gustloffa<\/em>&#8230; (Fot. www.wilhelmgustloff.com)<\/p>\n<p style=\"text-align: justify;\">Kiedy w 1937 r. zosta\u0142 zwodowany, jako pasa\u017cerski liniowiec, pot\u0119\u017cny statek <em>Wilhelm Gustloff<\/em>, nikomu nie przychodzi\u0142o do g\u0142owy, jak tragiczny b\u0119dzie jego koniec. Zapewne wyrok na tego morskiego giganta zapad\u0142, kiedy MS <em>Wilhelm Gustloff<\/em> zosta\u0142 mianowany flagowym okr\u0119tem nazistowskiej <em>Kratf dur Freude<\/em>, czyli \u201eSi\u0142y przez Rado\u015b\u0107\u201d, organizacji, kt\u00f3ra mia\u0142a na celu organizowanie masowych imprez turystycznych i sportowych dla \u201eludu pracuj\u0105cego miast i wsi\u201d. W ten to spos\u00f3b hitlerowskie w\u0142adze mog\u0142y z\u0142agodzi\u0107 ewentualne \u201eszemrania\u201d w\u015br\u00f3d niemieckich robotnik\u00f3w i ch\u0142op\u00f3w oraz brak z ich strony wiary, i\u017c narodowy socjalizm to uciele\u015bnienie \u201eRaju na Ziemi\u201d. <em>Propaganda nazistowska pia\u0142a z zachwytu, \u017ce w innych krajach tylko bogaci ludzie mog\u0105 p\u0142ywa\u0107 takimi statkami, za\u015b pod przychylnym okiem f\u00fchrera, Adolfa Hitlera nawet zwykli robotnicy mogli wybra\u0107 si\u0119 w ekskluzywnych warunkach na rejs wypoczynkowy na Morze \u015ar\u00f3dziemne<\/em>. Dla szwedzkiego historyka, Wetterholma, absolutn\u0105 nowo\u015bci\u0105 by\u0142o, i\u017c: <em>Wilhelm Gustloff mia\u0142 tylko jedn\u0105 klas\u0119. Wszyscy pasa\u017cerowie mieli takie same kajuty. Tylko dwie by\u0142y lepiej wyposa\u017cone, by\u0142y to pomieszczenia dla specjalnych go\u015bci. A ten wyj\u0105tkowy go\u015b\u0107, to w oczywi\u015bcie Adolf Hitler, kt\u00f3ry jednak nigdy nie zdecydowa\u0142 si\u0119 na rejs Gustloffem. <\/em>Ciekawostk\u0105 jest, \u017ce zbudowany w Hamburgu statek mia\u0142 najpierw nosi\u0107 imi\u0119 <em>Adolf Hitler,<\/em> ale on sam nie wyrazi\u0142 na to zgody, bowiem mia\u0142 awersj\u0119 do podr\u00f3\u017cy morskich. W zamian wybrano na patrona Wilhelma Gustloffa, m\u0119\u017ca osobistej sekretarki <em>F\u00fchrera<\/em> \u2013 nazisty, kt\u00f3ry nied\u0142ugo wcze\u015bniej zgin\u0105\u0142 w Szwajcarii z r\u0105k \u017cydowskiego studenta\u2026<\/p>\n<p style=\"text-align: center;\"><a href=\"http:\/\/www.siemysli.info.ke\/wp-content\/uploads\/2015\/02\/Reklama-Kratf-dur-Freude-z-Gustloffem-jako-zach\u0119t\u0105.jpg\" rel=\"lightbox[14818]\"><img decoding=\"async\" class=\"aligncenter size-medium wp-image-14823\" src=\"http:\/\/www.siemysli.info.ke\/wp-content\/uploads\/2015\/02\/Reklama-Kratf-dur-Freude-z-Gustloffem-jako-zach\u0119t\u0105-187x300.jpg\" alt=\"Reklama Kratf dur Freude z Gustloffem jako zach\u0119t\u0105\" width=\"187\" height=\"300\" srcset=\"https:\/\/siemysli-ke.info\/wp-content\/uploads\/2015\/02\/Reklama-Kratf-dur-Freude-z-Gustloffem-jako-zach\u0119t\u0105-187x300.jpg 187w, https:\/\/siemysli-ke.info\/wp-content\/uploads\/2015\/02\/Reklama-Kratf-dur-Freude-z-Gustloffem-jako-zach\u0119t\u0105.jpg 205w\" sizes=\"(max-width: 187px) 100vw, 187px\" \/><\/a>Reklama <em>Kratf dur Freude<\/em> z <em>Gustloffem<\/em>\u00a0jako zach\u0119t\u0105<\/p>\n<p style=\"text-align: justify;\">Dane techniczne m\/s <em>Wilhelm Gustloff<\/em><\/p>\n<p style=\"text-align: justify;\">Wodowanie: 5.05.1937 &#8211; uko\u0144czenie: 15.03.1938<\/p>\n<p style=\"text-align: justify;\">Wyporno\u015b\u0107 25.484 BRT<\/p>\n<p style=\"text-align: justify;\">D\u0142ugo\u015b\u0107 208,5 m, szeroko\u015b\u0107 23,59 m, zanurzenie 6,5 m<\/p>\n<p style=\"text-align: justify;\">4 silniki MAN, 9500 KM, 2 \u015bruby, szybko\u015b\u0107 15,5 w<\/p>\n<p style=\"text-align: justify;\">Zasi\u0119g 12000 Mm szybko\u015bci 15 w. (przy zu\u017cyciu 1580 t. oleju)<\/p>\n<p style=\"text-align: justify;\">221 kabin dwuosobowych i 239 czteroosobowych<\/p>\n<p style=\"text-align: justify;\">Sw\u00f3j chrzest bojowy przeszed\u0142 pasa\u017cerski gigant w 1939 r., kiedy to wraz z innymi okr\u0119tami bra\u0142 udzia\u0142 w akcji transportowania niemieckich \u017co\u0142nierzy &#8211; posi\u0142k\u00f3w dla gen. Franco w wojnie domowej w Hiszpanii. Po 1. wrze\u015bnia, <em>Wilhelm Gustloff<\/em> wykorzystany by\u0142 do ewakuacji z Gda\u0144ska niemieckich \u017co\u0142nierzy, rannych w walkach z Polakami w czasie <em>Wojny Obronnej 1939<\/em> (nie <em>Kampanii Wrze\u015bniowej<\/em>, co umniejsza rang\u0119 militarnego wydarzenia). Potem d\u0142ugo sta\u0142 bezczynnie, bo nie mia\u0142 zada\u0144 na Ba\u0142tyku\u2026<\/p>\n<p style=\"text-align: justify;\"><a href=\"http:\/\/www.siemysli.info.ke\/wp-content\/uploads\/2015\/02\/Gustloff-jako-lazaret.-Szczecin-1939-1940.jpg\" rel=\"lightbox[14818]\"><img decoding=\"async\" class=\"aligncenter size-medium wp-image-14824\" src=\"http:\/\/www.siemysli.info.ke\/wp-content\/uploads\/2015\/02\/Gustloff-jako-lazaret.-Szczecin-1939-1940-300x212.jpg\" alt=\"Stettin, &quot;Wilhelm Gustloff&quot; als Lazarettschiff\" width=\"300\" height=\"212\" srcset=\"https:\/\/siemysli-ke.info\/wp-content\/uploads\/2015\/02\/Gustloff-jako-lazaret.-Szczecin-1939-1940-300x212.jpg 300w, https:\/\/siemysli-ke.info\/wp-content\/uploads\/2015\/02\/Gustloff-jako-lazaret.-Szczecin-1939-1940.jpg 800w\" sizes=\"(max-width: 300px) 100vw, 300px\" \/><\/a><\/p>\n<p style=\"text-align: center;\"><em>Gustloff<\/em>\u00a0jako lazaret. Szczecin 1939-1940<\/p>\n<p style=\"text-align: justify;\">Kiedy do Pomorza zbli\u017ca\u0142 si\u0119 front i widmo radzieckich okrucie\u0144stw wraz z nim, Niemcy przypomnieli sobie o <em>Wilhelmie<\/em> <em>Gustloffie.<\/em> Ze wzgl\u0119du na swoje okaza\u0142e rozmiary m\u00f3g\u0142 on zaokr\u0119towa\u0107 wielu uciekaj\u0105cych przed Armi\u0105 Czerwon\u0105. Tak komentuje to szwedzki historyk, Wetterholm: &#8211; <em>Ludzie nap\u0142ywali zewsz\u0105d, t\u0142umy, t\u0142umy ludzi. Przyje\u017cd\u017cali z baga\u017cami, z ca\u0142ym swoim dobytkiem. Ale na pok\u0142ad \u00abGustloffa\u00bb mo\u017cna by\u0142o wzi\u0105\u0107 jedn\u0105 walizk\u0119. Mo\u017cna powiedzie\u0107, \u017ce ci ludzie brali na pok\u0142ad w\u0142asne \u017cycie, na nic wi\u0119cej im nie pozwolono\u201d<\/em>. Informuje tak\u017ce o zaistnia\u0142ym przed rejsem nielegalnym handlu przepustkami i wielu oszustwach, z tym zwi\u0105zanych. Zdarza\u0142y si\u0119 tak\u017ce zdarzenia humorystyczne. Oto przyk\u0142ad: &#8211; <em>Jedna rodzina chcia\u0142a zabra\u0107 na pok\u0142ad kota, ale nie pozwalano im, pono\u0107 nie by\u0142o miejsca. Zdecydowali si\u0119 na podst\u0119p, kot mia\u0142 dosta\u0107 specjalny zastrzyk i udawa\u0107 nie\u017cywego i \u0142atwego do ukrycia<\/em> \u2013 relacjonuje szwedzki autor ksi\u0105\u017cki: <em>Morze \u015amierci. Ba\u0142tyk 1945<\/em>. A teraz\u2026<\/p>\n<p style=\"text-align: justify;\"><strong>Co si\u0119 zdarzy\u0142o noc\u0105 30. stycznia na \u0141awicy S\u0142upskiej?<\/strong><strong>\u00a0<\/strong><\/p>\n<p style=\"text-align: justify;\">30. stycznia 1945 roku statek wyp\u0142yn\u0105\u0142 w morze. Mia\u0142y go ochrania\u0107 dwie jednostki morskie <em>Kriegs Marine<\/em>, ale na jednym z okr\u0119t\u00f3w zdefektowa\u0142 silnik. <em>Wilhelma<\/em> <em>Gustloffa<\/em> eskortowa\u0142 wi\u0119c tylko pojedynczy torpedowiec. I nagle, gdy <em>Gustloff<\/em> wychodzi\u0142 w morze, w jego stron\u0119 pop\u0142yn\u0105\u0142 inny statek z uchod\u017acami. By\u0142o tam oko\u0142o 600 os\u00f3b, kt\u00f3rzy chcieli dosta\u0107 si\u0119 na pok\u0142ad morskiego giganta. Ludzie krzyczeli: \u201eZabierzcie nas!\u201d. Kapitan <em>Gustloffa<\/em> zatrzyma\u0142 statek, a kilkaset os\u00f3b wci\u0105gni\u0119to na pok\u0142ad. Jak si\u0119 potem okaza\u0142o, kilkaset ofiar wi\u0119cej\u2026<\/p>\n<p style=\"text-align: justify;\">Jeszcze tej samej nocy by\u0142y niemiecki wycieczkowiec, teraz transportowiec<em> Kriegs Marine<\/em>, w tragicznym dniu i nocy 30. stycznia 1945 r. zaciemniony i konwojowany zosta\u0142 zaatakowany przez radzieck\u0105 \u0142\u00f3d\u017a podwodn\u0105 S-13 pod dow\u00f3dztwem komandora Marinesko. Wystarczy\u0142o kilka morderczych torped i nieco ponad godzina, by dwustumetrowy kolos przy straszliwych d\u017awi\u0119kach p\u0119kaj\u0105cej i deformowanej stali i krzykach ton\u0105cych w lodowatym morzu ludzi, znikn\u0105\u0142 pod powierzchni\u0105 wody na wysoko\u015bci \u0141eby&#8230;<\/p>\n<p style=\"text-align: justify;\">Teraz troch\u0119 istotnych fakt\u00f3w. To by\u0142a zimna noc. Wed\u0142ug relacji, kt\u00f3re zebra\u0142 szwedzki historyk Wetterholm, ju\u017c podczas rejsu zdarza\u0142o si\u0119, \u017ce na pok\u0142adzie ludzie zamarzali na \u015bmier\u0107. Kiedy <em>Gustloff<\/em> zosta\u0142 trafiony, a tysi\u0105ce os\u00f3b znalaz\u0142o si\u0119 w lodowatej wodzie, wystarczy\u0142y minuty, by morze pokry\u0142y trupyzamarzni\u0119tych na ko\u015b\u0107 ludzi. &#8211; <em>Temperatura wody: oko\u0142o 4 stopni, temperatura powietrza: minus 18 stopni&#8230; Wia\u0142 lodowaty wiatr, pada\u0142 \u015bnieg. To by\u0142y straszne warunki<\/em> \u2013 opisuje Wetterholm. Dla pe\u0142ni tragizmu doda\u0107 trzeba, \u017ce ludzie gin\u0119li nie tylko w lodowatej wodzie. Kilkaset kobiet ze s\u0142u\u017cby pomocniczej, kt\u00f3re na pocz\u0105tku rejsu zakwaterowano w pomieszczeniu z osuszonym basenem, zgin\u0119\u0142y niemal od razu na skutek wdarcia si\u0119 tam wody i niemo\u017cno\u015bci ewakuacji uwi\u0119zionych. Inny \u015bwiadek (notabene chwil\u0119 wcze\u015bniej, zanim statek trafi\u0142a pierwsza torpeda, czyta\u0142 w swojej kajucie ksi\u0105\u017ck\u0119&#8230; \u201eTragedia Titanica\u201d!!!), a kt\u00f3ry rozmawia\u0142 ze szwedzkim historykiem Wetterholmem przypomina sobie d\u017awi\u0119k zamykanych grobli i jego rozpaczliwy bieg, by zd\u0105\u017cy\u0107, zanim zostanie odci\u0119ty od g\u00f3rnego pok\u0142adu. Jemu si\u0119 uda\u0142o, innym nie, zgin\u0119li zatopieni w stalowej, lodowatej trumnie&#8230;<\/p>\n<p style=\"text-align: center;\"><a href=\"http:\/\/www.siemysli.info.ke\/wp-content\/uploads\/2015\/02\/gustloff1_min_600x401.jpg\" rel=\"lightbox[14818]\"><img decoding=\"async\" class=\"aligncenter size-medium wp-image-14828\" src=\"http:\/\/www.siemysli.info.ke\/wp-content\/uploads\/2015\/02\/gustloff1_min_600x401-300x200.jpg\" alt=\"gustloff1_min_600x401\" width=\"300\" height=\"200\" srcset=\"https:\/\/siemysli-ke.info\/wp-content\/uploads\/2015\/02\/gustloff1_min_600x401-300x200.jpg 300w, https:\/\/siemysli-ke.info\/wp-content\/uploads\/2015\/02\/gustloff1_min_600x401.jpg 600w\" sizes=\"(max-width: 300px) 100vw, 300px\" \/><\/a><\/p>\n<p style=\"text-align: center;\">Claes-G\u00f6ran Wetterholm, szwedzki pisarz i historyk rozmawia\u0142 z lud\u017ami, kt\u00f3rzy prze\u017cyli katastrof\u0119 <em>Gustloffa<\/em><\/p>\n<p style=\"text-align: center;\">(Fot. P. Olejarczyk)<\/p>\n<p style=\"text-align: justify;\">Ci\u0119\u017cko ranni \u017co\u0142nierze, m\u0142odzi kadeci <em>Luftwaffe,<\/em> nie mieli szans na ucieczk\u0119, podobnie jak os\u0142abione porodem matki, kt\u00f3rych dzieci zosta\u0142y urodzone ju\u017c na statku (jako miejsce urodzenia, w dokumentach zapisywano im aktualne po\u0142o\u017cenie <em>Gustloffa<\/em>). Niemcy od razu zorganizowali akcj\u0119 ratunkow\u0105. Ale Natura by\u0142\u0105 z\u0142owrogo nieub\u0142agana, prze\u017cycie w lodowatej wodzie czeka\u0142o nielicznych. Wed\u0142ug r\u00f3\u017cnych szacunk\u00f3w, uratowa\u0142o si\u0119 ponad 1000 pasa\u017cer\u00f3w tragicznego rejsu. Lecz czy nale\u017cy by\u0107 \u201ecicho nad t\u0105 stalow\u0105 trumn\u0105\u201d, co?<\/p>\n<p style=\"text-align: justify;\"><strong>Pos\u0142owie. Epitafium na sfalowanym morzu<\/strong><strong>\u00a0<\/strong><\/p>\n<p style=\"text-align: justify;\">Chyba nie, zdecydowanie: nie! Pytanie, na pewno nie retoryczne, kt\u00f3re wci\u0105\u017c pozostaje aktualne, brzmi tak: jak ocenia\u0107 owo tragiczne wydarzenie w kontek\u015bcie bestialskiego, zw\u0142aszcza na Froncie Wschodnim i w niezliczonych <em>Koncentracion Lager<\/em> w bez ma\u0142\u0105 ca\u0142ej okupowanej Europie, zachowania Niemc\u00f3w w czasie tej potwornej wojny? My\u015bl\u0119, \u017ce dla wielu my\u015bl\u0105cych i czuj\u0105cych ludzi wsp\u00f3\u0142czucie dla ofiar <em>Gustloffa<\/em> jest naturalnym odruchem serca, bowiem \u015bmier\u0107 cywili, ludzi nie bior\u0105cych udzia\u0142u w wojnie i jej okrucie\u0144stwach. Ale czy jest podobnie w przypadku tych, kogo\u015b, kto do\u015bwiadczy\u0142 realnych, okrutnych krzywd od Niemc\u00f3w? Nie takie to oczywiste, bowiem dla wielu, nie tylko ofiar, za zbrodnie Hitlera, ich legalizacj\u0119 odpowiada ca\u0142y Nar\u00f3d Niemiecki. I to chyba nie jest prawdziwe, ale nie ma dymu bez ognia\u2026.<\/p>\n<p style=\"text-align: justify;\">&#8211; <em>Nadal, po ponad sze\u015b\u0107dziesi\u0119ciu latach od tamtych wydarze\u0144, ten trudny temat nie poddaje si\u0119 \u0142atwo dyskusji. Jedn\u0105 z przyczyn takiego stanu rzeczy mo\u017ce by\u0107 sam moment historyczny, w kt\u00f3rym rozegra\u0142a si\u0119 tragedia, czyli ko\u0144cowa faza II wojny \u015bwiatowej, podczas kt\u00f3rej miliony ludzi straci\u0142y \u017cycie. Natomiast pokrzywdzonymi na statkach byli prawie wy\u0142\u0105cznie Niemcy, kt\u00f3rzy wedle czarno-bia\u0142ej propagandy nie mogli by\u0107 przedstawiani jako ofiary \u2013 <\/em>m\u00f3wi Martin Schibli, kurator wystawy w Gda\u0144sku.<\/p>\n<p style=\"text-align: justify;\">I dodaje: &#8211; <em>Zatopienie \u00abWilhelma Gustloffa\u00bb oraz pozosta\u0142ych jednostek wi\u0105\u017ce si\u0119 z odmiennymi znaczeniami i konsekwencjami w Niemczech, Polsce, Rosji oraz w Szwecji, kt\u00f3re w du\u017cej mierze s\u0105 nieprzystawalne. Mo\u017ce wi\u0119c, zamiast podejmowa\u0107 pr\u00f3by wydobycia statk\u00f3w na powierzchni\u0119 i w ten spos\u00f3b przywo\u0142ywa\u0107 pami\u0119\u0107 o wojnie, lepiej by\u0142oby pozostawi\u0107 je na dnie morza. Z drugiej za\u015b strony, pozostaj\u0105c nietkni\u0119te na swoim miejscu funkcjonuj\u0105 jako mity przesz\u0142o\u015bci w pami\u0119ci zbiorowej niczym ukryte memento mori o pot\u0119\u017cnej historycznej sile wyrazu<\/em> \u2013 komentuje moralne kulisy tragedii Schibli.<\/p>\n<p style=\"text-align: justify;\">I jeszcze, na koniec, ku pe\u0142nej \u015bwiadomo\u015bci rozmiar\u00f3w tragedii morskich na Ba\u0142tyku AD 1945. W ostatnich miesi\u0105cach drugiej wojny \u015bwiatowej ewakuowano niemieckich uchod\u017ac\u00f3w z port\u00f3w Prus Wschodnich: Memel (K\u0142ajpeda), K\u00f6nigsberg (Kr\u00f3lewiec), Gothenhafen (Gdynia). Akcj\u0119 opatrzono kryptonimem \u201eOperacja Hannibal\u201d. Niekt\u00f3re ze statk\u00f3w transportuj\u0105cych uchod\u017ac\u00f3w nigdy nie dotar\u0142y do port\u00f3w docelowych, a plonem tego \u201ediabelskiego \u017cniwa\u201d jest \u015bmier\u0107 przez utopienie si\u0119. Szacuje si\u0119 go na ok. 40 tysi\u0119cy os\u00f3b, w wi\u0119kszo\u015bci &#8211; o zgrozo &#8211; cywil\u00f3w, dzieci i kobiet&#8230;<\/p>\n<p style=\"text-align: justify;\">Pami\u0119tajmy, aby nie tylko od \u015bwi\u0119ta, ale wtedy, kiedy my\u015blimy o potwornym bezsensie wojny, wypowiedzie\u0107 i pos\u0142a\u0107 symbolicznie na sfalowane wody Ba\u0142tyku ciche epitafium: \u201eNigdy wi\u0119cej takich rejs\u00f3w, takiej \u015bmierci w lodowych odm\u0119tach, takich lodowatych serc, jak serce \u201e\u017cniwiarza \u015bmierci\u201d, komandora Marinesko\u201d, tak\u2026<\/p>\n<p style=\"text-align: right;\"><strong>AntoniK<\/strong>,<\/p>\n<p style=\"text-align: right;\">Uje\u015bcisko, 30. stycznia 2015 r.<\/p>\n<table style=\"height: 5px;\" width=\"711\">\n<tbody>\n<tr>\n<td><\/td>\n<\/tr>\n<\/tbody>\n<\/table>\n<p style=\"text-align: justify;\"><strong>\u00a0<\/strong><\/p>\n","protected":false},"excerpt":{"rendered":"<p>\u00a0\u201ePiekielnemu \u017cniwiarzowi\u201d Marinesko \u2013 na pohybel, ofiarom Wilhelma Gustloffa \u2013 wieczna pami\u0119\u0107 w 70-lecie tragedii\u2026 Kim by\u0142 i co uczyni\u0142<\/p>\n","protected":false},"author":3,"featured_media":14824,"comment_status":"open","ping_status":"open","sticky":false,"template":"","format":"standard","meta":{"colormag_page_layout":"default_layout","footnotes":""},"categories":[7,3],"tags":[1953,1616,1945,388,89,1941,1955,1757,333,1962,92,1956,1128,1749,350,1673,1946,1940,1944,1943,1947,1949,1957,1025,1954,1963,1959,1958,1952,1951,1752,1160,1948,1950,1960,1961,1942],"class_list":["post-14818","post","type-post","status-publish","format-standard","has-post-thumbnail","hentry","category-gospodarka","category-kultura","tag-aleksander-iwanowicz-marinesko","tag-antonik","tag-baltyk","tag-berlin","tag-breaking","tag-claes-goran-wetterholm","tag-drezno","tag-front-wschodni","tag-gdynia","tag-harry-barnes","tag-headline","tag-hiroshima","tag-ii-wojna-swiatowa","tag-ilia-erenburg","tag-japonia","tag-kolyma","tag-kratf-dur-freude","tag-kriegs-marine","tag-krolewiec","tag-klajpeda","tag-lazaret","tag-ms-wilhelm-gustloff","tag-nagasaki","tag-odessa","tag-okret-podwodny-s-13","tag-pacifik","tag-prezydent-harry-truman","tag-prezydent-roosevelt","tag-rms-titanic","tag-ss-general-von-steuben","tag-stalin","tag-szczecin","tag-wojna-obronna-1939","tag-lawica-slupska","tag-germany-must-perish","tag-morgenthauplan","tag-operacja-hannibal"],"yoast_head":"<!-- This site is optimized with the Yoast SEO plugin v25.1 - https:\/\/yoast.com\/wordpress\/plugins\/seo\/ -->\n<title>Piekielny plon \u201eba\u0142tyckich \u017cniw\u201d AD 1945 komandora Marinesko - SI\u0118 MY\u015aLI<\/title>\n<meta name=\"robots\" content=\"index, follow, max-snippet:-1, max-image-preview:large, max-video-preview:-1\" \/>\n<link rel=\"canonical\" href=\"https:\/\/siemysli-ke.info\/en\/piekielny-plon-baltyckich-zniw-ad-1945-komandora-marinesko\/\" \/>\n<meta property=\"og:locale\" content=\"en_US\" \/>\n<meta property=\"og:type\" content=\"article\" \/>\n<meta property=\"og:title\" content=\"Piekielny plon \u201eba\u0142tyckich \u017cniw\u201d AD 1945 komandora Marinesko - SI\u0118 MY\u015aLI\" \/>\n<meta property=\"og:description\" content=\"\u00a0\u201ePiekielnemu \u017cniwiarzowi\u201d Marinesko \u2013 na pohybel, ofiarom Wilhelma Gustloffa \u2013 wieczna pami\u0119\u0107 w 70-lecie tragedii\u2026 Kim by\u0142 i co uczyni\u0142\" \/>\n<meta property=\"og:url\" content=\"https:\/\/siemysli-ke.info\/en\/piekielny-plon-baltyckich-zniw-ad-1945-komandora-marinesko\/\" \/>\n<meta property=\"og:site_name\" content=\"SI\u0118 MY\u015aLI\" \/>\n<meta property=\"article:published_time\" content=\"2015-02-02T16:37:44+00:00\" \/>\n<meta property=\"article:modified_time\" content=\"2015-02-03T14:28:39+00:00\" \/>\n<meta property=\"og:image\" content=\"https:\/\/siemysli-ke.info\/wp-content\/uploads\/2015\/02\/Gustloff-jako-lazaret.-Szczecin-1939-1940.jpg\" \/>\n\t<meta property=\"og:image:width\" content=\"800\" \/>\n\t<meta property=\"og:image:height\" content=\"567\" \/>\n\t<meta property=\"og:image:type\" content=\"image\/jpeg\" \/>\n<meta name=\"author\" content=\"...\" \/>\n<meta name=\"twitter:label1\" content=\"Written by\" \/>\n\t<meta name=\"twitter:data1\" content=\"...\" \/>\n\t<meta name=\"twitter:label2\" content=\"Est. reading time\" \/>\n\t<meta name=\"twitter:data2\" content=\"18 minutes\" \/>\n<script type=\"application\/ld+json\" class=\"yoast-schema-graph\">{\"@context\":\"https:\/\/schema.org\",\"@graph\":[{\"@type\":\"Article\",\"@id\":\"https:\/\/siemysli-ke.info\/en\/piekielny-plon-baltyckich-zniw-ad-1945-komandora-marinesko\/#article\",\"isPartOf\":{\"@id\":\"https:\/\/siemysli-ke.info\/en\/piekielny-plon-baltyckich-zniw-ad-1945-komandora-marinesko\/\"},\"author\":{\"name\":\"...\",\"@id\":\"https:\/\/siemysli-ke.info\/#\/schema\/person\/75326687448d6abf738b156f56385210\"},\"headline\":\"Piekielny plon \u201eba\u0142tyckich \u017cniw\u201d AD 1945 komandora Marinesko\",\"datePublished\":\"2015-02-02T16:37:44+00:00\",\"dateModified\":\"2015-02-03T14:28:39+00:00\",\"mainEntityOfPage\":{\"@id\":\"https:\/\/siemysli-ke.info\/en\/piekielny-plon-baltyckich-zniw-ad-1945-komandora-marinesko\/\"},\"wordCount\":3525,\"commentCount\":0,\"publisher\":{\"@id\":\"https:\/\/siemysli-ke.info\/#organization\"},\"image\":{\"@id\":\"https:\/\/siemysli-ke.info\/en\/piekielny-plon-baltyckich-zniw-ad-1945-komandora-marinesko\/#primaryimage\"},\"thumbnailUrl\":\"https:\/\/siemysli-ke.info\/wp-content\/uploads\/2015\/02\/Gustloff-jako-lazaret.-Szczecin-1939-1940.jpg\",\"keywords\":[\"Aleksander Iwanowicz Marinesko\",\"AntoniK\",\"Ba\u0142tyk\",\"Berlin\",\"breaking\",\"Claes-G\u00f6ran Wetterholm\",\"Drezno\",\"Front Wschodni\",\"Gdynia\",\"Harry Barnes\",\"headline\",\"Hiroshima\",\"II wojna \u015bwiatowa\",\"Ilia Erenburg\",\"Japonia\",\"Ko\u0142yma\",\"Kratf dur Freude\",\"Kriegs Marine\",\"Kr\u00f3lewiec\",\"K\u0142ajpeda\",\"lazaret\",\"MS Wilhelm Gustloff\",\"Nagasaki\",\"Odessa\",\"okr\u0119t podwodny S-13\",\"Pacifik\",\"prezydent Harry Truman\",\"prezydent Roosevelt\",\"RMS \u201eTitanic\u201d\",\"S\/s General von Steuben\",\"Stalin\",\"Szczecin\",\"wojna obronna 1939\",\"\u0141awica S\u0142upska\",\"\u201eGermany Must Perish\u201d\",\"\u201eMorgenthauplan\u201d\",\"\u201eOperacja Hannibal\u201d\"],\"articleSection\":[\"Gospodarka i polityka\",\"Kultura\"],\"inLanguage\":\"en-US\",\"potentialAction\":[{\"@type\":\"CommentAction\",\"name\":\"Comment\",\"target\":[\"https:\/\/siemysli-ke.info\/en\/piekielny-plon-baltyckich-zniw-ad-1945-komandora-marinesko\/#respond\"]}]},{\"@type\":\"WebPage\",\"@id\":\"https:\/\/siemysli-ke.info\/en\/piekielny-plon-baltyckich-zniw-ad-1945-komandora-marinesko\/\",\"url\":\"https:\/\/siemysli-ke.info\/en\/piekielny-plon-baltyckich-zniw-ad-1945-komandora-marinesko\/\",\"name\":\"Piekielny plon \u201eba\u0142tyckich \u017cniw\u201d AD 1945 komandora Marinesko - SI\u0118 MY\u015aLI\",\"isPartOf\":{\"@id\":\"https:\/\/siemysli-ke.info\/en\/#website\"},\"primaryImageOfPage\":{\"@id\":\"https:\/\/siemysli-ke.info\/en\/piekielny-plon-baltyckich-zniw-ad-1945-komandora-marinesko\/#primaryimage\"},\"image\":{\"@id\":\"https:\/\/siemysli-ke.info\/en\/piekielny-plon-baltyckich-zniw-ad-1945-komandora-marinesko\/#primaryimage\"},\"thumbnailUrl\":\"https:\/\/siemysli-ke.info\/wp-content\/uploads\/2015\/02\/Gustloff-jako-lazaret.-Szczecin-1939-1940.jpg\",\"datePublished\":\"2015-02-02T16:37:44+00:00\",\"dateModified\":\"2015-02-03T14:28:39+00:00\",\"breadcrumb\":{\"@id\":\"https:\/\/siemysli-ke.info\/en\/piekielny-plon-baltyckich-zniw-ad-1945-komandora-marinesko\/#breadcrumb\"},\"inLanguage\":\"en-US\",\"potentialAction\":[{\"@type\":\"ReadAction\",\"target\":[[\"https:\/\/siemysli-ke.info\/en\/piekielny-plon-baltyckich-zniw-ad-1945-komandora-marinesko\/\"]]}]},{\"@type\":\"ImageObject\",\"inLanguage\":\"en-US\",\"@id\":\"https:\/\/siemysli-ke.info\/en\/piekielny-plon-baltyckich-zniw-ad-1945-komandora-marinesko\/#primaryimage\",\"url\":\"https:\/\/siemysli-ke.info\/wp-content\/uploads\/2015\/02\/Gustloff-jako-lazaret.-Szczecin-1939-1940.jpg\",\"contentUrl\":\"https:\/\/siemysli-ke.info\/wp-content\/uploads\/2015\/02\/Gustloff-jako-lazaret.-Szczecin-1939-1940.jpg\",\"width\":800,\"height\":567},{\"@type\":\"BreadcrumbList\",\"@id\":\"https:\/\/siemysli-ke.info\/en\/piekielny-plon-baltyckich-zniw-ad-1945-komandora-marinesko\/#breadcrumb\",\"itemListElement\":[{\"@type\":\"ListItem\",\"position\":1,\"name\":\"Home\",\"item\":\"https:\/\/siemysli-ke.info\/en\/\"},{\"@type\":\"ListItem\",\"position\":2,\"name\":\"Piekielny plon \u201eba\u0142tyckich \u017cniw\u201d AD 1945 komandora Marinesko\"}]},{\"@type\":\"WebSite\",\"@id\":\"https:\/\/siemysli-ke.info\/en\/#website\",\"url\":\"https:\/\/siemysli-ke.info\/en\/\",\"name\":\"SI\u0118 MY\u015aLI\",\"description\":\"\",\"publisher\":{\"@id\":\"https:\/\/siemysli-ke.info\/en\/#organization\"},\"potentialAction\":[{\"@type\":\"SearchAction\",\"target\":{\"@type\":\"EntryPoint\",\"urlTemplate\":\"https:\/\/siemysli-ke.info\/en\/?s={search_term_string}\"},\"query-input\":{\"@type\":\"PropertyValueSpecification\",\"valueRequired\":true,\"valueName\":\"search_term_string\"}}],\"inLanguage\":\"en-US\"},{\"@type\":\"Organization\",\"@id\":\"https:\/\/siemysli-ke.info\/en\/#organization\",\"name\":\"SI\u0118 MY\u015aLI\",\"url\":\"https:\/\/siemysli-ke.info\/en\/\",\"logo\":{\"@type\":\"ImageObject\",\"inLanguage\":\"en-US\",\"@id\":\"https:\/\/siemysli-ke.info\/en\/#\/schema\/logo\/image\/\",\"url\":\"https:\/\/siemysli-ke.info\/wp-content\/uploads\/2025\/05\/99.png\",\"contentUrl\":\"https:\/\/siemysli-ke.info\/wp-content\/uploads\/2025\/05\/99.png\",\"width\":270,\"height\":204,\"caption\":\"SI\u0118 MY\u015aLI\"},\"image\":{\"@id\":\"https:\/\/siemysli-ke.info\/en\/#\/schema\/logo\/image\/\"}},{\"@type\":\"Person\",\"@id\":\"https:\/\/siemysli-ke.info\/#\/schema\/person\/75326687448d6abf738b156f56385210\",\"name\":\"...\",\"image\":{\"@type\":\"ImageObject\",\"inLanguage\":\"en-US\",\"@id\":\"https:\/\/siemysli-ke.info\/en\/#\/schema\/person\/image\/\",\"url\":\"https:\/\/secure.gravatar.com\/avatar\/33a3c2559155e1b4add65cf88cafda785aeb920f44b97c7055b07866ab5b13c2?s=96&d=mm&r=g\",\"contentUrl\":\"https:\/\/secure.gravatar.com\/avatar\/33a3c2559155e1b4add65cf88cafda785aeb920f44b97c7055b07866ab5b13c2?s=96&d=mm&r=g\",\"caption\":\"...\"},\"url\":\"https:\/\/siemysli-ke.info\/en\/author\/lele\/\"}]}<\/script>\n<!-- \/ Yoast SEO plugin. -->","yoast_head_json":{"title":"Piekielny plon \u201eba\u0142tyckich \u017cniw\u201d AD 1945 komandora Marinesko - SI\u0118 MY\u015aLI","robots":{"index":"index","follow":"follow","max-snippet":"max-snippet:-1","max-image-preview":"max-image-preview:large","max-video-preview":"max-video-preview:-1"},"canonical":"https:\/\/siemysli-ke.info\/en\/piekielny-plon-baltyckich-zniw-ad-1945-komandora-marinesko\/","og_locale":"en_US","og_type":"article","og_title":"Piekielny plon \u201eba\u0142tyckich \u017cniw\u201d AD 1945 komandora Marinesko - SI\u0118 MY\u015aLI","og_description":"\u00a0\u201ePiekielnemu \u017cniwiarzowi\u201d Marinesko \u2013 na pohybel, ofiarom Wilhelma Gustloffa \u2013 wieczna pami\u0119\u0107 w 70-lecie tragedii\u2026 Kim by\u0142 i co uczyni\u0142","og_url":"https:\/\/siemysli-ke.info\/en\/piekielny-plon-baltyckich-zniw-ad-1945-komandora-marinesko\/","og_site_name":"SI\u0118 MY\u015aLI","article_published_time":"2015-02-02T16:37:44+00:00","article_modified_time":"2015-02-03T14:28:39+00:00","og_image":[{"width":800,"height":567,"url":"https:\/\/siemysli-ke.info\/wp-content\/uploads\/2015\/02\/Gustloff-jako-lazaret.-Szczecin-1939-1940.jpg","type":"image\/jpeg"}],"author":"...","twitter_misc":{"Written by":"...","Est. reading time":"18 minutes"},"schema":{"@context":"https:\/\/schema.org","@graph":[{"@type":"Article","@id":"https:\/\/siemysli-ke.info\/en\/piekielny-plon-baltyckich-zniw-ad-1945-komandora-marinesko\/#article","isPartOf":{"@id":"https:\/\/siemysli-ke.info\/en\/piekielny-plon-baltyckich-zniw-ad-1945-komandora-marinesko\/"},"author":{"name":"...","@id":"https:\/\/siemysli-ke.info\/#\/schema\/person\/75326687448d6abf738b156f56385210"},"headline":"Piekielny plon \u201eba\u0142tyckich \u017cniw\u201d AD 1945 komandora Marinesko","datePublished":"2015-02-02T16:37:44+00:00","dateModified":"2015-02-03T14:28:39+00:00","mainEntityOfPage":{"@id":"https:\/\/siemysli-ke.info\/en\/piekielny-plon-baltyckich-zniw-ad-1945-komandora-marinesko\/"},"wordCount":3525,"commentCount":0,"publisher":{"@id":"https:\/\/siemysli-ke.info\/#organization"},"image":{"@id":"https:\/\/siemysli-ke.info\/en\/piekielny-plon-baltyckich-zniw-ad-1945-komandora-marinesko\/#primaryimage"},"thumbnailUrl":"https:\/\/siemysli-ke.info\/wp-content\/uploads\/2015\/02\/Gustloff-jako-lazaret.-Szczecin-1939-1940.jpg","keywords":["Aleksander Iwanowicz Marinesko","AntoniK","Ba\u0142tyk","Berlin","breaking","Claes-G\u00f6ran Wetterholm","Drezno","Front Wschodni","Gdynia","Harry Barnes","headline","Hiroshima","II wojna \u015bwiatowa","Ilia Erenburg","Japonia","Ko\u0142yma","Kratf dur Freude","Kriegs Marine","Kr\u00f3lewiec","K\u0142ajpeda","lazaret","MS Wilhelm Gustloff","Nagasaki","Odessa","okr\u0119t podwodny S-13","Pacifik","prezydent Harry Truman","prezydent Roosevelt","RMS \u201eTitanic\u201d","S\/s General von Steuben","Stalin","Szczecin","wojna obronna 1939","\u0141awica S\u0142upska","\u201eGermany Must Perish\u201d","\u201eMorgenthauplan\u201d","\u201eOperacja Hannibal\u201d"],"articleSection":["Gospodarka i polityka","Kultura"],"inLanguage":"en-US","potentialAction":[{"@type":"CommentAction","name":"Comment","target":["https:\/\/siemysli-ke.info\/en\/piekielny-plon-baltyckich-zniw-ad-1945-komandora-marinesko\/#respond"]}]},{"@type":"WebPage","@id":"https:\/\/siemysli-ke.info\/en\/piekielny-plon-baltyckich-zniw-ad-1945-komandora-marinesko\/","url":"https:\/\/siemysli-ke.info\/en\/piekielny-plon-baltyckich-zniw-ad-1945-komandora-marinesko\/","name":"Piekielny plon \u201eba\u0142tyckich \u017cniw\u201d AD 1945 komandora Marinesko - SI\u0118 MY\u015aLI","isPartOf":{"@id":"https:\/\/siemysli-ke.info\/en\/#website"},"primaryImageOfPage":{"@id":"https:\/\/siemysli-ke.info\/en\/piekielny-plon-baltyckich-zniw-ad-1945-komandora-marinesko\/#primaryimage"},"image":{"@id":"https:\/\/siemysli-ke.info\/en\/piekielny-plon-baltyckich-zniw-ad-1945-komandora-marinesko\/#primaryimage"},"thumbnailUrl":"https:\/\/siemysli-ke.info\/wp-content\/uploads\/2015\/02\/Gustloff-jako-lazaret.-Szczecin-1939-1940.jpg","datePublished":"2015-02-02T16:37:44+00:00","dateModified":"2015-02-03T14:28:39+00:00","breadcrumb":{"@id":"https:\/\/siemysli-ke.info\/en\/piekielny-plon-baltyckich-zniw-ad-1945-komandora-marinesko\/#breadcrumb"},"inLanguage":"en-US","potentialAction":[{"@type":"ReadAction","target":[["https:\/\/siemysli-ke.info\/en\/piekielny-plon-baltyckich-zniw-ad-1945-komandora-marinesko\/"]]}]},{"@type":"ImageObject","inLanguage":"en-US","@id":"https:\/\/siemysli-ke.info\/en\/piekielny-plon-baltyckich-zniw-ad-1945-komandora-marinesko\/#primaryimage","url":"https:\/\/siemysli-ke.info\/wp-content\/uploads\/2015\/02\/Gustloff-jako-lazaret.-Szczecin-1939-1940.jpg","contentUrl":"https:\/\/siemysli-ke.info\/wp-content\/uploads\/2015\/02\/Gustloff-jako-lazaret.-Szczecin-1939-1940.jpg","width":800,"height":567},{"@type":"BreadcrumbList","@id":"https:\/\/siemysli-ke.info\/en\/piekielny-plon-baltyckich-zniw-ad-1945-komandora-marinesko\/#breadcrumb","itemListElement":[{"@type":"ListItem","position":1,"name":"Home","item":"https:\/\/siemysli-ke.info\/en\/"},{"@type":"ListItem","position":2,"name":"Piekielny plon \u201eba\u0142tyckich \u017cniw\u201d AD 1945 komandora Marinesko"}]},{"@type":"WebSite","@id":"https:\/\/siemysli-ke.info\/en\/#website","url":"https:\/\/siemysli-ke.info\/en\/","name":"SI\u0118 MY\u015aLI","description":"","publisher":{"@id":"https:\/\/siemysli-ke.info\/en\/#organization"},"potentialAction":[{"@type":"SearchAction","target":{"@type":"EntryPoint","urlTemplate":"https:\/\/siemysli-ke.info\/en\/?s={search_term_string}"},"query-input":{"@type":"PropertyValueSpecification","valueRequired":true,"valueName":"search_term_string"}}],"inLanguage":"en-US"},{"@type":"Organization","@id":"https:\/\/siemysli-ke.info\/en\/#organization","name":"SI\u0118 MY\u015aLI","url":"https:\/\/siemysli-ke.info\/en\/","logo":{"@type":"ImageObject","inLanguage":"en-US","@id":"https:\/\/siemysli-ke.info\/en\/#\/schema\/logo\/image\/","url":"https:\/\/siemysli-ke.info\/wp-content\/uploads\/2025\/05\/99.png","contentUrl":"https:\/\/siemysli-ke.info\/wp-content\/uploads\/2025\/05\/99.png","width":270,"height":204,"caption":"SI\u0118 MY\u015aLI"},"image":{"@id":"https:\/\/siemysli-ke.info\/en\/#\/schema\/logo\/image\/"}},{"@type":"Person","@id":"https:\/\/siemysli-ke.info\/#\/schema\/person\/75326687448d6abf738b156f56385210","name":"...","image":{"@type":"ImageObject","inLanguage":"en-US","@id":"https:\/\/siemysli-ke.info\/en\/#\/schema\/person\/image\/","url":"https:\/\/secure.gravatar.com\/avatar\/33a3c2559155e1b4add65cf88cafda785aeb920f44b97c7055b07866ab5b13c2?s=96&d=mm&r=g","contentUrl":"https:\/\/secure.gravatar.com\/avatar\/33a3c2559155e1b4add65cf88cafda785aeb920f44b97c7055b07866ab5b13c2?s=96&d=mm&r=g","caption":"..."},"url":"https:\/\/siemysli-ke.info\/en\/author\/lele\/"}]}},"_links":{"self":[{"href":"https:\/\/siemysli-ke.info\/en\/wp-json\/wp\/v2\/posts\/14818","targetHints":{"allow":["GET"]}}],"collection":[{"href":"https:\/\/siemysli-ke.info\/en\/wp-json\/wp\/v2\/posts"}],"about":[{"href":"https:\/\/siemysli-ke.info\/en\/wp-json\/wp\/v2\/types\/post"}],"author":[{"embeddable":true,"href":"https:\/\/siemysli-ke.info\/en\/wp-json\/wp\/v2\/users\/3"}],"replies":[{"embeddable":true,"href":"https:\/\/siemysli-ke.info\/en\/wp-json\/wp\/v2\/comments?post=14818"}],"version-history":[{"count":0,"href":"https:\/\/siemysli-ke.info\/en\/wp-json\/wp\/v2\/posts\/14818\/revisions"}],"wp:featuredmedia":[{"embeddable":true,"href":"https:\/\/siemysli-ke.info\/en\/wp-json\/wp\/v2\/media\/14824"}],"wp:attachment":[{"href":"https:\/\/siemysli-ke.info\/en\/wp-json\/wp\/v2\/media?parent=14818"}],"wp:term":[{"taxonomy":"category","embeddable":true,"href":"https:\/\/siemysli-ke.info\/en\/wp-json\/wp\/v2\/categories?post=14818"},{"taxonomy":"post_tag","embeddable":true,"href":"https:\/\/siemysli-ke.info\/en\/wp-json\/wp\/v2\/tags?post=14818"}],"curies":[{"name":"wp","href":"https:\/\/api.w.org\/{rel}","templated":true}]}}