 {"id":14672,"date":"2015-01-17T22:26:16","date_gmt":"2015-01-17T21:26:16","guid":{"rendered":"http:\/\/www.siemysli.info.ke\/?p=14672"},"modified":"2015-01-17T23:35:10","modified_gmt":"2015-01-17T22:35:10","slug":"w-erze-facebooka-historie-pisze-ten-kto-ma-najwiecej-lajkow-czy-oboz-kl-auschwitz-wyzwolily-bekarty-wojny-z-filmu-tarantino","status":"publish","type":"post","link":"https:\/\/siemysli-ke.info\/en\/w-erze-facebooka-historie-pisze-ten-kto-ma-najwiecej-lajkow-czy-oboz-kl-auschwitz-wyzwolily-bekarty-wojny-z-filmu-tarantino\/","title":{"rendered":"W erze Facebooka histori\u0119 pisze ten kto ma najwi\u0119cej \u201elajk\u00f3w\u201d. Czy ob\u00f3z KL Auschwitz wyzwoli\u0142y \u00bbB\u0119karty wojny\u00ab z filmu Tarantino?"},"content":{"rendered":"<p style=\"text-align: justify;\"><a href=\"http:\/\/www.siemysli.info.ke\/wp-content\/uploads\/2015\/01\/z6262662Q.jpg\" rel=\"lightbox[14672]\"><img decoding=\"async\" class=\"alignleft size-medium wp-image-14673\" src=\"http:\/\/www.siemysli.info.ke\/wp-content\/uploads\/2015\/01\/z6262662Q-300x201.jpg\" alt=\"z6262662Q\" width=\"300\" height=\"201\" srcset=\"https:\/\/siemysli-ke.info\/wp-content\/uploads\/2015\/01\/z6262662Q-300x201.jpg 300w, https:\/\/siemysli-ke.info\/wp-content\/uploads\/2015\/01\/z6262662Q.jpg 620w\" sizes=\"(max-width: 300px) 100vw, 300px\" \/><\/a>Tym prowokuj\u0105cym tytu\u0142em chc\u0119 uzmys\u0142owi\u0107 Czytelnikom pewien smutny fakt. W erze zdebila\u0142ego spo\u0142ecze\u0144stwa i ludzi-konsument\u00f3w marketowego \u015bcierwa &#8211; \u00a0z ka\u017cdej \u015bwi\u0119to\u015bci mo\u017cna\u00a0 dzi\u015b zakpi\u0107, zadrwi\u0107 b\u0105d\u017a zafa\u0142szowa\u0107 fakty historyczne. Je\u015bli statystyczny Polak w ci\u0105gu roku nie czyta \u017cadnej ksi\u0105\u017cki, za\u015b zainteresowania ogranicza do najbli\u017cszej promocji w markecie, podanej w kolorowej gazetce ludo przegl\u0105dania serwisu og\u0142osze\u0144 lokalnych z u\u017cywanymi autami, po kt\u00f3rych \u201eNiemiec p\u0142aka\u0142 jak sprzedawa\u0142\u201d, to \u015bmia\u0142o mo\u017cna powiedziec, \u017ce ludzko\u015b\u0107 w naszym kraju si\u0119gn\u0119\u0142a dna! B\u0119d\u0105c w Unii Europejskiej stracili\u015bmy te\u017c mo\u017cliwo\u015b\u0107 samostanowienia, prowadzenia w\u0142asnej polityki zagranicznej, interes\u00f3w gospodarczych, broni\u0105cych naszych obywateli. I &#8211; jak si\u0119 okazuje &#8211; stracili\u015bmy te\u017c w\u0142asn\u0105 pami\u0119\u0107 historyczn\u0105. Ha\u0144b\u0105 i cieniem k\u0142adzie si\u0119 fakt organizowanych w Polsce ju\u017c za kilka dni obchod\u00f3w 70. rocznicy wyzwolenia obozu Auschwitz. Ile\u017c to Polscy historycy i sami Polacy krwi sobie napsuli, czytaj\u0105c wpisy zagranicznych badaczy historycznych stwierdzaj\u0105cych, \u017ce na okupowanych terenach podczas II wojny \u015bwiatowej istnia\u0142y \u201epolskie obozy koncentracyjne\u201d, co np. m\u0142odzie\u017c izraelska, odwiedzaj\u0105ca ob\u00f3z KL Auschwitz w ramach lekcji historii i pami\u0119ci pokazywa\u0142a dobitnie &#8211; niszcz\u0105c i dewastuj\u0105c pokoje hotelowe w okolicy (my\u015bl\u0105c pewnie, poniek\u0105d s\u0142usznie, \u017ce walcz\u0105 z oprawcami swoich bliskich). Potem zaistnia\u0142a wersja u\u0142adzona, i\u017c za ludob\u00f3jstwo odpowiadaj\u0105\u00a0 \u201ehitlerowcy\u201d &#8211; jaka\u015b bli\u017cej nieokre\u015blona grupa ludzi, zwi\u0105zanych (czym?) w wodzem Niemiec. Dzi\u015b doszli\u015bmy w ko\u0144cu do w\u0142a\u015bciwej interpretacji &#8211; Auschwitz by\u0142 <strong>niemieckim obozem zag\u0142ady<\/strong>! Nie zmienia to jednak faktu, \u017ce na organizowane przez Polsk\u0105 stron\u0119 obchody cieniem po\u0142o\u017cy\u0142 si\u0119 konflikt na Ukrainie, kt\u00f3ry spowodowa\u0142 najpowa\u017cniejszy od czas\u00f3w zimnej wojny kryzys w stosunkach mi\u0119dzy Rosj\u0105 a Zachodem. Je\u015bli powsta\u0142 konflikt to zmieniono r\u00f3wnie\u017c fakty historyczne i wag\u0119 problemu. Nie zaproszono bowiem delegacji rosyjskiej &#8211; tych, co ob\u00f3z \u00a0wyzwolili! M\u0119tne t\u0142umaczenie, \u017ce w sk\u0142ad organizator\u00f3w wchodz\u0105: Muzeum Auschwitz oraz Mi\u0119dzynarodowa Rada O\u015bwi\u0119cimska &#8211; cz\u0142onkowie UE oraz darczy\u0144cy Fundacji Auschwitz, w\u015br\u00f3d kt\u00f3rych s\u0105 m.in. Argentyna, Australia, Izrael, Kanada, Nowa Zelandia, Rosja, Stany Zjednoczone, Turcja i Watykan &#8211; nie zmienia faktu, i\u017c ze strony polskiej dosz\u0142o do jednoznacznego\u00a0<em>faux pas<\/em> lub celowego dra\u017cnienia kijem \u201erosyjskiego nied\u017awiedzia\u201d. Na reakcj\u0119 nie trzeba bylo d\u0142ugo czeka\u0107 a sama odpowied\u017a ze strony rosyjskiej przysz\u0142a pi\u00f3rem \u201egadzin\u00f3wki\u201d \u201eKomsomolskaja Prawda\u201d, \u00a0kt\u00f3ra to w ostrych s\u0142owach reaguje na brak zaproszenia dla W\u0142adimira Putina na obchody 70. rocznicy wyzwolenia obozu Auschwitz.<\/p>\n<p style=\"text-align: justify;\"><a href=\"http:\/\/www.siemysli.info.ke\/wp-content\/uploads\/2015\/01\/446539.jpg\" rel=\"lightbox[14672]\"><img decoding=\"async\" class=\"alignleft size-medium wp-image-14674\" src=\"http:\/\/www.siemysli.info.ke\/wp-content\/uploads\/2015\/01\/446539-300x212.jpg\" alt=\"446539\" width=\"300\" height=\"212\" srcset=\"https:\/\/siemysli-ke.info\/wp-content\/uploads\/2015\/01\/446539-300x212.jpg 300w, https:\/\/siemysli-ke.info\/wp-content\/uploads\/2015\/01\/446539-1024x726.jpg 1024w, https:\/\/siemysli-ke.info\/wp-content\/uploads\/2015\/01\/446539.jpg 1397w\" sizes=\"(max-width: 300px) 100vw, 300px\" \/><\/a>\u00a0<strong>\u201e<\/strong>Nie dziwcie si\u0119, je\u015bli nied\u0142ugo Europejczycy b\u0119d\u0105 uwa\u017cali (o ile ju\u017c tak nie jest!), \u017ce to Amerykanie, albo \u00bbB\u0119karty wojny\u00ab Tarantino wyzwolili ob\u00f3z\u201d &#8211; czytamy w tek\u015bcie Aleksandra Griszina. \u00a0<strong>\u201e<\/strong>B\u0119karty, w rzeczy samej. I bez pami\u0119ci. Oni ha\u0144bi\u0105 sami siebie\u201d.<\/p>\n<p style=\"text-align: justify;\">Zabawne, \u017ce na obchody zaproszenie otrzyma\u0142 prezydent Ukrainy, Petro Poroszenko, g\u0142owa pa\u0144stwa &#8211; delikatnie rzecz ujmuj\u0105c &#8211; toleruj\u0105ca na swoim terytorium wzrost nastroj\u00f3w anty-polskich. Zreszt\u0105 r\u00f3wnie\u017c antysemickich! Osoba \u015bwiadoma braku rozlicze\u0144 historycznych, jak i karnych, za masakr\u0119 na Wo\u0142yniu, gdzie gin\u0119li nie tylko Polacy, ale i \u017bydzi oraz\u00a0<strong>wszyscy nie pasuj\u0105cy do wizji Ukrainy dla Ukrai\u0144c\u00f3w<\/strong>. Dzisiejsza <em>pop <\/em>kultura\u00a0na Ukrainie to mi\u0119dzy innymi takie kwiatki jak: impreza w kijowskim lokalu\u00a0<em>Bar Hot<\/em>, gdzie wr\u0119czono prze\u015bmiewcze nagrody <strong>\u201e<\/strong>Watnika Roku\u201d. Jednym z serwowanych pocz\u0119stunk\u00f3w by\u0142o mi\u0119sne danie, kt\u00f3remu nadano nazw\u0119\u00a0 \u201erze\u017a wo\u0142y\u0144ska\u201d. W menu podczas rozdania\u00a0 \u201enagr\u00f3d\u201d znalaz\u0142y si\u0119 tak\u017ce takie dania jak:\u00a0 \u201eodeski dom zwi\u0105zk\u00f3w zawodowych\u201d (w maju 2014 \u017cywcem sp\u0142on\u0119\u0142o tam kilkadziesi\u0105t os\u00f3b) &#8211; mi\u0119sny burger czy te\u017c potrawa\u00a0 \u201ezgwa\u0142cona emerytka\u201d.<\/p>\n<p style=\"text-align: justify;\">Ze strony niemieckiej za\u015b zapomina si\u0119 o fakcie uw\u0142aczaj\u0105cego traktowania tamtejszych Polak\u00f3w, mieszkaj\u0105cych cz\u0119sto w RFN od wielu lat. Obra\u017aliwe dowcipy o \u201ePolaku z\u0142odzieju\u201d lub \u201ePolaku pijaku\u201d, to tylko wierzcho\u0142ek g\u00f3ry. Wcale nie lodowej, codziennej&#8230; Powszednio\u015b\u0107 \u017cycia w Niemczech to ci\u0105g\u0142y strach przed tamtejszymi <em>Jugendamtami<\/em> &#8211; urz\u0119dami do spraw dzieci i rodziny, gorliwie pilnuj\u0105cymi, czy proces germanizacji przebiega w\u0142a\u015bciwie. Gdy urz\u0105d stwierdzi nieprawid\u0142owo\u015bci &#8211; do akcji wkraczaj\u0105 wszelkie mo\u017cliwe s\u0142u\u017cby, nie wy\u0142\u0105czaj\u0105c policji i s\u0105d\u00f3w. Pa\u0144stwo G. z Bytomia w 2007 r. wyjechali do Niemiec, by \u2013 jak dzi\u015b t\u0142umacz\u0105 \u2013 poprawi\u0107 byt sobie i dzieciom. W 2011 r. tamtejszy s\u0105d odebra\u0142 rodzicom w\u0142adz\u0119 nad dzie\u0107mi, argumentuj\u0105c to z\u0142\u0105 sytuacj\u0105 rodzinn\u0105. Dzi\u015b ch\u0142opcy maj\u0105 3 i 5 lat. Niedawno\u00a0<em>Jugendamt<\/em> przys\u0142a\u0142 do Polski wniosek, w kt\u00f3rym domaga si\u0119 wydania dzieci. W Niemczech czeka ju\u017c na nich rodzina zast\u0119pcza. Dawid i Daniel ostatnio zn\u00f3w trafili do o\u015brodka wychowawczego, tym razem na \u015al\u0105sku. Wed\u0142ug pe\u0142nomocnika, ma to najprawdopodobniej zwi\u0105zek z pismem z <em>Jugendamtu<\/em>. Pa\u0144stwo G. mog\u0105 ogl\u0105da\u0107 dzieci podczas widze\u0144. Zapewniaj\u0105, \u017ce Dawid i Daniel chc\u0105 do nich wr\u00f3ci\u0107. Rodzice licz\u0105, \u017ce s\u0105d nie zgodzi si\u0119 na wydanie ich syn\u00f3w za Odr\u0119. Tak wygl\u0105da polityka imigracyjna w Niemczech i owa &#8211; podobno wielka &#8211; europejska solidarno\u015b\u0107! Do rozr\u00f3\u017cnienia p\u0142acowego polskiego pracownika, kt\u00f3ry najmuje si\u0119 do roboty, nale\u017cy doda\u0107 te\u017c fakt, \u017ce w Niemczech mieszka od 2 do 4 milion\u00f3w Polak\u00f3w i co ciekawe &#8211; do chwili obecnej Polacy nie odzyskali oficjalnego statusu mniejszo\u015bci narodowej w RFN, kt\u00f3ry zosta\u0142 im odebrany przez nazistowskie w\u0142adze III Rzeszy. Widocznie &#8211; demokratyczni ju\u017c podobno &#8211; w\u0142adcy w Berlinie nadal ho\u0142duj\u0105 dawnemu podzia\u0142owi na nad- i podludzi, nas zaliczaj\u0105c do tej drugiej kategorii.<\/p>\n<p style=\"text-align: justify;\"><a href=\"http:\/\/www.siemysli.info.ke\/wp-content\/uploads\/2015\/01\/z6504126Q-Bekarty-wojny-ekipa-na-planie.jpg\" rel=\"lightbox[14672]\"><img decoding=\"async\" class=\"alignleft size-medium wp-image-14675\" src=\"http:\/\/www.siemysli.info.ke\/wp-content\/uploads\/2015\/01\/z6504126Q-Bekarty-wojny-ekipa-na-planie-300x201.jpg\" alt=\"z6504126Q,-Bekarty-wojny----ekipa-na-planie\" width=\"300\" height=\"201\" srcset=\"https:\/\/siemysli-ke.info\/wp-content\/uploads\/2015\/01\/z6504126Q-Bekarty-wojny-ekipa-na-planie-300x201.jpg 300w, https:\/\/siemysli-ke.info\/wp-content\/uploads\/2015\/01\/z6504126Q-Bekarty-wojny-ekipa-na-planie.jpg 620w\" sizes=\"(max-width: 300px) 100vw, 300px\" \/><\/a>Nie wzywam tym tekstem do wielkiej mi\u0142o\u015bci do Rosjan i ich prezydenta &#8211; Putina, ale zak\u0142amywanie prawdy historycznej jest podcinaniem ga\u0142\u0119zi, na jakiej siedzimy. Nie tak dawno\u00a0 \u201ekacapskich\u201d \u017co\u0142nierzy pozbyli\u015bmy si\u0119 z terytorium Polski na zawsze i nie p\u0142acz\u0119 po nich. Jestem nawet rad, \u017ce z ulic znikaj\u0105 ostatnie pomniki czerwonoarmist\u00f3w &#8211; tzw. wyzwolicieli. By\u0142y symbolem niewoli. Nie nale\u017cy jednak zapomina\u0107, \u017ce to nie Rosja przy\u0142o\u017cy\u0142a \u0142ap\u0119 na niszczeniu polskiego przemys\u0142u, dorobku pokole\u0144, d\u017awigaj\u0105cych kraj z ruin. To nie Rosja doprowadzi\u0142a do upadku szkolnictwa i polskiej my\u015bli technicznej. To nie Rosja doprowadzi\u0142a do tysi\u0119cy afer korupcyjnych, targaj\u0105cych naszym krajem od czas\u00f3w Okr\u0105g\u0142ego Sto\u0142u. Afer kolejno zamiatanych pod dywan! To nie Rosja doprowadzi\u0142a do biedy Polak\u00f3w i masowej emigracji &#8211; a MY SAMI i nasza bezgraniczna mi\u0142o\u015b\u0107 do USA oraz r\u00f3\u017cnych funduszy, tak hojnie po\u017cyczaj\u0105cych pieni\u0105dze.<\/p>\n<p style=\"text-align: justify;\">G\u0142upi zawsze traci!<\/p>\n<p style=\"text-align: justify;\">A w kontaktach z Rosj\u0105 na razie jeste\u015bmy mocno pod kresk\u0105&#8230;<\/p>\n<p style=\"text-align: right;\"><strong>Roman Boryczko<\/strong>,<\/p>\n<p style=\"text-align: right;\">\u00a0stycze\u0144 2015<\/p>\n","protected":false},"excerpt":{"rendered":"<p>Tym prowokuj\u0105cym tytu\u0142em chc\u0119 uzmys\u0142owi\u0107 Czytelnikom pewien smutny fakt. W erze zdebila\u0142ego spo\u0142ecze\u0144stwa i ludzi-konsument\u00f3w marketowego \u015bcierwa &#8211; \u00a0z ka\u017cdej<\/p>\n","protected":false},"author":7,"featured_media":14674,"comment_status":"open","ping_status":"open","sticky":false,"template":"","format":"standard","meta":{"colormag_page_layout":"default_layout","footnotes":""},"categories":[7,81],"tags":[1833,1835,1829,388,89,1838,228,92,1839,1837,1836,900,1832,1830,1831,207,1645,1834],"class_list":["post-14672","post","type-post","status-publish","format-standard","has-post-thumbnail","hentry","category-gospodarka","category-rzeczpospolita","tag-70-lat-od-wyzwolenia-kl-auschwitz","tag-aleksander-griszin","tag-bekarty-wojny","tag-berlin","tag-breaking","tag-bytom","tag-gorny-slask","tag-headline","tag-iii-rzesza","tag-jugendamt","tag-kijowski-lokal-bar-hot","tag-kl-auschwitz","tag-milosc-do-usa","tag-nadludzie","tag-podludzie","tag-unia-europejska","tag-wladimir-putin","tag-komsomolskaja-prawda"],"yoast_head":"<!-- This site is optimized with the Yoast SEO plugin v25.1 - https:\/\/yoast.com\/wordpress\/plugins\/seo\/ -->\n<title>W erze Facebooka histori\u0119 pisze ten kto ma najwi\u0119cej \u201elajk\u00f3w\u201d. Czy ob\u00f3z KL Auschwitz wyzwoli\u0142y \u00bbB\u0119karty wojny\u00ab z filmu Tarantino? - SI\u0118 MY\u015aLI<\/title>\n<meta name=\"robots\" content=\"index, follow, max-snippet:-1, max-image-preview:large, max-video-preview:-1\" \/>\n<link rel=\"canonical\" href=\"https:\/\/siemysli-ke.info\/en\/w-erze-facebooka-historie-pisze-ten-kto-ma-najwiecej-lajkow-czy-oboz-kl-auschwitz-wyzwolily-bekarty-wojny-z-filmu-tarantino\/\" \/>\n<meta property=\"og:locale\" content=\"en_US\" \/>\n<meta property=\"og:type\" content=\"article\" \/>\n<meta property=\"og:title\" content=\"W erze Facebooka histori\u0119 pisze ten kto ma najwi\u0119cej \u201elajk\u00f3w\u201d. Czy ob\u00f3z KL Auschwitz wyzwoli\u0142y \u00bbB\u0119karty wojny\u00ab z filmu Tarantino? - SI\u0118 MY\u015aLI\" \/>\n<meta property=\"og:description\" content=\"Tym prowokuj\u0105cym tytu\u0142em chc\u0119 uzmys\u0142owi\u0107 Czytelnikom pewien smutny fakt. W erze zdebila\u0142ego spo\u0142ecze\u0144stwa i ludzi-konsument\u00f3w marketowego \u015bcierwa &#8211; \u00a0z ka\u017cdej\" \/>\n<meta property=\"og:url\" content=\"https:\/\/siemysli-ke.info\/en\/w-erze-facebooka-historie-pisze-ten-kto-ma-najwiecej-lajkow-czy-oboz-kl-auschwitz-wyzwolily-bekarty-wojny-z-filmu-tarantino\/\" \/>\n<meta property=\"og:site_name\" content=\"SI\u0118 MY\u015aLI\" \/>\n<meta property=\"article:published_time\" content=\"2015-01-17T21:26:16+00:00\" \/>\n<meta property=\"article:modified_time\" content=\"2015-01-17T22:35:10+00:00\" \/>\n<meta property=\"og:image\" content=\"https:\/\/siemysli-ke.info\/wp-content\/uploads\/2015\/01\/446539.jpg\" \/>\n\t<meta property=\"og:image:width\" content=\"1397\" \/>\n\t<meta property=\"og:image:height\" content=\"991\" \/>\n\t<meta property=\"og:image:type\" content=\"image\/jpeg\" \/>\n<meta name=\"author\" content=\"Jaromir\" \/>\n<meta name=\"twitter:label1\" content=\"Written by\" \/>\n\t<meta name=\"twitter:data1\" content=\"Jaromir\" \/>\n\t<meta name=\"twitter:label2\" content=\"Est. reading time\" \/>\n\t<meta name=\"twitter:data2\" content=\"6 minutes\" \/>\n<script type=\"application\/ld+json\" class=\"yoast-schema-graph\">{\"@context\":\"https:\/\/schema.org\",\"@graph\":[{\"@type\":\"Article\",\"@id\":\"https:\/\/siemysli-ke.info\/en\/w-erze-facebooka-historie-pisze-ten-kto-ma-najwiecej-lajkow-czy-oboz-kl-auschwitz-wyzwolily-bekarty-wojny-z-filmu-tarantino\/#article\",\"isPartOf\":{\"@id\":\"https:\/\/siemysli-ke.info\/en\/w-erze-facebooka-historie-pisze-ten-kto-ma-najwiecej-lajkow-czy-oboz-kl-auschwitz-wyzwolily-bekarty-wojny-z-filmu-tarantino\/\"},\"author\":{\"name\":\"Jaromir\",\"@id\":\"https:\/\/siemysli-ke.info\/#\/schema\/person\/66d741fa745a44f2fe46d112bc6499f2\"},\"headline\":\"W erze Facebooka histori\u0119 pisze ten kto ma najwi\u0119cej \u201elajk\u00f3w\u201d. Czy ob\u00f3z KL Auschwitz wyzwoli\u0142y \u00bbB\u0119karty wojny\u00ab z filmu Tarantino?\",\"datePublished\":\"2015-01-17T21:26:16+00:00\",\"dateModified\":\"2015-01-17T22:35:10+00:00\",\"mainEntityOfPage\":{\"@id\":\"https:\/\/siemysli-ke.info\/en\/w-erze-facebooka-historie-pisze-ten-kto-ma-najwiecej-lajkow-czy-oboz-kl-auschwitz-wyzwolily-bekarty-wojny-z-filmu-tarantino\/\"},\"wordCount\":1198,\"commentCount\":0,\"publisher\":{\"@id\":\"https:\/\/siemysli-ke.info\/#organization\"},\"image\":{\"@id\":\"https:\/\/siemysli-ke.info\/en\/w-erze-facebooka-historie-pisze-ten-kto-ma-najwiecej-lajkow-czy-oboz-kl-auschwitz-wyzwolily-bekarty-wojny-z-filmu-tarantino\/#primaryimage\"},\"thumbnailUrl\":\"https:\/\/siemysli-ke.info\/wp-content\/uploads\/2015\/01\/446539.jpg\",\"keywords\":[\"70 lat od wyzwolenia KL Auschwitz\",\"Aleksander Griszin\",\"B\u0119karty Wojny\",\"Berlin\",\"breaking\",\"Bytom\",\"g\u00f3rny \u015bl\u0105sk\",\"headline\",\"III Rzesza\",\"Jugendamt\",\"kijowski lokal BAR HOT\",\"KL Auschwitz\",\"mi\u0142o\u015b\u0107 do USA\",\"nadludzie\",\"podludzie\",\"Unia Europejska\",\"W\u0142adimir Putin\",\"\u201eKomsomolskaja Prawda\u201d\"],\"articleSection\":[\"Gospodarka i polityka\",\"Rzeczypospolita\"],\"inLanguage\":\"en-US\",\"potentialAction\":[{\"@type\":\"CommentAction\",\"name\":\"Comment\",\"target\":[\"https:\/\/siemysli-ke.info\/en\/w-erze-facebooka-historie-pisze-ten-kto-ma-najwiecej-lajkow-czy-oboz-kl-auschwitz-wyzwolily-bekarty-wojny-z-filmu-tarantino\/#respond\"]}]},{\"@type\":\"WebPage\",\"@id\":\"https:\/\/siemysli-ke.info\/en\/w-erze-facebooka-historie-pisze-ten-kto-ma-najwiecej-lajkow-czy-oboz-kl-auschwitz-wyzwolily-bekarty-wojny-z-filmu-tarantino\/\",\"url\":\"https:\/\/siemysli-ke.info\/en\/w-erze-facebooka-historie-pisze-ten-kto-ma-najwiecej-lajkow-czy-oboz-kl-auschwitz-wyzwolily-bekarty-wojny-z-filmu-tarantino\/\",\"name\":\"W erze Facebooka histori\u0119 pisze ten kto ma najwi\u0119cej \u201elajk\u00f3w\u201d. Czy ob\u00f3z KL Auschwitz wyzwoli\u0142y \u00bbB\u0119karty wojny\u00ab z filmu Tarantino? - SI\u0118 MY\u015aLI\",\"isPartOf\":{\"@id\":\"https:\/\/siemysli-ke.info\/en\/#website\"},\"primaryImageOfPage\":{\"@id\":\"https:\/\/siemysli-ke.info\/en\/w-erze-facebooka-historie-pisze-ten-kto-ma-najwiecej-lajkow-czy-oboz-kl-auschwitz-wyzwolily-bekarty-wojny-z-filmu-tarantino\/#primaryimage\"},\"image\":{\"@id\":\"https:\/\/siemysli-ke.info\/en\/w-erze-facebooka-historie-pisze-ten-kto-ma-najwiecej-lajkow-czy-oboz-kl-auschwitz-wyzwolily-bekarty-wojny-z-filmu-tarantino\/#primaryimage\"},\"thumbnailUrl\":\"https:\/\/siemysli-ke.info\/wp-content\/uploads\/2015\/01\/446539.jpg\",\"datePublished\":\"2015-01-17T21:26:16+00:00\",\"dateModified\":\"2015-01-17T22:35:10+00:00\",\"breadcrumb\":{\"@id\":\"https:\/\/siemysli-ke.info\/en\/w-erze-facebooka-historie-pisze-ten-kto-ma-najwiecej-lajkow-czy-oboz-kl-auschwitz-wyzwolily-bekarty-wojny-z-filmu-tarantino\/#breadcrumb\"},\"inLanguage\":\"en-US\",\"potentialAction\":[{\"@type\":\"ReadAction\",\"target\":[[\"https:\/\/siemysli-ke.info\/en\/w-erze-facebooka-historie-pisze-ten-kto-ma-najwiecej-lajkow-czy-oboz-kl-auschwitz-wyzwolily-bekarty-wojny-z-filmu-tarantino\/\"]]}]},{\"@type\":\"ImageObject\",\"inLanguage\":\"en-US\",\"@id\":\"https:\/\/siemysli-ke.info\/en\/w-erze-facebooka-historie-pisze-ten-kto-ma-najwiecej-lajkow-czy-oboz-kl-auschwitz-wyzwolily-bekarty-wojny-z-filmu-tarantino\/#primaryimage\",\"url\":\"https:\/\/siemysli-ke.info\/wp-content\/uploads\/2015\/01\/446539.jpg\",\"contentUrl\":\"https:\/\/siemysli-ke.info\/wp-content\/uploads\/2015\/01\/446539.jpg\",\"width\":1397,\"height\":991},{\"@type\":\"BreadcrumbList\",\"@id\":\"https:\/\/siemysli-ke.info\/en\/w-erze-facebooka-historie-pisze-ten-kto-ma-najwiecej-lajkow-czy-oboz-kl-auschwitz-wyzwolily-bekarty-wojny-z-filmu-tarantino\/#breadcrumb\",\"itemListElement\":[{\"@type\":\"ListItem\",\"position\":1,\"name\":\"Home\",\"item\":\"https:\/\/siemysli-ke.info\/en\/\"},{\"@type\":\"ListItem\",\"position\":2,\"name\":\"W erze Facebooka histori\u0119 pisze ten kto ma najwi\u0119cej \u201elajk\u00f3w\u201d. Czy ob\u00f3z KL Auschwitz wyzwoli\u0142y \u00bbB\u0119karty wojny\u00ab z filmu Tarantino?\"}]},{\"@type\":\"WebSite\",\"@id\":\"https:\/\/siemysli-ke.info\/en\/#website\",\"url\":\"https:\/\/siemysli-ke.info\/en\/\",\"name\":\"SI\u0118 MY\u015aLI\",\"description\":\"\",\"publisher\":{\"@id\":\"https:\/\/siemysli-ke.info\/en\/#organization\"},\"potentialAction\":[{\"@type\":\"SearchAction\",\"target\":{\"@type\":\"EntryPoint\",\"urlTemplate\":\"https:\/\/siemysli-ke.info\/en\/?s={search_term_string}\"},\"query-input\":{\"@type\":\"PropertyValueSpecification\",\"valueRequired\":true,\"valueName\":\"search_term_string\"}}],\"inLanguage\":\"en-US\"},{\"@type\":\"Organization\",\"@id\":\"https:\/\/siemysli-ke.info\/en\/#organization\",\"name\":\"SI\u0118 MY\u015aLI\",\"url\":\"https:\/\/siemysli-ke.info\/en\/\",\"logo\":{\"@type\":\"ImageObject\",\"inLanguage\":\"en-US\",\"@id\":\"https:\/\/siemysli-ke.info\/en\/#\/schema\/logo\/image\/\",\"url\":\"https:\/\/siemysli-ke.info\/wp-content\/uploads\/2025\/05\/99.png\",\"contentUrl\":\"https:\/\/siemysli-ke.info\/wp-content\/uploads\/2025\/05\/99.png\",\"width\":270,\"height\":204,\"caption\":\"SI\u0118 MY\u015aLI\"},\"image\":{\"@id\":\"https:\/\/siemysli-ke.info\/en\/#\/schema\/logo\/image\/\"}},{\"@type\":\"Person\",\"@id\":\"https:\/\/siemysli-ke.info\/#\/schema\/person\/66d741fa745a44f2fe46d112bc6499f2\",\"name\":\"Jaromir\",\"image\":{\"@type\":\"ImageObject\",\"inLanguage\":\"en-US\",\"@id\":\"https:\/\/siemysli-ke.info\/en\/#\/schema\/person\/image\/\",\"url\":\"https:\/\/secure.gravatar.com\/avatar\/fe881559e8ac8dda20293e9e8317d4678c6ad8f65f85a9ce5e1a87cee56b6198?s=96&d=mm&r=g\",\"contentUrl\":\"https:\/\/secure.gravatar.com\/avatar\/fe881559e8ac8dda20293e9e8317d4678c6ad8f65f85a9ce5e1a87cee56b6198?s=96&d=mm&r=g\",\"caption\":\"Jaromir\"},\"url\":\"https:\/\/siemysli-ke.info\/en\/author\/jaromir\/\"}]}<\/script>\n<!-- \/ Yoast SEO plugin. -->","yoast_head_json":{"title":"W erze Facebooka histori\u0119 pisze ten kto ma najwi\u0119cej \u201elajk\u00f3w\u201d. Czy ob\u00f3z KL Auschwitz wyzwoli\u0142y \u00bbB\u0119karty wojny\u00ab z filmu Tarantino? - SI\u0118 MY\u015aLI","robots":{"index":"index","follow":"follow","max-snippet":"max-snippet:-1","max-image-preview":"max-image-preview:large","max-video-preview":"max-video-preview:-1"},"canonical":"https:\/\/siemysli-ke.info\/en\/w-erze-facebooka-historie-pisze-ten-kto-ma-najwiecej-lajkow-czy-oboz-kl-auschwitz-wyzwolily-bekarty-wojny-z-filmu-tarantino\/","og_locale":"en_US","og_type":"article","og_title":"W erze Facebooka histori\u0119 pisze ten kto ma najwi\u0119cej \u201elajk\u00f3w\u201d. Czy ob\u00f3z KL Auschwitz wyzwoli\u0142y \u00bbB\u0119karty wojny\u00ab z filmu Tarantino? - SI\u0118 MY\u015aLI","og_description":"Tym prowokuj\u0105cym tytu\u0142em chc\u0119 uzmys\u0142owi\u0107 Czytelnikom pewien smutny fakt. W erze zdebila\u0142ego spo\u0142ecze\u0144stwa i ludzi-konsument\u00f3w marketowego \u015bcierwa &#8211; \u00a0z ka\u017cdej","og_url":"https:\/\/siemysli-ke.info\/en\/w-erze-facebooka-historie-pisze-ten-kto-ma-najwiecej-lajkow-czy-oboz-kl-auschwitz-wyzwolily-bekarty-wojny-z-filmu-tarantino\/","og_site_name":"SI\u0118 MY\u015aLI","article_published_time":"2015-01-17T21:26:16+00:00","article_modified_time":"2015-01-17T22:35:10+00:00","og_image":[{"width":1397,"height":991,"url":"https:\/\/siemysli-ke.info\/wp-content\/uploads\/2015\/01\/446539.jpg","type":"image\/jpeg"}],"author":"Jaromir","twitter_misc":{"Written by":"Jaromir","Est. reading time":"6 minutes"},"schema":{"@context":"https:\/\/schema.org","@graph":[{"@type":"Article","@id":"https:\/\/siemysli-ke.info\/en\/w-erze-facebooka-historie-pisze-ten-kto-ma-najwiecej-lajkow-czy-oboz-kl-auschwitz-wyzwolily-bekarty-wojny-z-filmu-tarantino\/#article","isPartOf":{"@id":"https:\/\/siemysli-ke.info\/en\/w-erze-facebooka-historie-pisze-ten-kto-ma-najwiecej-lajkow-czy-oboz-kl-auschwitz-wyzwolily-bekarty-wojny-z-filmu-tarantino\/"},"author":{"name":"Jaromir","@id":"https:\/\/siemysli-ke.info\/#\/schema\/person\/66d741fa745a44f2fe46d112bc6499f2"},"headline":"W erze Facebooka histori\u0119 pisze ten kto ma najwi\u0119cej \u201elajk\u00f3w\u201d. Czy ob\u00f3z KL Auschwitz wyzwoli\u0142y \u00bbB\u0119karty wojny\u00ab z filmu Tarantino?","datePublished":"2015-01-17T21:26:16+00:00","dateModified":"2015-01-17T22:35:10+00:00","mainEntityOfPage":{"@id":"https:\/\/siemysli-ke.info\/en\/w-erze-facebooka-historie-pisze-ten-kto-ma-najwiecej-lajkow-czy-oboz-kl-auschwitz-wyzwolily-bekarty-wojny-z-filmu-tarantino\/"},"wordCount":1198,"commentCount":0,"publisher":{"@id":"https:\/\/siemysli-ke.info\/#organization"},"image":{"@id":"https:\/\/siemysli-ke.info\/en\/w-erze-facebooka-historie-pisze-ten-kto-ma-najwiecej-lajkow-czy-oboz-kl-auschwitz-wyzwolily-bekarty-wojny-z-filmu-tarantino\/#primaryimage"},"thumbnailUrl":"https:\/\/siemysli-ke.info\/wp-content\/uploads\/2015\/01\/446539.jpg","keywords":["70 lat od wyzwolenia KL Auschwitz","Aleksander Griszin","B\u0119karty Wojny","Berlin","breaking","Bytom","g\u00f3rny \u015bl\u0105sk","headline","III Rzesza","Jugendamt","kijowski lokal BAR HOT","KL Auschwitz","mi\u0142o\u015b\u0107 do USA","nadludzie","podludzie","Unia Europejska","W\u0142adimir Putin","\u201eKomsomolskaja Prawda\u201d"],"articleSection":["Gospodarka i polityka","Rzeczypospolita"],"inLanguage":"en-US","potentialAction":[{"@type":"CommentAction","name":"Comment","target":["https:\/\/siemysli-ke.info\/en\/w-erze-facebooka-historie-pisze-ten-kto-ma-najwiecej-lajkow-czy-oboz-kl-auschwitz-wyzwolily-bekarty-wojny-z-filmu-tarantino\/#respond"]}]},{"@type":"WebPage","@id":"https:\/\/siemysli-ke.info\/en\/w-erze-facebooka-historie-pisze-ten-kto-ma-najwiecej-lajkow-czy-oboz-kl-auschwitz-wyzwolily-bekarty-wojny-z-filmu-tarantino\/","url":"https:\/\/siemysli-ke.info\/en\/w-erze-facebooka-historie-pisze-ten-kto-ma-najwiecej-lajkow-czy-oboz-kl-auschwitz-wyzwolily-bekarty-wojny-z-filmu-tarantino\/","name":"W erze Facebooka histori\u0119 pisze ten kto ma najwi\u0119cej \u201elajk\u00f3w\u201d. Czy ob\u00f3z KL Auschwitz wyzwoli\u0142y \u00bbB\u0119karty wojny\u00ab z filmu Tarantino? - SI\u0118 MY\u015aLI","isPartOf":{"@id":"https:\/\/siemysli-ke.info\/en\/#website"},"primaryImageOfPage":{"@id":"https:\/\/siemysli-ke.info\/en\/w-erze-facebooka-historie-pisze-ten-kto-ma-najwiecej-lajkow-czy-oboz-kl-auschwitz-wyzwolily-bekarty-wojny-z-filmu-tarantino\/#primaryimage"},"image":{"@id":"https:\/\/siemysli-ke.info\/en\/w-erze-facebooka-historie-pisze-ten-kto-ma-najwiecej-lajkow-czy-oboz-kl-auschwitz-wyzwolily-bekarty-wojny-z-filmu-tarantino\/#primaryimage"},"thumbnailUrl":"https:\/\/siemysli-ke.info\/wp-content\/uploads\/2015\/01\/446539.jpg","datePublished":"2015-01-17T21:26:16+00:00","dateModified":"2015-01-17T22:35:10+00:00","breadcrumb":{"@id":"https:\/\/siemysli-ke.info\/en\/w-erze-facebooka-historie-pisze-ten-kto-ma-najwiecej-lajkow-czy-oboz-kl-auschwitz-wyzwolily-bekarty-wojny-z-filmu-tarantino\/#breadcrumb"},"inLanguage":"en-US","potentialAction":[{"@type":"ReadAction","target":[["https:\/\/siemysli-ke.info\/en\/w-erze-facebooka-historie-pisze-ten-kto-ma-najwiecej-lajkow-czy-oboz-kl-auschwitz-wyzwolily-bekarty-wojny-z-filmu-tarantino\/"]]}]},{"@type":"ImageObject","inLanguage":"en-US","@id":"https:\/\/siemysli-ke.info\/en\/w-erze-facebooka-historie-pisze-ten-kto-ma-najwiecej-lajkow-czy-oboz-kl-auschwitz-wyzwolily-bekarty-wojny-z-filmu-tarantino\/#primaryimage","url":"https:\/\/siemysli-ke.info\/wp-content\/uploads\/2015\/01\/446539.jpg","contentUrl":"https:\/\/siemysli-ke.info\/wp-content\/uploads\/2015\/01\/446539.jpg","width":1397,"height":991},{"@type":"BreadcrumbList","@id":"https:\/\/siemysli-ke.info\/en\/w-erze-facebooka-historie-pisze-ten-kto-ma-najwiecej-lajkow-czy-oboz-kl-auschwitz-wyzwolily-bekarty-wojny-z-filmu-tarantino\/#breadcrumb","itemListElement":[{"@type":"ListItem","position":1,"name":"Home","item":"https:\/\/siemysli-ke.info\/en\/"},{"@type":"ListItem","position":2,"name":"W erze Facebooka histori\u0119 pisze ten kto ma najwi\u0119cej \u201elajk\u00f3w\u201d. Czy ob\u00f3z KL Auschwitz wyzwoli\u0142y \u00bbB\u0119karty wojny\u00ab z filmu Tarantino?"}]},{"@type":"WebSite","@id":"https:\/\/siemysli-ke.info\/en\/#website","url":"https:\/\/siemysli-ke.info\/en\/","name":"SI\u0118 MY\u015aLI","description":"","publisher":{"@id":"https:\/\/siemysli-ke.info\/en\/#organization"},"potentialAction":[{"@type":"SearchAction","target":{"@type":"EntryPoint","urlTemplate":"https:\/\/siemysli-ke.info\/en\/?s={search_term_string}"},"query-input":{"@type":"PropertyValueSpecification","valueRequired":true,"valueName":"search_term_string"}}],"inLanguage":"en-US"},{"@type":"Organization","@id":"https:\/\/siemysli-ke.info\/en\/#organization","name":"SI\u0118 MY\u015aLI","url":"https:\/\/siemysli-ke.info\/en\/","logo":{"@type":"ImageObject","inLanguage":"en-US","@id":"https:\/\/siemysli-ke.info\/en\/#\/schema\/logo\/image\/","url":"https:\/\/siemysli-ke.info\/wp-content\/uploads\/2025\/05\/99.png","contentUrl":"https:\/\/siemysli-ke.info\/wp-content\/uploads\/2025\/05\/99.png","width":270,"height":204,"caption":"SI\u0118 MY\u015aLI"},"image":{"@id":"https:\/\/siemysli-ke.info\/en\/#\/schema\/logo\/image\/"}},{"@type":"Person","@id":"https:\/\/siemysli-ke.info\/#\/schema\/person\/66d741fa745a44f2fe46d112bc6499f2","name":"Jaromir","image":{"@type":"ImageObject","inLanguage":"en-US","@id":"https:\/\/siemysli-ke.info\/en\/#\/schema\/person\/image\/","url":"https:\/\/secure.gravatar.com\/avatar\/fe881559e8ac8dda20293e9e8317d4678c6ad8f65f85a9ce5e1a87cee56b6198?s=96&d=mm&r=g","contentUrl":"https:\/\/secure.gravatar.com\/avatar\/fe881559e8ac8dda20293e9e8317d4678c6ad8f65f85a9ce5e1a87cee56b6198?s=96&d=mm&r=g","caption":"Jaromir"},"url":"https:\/\/siemysli-ke.info\/en\/author\/jaromir\/"}]}},"_links":{"self":[{"href":"https:\/\/siemysli-ke.info\/en\/wp-json\/wp\/v2\/posts\/14672","targetHints":{"allow":["GET"]}}],"collection":[{"href":"https:\/\/siemysli-ke.info\/en\/wp-json\/wp\/v2\/posts"}],"about":[{"href":"https:\/\/siemysli-ke.info\/en\/wp-json\/wp\/v2\/types\/post"}],"author":[{"embeddable":true,"href":"https:\/\/siemysli-ke.info\/en\/wp-json\/wp\/v2\/users\/7"}],"replies":[{"embeddable":true,"href":"https:\/\/siemysli-ke.info\/en\/wp-json\/wp\/v2\/comments?post=14672"}],"version-history":[{"count":0,"href":"https:\/\/siemysli-ke.info\/en\/wp-json\/wp\/v2\/posts\/14672\/revisions"}],"wp:featuredmedia":[{"embeddable":true,"href":"https:\/\/siemysli-ke.info\/en\/wp-json\/wp\/v2\/media\/14674"}],"wp:attachment":[{"href":"https:\/\/siemysli-ke.info\/en\/wp-json\/wp\/v2\/media?parent=14672"}],"wp:term":[{"taxonomy":"category","embeddable":true,"href":"https:\/\/siemysli-ke.info\/en\/wp-json\/wp\/v2\/categories?post=14672"},{"taxonomy":"post_tag","embeddable":true,"href":"https:\/\/siemysli-ke.info\/en\/wp-json\/wp\/v2\/tags?post=14672"}],"curies":[{"name":"wp","href":"https:\/\/api.w.org\/{rel}","templated":true}]}}