 {"id":14655,"date":"2015-01-14T20:52:31","date_gmt":"2015-01-14T19:52:31","guid":{"rendered":"http:\/\/www.siemysli.info.ke\/?p=14655"},"modified":"2015-01-15T14:22:41","modified_gmt":"2015-01-15T13:22:41","slug":"charlie-hebdo-false-flag","status":"publish","type":"post","link":"https:\/\/siemysli-ke.info\/en\/charlie-hebdo-false-flag\/","title":{"rendered":"&#8220;Charlie Hebdo&#8221; &#8211; false flag?"},"content":{"rendered":"<p style=\"text-align: justify;\"><a href=\"http:\/\/www.siemysli.info.ke\/wp-content\/uploads\/2015\/01\/Rembrandt_aux_yeux_hagards.jpg\" rel=\"lightbox[14655]\"><img decoding=\"async\" class=\"alignleft size-medium wp-image-14656\" src=\"http:\/\/www.siemysli.info.ke\/wp-content\/uploads\/2015\/01\/Rembrandt_aux_yeux_hagards-295x300.jpg\" alt=\"Rembrandt_aux_yeux_hagards\" width=\"295\" height=\"300\" srcset=\"https:\/\/siemysli-ke.info\/wp-content\/uploads\/2015\/01\/Rembrandt_aux_yeux_hagards-295x300.jpg 295w, https:\/\/siemysli-ke.info\/wp-content\/uploads\/2015\/01\/Rembrandt_aux_yeux_hagards-64x64.jpg 64w, https:\/\/siemysli-ke.info\/wp-content\/uploads\/2015\/01\/Rembrandt_aux_yeux_hagards.jpg 492w\" sizes=\"(max-width: 295px) 100vw, 295px\" \/><\/a>Od wielu lat interesuj\u0119 si\u0119 filmem, nami\u0119tnie ogl\u0105dam r\u00f3wnie\u017c amatorskie nagrania w serwisie <em>You Tube<\/em>. Wobec tak posuni\u0119tego rozwoju nowoczesnych technologii, prawie ka\u017cdy obywatel naszego globu jest w stanie dzi\u015b sfilmowa\u0107 b\u0105d\u017a zarejestrowa\u0107 &#8211; potem za\u015b opublikowa\u0107 jakie\u015b zdarzenie &#8211; <em>smartfonem<\/em>, <em>tabletem<\/em> czy nawet najta\u0144szym telefonem kom\u00f3rkowym, maj\u0105cym opcj\u0119 nagrywania film\u00f3w. Tylko kwesti\u0105 czasu by\u0142 fakt udost\u0119pnienia opinii publicznej jakiego\u015b amatorskiego nagrania z ataku na parysk\u0105 redakcj\u0119 \u00a0\u201eCharlie Hebdo\u201d. Czeka\u0142 na to ca\u0142y \u015bwiat i tak te\u017c si\u0119 sta\u0142o. W Sieci pojawi\u0142 si\u0119 kr\u00f3tki materia\u0142, ukazuj\u0105cy dw\u00f3ch zamachowc\u00f3w, kt\u00f3rzy wyszli ju\u017c z budynku, gdzie mie\u015bci\u0142a si\u0119 redakcja magazynu satyrycznego. Smaczku dodaje fakt, \u017ce kolegium redakcyjne zbiera\u0142o si\u0119 w \u201ekonspiracji\u201d w wiadomym tylko sobie czasie i nikt postronny nie m\u00f3g\u0142 o tym wiedzie\u0107. Podyktowane to by\u0142o faktem, i\u017c redakcja co i rusz dostawa\u0142a jakie\u015b pogr\u00f3\u017cki od dotkni\u0119tych niewyszukanymi, niestety, \u017cartami grup wyznaniowych czy postronnych obywateli. Gdy redaktorzy spotykali si\u0119, by om\u00f3wi\u0107 wydanie kolejnego numeru &#8211; zawsze dostawali os\u0142on\u0119 policyjn\u0105 (jak wa\u017cni dla brukselskiej Europy musz\u0105 by\u0107 wydawcy \u201eCharlie Hebdo\u201d)!!! Tym razem jednak by\u0142o inaczej&#8230; Wr\u00f3cmy do samego \u201eamatorskiego\u201d filmiku, jaki tu\u017c po zamachu ukaza\u0142 si\u0119 w Necie. Osoba filmuj\u0105ca (tu zachowa\u0142a si\u0119 jak profesjonalny filmowiec, co najmniej &#8211; reporter wojenny &#8211; bez podniecenia, adrenaliny, dr\u017cenia r\u0119ki) nagrywa kolejne sekwencje dramatycznych zdarze\u0144. Zwolennicy teorii spiskowych podkre\u015blaj\u0105 dziwnie sterylny, wyciszony g\u0142os nagrania, ja dodam co\u015b jeszcze. Pary\u017c (jest jasno), tote\u017c to pewnie wczesne godziny ranne. Stolica kraju. Zgie\u0142k, kakofonia, rozmowy, przeje\u017cd\u017caj\u0105ce auta itp. W ka\u017cdym du\u017cym mie\u015bcie ludzie rano gdzie\u015b si\u0119 przemieszczaj\u0105, dok\u0105d\u015b spiesz\u0105 itp. Co widzimy na obrazie? <strong>Pusto &#8211; tak jakby zdarzenie mia\u0142o miejsce przy odci\u0119tym kwartale ulic <\/strong>&#8211; sk\u0105din\u0105d wiemy, i\u017c\u00a0 policja by\u0142a jeszcze w drodze&#8230;<\/p>\n<p style=\"text-align: justify;\">Zamachowcy zachowuj\u0105 si\u0119 bardzo \u201eprofesjonalnie\u201d, spokojnie, bez po\u015bpiechu likwiduj\u0105 \u015bwiadk\u00f3w &#8211; rannego policjanta (kula odbija si\u0119 rykoszetem od bruku, strza\u0142 nie by\u0142 wi\u0119c egzekucj\u0105) &#8211; wystarczy spojrze\u0107 na spos\u00f3b poruszania si\u0119, trzymania broni AK 47 i celowania z niej. Nie brak im ani spokoju ani metodyki dzia\u0142ania. S\u0105 jak jednostka specjalna &#8211; a nie dzieciaki z biednych dom\u00f3w, ow\u0142adni\u0119te zabijaniem dla chwa\u0142y Allaha. Bracia Kouachi byli amatorami, cho\u0107 od 10 lat utrzymywali pono\u0107 kontakt z d\u017cihadystami i pr\u00f3bowali wyjecha\u0107 na \u015awi\u0119t\u0105 Wojn\u0119 do Iraku. Bycie zamachowcem, ci\u0119\u017car zadania &#8211; wywo\u0142uj\u0105 stres. To on zdradza zamachowc\u00f3w-samob\u00f3jc\u00f3w, kt\u00f3rzy cz\u0119sto w Strefie Gazy zabijani s\u0105 jeszcze przed dokonaniem zamachu. Tu mieli\u015bmy do czynienia z czym\u015b bardziej skomplikowanym, jak napad z broni\u0105 w r\u0119ku. Zdarzenia takie cechuje chaos, sytuacje nieprzewidziane &#8211; np. wymiana ognia z policj\u0105, kt\u00f3ra cz\u0119sto pojawia si\u0119 ju\u017c po kilku minutach. I&#8230; wielki po\u015bpiech. W redakcji tygodnika \u201eCharlie Hebdo\u201d bracia Kouachi urz\u0105dzili metodyczn\u0105 egzekucj\u0119, z wyczytywaniem nazwisk swych ofiar. Co ciekawe, nie zniszczono samej redakcji oraz jej archiwum, co by\u0142oby ko\u0144cem pisma, a skoncentrowano si\u0119 na autorach rysunk\u00f3w. Jeden z zamachowc\u00f3w, Cherif Kouachi, powiedzia\u0142 francuskiej telewizji BFM TV, \u017ce zosta\u0142 wys\u0142any przez <em>al-Khaid\u0119<\/em> w Jemenie. Ta zreszt\u0105 grupa przyzna\u0142a si\u0119 do zamachu. Nie by\u0142 wi\u0119c anonimowym, francuskim emigrantem z ghetta na przedmie\u015bciach stolicy. Starszy ze sprawc\u00f3w zamachu by\u0142 ju\u017c bowiem zaanga\u017cowany w werbunek d\u017cihadyst\u00f3w do Iraku i odsiedzia\u0142 za to tylko 1,5 roku, potem za\u015b &#8211; jak wida\u0107 &#8211; nie pozostawa\u0142 pod kontrol\u0105 s\u0142u\u017cb specjalnych! Nie widzia\u0142y one potrzeb, by si\u0119 nim interesowa\u0107, ale \u00a0jako potencjalny zamachowiec by\u0142 idealnym celem do wytypowania ju\u017c po kilku godzinach!!! Policja, maj\u0105c swoich informator\u00f3w r\u00f3wnie\u017c w \u015brodowisku skrajnych fundamentalist\u00f3w, nie widzia\u0142a potrzeby kontroli nad radykalizuj\u0105cym si\u0119 m\u0142odzie\u0144cem. W mi\u0119dzyczasie \u00f3w m\u0142ody cz\u0142owiek zosta\u0142 wyszkolony, wyekwipowany w karabiny maszynowe, \u0142adunki wybuchowe etc. Wynaj\u0119to mu te\u017c mieszkanie, gdzie trzyma\u0142 obci\u0105\u017cajace go materia\u0142y. Jego mocodawcy byli tak sprytni, \u017ce pod nosem policji wyekwipowali \u201espalonego\u201d, bo notowanego w kartotekach policyjnych, towarzysza. Odje\u017cd\u017caj\u0105c z miejsca zdarzenia szukani byli przez wiele godzin, nim znaleziono ich, ukrywaj\u0105cych si\u0119 w budynku drukarni. Stolica Francji jest (podobnie, jak stolica Wielkiej Brytanii) upstrzona kamerami monitoringu miejskiego &#8211; mimo to zamachowcom uda\u0142o si\u0119 umkn\u0105\u0107 ob\u0142awie. \u00a0Zagrali w ten spos\u00f3b na nosie policji i oddzia\u0142om wojska &#8211; ludziom, \u015bci\u0105gnietym z ca\u0142ej Francj!<\/p>\n<p style=\"text-align: justify;\"><a href=\"http:\/\/www.siemysli.info.ke\/wp-content\/uploads\/2015\/01\/zdziwienie4.jpg\" rel=\"lightbox[14655]\"><img decoding=\"async\" class=\"alignleft size-medium wp-image-14657\" src=\"http:\/\/www.siemysli.info.ke\/wp-content\/uploads\/2015\/01\/zdziwienie4-300x260.jpg\" alt=\"zdziwienie4\" width=\"300\" height=\"260\" srcset=\"https:\/\/siemysli-ke.info\/wp-content\/uploads\/2015\/01\/zdziwienie4-300x260.jpg 300w, https:\/\/siemysli-ke.info\/wp-content\/uploads\/2015\/01\/zdziwienie4.jpg 442w\" sizes=\"(max-width: 300px) 100vw, 300px\" \/><\/a>Amedy Coulibaly, kt\u00f3ry wzi\u0105\u0142 zak\u0142adnik\u00f3w w sklepie koszernym, by\u0142 \u201epodobno\u201d wsp\u00f3lnikiem terroryst\u00f3w, winnych masakry w redakcji. Tego z kolei nie wys\u0142a\u0142a <em>al-Khaida<\/em> a \u00a0\u201ekonkurencyjne\u201d\u00a0 Pa\u0144stwo Islamskie (w Syrii oba te ugrupowania walcz\u0105 ze sob\u0105.<em> Al Khaida<\/em>\u00a0wchodzi w sk\u0142ad<em> Wolnej Armii Syrii<\/em>, wspieranej logistycznie i militarnie przez&#8230; USA (tak, przez USA!) a ISIS jest ugrupowaniem, powi\u0119kszajacym terytoria Kalifatu). W roku 2009 Amedy Coulibaly mia\u0142 bezpo\u015bredni dost\u0119p do \u00f3wczesnego prezydenta Francji, Nicolasa Sarkozy.<\/p>\n<p style=\"text-align: justify;\">By\u0142o to podczas konferencji, kt\u00f3r\u0105 prezydent zorganizowa\u0142 w Pa\u0142acu Elizejskim. Zaprosi\u0142 na ni\u0105 kilkuset m\u0142odych ludzi, w\u015br\u00f3d nich by\u0142 te\u017c Coulibaly. Podczas spotkania rozmawiano o kwestiach zatrudnienia i bezrobocia. \u00d3w ch\u0142opak, wsp\u00f3lnie z dziewczyn\u0105, dokonali ataku na sklep \u017cydowski, co nie by\u0142o uderzeniem w \u015awiat Zachodni &#8211; lecz w g\u0142\u00f3wnego wroga Arab\u00f3w &#8211; Izrael. Jak wida\u0107, oba zamachy maj\u0105 na celu wywo\u0142anie r\u00f3\u017cnych emocji. Egzekucja satyrycznych rysownik\u00f3w by\u0142a eliminacj\u0105 blu\u017anierc\u00f3w religijnych, za\u015b atak na sklep koszerny by\u0142 polityczn\u0105 deklaracj\u0105 \u00a0walki o woln\u0105 Palestyn\u0119. Policja francuska od tego momentu dzia\u0142a\u0142a bardzo szybko. Podejrzani zostali wykryci i wyeliminowani w drukarni w podparyskiej miejscowo\u015bci a trzeci z zamachowc\u00f3w zosta\u0142 zastrzelony w sklepie. Do sukcesu brakuje aresztowania dziewczyny. Ta przez nikogo nie niepokojona dotar\u0142a podobno do Turcji (sojusznika USA!), stamt\u0105d z kolei wyjecha\u0142a do Syrii.<\/p>\n<p style=\"text-align: justify;\">Pojawiaj\u0105 si\u0119 w Sieci teorie False Flag, kt\u00f3re wzbudzaj\u0105 zaintersowanie os\u00f3b, interesuj\u0105cych si\u0119 globaln\u0105 polityk\u0105.<\/p>\n<p style=\"text-align: justify;\">Czy kto\u015b m\u00f3g\u0142by chcie\u0107 wznieci\u0107 wielorasow\u0105 wojn\u0119 i po\u017car w sercu multikulturowej Europy?<\/p>\n<p style=\"text-align: justify;\">USA i Izrael nie by\u0142y uszcz\u0119\u015bliwione ostatnimi doniesieniami z Francji &#8211; ta bowiem jednostronnie zamanifestowa\u0142a ch\u0119\u0107 zniesienia sankcji wobec Rosji a tu\u017c po zamachu Izrael og\u0142osi\u0142 ch\u0119\u0107 przyj\u0119cia tych \u017byd\u00f3w z Francji, kt\u00f3rzy nie czuj\u0105 si\u0119 ju\u017c bezpieczni w Europie.<\/p>\n<p style=\"text-align: justify;\">Rosja na \u0142amach \u201ePrawdy\u201d i innych gazet oskar\u017ca USA, kt\u00f3re w\/g Kremla chc\u0105 doprowadzi\u0107 do III wojny \u015bwiatowej.<\/p>\n<p style=\"text-align: justify;\">Pawe\u0142 Gubariew, \u201eludowy gubernator Noworosji\u201d, \u00a0w sobot\u0119 &#8211; 10. stycznia, wyda\u0142 oficjalne o\u015bwiadczenie. Stwierdzi\u0142, \u017ce posiada \u201eniezbite dowody\u201d potwierdzaj\u0105ce, i\u017c za zamachami w Pary\u017cu sta\u0142 czecze\u0144ski prezydent Ramzan Kadyrow, kt\u00f3ry wynaj\u0105\u0142 zamachowc\u00f3w.<\/p>\n<p style=\"text-align: justify;\">Pewne jest jedno &#8211; za zamachem p\u00f3jd\u0105 restrykcje, jakie panstwa UE na\u0142o\u017c\u0105 na swoich obywateli w imi\u0119 \u00a0\u201eich w\u0142asnego bezpiecze\u0144stwa\u201d. Uszczelnienie granic Strefy Schengen, ograniczenie swob\u00f3d obywatelskich, by\u0107 mo\u017ce pakiet antyterrorystyczny (na wz\u00f3r ameryka\u0144skiego\u00a0<em>Patriot Act<\/em>)&#8230;<\/p>\n<p style=\"text-align: justify;\">Gazeta \u00a0\u201eCharlie Hebdo\u201d, niesiona poparciem milion\u00f3w, postanowi\u0142a wypu\u015bci\u0107 sw\u00f3j kolejny numer w zupe\u0142nie innej formie. Wyjdzie on w kilkunastu j\u0119zykach i nak\u0142adzie nie oko\u0142o 60 tysi\u0119cy egzemplarzy, ale &#8211; w przypadku najbli\u017cszego wydania &#8211; a\u017c 5 milion\u00f3w sztuk!<\/p>\n<p style=\"text-align: justify;\"><a href=\"http:\/\/www.siemysli.info.ke\/wp-content\/uploads\/2015\/01\/705008__assustado-wallpaper-parede-papel-memes_p.jpg\" rel=\"lightbox[14655]\"><img decoding=\"async\" class=\"alignleft size-medium wp-image-14658\" src=\"http:\/\/www.siemysli.info.ke\/wp-content\/uploads\/2015\/01\/705008__assustado-wallpaper-parede-papel-memes_p-300x187.jpg\" alt=\"705008__assustado-wallpaper-parede-papel-memes_p\" width=\"300\" height=\"187\" srcset=\"https:\/\/siemysli-ke.info\/wp-content\/uploads\/2015\/01\/705008__assustado-wallpaper-parede-papel-memes_p-300x187.jpg 300w, https:\/\/siemysli-ke.info\/wp-content\/uploads\/2015\/01\/705008__assustado-wallpaper-parede-papel-memes_p.jpg 969w\" sizes=\"(max-width: 300px) 100vw, 300px\" \/><\/a>Na ok\u0142adce najnowszej edycji \u201eCharlie Hebdo\u201d, przygotowanej przez ocala\u0142ych z ubieg\u0142otygodniowego ataku na redakcj\u0119 w Pary\u017cu, zamieszczono rysunek Mahometa na zielonym tle, ze \u0142z\u0105 w oku, trzymaj\u0105cego kartk\u0119 z napisem: \u00a0\u201eJestem Charlie\u201d. Nad podobizn\u0105 proroka widniej\u0105 s\u0142owa: \u201eWszystko zosta\u0142o przebaczone\u201d.<\/p>\n<p style=\"text-align: justify;\"><strong>PS:<\/strong> Fa\u0142szerstwo medi\u00f3w mamy nawet tutaj &#8211; oto PRAWDZIWA demonstracja unijnych<em> boss\u00f3w<\/em>\u00a0&#8211; NIE BYLI z t\u0142umem, na potrzeby TV i fotoreporter\u00f3w prasowych zainscenizowano tylko scen\u0119 typu \u201epolitycy z ludem\u201d:<\/p>\n<p style=\"text-align: justify;\">http:\/\/www.independent.co.uk\/news\/world\/europe\/paris-march-tv-wide-shots-reveal-a-different-perspective-on-world-leaders-at-largest-demonstration-in-frances-history-9972895.html<\/p>\n<p style=\"text-align: justify;\"><strong>Co jeszcze drogie lemingi\/pokemony mo\u017cna wam wcisn\u0105\u0107???<\/strong><\/p>\n<p style=\"text-align: right;\">\u00a0<strong>Roman Boryczko<\/strong>,<\/p>\n<p style=\"text-align: right;\"><em>\u00a0stycze\u0144 2015\u00a0<\/em><\/p>\n","protected":false},"excerpt":{"rendered":"<p>Od wielu lat interesuj\u0119 si\u0119 filmem, nami\u0119tnie ogl\u0105dam r\u00f3wnie\u017c amatorskie nagrania w serwisie You Tube. Wobec tak posuni\u0119tego rozwoju nowoczesnych<\/p>\n","protected":false},"author":7,"featured_media":14656,"comment_status":"open","ping_status":"open","sticky":false,"template":"","format":"standard","meta":{"colormag_page_layout":"default_layout","footnotes":""},"categories":[7,6],"tags":[1739,1805,89,1814,1807,1809,1808,92,1810,1804,1769,1803,1813,1740,1768,1811,1802,1642,1812,1806],"class_list":["post-14655","post","type-post","status-publish","format-standard","has-post-thumbnail","hentry","category-gospodarka","category-ue","tag-charlie-hebdo","tag-amedy-coulibaly","tag-breaking","tag-brukselska-europa","tag-cherif-kouachi","tag-chwala-allaha","tag-dzihadysci","tag-headline","tag-mahomet","tag-multikulturowa-europa","tag-nicolas-sarkozy","tag-operacja-false-flag","tag-panstwa-unii-europejskiej","tag-panstwo-islamskie","tag-paryz","tag-pawel-gubariew","tag-palac-elizejski","tag-ramzan-kadyrow","tag-strefa-schengen","tag-wolna-armia-syrii"],"yoast_head":"<!-- This site is optimized with the Yoast SEO plugin v25.1 - https:\/\/yoast.com\/wordpress\/plugins\/seo\/ -->\n<title>&quot;Charlie Hebdo&quot; - false flag? - SI\u0118 MY\u015aLI<\/title>\n<meta name=\"robots\" content=\"index, follow, max-snippet:-1, max-image-preview:large, max-video-preview:-1\" \/>\n<link rel=\"canonical\" href=\"https:\/\/siemysli-ke.info\/en\/charlie-hebdo-false-flag\/\" \/>\n<meta property=\"og:locale\" content=\"en_US\" \/>\n<meta property=\"og:type\" content=\"article\" \/>\n<meta property=\"og:title\" content=\"&quot;Charlie Hebdo&quot; - false flag? - SI\u0118 MY\u015aLI\" \/>\n<meta property=\"og:description\" content=\"Od wielu lat interesuj\u0119 si\u0119 filmem, nami\u0119tnie ogl\u0105dam r\u00f3wnie\u017c amatorskie nagrania w serwisie You Tube. Wobec tak posuni\u0119tego rozwoju nowoczesnych\" \/>\n<meta property=\"og:url\" content=\"https:\/\/siemysli-ke.info\/en\/charlie-hebdo-false-flag\/\" \/>\n<meta property=\"og:site_name\" content=\"SI\u0118 MY\u015aLI\" \/>\n<meta property=\"article:published_time\" content=\"2015-01-14T19:52:31+00:00\" \/>\n<meta property=\"article:modified_time\" content=\"2015-01-15T13:22:41+00:00\" \/>\n<meta property=\"og:image\" content=\"https:\/\/siemysli-ke.info\/wp-content\/uploads\/2015\/01\/Rembrandt_aux_yeux_hagards.jpg\" \/>\n\t<meta property=\"og:image:width\" content=\"492\" \/>\n\t<meta property=\"og:image:height\" content=\"499\" \/>\n\t<meta property=\"og:image:type\" content=\"image\/jpeg\" \/>\n<meta name=\"author\" content=\"Jaromir\" \/>\n<meta name=\"twitter:label1\" content=\"Written by\" \/>\n\t<meta name=\"twitter:data1\" content=\"Jaromir\" \/>\n\t<meta name=\"twitter:label2\" content=\"Est. reading time\" \/>\n\t<meta name=\"twitter:data2\" content=\"7 minutes\" \/>\n<script type=\"application\/ld+json\" class=\"yoast-schema-graph\">{\"@context\":\"https:\/\/schema.org\",\"@graph\":[{\"@type\":\"Article\",\"@id\":\"https:\/\/siemysli-ke.info\/en\/charlie-hebdo-false-flag\/#article\",\"isPartOf\":{\"@id\":\"https:\/\/siemysli-ke.info\/en\/charlie-hebdo-false-flag\/\"},\"author\":{\"name\":\"Jaromir\",\"@id\":\"https:\/\/siemysli-ke.info\/#\/schema\/person\/66d741fa745a44f2fe46d112bc6499f2\"},\"headline\":\"&#8220;Charlie Hebdo&#8221; &#8211; false flag?\",\"datePublished\":\"2015-01-14T19:52:31+00:00\",\"dateModified\":\"2015-01-15T13:22:41+00:00\",\"mainEntityOfPage\":{\"@id\":\"https:\/\/siemysli-ke.info\/en\/charlie-hebdo-false-flag\/\"},\"wordCount\":1339,\"commentCount\":0,\"publisher\":{\"@id\":\"https:\/\/siemysli-ke.info\/#organization\"},\"image\":{\"@id\":\"https:\/\/siemysli-ke.info\/en\/charlie-hebdo-false-flag\/#primaryimage\"},\"thumbnailUrl\":\"https:\/\/siemysli-ke.info\/wp-content\/uploads\/2015\/01\/Rembrandt_aux_yeux_hagards.jpg\",\"keywords\":[\"\\\"Charlie Hebdo\\\"\",\"Amedy Coulibaly\",\"breaking\",\"brukselska Europa\",\"Cherif Kouachi\",\"chwa\u0142a Allaha\",\"d\u017cihady\u015bci\",\"headline\",\"Mahomet\",\"multikulturowa Europa\",\"Nicolas Sarkozy\",\"operacja false flag\",\"pa\u0144stwa Unii Europejskiej\",\"Pa\u0144stwo Islamskie\",\"Pary\u017c\",\"Pawe\u0142 Gubariew\",\"Pa\u0142ac Elizejski\",\"Ramzan Kadyrow\",\"Strefa Schengen\",\"Wolna Armia Syrii\"],\"articleSection\":[\"Gospodarka i polityka\",\"Unia Europejska\"],\"inLanguage\":\"en-US\",\"potentialAction\":[{\"@type\":\"CommentAction\",\"name\":\"Comment\",\"target\":[\"https:\/\/siemysli-ke.info\/en\/charlie-hebdo-false-flag\/#respond\"]}]},{\"@type\":\"WebPage\",\"@id\":\"https:\/\/siemysli-ke.info\/en\/charlie-hebdo-false-flag\/\",\"url\":\"https:\/\/siemysli-ke.info\/en\/charlie-hebdo-false-flag\/\",\"name\":\"\\\"Charlie Hebdo\\\" - false flag? - SI\u0118 MY\u015aLI\",\"isPartOf\":{\"@id\":\"https:\/\/siemysli-ke.info\/en\/#website\"},\"primaryImageOfPage\":{\"@id\":\"https:\/\/siemysli-ke.info\/en\/charlie-hebdo-false-flag\/#primaryimage\"},\"image\":{\"@id\":\"https:\/\/siemysli-ke.info\/en\/charlie-hebdo-false-flag\/#primaryimage\"},\"thumbnailUrl\":\"https:\/\/siemysli-ke.info\/wp-content\/uploads\/2015\/01\/Rembrandt_aux_yeux_hagards.jpg\",\"datePublished\":\"2015-01-14T19:52:31+00:00\",\"dateModified\":\"2015-01-15T13:22:41+00:00\",\"breadcrumb\":{\"@id\":\"https:\/\/siemysli-ke.info\/en\/charlie-hebdo-false-flag\/#breadcrumb\"},\"inLanguage\":\"en-US\",\"potentialAction\":[{\"@type\":\"ReadAction\",\"target\":[[\"https:\/\/siemysli-ke.info\/en\/charlie-hebdo-false-flag\/\"]]}]},{\"@type\":\"ImageObject\",\"inLanguage\":\"en-US\",\"@id\":\"https:\/\/siemysli-ke.info\/en\/charlie-hebdo-false-flag\/#primaryimage\",\"url\":\"https:\/\/siemysli-ke.info\/wp-content\/uploads\/2015\/01\/Rembrandt_aux_yeux_hagards.jpg\",\"contentUrl\":\"https:\/\/siemysli-ke.info\/wp-content\/uploads\/2015\/01\/Rembrandt_aux_yeux_hagards.jpg\",\"width\":492,\"height\":499},{\"@type\":\"BreadcrumbList\",\"@id\":\"https:\/\/siemysli-ke.info\/en\/charlie-hebdo-false-flag\/#breadcrumb\",\"itemListElement\":[{\"@type\":\"ListItem\",\"position\":1,\"name\":\"Home\",\"item\":\"https:\/\/siemysli-ke.info\/en\/\"},{\"@type\":\"ListItem\",\"position\":2,\"name\":\"&#8220;Charlie Hebdo&#8221; &#8211; false flag?\"}]},{\"@type\":\"WebSite\",\"@id\":\"https:\/\/siemysli-ke.info\/en\/#website\",\"url\":\"https:\/\/siemysli-ke.info\/en\/\",\"name\":\"SI\u0118 MY\u015aLI\",\"description\":\"\",\"publisher\":{\"@id\":\"https:\/\/siemysli-ke.info\/en\/#organization\"},\"potentialAction\":[{\"@type\":\"SearchAction\",\"target\":{\"@type\":\"EntryPoint\",\"urlTemplate\":\"https:\/\/siemysli-ke.info\/en\/?s={search_term_string}\"},\"query-input\":{\"@type\":\"PropertyValueSpecification\",\"valueRequired\":true,\"valueName\":\"search_term_string\"}}],\"inLanguage\":\"en-US\"},{\"@type\":\"Organization\",\"@id\":\"https:\/\/siemysli-ke.info\/en\/#organization\",\"name\":\"SI\u0118 MY\u015aLI\",\"url\":\"https:\/\/siemysli-ke.info\/en\/\",\"logo\":{\"@type\":\"ImageObject\",\"inLanguage\":\"en-US\",\"@id\":\"https:\/\/siemysli-ke.info\/en\/#\/schema\/logo\/image\/\",\"url\":\"https:\/\/siemysli-ke.info\/wp-content\/uploads\/2025\/05\/99.png\",\"contentUrl\":\"https:\/\/siemysli-ke.info\/wp-content\/uploads\/2025\/05\/99.png\",\"width\":270,\"height\":204,\"caption\":\"SI\u0118 MY\u015aLI\"},\"image\":{\"@id\":\"https:\/\/siemysli-ke.info\/en\/#\/schema\/logo\/image\/\"}},{\"@type\":\"Person\",\"@id\":\"https:\/\/siemysli-ke.info\/#\/schema\/person\/66d741fa745a44f2fe46d112bc6499f2\",\"name\":\"Jaromir\",\"image\":{\"@type\":\"ImageObject\",\"inLanguage\":\"en-US\",\"@id\":\"https:\/\/siemysli-ke.info\/en\/#\/schema\/person\/image\/\",\"url\":\"https:\/\/secure.gravatar.com\/avatar\/fe881559e8ac8dda20293e9e8317d4678c6ad8f65f85a9ce5e1a87cee56b6198?s=96&d=mm&r=g\",\"contentUrl\":\"https:\/\/secure.gravatar.com\/avatar\/fe881559e8ac8dda20293e9e8317d4678c6ad8f65f85a9ce5e1a87cee56b6198?s=96&d=mm&r=g\",\"caption\":\"Jaromir\"},\"url\":\"https:\/\/siemysli-ke.info\/en\/author\/jaromir\/\"}]}<\/script>\n<!-- \/ Yoast SEO plugin. -->","yoast_head_json":{"title":"\"Charlie Hebdo\" - false flag? - SI\u0118 MY\u015aLI","robots":{"index":"index","follow":"follow","max-snippet":"max-snippet:-1","max-image-preview":"max-image-preview:large","max-video-preview":"max-video-preview:-1"},"canonical":"https:\/\/siemysli-ke.info\/en\/charlie-hebdo-false-flag\/","og_locale":"en_US","og_type":"article","og_title":"\"Charlie Hebdo\" - false flag? - SI\u0118 MY\u015aLI","og_description":"Od wielu lat interesuj\u0119 si\u0119 filmem, nami\u0119tnie ogl\u0105dam r\u00f3wnie\u017c amatorskie nagrania w serwisie You Tube. Wobec tak posuni\u0119tego rozwoju nowoczesnych","og_url":"https:\/\/siemysli-ke.info\/en\/charlie-hebdo-false-flag\/","og_site_name":"SI\u0118 MY\u015aLI","article_published_time":"2015-01-14T19:52:31+00:00","article_modified_time":"2015-01-15T13:22:41+00:00","og_image":[{"width":492,"height":499,"url":"https:\/\/siemysli-ke.info\/wp-content\/uploads\/2015\/01\/Rembrandt_aux_yeux_hagards.jpg","type":"image\/jpeg"}],"author":"Jaromir","twitter_misc":{"Written by":"Jaromir","Est. reading time":"7 minutes"},"schema":{"@context":"https:\/\/schema.org","@graph":[{"@type":"Article","@id":"https:\/\/siemysli-ke.info\/en\/charlie-hebdo-false-flag\/#article","isPartOf":{"@id":"https:\/\/siemysli-ke.info\/en\/charlie-hebdo-false-flag\/"},"author":{"name":"Jaromir","@id":"https:\/\/siemysli-ke.info\/#\/schema\/person\/66d741fa745a44f2fe46d112bc6499f2"},"headline":"&#8220;Charlie Hebdo&#8221; &#8211; false flag?","datePublished":"2015-01-14T19:52:31+00:00","dateModified":"2015-01-15T13:22:41+00:00","mainEntityOfPage":{"@id":"https:\/\/siemysli-ke.info\/en\/charlie-hebdo-false-flag\/"},"wordCount":1339,"commentCount":0,"publisher":{"@id":"https:\/\/siemysli-ke.info\/#organization"},"image":{"@id":"https:\/\/siemysli-ke.info\/en\/charlie-hebdo-false-flag\/#primaryimage"},"thumbnailUrl":"https:\/\/siemysli-ke.info\/wp-content\/uploads\/2015\/01\/Rembrandt_aux_yeux_hagards.jpg","keywords":["\"Charlie Hebdo\"","Amedy Coulibaly","breaking","brukselska Europa","Cherif Kouachi","chwa\u0142a Allaha","d\u017cihady\u015bci","headline","Mahomet","multikulturowa Europa","Nicolas Sarkozy","operacja false flag","pa\u0144stwa Unii Europejskiej","Pa\u0144stwo Islamskie","Pary\u017c","Pawe\u0142 Gubariew","Pa\u0142ac Elizejski","Ramzan Kadyrow","Strefa Schengen","Wolna Armia Syrii"],"articleSection":["Gospodarka i polityka","Unia Europejska"],"inLanguage":"en-US","potentialAction":[{"@type":"CommentAction","name":"Comment","target":["https:\/\/siemysli-ke.info\/en\/charlie-hebdo-false-flag\/#respond"]}]},{"@type":"WebPage","@id":"https:\/\/siemysli-ke.info\/en\/charlie-hebdo-false-flag\/","url":"https:\/\/siemysli-ke.info\/en\/charlie-hebdo-false-flag\/","name":"\"Charlie Hebdo\" - false flag? - SI\u0118 MY\u015aLI","isPartOf":{"@id":"https:\/\/siemysli-ke.info\/en\/#website"},"primaryImageOfPage":{"@id":"https:\/\/siemysli-ke.info\/en\/charlie-hebdo-false-flag\/#primaryimage"},"image":{"@id":"https:\/\/siemysli-ke.info\/en\/charlie-hebdo-false-flag\/#primaryimage"},"thumbnailUrl":"https:\/\/siemysli-ke.info\/wp-content\/uploads\/2015\/01\/Rembrandt_aux_yeux_hagards.jpg","datePublished":"2015-01-14T19:52:31+00:00","dateModified":"2015-01-15T13:22:41+00:00","breadcrumb":{"@id":"https:\/\/siemysli-ke.info\/en\/charlie-hebdo-false-flag\/#breadcrumb"},"inLanguage":"en-US","potentialAction":[{"@type":"ReadAction","target":[["https:\/\/siemysli-ke.info\/en\/charlie-hebdo-false-flag\/"]]}]},{"@type":"ImageObject","inLanguage":"en-US","@id":"https:\/\/siemysli-ke.info\/en\/charlie-hebdo-false-flag\/#primaryimage","url":"https:\/\/siemysli-ke.info\/wp-content\/uploads\/2015\/01\/Rembrandt_aux_yeux_hagards.jpg","contentUrl":"https:\/\/siemysli-ke.info\/wp-content\/uploads\/2015\/01\/Rembrandt_aux_yeux_hagards.jpg","width":492,"height":499},{"@type":"BreadcrumbList","@id":"https:\/\/siemysli-ke.info\/en\/charlie-hebdo-false-flag\/#breadcrumb","itemListElement":[{"@type":"ListItem","position":1,"name":"Home","item":"https:\/\/siemysli-ke.info\/en\/"},{"@type":"ListItem","position":2,"name":"&#8220;Charlie Hebdo&#8221; &#8211; false flag?"}]},{"@type":"WebSite","@id":"https:\/\/siemysli-ke.info\/en\/#website","url":"https:\/\/siemysli-ke.info\/en\/","name":"SI\u0118 MY\u015aLI","description":"","publisher":{"@id":"https:\/\/siemysli-ke.info\/en\/#organization"},"potentialAction":[{"@type":"SearchAction","target":{"@type":"EntryPoint","urlTemplate":"https:\/\/siemysli-ke.info\/en\/?s={search_term_string}"},"query-input":{"@type":"PropertyValueSpecification","valueRequired":true,"valueName":"search_term_string"}}],"inLanguage":"en-US"},{"@type":"Organization","@id":"https:\/\/siemysli-ke.info\/en\/#organization","name":"SI\u0118 MY\u015aLI","url":"https:\/\/siemysli-ke.info\/en\/","logo":{"@type":"ImageObject","inLanguage":"en-US","@id":"https:\/\/siemysli-ke.info\/en\/#\/schema\/logo\/image\/","url":"https:\/\/siemysli-ke.info\/wp-content\/uploads\/2025\/05\/99.png","contentUrl":"https:\/\/siemysli-ke.info\/wp-content\/uploads\/2025\/05\/99.png","width":270,"height":204,"caption":"SI\u0118 MY\u015aLI"},"image":{"@id":"https:\/\/siemysli-ke.info\/en\/#\/schema\/logo\/image\/"}},{"@type":"Person","@id":"https:\/\/siemysli-ke.info\/#\/schema\/person\/66d741fa745a44f2fe46d112bc6499f2","name":"Jaromir","image":{"@type":"ImageObject","inLanguage":"en-US","@id":"https:\/\/siemysli-ke.info\/en\/#\/schema\/person\/image\/","url":"https:\/\/secure.gravatar.com\/avatar\/fe881559e8ac8dda20293e9e8317d4678c6ad8f65f85a9ce5e1a87cee56b6198?s=96&d=mm&r=g","contentUrl":"https:\/\/secure.gravatar.com\/avatar\/fe881559e8ac8dda20293e9e8317d4678c6ad8f65f85a9ce5e1a87cee56b6198?s=96&d=mm&r=g","caption":"Jaromir"},"url":"https:\/\/siemysli-ke.info\/en\/author\/jaromir\/"}]}},"_links":{"self":[{"href":"https:\/\/siemysli-ke.info\/en\/wp-json\/wp\/v2\/posts\/14655","targetHints":{"allow":["GET"]}}],"collection":[{"href":"https:\/\/siemysli-ke.info\/en\/wp-json\/wp\/v2\/posts"}],"about":[{"href":"https:\/\/siemysli-ke.info\/en\/wp-json\/wp\/v2\/types\/post"}],"author":[{"embeddable":true,"href":"https:\/\/siemysli-ke.info\/en\/wp-json\/wp\/v2\/users\/7"}],"replies":[{"embeddable":true,"href":"https:\/\/siemysli-ke.info\/en\/wp-json\/wp\/v2\/comments?post=14655"}],"version-history":[{"count":0,"href":"https:\/\/siemysli-ke.info\/en\/wp-json\/wp\/v2\/posts\/14655\/revisions"}],"wp:featuredmedia":[{"embeddable":true,"href":"https:\/\/siemysli-ke.info\/en\/wp-json\/wp\/v2\/media\/14656"}],"wp:attachment":[{"href":"https:\/\/siemysli-ke.info\/en\/wp-json\/wp\/v2\/media?parent=14655"}],"wp:term":[{"taxonomy":"category","embeddable":true,"href":"https:\/\/siemysli-ke.info\/en\/wp-json\/wp\/v2\/categories?post=14655"},{"taxonomy":"post_tag","embeddable":true,"href":"https:\/\/siemysli-ke.info\/en\/wp-json\/wp\/v2\/tags?post=14655"}],"curies":[{"name":"wp","href":"https:\/\/api.w.org\/{rel}","templated":true}]}}