 {"id":14304,"date":"2014-12-19T00:20:59","date_gmt":"2014-12-18T23:20:59","guid":{"rendered":"http:\/\/www.siemysli.info.ke\/?p=14304"},"modified":"2014-12-19T00:37:47","modified_gmt":"2014-12-18T23:37:47","slug":"radaru-usa-w-czechach-nie-bedzie","status":"publish","type":"post","link":"https:\/\/siemysli-ke.info\/en\/radaru-usa-w-czechach-nie-bedzie\/","title":{"rendered":"Radaru USA w Czechach nie b\u0119dzie"},"content":{"rendered":"<p style=\"text-align: justify;\">\u00a0<strong>13. grudnia rosyjska pr<img decoding=\"async\" class=\"alignleft size-medium wp-image-14305\" src=\"http:\/\/www.siemysli.info.ke\/wp-content\/uploads\/2014\/12\/martin-stropnicky-200x300.jpg\" alt=\"martin-stropnicky\" width=\"200\" height=\"300\" srcset=\"https:\/\/siemysli-ke.info\/wp-content\/uploads\/2014\/12\/martin-stropnicky-200x300.jpg 200w, https:\/\/siemysli-ke.info\/wp-content\/uploads\/2014\/12\/martin-stropnicky.jpg 214w\" sizes=\"(max-width: 200px) 100vw, 200px\" \/>asa opublikowa\u0142a wiadomo\u015b\u0107 od naszych po\u0142udniowych s\u0105siad\u00f3w:<\/strong><\/p>\n<p style=\"text-align: justify;\">Czeski parlament zatwierdzi\u0142 dzisiaj decyzj\u0119 w sprawie likwidacji poligonu Ministerstwa Obrony w regionie Brdy, gdzie planowano rozmie\u015bci\u0107 radar ameryka\u0144skiej tarczy antyrakietowej.<\/p>\n<p style=\"text-align: justify;\">Jednocze\u015bnie o jedn\u0105 trzeci\u0105 zmniejszono teren pozosta\u0142ych poligon\u00f3w wojskowych. Minister obrony Czech Martin Stropnick\u00fd o\u015bwiadczy\u0142, \u017ce istniej\u0105ce w republice poligony by\u0142y obliczone na 115-tysi\u0119czn\u0105 armi\u0119 a obecnie w czeskiej armii pe\u0142ni s\u0142u\u017cb\u0119 21 tys. wojskowych i teraz \u015brodki na utrzymanie zlikwidowanych poligon\u00f3w w wysoko\u015bci 3,2 mln dolar\u00f3w w skali roku b\u0119d\u0105 wykorzystywane do innych cel\u00f3w. \u0141\u0105czna powierzchnia pozosta\u0142ych poligon\u00f3w wojskowych kraju wyniesie 88 tys. ha.<\/p>\n<p style=\"text-align: justify;\">Na zdj\u0119ciu:\u00a0 <strong>Martin Stropnick\u00fd<\/strong><\/p>\n<p style=\"text-align: justify;\">Za:<\/p>\n<p style=\"text-align: justify;\">http:\/\/polish.ruvr.ru\/news\/2014_12_13\/Czechy-zostawily-USA-bez-poligonu-dla-tarczy-antyrakietowej-6937\/<\/p>\n<p style=\"text-align: justify;\"><strong>Od redakcji<\/strong>: Ju\u017c minister obrony narodowej Czech z lat 2010-2012, <strong>Alexandr Vondra<\/strong>, przymierza\u0142 si\u0119 do likwidacji poligonu ko\u0142o Brdy. Wyliczy\u0142 on, i\u017c jego kraj przoduje w Europie pod wzgl\u0119dem wielko\u015bci powierzchni teren\u00f3w militarnych na jednego \u017co\u0142nierza. Vondra to jeden z sygnatariuszy <em>Karty 77<\/em> &#8211; jak wida\u0107 opozycyjna przesz\u0142o\u015b\u0107 <strong>czeskich polityk\u00f3w<\/strong> zobowi\u0105zuje do uczciwo\u015bci w dniu dzisiejszym.<\/p>\n<p style=\"text-align: justify;\">Stropnick\u00fd to tak\u017ce posta\u0107 ciekawa &#8211; jest zawodowym aktorem, autorem song\u00f3w, re\u017cyserem teatralnym i prozaikiem. Ma za sob\u0105 r\u00f3wnie\u017c epizod radiowca. By\u0142 ju\u017c ambasadorem (m.in. w Watykanie) i ministrem kultury. W roku 2011 zosta\u0142 jednym z <em>leader\u00f3w<\/em> ugrupowania\u00a0<em>Akce nespokojen\u00fdch ob\u010dan\u016f<\/em> (<em>ANO<\/em>\u00a0&#8211; TAK!), czyli <em>Akcji Niezadowolonych (Obywateli)<\/em>, kt\u00f3ra w wyborach parlamentarnych z pa\u017adziernika roku 2013 zdoby\u0142a 45 mandat\u00f3w, co da\u0142o jej II miejsce i po d\u0142ugich negocjacjach &#8211; stanowiska ministerialne.<\/p>\n<p style=\"text-align: justify;\">W czeskiej prasie rzecz przesz\u0142a niemal bez echa, jako co\u015b, czego nale\u017ca\u0142o si\u0119 spodziewa\u0107.<\/p>\n<p style=\"text-align: justify;\">Prezydent Barack szcz\u0119\u015bliwy nie b\u0119dzie, bo NATO-wski sojusznik zepsu\u0142 Amerykanom robot\u0119&#8230; Prezydent Putin ma powody do zadowolenia, bo Czesi po raz kolejny w swej historii wyci\u0105gn\u0119li wnioski z dziej\u00f3w dobrego wojaka \u0160vejka. A Polacy? Polacy\u00a0winni patrze\u0107 i uruchomi\u0107 m\u00f3zgi. W\u0142asne, nie te z Brukseli.<\/p>\n","protected":false},"excerpt":{"rendered":"<p>\u00a013. grudnia rosyjska prasa opublikowa\u0142a wiadomo\u015b\u0107 od naszych po\u0142udniowych s\u0105siad\u00f3w: Czeski parlament zatwierdzi\u0142 dzisiaj decyzj\u0119 w sprawie likwidacji poligonu Ministerstwa<\/p>\n","protected":false},"author":3,"featured_media":14305,"comment_status":"open","ping_status":"open","sticky":false,"template":"","format":"standard","meta":{"colormag_page_layout":"default_layout","footnotes":""},"categories":[7],"tags":[1467,1466,89,1461,1471,92,1468,1463,1472,1462,1469,1470,1464,1465],"class_list":["post-14304","post","type-post","status-publish","format-standard","has-post-thumbnail","hentry","category-gospodarka","tag-akce-nespokojenych-obcanu","tag-alexandr-vondra","tag-breaking","tag-czeski-parlament","tag-dobry-wojak-svejk","tag-headline","tag-karta-77","tag-martin-stropnicky","tag-nato","tag-poligon-k-brdy","tag-prezydent-barack","tag-prezydent-putin","tag-radar","tag-tarcza-antyrakietowa-usa"],"yoast_head":"<!-- This site is optimized with the Yoast SEO plugin v25.1 - https:\/\/yoast.com\/wordpress\/plugins\/seo\/ -->\n<title>Radaru USA w Czechach nie b\u0119dzie - SI\u0118 MY\u015aLI<\/title>\n<meta name=\"robots\" content=\"index, follow, max-snippet:-1, max-image-preview:large, max-video-preview:-1\" \/>\n<link rel=\"canonical\" href=\"https:\/\/siemysli-ke.info\/en\/radaru-usa-w-czechach-nie-bedzie\/\" \/>\n<meta property=\"og:locale\" content=\"en_US\" \/>\n<meta property=\"og:type\" content=\"article\" \/>\n<meta property=\"og:title\" content=\"Radaru USA w Czechach nie b\u0119dzie - SI\u0118 MY\u015aLI\" \/>\n<meta property=\"og:description\" content=\"\u00a013. grudnia rosyjska prasa opublikowa\u0142a wiadomo\u015b\u0107 od naszych po\u0142udniowych s\u0105siad\u00f3w: Czeski parlament zatwierdzi\u0142 dzisiaj decyzj\u0119 w sprawie likwidacji poligonu Ministerstwa\" \/>\n<meta property=\"og:url\" content=\"https:\/\/siemysli-ke.info\/en\/radaru-usa-w-czechach-nie-bedzie\/\" \/>\n<meta property=\"og:site_name\" content=\"SI\u0118 MY\u015aLI\" \/>\n<meta property=\"article:published_time\" content=\"2014-12-18T23:20:59+00:00\" \/>\n<meta property=\"article:modified_time\" content=\"2014-12-18T23:37:47+00:00\" \/>\n<meta property=\"og:image\" content=\"https:\/\/siemysli-ke.info\/wp-content\/uploads\/2014\/12\/martin-stropnicky.jpg\" \/>\n\t<meta property=\"og:image:width\" content=\"214\" \/>\n\t<meta property=\"og:image:height\" content=\"321\" \/>\n\t<meta property=\"og:image:type\" content=\"image\/jpeg\" \/>\n<meta name=\"author\" content=\"...\" \/>\n<meta name=\"twitter:label1\" content=\"Written by\" \/>\n\t<meta name=\"twitter:data1\" content=\"...\" \/>\n\t<meta name=\"twitter:label2\" content=\"Est. reading time\" \/>\n\t<meta name=\"twitter:data2\" content=\"2 minutes\" \/>\n<script type=\"application\/ld+json\" class=\"yoast-schema-graph\">{\"@context\":\"https:\/\/schema.org\",\"@graph\":[{\"@type\":\"Article\",\"@id\":\"https:\/\/siemysli-ke.info\/en\/radaru-usa-w-czechach-nie-bedzie\/#article\",\"isPartOf\":{\"@id\":\"https:\/\/siemysli-ke.info\/en\/radaru-usa-w-czechach-nie-bedzie\/\"},\"author\":{\"name\":\"...\",\"@id\":\"https:\/\/siemysli-ke.info\/#\/schema\/person\/75326687448d6abf738b156f56385210\"},\"headline\":\"Radaru USA w Czechach nie b\u0119dzie\",\"datePublished\":\"2014-12-18T23:20:59+00:00\",\"dateModified\":\"2014-12-18T23:37:47+00:00\",\"mainEntityOfPage\":{\"@id\":\"https:\/\/siemysli-ke.info\/en\/radaru-usa-w-czechach-nie-bedzie\/\"},\"wordCount\":349,\"commentCount\":0,\"publisher\":{\"@id\":\"https:\/\/siemysli-ke.info\/#organization\"},\"image\":{\"@id\":\"https:\/\/siemysli-ke.info\/en\/radaru-usa-w-czechach-nie-bedzie\/#primaryimage\"},\"thumbnailUrl\":\"https:\/\/siemysli-ke.info\/wp-content\/uploads\/2014\/12\/martin-stropnicky.jpg\",\"keywords\":[\"Akce nespokojen\u00fdch ob\u010dan\u016f\",\"Alexandr Vondra\",\"breaking\",\"czeski parlament\",\"dobry wojak \u0160vejk\",\"headline\",\"Karta 77\",\"Martin Stropnick\u00fd\",\"NATO\",\"poligon k. Brdy\",\"prezydent Barack\",\"prezydent Putin\",\"radar\",\"tarcza antyrakietowa USA\"],\"articleSection\":[\"Gospodarka i polityka\"],\"inLanguage\":\"en-US\",\"potentialAction\":[{\"@type\":\"CommentAction\",\"name\":\"Comment\",\"target\":[\"https:\/\/siemysli-ke.info\/en\/radaru-usa-w-czechach-nie-bedzie\/#respond\"]}]},{\"@type\":\"WebPage\",\"@id\":\"https:\/\/siemysli-ke.info\/en\/radaru-usa-w-czechach-nie-bedzie\/\",\"url\":\"https:\/\/siemysli-ke.info\/en\/radaru-usa-w-czechach-nie-bedzie\/\",\"name\":\"Radaru USA w Czechach nie b\u0119dzie - SI\u0118 MY\u015aLI\",\"isPartOf\":{\"@id\":\"https:\/\/siemysli-ke.info\/en\/#website\"},\"primaryImageOfPage\":{\"@id\":\"https:\/\/siemysli-ke.info\/en\/radaru-usa-w-czechach-nie-bedzie\/#primaryimage\"},\"image\":{\"@id\":\"https:\/\/siemysli-ke.info\/en\/radaru-usa-w-czechach-nie-bedzie\/#primaryimage\"},\"thumbnailUrl\":\"https:\/\/siemysli-ke.info\/wp-content\/uploads\/2014\/12\/martin-stropnicky.jpg\",\"datePublished\":\"2014-12-18T23:20:59+00:00\",\"dateModified\":\"2014-12-18T23:37:47+00:00\",\"breadcrumb\":{\"@id\":\"https:\/\/siemysli-ke.info\/en\/radaru-usa-w-czechach-nie-bedzie\/#breadcrumb\"},\"inLanguage\":\"en-US\",\"potentialAction\":[{\"@type\":\"ReadAction\",\"target\":[[\"https:\/\/siemysli-ke.info\/en\/radaru-usa-w-czechach-nie-bedzie\/\"]]}]},{\"@type\":\"ImageObject\",\"inLanguage\":\"en-US\",\"@id\":\"https:\/\/siemysli-ke.info\/en\/radaru-usa-w-czechach-nie-bedzie\/#primaryimage\",\"url\":\"https:\/\/siemysli-ke.info\/wp-content\/uploads\/2014\/12\/martin-stropnicky.jpg\",\"contentUrl\":\"https:\/\/siemysli-ke.info\/wp-content\/uploads\/2014\/12\/martin-stropnicky.jpg\",\"width\":214,\"height\":321},{\"@type\":\"BreadcrumbList\",\"@id\":\"https:\/\/siemysli-ke.info\/en\/radaru-usa-w-czechach-nie-bedzie\/#breadcrumb\",\"itemListElement\":[{\"@type\":\"ListItem\",\"position\":1,\"name\":\"Home\",\"item\":\"https:\/\/siemysli-ke.info\/en\/\"},{\"@type\":\"ListItem\",\"position\":2,\"name\":\"Radaru USA w Czechach nie b\u0119dzie\"}]},{\"@type\":\"WebSite\",\"@id\":\"https:\/\/siemysli-ke.info\/en\/#website\",\"url\":\"https:\/\/siemysli-ke.info\/en\/\",\"name\":\"SI\u0118 MY\u015aLI\",\"description\":\"\",\"publisher\":{\"@id\":\"https:\/\/siemysli-ke.info\/en\/#organization\"},\"potentialAction\":[{\"@type\":\"SearchAction\",\"target\":{\"@type\":\"EntryPoint\",\"urlTemplate\":\"https:\/\/siemysli-ke.info\/en\/?s={search_term_string}\"},\"query-input\":{\"@type\":\"PropertyValueSpecification\",\"valueRequired\":true,\"valueName\":\"search_term_string\"}}],\"inLanguage\":\"en-US\"},{\"@type\":\"Organization\",\"@id\":\"https:\/\/siemysli-ke.info\/en\/#organization\",\"name\":\"SI\u0118 MY\u015aLI\",\"url\":\"https:\/\/siemysli-ke.info\/en\/\",\"logo\":{\"@type\":\"ImageObject\",\"inLanguage\":\"en-US\",\"@id\":\"https:\/\/siemysli-ke.info\/en\/#\/schema\/logo\/image\/\",\"url\":\"https:\/\/siemysli-ke.info\/wp-content\/uploads\/2025\/05\/99.png\",\"contentUrl\":\"https:\/\/siemysli-ke.info\/wp-content\/uploads\/2025\/05\/99.png\",\"width\":270,\"height\":204,\"caption\":\"SI\u0118 MY\u015aLI\"},\"image\":{\"@id\":\"https:\/\/siemysli-ke.info\/en\/#\/schema\/logo\/image\/\"}},{\"@type\":\"Person\",\"@id\":\"https:\/\/siemysli-ke.info\/#\/schema\/person\/75326687448d6abf738b156f56385210\",\"name\":\"...\",\"image\":{\"@type\":\"ImageObject\",\"inLanguage\":\"en-US\",\"@id\":\"https:\/\/siemysli-ke.info\/en\/#\/schema\/person\/image\/\",\"url\":\"https:\/\/secure.gravatar.com\/avatar\/33a3c2559155e1b4add65cf88cafda785aeb920f44b97c7055b07866ab5b13c2?s=96&d=mm&r=g\",\"contentUrl\":\"https:\/\/secure.gravatar.com\/avatar\/33a3c2559155e1b4add65cf88cafda785aeb920f44b97c7055b07866ab5b13c2?s=96&d=mm&r=g\",\"caption\":\"...\"},\"url\":\"https:\/\/siemysli-ke.info\/en\/author\/lele\/\"}]}<\/script>\n<!-- \/ Yoast SEO plugin. -->","yoast_head_json":{"title":"Radaru USA w Czechach nie b\u0119dzie - SI\u0118 MY\u015aLI","robots":{"index":"index","follow":"follow","max-snippet":"max-snippet:-1","max-image-preview":"max-image-preview:large","max-video-preview":"max-video-preview:-1"},"canonical":"https:\/\/siemysli-ke.info\/en\/radaru-usa-w-czechach-nie-bedzie\/","og_locale":"en_US","og_type":"article","og_title":"Radaru USA w Czechach nie b\u0119dzie - SI\u0118 MY\u015aLI","og_description":"\u00a013. grudnia rosyjska prasa opublikowa\u0142a wiadomo\u015b\u0107 od naszych po\u0142udniowych s\u0105siad\u00f3w: Czeski parlament zatwierdzi\u0142 dzisiaj decyzj\u0119 w sprawie likwidacji poligonu Ministerstwa","og_url":"https:\/\/siemysli-ke.info\/en\/radaru-usa-w-czechach-nie-bedzie\/","og_site_name":"SI\u0118 MY\u015aLI","article_published_time":"2014-12-18T23:20:59+00:00","article_modified_time":"2014-12-18T23:37:47+00:00","og_image":[{"width":214,"height":321,"url":"https:\/\/siemysli-ke.info\/wp-content\/uploads\/2014\/12\/martin-stropnicky.jpg","type":"image\/jpeg"}],"author":"...","twitter_misc":{"Written by":"...","Est. reading time":"2 minutes"},"schema":{"@context":"https:\/\/schema.org","@graph":[{"@type":"Article","@id":"https:\/\/siemysli-ke.info\/en\/radaru-usa-w-czechach-nie-bedzie\/#article","isPartOf":{"@id":"https:\/\/siemysli-ke.info\/en\/radaru-usa-w-czechach-nie-bedzie\/"},"author":{"name":"...","@id":"https:\/\/siemysli-ke.info\/#\/schema\/person\/75326687448d6abf738b156f56385210"},"headline":"Radaru USA w Czechach nie b\u0119dzie","datePublished":"2014-12-18T23:20:59+00:00","dateModified":"2014-12-18T23:37:47+00:00","mainEntityOfPage":{"@id":"https:\/\/siemysli-ke.info\/en\/radaru-usa-w-czechach-nie-bedzie\/"},"wordCount":349,"commentCount":0,"publisher":{"@id":"https:\/\/siemysli-ke.info\/#organization"},"image":{"@id":"https:\/\/siemysli-ke.info\/en\/radaru-usa-w-czechach-nie-bedzie\/#primaryimage"},"thumbnailUrl":"https:\/\/siemysli-ke.info\/wp-content\/uploads\/2014\/12\/martin-stropnicky.jpg","keywords":["Akce nespokojen\u00fdch ob\u010dan\u016f","Alexandr Vondra","breaking","czeski parlament","dobry wojak \u0160vejk","headline","Karta 77","Martin Stropnick\u00fd","NATO","poligon k. Brdy","prezydent Barack","prezydent Putin","radar","tarcza antyrakietowa USA"],"articleSection":["Gospodarka i polityka"],"inLanguage":"en-US","potentialAction":[{"@type":"CommentAction","name":"Comment","target":["https:\/\/siemysli-ke.info\/en\/radaru-usa-w-czechach-nie-bedzie\/#respond"]}]},{"@type":"WebPage","@id":"https:\/\/siemysli-ke.info\/en\/radaru-usa-w-czechach-nie-bedzie\/","url":"https:\/\/siemysli-ke.info\/en\/radaru-usa-w-czechach-nie-bedzie\/","name":"Radaru USA w Czechach nie b\u0119dzie - SI\u0118 MY\u015aLI","isPartOf":{"@id":"https:\/\/siemysli-ke.info\/en\/#website"},"primaryImageOfPage":{"@id":"https:\/\/siemysli-ke.info\/en\/radaru-usa-w-czechach-nie-bedzie\/#primaryimage"},"image":{"@id":"https:\/\/siemysli-ke.info\/en\/radaru-usa-w-czechach-nie-bedzie\/#primaryimage"},"thumbnailUrl":"https:\/\/siemysli-ke.info\/wp-content\/uploads\/2014\/12\/martin-stropnicky.jpg","datePublished":"2014-12-18T23:20:59+00:00","dateModified":"2014-12-18T23:37:47+00:00","breadcrumb":{"@id":"https:\/\/siemysli-ke.info\/en\/radaru-usa-w-czechach-nie-bedzie\/#breadcrumb"},"inLanguage":"en-US","potentialAction":[{"@type":"ReadAction","target":[["https:\/\/siemysli-ke.info\/en\/radaru-usa-w-czechach-nie-bedzie\/"]]}]},{"@type":"ImageObject","inLanguage":"en-US","@id":"https:\/\/siemysli-ke.info\/en\/radaru-usa-w-czechach-nie-bedzie\/#primaryimage","url":"https:\/\/siemysli-ke.info\/wp-content\/uploads\/2014\/12\/martin-stropnicky.jpg","contentUrl":"https:\/\/siemysli-ke.info\/wp-content\/uploads\/2014\/12\/martin-stropnicky.jpg","width":214,"height":321},{"@type":"BreadcrumbList","@id":"https:\/\/siemysli-ke.info\/en\/radaru-usa-w-czechach-nie-bedzie\/#breadcrumb","itemListElement":[{"@type":"ListItem","position":1,"name":"Home","item":"https:\/\/siemysli-ke.info\/en\/"},{"@type":"ListItem","position":2,"name":"Radaru USA w Czechach nie b\u0119dzie"}]},{"@type":"WebSite","@id":"https:\/\/siemysli-ke.info\/en\/#website","url":"https:\/\/siemysli-ke.info\/en\/","name":"SI\u0118 MY\u015aLI","description":"","publisher":{"@id":"https:\/\/siemysli-ke.info\/en\/#organization"},"potentialAction":[{"@type":"SearchAction","target":{"@type":"EntryPoint","urlTemplate":"https:\/\/siemysli-ke.info\/en\/?s={search_term_string}"},"query-input":{"@type":"PropertyValueSpecification","valueRequired":true,"valueName":"search_term_string"}}],"inLanguage":"en-US"},{"@type":"Organization","@id":"https:\/\/siemysli-ke.info\/en\/#organization","name":"SI\u0118 MY\u015aLI","url":"https:\/\/siemysli-ke.info\/en\/","logo":{"@type":"ImageObject","inLanguage":"en-US","@id":"https:\/\/siemysli-ke.info\/en\/#\/schema\/logo\/image\/","url":"https:\/\/siemysli-ke.info\/wp-content\/uploads\/2025\/05\/99.png","contentUrl":"https:\/\/siemysli-ke.info\/wp-content\/uploads\/2025\/05\/99.png","width":270,"height":204,"caption":"SI\u0118 MY\u015aLI"},"image":{"@id":"https:\/\/siemysli-ke.info\/en\/#\/schema\/logo\/image\/"}},{"@type":"Person","@id":"https:\/\/siemysli-ke.info\/#\/schema\/person\/75326687448d6abf738b156f56385210","name":"...","image":{"@type":"ImageObject","inLanguage":"en-US","@id":"https:\/\/siemysli-ke.info\/en\/#\/schema\/person\/image\/","url":"https:\/\/secure.gravatar.com\/avatar\/33a3c2559155e1b4add65cf88cafda785aeb920f44b97c7055b07866ab5b13c2?s=96&d=mm&r=g","contentUrl":"https:\/\/secure.gravatar.com\/avatar\/33a3c2559155e1b4add65cf88cafda785aeb920f44b97c7055b07866ab5b13c2?s=96&d=mm&r=g","caption":"..."},"url":"https:\/\/siemysli-ke.info\/en\/author\/lele\/"}]}},"_links":{"self":[{"href":"https:\/\/siemysli-ke.info\/en\/wp-json\/wp\/v2\/posts\/14304","targetHints":{"allow":["GET"]}}],"collection":[{"href":"https:\/\/siemysli-ke.info\/en\/wp-json\/wp\/v2\/posts"}],"about":[{"href":"https:\/\/siemysli-ke.info\/en\/wp-json\/wp\/v2\/types\/post"}],"author":[{"embeddable":true,"href":"https:\/\/siemysli-ke.info\/en\/wp-json\/wp\/v2\/users\/3"}],"replies":[{"embeddable":true,"href":"https:\/\/siemysli-ke.info\/en\/wp-json\/wp\/v2\/comments?post=14304"}],"version-history":[{"count":0,"href":"https:\/\/siemysli-ke.info\/en\/wp-json\/wp\/v2\/posts\/14304\/revisions"}],"wp:featuredmedia":[{"embeddable":true,"href":"https:\/\/siemysli-ke.info\/en\/wp-json\/wp\/v2\/media\/14305"}],"wp:attachment":[{"href":"https:\/\/siemysli-ke.info\/en\/wp-json\/wp\/v2\/media?parent=14304"}],"wp:term":[{"taxonomy":"category","embeddable":true,"href":"https:\/\/siemysli-ke.info\/en\/wp-json\/wp\/v2\/categories?post=14304"},{"taxonomy":"post_tag","embeddable":true,"href":"https:\/\/siemysli-ke.info\/en\/wp-json\/wp\/v2\/tags?post=14304"}],"curies":[{"name":"wp","href":"https:\/\/api.w.org\/{rel}","templated":true}]}}