 {"id":13855,"date":"2014-10-22T22:46:40","date_gmt":"2014-10-22T20:46:40","guid":{"rendered":"http:\/\/www.siemysli.info.ke\/?p=13855"},"modified":"2014-10-22T22:46:40","modified_gmt":"2014-10-22T20:46:40","slug":"bialostoccy-nazi-sutenerzy-w-opalach","status":"publish","type":"post","link":"https:\/\/siemysli-ke.info\/en\/bialostoccy-nazi-sutenerzy-w-opalach\/","title":{"rendered":"Bia\u0142ostoccy nazi-sutenerzy w opa\u0142ach"},"content":{"rendered":"<p style=\"text-align: justify\"><a href=\"http:\/\/www.siemysli.info.ke\/wp-content\/uploads\/2014\/10\/narodowa-wsp\u00f3lnota-tworz\u0105ca.jpg\" rel=\"lightbox[13855]\"><img decoding=\"async\" class=\"alignleft size-medium wp-image-13856\" src=\"http:\/\/www.siemysli.info.ke\/wp-content\/uploads\/2014\/10\/narodowa-wsp\u00f3lnota-tworz\u0105ca-266x300.jpg\" alt=\"narodowa-wsp\u00f3lnota-tworz\u0105ca\" width=\"266\" height=\"300\" srcset=\"https:\/\/siemysli-ke.info\/wp-content\/uploads\/2014\/10\/narodowa-wsp\u00f3lnota-tworz\u0105ca-266x300.jpg 266w, https:\/\/siemysli-ke.info\/wp-content\/uploads\/2014\/10\/narodowa-wsp\u00f3lnota-tworz\u0105ca.jpg 560w\" sizes=\"(max-width: 266px) 100vw, 266px\" \/><\/a>CBA Policja we wsp\u00f3\u0142pracy z BOA, KGP, KWP i KMP w Bia\u0142ymstoku zatrzymali 11 cz\u0142onk\u00f3w zorganizowanej grupy przest\u0119pczej wywodz\u0105cej si\u0119 ze \u015brodowisk pseudokibic\u00f3w i skinhead\u00f3w.Ju\u017c wcze\u015bniej w tej samej sprawie zatrzymano w lipcu i pa\u017adzierniku 18 os\u00f3b.<br \/>\nW akcji wzi\u0119\u0142o udzia\u0142 ponad 160 funkcjonariuszy, kt\u00f3rzy weszli do kilkunastu mieszka\u0144 i dom\u00f3w w Bia\u0142ymstoku. Skinheadzi usuwaj\u0105c ze stadionu Jagiellonii chuligan\u00f3w Pretorian przy u\u017cyciu si\u0142y i morderstw uzyskali monopol na handel narkotykami ,str\u0119czycielstwo ,przemyt,ochron\u0119 lokali i inn\u0105 przestepcz\u0105 dzia\u0142a\u0142no\u015bc na Podlasiu. Bia\u0142ystok wielokrotnie ws\u0142awi\u0142 si\u0119 licznymi przest\u0119pstwami na tle rasowym i narodowo\u015bciowym podpaleniami mieszka\u0144 ,pobiciami Czeczen\u00f3w z osrodka dla uchod\u017ac\u00f3w a wojny na ulicy a ANTIF\u0105 przebiegaly zawsze przy uzyciu niebezpiecznych narz\u0119dzi.Skinheadzi z Bia\u0142egostoku doprowadzili do znacznego spadku potencja\u0142u kibicowskiego na JADZE. W Warszawie w tym roku b\u0119d\u0105c na swym wyjazdowym spotkaniu na Legii zostali upokorzeni gdy warszawscy chuliganii wpadli do sektora go\u015bci i wielu dotkiliwie pobili przy aplauzie ca\u0142ego stadionu. R\u00f3wnie\u017c Ci sami sto\u0142eczni chuligani pozbawili fan\u00f3w bia\u0142ostockich &#8220;pszcz\u00f3\u0142ek&#8221; prawie wszystkich p\u0142\u00f3cien, co w \u015bwiecie kibicowskim jest najwieksz\u0105 ujm\u0105 i upokorzeniem.<br \/>\nSkinheadzi z Bia\u0142egostoku maj\u0105 liczne kontakty w swiecie Mi\u0119dzynarod\u00f3wki Neonazist\u00f3w. Wsp\u00f3\u0142pracuj\u0105 sci\u015ble z kom\u00f3rk\u0105 Blood and Honour z Tr\u00f3jmiasta a na ulicach Bia\u0142egostoku swobodnie manifestuj\u0105 swe neonazistowski pogl\u0105dy.<br \/>\nEuropejscy Neofaszy\u015bci dzia\u0142aj\u0105 w identyczny spos\u00f3b jak ich Polscy towarzysze. Na zewn\u0105trz werbuj\u0105 m\u0142odzie\u017c i pozyskuj\u0105 fundusze bed\u0105c oredownikami odnowy moralno\u015bci i narodowej si\u0142y. Udaj\u0105 przywiazanie do kultury , chrze\u015bcija\u0144skiej tradycji .<br \/>\nRzeczywisto\u015bc jest zupe\u0142nie inna. To nienawidz\u0105cy multikulturowego spo\u0142ecze\u0144stwa zatwardziali rasi\u015bci .Nie wahaj\u0105 si\u0119 przezd okaleczeniami i morderstwami jak r\u00f3wnie\u017c dzia\u0142alnosci\u0105 terrorystyczn\u0105.Podczas obecnego konfliktu na Ukrainie wielu europejskich <a href=\"http:\/\/www.siemysli.info.ke\/wp-content\/uploads\/2014\/10\/0449fd085a68db695ccbf71386c1f522.jpg\" rel=\"lightbox[13855]\"><img decoding=\"async\" class=\"alignleft size-medium wp-image-13857\" src=\"http:\/\/www.siemysli.info.ke\/wp-content\/uploads\/2014\/10\/0449fd085a68db695ccbf71386c1f522-300x200.jpg\" alt=\"0449fd085a68db695ccbf71386c1f522\" width=\"300\" height=\"200\" srcset=\"https:\/\/siemysli-ke.info\/wp-content\/uploads\/2014\/10\/0449fd085a68db695ccbf71386c1f522-300x200.jpg 300w, https:\/\/siemysli-ke.info\/wp-content\/uploads\/2014\/10\/0449fd085a68db695ccbf71386c1f522.jpg 633w\" sizes=\"(max-width: 300px) 100vw, 300px\" \/><\/a>Neonazist\u00f3w przy aprobacie w\u0142adz i na zaproszenie skrajnie prawicowej Svobody jak r\u00f3wnie\u017c ukrai\u0144skich neobanderowc\u00f3w bierze czynny udzia\u0142 na froncie. Nazwano to wojenn\u0105 turystyk\u0105 .Osoby te dostaja karabin snajperski i mog\u0105 swobodnie zabijac jak na safari. Nikt nie jest w stanie zapanowac nad tym co dzieje si\u0119 obecnie na wschodzie Ukrainy szczeg\u00f3lnie \u017ce za bohater\u00f3w wojennych uwa\u017ca si\u0119 jednostk\u0119 Azow z\u0142o\u017con\u0105 ze skrajnie prawicowych ochotnik\u00f3w,kt\u00f3ra ws\u0142awi\u0142a si\u0119 czystkami etnicznymi na ludnosci cywilnej.<br \/>\nNiestety pogl\u0105dy skrajnie prawidzowe s\u0105 coraz bardziej popularne wsr\u00f3d Europejczyk\u00f3w i jest to trend wzrostowy. Brunatna Hudra zn\u00f3w podnosi sw\u00f3j \u0142eb!<\/p>\n<p style=\"text-align: justify\">\n<p style=\"text-align: justify\">\n","protected":false},"excerpt":{"rendered":"<p>CBA Policja we wsp\u00f3\u0142pracy z BOA, KGP, KWP i KMP w Bia\u0142ymstoku zatrzymali 11 cz\u0142onk\u00f3w zorganizowanej grupy przest\u0119pczej wywodz\u0105cej si\u0119<\/p>\n","protected":false},"author":7,"featured_media":13857,"comment_status":"open","ping_status":"open","sticky":false,"template":"","format":"standard","meta":{"colormag_page_layout":"default_layout","footnotes":""},"categories":[81],"tags":[1233,1203],"class_list":["post-13855","post","type-post","status-publish","format-standard","has-post-thumbnail","hentry","category-rzeczpospolita","tag-bialystok","tag-nazisci"],"yoast_head":"<!-- This site is optimized with the Yoast SEO plugin v25.1 - https:\/\/yoast.com\/wordpress\/plugins\/seo\/ -->\n<title>Bia\u0142ostoccy nazi-sutenerzy w opa\u0142ach - SI\u0118 MY\u015aLI<\/title>\n<meta name=\"robots\" content=\"index, follow, max-snippet:-1, max-image-preview:large, max-video-preview:-1\" \/>\n<link rel=\"canonical\" href=\"https:\/\/siemysli-ke.info\/en\/bialostoccy-nazi-sutenerzy-w-opalach\/\" \/>\n<meta property=\"og:locale\" content=\"en_US\" \/>\n<meta property=\"og:type\" content=\"article\" \/>\n<meta property=\"og:title\" content=\"Bia\u0142ostoccy nazi-sutenerzy w opa\u0142ach - SI\u0118 MY\u015aLI\" \/>\n<meta property=\"og:description\" content=\"CBA Policja we wsp\u00f3\u0142pracy z BOA, KGP, KWP i KMP w Bia\u0142ymstoku zatrzymali 11 cz\u0142onk\u00f3w zorganizowanej grupy przest\u0119pczej wywodz\u0105cej si\u0119\" \/>\n<meta property=\"og:url\" content=\"https:\/\/siemysli-ke.info\/en\/bialostoccy-nazi-sutenerzy-w-opalach\/\" \/>\n<meta property=\"og:site_name\" content=\"SI\u0118 MY\u015aLI\" \/>\n<meta property=\"article:published_time\" content=\"2014-10-22T20:46:40+00:00\" \/>\n<meta property=\"og:image\" content=\"https:\/\/siemysli-ke.info\/wp-content\/uploads\/2014\/10\/0449fd085a68db695ccbf71386c1f522.jpg\" \/>\n\t<meta property=\"og:image:width\" content=\"633\" \/>\n\t<meta property=\"og:image:height\" content=\"422\" \/>\n\t<meta property=\"og:image:type\" content=\"image\/jpeg\" \/>\n<meta name=\"author\" content=\"Jaromir\" \/>\n<meta name=\"twitter:label1\" content=\"Written by\" \/>\n\t<meta name=\"twitter:data1\" content=\"Jaromir\" \/>\n\t<meta name=\"twitter:label2\" content=\"Est. reading time\" \/>\n\t<meta name=\"twitter:data2\" content=\"2 minutes\" \/>\n<script type=\"application\/ld+json\" class=\"yoast-schema-graph\">{\"@context\":\"https:\/\/schema.org\",\"@graph\":[{\"@type\":\"Article\",\"@id\":\"https:\/\/siemysli-ke.info\/en\/bialostoccy-nazi-sutenerzy-w-opalach\/#article\",\"isPartOf\":{\"@id\":\"https:\/\/siemysli-ke.info\/en\/bialostoccy-nazi-sutenerzy-w-opalach\/\"},\"author\":{\"name\":\"Jaromir\",\"@id\":\"https:\/\/siemysli-ke.info\/#\/schema\/person\/66d741fa745a44f2fe46d112bc6499f2\"},\"headline\":\"Bia\u0142ostoccy nazi-sutenerzy w opa\u0142ach\",\"datePublished\":\"2014-10-22T20:46:40+00:00\",\"mainEntityOfPage\":{\"@id\":\"https:\/\/siemysli-ke.info\/en\/bialostoccy-nazi-sutenerzy-w-opalach\/\"},\"wordCount\":445,\"commentCount\":0,\"publisher\":{\"@id\":\"https:\/\/siemysli-ke.info\/#organization\"},\"image\":{\"@id\":\"https:\/\/siemysli-ke.info\/en\/bialostoccy-nazi-sutenerzy-w-opalach\/#primaryimage\"},\"thumbnailUrl\":\"https:\/\/siemysli-ke.info\/wp-content\/uploads\/2014\/10\/0449fd085a68db695ccbf71386c1f522.jpg\",\"keywords\":[\"Bia\u0142ystok\",\"nazisci\"],\"articleSection\":[\"Rzeczypospolita\"],\"inLanguage\":\"en-US\",\"potentialAction\":[{\"@type\":\"CommentAction\",\"name\":\"Comment\",\"target\":[\"https:\/\/siemysli-ke.info\/en\/bialostoccy-nazi-sutenerzy-w-opalach\/#respond\"]}]},{\"@type\":\"WebPage\",\"@id\":\"https:\/\/siemysli-ke.info\/en\/bialostoccy-nazi-sutenerzy-w-opalach\/\",\"url\":\"https:\/\/siemysli-ke.info\/en\/bialostoccy-nazi-sutenerzy-w-opalach\/\",\"name\":\"Bia\u0142ostoccy nazi-sutenerzy w opa\u0142ach - SI\u0118 MY\u015aLI\",\"isPartOf\":{\"@id\":\"https:\/\/siemysli-ke.info\/en\/#website\"},\"primaryImageOfPage\":{\"@id\":\"https:\/\/siemysli-ke.info\/en\/bialostoccy-nazi-sutenerzy-w-opalach\/#primaryimage\"},\"image\":{\"@id\":\"https:\/\/siemysli-ke.info\/en\/bialostoccy-nazi-sutenerzy-w-opalach\/#primaryimage\"},\"thumbnailUrl\":\"https:\/\/siemysli-ke.info\/wp-content\/uploads\/2014\/10\/0449fd085a68db695ccbf71386c1f522.jpg\",\"datePublished\":\"2014-10-22T20:46:40+00:00\",\"breadcrumb\":{\"@id\":\"https:\/\/siemysli-ke.info\/en\/bialostoccy-nazi-sutenerzy-w-opalach\/#breadcrumb\"},\"inLanguage\":\"en-US\",\"potentialAction\":[{\"@type\":\"ReadAction\",\"target\":[[\"https:\/\/siemysli-ke.info\/en\/bialostoccy-nazi-sutenerzy-w-opalach\/\"]]}]},{\"@type\":\"ImageObject\",\"inLanguage\":\"en-US\",\"@id\":\"https:\/\/siemysli-ke.info\/en\/bialostoccy-nazi-sutenerzy-w-opalach\/#primaryimage\",\"url\":\"https:\/\/siemysli-ke.info\/wp-content\/uploads\/2014\/10\/0449fd085a68db695ccbf71386c1f522.jpg\",\"contentUrl\":\"https:\/\/siemysli-ke.info\/wp-content\/uploads\/2014\/10\/0449fd085a68db695ccbf71386c1f522.jpg\",\"width\":633,\"height\":422},{\"@type\":\"BreadcrumbList\",\"@id\":\"https:\/\/siemysli-ke.info\/en\/bialostoccy-nazi-sutenerzy-w-opalach\/#breadcrumb\",\"itemListElement\":[{\"@type\":\"ListItem\",\"position\":1,\"name\":\"Home\",\"item\":\"https:\/\/siemysli-ke.info\/en\/\"},{\"@type\":\"ListItem\",\"position\":2,\"name\":\"Bia\u0142ostoccy nazi-sutenerzy w opa\u0142ach\"}]},{\"@type\":\"WebSite\",\"@id\":\"https:\/\/siemysli-ke.info\/en\/#website\",\"url\":\"https:\/\/siemysli-ke.info\/en\/\",\"name\":\"SI\u0118 MY\u015aLI\",\"description\":\"\",\"publisher\":{\"@id\":\"https:\/\/siemysli-ke.info\/en\/#organization\"},\"potentialAction\":[{\"@type\":\"SearchAction\",\"target\":{\"@type\":\"EntryPoint\",\"urlTemplate\":\"https:\/\/siemysli-ke.info\/en\/?s={search_term_string}\"},\"query-input\":{\"@type\":\"PropertyValueSpecification\",\"valueRequired\":true,\"valueName\":\"search_term_string\"}}],\"inLanguage\":\"en-US\"},{\"@type\":\"Organization\",\"@id\":\"https:\/\/siemysli-ke.info\/en\/#organization\",\"name\":\"SI\u0118 MY\u015aLI\",\"url\":\"https:\/\/siemysli-ke.info\/en\/\",\"logo\":{\"@type\":\"ImageObject\",\"inLanguage\":\"en-US\",\"@id\":\"https:\/\/siemysli-ke.info\/en\/#\/schema\/logo\/image\/\",\"url\":\"https:\/\/siemysli-ke.info\/wp-content\/uploads\/2025\/05\/99.png\",\"contentUrl\":\"https:\/\/siemysli-ke.info\/wp-content\/uploads\/2025\/05\/99.png\",\"width\":270,\"height\":204,\"caption\":\"SI\u0118 MY\u015aLI\"},\"image\":{\"@id\":\"https:\/\/siemysli-ke.info\/en\/#\/schema\/logo\/image\/\"}},{\"@type\":\"Person\",\"@id\":\"https:\/\/siemysli-ke.info\/#\/schema\/person\/66d741fa745a44f2fe46d112bc6499f2\",\"name\":\"Jaromir\",\"image\":{\"@type\":\"ImageObject\",\"inLanguage\":\"en-US\",\"@id\":\"https:\/\/siemysli-ke.info\/en\/#\/schema\/person\/image\/\",\"url\":\"https:\/\/secure.gravatar.com\/avatar\/fe881559e8ac8dda20293e9e8317d4678c6ad8f65f85a9ce5e1a87cee56b6198?s=96&d=mm&r=g\",\"contentUrl\":\"https:\/\/secure.gravatar.com\/avatar\/fe881559e8ac8dda20293e9e8317d4678c6ad8f65f85a9ce5e1a87cee56b6198?s=96&d=mm&r=g\",\"caption\":\"Jaromir\"},\"url\":\"https:\/\/siemysli-ke.info\/en\/author\/jaromir\/\"}]}<\/script>\n<!-- \/ Yoast SEO plugin. -->","yoast_head_json":{"title":"Bia\u0142ostoccy nazi-sutenerzy w opa\u0142ach - SI\u0118 MY\u015aLI","robots":{"index":"index","follow":"follow","max-snippet":"max-snippet:-1","max-image-preview":"max-image-preview:large","max-video-preview":"max-video-preview:-1"},"canonical":"https:\/\/siemysli-ke.info\/en\/bialostoccy-nazi-sutenerzy-w-opalach\/","og_locale":"en_US","og_type":"article","og_title":"Bia\u0142ostoccy nazi-sutenerzy w opa\u0142ach - SI\u0118 MY\u015aLI","og_description":"CBA Policja we wsp\u00f3\u0142pracy z BOA, KGP, KWP i KMP w Bia\u0142ymstoku zatrzymali 11 cz\u0142onk\u00f3w zorganizowanej grupy przest\u0119pczej wywodz\u0105cej si\u0119","og_url":"https:\/\/siemysli-ke.info\/en\/bialostoccy-nazi-sutenerzy-w-opalach\/","og_site_name":"SI\u0118 MY\u015aLI","article_published_time":"2014-10-22T20:46:40+00:00","og_image":[{"width":633,"height":422,"url":"https:\/\/siemysli-ke.info\/wp-content\/uploads\/2014\/10\/0449fd085a68db695ccbf71386c1f522.jpg","type":"image\/jpeg"}],"author":"Jaromir","twitter_misc":{"Written by":"Jaromir","Est. reading time":"2 minutes"},"schema":{"@context":"https:\/\/schema.org","@graph":[{"@type":"Article","@id":"https:\/\/siemysli-ke.info\/en\/bialostoccy-nazi-sutenerzy-w-opalach\/#article","isPartOf":{"@id":"https:\/\/siemysli-ke.info\/en\/bialostoccy-nazi-sutenerzy-w-opalach\/"},"author":{"name":"Jaromir","@id":"https:\/\/siemysli-ke.info\/#\/schema\/person\/66d741fa745a44f2fe46d112bc6499f2"},"headline":"Bia\u0142ostoccy nazi-sutenerzy w opa\u0142ach","datePublished":"2014-10-22T20:46:40+00:00","mainEntityOfPage":{"@id":"https:\/\/siemysli-ke.info\/en\/bialostoccy-nazi-sutenerzy-w-opalach\/"},"wordCount":445,"commentCount":0,"publisher":{"@id":"https:\/\/siemysli-ke.info\/#organization"},"image":{"@id":"https:\/\/siemysli-ke.info\/en\/bialostoccy-nazi-sutenerzy-w-opalach\/#primaryimage"},"thumbnailUrl":"https:\/\/siemysli-ke.info\/wp-content\/uploads\/2014\/10\/0449fd085a68db695ccbf71386c1f522.jpg","keywords":["Bia\u0142ystok","nazisci"],"articleSection":["Rzeczypospolita"],"inLanguage":"en-US","potentialAction":[{"@type":"CommentAction","name":"Comment","target":["https:\/\/siemysli-ke.info\/en\/bialostoccy-nazi-sutenerzy-w-opalach\/#respond"]}]},{"@type":"WebPage","@id":"https:\/\/siemysli-ke.info\/en\/bialostoccy-nazi-sutenerzy-w-opalach\/","url":"https:\/\/siemysli-ke.info\/en\/bialostoccy-nazi-sutenerzy-w-opalach\/","name":"Bia\u0142ostoccy nazi-sutenerzy w opa\u0142ach - SI\u0118 MY\u015aLI","isPartOf":{"@id":"https:\/\/siemysli-ke.info\/en\/#website"},"primaryImageOfPage":{"@id":"https:\/\/siemysli-ke.info\/en\/bialostoccy-nazi-sutenerzy-w-opalach\/#primaryimage"},"image":{"@id":"https:\/\/siemysli-ke.info\/en\/bialostoccy-nazi-sutenerzy-w-opalach\/#primaryimage"},"thumbnailUrl":"https:\/\/siemysli-ke.info\/wp-content\/uploads\/2014\/10\/0449fd085a68db695ccbf71386c1f522.jpg","datePublished":"2014-10-22T20:46:40+00:00","breadcrumb":{"@id":"https:\/\/siemysli-ke.info\/en\/bialostoccy-nazi-sutenerzy-w-opalach\/#breadcrumb"},"inLanguage":"en-US","potentialAction":[{"@type":"ReadAction","target":[["https:\/\/siemysli-ke.info\/en\/bialostoccy-nazi-sutenerzy-w-opalach\/"]]}]},{"@type":"ImageObject","inLanguage":"en-US","@id":"https:\/\/siemysli-ke.info\/en\/bialostoccy-nazi-sutenerzy-w-opalach\/#primaryimage","url":"https:\/\/siemysli-ke.info\/wp-content\/uploads\/2014\/10\/0449fd085a68db695ccbf71386c1f522.jpg","contentUrl":"https:\/\/siemysli-ke.info\/wp-content\/uploads\/2014\/10\/0449fd085a68db695ccbf71386c1f522.jpg","width":633,"height":422},{"@type":"BreadcrumbList","@id":"https:\/\/siemysli-ke.info\/en\/bialostoccy-nazi-sutenerzy-w-opalach\/#breadcrumb","itemListElement":[{"@type":"ListItem","position":1,"name":"Home","item":"https:\/\/siemysli-ke.info\/en\/"},{"@type":"ListItem","position":2,"name":"Bia\u0142ostoccy nazi-sutenerzy w opa\u0142ach"}]},{"@type":"WebSite","@id":"https:\/\/siemysli-ke.info\/en\/#website","url":"https:\/\/siemysli-ke.info\/en\/","name":"SI\u0118 MY\u015aLI","description":"","publisher":{"@id":"https:\/\/siemysli-ke.info\/en\/#organization"},"potentialAction":[{"@type":"SearchAction","target":{"@type":"EntryPoint","urlTemplate":"https:\/\/siemysli-ke.info\/en\/?s={search_term_string}"},"query-input":{"@type":"PropertyValueSpecification","valueRequired":true,"valueName":"search_term_string"}}],"inLanguage":"en-US"},{"@type":"Organization","@id":"https:\/\/siemysli-ke.info\/en\/#organization","name":"SI\u0118 MY\u015aLI","url":"https:\/\/siemysli-ke.info\/en\/","logo":{"@type":"ImageObject","inLanguage":"en-US","@id":"https:\/\/siemysli-ke.info\/en\/#\/schema\/logo\/image\/","url":"https:\/\/siemysli-ke.info\/wp-content\/uploads\/2025\/05\/99.png","contentUrl":"https:\/\/siemysli-ke.info\/wp-content\/uploads\/2025\/05\/99.png","width":270,"height":204,"caption":"SI\u0118 MY\u015aLI"},"image":{"@id":"https:\/\/siemysli-ke.info\/en\/#\/schema\/logo\/image\/"}},{"@type":"Person","@id":"https:\/\/siemysli-ke.info\/#\/schema\/person\/66d741fa745a44f2fe46d112bc6499f2","name":"Jaromir","image":{"@type":"ImageObject","inLanguage":"en-US","@id":"https:\/\/siemysli-ke.info\/en\/#\/schema\/person\/image\/","url":"https:\/\/secure.gravatar.com\/avatar\/fe881559e8ac8dda20293e9e8317d4678c6ad8f65f85a9ce5e1a87cee56b6198?s=96&d=mm&r=g","contentUrl":"https:\/\/secure.gravatar.com\/avatar\/fe881559e8ac8dda20293e9e8317d4678c6ad8f65f85a9ce5e1a87cee56b6198?s=96&d=mm&r=g","caption":"Jaromir"},"url":"https:\/\/siemysli-ke.info\/en\/author\/jaromir\/"}]}},"_links":{"self":[{"href":"https:\/\/siemysli-ke.info\/en\/wp-json\/wp\/v2\/posts\/13855","targetHints":{"allow":["GET"]}}],"collection":[{"href":"https:\/\/siemysli-ke.info\/en\/wp-json\/wp\/v2\/posts"}],"about":[{"href":"https:\/\/siemysli-ke.info\/en\/wp-json\/wp\/v2\/types\/post"}],"author":[{"embeddable":true,"href":"https:\/\/siemysli-ke.info\/en\/wp-json\/wp\/v2\/users\/7"}],"replies":[{"embeddable":true,"href":"https:\/\/siemysli-ke.info\/en\/wp-json\/wp\/v2\/comments?post=13855"}],"version-history":[{"count":0,"href":"https:\/\/siemysli-ke.info\/en\/wp-json\/wp\/v2\/posts\/13855\/revisions"}],"wp:featuredmedia":[{"embeddable":true,"href":"https:\/\/siemysli-ke.info\/en\/wp-json\/wp\/v2\/media\/13857"}],"wp:attachment":[{"href":"https:\/\/siemysli-ke.info\/en\/wp-json\/wp\/v2\/media?parent=13855"}],"wp:term":[{"taxonomy":"category","embeddable":true,"href":"https:\/\/siemysli-ke.info\/en\/wp-json\/wp\/v2\/categories?post=13855"},{"taxonomy":"post_tag","embeddable":true,"href":"https:\/\/siemysli-ke.info\/en\/wp-json\/wp\/v2\/tags?post=13855"}],"curies":[{"name":"wp","href":"https:\/\/api.w.org\/{rel}","templated":true}]}}