 {"id":13824,"date":"2014-10-16T09:23:44","date_gmt":"2014-10-16T07:23:44","guid":{"rendered":"http:\/\/www.siemysli.info.ke\/?p=13824"},"modified":"2014-10-16T09:23:44","modified_gmt":"2014-10-16T07:23:44","slug":"nie-musielismy-zaczynac-od-zera","status":"publish","type":"post","link":"https:\/\/siemysli-ke.info\/en\/nie-musielismy-zaczynac-od-zera\/","title":{"rendered":"Nie musieli\u015bmy zaczyna\u0107 od zera"},"content":{"rendered":"<p style=\"text-align: justify\"><a href=\"http:\/\/www.siemysli.info.ke\/wp-content\/uploads\/2014\/10\/bankrzadludzie.jpg\" rel=\"lightbox[13824]\"><img decoding=\"async\" class=\"alignleft size-medium wp-image-13825\" src=\"http:\/\/www.siemysli.info.ke\/wp-content\/uploads\/2014\/10\/bankrzadludzie-300x198.jpg\" alt=\"bankrzadludzie\" width=\"300\" height=\"198\" srcset=\"https:\/\/siemysli-ke.info\/wp-content\/uploads\/2014\/10\/bankrzadludzie-300x198.jpg 300w, https:\/\/siemysli-ke.info\/wp-content\/uploads\/2014\/10\/bankrzadludzie.jpg 576w\" sizes=\"(max-width: 300px) 100vw, 300px\" \/><\/a>Misterna konstrukcja propagandowa, przedstawiaj\u0105ca III RP jako niebywa\u0142y sukces, chwieje si\u0119 w posadach wraz z kolejnymi danymi nap\u0142ywaj\u0105cymi z przer\u00f3\u017cnych stron, pokazuj\u0105cymi jak \u201esukces\u201d ten wygl\u0105da naprawd\u0119. \u015arodowiska broni\u0105ce kszta\u0142tu przemian dzielnie znosz\u0105 wszystkie te ciosy, stosuj\u0105c r\u00f3\u017cne rodzaje gard i unik\u00f3w, a czasem, gdy nadarza si\u0119 okazja, same wyprowadzaj\u0105c uderzenie \u2013 oczywi\u015bcie zawsze poni\u017cej pasa. \u201ePo stylu walki ich poznacie\u201d wypada\u0142oby powiedzie\u0107. Nie inaczej by\u0142o z raportem o stanie maj\u0105tku obywateli r\u00f3\u017cnych pa\u0144stw, zaserwowanym nam przez bank Credit Suisse. Upokarzaj\u0105ce dla III RP dane, m\u00f3wi\u0105ce, \u017ce Polacy s\u0105 wielokrotnie biedniejsi od obywateli wszystkich bez ma\u0142a kraj\u00f3w zachodniej Europy (np. od wcale nie najbogatszych W\u0142och\u00f3w, bagatela, 10-krotnie), obro\u0144cy transformacji sygnowanej podpisami Sachsa i Sorosa z w\u0142a\u015bciw\u0105 sobie swad\u0105 zbyli argumentami m\u00f3wi\u0105cymi, \u017ce my bogacimy si\u0119 dopiero od 25 lat, a narody z Zachodu ju\u017c od dawien dawna (oczywi\u015bcie o maj\u0105cych podobn\u0105 histori\u0119 i niemal dwukrotnie bogatszych od nas Czechach si\u0119 nie zaj\u0105kn\u0119li). Nie nale\u017cy przecie\u017c zapomina\u0107, \u017ce w czasach ca\u0142kiem niedawno upad\u0142ego peerelowskiego ancien r\u00e9gime Polacy mieli zablokowan\u0105 drog\u0119 bogacenia si\u0119 i ekonomicznego rozwoju. Inaczej m\u00f3wi\u0105c, w\u015br\u00f3d zwolennik\u00f3w leczenia gospodarki szokiem istnieje szeroki konsens, daj\u0105cy si\u0119 sprowadzi\u0107 do tezy, wed\u0142ug kt\u00f3rej w czasach PRL w miejscu, w kt\u00f3rym obecnie znajduje si\u0119 Polska, zion\u0119\u0142a czarna dziura lub co najwy\u017cej le\u017ca\u0142o od\u0142ogiem ubite klepisko, na kt\u00f3rym tylko cudem jakim\u015b egzystowa\u0142y miliony ludzi. Dopiero po 1989 r. ruszy\u0142a tu w miar\u0119 normalna dzia\u0142alno\u015b\u0107 gospodarcza, wi\u0119c nie ma co si\u0119 dziwi\u0107, \u017ce statystyczny Polak jest biedny jak mysz ko\u015bcielna. Nie pozostaje nam wi\u0119c nic innego, jak tylko wci\u0105\u017c zaciskaj\u0105c z\u0119by i pas harowa\u0107 w pocie i znoju, goni\u0107 niezmordowanie narody Zachodu w wolnorynkowym wy\u015bcigu i mieszkaj\u0105c w wys\u0142u\u017conych kawalerkach cieszy\u0107 si\u0119 z comiesi\u0119cznego wp\u0142ywu \u201etysi\u0105ca pi\u0144cet\u201d, z kt\u00f3rego musi nam jeszcze wystarczy\u0107 na zakup najnowszego poradnika pt. \u201eTrzeba si\u0119 bi\u0107\u201d, w kt\u00f3rym szaman przemian Leszek B. powie nam, jak \u017cy\u0107.<\/p>\n<p style=\"text-align: justify\"><a href=\"http:\/\/www.siemysli.info.ke\/wp-content\/uploads\/2014\/10\/994668_782301908453710_1800313245_n.jpg\" rel=\"lightbox[13824]\"><img decoding=\"async\" class=\"alignleft size-medium wp-image-13826\" src=\"http:\/\/www.siemysli.info.ke\/wp-content\/uploads\/2014\/10\/994668_782301908453710_1800313245_n-300x231.jpg\" alt=\"994668_782301908453710_1800313245_n\" width=\"300\" height=\"231\" srcset=\"https:\/\/siemysli-ke.info\/wp-content\/uploads\/2014\/10\/994668_782301908453710_1800313245_n-300x231.jpg 300w, https:\/\/siemysli-ke.info\/wp-content\/uploads\/2014\/10\/994668_782301908453710_1800313245_n.jpg 460w\" sizes=\"(max-width: 300px) 100vw, 300px\" \/><\/a>Teza m\u00f3wi\u0105ca, \u017ce w 1989 r. Polacy musieli de facto zaczyna\u0107 od zera, nie tylko \u0142atwo wpada w ucho \u2013 jest te\u017c szalenie wygodna, gdy\u017c w polskich warunkach w zasadzie zabezpiecza przed jak\u0105kolwiek krytyk\u0105 przemian. Ka\u017cdy, kto chcia\u0142by z tak postawion\u0105 tez\u0105 polemizowa\u0107, musi przecie\u017c zacz\u0105\u0107 w pewien spos\u00f3b broni\u0107 dorobku PRL, a na to raczej nikt nie ma specjalnej ochoty. Raz, \u017ce by\u0142 to re\u017cim delikatnie m\u00f3wi\u0105c ma\u0142o przyjemny, a dwa, \u017ce \u0142atwo wtedy narazi\u0107 si\u0119 na \u0142atk\u0119 ignoranta wzdychaj\u0105cego z sentymentem za mitologizowanymi w niekt\u00f3rych w\u0105skich kr\u0119gach czasami Gierka. Jako \u017ce mnie akurat przydzielane mi \u0142atki \u015brednio obchodz\u0105 (zale\u017cnie od \u015brodowiska, jestem okre\u015blany faszyst\u0105 i katolem lub socjalist\u0105 i lewakiem), a w zasadzie to nawet powoli zaczynaj\u0105 cieszy\u0107 (staj\u0105c si\u0119 hobby na kszta\u0142t zbierania znaczk\u00f3w), ochoczo wejd\u0119 w buty adwokata diab\u0142a, by obejrze\u0107 z bliska to wielkie zero, z kt\u00f3rym rzekomo musieli\u015bmy si\u0119 zmierzy\u0107 przed 25 laty.<\/p>\n<p style=\"text-align: justify\">W sukurs przyjd\u0105 mi dane Angusa Maddisona, brytyjskiego eksperta od liczenia ujednoliconego PKB dla r\u00f3\u017cnych kraj\u00f3w \u015bwiata na przestrzeni wiek\u00f3w, w drobnym stopniu dope\u0142nione szacunkami Aleksandra Pi\u0144skiego, przedstawionymi przez niego na Obserwatorze Finansowym. Obraz, kt\u00f3ry si\u0119 z nich wy\u0142ania, dla niekt\u00f3rych mo\u017ce by\u0107 dosy\u0107 zaskakuj\u0105cy. Okazuje si\u0119, \u017ce, patrz\u0105c z perspektywy PKB, PRL nie by\u0142 wcale pasmem gospodarczych katastrof. Wr\u0119cz przeciwnie \u2013 na tle III RP wypada nie najgorzej. W 1947 r., a wi\u0119c w momencie rozpocz\u0119cia wdra\u017cania pierwszego planu odbudowy kraju po wojnie (tzw. Plan Trzyletni), PKB na g\u0142ow\u0119 mieszka\u0144ca wynosi\u0142o 1390 dolar\u00f3w mi\u0119dzynarodowych (jednostka s\u0142u\u017c\u0105ca do por\u00f3wnywania PKB w r\u00f3\u017cnych krajach). 25 lat p\u00f3\u017aniej PKB per capita wynosi\u0142o ju\u017c 5010 dolar\u00f3w. A wi\u0119c wzr\u00f3s\u0142 on ponad 3,5-krotnie. W 1989 r. wynosi\u0142 on 5684 dolar\u00f3w na g\u0142ow\u0119, a w 2014 roku 12062. Czyli przez 25 lat III RP tak\u017ce wyra\u017anie wzr\u00f3s\u0142, ale ju\u017c jedynie ponad dwukrotnie. A wi\u0119c produkt krajowy brutto w pierwszym \u0107wier\u0107wieczu wspaniale transformowanej III RP r\u00f3s\u0142 du\u017co wolniej ni\u017c w pierwszym \u0107wier\u0107wieczu istnienia nad Wis\u0142\u0105 czarnej dziury, z kt\u00f3rej tak bohatersko wyci\u0105gali nas Balcerowicz i sp\u00f3\u0142ka. Oczywi\u015bcie rycerze transformacji zawsze mog\u0105 stwierdzi\u0107, \u017ce odbudowa ze zgliszcz wojennych musi przynie\u015b\u0107 na papierze spektakularne wyniki, wiec nic dziwnego, \u017ce PRL notowa\u0142 lepszy wzrost. Ale na to mo\u017cna odpowiedzie\u0107 co najmniej dwoma argumentami. Po pierwsze, przecie\u017c wed\u0142ug oficjalnej wyk\u0142adni r\u00f3wnie\u017c po 1989 r. odbudowywali\u015bmy kraj ze zgliszcz (kt\u00f3re definitywnie wymaga\u0142y b\u0142yskawicznej terapii szokowej). A skoro tak, wyniki III RP powinny by\u0107 r\u00f3wnie znakomite. Po drugie, przytoczone dane pokazuj\u0105 PKB na g\u0142ow\u0119 mieszka\u0144ca. A w okresie powojennym liczba mieszka\u0144c\u00f3w Polski b\u0142yskawicznie ros\u0142a \u2013 w 1947 by\u0142o ich oko\u0142o 24 mln, a w 1972 ju\u017c ponad 33 \u2013 co spowodowa\u0142o, \u017ce osi\u0105gni\u0119cie wzrostu PKB per capita by\u0142o tym trudniejsze. Tymczasem wed\u0142ug GUS w okresie 1989-2013 liczba ludno\u015bci nad Wis\u0142\u0105 utrzymuje si\u0119 na poziomie oko\u0142o 38 mln. A wi\u0119c PKB dla ca\u0142ego kraju r\u00f3s\u0142 w latach 1947-1972 niepor\u00f3wnywalnie szybciej ni\u017c w okresie 1989-2014. S\u0142owem, z przytoczonych tu danych wynika, \u017ce w powojennym \u0107wier\u0107wieczu musia\u0142 by\u0107 wytwarzany ca\u0142kiem znacz\u0105cy maj\u0105tek. Nawet je\u015bli nie mia\u0142 on charakteru takiego jak dzi\u015b (czyli g\u0142\u00f3wnie konsumpcyjnego) i nale\u017ca\u0142 formalnie do wszystkich, a nie do poszczeg\u00f3lnych w\u0142a\u015bcicieli, to z zerem nie mia\u0142 nic wsp\u00f3lnego.<\/p>\n<p style=\"text-align: justify\"><a href=\"http:\/\/www.siemysli.info.ke\/wp-content\/uploads\/2014\/10\/816-damian-5569.jpg\" rel=\"lightbox[13824]\"><img decoding=\"async\" class=\"alignleft size-medium wp-image-13827\" src=\"http:\/\/www.siemysli.info.ke\/wp-content\/uploads\/2014\/10\/816-damian-5569-300x225.jpg\" alt=\"816-damian-5569\" width=\"300\" height=\"225\" srcset=\"https:\/\/siemysli-ke.info\/wp-content\/uploads\/2014\/10\/816-damian-5569-300x225.jpg 300w, https:\/\/siemysli-ke.info\/wp-content\/uploads\/2014\/10\/816-damian-5569.jpg 600w\" sizes=\"(max-width: 300px) 100vw, 300px\" \/><\/a>Wielbiciele obecnego kszta\u0142tu III RP zachwycaj\u0105 si\u0119 faktem, \u017ce PKB per capita wynosi w Polsce obecnie ju\u017c 68 proc. \u015bredniej UE. Z danych Maddisona wynika, \u017ce w czasach szczytu rozwoju PRL (1978 r.) PKB na g\u0142ow\u0119 Polaka wynosi\u0142o prawie 50 proc. \u015bredniej dla zachodniej Europy. Jak wida\u0107 wynik ten nie by\u0142 znowu tak wiele gorszy ni\u017c teraz. A trzeba pami\u0119ta\u0107, \u017ce obecna \u015brednia UE nie jest tym samym, co \u015brednia zachodniej Europy z lat 70., gdy\u017c wsp\u00f3\u0142czesn\u0105 unijn\u0105 przeci\u0119tn\u0105 znacznie zani\u017ca wiele kraj\u00f3w biedniejszych nawet od Polski, takich jak Bu\u0142garia czy Rumunia. Bardziej por\u00f3wnywalne by\u0142oby odniesienie do \u015bredniej dla strefy euro \u2013 wtedy polskie PKB per capita wynosi ju\u017c tylko 63 proc., cho\u0107 przecie\u017c do eurozony nale\u017c\u0105 te\u017c kraje niespecjalnie zamo\u017cne, takie jak \u0141otwa czy S\u0142owacja. W roku 1989 polskie PKB na g\u0142ow\u0119 wynosi\u0142o 36 proc. \u015bredniej zachodniej Europy. To du\u017co mniej ni\u017c obecne 63 proc., ale od zera jest r\u00f3wnie dalekie. A trzeba pami\u0119ta\u0107, \u017ce \u00f3wczesne PKB stanowi\u0142o produkt rzeczywi\u015bcie krajowy, gdy\u017c \u015brodki produkcji by\u0142y w zasadzie w ca\u0142o\u015bci w polskich r\u0119kach. Dawa\u0142o to wi\u0119c realne podstawy, by po rozs\u0105dnej restrukturyzacji gospodarki w duchu cywilizowanego kapitalizmu \u015brodki te sta\u0142y si\u0119 fundamentem, na kt\u00f3rym mo\u017cna by\u0142o zbudowa\u0107 maj\u0105tek statystycznego Polaka, kt\u00f3ry m\u00f3g\u0142by si\u0119gn\u0105\u0107 nawet tej 1\/3 przeci\u0119tnego maj\u0105tku mieszka\u0144ca zachodniej Europy. Obecna struktura polskiego PKB, wytwarzanego w du\u017cej mierze przez kapita\u0142 zagraniczny oraz charakteryzuj\u0105cego si\u0119 jednym z najni\u017cszych w Europie udzia\u0142em p\u0142ac, ko\u0144czy si\u0119 tym, \u017ce si\u0119gni\u0119cie naszego produktu krajowego brutto poziomu 68 proc. \u015bredniej UE pozwoli\u0142o przeci\u0119tnemu polskiemu gospodarstwu domowemu na nabycie maj\u0105tku wartego zaledwie 10 proc. tego, co posiada statystyczne gospodarstwo domowe we W\u0142oszech, a wi\u0119c w kraju, kt\u00f3ry znajduje si\u0119 prawie dok\u0142adnie na omawianej \u015bredniej (w\u0142oskie PKB to 98 proc. przeci\u0119tnej UE). Z tej perspektywy, sytuacja w 1989 r. wcale nie wygl\u0105da ju\u017c tak dramatycznie \u017ale, jak si\u0119 nam m\u00f3wi. Oczywi\u015bcie PKB nie mo\u017cna odnosi\u0107 w prostej linii do maj\u0105tku, lecz do wytworzenia PKB bez w\u0105tpienia potrzebny jest maj\u0105tek w postaci \u015brodk\u00f3w produkcji. A jego mieli\u015bmy na tyle, by osi\u0105gn\u0105\u0107 warto\u015b\u0107 ponad 1\/3 \u015bredniej produkcji zachodniej Europy. Maj\u0105tek ten m\u00f3g\u0142 by\u0107 podstaw\u0105 do sprawiedliwego uw\u0142aszczenia Polak\u00f3w, bo przecie\u017c formalnie rzecz bior\u0105c nale\u017ca\u0142 on w r\u00f3wnej mierze do wszystkich. I gdyby tak si\u0119 sta\u0142o, wcale nie musieliby\u015bmy zaczyna\u0107 od zera. Mieliby\u015bmy przyzwoit\u0105 wyprawk\u0119 \u2013 skromn\u0105 bo skromn\u0105, ale zawsze.<\/p>\n<p><a href=\"http:\/\/www.siemysli.info.ke\/wp-content\/uploads\/2014\/10\/z13820529QUniontex___zabytkowa_fabryka_Ludwika_Grohmana___popada.jpg\" rel=\"lightbox[13824]\"><img decoding=\"async\" class=\"alignleft size-medium wp-image-13828\" src=\"http:\/\/www.siemysli.info.ke\/wp-content\/uploads\/2014\/10\/z13820529QUniontex___zabytkowa_fabryka_Ludwika_Grohmana___popada-300x200.jpg\" alt=\"z13820529Q,Uniontex___zabytkowa_fabryka_Ludwika_Grohmana___popada\" width=\"300\" height=\"200\" srcset=\"https:\/\/siemysli-ke.info\/wp-content\/uploads\/2014\/10\/z13820529QUniontex___zabytkowa_fabryka_Ludwika_Grohmana___popada-300x200.jpg 300w, https:\/\/siemysli-ke.info\/wp-content\/uploads\/2014\/10\/z13820529QUniontex___zabytkowa_fabryka_Ludwika_Grohmana___popada.jpg 620w\" sizes=\"(max-width: 300px) 100vw, 300px\" \/><\/a>Sta\u0142o si\u0119 jednak inaczej. Polskie \u015brodki produkcji zosta\u0142y wyprzedane (nierzadko bezcen), lub pozbyli\u015bmy si\u0119 ich w inny spos\u00f3b (np. poprzez doprowadzanie do upad\u0142o\u015bci przedsi\u0119biorstw \u2013 co zreszt\u0105 te\u017c ko\u0144czy\u0142o si\u0119 zwykle wyprzeda\u017c\u0105 za bezcen). Zawsze mo\u017cna postawi\u0107 wytart\u0105 ju\u017c tez\u0119, \u017ce widocznie by\u0142y one zacofane i nawet je\u015bli w 1989 r. produkowa\u0142y tyle, ile produkowa\u0142y, to nie dawa\u0142y \u017cadnych szans na rozw\u00f3j. Ale to jest nieprawda. Upadek przedsi\u0119biorstw by\u0142 spowodowany idiotyczn\u0105 polityk\u0105 ekonomiczn\u0105, kt\u00f3ra wystawi\u0142a przedsi\u0119biorstwa przyzwyczajone do dzia\u0142ania w zupe\u0142nie innym systemie na nag\u0142\u0105 konkurencj\u0119 w warunkach gospodarki rynkowej, czego nie mog\u0142y przetrwa\u0107, gdy\u017c ich struktura (organizacja zatrudnienia, zasady pracy itd.) by\u0142a dopasowana do regu\u0142 gospodarki socjalistycznej, w kt\u00f3rej de facto nie by\u0142o konkurencji. Jednak niedopasowanie strukturalne nie oznacza od razu zacofania technologicznego. Wymaga jednak czasu na dostosowanie, kt\u00f3rego polskim przedsi\u0119biorstwom nie dano ani troch\u0119, wprowadzaj\u0105c ruchy, kt\u00f3re przypomina\u0142y wystawienie niemowl\u0105t lwom na po\u017carcie i nast\u0119pnie dziwienie si\u0119, \u017ce nie podj\u0119\u0142y one walki. A przecie\u017c gdy niemowl\u0119 po jakim\u015b czasie dorasta, to przestaje by\u0107 bezbronne. Niestety ojcom polskiego kapitalizmu doktryna \u201eprzemys\u0142\u00f3w raczkuj\u0105cych\u201d, kt\u00f3ra sta\u0142a si\u0119 przed wiekami podstaw\u0105 rozwoju kapitalizmu brytyjskiego i ameryka\u0144skiego, by\u0142a zupe\u0142nie obca. Zamiast wi\u0119c dba\u0107 troskliwie o swe raczkuj\u0105ce pociechy, Polacy post\u0105pili jak wyrodni rodzice i otwarli sw\u0105 gospodark\u0119 na zagraniczny kapita\u0142 w taki spos\u00f3b, \u017ce niekt\u00f3rzy eksperci zacz\u0119li nazywa\u0107 Polsk\u0119 Hongkongiem Europy (Hongkong jest jednym z najbardziej otwartych na wolny handel kraj\u00f3w na \u015bwiecie). Zlikwidowano wszelkie pozwolenia na import oraz wprowadzono niski podatek importowy, co w po\u0142\u0105czeniu z nag\u0142ym odci\u0119ciem polskich firm od kapita\u0142u (zniesienie wszelkich dop\u0142at z bud\u017cetu oraz preferencyjnych kredyt\u00f3w banku centralnego, znaczny wzrost oprocentowania kredyt\u00f3w, nawet tych wcze\u015bniej zaci\u0105gni\u0119tych) wystawi\u0142o je na rze\u017a. Zamiast przemy\u015blanej transformacji mieli\u015bmy wi\u0119c skok na g\u0142\u00f3wk\u0119 do basenu, z kt\u00f3rego wcze\u015bniej sami spu\u015bcili\u015bmy wod\u0119. A autorzy tej \u201estrategii\u201d uwa\u017cani s\u0105 dzi\u015b za ekspert\u00f3w. Wo\u0142a\u0107 o pomst\u0119 do nieba to ma\u0142o.<\/p>\n<p><a href=\"http:\/\/www.siemysli.info.ke\/wp-content\/uploads\/2014\/10\/30943_b.jpg\" rel=\"lightbox[13824]\"><img decoding=\"async\" class=\"alignleft size-medium wp-image-13829\" src=\"http:\/\/www.siemysli.info.ke\/wp-content\/uploads\/2014\/10\/30943_b-300x200.jpg\" alt=\"30943_b\" width=\"300\" height=\"200\" srcset=\"https:\/\/siemysli-ke.info\/wp-content\/uploads\/2014\/10\/30943_b-300x200.jpg 300w, https:\/\/siemysli-ke.info\/wp-content\/uploads\/2014\/10\/30943_b.jpg 380w\" sizes=\"(max-width: 300px) 100vw, 300px\" \/><\/a>Przez Polsk\u0119 przetoczy\u0142a si\u0119 wi\u0119c fala upadku przedsi\u0119biorstw. I to w niekt\u00f3rych przypadkach bardzo nowoczesnych. Warszawski zak\u0142ad CEMI produkuj\u0105cy uk\u0142ady scalone, diody i tranzystory zatrudnia\u0142 ok. 8 tys. pracownik\u00f3w i by\u0142 najwi\u0119kszym tego typu zak\u0142adem w naszym rejonie Europy. Zbankrutowa\u0142 w wyniku nag\u0142ego zwi\u0119kszenia warto\u015bci mar\u017cy kredytu i dumpingowej konkurencji. S\u0142ynne Zak\u0142ady Radiowe im. Kasprzaka, produkuj\u0105ce wysokiej klasy magnetofony i zatrudniaj\u0105ce 6 tys. pracownik\u00f3w, zbankrutowa\u0142y z podobnych powod\u00f3w, czym poci\u0105gn\u0119\u0142y ze sob\u0105 na dno dwie wsp\u00f3\u0142pracuj\u0105ce z nimi firmy: Muflex i Cemat. Upad\u0142a tak\u017ce kolejna fabryka magnetofon\u00f3w, tym razem z Lubartowa \u2013 produkowa\u0142a nowoczesne magnetofony odporne na wstrz\u0105sy, wykorzystywane np. przez wojsko. Kolejna s\u0142ynna firma, czyli Zak\u0142ady Telewizyjne Elemis r\u00f3wnie\u017c ucierpia\u0142a w wyniku wzrostu warto\u015bci kredytu, a tak\u017ce odci\u0119cia od finansowania, pomimo perspektywy wielkiego kontraktu na 100 tys. odbiornik\u00f3w. Dobi\u0142a j\u0105 zagraniczna konkurencja ze strony Philipsa i Thompsona, kt\u00f3rym\u2026 udzielono ulg podatkowych. Chyba w\u0142a\u015bnie po to, \u017ceby dobi\u0107 Elemis. Terapii szokowej nie wytrzyma\u0142 tak\u017ce ZOPAN, produkuj\u0105cy unikaln\u0105 aparatur\u0119 pomiarow\u0105. A tak\u017ce wiele innych firm, takich jak Telpod czy Fonica.<\/p>\n<p><a href=\"http:\/\/www.siemysli.info.ke\/wp-content\/uploads\/2014\/10\/tech10.jpg\" rel=\"lightbox[13824]\"><img decoding=\"async\" class=\"alignleft size-medium wp-image-13830\" src=\"http:\/\/www.siemysli.info.ke\/wp-content\/uploads\/2014\/10\/tech10-300x200.jpg\" alt=\"tech10\" width=\"300\" height=\"200\" srcset=\"https:\/\/siemysli-ke.info\/wp-content\/uploads\/2014\/10\/tech10-300x200.jpg 300w, https:\/\/siemysli-ke.info\/wp-content\/uploads\/2014\/10\/tech10.jpg 600w\" sizes=\"(max-width: 300px) 100vw, 300px\" \/><\/a>Kolejnym gwo\u017adziem do trumny polskiej przedsi\u0119biorczo\u015bci by\u0142a szeroka prywatyzacja, oparta na dw\u00f3ch b\u0142\u0119dnych za\u0142o\u017ceniach. Pierwsze by\u0142o takie, \u017ce przedsi\u0119biorstwa prywatne zawsze dzia\u0142aj\u0105 bardziej efektywnie ni\u017c publiczne. Drugie by\u0142o oparte na prze\u015bwiadczeniu, \u017ce ca\u0142y postpeerelowski maj\u0105tek to, cytuj\u0105c klasyka, co najwy\u017cej \u201ekamieni kupa\u201d. Z obu za\u0142o\u017ce\u0144 zagraniczni inwestorzy korzystali ochoczo i z u\u015bmiechem na ustach. Cz\u0119sto nie robili tego nawet z my\u015bl\u0105 o dalszych inwestycjach, a raczej w celu likwidacji niepotrzebnej konkurencji. Sztandarowe przyk\u0142ady takiego dzia\u0142ania to poczynania Siemensa. Kupi\u0142 on wielkie zak\u0142ady telefoniczne ZWUT, kt\u00f3re wcze\u015bniej praktycznie zmonopolizowa\u0142y produkcj\u0119 i konserwacj\u0119 telefon\u00f3w w Polsce i ZSRR i zatrudnia\u0142y ok. 4 tys. pracownik\u00f3w. Niemcy b\u0142yskawicznie wr\u0119czyli wszystkim wypowiedzenia, a nast\u0119pnie\u2026 zburzyli budynki zak\u0142adowe. Zapewne tak dla pewno\u015bci, \u017ce ju\u017c nic si\u0119 w tym miejscu nie urodzi. Dok\u0142adnie t\u0119 sam\u0105 strategi\u0119 Siemens obra\u0142 w przypadku Zak\u0142adu Komputerowego Elwro z Wroc\u0142awia \u2013 tym razem \u0142askawie zostawiaj\u0105c jeden budynek, w kt\u00f3rym pozostawi\u0142 marginaln\u0105 produkcj\u0119 przewod\u00f3w. Ciekawy jest r\u00f3wnie\u017c przypadek firmy Polam, produkuj\u0105cej lampy i inne urz\u0105dzenia \u015bwietlne. Inwestor, kt\u00f3ry j\u0105 zakupi\u0142 tak\u017ce uzna\u0142, \u017ce spora cz\u0119\u015b\u0107 budynk\u00f3w jest mu niepotrzebna, a na zgliszczach Polamu produkuje\u2026 kartony. Nie osta\u0142y si\u0119 r\u00f3wnie\u017c Dzier\u017coniowskie Zak\u0142ady Radiowe, pomimo wcze\u015bniejszych sporych inwestycji w linie produkcyjne. Po prywatyzacji zak\u0142ady te odchudzono o\u2026 90 proc. W\u0142asn\u0105 strategi\u0119 wybijania z\u0119b\u00f3w polskiemu przemys\u0142owi przyj\u0105\u0142 szwedzko-szwajcarski koncern Asea Brown Boveri Ltd. W kolejnych kupowanych przez siebie firmach elektronicznych zamienia\u0142 produkcj\u0119 gotowych wyrob\u00f3w na wytwarzanie element\u00f3w do nich. Tak post\u0105pi\u0142 w przypadku warszawskiego Megatexu, wroc\u0142awskiego Dolmetu oraz \u0142\u00f3dzkiej Elty.<\/p>\n<p style=\"text-align: justify\"><a href=\"http:\/\/www.siemysli.info.ke\/wp-content\/uploads\/2014\/10\/z3331687G.jpg\" rel=\"lightbox[13824]\"><img decoding=\"async\" class=\"alignleft size-medium wp-image-13831\" src=\"http:\/\/www.siemysli.info.ke\/wp-content\/uploads\/2014\/10\/z3331687G-300x200.jpg\" alt=\"z3331687G\" width=\"300\" height=\"200\" srcset=\"https:\/\/siemysli-ke.info\/wp-content\/uploads\/2014\/10\/z3331687G-300x200.jpg 300w, https:\/\/siemysli-ke.info\/wp-content\/uploads\/2014\/10\/z3331687G.jpg 410w\" sizes=\"(max-width: 300px) 100vw, 300px\" \/><\/a>Prawdziwe Eldorado zagraniczni inwestorzy mieli jednak dopiero wtedy, gdy za grosze nabywali nad Wis\u0142\u0105 najwi\u0119ksze per\u0142y peerelowskiego przemys\u0142u. Zak\u0142ady Papierowe w Kwidzynie by\u0142y przedsi\u0119biorstwem wyj\u0105tkowo nowoczesnym. Jeszcze pod koniec lat 70. za ok. 400 mln dolar\u00f3w zakupiono sprz\u0119t z Kanady, a za drugie tyle dozbrojono ziemi\u0119 i rozbudowano infrastruktur\u0119. Tymczasem Amerykanie z International Paper Group w roku 1990 kupili 80 proc. akcji za zaledwie 120 mln dolar\u00f3w. Ale to jeszcze i tak nic, gdy\u017c suma zwolnie\u0144 podatkowych, jakie uzyskali w zamian za to, wynios\u0142a w sumie\u2026 142 mln dolar\u00f3w. Inaczej m\u00f3wi\u0105c, dop\u0142acili\u015bmy Amerykanom za to, \u017ce \u0142askawie wzi\u0119li od nas bardzo nowoczesn\u0105 fabryk\u0119. Dwa lata p\u00f3\u017aniej prezes International Paper przechwala\u0142 si\u0119 w ameryka\u0144skiej prasie, \u017ce takiej transakcji nie da\u0142by rady zawrze\u0107 pod \u017cadn\u0105 inn\u0105 szeroko\u015bci\u0105 geograficzn\u0105 na \u015bwiecie. Najwi\u0119kszym skandalem prywatyzacyjnym by\u0142a chyba sprzeda\u017c Huty Warszawa. Cho\u0107 by\u0142a wyceniana nawet na 3 mld dolar\u00f3w, 51 proc. jej akcji zosta\u0142o sprzedanych za\u2026 nieca\u0142e 34 mln. Sam grunt do tej transakcji zosta\u0142 wyceniony po cenie 38,5 tys. z\u0142 za metr kwadratowy, cho\u0107 ceny rynkowe ziemi w Warszawie waha\u0142y si\u0119 w tamtym okresie mi\u0119dzy 320 a 900 tys. z\u0142 za metr. Tak\u017ce inne polskie huty sprzedano za \u015bmiesznie niskie kwoty. Sp\u00f3\u0142ka Polskie Huty Stali, skupiaj\u0105ca 4 wielkie huty, zosta\u0142a zakupiona przez Mittal Steel Company za 1,43 mld z\u0142, co stanowi\u0142o zaledwie 48 proc. zysku wypracowanego przez sprywatyzowan\u0105 grup\u0119 ju\u017c w pierwszym roku po prywatyzacji. Na sprzeda\u017cy tej NIK nie zostawi\u0142 suchej nitki, stwierdzaj\u0105c w protokole pokontrolnym, \u017ce jej warto\u015b\u0107 zosta\u0142a zani\u017cona o 2 mld z\u0142. Przybysze zza granicy robili tak\u017ce swe interesy \u017cycia w polskim sektorze finansowym. Wielkopolski Bank Kredytowy, obecny BZ WBK, zosta\u0142 w du\u017cej cz\u0119\u015bci sprzedany Europejskiemu Bankowi Odbudowy i Rozwoju, kt\u00f3ry po nied\u0142ugim czasie sprzeda\u0142 wszystkie swoje akcje irlandzkiemu AIB z\u2026 sze\u015bciokrotnym przebiciem. To i tak nic, w por\u00f3wnaniu z losem Banku \u015al\u0105skiego. Du\u017c\u0105 jego cz\u0119\u015b\u0107 sprzedano go holenderskiemu ING wyceniaj\u0105c jedn\u0105 akcj\u0119 na 500 tys. z\u0142, tymczasem ju\u017c po pierwszym notowaniu gie\u0142dowym cena ta wzros\u0142a\u2026 13,5-krotnie. Po tym skandalu do dymisji poda\u0142 si\u0119 minister finans\u00f3w Marek Borowski, a NIK przeprowadzi\u0142a kontrol\u0119, w wyniku kt\u00f3rej dopatrzy\u0142a si\u0119 w transakcji znamion przest\u0119pstwa oraz wykaza\u0142a zani\u017cenie kapita\u0142u banku przed prywatyzacj\u0105 o ponad bilion starych z\u0142otych. Nie przeszkodzi\u0142o to jednak Holendrom w zakupie kolejnych akcji, w zwi\u0105zku z czym w 1996 r. bezbole\u015bnie stali si\u0119 wi\u0119kszo\u015bciowym udzia\u0142owcem jednej z najzdrowszych instytucji finansowych III RP.<\/p>\n<p style=\"text-align: justify\"><a href=\"http:\/\/www.siemysli.info.ke\/wp-content\/uploads\/2014\/10\/88-89-okladka.jpg\" rel=\"lightbox[13824]\"><img decoding=\"async\" class=\"alignleft size-medium wp-image-13832\" src=\"http:\/\/www.siemysli.info.ke\/wp-content\/uploads\/2014\/10\/88-89-okladka-300x211.jpg\" alt=\"88-89-okladka\" width=\"300\" height=\"211\" srcset=\"https:\/\/siemysli-ke.info\/wp-content\/uploads\/2014\/10\/88-89-okladka-300x211.jpg 300w, https:\/\/siemysli-ke.info\/wp-content\/uploads\/2014\/10\/88-89-okladka.jpg 640w\" sizes=\"(max-width: 300px) 100vw, 300px\" \/><\/a>Dane statystyczne, pokazuj\u0105ce skal\u0119 destrukcji polskiego przemys\u0142u w wyniku zdzicza\u0142ej transformacji, je\u017c\u0105 w\u0142os na g\u0142owie. Zatrudnienie w zak\u0142adach wysokiej techniki spad\u0142o o 50 proc., co obj\u0119\u0142o ok. 200 tys. pracownik\u00f3w. Produkcja aparatury informatycznej spad\u0142a o 26 proc., optycznej o 36,5 proc., maszyn i urz\u0105dze\u0144 energetycznych o 45 proc., a urz\u0105dze\u0144 elektronicznych a\u017c o 66,5 proc. W por\u00f3wnaniu do 1989 r., w roku 1994 produkowali\u015bmy ju\u017c tylko nieca\u0142e 7 proc. tranzystor\u00f3w, 0,6 proc. uk\u0142ad\u00f3w scalonych, 12 proc. silnik\u00f3w przemys\u0142owych, 5 proc. kombajn\u00f3w zbo\u017cowych, 20 proc. aparatury rozdzielczej i zabezpieczeniowej wysokiego i niskiego napi\u0119cia, 12 proc. odbiornik\u00f3w radiowych oraz 6 proc. \u017curawi i 25 proc. suwnic. Jak wida\u0107 zaledwie 5 lat wystarczy\u0142o, \u017ceby zupe\u0142nie znokautowa\u0107 polski przemys\u0142.<\/p>\n<p style=\"text-align: justify\">Nie chcia\u0142bym by\u0107 \u017ale zrozumiany \u2013 nie zamierzam broni\u0107 PRL-u jako systemu polityczno-ekonomicznego. Uwa\u017cam, \u017ce bardzo dobrze si\u0119 sta\u0142o, \u017ce upad\u0142. Jednak dyskredytowanie dok\u0142adnie wszystkiego, co z nim zwi\u0105zane, jest na r\u0119k\u0119 g\u0142\u00f3wnie tym, kt\u00f3rzy odpowiadaj\u0105 za kszta\u0142t coraz bardziej skompromitowanej III RP, zapewniaj\u0105c im wygodne alibi, dzi\u0119ki kt\u00f3remu mog\u0105 swobodnie opowiada\u0107, \u017ce obecna bieda naszego spo\u0142ecze\u0144stwa jest spowodowana przede wszystkim tym, \u017ce lata 1945-1989 zosta\u0142y wyrwane z naszej gospodarczej historii. A tymczasem wcale nie zosta\u0142y wyrwane. Prawdziw\u0105 wyrw\u0119 uczyni\u0142a dopiero zdzicza\u0142a transformacja, w wyniku kt\u00f3rej ca\u0142y ekonomiczny dorobek PRL (kt\u00f3ry, owszem, nie by\u0142 zbyt du\u017cy, ale jednak jaki\u015b by\u0142) rozszed\u0142 si\u0119 nawet nie wiadomo do ko\u0144ca gdzie. Paradoksem jest, \u017ce antykomunizm prezentowany przez wiele \u015brodowisk wielce krytycznie nastawionych do III RP jest na r\u0119k\u0119 g\u0142\u00f3wnie\u2026 elitom III RP. Zast\u0119py \u015brednio rozgarni\u0119tych \u201eprawaczk\u00f3w\u201d licytuj\u0105 si\u0119 na antykomunizm, nie zdaj\u0105c sobie sprawy, \u017ce lej\u0105 mi\u00f3d na serca tych, kt\u00f3rzy najpierw przepu\u015bcili nasz maj\u0105tek, a teraz r\u017cn\u0105 g\u0142upa, \u017ce przecie\u017c \u017cadnego maj\u0105tku nie by\u0142o, bo w 1989 r. zaczynali\u015bmy od zera, a PRL to by\u0142a jedynie nic niewarta sterta ruin. Ot\u00f3\u017c nie by\u0142a.<br \/>\n<a href=\"http:\/\/www.siemysli.info.ke\/wp-content\/uploads\/2014\/10\/000027Y4ERQESUTN-C116.jpg\" rel=\"lightbox[13824]\"><img decoding=\"async\" class=\"alignleft size-medium wp-image-13833\" src=\"http:\/\/www.siemysli.info.ke\/wp-content\/uploads\/2014\/10\/000027Y4ERQESUTN-C116-300x208.jpg\" alt=\"000027Y4ERQESUTN-C116\" width=\"300\" height=\"208\" srcset=\"https:\/\/siemysli-ke.info\/wp-content\/uploads\/2014\/10\/000027Y4ERQESUTN-C116-300x208.jpg 300w, https:\/\/siemysli-ke.info\/wp-content\/uploads\/2014\/10\/000027Y4ERQESUTN-C116.jpg 625w\" sizes=\"(max-width: 300px) 100vw, 300px\" \/><\/a>Za<br \/>\nAutor: Piotr W\u00f3jcik<br \/>\n\u0179r\u00f3d\u0142o: Nowy Obywatel<\/p>\n<p style=\"text-align: justify\">\n<p style=\"text-align: justify\">\n<p style=\"text-align: justify\">\n<p style=\"text-align: justify\">\n<p style=\"text-align: justify\">\n<p style=\"text-align: justify\">\n<p style=\"text-align: justify\">\n<p>&nbsp;<\/p>\n","protected":false},"excerpt":{"rendered":"<p>Misterna konstrukcja propagandowa, przedstawiaj\u0105ca III RP jako niebywa\u0142y sukces, chwieje si\u0119 w posadach wraz z kolejnymi danymi nap\u0142ywaj\u0105cymi z przer\u00f3\u017cnych<\/p>\n","protected":false},"author":7,"featured_media":13833,"comment_status":"open","ping_status":"open","sticky":false,"template":"","format":"standard","meta":{"colormag_page_layout":"default_layout","footnotes":""},"categories":[81],"tags":[1223,1222],"class_list":["post-13824","post","type-post","status-publish","format-standard","has-post-thumbnail","hentry","category-rzeczpospolita","tag-balcerowicz","tag-iii-rp"],"yoast_head":"<!-- This site is optimized with the Yoast SEO plugin v25.1 - https:\/\/yoast.com\/wordpress\/plugins\/seo\/ -->\n<title>Nie musieli\u015bmy zaczyna\u0107 od zera - SI\u0118 MY\u015aLI<\/title>\n<meta name=\"robots\" content=\"index, follow, max-snippet:-1, max-image-preview:large, max-video-preview:-1\" \/>\n<link rel=\"canonical\" href=\"https:\/\/siemysli-ke.info\/en\/nie-musielismy-zaczynac-od-zera\/\" \/>\n<meta property=\"og:locale\" content=\"en_US\" \/>\n<meta property=\"og:type\" content=\"article\" \/>\n<meta property=\"og:title\" content=\"Nie musieli\u015bmy zaczyna\u0107 od zera - SI\u0118 MY\u015aLI\" \/>\n<meta property=\"og:description\" content=\"Misterna konstrukcja propagandowa, przedstawiaj\u0105ca III RP jako niebywa\u0142y sukces, chwieje si\u0119 w posadach wraz z kolejnymi danymi nap\u0142ywaj\u0105cymi z przer\u00f3\u017cnych\" \/>\n<meta property=\"og:url\" content=\"https:\/\/siemysli-ke.info\/en\/nie-musielismy-zaczynac-od-zera\/\" \/>\n<meta property=\"og:site_name\" content=\"SI\u0118 MY\u015aLI\" \/>\n<meta property=\"article:published_time\" content=\"2014-10-16T07:23:44+00:00\" \/>\n<meta property=\"og:image\" content=\"https:\/\/siemysli-ke.info\/wp-content\/uploads\/2014\/10\/000027Y4ERQESUTN-C116.jpg\" \/>\n\t<meta property=\"og:image:width\" content=\"625\" \/>\n\t<meta property=\"og:image:height\" content=\"434\" \/>\n\t<meta property=\"og:image:type\" content=\"image\/jpeg\" \/>\n<meta name=\"author\" content=\"Jaromir\" \/>\n<meta name=\"twitter:label1\" content=\"Written by\" \/>\n\t<meta name=\"twitter:data1\" content=\"Jaromir\" \/>\n\t<meta name=\"twitter:label2\" content=\"Est. reading time\" \/>\n\t<meta name=\"twitter:data2\" content=\"15 minutes\" \/>\n<script type=\"application\/ld+json\" class=\"yoast-schema-graph\">{\"@context\":\"https:\/\/schema.org\",\"@graph\":[{\"@type\":\"Article\",\"@id\":\"https:\/\/siemysli-ke.info\/en\/nie-musielismy-zaczynac-od-zera\/#article\",\"isPartOf\":{\"@id\":\"https:\/\/siemysli-ke.info\/en\/nie-musielismy-zaczynac-od-zera\/\"},\"author\":{\"name\":\"Jaromir\",\"@id\":\"https:\/\/siemysli-ke.info\/#\/schema\/person\/66d741fa745a44f2fe46d112bc6499f2\"},\"headline\":\"Nie musieli\u015bmy zaczyna\u0107 od zera\",\"datePublished\":\"2014-10-16T07:23:44+00:00\",\"mainEntityOfPage\":{\"@id\":\"https:\/\/siemysli-ke.info\/en\/nie-musielismy-zaczynac-od-zera\/\"},\"wordCount\":3101,\"commentCount\":0,\"publisher\":{\"@id\":\"https:\/\/siemysli-ke.info\/#organization\"},\"image\":{\"@id\":\"https:\/\/siemysli-ke.info\/en\/nie-musielismy-zaczynac-od-zera\/#primaryimage\"},\"thumbnailUrl\":\"https:\/\/siemysli-ke.info\/wp-content\/uploads\/2014\/10\/000027Y4ERQESUTN-C116.jpg\",\"keywords\":[\"Balcerowicz\",\"III RP\"],\"articleSection\":[\"Rzeczypospolita\"],\"inLanguage\":\"en-US\",\"potentialAction\":[{\"@type\":\"CommentAction\",\"name\":\"Comment\",\"target\":[\"https:\/\/siemysli-ke.info\/en\/nie-musielismy-zaczynac-od-zera\/#respond\"]}]},{\"@type\":\"WebPage\",\"@id\":\"https:\/\/siemysli-ke.info\/en\/nie-musielismy-zaczynac-od-zera\/\",\"url\":\"https:\/\/siemysli-ke.info\/en\/nie-musielismy-zaczynac-od-zera\/\",\"name\":\"Nie musieli\u015bmy zaczyna\u0107 od zera - SI\u0118 MY\u015aLI\",\"isPartOf\":{\"@id\":\"https:\/\/siemysli-ke.info\/en\/#website\"},\"primaryImageOfPage\":{\"@id\":\"https:\/\/siemysli-ke.info\/en\/nie-musielismy-zaczynac-od-zera\/#primaryimage\"},\"image\":{\"@id\":\"https:\/\/siemysli-ke.info\/en\/nie-musielismy-zaczynac-od-zera\/#primaryimage\"},\"thumbnailUrl\":\"https:\/\/siemysli-ke.info\/wp-content\/uploads\/2014\/10\/000027Y4ERQESUTN-C116.jpg\",\"datePublished\":\"2014-10-16T07:23:44+00:00\",\"breadcrumb\":{\"@id\":\"https:\/\/siemysli-ke.info\/en\/nie-musielismy-zaczynac-od-zera\/#breadcrumb\"},\"inLanguage\":\"en-US\",\"potentialAction\":[{\"@type\":\"ReadAction\",\"target\":[[\"https:\/\/siemysli-ke.info\/en\/nie-musielismy-zaczynac-od-zera\/\"]]}]},{\"@type\":\"ImageObject\",\"inLanguage\":\"en-US\",\"@id\":\"https:\/\/siemysli-ke.info\/en\/nie-musielismy-zaczynac-od-zera\/#primaryimage\",\"url\":\"https:\/\/siemysli-ke.info\/wp-content\/uploads\/2014\/10\/000027Y4ERQESUTN-C116.jpg\",\"contentUrl\":\"https:\/\/siemysli-ke.info\/wp-content\/uploads\/2014\/10\/000027Y4ERQESUTN-C116.jpg\",\"width\":625,\"height\":434},{\"@type\":\"BreadcrumbList\",\"@id\":\"https:\/\/siemysli-ke.info\/en\/nie-musielismy-zaczynac-od-zera\/#breadcrumb\",\"itemListElement\":[{\"@type\":\"ListItem\",\"position\":1,\"name\":\"Home\",\"item\":\"https:\/\/siemysli-ke.info\/en\/\"},{\"@type\":\"ListItem\",\"position\":2,\"name\":\"Nie musieli\u015bmy zaczyna\u0107 od zera\"}]},{\"@type\":\"WebSite\",\"@id\":\"https:\/\/siemysli-ke.info\/en\/#website\",\"url\":\"https:\/\/siemysli-ke.info\/en\/\",\"name\":\"SI\u0118 MY\u015aLI\",\"description\":\"\",\"publisher\":{\"@id\":\"https:\/\/siemysli-ke.info\/en\/#organization\"},\"potentialAction\":[{\"@type\":\"SearchAction\",\"target\":{\"@type\":\"EntryPoint\",\"urlTemplate\":\"https:\/\/siemysli-ke.info\/en\/?s={search_term_string}\"},\"query-input\":{\"@type\":\"PropertyValueSpecification\",\"valueRequired\":true,\"valueName\":\"search_term_string\"}}],\"inLanguage\":\"en-US\"},{\"@type\":\"Organization\",\"@id\":\"https:\/\/siemysli-ke.info\/en\/#organization\",\"name\":\"SI\u0118 MY\u015aLI\",\"url\":\"https:\/\/siemysli-ke.info\/en\/\",\"logo\":{\"@type\":\"ImageObject\",\"inLanguage\":\"en-US\",\"@id\":\"https:\/\/siemysli-ke.info\/en\/#\/schema\/logo\/image\/\",\"url\":\"https:\/\/siemysli-ke.info\/wp-content\/uploads\/2025\/05\/99.png\",\"contentUrl\":\"https:\/\/siemysli-ke.info\/wp-content\/uploads\/2025\/05\/99.png\",\"width\":270,\"height\":204,\"caption\":\"SI\u0118 MY\u015aLI\"},\"image\":{\"@id\":\"https:\/\/siemysli-ke.info\/en\/#\/schema\/logo\/image\/\"}},{\"@type\":\"Person\",\"@id\":\"https:\/\/siemysli-ke.info\/#\/schema\/person\/66d741fa745a44f2fe46d112bc6499f2\",\"name\":\"Jaromir\",\"image\":{\"@type\":\"ImageObject\",\"inLanguage\":\"en-US\",\"@id\":\"https:\/\/siemysli-ke.info\/en\/#\/schema\/person\/image\/\",\"url\":\"https:\/\/secure.gravatar.com\/avatar\/fe881559e8ac8dda20293e9e8317d4678c6ad8f65f85a9ce5e1a87cee56b6198?s=96&d=mm&r=g\",\"contentUrl\":\"https:\/\/secure.gravatar.com\/avatar\/fe881559e8ac8dda20293e9e8317d4678c6ad8f65f85a9ce5e1a87cee56b6198?s=96&d=mm&r=g\",\"caption\":\"Jaromir\"},\"url\":\"https:\/\/siemysli-ke.info\/en\/author\/jaromir\/\"}]}<\/script>\n<!-- \/ Yoast SEO plugin. -->","yoast_head_json":{"title":"Nie musieli\u015bmy zaczyna\u0107 od zera - SI\u0118 MY\u015aLI","robots":{"index":"index","follow":"follow","max-snippet":"max-snippet:-1","max-image-preview":"max-image-preview:large","max-video-preview":"max-video-preview:-1"},"canonical":"https:\/\/siemysli-ke.info\/en\/nie-musielismy-zaczynac-od-zera\/","og_locale":"en_US","og_type":"article","og_title":"Nie musieli\u015bmy zaczyna\u0107 od zera - SI\u0118 MY\u015aLI","og_description":"Misterna konstrukcja propagandowa, przedstawiaj\u0105ca III RP jako niebywa\u0142y sukces, chwieje si\u0119 w posadach wraz z kolejnymi danymi nap\u0142ywaj\u0105cymi z przer\u00f3\u017cnych","og_url":"https:\/\/siemysli-ke.info\/en\/nie-musielismy-zaczynac-od-zera\/","og_site_name":"SI\u0118 MY\u015aLI","article_published_time":"2014-10-16T07:23:44+00:00","og_image":[{"width":625,"height":434,"url":"https:\/\/siemysli-ke.info\/wp-content\/uploads\/2014\/10\/000027Y4ERQESUTN-C116.jpg","type":"image\/jpeg"}],"author":"Jaromir","twitter_misc":{"Written by":"Jaromir","Est. reading time":"15 minutes"},"schema":{"@context":"https:\/\/schema.org","@graph":[{"@type":"Article","@id":"https:\/\/siemysli-ke.info\/en\/nie-musielismy-zaczynac-od-zera\/#article","isPartOf":{"@id":"https:\/\/siemysli-ke.info\/en\/nie-musielismy-zaczynac-od-zera\/"},"author":{"name":"Jaromir","@id":"https:\/\/siemysli-ke.info\/#\/schema\/person\/66d741fa745a44f2fe46d112bc6499f2"},"headline":"Nie musieli\u015bmy zaczyna\u0107 od zera","datePublished":"2014-10-16T07:23:44+00:00","mainEntityOfPage":{"@id":"https:\/\/siemysli-ke.info\/en\/nie-musielismy-zaczynac-od-zera\/"},"wordCount":3101,"commentCount":0,"publisher":{"@id":"https:\/\/siemysli-ke.info\/#organization"},"image":{"@id":"https:\/\/siemysli-ke.info\/en\/nie-musielismy-zaczynac-od-zera\/#primaryimage"},"thumbnailUrl":"https:\/\/siemysli-ke.info\/wp-content\/uploads\/2014\/10\/000027Y4ERQESUTN-C116.jpg","keywords":["Balcerowicz","III RP"],"articleSection":["Rzeczypospolita"],"inLanguage":"en-US","potentialAction":[{"@type":"CommentAction","name":"Comment","target":["https:\/\/siemysli-ke.info\/en\/nie-musielismy-zaczynac-od-zera\/#respond"]}]},{"@type":"WebPage","@id":"https:\/\/siemysli-ke.info\/en\/nie-musielismy-zaczynac-od-zera\/","url":"https:\/\/siemysli-ke.info\/en\/nie-musielismy-zaczynac-od-zera\/","name":"Nie musieli\u015bmy zaczyna\u0107 od zera - SI\u0118 MY\u015aLI","isPartOf":{"@id":"https:\/\/siemysli-ke.info\/en\/#website"},"primaryImageOfPage":{"@id":"https:\/\/siemysli-ke.info\/en\/nie-musielismy-zaczynac-od-zera\/#primaryimage"},"image":{"@id":"https:\/\/siemysli-ke.info\/en\/nie-musielismy-zaczynac-od-zera\/#primaryimage"},"thumbnailUrl":"https:\/\/siemysli-ke.info\/wp-content\/uploads\/2014\/10\/000027Y4ERQESUTN-C116.jpg","datePublished":"2014-10-16T07:23:44+00:00","breadcrumb":{"@id":"https:\/\/siemysli-ke.info\/en\/nie-musielismy-zaczynac-od-zera\/#breadcrumb"},"inLanguage":"en-US","potentialAction":[{"@type":"ReadAction","target":[["https:\/\/siemysli-ke.info\/en\/nie-musielismy-zaczynac-od-zera\/"]]}]},{"@type":"ImageObject","inLanguage":"en-US","@id":"https:\/\/siemysli-ke.info\/en\/nie-musielismy-zaczynac-od-zera\/#primaryimage","url":"https:\/\/siemysli-ke.info\/wp-content\/uploads\/2014\/10\/000027Y4ERQESUTN-C116.jpg","contentUrl":"https:\/\/siemysli-ke.info\/wp-content\/uploads\/2014\/10\/000027Y4ERQESUTN-C116.jpg","width":625,"height":434},{"@type":"BreadcrumbList","@id":"https:\/\/siemysli-ke.info\/en\/nie-musielismy-zaczynac-od-zera\/#breadcrumb","itemListElement":[{"@type":"ListItem","position":1,"name":"Home","item":"https:\/\/siemysli-ke.info\/en\/"},{"@type":"ListItem","position":2,"name":"Nie musieli\u015bmy zaczyna\u0107 od zera"}]},{"@type":"WebSite","@id":"https:\/\/siemysli-ke.info\/en\/#website","url":"https:\/\/siemysli-ke.info\/en\/","name":"SI\u0118 MY\u015aLI","description":"","publisher":{"@id":"https:\/\/siemysli-ke.info\/en\/#organization"},"potentialAction":[{"@type":"SearchAction","target":{"@type":"EntryPoint","urlTemplate":"https:\/\/siemysli-ke.info\/en\/?s={search_term_string}"},"query-input":{"@type":"PropertyValueSpecification","valueRequired":true,"valueName":"search_term_string"}}],"inLanguage":"en-US"},{"@type":"Organization","@id":"https:\/\/siemysli-ke.info\/en\/#organization","name":"SI\u0118 MY\u015aLI","url":"https:\/\/siemysli-ke.info\/en\/","logo":{"@type":"ImageObject","inLanguage":"en-US","@id":"https:\/\/siemysli-ke.info\/en\/#\/schema\/logo\/image\/","url":"https:\/\/siemysli-ke.info\/wp-content\/uploads\/2025\/05\/99.png","contentUrl":"https:\/\/siemysli-ke.info\/wp-content\/uploads\/2025\/05\/99.png","width":270,"height":204,"caption":"SI\u0118 MY\u015aLI"},"image":{"@id":"https:\/\/siemysli-ke.info\/en\/#\/schema\/logo\/image\/"}},{"@type":"Person","@id":"https:\/\/siemysli-ke.info\/#\/schema\/person\/66d741fa745a44f2fe46d112bc6499f2","name":"Jaromir","image":{"@type":"ImageObject","inLanguage":"en-US","@id":"https:\/\/siemysli-ke.info\/en\/#\/schema\/person\/image\/","url":"https:\/\/secure.gravatar.com\/avatar\/fe881559e8ac8dda20293e9e8317d4678c6ad8f65f85a9ce5e1a87cee56b6198?s=96&d=mm&r=g","contentUrl":"https:\/\/secure.gravatar.com\/avatar\/fe881559e8ac8dda20293e9e8317d4678c6ad8f65f85a9ce5e1a87cee56b6198?s=96&d=mm&r=g","caption":"Jaromir"},"url":"https:\/\/siemysli-ke.info\/en\/author\/jaromir\/"}]}},"_links":{"self":[{"href":"https:\/\/siemysli-ke.info\/en\/wp-json\/wp\/v2\/posts\/13824","targetHints":{"allow":["GET"]}}],"collection":[{"href":"https:\/\/siemysli-ke.info\/en\/wp-json\/wp\/v2\/posts"}],"about":[{"href":"https:\/\/siemysli-ke.info\/en\/wp-json\/wp\/v2\/types\/post"}],"author":[{"embeddable":true,"href":"https:\/\/siemysli-ke.info\/en\/wp-json\/wp\/v2\/users\/7"}],"replies":[{"embeddable":true,"href":"https:\/\/siemysli-ke.info\/en\/wp-json\/wp\/v2\/comments?post=13824"}],"version-history":[{"count":0,"href":"https:\/\/siemysli-ke.info\/en\/wp-json\/wp\/v2\/posts\/13824\/revisions"}],"wp:featuredmedia":[{"embeddable":true,"href":"https:\/\/siemysli-ke.info\/en\/wp-json\/wp\/v2\/media\/13833"}],"wp:attachment":[{"href":"https:\/\/siemysli-ke.info\/en\/wp-json\/wp\/v2\/media?parent=13824"}],"wp:term":[{"taxonomy":"category","embeddable":true,"href":"https:\/\/siemysli-ke.info\/en\/wp-json\/wp\/v2\/categories?post=13824"},{"taxonomy":"post_tag","embeddable":true,"href":"https:\/\/siemysli-ke.info\/en\/wp-json\/wp\/v2\/tags?post=13824"}],"curies":[{"name":"wp","href":"https:\/\/api.w.org\/{rel}","templated":true}]}}