 {"id":13789,"date":"2014-10-04T22:06:49","date_gmt":"2014-10-04T20:06:49","guid":{"rendered":"http:\/\/www.siemysli.info.ke\/?p=13789"},"modified":"2014-10-05T16:58:15","modified_gmt":"2014-10-05T14:58:15","slug":"jurek-koncz-wasc-wstydu-oszczedz","status":"publish","type":"post","link":"https:\/\/siemysli-ke.info\/en\/jurek-koncz-wasc-wstydu-oszczedz\/","title":{"rendered":"Jurek \u201e- Ko\u0144cz\u2026 wa\u015b\u0107!\u2026 wstydu\u2026 oszcz\u0119d\u017a!\u2026"},"content":{"rendered":"<p style=\"text-align: justify\"><a href=\"http:\/\/www.siemysli.info.ke\/wp-content\/uploads\/2014\/10\/0003CZA29ULHKD81-C116-F4.jpg\" rel=\"lightbox[13789]\"><img decoding=\"async\" class=\"alignleft size-medium wp-image-13790\" src=\"http:\/\/www.siemysli.info.ke\/wp-content\/uploads\/2014\/10\/0003CZA29ULHKD81-C116-F4-300x217.jpg\" alt=\"0003CZA29ULHKD81-C116-F4\" width=\"300\" height=\"217\" srcset=\"https:\/\/siemysli-ke.info\/wp-content\/uploads\/2014\/10\/0003CZA29ULHKD81-C116-F4-300x217.jpg 300w, https:\/\/siemysli-ke.info\/wp-content\/uploads\/2014\/10\/0003CZA29ULHKD81-C116-F4.jpg 625w\" sizes=\"(max-width: 300px) 100vw, 300px\" \/><\/a>\u015arodowisko alternatywne i scena niezale\u017cna w sprawie WO\u015aP i Jerzego Owsiaka z biegiem lat znacznie zmieni\u0142a zdanie i krytyczny pogl\u0105d wzgl\u0119dem owego pana tak nielubianego w latach 90 tych.Wielu \u00f3wczesnych &#8220;sceners\u00f3w&#8221; urzeczonych punkowymi koncertami organizowanymi po wioskach dla Okrkiestry dzi\u015b piastuje &#8220;sto\u0142ki&#8221; w samorz\u0105dach ,czy innych miejskich agendach anarchi\u0119 zamieniaj\u0105c na bud\u017cetowe datki a coroczn\u0105 styczniow\u0105 &#8220;kolend\u0119&#8221;WO\u015aP wpisa\u0142o w wiejsko-miejski folklor z kamerami ,stra\u017cakami i innymi festynopodobnymi wygibasami.Urz\u0119dasy ,politykierzy ,policja,ko\u015bcio\u0142 ,wojsko i szarpidruty bawi\u0105 si\u0119, to krytykowac nie wypada!.Nawet na stronach prezentuj\u0105cych g\u0142os punkowego podziemia pr\u00f3zno szukac bezstronnej i merytorycznej dyskusji a wiele Owsiak ma za uszami i to nie od dzis wiadomo!A jednak nie tylko wypada ,ale te\u017c i trzeba bo Pan Owsiak jest uosobieniem tego co w Polsce wyszlo niektorym wysmienicie. Na cwaniactwie i dobrej minie niekt\u00f3rzy zbili fortuny i do dzi\u015b \u017cyj\u0105 jak p\u0105czki w ma\u015ble. Bosko\u015bc ,tryskaj\u0105ca prawda,szczero\u015bc ,uczciwo\u015bc i nieomylno\u015bc Owsiaka tak oczywista dla jego wyznawc\u00f3w ,mnie pora\u017ca. Cz\u0142owiek od debilnych akcji za komuny z &#8220;Chi\u0144skimi R\u0119cznikami i uwolnic S\u0142onia&#8221; maj\u0105cymi na celu porwac mlodych na \u015bcie\u017ck\u0119 odm\u00f3\u017cd\u017cenia z biegiem czasu dzieki odpowiedniemu scenariuszowi sta\u0142 si\u0119 ludowym trybunem i najbardziej pozytecznym dla ka\u017cdej kolejnej w\u0142adzy .S\u0105 dzieciaki ,zbi\u00f3rki jest szczytny cel ,czerwone okulary i kolorowe portki ,jest mi\u0142o\u015bc i g\u0142o\u015bna muzyka na corocznie organizowanym festiwalu .Owsiak nie lubi krytyki. Jest wtedy agresywny i nie panuje nad sob\u0105. Skacze po stole ,\u0142ka ,blu\u017ani ,wrzeszczy ,stosuje stare sprawdzone metody-jak mo\u017cna pomawiac \u015bwieckiego \u015bwietego? Bloger Matka Kurka targn\u0105\u0142 sie na ta \u015bwi\u0119to\u015bc za co Owsiak wytoczy\u0142 mu wielk\u0105 armat\u0119 w postaci procesu ,kt\u00f3ry w zamierzeniu mia\u0142 go zmie\u015bc a jego rodzine pogr\u0105\u017cyc na pokolenia w biedzie po splaconym na rzecz WO\u015aPu zado\u015bcuczynieniu. Stalo si\u0119 jednak odwrotnie Dawid pokona\u0142 Goliata a s\u0105d obna\u017cy\u0142 \u015bwi\u0119to\u015bc propagandy III R P ,kt\u00f3ra to w prostej linii u\u015bwi\u0119ca porz\u0105dek ustalony przy Okr\u0105g\u0142ym Stole zawarty z komunistami. Dla sitwy &#8220;koryto&#8221; ,dla spo\u0142ecze\u0144stwa gnaty z pa\u0144skiego sto\u0142u ,albo emigracja&#8230;<br \/>\nPrzed S\u0105dem Rejonowym w Z\u0142otoryi zapad\u0142 wyrok w sprawie blogera MatkaKurka, kt\u00f3ry na swojej stronie nazwa\u0142 Jurka Owsiaka m. in. &#8220;kr\u00f3lem \u017cebrak\u00f3w i \u0142garzy&#8221;, &#8220;hien\u0105 cmentarn\u0105&#8221;, a Wielk\u0105 Orkiestr\u0119 \u015awi\u0105tecznej Pomocy okrzykn\u0105\u0142 &#8220;sekt\u0105&#8221;. Insynuowa\u0142 r\u00f3wnie\u017c, \u017ce Owsiak wyprowadzi\u0142 z fundacji &#8220;46 melon\u00f3w&#8221;. S\u0105d ze Z\u0142otoryi (woj. dolno\u015bl\u0105skie) og\u0142osi\u0142, \u017ce bloger MatkaKurka jest winny zniewa\u017cenia, ale nie znies\u0142awienia Jurka Owsiaka. Tym samym uzna\u0142, \u017ce Piotr K. obrazi\u0142 prezesa WO\u015aP, ale nie poni\u017cy\u0142 czy pom\u00f3wi\u0142. S\u0119dzia odst\u0105pi\u0142 r\u00f3wnie\u017c od wymierzenia kary. S\u0105d zdecydowa\u0142, \u017ce bloger ze Z\u0142otoryi winny jest zniewa\u017cenia prezesa WO\u015aP-u, ale r\u00f3wnocze\u015bnie nie znies\u0142awi\u0142 go. Aby lepiej zrozumie\u0107 wyrok S\u0105du, kt\u00f3ry w najmniej istotnym punkcie by\u0142 dla blogera niekorzystny, trzeba najpierw pozna\u0107 definicje zniewa\u017cenia i znies\u0142awienia, co S\u0105d wszelkim domoros\u0142ym prawnikom wy\u0142o\u017cy\u0142, jak w podstaw\u00f3wce. Znies\u0142awienie to jest taki rodzaj czynu zabronionego, kt\u00f3ry odnosi si\u0119 do sfery fakt\u00f3w, a nie ocen. Znies\u0142awi\u0107 mo\u017cna tylko wtedy, gdy zarzuca si\u0119 komu\u015b gwa\u0142t, morderstwo, kradzie\u017c, obna\u017canie si\u0119 w parku. Z kolei ze zniewa\u017ceniem jest dok\u0142adnie odwrotnie, to niedopuszczalne oceny, czyli nazywanie kogo\u015b nazist\u0105, debilem itd. Oznacza to, i\u017c s\u0119dzia przyzna\u0142, \u017ce s\u0142owa opublikowane na blogu by\u0142y obra\u017aliwe, ale nie doprowadzi\u0142y do poni\u017cenia Owsiaka w oczach opinii publicznej oraz nie narazi\u0142y go na utrat\u0119 zaufania Polak\u00f3w. S\u0105d odst\u0105pi\u0142 r\u00f3wnie\u017c od wymierzenia blogerowi kary.<br \/>\nS\u0119dzia uzasadnia\u0142, \u017ce cho\u0107 s\u0142owa nie s\u0105 pochlebne, to mieszcz\u0105 si\u0119 w granicach wolno\u015bci s\u0142owa.<br \/>\nS\u0105d Rejonowy w Z\u0142otoryi nie mia\u0142 najmniejszych w\u0105tpliwo\u015bci, \u017ce wszystkie publikacje blogera Matka Kurka wraz ze stawianymi zarzutami opiera\u0142y si\u0119 na faktach. S\u0119dzia Micha\u0142 Misiak wielokrotnie podkre\u015bli\u0142, \u017ce ka\u017cda teza by\u0142a poparta argumentami wywiedzionymi z dokumentacji WO\u015aP, wypowiedzi samego Owsiaka i materia\u0142\u00f3w powszechnie dost\u0119pnych w Internecie. Najpro\u015bciej rzecz ujmuj\u0105c nie sk\u0142ama\u0142em ani razu i nie przypisa\u0142em WO\u015aP, czy Jerzemu Owsiakowi czyn\u00f3w, kt\u00f3rych by nie pope\u0142nili. W konsekwencji bloger zosta\u0142 uniewinniony we wszystkich punktach aktu oskar\u017cenia z art. 212 kk, czyli nie jest winny znies\u0142awiania ani WO\u015aP, ani Jerzego Owsiaka. W przypadku WO\u015aP zosta\u0142 r\u00f3wnie\u017c uniewinniony z art. 216 kk, we wszystkich punktach aktu oskar\u017cenia, czyli nie dopu\u015bci\u0142 si\u0119 zniewagi wobec fundacji. Je\u015bli chodzi o Jerzego Owsiaka, to S\u0105d uniewinnil Matk\u0119 Kurka w 2 punktach aktu oskar\u017cenia z art. 216 kk, natomiast w punkcie 3, za okre\u015blenie \u201ehiena cmentarna na dorobku\u201d S\u0105d uzna\u0142 moj\u0105 win\u0119, jednak odst\u0105pi\u0142 od wymierzenia kary, poniewa\u017c dosz\u0142o do zniewagi wzajemnej ze strony Owsiaka (pierdol si\u0119, \u201eb\u0119dziesz mia\u0142 w dup\u0119\u201d, \u201epor\u00f3wnanie do Auschwitz i Katynia\u201d).<br \/>\nJerzy Owsiak odm\u00f3wi\u0142 przedstawienia s\u0105dowi ksi\u0105g i sprawoza\u0144 finansowych dotycz\u0105cych dzia\u0142alno\u015bci WO\u015aP ,Mr\u00f3wki Ca\u0142ej i Zlotego Melona czym wystawil sobie \u015bwiadectwo.<br \/>\nMedia oczywi\u015bcie nie nag\u0142asnia\u0142y ca\u0142ej sytuacji jak r\u00f3wnie\u017c nie komentowa\u0142y wydanego wyroku.<br \/>\nNa diamencie kreowanym przez lata pojawi\u0142y si\u0119 rysy&#8230;<br \/>\nRoman Boryczko Pa\u017adziernik 2014<\/p>\n<p style=\"text-align: justify\">\n","protected":false},"excerpt":{"rendered":"<p>\u015arodowisko alternatywne i scena niezale\u017cna w sprawie WO\u015aP i Jerzego Owsiaka z biegiem lat znacznie zmieni\u0142a zdanie i krytyczny pogl\u0105d<\/p>\n","protected":false},"author":7,"featured_media":13790,"comment_status":"open","ping_status":"open","sticky":false,"template":"","format":"standard","meta":{"colormag_page_layout":"default_layout","footnotes":""},"categories":[81],"tags":[1211,1212],"class_list":["post-13789","post","type-post","status-publish","format-standard","has-post-thumbnail","hentry","category-rzeczpospolita","tag-matka-kurka","tag-wyrok"],"yoast_head":"<!-- This site is optimized with the Yoast SEO plugin v25.1 - https:\/\/yoast.com\/wordpress\/plugins\/seo\/ -->\n<title>Jurek \u201e- Ko\u0144cz\u2026 wa\u015b\u0107!\u2026 wstydu\u2026 oszcz\u0119d\u017a!\u2026 - SI\u0118 MY\u015aLI<\/title>\n<meta name=\"robots\" content=\"index, follow, max-snippet:-1, max-image-preview:large, max-video-preview:-1\" \/>\n<link rel=\"canonical\" href=\"https:\/\/siemysli-ke.info\/en\/jurek-koncz-wasc-wstydu-oszczedz\/\" \/>\n<meta property=\"og:locale\" content=\"en_US\" \/>\n<meta property=\"og:type\" content=\"article\" \/>\n<meta property=\"og:title\" content=\"Jurek \u201e- Ko\u0144cz\u2026 wa\u015b\u0107!\u2026 wstydu\u2026 oszcz\u0119d\u017a!\u2026 - SI\u0118 MY\u015aLI\" \/>\n<meta property=\"og:description\" content=\"\u015arodowisko alternatywne i scena niezale\u017cna w sprawie WO\u015aP i Jerzego Owsiaka z biegiem lat znacznie zmieni\u0142a zdanie i krytyczny pogl\u0105d\" \/>\n<meta property=\"og:url\" content=\"https:\/\/siemysli-ke.info\/en\/jurek-koncz-wasc-wstydu-oszczedz\/\" \/>\n<meta property=\"og:site_name\" content=\"SI\u0118 MY\u015aLI\" \/>\n<meta property=\"article:published_time\" content=\"2014-10-04T20:06:49+00:00\" \/>\n<meta property=\"article:modified_time\" content=\"2014-10-05T14:58:15+00:00\" \/>\n<meta property=\"og:image\" content=\"https:\/\/siemysli-ke.info\/wp-content\/uploads\/2014\/10\/0003CZA29ULHKD81-C116-F4.jpg\" \/>\n\t<meta property=\"og:image:width\" content=\"625\" \/>\n\t<meta property=\"og:image:height\" content=\"453\" \/>\n\t<meta property=\"og:image:type\" content=\"image\/jpeg\" \/>\n<meta name=\"author\" content=\"Jaromir\" \/>\n<meta name=\"twitter:label1\" content=\"Written by\" \/>\n\t<meta name=\"twitter:data1\" content=\"Jaromir\" \/>\n\t<meta name=\"twitter:label2\" content=\"Est. reading time\" \/>\n\t<meta name=\"twitter:data2\" content=\"5 minutes\" \/>\n<script type=\"application\/ld+json\" class=\"yoast-schema-graph\">{\"@context\":\"https:\/\/schema.org\",\"@graph\":[{\"@type\":\"Article\",\"@id\":\"https:\/\/siemysli-ke.info\/en\/jurek-koncz-wasc-wstydu-oszczedz\/#article\",\"isPartOf\":{\"@id\":\"https:\/\/siemysli-ke.info\/en\/jurek-koncz-wasc-wstydu-oszczedz\/\"},\"author\":{\"name\":\"Jaromir\",\"@id\":\"https:\/\/siemysli-ke.info\/#\/schema\/person\/66d741fa745a44f2fe46d112bc6499f2\"},\"headline\":\"Jurek \u201e- Ko\u0144cz\u2026 wa\u015b\u0107!\u2026 wstydu\u2026 oszcz\u0119d\u017a!\u2026\",\"datePublished\":\"2014-10-04T20:06:49+00:00\",\"dateModified\":\"2014-10-05T14:58:15+00:00\",\"mainEntityOfPage\":{\"@id\":\"https:\/\/siemysli-ke.info\/en\/jurek-koncz-wasc-wstydu-oszczedz\/\"},\"wordCount\":939,\"commentCount\":0,\"publisher\":{\"@id\":\"https:\/\/siemysli-ke.info\/#organization\"},\"image\":{\"@id\":\"https:\/\/siemysli-ke.info\/en\/jurek-koncz-wasc-wstydu-oszczedz\/#primaryimage\"},\"thumbnailUrl\":\"https:\/\/siemysli-ke.info\/wp-content\/uploads\/2014\/10\/0003CZA29ULHKD81-C116-F4.jpg\",\"keywords\":[\"Matka Kurka\",\"Wyrok\"],\"articleSection\":[\"Rzeczypospolita\"],\"inLanguage\":\"en-US\",\"potentialAction\":[{\"@type\":\"CommentAction\",\"name\":\"Comment\",\"target\":[\"https:\/\/siemysli-ke.info\/en\/jurek-koncz-wasc-wstydu-oszczedz\/#respond\"]}]},{\"@type\":\"WebPage\",\"@id\":\"https:\/\/siemysli-ke.info\/en\/jurek-koncz-wasc-wstydu-oszczedz\/\",\"url\":\"https:\/\/siemysli-ke.info\/en\/jurek-koncz-wasc-wstydu-oszczedz\/\",\"name\":\"Jurek \u201e- Ko\u0144cz\u2026 wa\u015b\u0107!\u2026 wstydu\u2026 oszcz\u0119d\u017a!\u2026 - SI\u0118 MY\u015aLI\",\"isPartOf\":{\"@id\":\"https:\/\/siemysli-ke.info\/en\/#website\"},\"primaryImageOfPage\":{\"@id\":\"https:\/\/siemysli-ke.info\/en\/jurek-koncz-wasc-wstydu-oszczedz\/#primaryimage\"},\"image\":{\"@id\":\"https:\/\/siemysli-ke.info\/en\/jurek-koncz-wasc-wstydu-oszczedz\/#primaryimage\"},\"thumbnailUrl\":\"https:\/\/siemysli-ke.info\/wp-content\/uploads\/2014\/10\/0003CZA29ULHKD81-C116-F4.jpg\",\"datePublished\":\"2014-10-04T20:06:49+00:00\",\"dateModified\":\"2014-10-05T14:58:15+00:00\",\"breadcrumb\":{\"@id\":\"https:\/\/siemysli-ke.info\/en\/jurek-koncz-wasc-wstydu-oszczedz\/#breadcrumb\"},\"inLanguage\":\"en-US\",\"potentialAction\":[{\"@type\":\"ReadAction\",\"target\":[[\"https:\/\/siemysli-ke.info\/en\/jurek-koncz-wasc-wstydu-oszczedz\/\"]]}]},{\"@type\":\"ImageObject\",\"inLanguage\":\"en-US\",\"@id\":\"https:\/\/siemysli-ke.info\/en\/jurek-koncz-wasc-wstydu-oszczedz\/#primaryimage\",\"url\":\"https:\/\/siemysli-ke.info\/wp-content\/uploads\/2014\/10\/0003CZA29ULHKD81-C116-F4.jpg\",\"contentUrl\":\"https:\/\/siemysli-ke.info\/wp-content\/uploads\/2014\/10\/0003CZA29ULHKD81-C116-F4.jpg\",\"width\":625,\"height\":453},{\"@type\":\"BreadcrumbList\",\"@id\":\"https:\/\/siemysli-ke.info\/en\/jurek-koncz-wasc-wstydu-oszczedz\/#breadcrumb\",\"itemListElement\":[{\"@type\":\"ListItem\",\"position\":1,\"name\":\"Home\",\"item\":\"https:\/\/siemysli-ke.info\/en\/\"},{\"@type\":\"ListItem\",\"position\":2,\"name\":\"Jurek \u201e- Ko\u0144cz\u2026 wa\u015b\u0107!\u2026 wstydu\u2026 oszcz\u0119d\u017a!\u2026\"}]},{\"@type\":\"WebSite\",\"@id\":\"https:\/\/siemysli-ke.info\/en\/#website\",\"url\":\"https:\/\/siemysli-ke.info\/en\/\",\"name\":\"SI\u0118 MY\u015aLI\",\"description\":\"\",\"publisher\":{\"@id\":\"https:\/\/siemysli-ke.info\/en\/#organization\"},\"potentialAction\":[{\"@type\":\"SearchAction\",\"target\":{\"@type\":\"EntryPoint\",\"urlTemplate\":\"https:\/\/siemysli-ke.info\/en\/?s={search_term_string}\"},\"query-input\":{\"@type\":\"PropertyValueSpecification\",\"valueRequired\":true,\"valueName\":\"search_term_string\"}}],\"inLanguage\":\"en-US\"},{\"@type\":\"Organization\",\"@id\":\"https:\/\/siemysli-ke.info\/en\/#organization\",\"name\":\"SI\u0118 MY\u015aLI\",\"url\":\"https:\/\/siemysli-ke.info\/en\/\",\"logo\":{\"@type\":\"ImageObject\",\"inLanguage\":\"en-US\",\"@id\":\"https:\/\/siemysli-ke.info\/en\/#\/schema\/logo\/image\/\",\"url\":\"https:\/\/siemysli-ke.info\/wp-content\/uploads\/2025\/05\/99.png\",\"contentUrl\":\"https:\/\/siemysli-ke.info\/wp-content\/uploads\/2025\/05\/99.png\",\"width\":270,\"height\":204,\"caption\":\"SI\u0118 MY\u015aLI\"},\"image\":{\"@id\":\"https:\/\/siemysli-ke.info\/en\/#\/schema\/logo\/image\/\"}},{\"@type\":\"Person\",\"@id\":\"https:\/\/siemysli-ke.info\/#\/schema\/person\/66d741fa745a44f2fe46d112bc6499f2\",\"name\":\"Jaromir\",\"image\":{\"@type\":\"ImageObject\",\"inLanguage\":\"en-US\",\"@id\":\"https:\/\/siemysli-ke.info\/en\/#\/schema\/person\/image\/\",\"url\":\"https:\/\/secure.gravatar.com\/avatar\/fe881559e8ac8dda20293e9e8317d4678c6ad8f65f85a9ce5e1a87cee56b6198?s=96&d=mm&r=g\",\"contentUrl\":\"https:\/\/secure.gravatar.com\/avatar\/fe881559e8ac8dda20293e9e8317d4678c6ad8f65f85a9ce5e1a87cee56b6198?s=96&d=mm&r=g\",\"caption\":\"Jaromir\"},\"url\":\"https:\/\/siemysli-ke.info\/en\/author\/jaromir\/\"}]}<\/script>\n<!-- \/ Yoast SEO plugin. -->","yoast_head_json":{"title":"Jurek \u201e- Ko\u0144cz\u2026 wa\u015b\u0107!\u2026 wstydu\u2026 oszcz\u0119d\u017a!\u2026 - SI\u0118 MY\u015aLI","robots":{"index":"index","follow":"follow","max-snippet":"max-snippet:-1","max-image-preview":"max-image-preview:large","max-video-preview":"max-video-preview:-1"},"canonical":"https:\/\/siemysli-ke.info\/en\/jurek-koncz-wasc-wstydu-oszczedz\/","og_locale":"en_US","og_type":"article","og_title":"Jurek \u201e- Ko\u0144cz\u2026 wa\u015b\u0107!\u2026 wstydu\u2026 oszcz\u0119d\u017a!\u2026 - SI\u0118 MY\u015aLI","og_description":"\u015arodowisko alternatywne i scena niezale\u017cna w sprawie WO\u015aP i Jerzego Owsiaka z biegiem lat znacznie zmieni\u0142a zdanie i krytyczny pogl\u0105d","og_url":"https:\/\/siemysli-ke.info\/en\/jurek-koncz-wasc-wstydu-oszczedz\/","og_site_name":"SI\u0118 MY\u015aLI","article_published_time":"2014-10-04T20:06:49+00:00","article_modified_time":"2014-10-05T14:58:15+00:00","og_image":[{"width":625,"height":453,"url":"https:\/\/siemysli-ke.info\/wp-content\/uploads\/2014\/10\/0003CZA29ULHKD81-C116-F4.jpg","type":"image\/jpeg"}],"author":"Jaromir","twitter_misc":{"Written by":"Jaromir","Est. reading time":"5 minutes"},"schema":{"@context":"https:\/\/schema.org","@graph":[{"@type":"Article","@id":"https:\/\/siemysli-ke.info\/en\/jurek-koncz-wasc-wstydu-oszczedz\/#article","isPartOf":{"@id":"https:\/\/siemysli-ke.info\/en\/jurek-koncz-wasc-wstydu-oszczedz\/"},"author":{"name":"Jaromir","@id":"https:\/\/siemysli-ke.info\/#\/schema\/person\/66d741fa745a44f2fe46d112bc6499f2"},"headline":"Jurek \u201e- Ko\u0144cz\u2026 wa\u015b\u0107!\u2026 wstydu\u2026 oszcz\u0119d\u017a!\u2026","datePublished":"2014-10-04T20:06:49+00:00","dateModified":"2014-10-05T14:58:15+00:00","mainEntityOfPage":{"@id":"https:\/\/siemysli-ke.info\/en\/jurek-koncz-wasc-wstydu-oszczedz\/"},"wordCount":939,"commentCount":0,"publisher":{"@id":"https:\/\/siemysli-ke.info\/#organization"},"image":{"@id":"https:\/\/siemysli-ke.info\/en\/jurek-koncz-wasc-wstydu-oszczedz\/#primaryimage"},"thumbnailUrl":"https:\/\/siemysli-ke.info\/wp-content\/uploads\/2014\/10\/0003CZA29ULHKD81-C116-F4.jpg","keywords":["Matka Kurka","Wyrok"],"articleSection":["Rzeczypospolita"],"inLanguage":"en-US","potentialAction":[{"@type":"CommentAction","name":"Comment","target":["https:\/\/siemysli-ke.info\/en\/jurek-koncz-wasc-wstydu-oszczedz\/#respond"]}]},{"@type":"WebPage","@id":"https:\/\/siemysli-ke.info\/en\/jurek-koncz-wasc-wstydu-oszczedz\/","url":"https:\/\/siemysli-ke.info\/en\/jurek-koncz-wasc-wstydu-oszczedz\/","name":"Jurek \u201e- Ko\u0144cz\u2026 wa\u015b\u0107!\u2026 wstydu\u2026 oszcz\u0119d\u017a!\u2026 - SI\u0118 MY\u015aLI","isPartOf":{"@id":"https:\/\/siemysli-ke.info\/en\/#website"},"primaryImageOfPage":{"@id":"https:\/\/siemysli-ke.info\/en\/jurek-koncz-wasc-wstydu-oszczedz\/#primaryimage"},"image":{"@id":"https:\/\/siemysli-ke.info\/en\/jurek-koncz-wasc-wstydu-oszczedz\/#primaryimage"},"thumbnailUrl":"https:\/\/siemysli-ke.info\/wp-content\/uploads\/2014\/10\/0003CZA29ULHKD81-C116-F4.jpg","datePublished":"2014-10-04T20:06:49+00:00","dateModified":"2014-10-05T14:58:15+00:00","breadcrumb":{"@id":"https:\/\/siemysli-ke.info\/en\/jurek-koncz-wasc-wstydu-oszczedz\/#breadcrumb"},"inLanguage":"en-US","potentialAction":[{"@type":"ReadAction","target":[["https:\/\/siemysli-ke.info\/en\/jurek-koncz-wasc-wstydu-oszczedz\/"]]}]},{"@type":"ImageObject","inLanguage":"en-US","@id":"https:\/\/siemysli-ke.info\/en\/jurek-koncz-wasc-wstydu-oszczedz\/#primaryimage","url":"https:\/\/siemysli-ke.info\/wp-content\/uploads\/2014\/10\/0003CZA29ULHKD81-C116-F4.jpg","contentUrl":"https:\/\/siemysli-ke.info\/wp-content\/uploads\/2014\/10\/0003CZA29ULHKD81-C116-F4.jpg","width":625,"height":453},{"@type":"BreadcrumbList","@id":"https:\/\/siemysli-ke.info\/en\/jurek-koncz-wasc-wstydu-oszczedz\/#breadcrumb","itemListElement":[{"@type":"ListItem","position":1,"name":"Home","item":"https:\/\/siemysli-ke.info\/en\/"},{"@type":"ListItem","position":2,"name":"Jurek \u201e- Ko\u0144cz\u2026 wa\u015b\u0107!\u2026 wstydu\u2026 oszcz\u0119d\u017a!\u2026"}]},{"@type":"WebSite","@id":"https:\/\/siemysli-ke.info\/en\/#website","url":"https:\/\/siemysli-ke.info\/en\/","name":"SI\u0118 MY\u015aLI","description":"","publisher":{"@id":"https:\/\/siemysli-ke.info\/en\/#organization"},"potentialAction":[{"@type":"SearchAction","target":{"@type":"EntryPoint","urlTemplate":"https:\/\/siemysli-ke.info\/en\/?s={search_term_string}"},"query-input":{"@type":"PropertyValueSpecification","valueRequired":true,"valueName":"search_term_string"}}],"inLanguage":"en-US"},{"@type":"Organization","@id":"https:\/\/siemysli-ke.info\/en\/#organization","name":"SI\u0118 MY\u015aLI","url":"https:\/\/siemysli-ke.info\/en\/","logo":{"@type":"ImageObject","inLanguage":"en-US","@id":"https:\/\/siemysli-ke.info\/en\/#\/schema\/logo\/image\/","url":"https:\/\/siemysli-ke.info\/wp-content\/uploads\/2025\/05\/99.png","contentUrl":"https:\/\/siemysli-ke.info\/wp-content\/uploads\/2025\/05\/99.png","width":270,"height":204,"caption":"SI\u0118 MY\u015aLI"},"image":{"@id":"https:\/\/siemysli-ke.info\/en\/#\/schema\/logo\/image\/"}},{"@type":"Person","@id":"https:\/\/siemysli-ke.info\/#\/schema\/person\/66d741fa745a44f2fe46d112bc6499f2","name":"Jaromir","image":{"@type":"ImageObject","inLanguage":"en-US","@id":"https:\/\/siemysli-ke.info\/en\/#\/schema\/person\/image\/","url":"https:\/\/secure.gravatar.com\/avatar\/fe881559e8ac8dda20293e9e8317d4678c6ad8f65f85a9ce5e1a87cee56b6198?s=96&d=mm&r=g","contentUrl":"https:\/\/secure.gravatar.com\/avatar\/fe881559e8ac8dda20293e9e8317d4678c6ad8f65f85a9ce5e1a87cee56b6198?s=96&d=mm&r=g","caption":"Jaromir"},"url":"https:\/\/siemysli-ke.info\/en\/author\/jaromir\/"}]}},"_links":{"self":[{"href":"https:\/\/siemysli-ke.info\/en\/wp-json\/wp\/v2\/posts\/13789","targetHints":{"allow":["GET"]}}],"collection":[{"href":"https:\/\/siemysli-ke.info\/en\/wp-json\/wp\/v2\/posts"}],"about":[{"href":"https:\/\/siemysli-ke.info\/en\/wp-json\/wp\/v2\/types\/post"}],"author":[{"embeddable":true,"href":"https:\/\/siemysli-ke.info\/en\/wp-json\/wp\/v2\/users\/7"}],"replies":[{"embeddable":true,"href":"https:\/\/siemysli-ke.info\/en\/wp-json\/wp\/v2\/comments?post=13789"}],"version-history":[{"count":0,"href":"https:\/\/siemysli-ke.info\/en\/wp-json\/wp\/v2\/posts\/13789\/revisions"}],"wp:featuredmedia":[{"embeddable":true,"href":"https:\/\/siemysli-ke.info\/en\/wp-json\/wp\/v2\/media\/13790"}],"wp:attachment":[{"href":"https:\/\/siemysli-ke.info\/en\/wp-json\/wp\/v2\/media?parent=13789"}],"wp:term":[{"taxonomy":"category","embeddable":true,"href":"https:\/\/siemysli-ke.info\/en\/wp-json\/wp\/v2\/categories?post=13789"},{"taxonomy":"post_tag","embeddable":true,"href":"https:\/\/siemysli-ke.info\/en\/wp-json\/wp\/v2\/tags?post=13789"}],"curies":[{"name":"wp","href":"https:\/\/api.w.org\/{rel}","templated":true}]}}