 {"id":13671,"date":"2014-08-08T15:05:08","date_gmt":"2014-08-08T13:05:08","guid":{"rendered":"http:\/\/www.siemysli.info.ke\/?p=13671"},"modified":"2014-08-08T15:14:44","modified_gmt":"2014-08-08T13:14:44","slug":"popfilozof-m-onfray","status":"publish","type":"post","link":"https:\/\/siemysli-ke.info\/en\/popfilozof-m-onfray\/","title":{"rendered":"Popfilozof M Onfray"},"content":{"rendered":"<p><a href=\"http:\/\/www.siemysli.info.ke\/wp-content\/uploads\/2014\/08\/RUTABAGA_MICHEL-ONFRAY_Photo_Joelle-Dolle-1024x768.jpg\" rel=\"lightbox[13671]\"><img decoding=\"async\" class=\"alignleft wp-image-13672 size-medium\" src=\"http:\/\/www.siemysli.info.ke\/wp-content\/uploads\/2014\/08\/RUTABAGA_MICHEL-ONFRAY_Photo_Joelle-Dolle-1024x768-300x225.jpg\" alt=\"RUTABAGA_MICHEL-ONFRAY_Photo_Joelle-Dolle-1024x768\" width=\"300\" height=\"225\" srcset=\"https:\/\/siemysli-ke.info\/wp-content\/uploads\/2014\/08\/RUTABAGA_MICHEL-ONFRAY_Photo_Joelle-Dolle-1024x768-300x225.jpg 300w, https:\/\/siemysli-ke.info\/wp-content\/uploads\/2014\/08\/RUTABAGA_MICHEL-ONFRAY_Photo_Joelle-Dolle-1024x768-316x237.jpg 316w, https:\/\/siemysli-ke.info\/wp-content\/uploads\/2014\/08\/RUTABAGA_MICHEL-ONFRAY_Photo_Joelle-Dolle-1024x768-100x75.jpg 100w, https:\/\/siemysli-ke.info\/wp-content\/uploads\/2014\/08\/RUTABAGA_MICHEL-ONFRAY_Photo_Joelle-Dolle-1024x768.jpg 1024w\" sizes=\"(max-width: 300px) 100vw, 300px\" \/><\/a> \u00a0 \u00a0 \u00a0 \u00a0 \u00a0\u00a0My\u015bl\u0119, \u017ce wielu ludzi mia\u0142oby problem z odpowiedzeniem sobie na pytanie, czym w\u0142a\u015bciwie zajmuje si\u0119 filozofia. Ja sam nie potrafi\u0119 sobie poradzi\u0107 z jej zdefiniowaniem. Kiedy\u015b by\u0142o to znacznie prostsze. Filozofia zajmowa\u0142a si\u0119 wszystkim, co p\u00f3\u017aniej przesz\u0142o do wyspecjalizowanych dziedzin nauk. Arystoteles pisa\u0142 o poezji, biologii i meteorologii. Z czasem filozofia utraci\u0142a wy\u0142\u0105czno\u015b\u0107 na te dziedziny. My\u015bl\u0119, \u017ce dla wielu sta\u0142a si\u0119 zbytkownym zabytkiem. Reliktem przesz\u0142o\u015bci, o kt\u00f3rym nie do ko\u0144ca wiadomo, co z nim pocz\u0105\u0107. W\u0142a\u015bciwie, to filozofia jest tu winna ju\u017c od pocz\u0105tku. W tradycji zachodniej w staro\u017cytnej Grecji istnia\u0142y co najmniej dwie konkurencyjne szko\u0142y w tym samym czasie. Nie mam na my\u015bli Platona i Arystotelesa, gdy\u017c, wbrew pozorom, s\u0105 do siebie stosunkowo podobni. P\u00f3\u017aniej wyja\u015bni si\u0119 mo\u017ce dlaczego. Mnie przychodzi do g\u0142owy posta\u0107 Demokryta i Platona. Ten ostatni, mimo, i\u017c wiedzia\u0142 doskonale o Demokrycie, bez w\u0105tpienia musia\u0142 si\u0119ga\u0107 po jego dzie\u0142a, to nigdy o nim nie wspomnia\u0142 w swoich ksi\u0119gach. Jak to mo\u017cliwe, pyta popularny obecnie we Francji filozof 0 anarchista &#8211; Michel Onfray, \u017ce zapomniano o tak istotnej cz\u0119\u015bci tradycji filozoficznej. Onfray zna odpowied\u017a na to pytanie. Wed\u0142ug niego sta\u0142o si\u0119 tak, poniewa\u017c atomistyczna, materialistyczna interpretacja \u015bwiata, kt\u00f3ra dzi\u015b jest dla wszystkich oczywista, zosta\u0142a umy\u015blnie wyretuszowana z historii filozofii przez Chrze\u015bcija\u0144stwo. To oczywiste, \u017ce autorzy doktryny chrze\u015bcija\u0144skiej, kt\u00f3ra rozwija\u0142a si\u0119 przez steki lat, zanim osi\u0105gn\u0119\u0142a obecny kszta\u0142t nie wiedzieli za bardzo co pocz\u0105\u0107 z takim niewygodnym fantem. Ani nie by\u0142o tu miejsca na \u017cycie doczesne. Bogowie nie zajmowali si\u0119 cz\u0142owiekiem, \u017cyli sobie gdzie\u015b na uboczu, je\u015bli w og\u00f3le pozwalano na ich istnienie. Materializm taki szuka\u0142 szcz\u0119\u015bcia na ziemi. Jak tu da\u0107 wszystkim szcz\u0119\u015bcie i jednocze\u015bnie zachowa\u0107 struktur\u0119 pa\u0144stwow\u0105, z jej elitami oraz ich przywilejami. By\u0142o to niemo\u017cliwe. Dlatego materializm atomistyczny zosta\u0142 sprytnie wymazany z kart historii i wydaje nam si\u0119, \u017ce to dopiero odkrycie ostatnich lat. Jak widzimy, filozofia od pocz\u0105tku (tych pocz\u0105tk\u00f3w, kt\u00f3re s\u0105 oczywiste dla racjonalnego rozumu &#8211; co nie ka\u017cdy musi przyjmowa\u0107 jako deklaracj\u0119 wiary) jawi\u0107 si\u0119 musia\u0142a jako m\u0119tna i pozbawiona ostrych kontur\u00f3w. Przynajmniej w tej jej cz\u0119\u015bci, kt\u00f3ra nie zajmowa\u0142a si\u0119 konkretnymi, namacalnymi problemami, jak kwestia tego, do czego s\u0142u\u017cy m\u00f3zg, kt\u00f3ry dla Arystotelesa, nota bene, mia\u0142 sch\u0142adza\u0107 cia\u0142o podczas upa\u0142\u00f3w. Tak jest i dzisiaj. Nie wiemy i spieramy si\u0119 co do zakresu zada\u0144 i przydatno\u015bci filozofii. W r\u00f3\u017cnych krajach \u015bwiata my\u015bli si\u0119 o niej z reszt\u0105 nieco inaczej. S\u0105 r\u00f3\u017cne szko\u0142y. Co innego jest dzi\u015b modne we Florencji, a co innego w \u0141odzi.\u00a0 Nie wnikaj\u0105c o merytoryczn\u0105 zasadno\u015b\u0107 obrony przez oba te o\u015brodki prawa prymatu. Raczej, wola\u0142bym si\u0119 zastanowi\u0107 nad zasadno\u015bci\u0105 walki o prymat w tych sprawach jako takiej. A przynajmniej, o kryteria wyboru w\u0142a\u015bciwszej dla nas drogi. Dla nas, czy dla mnie? Czy dla ka\u017cdego, poszczeg\u00f3lnego cz\u0142owieka? To te\u017c sprawa do rozwa\u017cenia. I tym, mi\u0119dzy innymi zajmuje si\u0119 filozofia. I mo\u017ce dlatego nikt ju\u017c po ni\u0105 nie si\u0119ga. Filozofia zjad\u0142a w\u0142asny ogon, albo kr\u0119ci si\u0119 w k\u00f3\u0142ko w pogoni za nim. I ma\u0142o kogo to obchodzi.<\/p>\n<p>Kiedy by\u0142em we Francji, zaskoczy\u0142 mnie fakt, \u017ce tamtejsza telewizja bardzo ch\u0119tnie pokazywa\u0142a filozof\u00f3w. W d\u0142u\u017cszych lub kr\u00f3tszych spotkaniach wyra\u017cali oni swoje zdanie na r\u00f3\u017cne tematy, cz\u0119sto dodaj\u0105c co\u015b od siebie. Prym wi\u00f3d\u0142 tutaj wspomniany wcze\u015bniej przeze mnie Michel Onfray, kt\u00f3ry pojawia\u0142 si\u0119 na czo\u0142owych programach kulturalnych, kt\u00f3rych status i recepcja wydaj\u0105 si\u0119 znacznie rozleglejsze, ni\u017c na przyk\u0142ad w Polsce czy we W\u0142oszech. Onfraya dawano w porze najwi\u0119kszej ogl\u0105dalno\u015bci, w weekendy, w okolicach wieczornych wiadomo\u015bci. To, o czym m\u00f3wi\u0142, to nie by\u0142y akademickie formu\u0142ki, kt\u00f3rych zadaniem jest zazwyczaj onie\u015bmieli\u0107 s\u0142uchacza, a w\u0142a\u015bciwie znudzi\u0107 i zniech\u0119ci\u0107. Onfray opowiada\u0142 o tym jak \u017cy\u0107, jak uczyli tego mistrzowie staro\u017cytno\u015bci, kt\u00f3rych pomys\u0142y celowo przeinaczono i, by\u0107 mo\u017ce przez to, zapomniano. Dysponenci naszej \u015bwiadomo\u015bci wytyczyli szlaki tego, co godne jest miana filozofii i nauki, sprawiaj\u0105c, \u017ce dla wielu sta\u0142a si\u0119 ona obiektem kpin i pob\u0142a\u017cliwej tolerancji. A nie zawsze tak by\u0142o.<\/p>\n<p>Podczas moich studi\u00f3w filozoficznych dowiedzia\u0142em si\u0119 bardzo wiele o faktach z historii filozofii. Zg\u0142\u0119bi\u0142em r\u00f3\u017cne, najcz\u0119\u015bciej przeciwstawne, doktryny. Mog\u0119 jednak powiedzie\u0107, \u017ce spotka\u0142em niewielu prawdziwych filozof\u00f3w. Przypominam sobie teraz jednego, by\u0142 nim Sergio Moravia. M\u00f3wi\u0119 by\u0142, bo nie ucz\u0119szczam ju\u017c na jego wyk\u0142ady, ani nie widzia\u0142em go od dawna. Morawia nie znosi\u0142 akademickiej biurokracji. Dyrektor departamentu narzeka\u0142a na niego, \u017ce niczego nie mo\u017cna od niego wymaga\u0107 w kwestii dyscypliny uniwersyteckiej. Jego zaj\u0119cia sprowadza\u0142y si\u0119 do anegdotek. By\u0142 filozofem-eseist\u0105, jak Montaigne. Cz\u0142owiekiem renesansu. Jego relacje pochodzi\u0142y w\u0142a\u015bciwie wy\u0142\u0105cznie z jego w\u0142asnego do\u015bwiadczenia. Jedna z nich wygl\u0105da\u0142a tak. M\u00f3wi\u0142, \u017ce wybra\u0142 si\u0119 do Kalifornii, miejsca, gdzie sp\u0119dzili spor\u0105 cz\u0119\u015b\u0107 \u017cycia jego ulubieni my\u015bliciele &#8211; postkomuni\u015bci i krytycy zachodniej cywilizacji &#8211; przedstawiciele Szko\u0142y Frankfurckiej. Powiedzia\u0142, \u017ce wybra\u0142 si\u0119 tam na pla\u017c\u0119, nad Ocean. Stan\u0105\u0142 na Pacyfikiem, popatrzy\u0142 i stwierdzi\u0142: &#8220;dalej ju\u017c nie ma dok\u0105d ucieka\u0107. Dalej ju\u017c tylko Chiny.&#8221;<\/p>\n<p>Wr\u00f3\u0107my do Onfraya, kt\u00f3rego propozycje s\u0105 jednak nieco bardziej substancjalne. Onfray jest wyk\u0142adowc\u0105 i za\u0142o\u017cycielem tak zwanego Popularnego Uniwersytetu. Mo\u017ce przyj\u015b\u0107 tam na wyk\u0142ady ka\u017cdy, bez matury. Siedziba znajduje si\u0119 w p\u00f3lnocnej Francji, w Normandii, sk\u0105d pochodzi Onfray. To istotne z tego wzgl\u0119du, i\u017c podkre\u015bla dystans Onfraya do Pary\u017ca, intelektualnego imperialisty Francji, a i cz\u0119\u015bci \u015bwiata. Onfray nie tylko opowiada tam o filozofii, ale r\u00f3wnie\u017c dokonuje nagra\u0144 swoich wyk\u0142ad\u00f3w, kt\u00f3re rozchodz\u0105 si\u0119, rzecz niebywa\u0142a, w bestsellerowych ilo\u015bciach setek tysi\u0119cy egzemplarzy. Mo\u017cna \u015bmia\u0142o powiedzie\u0107, \u017ce je\u017celi Andy Warhol by\u0142 kr\u00f3lem popartu, to Onfray jest jednym z ojc\u00f3w popfilozofii. Wydawnictwo jest zatytu\u0142owane znacz\u0105co i chwytliwie &#8211; kontr, anty-historia filozofii. Wyst\u0105pienia maj\u0105 te\u017c, naturalnie, swoje wersje drukowane. Onfray, jak na popfilozofa przysta\u0142o, rzuca r\u0119kawic\u0119 filozoficznemu establishmentowi zachodniego \u015bwiata. Puka do eleganckich i drogo wyposa\u017conych wn\u0119trz paryskiej Sorbony, pytaj\u0105c: czym mo\u017ce zajmowa\u0107 si\u0119 filozofia? Do czego mo\u017ce si\u0119 przyda\u0107. Co w niej znale\u017a\u0107 ciekawego do praktycznego \u017cycia. Od\u015bwie\u017ca zat\u0119ch\u0142e korytarze instytut\u00f3w, wpuszcza \u015bwie\u017cy powiew do zawilgoconych piwnic bibliotecznych archiw\u00f3w.<\/p>\n<p>Tomasz Garncarek<\/p>\n<p>&nbsp;<\/p>\n<p>&nbsp;<\/p>\n","protected":false},"excerpt":{"rendered":"<p>\u00a0 \u00a0 \u00a0 \u00a0 \u00a0\u00a0My\u015bl\u0119, \u017ce wielu ludzi mia\u0142oby problem z odpowiedzeniem sobie na pytanie, czym w\u0142a\u015bciwie zajmuje si\u0119 filozofia.<\/p>\n","protected":false},"author":12,"featured_media":13672,"comment_status":"open","ping_status":"open","sticky":false,"template":"","format":"standard","meta":{"colormag_page_layout":"default_layout","footnotes":""},"categories":[3],"tags":[719,89,1180,1179,741],"class_list":["post-13671","post","type-post","status-publish","format-standard","has-post-thumbnail","hentry","category-kultura","tag-anarchia","tag-breaking","tag-filozofia","tag-michel-onfray","tag-tomasz-garncarek"],"yoast_head":"<!-- This site is optimized with the Yoast SEO plugin v25.1 - https:\/\/yoast.com\/wordpress\/plugins\/seo\/ -->\n<title>Popfilozof M Onfray - SI\u0118 MY\u015aLI<\/title>\n<meta name=\"robots\" content=\"index, follow, max-snippet:-1, max-image-preview:large, max-video-preview:-1\" \/>\n<link rel=\"canonical\" href=\"https:\/\/siemysli-ke.info\/en\/popfilozof-m-onfray\/\" \/>\n<meta property=\"og:locale\" content=\"en_US\" \/>\n<meta property=\"og:type\" content=\"article\" \/>\n<meta property=\"og:title\" content=\"Popfilozof M Onfray - SI\u0118 MY\u015aLI\" \/>\n<meta property=\"og:description\" content=\"\u00a0 \u00a0 \u00a0 \u00a0 \u00a0\u00a0My\u015bl\u0119, \u017ce wielu ludzi mia\u0142oby problem z odpowiedzeniem sobie na pytanie, czym w\u0142a\u015bciwie zajmuje si\u0119 filozofia.\" \/>\n<meta property=\"og:url\" content=\"https:\/\/siemysli-ke.info\/en\/popfilozof-m-onfray\/\" \/>\n<meta property=\"og:site_name\" content=\"SI\u0118 MY\u015aLI\" \/>\n<meta property=\"article:published_time\" content=\"2014-08-08T13:05:08+00:00\" \/>\n<meta property=\"article:modified_time\" content=\"2014-08-08T13:14:44+00:00\" \/>\n<meta property=\"og:image\" content=\"https:\/\/siemysli-ke.info\/wp-content\/uploads\/2014\/08\/RUTABAGA_MICHEL-ONFRAY_Photo_Joelle-Dolle-1024x768.jpg\" \/>\n\t<meta property=\"og:image:width\" content=\"1024\" \/>\n\t<meta property=\"og:image:height\" content=\"768\" \/>\n\t<meta property=\"og:image:type\" content=\"image\/jpeg\" \/>\n<meta name=\"author\" content=\"tom asz\" \/>\n<meta name=\"twitter:label1\" content=\"Written by\" \/>\n\t<meta name=\"twitter:data1\" content=\"tom asz\" \/>\n\t<meta name=\"twitter:label2\" content=\"Est. reading time\" \/>\n\t<meta name=\"twitter:data2\" content=\"6 minutes\" \/>\n<script type=\"application\/ld+json\" class=\"yoast-schema-graph\">{\"@context\":\"https:\/\/schema.org\",\"@graph\":[{\"@type\":\"Article\",\"@id\":\"https:\/\/siemysli-ke.info\/en\/popfilozof-m-onfray\/#article\",\"isPartOf\":{\"@id\":\"https:\/\/siemysli-ke.info\/en\/popfilozof-m-onfray\/\"},\"author\":{\"name\":\"tom asz\",\"@id\":\"https:\/\/siemysli-ke.info\/#\/schema\/person\/5b3e5764be99027a3ec17b80364b0b6c\"},\"headline\":\"Popfilozof M Onfray\",\"datePublished\":\"2014-08-08T13:05:08+00:00\",\"dateModified\":\"2014-08-08T13:14:44+00:00\",\"mainEntityOfPage\":{\"@id\":\"https:\/\/siemysli-ke.info\/en\/popfilozof-m-onfray\/\"},\"wordCount\":1164,\"commentCount\":0,\"publisher\":{\"@id\":\"https:\/\/siemysli-ke.info\/#organization\"},\"image\":{\"@id\":\"https:\/\/siemysli-ke.info\/en\/popfilozof-m-onfray\/#primaryimage\"},\"thumbnailUrl\":\"https:\/\/siemysli-ke.info\/wp-content\/uploads\/2014\/08\/RUTABAGA_MICHEL-ONFRAY_Photo_Joelle-Dolle-1024x768.jpg\",\"keywords\":[\"anarchia\",\"breaking\",\"filozofia\",\"Michel Onfray\",\"Tomasz Garncarek\"],\"articleSection\":[\"Kultura\"],\"inLanguage\":\"en-US\",\"potentialAction\":[{\"@type\":\"CommentAction\",\"name\":\"Comment\",\"target\":[\"https:\/\/siemysli-ke.info\/en\/popfilozof-m-onfray\/#respond\"]}]},{\"@type\":\"WebPage\",\"@id\":\"https:\/\/siemysli-ke.info\/en\/popfilozof-m-onfray\/\",\"url\":\"https:\/\/siemysli-ke.info\/en\/popfilozof-m-onfray\/\",\"name\":\"Popfilozof M Onfray - SI\u0118 MY\u015aLI\",\"isPartOf\":{\"@id\":\"https:\/\/siemysli-ke.info\/en\/#website\"},\"primaryImageOfPage\":{\"@id\":\"https:\/\/siemysli-ke.info\/en\/popfilozof-m-onfray\/#primaryimage\"},\"image\":{\"@id\":\"https:\/\/siemysli-ke.info\/en\/popfilozof-m-onfray\/#primaryimage\"},\"thumbnailUrl\":\"https:\/\/siemysli-ke.info\/wp-content\/uploads\/2014\/08\/RUTABAGA_MICHEL-ONFRAY_Photo_Joelle-Dolle-1024x768.jpg\",\"datePublished\":\"2014-08-08T13:05:08+00:00\",\"dateModified\":\"2014-08-08T13:14:44+00:00\",\"breadcrumb\":{\"@id\":\"https:\/\/siemysli-ke.info\/en\/popfilozof-m-onfray\/#breadcrumb\"},\"inLanguage\":\"en-US\",\"potentialAction\":[{\"@type\":\"ReadAction\",\"target\":[[\"https:\/\/siemysli-ke.info\/en\/popfilozof-m-onfray\/\"]]}]},{\"@type\":\"ImageObject\",\"inLanguage\":\"en-US\",\"@id\":\"https:\/\/siemysli-ke.info\/en\/popfilozof-m-onfray\/#primaryimage\",\"url\":\"https:\/\/siemysli-ke.info\/wp-content\/uploads\/2014\/08\/RUTABAGA_MICHEL-ONFRAY_Photo_Joelle-Dolle-1024x768.jpg\",\"contentUrl\":\"https:\/\/siemysli-ke.info\/wp-content\/uploads\/2014\/08\/RUTABAGA_MICHEL-ONFRAY_Photo_Joelle-Dolle-1024x768.jpg\",\"width\":1024,\"height\":768},{\"@type\":\"BreadcrumbList\",\"@id\":\"https:\/\/siemysli-ke.info\/en\/popfilozof-m-onfray\/#breadcrumb\",\"itemListElement\":[{\"@type\":\"ListItem\",\"position\":1,\"name\":\"Home\",\"item\":\"https:\/\/siemysli-ke.info\/en\/\"},{\"@type\":\"ListItem\",\"position\":2,\"name\":\"Popfilozof M Onfray\"}]},{\"@type\":\"WebSite\",\"@id\":\"https:\/\/siemysli-ke.info\/en\/#website\",\"url\":\"https:\/\/siemysli-ke.info\/en\/\",\"name\":\"SI\u0118 MY\u015aLI\",\"description\":\"\",\"publisher\":{\"@id\":\"https:\/\/siemysli-ke.info\/en\/#organization\"},\"potentialAction\":[{\"@type\":\"SearchAction\",\"target\":{\"@type\":\"EntryPoint\",\"urlTemplate\":\"https:\/\/siemysli-ke.info\/en\/?s={search_term_string}\"},\"query-input\":{\"@type\":\"PropertyValueSpecification\",\"valueRequired\":true,\"valueName\":\"search_term_string\"}}],\"inLanguage\":\"en-US\"},{\"@type\":\"Organization\",\"@id\":\"https:\/\/siemysli-ke.info\/en\/#organization\",\"name\":\"SI\u0118 MY\u015aLI\",\"url\":\"https:\/\/siemysli-ke.info\/en\/\",\"logo\":{\"@type\":\"ImageObject\",\"inLanguage\":\"en-US\",\"@id\":\"https:\/\/siemysli-ke.info\/en\/#\/schema\/logo\/image\/\",\"url\":\"https:\/\/siemysli-ke.info\/wp-content\/uploads\/2025\/05\/99.png\",\"contentUrl\":\"https:\/\/siemysli-ke.info\/wp-content\/uploads\/2025\/05\/99.png\",\"width\":270,\"height\":204,\"caption\":\"SI\u0118 MY\u015aLI\"},\"image\":{\"@id\":\"https:\/\/siemysli-ke.info\/en\/#\/schema\/logo\/image\/\"}},{\"@type\":\"Person\",\"@id\":\"https:\/\/siemysli-ke.info\/#\/schema\/person\/5b3e5764be99027a3ec17b80364b0b6c\",\"name\":\"tom asz\",\"image\":{\"@type\":\"ImageObject\",\"inLanguage\":\"en-US\",\"@id\":\"https:\/\/siemysli-ke.info\/en\/#\/schema\/person\/image\/\",\"url\":\"https:\/\/secure.gravatar.com\/avatar\/9cdf0a2575044ae89b78dfcec363526d50986e6ce8e7757a10579a1d446411e6?s=96&d=mm&r=g\",\"contentUrl\":\"https:\/\/secure.gravatar.com\/avatar\/9cdf0a2575044ae89b78dfcec363526d50986e6ce8e7757a10579a1d446411e6?s=96&d=mm&r=g\",\"caption\":\"tom asz\"},\"sameAs\":[\"http:\/\/www.taksobie.eu\"],\"url\":\"https:\/\/siemysli-ke.info\/en\/author\/tomek\/\"}]}<\/script>\n<!-- \/ Yoast SEO plugin. -->","yoast_head_json":{"title":"Popfilozof M Onfray - SI\u0118 MY\u015aLI","robots":{"index":"index","follow":"follow","max-snippet":"max-snippet:-1","max-image-preview":"max-image-preview:large","max-video-preview":"max-video-preview:-1"},"canonical":"https:\/\/siemysli-ke.info\/en\/popfilozof-m-onfray\/","og_locale":"en_US","og_type":"article","og_title":"Popfilozof M Onfray - SI\u0118 MY\u015aLI","og_description":"\u00a0 \u00a0 \u00a0 \u00a0 \u00a0\u00a0My\u015bl\u0119, \u017ce wielu ludzi mia\u0142oby problem z odpowiedzeniem sobie na pytanie, czym w\u0142a\u015bciwie zajmuje si\u0119 filozofia.","og_url":"https:\/\/siemysli-ke.info\/en\/popfilozof-m-onfray\/","og_site_name":"SI\u0118 MY\u015aLI","article_published_time":"2014-08-08T13:05:08+00:00","article_modified_time":"2014-08-08T13:14:44+00:00","og_image":[{"width":1024,"height":768,"url":"https:\/\/siemysli-ke.info\/wp-content\/uploads\/2014\/08\/RUTABAGA_MICHEL-ONFRAY_Photo_Joelle-Dolle-1024x768.jpg","type":"image\/jpeg"}],"author":"tom asz","twitter_misc":{"Written by":"tom asz","Est. reading time":"6 minutes"},"schema":{"@context":"https:\/\/schema.org","@graph":[{"@type":"Article","@id":"https:\/\/siemysli-ke.info\/en\/popfilozof-m-onfray\/#article","isPartOf":{"@id":"https:\/\/siemysli-ke.info\/en\/popfilozof-m-onfray\/"},"author":{"name":"tom asz","@id":"https:\/\/siemysli-ke.info\/#\/schema\/person\/5b3e5764be99027a3ec17b80364b0b6c"},"headline":"Popfilozof M Onfray","datePublished":"2014-08-08T13:05:08+00:00","dateModified":"2014-08-08T13:14:44+00:00","mainEntityOfPage":{"@id":"https:\/\/siemysli-ke.info\/en\/popfilozof-m-onfray\/"},"wordCount":1164,"commentCount":0,"publisher":{"@id":"https:\/\/siemysli-ke.info\/#organization"},"image":{"@id":"https:\/\/siemysli-ke.info\/en\/popfilozof-m-onfray\/#primaryimage"},"thumbnailUrl":"https:\/\/siemysli-ke.info\/wp-content\/uploads\/2014\/08\/RUTABAGA_MICHEL-ONFRAY_Photo_Joelle-Dolle-1024x768.jpg","keywords":["anarchia","breaking","filozofia","Michel Onfray","Tomasz Garncarek"],"articleSection":["Kultura"],"inLanguage":"en-US","potentialAction":[{"@type":"CommentAction","name":"Comment","target":["https:\/\/siemysli-ke.info\/en\/popfilozof-m-onfray\/#respond"]}]},{"@type":"WebPage","@id":"https:\/\/siemysli-ke.info\/en\/popfilozof-m-onfray\/","url":"https:\/\/siemysli-ke.info\/en\/popfilozof-m-onfray\/","name":"Popfilozof M Onfray - SI\u0118 MY\u015aLI","isPartOf":{"@id":"https:\/\/siemysli-ke.info\/en\/#website"},"primaryImageOfPage":{"@id":"https:\/\/siemysli-ke.info\/en\/popfilozof-m-onfray\/#primaryimage"},"image":{"@id":"https:\/\/siemysli-ke.info\/en\/popfilozof-m-onfray\/#primaryimage"},"thumbnailUrl":"https:\/\/siemysli-ke.info\/wp-content\/uploads\/2014\/08\/RUTABAGA_MICHEL-ONFRAY_Photo_Joelle-Dolle-1024x768.jpg","datePublished":"2014-08-08T13:05:08+00:00","dateModified":"2014-08-08T13:14:44+00:00","breadcrumb":{"@id":"https:\/\/siemysli-ke.info\/en\/popfilozof-m-onfray\/#breadcrumb"},"inLanguage":"en-US","potentialAction":[{"@type":"ReadAction","target":[["https:\/\/siemysli-ke.info\/en\/popfilozof-m-onfray\/"]]}]},{"@type":"ImageObject","inLanguage":"en-US","@id":"https:\/\/siemysli-ke.info\/en\/popfilozof-m-onfray\/#primaryimage","url":"https:\/\/siemysli-ke.info\/wp-content\/uploads\/2014\/08\/RUTABAGA_MICHEL-ONFRAY_Photo_Joelle-Dolle-1024x768.jpg","contentUrl":"https:\/\/siemysli-ke.info\/wp-content\/uploads\/2014\/08\/RUTABAGA_MICHEL-ONFRAY_Photo_Joelle-Dolle-1024x768.jpg","width":1024,"height":768},{"@type":"BreadcrumbList","@id":"https:\/\/siemysli-ke.info\/en\/popfilozof-m-onfray\/#breadcrumb","itemListElement":[{"@type":"ListItem","position":1,"name":"Home","item":"https:\/\/siemysli-ke.info\/en\/"},{"@type":"ListItem","position":2,"name":"Popfilozof M Onfray"}]},{"@type":"WebSite","@id":"https:\/\/siemysli-ke.info\/en\/#website","url":"https:\/\/siemysli-ke.info\/en\/","name":"SI\u0118 MY\u015aLI","description":"","publisher":{"@id":"https:\/\/siemysli-ke.info\/en\/#organization"},"potentialAction":[{"@type":"SearchAction","target":{"@type":"EntryPoint","urlTemplate":"https:\/\/siemysli-ke.info\/en\/?s={search_term_string}"},"query-input":{"@type":"PropertyValueSpecification","valueRequired":true,"valueName":"search_term_string"}}],"inLanguage":"en-US"},{"@type":"Organization","@id":"https:\/\/siemysli-ke.info\/en\/#organization","name":"SI\u0118 MY\u015aLI","url":"https:\/\/siemysli-ke.info\/en\/","logo":{"@type":"ImageObject","inLanguage":"en-US","@id":"https:\/\/siemysli-ke.info\/en\/#\/schema\/logo\/image\/","url":"https:\/\/siemysli-ke.info\/wp-content\/uploads\/2025\/05\/99.png","contentUrl":"https:\/\/siemysli-ke.info\/wp-content\/uploads\/2025\/05\/99.png","width":270,"height":204,"caption":"SI\u0118 MY\u015aLI"},"image":{"@id":"https:\/\/siemysli-ke.info\/en\/#\/schema\/logo\/image\/"}},{"@type":"Person","@id":"https:\/\/siemysli-ke.info\/#\/schema\/person\/5b3e5764be99027a3ec17b80364b0b6c","name":"tom asz","image":{"@type":"ImageObject","inLanguage":"en-US","@id":"https:\/\/siemysli-ke.info\/en\/#\/schema\/person\/image\/","url":"https:\/\/secure.gravatar.com\/avatar\/9cdf0a2575044ae89b78dfcec363526d50986e6ce8e7757a10579a1d446411e6?s=96&d=mm&r=g","contentUrl":"https:\/\/secure.gravatar.com\/avatar\/9cdf0a2575044ae89b78dfcec363526d50986e6ce8e7757a10579a1d446411e6?s=96&d=mm&r=g","caption":"tom asz"},"sameAs":["http:\/\/www.taksobie.eu"],"url":"https:\/\/siemysli-ke.info\/en\/author\/tomek\/"}]}},"_links":{"self":[{"href":"https:\/\/siemysli-ke.info\/en\/wp-json\/wp\/v2\/posts\/13671","targetHints":{"allow":["GET"]}}],"collection":[{"href":"https:\/\/siemysli-ke.info\/en\/wp-json\/wp\/v2\/posts"}],"about":[{"href":"https:\/\/siemysli-ke.info\/en\/wp-json\/wp\/v2\/types\/post"}],"author":[{"embeddable":true,"href":"https:\/\/siemysli-ke.info\/en\/wp-json\/wp\/v2\/users\/12"}],"replies":[{"embeddable":true,"href":"https:\/\/siemysli-ke.info\/en\/wp-json\/wp\/v2\/comments?post=13671"}],"version-history":[{"count":0,"href":"https:\/\/siemysli-ke.info\/en\/wp-json\/wp\/v2\/posts\/13671\/revisions"}],"wp:featuredmedia":[{"embeddable":true,"href":"https:\/\/siemysli-ke.info\/en\/wp-json\/wp\/v2\/media\/13672"}],"wp:attachment":[{"href":"https:\/\/siemysli-ke.info\/en\/wp-json\/wp\/v2\/media?parent=13671"}],"wp:term":[{"taxonomy":"category","embeddable":true,"href":"https:\/\/siemysli-ke.info\/en\/wp-json\/wp\/v2\/categories?post=13671"},{"taxonomy":"post_tag","embeddable":true,"href":"https:\/\/siemysli-ke.info\/en\/wp-json\/wp\/v2\/tags?post=13671"}],"curies":[{"name":"wp","href":"https:\/\/api.w.org\/{rel}","templated":true}]}}