 {"id":13434,"date":"2014-06-03T15:38:01","date_gmt":"2014-06-03T13:38:01","guid":{"rendered":"http:\/\/www.siemysli.info.ke\/?p=13434"},"modified":"2014-06-03T15:49:59","modified_gmt":"2014-06-03T13:49:59","slug":"czy-o-taka-solidarnosc-pierwsza-solidarnosc-walczyla","status":"publish","type":"post","link":"https:\/\/siemysli-ke.info\/en\/czy-o-taka-solidarnosc-pierwsza-solidarnosc-walczyla\/","title":{"rendered":"Czy o tak\u0105 solidarno\u015bc \u201ePierwsza Solidarno\u015bc\u201d walczy\u0142a?"},"content":{"rendered":"<p style=\"text-align: justify\"><a href=\"http:\/\/www.siemysli.info.ke\/wp-content\/uploads\/2014\/06\/images-1.jpg\" rel=\"lightbox[13434]\"><img decoding=\"async\" class=\"alignleft size-full wp-image-13435\" alt=\"images (1)\" src=\"http:\/\/www.siemysli.info.ke\/wp-content\/uploads\/2014\/06\/images-1.jpg\" width=\"259\" height=\"194\" srcset=\"https:\/\/siemysli-ke.info\/wp-content\/uploads\/2014\/06\/images-1.jpg 259w, https:\/\/siemysli-ke.info\/wp-content\/uploads\/2014\/06\/images-1-100x75.jpg 100w\" sizes=\"(max-width: 259px) 100vw, 259px\" \/><\/a>Z okazji wygranych wybor\u00f3w 4 czerwca 1989 roku Prezydent oraz jego zausznicy ,klakierzy oraz us\u0142u\u017cne media \u015bwi\u0119tuj\u0105. Komitet wzajemnej adoracji uhonorowa\u0142 cz\u0142owieka ,kt\u00f3ry sam \u201eobaly\u0142\u201d komun\u0119 w Magdalence czyli najs\u0142ynniejszego robotnika na \u015bwiecie -Lecha Wa\u0142\u0119s\u0119. Ten nie omieszka\u0142 os\u0142odzic ju\u017c i tak przelukrowan\u0105 atmosfer\u0119 krzycz\u0105c \u017ce Prezydent Komorowski jest jego ulubionym prezydentem&#8230; zrobi\u0142o si\u0119 naprawd\u0119 mi\u0142o!<\/p>\n<p style=\"text-align: justify\">Kancelaria Prezydenta by now\u0105 \u015bwieck\u0105 tradycj\u0119 jako\u015b zareklamowac postanowi\u0142a wypu\u015bcic w nar\u00f3d seri\u0119 \u00a0gad\u017cet\u00f3w z logo \u201e25 LAT WOLNO\u015aCI\u201d<\/p>\n<p style=\"text-align: justify\">Pierwsza Solidarno\u015bc jako zwi\u0105zek zawodowy walczy\u0142a o godn\u0105 prac\u0119 i p\u0142ac\u0119. Jedno\u015bc pracownicza by\u0142a broni\u0105 przeciwko wyzyskowi ze strony komunistycznej nomenklatury. Solidarno\u015bc nie by\u0142a detonatorem zmian a robotniczym ruchem spo\u0142ecznym domagaj\u0105cym si\u0119 poszanowania praw pracowniczych. Druga Solidarno\u015bc ,kt\u00f3r\u0105 sobie dobra\u0142 Lech Wa\u0142\u0119sa po rozbiciu pierwszej Stanem Wojennym by\u0142a ju\u017c tylko grupa os\u00f3b zainteresowanych politycznymi interesami a nie bronieniem przed upadkiem polskiej gospodarki i przemys\u0142u . Komorowski nigdy nie by\u0142 robotnikiem wi\u0119c trudno si\u0119 dziwic \u017ce jego kancelaria pope\u0142ni\u0142a faux pas.<\/p>\n<p style=\"text-align: justify\">Kancelaria Prezydenta RP zam\u00f3wi\u0142a dziesi\u0119\u0107 tysi\u0119cy koszulek. Z przodu wielki napis solidaryc\u0105 &#8220;25 lat wolno\u015bci&#8221; oraz &#8220;www.prezydent.pl&#8221;. A na metce: &#8220;made in Bangladesh&#8221;.W komunikacie Biura Prasowego przes\u0142anym telewizji Superstacja czytamy: &#8220;W wyniku w\/w badania rynkowego, przeprowadzonego z zachowaniem zasady oszcz\u0119dno\u015bci oraz konieczno\u015bci pozyskiwania d\u00f3br w ramach ograniczonych \u015brodk\u00f3w finansowych (publicznych), zosta\u0142a wy\u0142oniona oferta polskiego podmiotu, kt\u00f3ra przedstawi\u0142a najkorzystniejsze warunki realizacji zam\u00f3wienia&#8221;. To nic \u017ce tym gestem opluto robotnicze idea\u0142y i zha\u0144biono polski symbol wolno\u015bci-kogo to interesuje? Jaki Prezydent taka jest formu\u0142a wsp\u00f3\u0142czesnego \u015bwi\u0119towania .Republika Bananowa Kolesi\u00f3w! A jak powsta\u0142y owe &#8220;t shirty &#8220;wolno\u015bci&#8221;?<\/p>\n<p style=\"text-align: justify\">\u00a0Bardzo cz\u0119sto pracownicy w Bangladeszu pracuj\u0105 do 15-16 godzin na dob\u0119. Ko\u0144cz\u0105 prac\u0119 o godzinie 3 w nocy i rozpoczynaj\u0105 prac\u0119 o 7.30, wi\u0119c s\u0105 to warunki skrajnie ur\u0105gaj\u0105ce podstawowym normom . W zdecydowanej wi\u0119kszo\u015bci s\u0105 to kobiety, kt\u00f3re zarabiaj\u0105 oko\u0142o 115 z\u0142otych miesi\u0119cznie. Mo\u017cemy m\u00f3wi\u0107 tutaj o swego rodzaju wsp\u00f3\u0142czesnej formie niewolnictwa.<\/p>\n<p style=\"text-align: justify\">Dzisiejsza Solidarno\u015bc jest zwi\u0105zkiem zawodowym ,historyczna ruchem robotniczym a farbowane lisy o tak zwanym rodowodzie solidarno\u015bciowym nie s\u0105 niczym innym jak kanaliami przyw\u0142aszczaj\u0105cymi sobie pi\u0119kny obraz tamtych dni.<\/p>\n<p style=\"text-align: justify\">\n","protected":false},"excerpt":{"rendered":"<p>Z okazji wygranych wybor\u00f3w 4 czerwca 1989 roku Prezydent oraz jego zausznicy ,klakierzy oraz us\u0142u\u017cne media \u015bwi\u0119tuj\u0105. Komitet wzajemnej adoracji<\/p>\n","protected":false},"author":7,"featured_media":13435,"comment_status":"open","ping_status":"open","sticky":false,"template":"","format":"standard","meta":{"colormag_page_layout":"default_layout","footnotes":""},"categories":[81],"tags":[1063],"class_list":["post-13434","post","type-post","status-publish","format-standard","has-post-thumbnail","hentry","category-rzeczpospolita","tag-25-lat-wolnosci"],"yoast_head":"<!-- This site is optimized with the Yoast SEO plugin v25.1 - https:\/\/yoast.com\/wordpress\/plugins\/seo\/ -->\n<title>Czy o tak\u0105 solidarno\u015bc \u201ePierwsza Solidarno\u015bc\u201d walczy\u0142a? - SI\u0118 MY\u015aLI<\/title>\n<meta name=\"robots\" content=\"index, follow, max-snippet:-1, max-image-preview:large, max-video-preview:-1\" \/>\n<link rel=\"canonical\" href=\"https:\/\/siemysli-ke.info\/en\/czy-o-taka-solidarnosc-pierwsza-solidarnosc-walczyla\/\" \/>\n<meta property=\"og:locale\" content=\"en_US\" \/>\n<meta property=\"og:type\" content=\"article\" \/>\n<meta property=\"og:title\" content=\"Czy o tak\u0105 solidarno\u015bc \u201ePierwsza Solidarno\u015bc\u201d walczy\u0142a? - SI\u0118 MY\u015aLI\" \/>\n<meta property=\"og:description\" content=\"Z okazji wygranych wybor\u00f3w 4 czerwca 1989 roku Prezydent oraz jego zausznicy ,klakierzy oraz us\u0142u\u017cne media \u015bwi\u0119tuj\u0105. Komitet wzajemnej adoracji\" \/>\n<meta property=\"og:url\" content=\"https:\/\/siemysli-ke.info\/en\/czy-o-taka-solidarnosc-pierwsza-solidarnosc-walczyla\/\" \/>\n<meta property=\"og:site_name\" content=\"SI\u0118 MY\u015aLI\" \/>\n<meta property=\"article:published_time\" content=\"2014-06-03T13:38:01+00:00\" \/>\n<meta property=\"article:modified_time\" content=\"2014-06-03T13:49:59+00:00\" \/>\n<meta property=\"og:image\" content=\"https:\/\/siemysli-ke.info\/wp-content\/uploads\/2014\/06\/images-1.jpg\" \/>\n\t<meta property=\"og:image:width\" content=\"259\" \/>\n\t<meta property=\"og:image:height\" content=\"194\" \/>\n\t<meta property=\"og:image:type\" content=\"image\/jpeg\" \/>\n<meta name=\"author\" content=\"Jaromir\" \/>\n<meta name=\"twitter:label1\" content=\"Written by\" \/>\n\t<meta name=\"twitter:data1\" content=\"Jaromir\" \/>\n\t<meta name=\"twitter:label2\" content=\"Est. reading time\" \/>\n\t<meta name=\"twitter:data2\" content=\"2 minutes\" \/>\n<script type=\"application\/ld+json\" class=\"yoast-schema-graph\">{\"@context\":\"https:\/\/schema.org\",\"@graph\":[{\"@type\":\"Article\",\"@id\":\"https:\/\/siemysli-ke.info\/en\/czy-o-taka-solidarnosc-pierwsza-solidarnosc-walczyla\/#article\",\"isPartOf\":{\"@id\":\"https:\/\/siemysli-ke.info\/en\/czy-o-taka-solidarnosc-pierwsza-solidarnosc-walczyla\/\"},\"author\":{\"name\":\"Jaromir\",\"@id\":\"https:\/\/siemysli-ke.info\/#\/schema\/person\/66d741fa745a44f2fe46d112bc6499f2\"},\"headline\":\"Czy o tak\u0105 solidarno\u015bc \u201ePierwsza Solidarno\u015bc\u201d walczy\u0142a?\",\"datePublished\":\"2014-06-03T13:38:01+00:00\",\"dateModified\":\"2014-06-03T13:49:59+00:00\",\"mainEntityOfPage\":{\"@id\":\"https:\/\/siemysli-ke.info\/en\/czy-o-taka-solidarnosc-pierwsza-solidarnosc-walczyla\/\"},\"wordCount\":415,\"commentCount\":0,\"publisher\":{\"@id\":\"https:\/\/siemysli-ke.info\/#organization\"},\"image\":{\"@id\":\"https:\/\/siemysli-ke.info\/en\/czy-o-taka-solidarnosc-pierwsza-solidarnosc-walczyla\/#primaryimage\"},\"thumbnailUrl\":\"https:\/\/siemysli-ke.info\/wp-content\/uploads\/2014\/06\/images-1.jpg\",\"keywords\":[\"25 lat wolnosci\"],\"articleSection\":[\"Rzeczypospolita\"],\"inLanguage\":\"en-US\",\"potentialAction\":[{\"@type\":\"CommentAction\",\"name\":\"Comment\",\"target\":[\"https:\/\/siemysli-ke.info\/en\/czy-o-taka-solidarnosc-pierwsza-solidarnosc-walczyla\/#respond\"]}]},{\"@type\":\"WebPage\",\"@id\":\"https:\/\/siemysli-ke.info\/en\/czy-o-taka-solidarnosc-pierwsza-solidarnosc-walczyla\/\",\"url\":\"https:\/\/siemysli-ke.info\/en\/czy-o-taka-solidarnosc-pierwsza-solidarnosc-walczyla\/\",\"name\":\"Czy o tak\u0105 solidarno\u015bc \u201ePierwsza Solidarno\u015bc\u201d walczy\u0142a? - SI\u0118 MY\u015aLI\",\"isPartOf\":{\"@id\":\"https:\/\/siemysli-ke.info\/en\/#website\"},\"primaryImageOfPage\":{\"@id\":\"https:\/\/siemysli-ke.info\/en\/czy-o-taka-solidarnosc-pierwsza-solidarnosc-walczyla\/#primaryimage\"},\"image\":{\"@id\":\"https:\/\/siemysli-ke.info\/en\/czy-o-taka-solidarnosc-pierwsza-solidarnosc-walczyla\/#primaryimage\"},\"thumbnailUrl\":\"https:\/\/siemysli-ke.info\/wp-content\/uploads\/2014\/06\/images-1.jpg\",\"datePublished\":\"2014-06-03T13:38:01+00:00\",\"dateModified\":\"2014-06-03T13:49:59+00:00\",\"breadcrumb\":{\"@id\":\"https:\/\/siemysli-ke.info\/en\/czy-o-taka-solidarnosc-pierwsza-solidarnosc-walczyla\/#breadcrumb\"},\"inLanguage\":\"en-US\",\"potentialAction\":[{\"@type\":\"ReadAction\",\"target\":[[\"https:\/\/siemysli-ke.info\/en\/czy-o-taka-solidarnosc-pierwsza-solidarnosc-walczyla\/\"]]}]},{\"@type\":\"ImageObject\",\"inLanguage\":\"en-US\",\"@id\":\"https:\/\/siemysli-ke.info\/en\/czy-o-taka-solidarnosc-pierwsza-solidarnosc-walczyla\/#primaryimage\",\"url\":\"https:\/\/siemysli-ke.info\/wp-content\/uploads\/2014\/06\/images-1.jpg\",\"contentUrl\":\"https:\/\/siemysli-ke.info\/wp-content\/uploads\/2014\/06\/images-1.jpg\",\"width\":259,\"height\":194},{\"@type\":\"BreadcrumbList\",\"@id\":\"https:\/\/siemysli-ke.info\/en\/czy-o-taka-solidarnosc-pierwsza-solidarnosc-walczyla\/#breadcrumb\",\"itemListElement\":[{\"@type\":\"ListItem\",\"position\":1,\"name\":\"Home\",\"item\":\"https:\/\/siemysli-ke.info\/en\/\"},{\"@type\":\"ListItem\",\"position\":2,\"name\":\"Czy o tak\u0105 solidarno\u015bc \u201ePierwsza Solidarno\u015bc\u201d walczy\u0142a?\"}]},{\"@type\":\"WebSite\",\"@id\":\"https:\/\/siemysli-ke.info\/en\/#website\",\"url\":\"https:\/\/siemysli-ke.info\/en\/\",\"name\":\"SI\u0118 MY\u015aLI\",\"description\":\"\",\"publisher\":{\"@id\":\"https:\/\/siemysli-ke.info\/en\/#organization\"},\"potentialAction\":[{\"@type\":\"SearchAction\",\"target\":{\"@type\":\"EntryPoint\",\"urlTemplate\":\"https:\/\/siemysli-ke.info\/en\/?s={search_term_string}\"},\"query-input\":{\"@type\":\"PropertyValueSpecification\",\"valueRequired\":true,\"valueName\":\"search_term_string\"}}],\"inLanguage\":\"en-US\"},{\"@type\":\"Organization\",\"@id\":\"https:\/\/siemysli-ke.info\/en\/#organization\",\"name\":\"SI\u0118 MY\u015aLI\",\"url\":\"https:\/\/siemysli-ke.info\/en\/\",\"logo\":{\"@type\":\"ImageObject\",\"inLanguage\":\"en-US\",\"@id\":\"https:\/\/siemysli-ke.info\/en\/#\/schema\/logo\/image\/\",\"url\":\"https:\/\/siemysli-ke.info\/wp-content\/uploads\/2025\/05\/99.png\",\"contentUrl\":\"https:\/\/siemysli-ke.info\/wp-content\/uploads\/2025\/05\/99.png\",\"width\":270,\"height\":204,\"caption\":\"SI\u0118 MY\u015aLI\"},\"image\":{\"@id\":\"https:\/\/siemysli-ke.info\/en\/#\/schema\/logo\/image\/\"}},{\"@type\":\"Person\",\"@id\":\"https:\/\/siemysli-ke.info\/#\/schema\/person\/66d741fa745a44f2fe46d112bc6499f2\",\"name\":\"Jaromir\",\"image\":{\"@type\":\"ImageObject\",\"inLanguage\":\"en-US\",\"@id\":\"https:\/\/siemysli-ke.info\/en\/#\/schema\/person\/image\/\",\"url\":\"https:\/\/secure.gravatar.com\/avatar\/fe881559e8ac8dda20293e9e8317d4678c6ad8f65f85a9ce5e1a87cee56b6198?s=96&d=mm&r=g\",\"contentUrl\":\"https:\/\/secure.gravatar.com\/avatar\/fe881559e8ac8dda20293e9e8317d4678c6ad8f65f85a9ce5e1a87cee56b6198?s=96&d=mm&r=g\",\"caption\":\"Jaromir\"},\"url\":\"https:\/\/siemysli-ke.info\/en\/author\/jaromir\/\"}]}<\/script>\n<!-- \/ Yoast SEO plugin. -->","yoast_head_json":{"title":"Czy o tak\u0105 solidarno\u015bc \u201ePierwsza Solidarno\u015bc\u201d walczy\u0142a? - SI\u0118 MY\u015aLI","robots":{"index":"index","follow":"follow","max-snippet":"max-snippet:-1","max-image-preview":"max-image-preview:large","max-video-preview":"max-video-preview:-1"},"canonical":"https:\/\/siemysli-ke.info\/en\/czy-o-taka-solidarnosc-pierwsza-solidarnosc-walczyla\/","og_locale":"en_US","og_type":"article","og_title":"Czy o tak\u0105 solidarno\u015bc \u201ePierwsza Solidarno\u015bc\u201d walczy\u0142a? - SI\u0118 MY\u015aLI","og_description":"Z okazji wygranych wybor\u00f3w 4 czerwca 1989 roku Prezydent oraz jego zausznicy ,klakierzy oraz us\u0142u\u017cne media \u015bwi\u0119tuj\u0105. Komitet wzajemnej adoracji","og_url":"https:\/\/siemysli-ke.info\/en\/czy-o-taka-solidarnosc-pierwsza-solidarnosc-walczyla\/","og_site_name":"SI\u0118 MY\u015aLI","article_published_time":"2014-06-03T13:38:01+00:00","article_modified_time":"2014-06-03T13:49:59+00:00","og_image":[{"width":259,"height":194,"url":"https:\/\/siemysli-ke.info\/wp-content\/uploads\/2014\/06\/images-1.jpg","type":"image\/jpeg"}],"author":"Jaromir","twitter_misc":{"Written by":"Jaromir","Est. reading time":"2 minutes"},"schema":{"@context":"https:\/\/schema.org","@graph":[{"@type":"Article","@id":"https:\/\/siemysli-ke.info\/en\/czy-o-taka-solidarnosc-pierwsza-solidarnosc-walczyla\/#article","isPartOf":{"@id":"https:\/\/siemysli-ke.info\/en\/czy-o-taka-solidarnosc-pierwsza-solidarnosc-walczyla\/"},"author":{"name":"Jaromir","@id":"https:\/\/siemysli-ke.info\/#\/schema\/person\/66d741fa745a44f2fe46d112bc6499f2"},"headline":"Czy o tak\u0105 solidarno\u015bc \u201ePierwsza Solidarno\u015bc\u201d walczy\u0142a?","datePublished":"2014-06-03T13:38:01+00:00","dateModified":"2014-06-03T13:49:59+00:00","mainEntityOfPage":{"@id":"https:\/\/siemysli-ke.info\/en\/czy-o-taka-solidarnosc-pierwsza-solidarnosc-walczyla\/"},"wordCount":415,"commentCount":0,"publisher":{"@id":"https:\/\/siemysli-ke.info\/#organization"},"image":{"@id":"https:\/\/siemysli-ke.info\/en\/czy-o-taka-solidarnosc-pierwsza-solidarnosc-walczyla\/#primaryimage"},"thumbnailUrl":"https:\/\/siemysli-ke.info\/wp-content\/uploads\/2014\/06\/images-1.jpg","keywords":["25 lat wolnosci"],"articleSection":["Rzeczypospolita"],"inLanguage":"en-US","potentialAction":[{"@type":"CommentAction","name":"Comment","target":["https:\/\/siemysli-ke.info\/en\/czy-o-taka-solidarnosc-pierwsza-solidarnosc-walczyla\/#respond"]}]},{"@type":"WebPage","@id":"https:\/\/siemysli-ke.info\/en\/czy-o-taka-solidarnosc-pierwsza-solidarnosc-walczyla\/","url":"https:\/\/siemysli-ke.info\/en\/czy-o-taka-solidarnosc-pierwsza-solidarnosc-walczyla\/","name":"Czy o tak\u0105 solidarno\u015bc \u201ePierwsza Solidarno\u015bc\u201d walczy\u0142a? - SI\u0118 MY\u015aLI","isPartOf":{"@id":"https:\/\/siemysli-ke.info\/en\/#website"},"primaryImageOfPage":{"@id":"https:\/\/siemysli-ke.info\/en\/czy-o-taka-solidarnosc-pierwsza-solidarnosc-walczyla\/#primaryimage"},"image":{"@id":"https:\/\/siemysli-ke.info\/en\/czy-o-taka-solidarnosc-pierwsza-solidarnosc-walczyla\/#primaryimage"},"thumbnailUrl":"https:\/\/siemysli-ke.info\/wp-content\/uploads\/2014\/06\/images-1.jpg","datePublished":"2014-06-03T13:38:01+00:00","dateModified":"2014-06-03T13:49:59+00:00","breadcrumb":{"@id":"https:\/\/siemysli-ke.info\/en\/czy-o-taka-solidarnosc-pierwsza-solidarnosc-walczyla\/#breadcrumb"},"inLanguage":"en-US","potentialAction":[{"@type":"ReadAction","target":[["https:\/\/siemysli-ke.info\/en\/czy-o-taka-solidarnosc-pierwsza-solidarnosc-walczyla\/"]]}]},{"@type":"ImageObject","inLanguage":"en-US","@id":"https:\/\/siemysli-ke.info\/en\/czy-o-taka-solidarnosc-pierwsza-solidarnosc-walczyla\/#primaryimage","url":"https:\/\/siemysli-ke.info\/wp-content\/uploads\/2014\/06\/images-1.jpg","contentUrl":"https:\/\/siemysli-ke.info\/wp-content\/uploads\/2014\/06\/images-1.jpg","width":259,"height":194},{"@type":"BreadcrumbList","@id":"https:\/\/siemysli-ke.info\/en\/czy-o-taka-solidarnosc-pierwsza-solidarnosc-walczyla\/#breadcrumb","itemListElement":[{"@type":"ListItem","position":1,"name":"Home","item":"https:\/\/siemysli-ke.info\/en\/"},{"@type":"ListItem","position":2,"name":"Czy o tak\u0105 solidarno\u015bc \u201ePierwsza Solidarno\u015bc\u201d walczy\u0142a?"}]},{"@type":"WebSite","@id":"https:\/\/siemysli-ke.info\/en\/#website","url":"https:\/\/siemysli-ke.info\/en\/","name":"SI\u0118 MY\u015aLI","description":"","publisher":{"@id":"https:\/\/siemysli-ke.info\/en\/#organization"},"potentialAction":[{"@type":"SearchAction","target":{"@type":"EntryPoint","urlTemplate":"https:\/\/siemysli-ke.info\/en\/?s={search_term_string}"},"query-input":{"@type":"PropertyValueSpecification","valueRequired":true,"valueName":"search_term_string"}}],"inLanguage":"en-US"},{"@type":"Organization","@id":"https:\/\/siemysli-ke.info\/en\/#organization","name":"SI\u0118 MY\u015aLI","url":"https:\/\/siemysli-ke.info\/en\/","logo":{"@type":"ImageObject","inLanguage":"en-US","@id":"https:\/\/siemysli-ke.info\/en\/#\/schema\/logo\/image\/","url":"https:\/\/siemysli-ke.info\/wp-content\/uploads\/2025\/05\/99.png","contentUrl":"https:\/\/siemysli-ke.info\/wp-content\/uploads\/2025\/05\/99.png","width":270,"height":204,"caption":"SI\u0118 MY\u015aLI"},"image":{"@id":"https:\/\/siemysli-ke.info\/en\/#\/schema\/logo\/image\/"}},{"@type":"Person","@id":"https:\/\/siemysli-ke.info\/#\/schema\/person\/66d741fa745a44f2fe46d112bc6499f2","name":"Jaromir","image":{"@type":"ImageObject","inLanguage":"en-US","@id":"https:\/\/siemysli-ke.info\/en\/#\/schema\/person\/image\/","url":"https:\/\/secure.gravatar.com\/avatar\/fe881559e8ac8dda20293e9e8317d4678c6ad8f65f85a9ce5e1a87cee56b6198?s=96&d=mm&r=g","contentUrl":"https:\/\/secure.gravatar.com\/avatar\/fe881559e8ac8dda20293e9e8317d4678c6ad8f65f85a9ce5e1a87cee56b6198?s=96&d=mm&r=g","caption":"Jaromir"},"url":"https:\/\/siemysli-ke.info\/en\/author\/jaromir\/"}]}},"_links":{"self":[{"href":"https:\/\/siemysli-ke.info\/en\/wp-json\/wp\/v2\/posts\/13434","targetHints":{"allow":["GET"]}}],"collection":[{"href":"https:\/\/siemysli-ke.info\/en\/wp-json\/wp\/v2\/posts"}],"about":[{"href":"https:\/\/siemysli-ke.info\/en\/wp-json\/wp\/v2\/types\/post"}],"author":[{"embeddable":true,"href":"https:\/\/siemysli-ke.info\/en\/wp-json\/wp\/v2\/users\/7"}],"replies":[{"embeddable":true,"href":"https:\/\/siemysli-ke.info\/en\/wp-json\/wp\/v2\/comments?post=13434"}],"version-history":[{"count":0,"href":"https:\/\/siemysli-ke.info\/en\/wp-json\/wp\/v2\/posts\/13434\/revisions"}],"wp:featuredmedia":[{"embeddable":true,"href":"https:\/\/siemysli-ke.info\/en\/wp-json\/wp\/v2\/media\/13435"}],"wp:attachment":[{"href":"https:\/\/siemysli-ke.info\/en\/wp-json\/wp\/v2\/media?parent=13434"}],"wp:term":[{"taxonomy":"category","embeddable":true,"href":"https:\/\/siemysli-ke.info\/en\/wp-json\/wp\/v2\/categories?post=13434"},{"taxonomy":"post_tag","embeddable":true,"href":"https:\/\/siemysli-ke.info\/en\/wp-json\/wp\/v2\/tags?post=13434"}],"curies":[{"name":"wp","href":"https:\/\/api.w.org\/{rel}","templated":true}]}}