 {"id":13224,"date":"2014-04-21T16:54:02","date_gmt":"2014-04-21T14:54:02","guid":{"rendered":"http:\/\/www.siemysli.info.ke\/?p=13224"},"modified":"2014-04-21T16:54:25","modified_gmt":"2014-04-21T14:54:25","slug":"mundial-nie-cieszy-brazylijczykow-dlatego-wladze-przeznacza-ponad-600-mln-euro-na-jego-ochrone-bedzie-najdrozsza-impreza-w-historii-kraju-2","status":"publish","type":"post","link":"https:\/\/siemysli-ke.info\/en\/mundial-nie-cieszy-brazylijczykow-dlatego-wladze-przeznacza-ponad-600-mln-euro-na-jego-ochrone-bedzie-najdrozsza-impreza-w-historii-kraju-2\/","title":{"rendered":"Mundial nie cieszy Brazylijczyk\u00f3w, dlatego w\u0142adze przeznacz\u0105 ponad 600 mln. euro na jego ochron\u0119. B\u0119dzie to najdro\u017csz\u0105 imprez\u0105 w historii kraju"},"content":{"rendered":"<h1 style=\"text-align: justify\"><\/h1>\n<p style=\"text-align: justify\"><a name=\"anchorbbtBubble19\"><\/a><a name=\"anchorbbtBubble22\"><\/a><a name=\"anchorbbtBubble29\"><\/a> <a href=\"http:\/\/www.siemysli.info.ke\/wp-content\/uploads\/2014\/04\/010417e976.jpg\" rel=\"lightbox[13224]\"><img decoding=\"async\" class=\"size-medium wp-image-13222 alignleft\" alt=\"010417e976\" src=\"http:\/\/www.siemysli.info.ke\/wp-content\/uploads\/2014\/04\/010417e976-300x221.jpg\" width=\"300\" height=\"221\" srcset=\"https:\/\/siemysli-ke.info\/wp-content\/uploads\/2014\/04\/010417e976-300x221.jpg 300w, https:\/\/siemysli-ke.info\/wp-content\/uploads\/2014\/04\/010417e976-100x75.jpg 100w, https:\/\/siemysli-ke.info\/wp-content\/uploads\/2014\/04\/010417e976.jpg 550w\" sizes=\"(max-width: 300px) 100vw, 300px\" \/><\/a>Brazylijskie w\u0142adze zamierzaj\u0105 wyda\u0107 rekordow\u0105 sum\u0119 600\u00a0mln. euro\u00a0na ochron\u0119\u00a0i zapewnienie bezpiecze\u0144stwa podczas tegorocznych mistrzostw \u015bwiata\u00a0w\u00a0<a href=\"http:\/\/intext.contextad.pl\/core\/ad_transaction?att=4&amp;atd=100;5962063269127702373;2005644891;188;844;182963;1151;336991883734422867;30;1;6;3345054582&amp;curl=http%3A%2F%2Fneoxen.pl%2F%3F%26utm_source%3Dkontextad%26utm_medium%3Dcpc%26utm_campaign%3DIII-IV\" target=\"_blank\">pi\u0142ce<\/a>\u00a0no\u017cnej. Do\u00a0<a href=\"http:\/\/intext.contextad.pl\/core\/ad_transaction?att=4&amp;atd=100;5962063269127702373;2005644891;200;1302;194937;1211;7347694119982246675;60;1;6;1207681667&amp;curl=https%3A%2F%2Fad.doubleclick.net%2Fddm%2Fclk%2F281134650%3B107943036%3By%3Futm_campaign%3D200%26utm_term%3DOCHRONA%26utm_medium%3Dintext%26utm_source%3DContextAd\" target=\"_blank\">ochrony<\/a>\u00a0mundialu skierowanych zostanie \u0142\u0105cznie 170\u00a0tys.\u00a0<a>pracownik\u00f3w<\/a>\u00a0s\u0142u\u017cb mundurowych,\u00a0w\u00a0tym policjant\u00f3w, \u017co\u0142nierzy\u00a0i agent\u00f3w\u00a0s\u0142u\u017cb\u00a0specjalnych.\u00a0Oznacza\u00a0to, \u017ce uczestnik\u00f3w imprezy\u00a0i kibic\u00f3w b\u0119dzie strzec\u00a0o 22 proc. wi\u0119cej funkcjonariuszy ni\u017c podczas mundialu\u00a0w\u00a0RPA\u00a0w 2010\u00a0r. Szacuje si\u0119, \u017ce w\u015br\u00f3d os\u00f3b odpowiedzialnych\u00a0za ochron\u0119 turnieju znajdzie si\u0119 oko\u0142o 57\u00a0tys. \u017co\u0142nierzy. Znaczne si\u0142y skierowane zostan\u0105\u00a0do\u00a0Rio\u00a0de\u00a0Janeiro.Z informacji przekazanych przez Jose Beltrame, szefa brazylijskiego Sekretariatu\u00a0ds. Bezpiecze\u0144stwa (SESEG), wynika, \u017ce podczas mecz\u00f3w\u00a0na stadionie Maracana\u00a0nad porz\u0105dkiem\u00a0i\u00a0<a>bezpiecze\u0144stwem<\/a>\u00a0czuwa\u0107 b\u0119dzie 70 proc.wi\u0119cej funkcjonariuszy ni\u017c\u00a0w<a>czasie<\/a>\u00a0ubieg\u0142orocznego Pucharu Konfederacji\u00a0FIFA.Wewn\u0105trz struktur policyjnych utworzymy r\u00f3wnie\u017c oddzia\u0142 zajmuj\u0105cy si\u0119 obs\u0142ug\u0105 zagranicznych turyst\u00f3w. W jego sk\u0142ad wejdzie 156 funkcjonariuszy pos\u0142uguj\u0105cych si\u0119 j\u0119zykami obcymi. \u0141\u0105cznie bezpiecze\u0144stwa\u00a0na Maracanie strzec b\u0119dzie\u00a02372\u00a0os\u00f3b<\/p>\n<p>\u2014ujawni\u0142 Beltrame. Szef\u00a0SESEG\u00a0wyrazi\u0142 zaniepokojenie\u00a0nie tylko mo\u017cliwymi protestami spo\u0142ecznymi\u00a0na terenie\u00a0i\u00a0w s\u0105siedztwie stadionu,\u00a0ale r\u00f3wnie\u017c\u00a0w licznych\u00a0w Rio\u00a0de Janeiro\u00a0tzw. strefach kibica. Nad bezpiecze\u0144stwem\u00a0w czasie M\u015a czuwa\u0107 b\u0119d\u0105 te\u017c bezza\u0142ogowe statki powietrzne,\u00a0tzw. drony, kt\u00f3re Brazylii udost\u0119pni izraelska armia. Planowane jest zastosowanie\u00a0dw\u00f3ch\u00a0modeli.Pomimo zapowiadanych przez rz\u0105d\u00a0<a>korzy\u015bci<\/a>\u00a0z organizacji mundialu, impreza\u00a0nie cieszy\u00a0<a>mieszka\u0144c\u00f3w<\/a>\u00a0Brazylii.\u00a0Jak wynika\u00a0z przeprowadzonego\u00a0na pocz\u0105tku kwietnia sonda\u017cu o\u015brodka Datafolha, zaledwie 48 proc. obywateli wyra\u017ca zadowolenie\u00a0z faktu, \u017ce\u00a0ich kraj b\u0119dzie gospodarzem\u00a0tego\u00a0turnieju.W 2008 roku, 12 miesi\u0119cy\u00a0po przyznaniu Brazylii prawa organizacji M\u015a, decyzj\u0119 t\u0119 popiera\u0142o blisko 80 proc. obywateli tego po\u0142udniowoameryka\u0144skiego kraju. Rosn\u0105ca niech\u0119\u0107 spo\u0142ecze\u0144stwa\u00a0do imprezy\u00a0ma, wed\u0142ug medi\u00f3w, zwi\u0105zek\u00a0z op\u00f3\u017anieniami\u00a0w oddawaniu\u00a0do u\u017cytku stadion\u00f3w\u00a0i lotnisk,\u00a0a tak\u017ce licznymi wypadkami \u015bmiertelnymi\u00a0podczas\u00a0ich\u00a0budowy.Spadaj\u0105cemu poparciu\u00a0dla mundialu towarzysz\u0105 trwaj\u0105ce\u00a0od czerwca 2013 protesty spo\u0142eczne, kt\u00f3re wywo\u0142a\u0142a podwy\u017cka\u00a0<a>cen<\/a>\u00a0bilet\u00f3w komunikacji. Z czasem przerodzi\u0142y si\u0119\u00a0one\u00a0w demonstracje niezadowolenia przeciwko polityce w\u0142adz federalnych\u00a0i stanowych dotycz\u0105cej o\u015bwiaty\u00a0czy s\u0142u\u017cby zdrowia.\u00a0Zar\u00f3wno w\u0142adze Brazylii,\u00a0jak\u00a0i\u00a0FIFA, spodziewaj\u0105 si\u0119 eskalacji protest\u00f3w\u00a0w\u00a0trakcie\u00a0turnieju.<\/p>\n<p>Mistrzostwa \u015bwiata\u00a0w Brazylii rozpoczn\u0105 si\u0119 12 czerwca\u00a0na stadionie\u00a0w Sao Paulo\u00a0od pojedynku gospodarzy\u00a0z Chorwacj\u0105. Mundial, kt\u00f3ry rozgrywany b\u0119dzie\u00a0w 12 miastach, zako\u0144czy si\u0119 13 lipca fina\u0142em\u00a0na Maracanie\u00a0w\u00a0Rio\u00a0de\u00a0Janeiro.<\/p>\n<p>za Wpolityce.pl<\/p>\n<p>Ryb,\u00a0PAP<\/p>\n<p><a name=\"anchorbbtBubble205\"><\/a><a name=\"anchorbbtBubble212\"><\/a><\/p>\n<p>&nbsp;<\/p>\n<p><a name=\"anchorbbtBubble300\"><\/a><\/p>\n<p>&nbsp;<\/p>\n<p>&nbsp;<\/p>\n<p style=\"text-align: justify\"><a name=\"anchorbbtBubble107\"><\/a><a name=\"anchorbbtBubble116\"><\/a><\/p>\n<p style=\"text-align: justify\">\n","protected":false},"excerpt":{"rendered":"<p>Brazylijskie w\u0142adze zamierzaj\u0105 wyda\u0107 rekordow\u0105 sum\u0119 600\u00a0mln. euro\u00a0na ochron\u0119\u00a0i zapewnienie bezpiecze\u0144stwa podczas tegorocznych mistrzostw \u015bwiata\u00a0w\u00a0pi\u0142ce\u00a0no\u017cnej. Do\u00a0ochrony\u00a0mundialu skierowanych zostanie \u0142\u0105cznie 170\u00a0tys.\u00a0pracownik\u00f3w\u00a0s\u0142u\u017cb<\/p>\n","protected":false},"author":7,"featured_media":13222,"comment_status":"open","ping_status":"open","sticky":false,"template":"","format":"standard","meta":{"colormag_page_layout":"default_layout","footnotes":""},"categories":[143],"tags":[985,986],"class_list":["post-13224","post","type-post","status-publish","format-standard","has-post-thumbnail","hentry","category-inne","tag-brazylia","tag-protesty-spoleczne"],"yoast_head":"<!-- This site is optimized with the Yoast SEO plugin v25.1 - https:\/\/yoast.com\/wordpress\/plugins\/seo\/ -->\n<title>Mundial nie cieszy Brazylijczyk\u00f3w, dlatego w\u0142adze przeznacz\u0105 ponad 600 mln. euro na jego ochron\u0119. B\u0119dzie to najdro\u017csz\u0105 imprez\u0105 w historii kraju - SI\u0118 MY\u015aLI<\/title>\n<meta name=\"robots\" content=\"index, follow, max-snippet:-1, max-image-preview:large, max-video-preview:-1\" \/>\n<link rel=\"canonical\" href=\"https:\/\/siemysli-ke.info\/en\/mundial-nie-cieszy-brazylijczykow-dlatego-wladze-przeznacza-ponad-600-mln-euro-na-jego-ochrone-bedzie-najdrozsza-impreza-w-historii-kraju-2\/\" \/>\n<meta property=\"og:locale\" content=\"en_US\" \/>\n<meta property=\"og:type\" content=\"article\" \/>\n<meta property=\"og:title\" content=\"Mundial nie cieszy Brazylijczyk\u00f3w, dlatego w\u0142adze przeznacz\u0105 ponad 600 mln. euro na jego ochron\u0119. B\u0119dzie to najdro\u017csz\u0105 imprez\u0105 w historii kraju - SI\u0118 MY\u015aLI\" \/>\n<meta property=\"og:description\" content=\"Brazylijskie w\u0142adze zamierzaj\u0105 wyda\u0107 rekordow\u0105 sum\u0119 600\u00a0mln. euro\u00a0na ochron\u0119\u00a0i zapewnienie bezpiecze\u0144stwa podczas tegorocznych mistrzostw \u015bwiata\u00a0w\u00a0pi\u0142ce\u00a0no\u017cnej. Do\u00a0ochrony\u00a0mundialu skierowanych zostanie \u0142\u0105cznie 170\u00a0tys.\u00a0pracownik\u00f3w\u00a0s\u0142u\u017cb\" \/>\n<meta property=\"og:url\" content=\"https:\/\/siemysli-ke.info\/en\/mundial-nie-cieszy-brazylijczykow-dlatego-wladze-przeznacza-ponad-600-mln-euro-na-jego-ochrone-bedzie-najdrozsza-impreza-w-historii-kraju-2\/\" \/>\n<meta property=\"og:site_name\" content=\"SI\u0118 MY\u015aLI\" \/>\n<meta property=\"article:published_time\" content=\"2014-04-21T14:54:02+00:00\" \/>\n<meta property=\"article:modified_time\" content=\"2014-04-21T14:54:25+00:00\" \/>\n<meta property=\"og:image\" content=\"https:\/\/siemysli-ke.info\/wp-content\/uploads\/2014\/04\/010417e976.jpg\" \/>\n\t<meta property=\"og:image:width\" content=\"550\" \/>\n\t<meta property=\"og:image:height\" content=\"407\" \/>\n\t<meta property=\"og:image:type\" content=\"image\/jpeg\" \/>\n<meta name=\"author\" content=\"Jaromir\" \/>\n<meta name=\"twitter:label1\" content=\"Written by\" \/>\n\t<meta name=\"twitter:data1\" content=\"Jaromir\" \/>\n\t<meta name=\"twitter:label2\" content=\"Est. reading time\" \/>\n\t<meta name=\"twitter:data2\" content=\"2 minutes\" \/>\n<script type=\"application\/ld+json\" class=\"yoast-schema-graph\">{\"@context\":\"https:\/\/schema.org\",\"@graph\":[{\"@type\":\"Article\",\"@id\":\"https:\/\/siemysli-ke.info\/en\/mundial-nie-cieszy-brazylijczykow-dlatego-wladze-przeznacza-ponad-600-mln-euro-na-jego-ochrone-bedzie-najdrozsza-impreza-w-historii-kraju-2\/#article\",\"isPartOf\":{\"@id\":\"https:\/\/siemysli-ke.info\/en\/mundial-nie-cieszy-brazylijczykow-dlatego-wladze-przeznacza-ponad-600-mln-euro-na-jego-ochrone-bedzie-najdrozsza-impreza-w-historii-kraju-2\/\"},\"author\":{\"name\":\"Jaromir\",\"@id\":\"https:\/\/siemysli-ke.info\/#\/schema\/person\/66d741fa745a44f2fe46d112bc6499f2\"},\"headline\":\"Mundial nie cieszy Brazylijczyk\u00f3w, dlatego w\u0142adze przeznacz\u0105 ponad 600 mln. euro na jego ochron\u0119. B\u0119dzie to najdro\u017csz\u0105 imprez\u0105 w historii kraju\",\"datePublished\":\"2014-04-21T14:54:02+00:00\",\"dateModified\":\"2014-04-21T14:54:25+00:00\",\"mainEntityOfPage\":{\"@id\":\"https:\/\/siemysli-ke.info\/en\/mundial-nie-cieszy-brazylijczykow-dlatego-wladze-przeznacza-ponad-600-mln-euro-na-jego-ochrone-bedzie-najdrozsza-impreza-w-historii-kraju-2\/\"},\"wordCount\":481,\"commentCount\":0,\"publisher\":{\"@id\":\"https:\/\/siemysli-ke.info\/#organization\"},\"image\":{\"@id\":\"https:\/\/siemysli-ke.info\/en\/mundial-nie-cieszy-brazylijczykow-dlatego-wladze-przeznacza-ponad-600-mln-euro-na-jego-ochrone-bedzie-najdrozsza-impreza-w-historii-kraju-2\/#primaryimage\"},\"thumbnailUrl\":\"https:\/\/siemysli-ke.info\/wp-content\/uploads\/2014\/04\/010417e976.jpg\",\"keywords\":[\"Brazylia\",\"protesty spo\u0142eczne\"],\"articleSection\":[\"Inne\"],\"inLanguage\":\"en-US\",\"potentialAction\":[{\"@type\":\"CommentAction\",\"name\":\"Comment\",\"target\":[\"https:\/\/siemysli-ke.info\/en\/mundial-nie-cieszy-brazylijczykow-dlatego-wladze-przeznacza-ponad-600-mln-euro-na-jego-ochrone-bedzie-najdrozsza-impreza-w-historii-kraju-2\/#respond\"]}]},{\"@type\":\"WebPage\",\"@id\":\"https:\/\/siemysli-ke.info\/en\/mundial-nie-cieszy-brazylijczykow-dlatego-wladze-przeznacza-ponad-600-mln-euro-na-jego-ochrone-bedzie-najdrozsza-impreza-w-historii-kraju-2\/\",\"url\":\"https:\/\/siemysli-ke.info\/en\/mundial-nie-cieszy-brazylijczykow-dlatego-wladze-przeznacza-ponad-600-mln-euro-na-jego-ochrone-bedzie-najdrozsza-impreza-w-historii-kraju-2\/\",\"name\":\"Mundial nie cieszy Brazylijczyk\u00f3w, dlatego w\u0142adze przeznacz\u0105 ponad 600 mln. euro na jego ochron\u0119. B\u0119dzie to najdro\u017csz\u0105 imprez\u0105 w historii kraju - SI\u0118 MY\u015aLI\",\"isPartOf\":{\"@id\":\"https:\/\/siemysli-ke.info\/en\/#website\"},\"primaryImageOfPage\":{\"@id\":\"https:\/\/siemysli-ke.info\/en\/mundial-nie-cieszy-brazylijczykow-dlatego-wladze-przeznacza-ponad-600-mln-euro-na-jego-ochrone-bedzie-najdrozsza-impreza-w-historii-kraju-2\/#primaryimage\"},\"image\":{\"@id\":\"https:\/\/siemysli-ke.info\/en\/mundial-nie-cieszy-brazylijczykow-dlatego-wladze-przeznacza-ponad-600-mln-euro-na-jego-ochrone-bedzie-najdrozsza-impreza-w-historii-kraju-2\/#primaryimage\"},\"thumbnailUrl\":\"https:\/\/siemysli-ke.info\/wp-content\/uploads\/2014\/04\/010417e976.jpg\",\"datePublished\":\"2014-04-21T14:54:02+00:00\",\"dateModified\":\"2014-04-21T14:54:25+00:00\",\"breadcrumb\":{\"@id\":\"https:\/\/siemysli-ke.info\/en\/mundial-nie-cieszy-brazylijczykow-dlatego-wladze-przeznacza-ponad-600-mln-euro-na-jego-ochrone-bedzie-najdrozsza-impreza-w-historii-kraju-2\/#breadcrumb\"},\"inLanguage\":\"en-US\",\"potentialAction\":[{\"@type\":\"ReadAction\",\"target\":[[\"https:\/\/siemysli-ke.info\/en\/mundial-nie-cieszy-brazylijczykow-dlatego-wladze-przeznacza-ponad-600-mln-euro-na-jego-ochrone-bedzie-najdrozsza-impreza-w-historii-kraju-2\/\"]]}]},{\"@type\":\"ImageObject\",\"inLanguage\":\"en-US\",\"@id\":\"https:\/\/siemysli-ke.info\/en\/mundial-nie-cieszy-brazylijczykow-dlatego-wladze-przeznacza-ponad-600-mln-euro-na-jego-ochrone-bedzie-najdrozsza-impreza-w-historii-kraju-2\/#primaryimage\",\"url\":\"https:\/\/siemysli-ke.info\/wp-content\/uploads\/2014\/04\/010417e976.jpg\",\"contentUrl\":\"https:\/\/siemysli-ke.info\/wp-content\/uploads\/2014\/04\/010417e976.jpg\",\"width\":550,\"height\":407},{\"@type\":\"BreadcrumbList\",\"@id\":\"https:\/\/siemysli-ke.info\/en\/mundial-nie-cieszy-brazylijczykow-dlatego-wladze-przeznacza-ponad-600-mln-euro-na-jego-ochrone-bedzie-najdrozsza-impreza-w-historii-kraju-2\/#breadcrumb\",\"itemListElement\":[{\"@type\":\"ListItem\",\"position\":1,\"name\":\"Home\",\"item\":\"https:\/\/siemysli-ke.info\/en\/\"},{\"@type\":\"ListItem\",\"position\":2,\"name\":\"Mundial nie cieszy Brazylijczyk\u00f3w, dlatego w\u0142adze przeznacz\u0105 ponad 600 mln. euro na jego ochron\u0119. B\u0119dzie to najdro\u017csz\u0105 imprez\u0105 w historii kraju\"}]},{\"@type\":\"WebSite\",\"@id\":\"https:\/\/siemysli-ke.info\/en\/#website\",\"url\":\"https:\/\/siemysli-ke.info\/en\/\",\"name\":\"SI\u0118 MY\u015aLI\",\"description\":\"\",\"publisher\":{\"@id\":\"https:\/\/siemysli-ke.info\/en\/#organization\"},\"potentialAction\":[{\"@type\":\"SearchAction\",\"target\":{\"@type\":\"EntryPoint\",\"urlTemplate\":\"https:\/\/siemysli-ke.info\/en\/?s={search_term_string}\"},\"query-input\":{\"@type\":\"PropertyValueSpecification\",\"valueRequired\":true,\"valueName\":\"search_term_string\"}}],\"inLanguage\":\"en-US\"},{\"@type\":\"Organization\",\"@id\":\"https:\/\/siemysli-ke.info\/en\/#organization\",\"name\":\"SI\u0118 MY\u015aLI\",\"url\":\"https:\/\/siemysli-ke.info\/en\/\",\"logo\":{\"@type\":\"ImageObject\",\"inLanguage\":\"en-US\",\"@id\":\"https:\/\/siemysli-ke.info\/en\/#\/schema\/logo\/image\/\",\"url\":\"https:\/\/siemysli-ke.info\/wp-content\/uploads\/2025\/05\/99.png\",\"contentUrl\":\"https:\/\/siemysli-ke.info\/wp-content\/uploads\/2025\/05\/99.png\",\"width\":270,\"height\":204,\"caption\":\"SI\u0118 MY\u015aLI\"},\"image\":{\"@id\":\"https:\/\/siemysli-ke.info\/en\/#\/schema\/logo\/image\/\"}},{\"@type\":\"Person\",\"@id\":\"https:\/\/siemysli-ke.info\/#\/schema\/person\/66d741fa745a44f2fe46d112bc6499f2\",\"name\":\"Jaromir\",\"image\":{\"@type\":\"ImageObject\",\"inLanguage\":\"en-US\",\"@id\":\"https:\/\/siemysli-ke.info\/en\/#\/schema\/person\/image\/\",\"url\":\"https:\/\/secure.gravatar.com\/avatar\/fe881559e8ac8dda20293e9e8317d4678c6ad8f65f85a9ce5e1a87cee56b6198?s=96&d=mm&r=g\",\"contentUrl\":\"https:\/\/secure.gravatar.com\/avatar\/fe881559e8ac8dda20293e9e8317d4678c6ad8f65f85a9ce5e1a87cee56b6198?s=96&d=mm&r=g\",\"caption\":\"Jaromir\"},\"url\":\"https:\/\/siemysli-ke.info\/en\/author\/jaromir\/\"}]}<\/script>\n<!-- \/ Yoast SEO plugin. -->","yoast_head_json":{"title":"Mundial nie cieszy Brazylijczyk\u00f3w, dlatego w\u0142adze przeznacz\u0105 ponad 600 mln. euro na jego ochron\u0119. B\u0119dzie to najdro\u017csz\u0105 imprez\u0105 w historii kraju - SI\u0118 MY\u015aLI","robots":{"index":"index","follow":"follow","max-snippet":"max-snippet:-1","max-image-preview":"max-image-preview:large","max-video-preview":"max-video-preview:-1"},"canonical":"https:\/\/siemysli-ke.info\/en\/mundial-nie-cieszy-brazylijczykow-dlatego-wladze-przeznacza-ponad-600-mln-euro-na-jego-ochrone-bedzie-najdrozsza-impreza-w-historii-kraju-2\/","og_locale":"en_US","og_type":"article","og_title":"Mundial nie cieszy Brazylijczyk\u00f3w, dlatego w\u0142adze przeznacz\u0105 ponad 600 mln. euro na jego ochron\u0119. B\u0119dzie to najdro\u017csz\u0105 imprez\u0105 w historii kraju - SI\u0118 MY\u015aLI","og_description":"Brazylijskie w\u0142adze zamierzaj\u0105 wyda\u0107 rekordow\u0105 sum\u0119 600\u00a0mln. euro\u00a0na ochron\u0119\u00a0i zapewnienie bezpiecze\u0144stwa podczas tegorocznych mistrzostw \u015bwiata\u00a0w\u00a0pi\u0142ce\u00a0no\u017cnej. Do\u00a0ochrony\u00a0mundialu skierowanych zostanie \u0142\u0105cznie 170\u00a0tys.\u00a0pracownik\u00f3w\u00a0s\u0142u\u017cb","og_url":"https:\/\/siemysli-ke.info\/en\/mundial-nie-cieszy-brazylijczykow-dlatego-wladze-przeznacza-ponad-600-mln-euro-na-jego-ochrone-bedzie-najdrozsza-impreza-w-historii-kraju-2\/","og_site_name":"SI\u0118 MY\u015aLI","article_published_time":"2014-04-21T14:54:02+00:00","article_modified_time":"2014-04-21T14:54:25+00:00","og_image":[{"width":550,"height":407,"url":"https:\/\/siemysli-ke.info\/wp-content\/uploads\/2014\/04\/010417e976.jpg","type":"image\/jpeg"}],"author":"Jaromir","twitter_misc":{"Written by":"Jaromir","Est. reading time":"2 minutes"},"schema":{"@context":"https:\/\/schema.org","@graph":[{"@type":"Article","@id":"https:\/\/siemysli-ke.info\/en\/mundial-nie-cieszy-brazylijczykow-dlatego-wladze-przeznacza-ponad-600-mln-euro-na-jego-ochrone-bedzie-najdrozsza-impreza-w-historii-kraju-2\/#article","isPartOf":{"@id":"https:\/\/siemysli-ke.info\/en\/mundial-nie-cieszy-brazylijczykow-dlatego-wladze-przeznacza-ponad-600-mln-euro-na-jego-ochrone-bedzie-najdrozsza-impreza-w-historii-kraju-2\/"},"author":{"name":"Jaromir","@id":"https:\/\/siemysli-ke.info\/#\/schema\/person\/66d741fa745a44f2fe46d112bc6499f2"},"headline":"Mundial nie cieszy Brazylijczyk\u00f3w, dlatego w\u0142adze przeznacz\u0105 ponad 600 mln. euro na jego ochron\u0119. B\u0119dzie to najdro\u017csz\u0105 imprez\u0105 w historii kraju","datePublished":"2014-04-21T14:54:02+00:00","dateModified":"2014-04-21T14:54:25+00:00","mainEntityOfPage":{"@id":"https:\/\/siemysli-ke.info\/en\/mundial-nie-cieszy-brazylijczykow-dlatego-wladze-przeznacza-ponad-600-mln-euro-na-jego-ochrone-bedzie-najdrozsza-impreza-w-historii-kraju-2\/"},"wordCount":481,"commentCount":0,"publisher":{"@id":"https:\/\/siemysli-ke.info\/#organization"},"image":{"@id":"https:\/\/siemysli-ke.info\/en\/mundial-nie-cieszy-brazylijczykow-dlatego-wladze-przeznacza-ponad-600-mln-euro-na-jego-ochrone-bedzie-najdrozsza-impreza-w-historii-kraju-2\/#primaryimage"},"thumbnailUrl":"https:\/\/siemysli-ke.info\/wp-content\/uploads\/2014\/04\/010417e976.jpg","keywords":["Brazylia","protesty spo\u0142eczne"],"articleSection":["Inne"],"inLanguage":"en-US","potentialAction":[{"@type":"CommentAction","name":"Comment","target":["https:\/\/siemysli-ke.info\/en\/mundial-nie-cieszy-brazylijczykow-dlatego-wladze-przeznacza-ponad-600-mln-euro-na-jego-ochrone-bedzie-najdrozsza-impreza-w-historii-kraju-2\/#respond"]}]},{"@type":"WebPage","@id":"https:\/\/siemysli-ke.info\/en\/mundial-nie-cieszy-brazylijczykow-dlatego-wladze-przeznacza-ponad-600-mln-euro-na-jego-ochrone-bedzie-najdrozsza-impreza-w-historii-kraju-2\/","url":"https:\/\/siemysli-ke.info\/en\/mundial-nie-cieszy-brazylijczykow-dlatego-wladze-przeznacza-ponad-600-mln-euro-na-jego-ochrone-bedzie-najdrozsza-impreza-w-historii-kraju-2\/","name":"Mundial nie cieszy Brazylijczyk\u00f3w, dlatego w\u0142adze przeznacz\u0105 ponad 600 mln. euro na jego ochron\u0119. B\u0119dzie to najdro\u017csz\u0105 imprez\u0105 w historii kraju - SI\u0118 MY\u015aLI","isPartOf":{"@id":"https:\/\/siemysli-ke.info\/en\/#website"},"primaryImageOfPage":{"@id":"https:\/\/siemysli-ke.info\/en\/mundial-nie-cieszy-brazylijczykow-dlatego-wladze-przeznacza-ponad-600-mln-euro-na-jego-ochrone-bedzie-najdrozsza-impreza-w-historii-kraju-2\/#primaryimage"},"image":{"@id":"https:\/\/siemysli-ke.info\/en\/mundial-nie-cieszy-brazylijczykow-dlatego-wladze-przeznacza-ponad-600-mln-euro-na-jego-ochrone-bedzie-najdrozsza-impreza-w-historii-kraju-2\/#primaryimage"},"thumbnailUrl":"https:\/\/siemysli-ke.info\/wp-content\/uploads\/2014\/04\/010417e976.jpg","datePublished":"2014-04-21T14:54:02+00:00","dateModified":"2014-04-21T14:54:25+00:00","breadcrumb":{"@id":"https:\/\/siemysli-ke.info\/en\/mundial-nie-cieszy-brazylijczykow-dlatego-wladze-przeznacza-ponad-600-mln-euro-na-jego-ochrone-bedzie-najdrozsza-impreza-w-historii-kraju-2\/#breadcrumb"},"inLanguage":"en-US","potentialAction":[{"@type":"ReadAction","target":[["https:\/\/siemysli-ke.info\/en\/mundial-nie-cieszy-brazylijczykow-dlatego-wladze-przeznacza-ponad-600-mln-euro-na-jego-ochrone-bedzie-najdrozsza-impreza-w-historii-kraju-2\/"]]}]},{"@type":"ImageObject","inLanguage":"en-US","@id":"https:\/\/siemysli-ke.info\/en\/mundial-nie-cieszy-brazylijczykow-dlatego-wladze-przeznacza-ponad-600-mln-euro-na-jego-ochrone-bedzie-najdrozsza-impreza-w-historii-kraju-2\/#primaryimage","url":"https:\/\/siemysli-ke.info\/wp-content\/uploads\/2014\/04\/010417e976.jpg","contentUrl":"https:\/\/siemysli-ke.info\/wp-content\/uploads\/2014\/04\/010417e976.jpg","width":550,"height":407},{"@type":"BreadcrumbList","@id":"https:\/\/siemysli-ke.info\/en\/mundial-nie-cieszy-brazylijczykow-dlatego-wladze-przeznacza-ponad-600-mln-euro-na-jego-ochrone-bedzie-najdrozsza-impreza-w-historii-kraju-2\/#breadcrumb","itemListElement":[{"@type":"ListItem","position":1,"name":"Home","item":"https:\/\/siemysli-ke.info\/en\/"},{"@type":"ListItem","position":2,"name":"Mundial nie cieszy Brazylijczyk\u00f3w, dlatego w\u0142adze przeznacz\u0105 ponad 600 mln. euro na jego ochron\u0119. B\u0119dzie to najdro\u017csz\u0105 imprez\u0105 w historii kraju"}]},{"@type":"WebSite","@id":"https:\/\/siemysli-ke.info\/en\/#website","url":"https:\/\/siemysli-ke.info\/en\/","name":"SI\u0118 MY\u015aLI","description":"","publisher":{"@id":"https:\/\/siemysli-ke.info\/en\/#organization"},"potentialAction":[{"@type":"SearchAction","target":{"@type":"EntryPoint","urlTemplate":"https:\/\/siemysli-ke.info\/en\/?s={search_term_string}"},"query-input":{"@type":"PropertyValueSpecification","valueRequired":true,"valueName":"search_term_string"}}],"inLanguage":"en-US"},{"@type":"Organization","@id":"https:\/\/siemysli-ke.info\/en\/#organization","name":"SI\u0118 MY\u015aLI","url":"https:\/\/siemysli-ke.info\/en\/","logo":{"@type":"ImageObject","inLanguage":"en-US","@id":"https:\/\/siemysli-ke.info\/en\/#\/schema\/logo\/image\/","url":"https:\/\/siemysli-ke.info\/wp-content\/uploads\/2025\/05\/99.png","contentUrl":"https:\/\/siemysli-ke.info\/wp-content\/uploads\/2025\/05\/99.png","width":270,"height":204,"caption":"SI\u0118 MY\u015aLI"},"image":{"@id":"https:\/\/siemysli-ke.info\/en\/#\/schema\/logo\/image\/"}},{"@type":"Person","@id":"https:\/\/siemysli-ke.info\/#\/schema\/person\/66d741fa745a44f2fe46d112bc6499f2","name":"Jaromir","image":{"@type":"ImageObject","inLanguage":"en-US","@id":"https:\/\/siemysli-ke.info\/en\/#\/schema\/person\/image\/","url":"https:\/\/secure.gravatar.com\/avatar\/fe881559e8ac8dda20293e9e8317d4678c6ad8f65f85a9ce5e1a87cee56b6198?s=96&d=mm&r=g","contentUrl":"https:\/\/secure.gravatar.com\/avatar\/fe881559e8ac8dda20293e9e8317d4678c6ad8f65f85a9ce5e1a87cee56b6198?s=96&d=mm&r=g","caption":"Jaromir"},"url":"https:\/\/siemysli-ke.info\/en\/author\/jaromir\/"}]}},"_links":{"self":[{"href":"https:\/\/siemysli-ke.info\/en\/wp-json\/wp\/v2\/posts\/13224","targetHints":{"allow":["GET"]}}],"collection":[{"href":"https:\/\/siemysli-ke.info\/en\/wp-json\/wp\/v2\/posts"}],"about":[{"href":"https:\/\/siemysli-ke.info\/en\/wp-json\/wp\/v2\/types\/post"}],"author":[{"embeddable":true,"href":"https:\/\/siemysli-ke.info\/en\/wp-json\/wp\/v2\/users\/7"}],"replies":[{"embeddable":true,"href":"https:\/\/siemysli-ke.info\/en\/wp-json\/wp\/v2\/comments?post=13224"}],"version-history":[{"count":0,"href":"https:\/\/siemysli-ke.info\/en\/wp-json\/wp\/v2\/posts\/13224\/revisions"}],"wp:featuredmedia":[{"embeddable":true,"href":"https:\/\/siemysli-ke.info\/en\/wp-json\/wp\/v2\/media\/13222"}],"wp:attachment":[{"href":"https:\/\/siemysli-ke.info\/en\/wp-json\/wp\/v2\/media?parent=13224"}],"wp:term":[{"taxonomy":"category","embeddable":true,"href":"https:\/\/siemysli-ke.info\/en\/wp-json\/wp\/v2\/categories?post=13224"},{"taxonomy":"post_tag","embeddable":true,"href":"https:\/\/siemysli-ke.info\/en\/wp-json\/wp\/v2\/tags?post=13224"}],"curies":[{"name":"wp","href":"https:\/\/api.w.org\/{rel}","templated":true}]}}