 {"id":13151,"date":"2014-04-08T00:12:36","date_gmt":"2014-04-07T22:12:36","guid":{"rendered":"http:\/\/www.siemysli.info.ke\/?p=13151"},"modified":"2014-04-08T00:15:53","modified_gmt":"2014-04-07T22:15:53","slug":"polskie-wiersze-z-belgii","status":"publish","type":"post","link":"https:\/\/siemysli-ke.info\/en\/polskie-wiersze-z-belgii\/","title":{"rendered":"Polskie wiersze z Belgii"},"content":{"rendered":"<h2><\/h2>\n<h2><\/h2>\n<h2><\/h2>\n<h2><\/h2>\n<h2>Nie jestem replik\u0105<img decoding=\"async\" class=\"alignleft size-medium wp-image-13152\" alt=\"100_8920\" src=\"http:\/\/www.siemysli.info.ke\/wp-content\/uploads\/2014\/04\/100_8920-300x225.jpg\" width=\"300\" height=\"225\" srcset=\"https:\/\/siemysli-ke.info\/wp-content\/uploads\/2014\/04\/100_8920-300x225.jpg 300w, https:\/\/siemysli-ke.info\/wp-content\/uploads\/2014\/04\/100_8920-1024x768.jpg 1024w\" sizes=\"(max-width: 300px) 100vw, 300px\" \/><\/h2>\n<p>&nbsp;<\/p>\n<p>Trwa marzec, poranek i&#8230; czuj\u0119,<\/p>\n<p>\u017ce&#8230; nie jestem replik\u0105, ani p\u00f3\u0142-<\/p>\n<p>chwil\u0105 czyjego\u015b rozkapryszenia,<\/p>\n<p>nieudan\u0105 pr\u00f3b\u0105 gry w mistrza, bio-<\/p>\n<p>czy nano- androidem bezmy\u015blnym.<\/p>\n<p>&nbsp;<\/p>\n<p>Noc nasza polarna w genach pokole\u0144<\/p>\n<p>wszczepiona dobiega ko\u0144ca.<\/p>\n<p>Chronometr rodzinny o egzystencji<\/p>\n<p>\u015bmie twierdzi\u0107. W Misielanach-<\/p>\n<p>S\u0142awianach, Adelajdzie i Li\u00e8ge.<\/p>\n<p>&nbsp;<\/p>\n<p>Zal\u0105\u017ck\u00f3w r\u00f3\u017canych lekka symfonia<\/p>\n<p>zdrowym po\u0142yskiem spo\u015br\u00f3d s\u0142omisk<\/p>\n<p>staro-zimowych si\u0119 wyprostowuje &#8211;<\/p>\n<p>w nas\u0142onecznieniu Dobrem Odwa\u017cnym.<\/p>\n<p>Powrotu do jaski\u0144 tym razem nie b\u0119dzie.<\/p>\n<p>&nbsp;<\/p>\n<p>Im cia\u015bniej&#8230; Tym przecie\u017c i szerzej!<\/p>\n<p>Im g\u0142o\u015bniej \u2013 to r\u00f3wnie\u017c i ciszej. Wraz<\/p>\n<p>z ziemi d\u017awi\u0119k\u00f3w harmonizacj\u0105<\/p>\n<p>po\u015br\u00f3d rzeczywisto\u015bci sfer nowych<\/p>\n<p>Autentyzmem si\u0119 Stawa\u0107. Mamy prawo.<\/p>\n<p>&nbsp;<\/p>\n<p align=\"right\">08.03.2014, Li\u00e8ge, Belgia<\/p>\n<p>&nbsp;<\/p>\n<h2><b>16 lat \u00abList\u00f3w z daleka\u00bb <\/b><\/h2>\n<p>&nbsp;<\/p>\n<p>Nie pierwszy to raz, nie ostatni<\/p>\n<p>t\u0119sknota nas p\u0119dzi, by potem<\/p>\n<p>wo\u0142a\u0107 z powrotem. Wygna\u0144cami<\/p>\n<p>b\u0119dziemy dla siebie. Intruzami \u2013<\/p>\n<p>dla innych. A dla trzecich zn\u00f3w<\/p>\n<p>tymi \u00ab kt\u00f3rym si\u0119 uda\u0142o \u00bb.<\/p>\n<p>&nbsp;<\/p>\n<p>A my na pomostach \u015bwiat\u00f3w<\/p>\n<p>w dualno\u015bci widmach rozdzierani.<\/p>\n<p>Humanizm-egoizm, idea-pieni\u0105dze.<\/p>\n<p>Raz niby g\u0105bki i latarnie ponownie.<\/p>\n<p>I nie pierwszy to raz, nie ostatni.<\/p>\n<p>&nbsp;<\/p>\n<p>Zla\u0107 si\u0119 w ca\u0142o\u015b\u0107 tubylcz\u0105 bez szmeru.<\/p>\n<p>Czy w\u0142asn\u0105 to\u017csamo\u015b\u0107 obsesyjnie d\u017awiga\u0107?<\/p>\n<p>Nienawidzi\u0107 i kocha\u0107, zdradza\u0107 i wznosi\u0107.<\/p>\n<p>My\u015ble\u0107 jedno a twierdzi\u0107 inne. Polsko\u2026<\/p>\n<p>Czy s\u0142yszysz, Polsko? Te szesna\u015bcie lat<\/p>\n<p>list\u00f3w spisanych \u2013 s\u0105 dla Ciebie, Polsko.<\/p>\n<p>&nbsp;<\/p>\n<p style=\"text-align: right;\">\u00a0Czerwiec 2012, Li\u00e8ge, Belgia<\/p>\n<p>&nbsp;<\/p>\n<h2><img decoding=\"async\" class=\"alignleft size-medium wp-image-13154\" alt=\"100_7807\" src=\"http:\/\/www.siemysli.info.ke\/wp-content\/uploads\/2014\/04\/100_7807-300x225.jpg\" width=\"300\" height=\"225\" srcset=\"https:\/\/siemysli-ke.info\/wp-content\/uploads\/2014\/04\/100_7807-300x225.jpg 300w, https:\/\/siemysli-ke.info\/wp-content\/uploads\/2014\/04\/100_7807.jpg 570w\" sizes=\"(max-width: 300px) 100vw, 300px\" \/><\/h2>\n<h2><\/h2>\n<h2><\/h2>\n<h2><\/h2>\n<h2><\/h2>\n<h2><\/h2>\n<h2><\/h2>\n<h2><\/h2>\n<h2>Geniusze<\/h2>\n<p>&nbsp;<\/p>\n<p>Geniusze si\u0119 rodz\u0105 w rodzinach zwyczajnych.<\/p>\n<p>By w relacjach szurpatych wyostrza\u0107 swe zmys\u0142y.<\/p>\n<p>Jakby ju\u017c z zarania nie byli wystarczaj\u0105co delikatni.<\/p>\n<p>Niepoj\u0119ci przez matki, strofowani przez ojc\u00f3w.<\/p>\n<p>Bezustannej spragnieni mi\u0142o\u015bci jak \u017cycia filar\u00f3w.<\/p>\n<p>&nbsp;<\/p>\n<p>Wobec r\u00f3wie\u015bnik\u00f3w surowi, starsze prze\u015bcigaj\u0105<\/p>\n<p>rodze\u0144stwo. Swej misji nie-dziecka od pocz\u0105tku \u015bwiadomi.<\/p>\n<p>\u0179a\u0107miewaj\u0105cy jak komety, z prawdami jak ostrze no\u017ca.<\/p>\n<p>W przyja\u017aniach oddani i ci\u0119\u017ccy jak kula z o\u0142owiu.<\/p>\n<p>Strachliwe pomroki je jak perz usuwaj\u0105 nerwowo.<\/p>\n<p>&nbsp;<\/p>\n<p>D\u017awigni\u0105 s\u0105 rodzin i narod\u00f3w korekt\u0105. Planet<\/p>\n<p>roz\u015bwietlonych jasnowidz\u0105cymi si\u0119 staj\u0105 g\u0142osami.<\/p>\n<p>Wystrzelon\u0105 energi\u0105 p\u0119dz\u0105cego wprz\u00f3d wszech\u015bwiata.<\/p>\n<p>Ambitni jak kolosy. A wra\u017cliwi jak dziecko.<\/p>\n<p>Horyzonty roziskrzone ich wygl\u0105daj\u0105. Jak znak\u00f3w. Jak ikon.<\/p>\n<p>&nbsp;<\/p>\n<p>&nbsp;<\/p>\n<p align=\"right\">1. grudnia 2013, Belgia<\/p>\n<p>&nbsp;<\/p>\n<p>&nbsp;<\/p>\n<h2>Taniec komar\u00f3w<\/h2>\n<p>&nbsp;<\/p>\n<p>Czasami cz\u0142owiek<\/p>\n<p>rusza spacerkiem do lasu.<\/p>\n<p>Na rozja\u015bnionej siada<\/p>\n<p>polanie. My\u015bli \u017ce<\/p>\n<p>luty wiosennie pi\u0119kny.<\/p>\n<p>I kontempluje taniec<\/p>\n<p>komar\u00f3w. I to te\u017c<\/p>\n<p>si\u0119 \u017cyciem nazywa.<\/p>\n<p>&nbsp;<\/p>\n<p>&nbsp;<\/p>\n<p>&nbsp;<\/p>\n<p><a href=\"http:\/\/www.siemysli.info.ke\/wp-content\/uploads\/2014\/04\/100_6975.jpg\" rel=\"lightbox[13151]\"><img decoding=\"async\" class=\"alignleft size-medium wp-image-13156\" alt=\"100_6975\" src=\"http:\/\/www.siemysli.info.ke\/wp-content\/uploads\/2014\/04\/100_6975-225x300.jpg\" width=\"225\" height=\"300\" srcset=\"https:\/\/siemysli-ke.info\/wp-content\/uploads\/2014\/04\/100_6975-225x300.jpg 225w, https:\/\/siemysli-ke.info\/wp-content\/uploads\/2014\/04\/100_6975-768x1024.jpg 768w, https:\/\/siemysli-ke.info\/wp-content\/uploads\/2014\/04\/100_6975.jpg 1932w\" sizes=\"(max-width: 225px) 100vw, 225px\" \/><\/a><\/p>\n<p>&nbsp;<\/p>\n<p>&nbsp;<\/p>\n<p align=\"right\">22.02 2014<\/p>\n<h2 style=\"text-align: right;\">Leokadia Komaiszko<\/h2>\n<p>&nbsp;<\/p>\n<p>&nbsp;<\/p>\n<p>&nbsp;<\/p>\n<p>&nbsp;<\/p>\n<p>&nbsp;<\/p>\n","protected":false},"excerpt":{"rendered":"<p>Nie jestem replik\u0105 &nbsp; Trwa marzec, poranek i&#8230; czuj\u0119, \u017ce&#8230; nie jestem replik\u0105, ani p\u00f3\u0142- chwil\u0105 czyjego\u015b rozkapryszenia, nieudan\u0105 pr\u00f3b\u0105<\/p>\n","protected":false},"author":3,"featured_media":0,"comment_status":"open","ping_status":"open","sticky":false,"template":"","format":"standard","meta":{"colormag_page_layout":"default_layout","footnotes":""},"categories":[3,81],"tags":[953,955,621,954,203,956,625],"class_list":["post-13151","post","type-post","status-publish","format-standard","hentry","category-kultura","category-rzeczpospolita","tag-belgia","tag-ikony","tag-leokadia-komaiszko","tag-liege","tag-polska","tag-wiersze","tag-listy-z-daleka"],"yoast_head":"<!-- This site is optimized with the Yoast SEO plugin v25.1 - https:\/\/yoast.com\/wordpress\/plugins\/seo\/ -->\n<title>Polskie wiersze z Belgii - SI\u0118 MY\u015aLI<\/title>\n<meta name=\"robots\" content=\"index, follow, max-snippet:-1, max-image-preview:large, max-video-preview:-1\" \/>\n<link rel=\"canonical\" href=\"https:\/\/siemysli-ke.info\/en\/polskie-wiersze-z-belgii\/\" \/>\n<meta property=\"og:locale\" content=\"en_US\" \/>\n<meta property=\"og:type\" content=\"article\" \/>\n<meta property=\"og:title\" content=\"Polskie wiersze z Belgii - SI\u0118 MY\u015aLI\" \/>\n<meta property=\"og:description\" content=\"Nie jestem replik\u0105 &nbsp; Trwa marzec, poranek i&#8230; czuj\u0119, \u017ce&#8230; nie jestem replik\u0105, ani p\u00f3\u0142- chwil\u0105 czyjego\u015b rozkapryszenia, nieudan\u0105 pr\u00f3b\u0105\" \/>\n<meta property=\"og:url\" content=\"https:\/\/siemysli-ke.info\/en\/polskie-wiersze-z-belgii\/\" \/>\n<meta property=\"og:site_name\" content=\"SI\u0118 MY\u015aLI\" \/>\n<meta property=\"article:published_time\" content=\"2014-04-07T22:12:36+00:00\" \/>\n<meta property=\"article:modified_time\" content=\"2014-04-07T22:15:53+00:00\" \/>\n<meta property=\"og:image\" content=\"http:\/\/www.siemysli.info.ke\/wp-content\/uploads\/2014\/04\/100_8920-300x225.jpg\" \/>\n<meta name=\"author\" content=\"...\" \/>\n<meta name=\"twitter:label1\" content=\"Written by\" \/>\n\t<meta name=\"twitter:data1\" content=\"...\" \/>\n\t<meta name=\"twitter:label2\" content=\"Est. reading time\" \/>\n\t<meta name=\"twitter:data2\" content=\"2 minutes\" \/>\n<script type=\"application\/ld+json\" class=\"yoast-schema-graph\">{\"@context\":\"https:\/\/schema.org\",\"@graph\":[{\"@type\":\"Article\",\"@id\":\"https:\/\/siemysli-ke.info\/en\/polskie-wiersze-z-belgii\/#article\",\"isPartOf\":{\"@id\":\"https:\/\/siemysli-ke.info\/en\/polskie-wiersze-z-belgii\/\"},\"author\":{\"name\":\"...\",\"@id\":\"https:\/\/siemysli-ke.info\/#\/schema\/person\/75326687448d6abf738b156f56385210\"},\"headline\":\"Polskie wiersze z Belgii\",\"datePublished\":\"2014-04-07T22:12:36+00:00\",\"dateModified\":\"2014-04-07T22:15:53+00:00\",\"mainEntityOfPage\":{\"@id\":\"https:\/\/siemysli-ke.info\/en\/polskie-wiersze-z-belgii\/\"},\"wordCount\":447,\"commentCount\":0,\"publisher\":{\"@id\":\"https:\/\/siemysli-ke.info\/#organization\"},\"image\":{\"@id\":\"https:\/\/siemysli-ke.info\/en\/polskie-wiersze-z-belgii\/#primaryimage\"},\"thumbnailUrl\":\"http:\/\/www.siemysli.info.ke\/wp-content\/uploads\/2014\/04\/100_8920-300x225.jpg\",\"keywords\":[\"Belgia\",\"ikony\",\"Leokadia Komaiszko\",\"Li\u00e8ge\",\"Polska\",\"wiersze\",\"\u201eListy z daleka\u201d\"],\"articleSection\":[\"Kultura\",\"Rzeczypospolita\"],\"inLanguage\":\"en-US\",\"potentialAction\":[{\"@type\":\"CommentAction\",\"name\":\"Comment\",\"target\":[\"https:\/\/siemysli-ke.info\/en\/polskie-wiersze-z-belgii\/#respond\"]}]},{\"@type\":\"WebPage\",\"@id\":\"https:\/\/siemysli-ke.info\/en\/polskie-wiersze-z-belgii\/\",\"url\":\"https:\/\/siemysli-ke.info\/en\/polskie-wiersze-z-belgii\/\",\"name\":\"Polskie wiersze z Belgii - SI\u0118 MY\u015aLI\",\"isPartOf\":{\"@id\":\"https:\/\/siemysli-ke.info\/en\/#website\"},\"primaryImageOfPage\":{\"@id\":\"https:\/\/siemysli-ke.info\/en\/polskie-wiersze-z-belgii\/#primaryimage\"},\"image\":{\"@id\":\"https:\/\/siemysli-ke.info\/en\/polskie-wiersze-z-belgii\/#primaryimage\"},\"thumbnailUrl\":\"http:\/\/www.siemysli.info.ke\/wp-content\/uploads\/2014\/04\/100_8920-300x225.jpg\",\"datePublished\":\"2014-04-07T22:12:36+00:00\",\"dateModified\":\"2014-04-07T22:15:53+00:00\",\"breadcrumb\":{\"@id\":\"https:\/\/siemysli-ke.info\/en\/polskie-wiersze-z-belgii\/#breadcrumb\"},\"inLanguage\":\"en-US\",\"potentialAction\":[{\"@type\":\"ReadAction\",\"target\":[[\"https:\/\/siemysli-ke.info\/en\/polskie-wiersze-z-belgii\/\"]]}]},{\"@type\":\"ImageObject\",\"inLanguage\":\"en-US\",\"@id\":\"https:\/\/siemysli-ke.info\/en\/polskie-wiersze-z-belgii\/#primaryimage\",\"url\":\"http:\/\/www.siemysli.info.ke\/wp-content\/uploads\/2014\/04\/100_8920-300x225.jpg\",\"contentUrl\":\"http:\/\/www.siemysli.info.ke\/wp-content\/uploads\/2014\/04\/100_8920-300x225.jpg\"},{\"@type\":\"BreadcrumbList\",\"@id\":\"https:\/\/siemysli-ke.info\/en\/polskie-wiersze-z-belgii\/#breadcrumb\",\"itemListElement\":[{\"@type\":\"ListItem\",\"position\":1,\"name\":\"Home\",\"item\":\"https:\/\/siemysli-ke.info\/en\/\"},{\"@type\":\"ListItem\",\"position\":2,\"name\":\"Polskie wiersze z Belgii\"}]},{\"@type\":\"WebSite\",\"@id\":\"https:\/\/siemysli-ke.info\/en\/#website\",\"url\":\"https:\/\/siemysli-ke.info\/en\/\",\"name\":\"SI\u0118 MY\u015aLI\",\"description\":\"\",\"publisher\":{\"@id\":\"https:\/\/siemysli-ke.info\/en\/#organization\"},\"potentialAction\":[{\"@type\":\"SearchAction\",\"target\":{\"@type\":\"EntryPoint\",\"urlTemplate\":\"https:\/\/siemysli-ke.info\/en\/?s={search_term_string}\"},\"query-input\":{\"@type\":\"PropertyValueSpecification\",\"valueRequired\":true,\"valueName\":\"search_term_string\"}}],\"inLanguage\":\"en-US\"},{\"@type\":\"Organization\",\"@id\":\"https:\/\/siemysli-ke.info\/en\/#organization\",\"name\":\"SI\u0118 MY\u015aLI\",\"url\":\"https:\/\/siemysli-ke.info\/en\/\",\"logo\":{\"@type\":\"ImageObject\",\"inLanguage\":\"en-US\",\"@id\":\"https:\/\/siemysli-ke.info\/en\/#\/schema\/logo\/image\/\",\"url\":\"https:\/\/siemysli-ke.info\/wp-content\/uploads\/2025\/05\/99.png\",\"contentUrl\":\"https:\/\/siemysli-ke.info\/wp-content\/uploads\/2025\/05\/99.png\",\"width\":270,\"height\":204,\"caption\":\"SI\u0118 MY\u015aLI\"},\"image\":{\"@id\":\"https:\/\/siemysli-ke.info\/en\/#\/schema\/logo\/image\/\"}},{\"@type\":\"Person\",\"@id\":\"https:\/\/siemysli-ke.info\/#\/schema\/person\/75326687448d6abf738b156f56385210\",\"name\":\"...\",\"image\":{\"@type\":\"ImageObject\",\"inLanguage\":\"en-US\",\"@id\":\"https:\/\/siemysli-ke.info\/en\/#\/schema\/person\/image\/\",\"url\":\"https:\/\/secure.gravatar.com\/avatar\/33a3c2559155e1b4add65cf88cafda785aeb920f44b97c7055b07866ab5b13c2?s=96&d=mm&r=g\",\"contentUrl\":\"https:\/\/secure.gravatar.com\/avatar\/33a3c2559155e1b4add65cf88cafda785aeb920f44b97c7055b07866ab5b13c2?s=96&d=mm&r=g\",\"caption\":\"...\"},\"url\":\"https:\/\/siemysli-ke.info\/en\/author\/lele\/\"}]}<\/script>\n<!-- \/ Yoast SEO plugin. -->","yoast_head_json":{"title":"Polskie wiersze z Belgii - SI\u0118 MY\u015aLI","robots":{"index":"index","follow":"follow","max-snippet":"max-snippet:-1","max-image-preview":"max-image-preview:large","max-video-preview":"max-video-preview:-1"},"canonical":"https:\/\/siemysli-ke.info\/en\/polskie-wiersze-z-belgii\/","og_locale":"en_US","og_type":"article","og_title":"Polskie wiersze z Belgii - SI\u0118 MY\u015aLI","og_description":"Nie jestem replik\u0105 &nbsp; Trwa marzec, poranek i&#8230; czuj\u0119, \u017ce&#8230; nie jestem replik\u0105, ani p\u00f3\u0142- chwil\u0105 czyjego\u015b rozkapryszenia, nieudan\u0105 pr\u00f3b\u0105","og_url":"https:\/\/siemysli-ke.info\/en\/polskie-wiersze-z-belgii\/","og_site_name":"SI\u0118 MY\u015aLI","article_published_time":"2014-04-07T22:12:36+00:00","article_modified_time":"2014-04-07T22:15:53+00:00","og_image":[{"url":"http:\/\/www.siemysli.info.ke\/wp-content\/uploads\/2014\/04\/100_8920-300x225.jpg","type":"","width":"","height":""}],"author":"...","twitter_misc":{"Written by":"...","Est. reading time":"2 minutes"},"schema":{"@context":"https:\/\/schema.org","@graph":[{"@type":"Article","@id":"https:\/\/siemysli-ke.info\/en\/polskie-wiersze-z-belgii\/#article","isPartOf":{"@id":"https:\/\/siemysli-ke.info\/en\/polskie-wiersze-z-belgii\/"},"author":{"name":"...","@id":"https:\/\/siemysli-ke.info\/#\/schema\/person\/75326687448d6abf738b156f56385210"},"headline":"Polskie wiersze z Belgii","datePublished":"2014-04-07T22:12:36+00:00","dateModified":"2014-04-07T22:15:53+00:00","mainEntityOfPage":{"@id":"https:\/\/siemysli-ke.info\/en\/polskie-wiersze-z-belgii\/"},"wordCount":447,"commentCount":0,"publisher":{"@id":"https:\/\/siemysli-ke.info\/#organization"},"image":{"@id":"https:\/\/siemysli-ke.info\/en\/polskie-wiersze-z-belgii\/#primaryimage"},"thumbnailUrl":"http:\/\/www.siemysli.info.ke\/wp-content\/uploads\/2014\/04\/100_8920-300x225.jpg","keywords":["Belgia","ikony","Leokadia Komaiszko","Li\u00e8ge","Polska","wiersze","\u201eListy z daleka\u201d"],"articleSection":["Kultura","Rzeczypospolita"],"inLanguage":"en-US","potentialAction":[{"@type":"CommentAction","name":"Comment","target":["https:\/\/siemysli-ke.info\/en\/polskie-wiersze-z-belgii\/#respond"]}]},{"@type":"WebPage","@id":"https:\/\/siemysli-ke.info\/en\/polskie-wiersze-z-belgii\/","url":"https:\/\/siemysli-ke.info\/en\/polskie-wiersze-z-belgii\/","name":"Polskie wiersze z Belgii - SI\u0118 MY\u015aLI","isPartOf":{"@id":"https:\/\/siemysli-ke.info\/en\/#website"},"primaryImageOfPage":{"@id":"https:\/\/siemysli-ke.info\/en\/polskie-wiersze-z-belgii\/#primaryimage"},"image":{"@id":"https:\/\/siemysli-ke.info\/en\/polskie-wiersze-z-belgii\/#primaryimage"},"thumbnailUrl":"http:\/\/www.siemysli.info.ke\/wp-content\/uploads\/2014\/04\/100_8920-300x225.jpg","datePublished":"2014-04-07T22:12:36+00:00","dateModified":"2014-04-07T22:15:53+00:00","breadcrumb":{"@id":"https:\/\/siemysli-ke.info\/en\/polskie-wiersze-z-belgii\/#breadcrumb"},"inLanguage":"en-US","potentialAction":[{"@type":"ReadAction","target":[["https:\/\/siemysli-ke.info\/en\/polskie-wiersze-z-belgii\/"]]}]},{"@type":"ImageObject","inLanguage":"en-US","@id":"https:\/\/siemysli-ke.info\/en\/polskie-wiersze-z-belgii\/#primaryimage","url":"http:\/\/www.siemysli.info.ke\/wp-content\/uploads\/2014\/04\/100_8920-300x225.jpg","contentUrl":"http:\/\/www.siemysli.info.ke\/wp-content\/uploads\/2014\/04\/100_8920-300x225.jpg"},{"@type":"BreadcrumbList","@id":"https:\/\/siemysli-ke.info\/en\/polskie-wiersze-z-belgii\/#breadcrumb","itemListElement":[{"@type":"ListItem","position":1,"name":"Home","item":"https:\/\/siemysli-ke.info\/en\/"},{"@type":"ListItem","position":2,"name":"Polskie wiersze z Belgii"}]},{"@type":"WebSite","@id":"https:\/\/siemysli-ke.info\/en\/#website","url":"https:\/\/siemysli-ke.info\/en\/","name":"SI\u0118 MY\u015aLI","description":"","publisher":{"@id":"https:\/\/siemysli-ke.info\/en\/#organization"},"potentialAction":[{"@type":"SearchAction","target":{"@type":"EntryPoint","urlTemplate":"https:\/\/siemysli-ke.info\/en\/?s={search_term_string}"},"query-input":{"@type":"PropertyValueSpecification","valueRequired":true,"valueName":"search_term_string"}}],"inLanguage":"en-US"},{"@type":"Organization","@id":"https:\/\/siemysli-ke.info\/en\/#organization","name":"SI\u0118 MY\u015aLI","url":"https:\/\/siemysli-ke.info\/en\/","logo":{"@type":"ImageObject","inLanguage":"en-US","@id":"https:\/\/siemysli-ke.info\/en\/#\/schema\/logo\/image\/","url":"https:\/\/siemysli-ke.info\/wp-content\/uploads\/2025\/05\/99.png","contentUrl":"https:\/\/siemysli-ke.info\/wp-content\/uploads\/2025\/05\/99.png","width":270,"height":204,"caption":"SI\u0118 MY\u015aLI"},"image":{"@id":"https:\/\/siemysli-ke.info\/en\/#\/schema\/logo\/image\/"}},{"@type":"Person","@id":"https:\/\/siemysli-ke.info\/#\/schema\/person\/75326687448d6abf738b156f56385210","name":"...","image":{"@type":"ImageObject","inLanguage":"en-US","@id":"https:\/\/siemysli-ke.info\/en\/#\/schema\/person\/image\/","url":"https:\/\/secure.gravatar.com\/avatar\/33a3c2559155e1b4add65cf88cafda785aeb920f44b97c7055b07866ab5b13c2?s=96&d=mm&r=g","contentUrl":"https:\/\/secure.gravatar.com\/avatar\/33a3c2559155e1b4add65cf88cafda785aeb920f44b97c7055b07866ab5b13c2?s=96&d=mm&r=g","caption":"..."},"url":"https:\/\/siemysli-ke.info\/en\/author\/lele\/"}]}},"_links":{"self":[{"href":"https:\/\/siemysli-ke.info\/en\/wp-json\/wp\/v2\/posts\/13151","targetHints":{"allow":["GET"]}}],"collection":[{"href":"https:\/\/siemysli-ke.info\/en\/wp-json\/wp\/v2\/posts"}],"about":[{"href":"https:\/\/siemysli-ke.info\/en\/wp-json\/wp\/v2\/types\/post"}],"author":[{"embeddable":true,"href":"https:\/\/siemysli-ke.info\/en\/wp-json\/wp\/v2\/users\/3"}],"replies":[{"embeddable":true,"href":"https:\/\/siemysli-ke.info\/en\/wp-json\/wp\/v2\/comments?post=13151"}],"version-history":[{"count":0,"href":"https:\/\/siemysli-ke.info\/en\/wp-json\/wp\/v2\/posts\/13151\/revisions"}],"wp:attachment":[{"href":"https:\/\/siemysli-ke.info\/en\/wp-json\/wp\/v2\/media?parent=13151"}],"wp:term":[{"taxonomy":"category","embeddable":true,"href":"https:\/\/siemysli-ke.info\/en\/wp-json\/wp\/v2\/categories?post=13151"},{"taxonomy":"post_tag","embeddable":true,"href":"https:\/\/siemysli-ke.info\/en\/wp-json\/wp\/v2\/tags?post=13151"}],"curies":[{"name":"wp","href":"https:\/\/api.w.org\/{rel}","templated":true}]}}