 {"id":10317,"date":"2011-11-05T15:59:33","date_gmt":"2011-11-05T15:59:33","guid":{"rendered":"http:\/\/www.bezjarzmowie.info.ke\/test\/?p=602"},"modified":"2013-11-13T23:13:25","modified_gmt":"2013-11-13T22:13:25","slug":"katarzyna-piotrowska-i-jej-poezja-2","status":"publish","type":"post","link":"https:\/\/siemysli-ke.info\/en\/katarzyna-piotrowska-i-jej-poezja-2\/","title":{"rendered":"Katarzyna Piotrowska i jej poezja"},"content":{"rendered":"<p style=\"text-align: justify;\"><span style=\"font-size: x-small;\"><strong>\u00a0<\/strong><\/span><\/p>\n<p style=\"text-align: justify;\"><span style=\"font-size: x-small;\"><a href=\"http:\/\/www.bezjarzmowie.info.ke\/test\/wp-content\/uploads\/2011\/11\/Katarzyna-Piotrowska.jpg\" rel=\"lightbox[10317]\"><img decoding=\"async\" class=\"alignleft size-thumbnail wp-image-612\" style=\"float: left; margin-left: 5px; margin-right: 5px;\" title=\"Katarzyna Piotrowska\" alt=\"\" src=\"http:\/\/www.bezjarzmowie.info.ke\/test\/wp-content\/uploads\/2011\/11\/Katarzyna-Piotrowska-150x150.jpg\" width=\"150\" height=\"150\" \/><\/a>Trudno mi odtworzy\u0107 w pami\u0119ci, czy z wierszami Katarzyny po raz pierwszy mia\u0142em okazj\u0119 zapozna\u0107 si\u0119 dzi\u0119ki Vandzie Zakrzewskiej czy poprzez \u0141ucj\u0119 P\u0142awsk\u0105 \u2013 naczeln\u0105 i edytork\u0119 najciekawszego art-zine\u2019a, kt\u00f3ry ukazywa\u0142 si\u0119 w RP, czyli \u0142\u00f3dzkiej \u201eKonstelacji Cienia\u201d. Albo \u2013 albo. Pisywali\u015bmy do \u201eKonstelacji&#8230;\u201d wszyscy, a wsp\u00f3\u0142pracowa\u0142o si\u0119 z pismem rewelacyjnie. Potem \u0141ucja \u201ezanik\u0142a\u201d, Vanda zamieszka\u0142a w Chinach i na rodzimym polu poetyckiego boju pozosta\u0142a Katarzyna.<\/span><\/p>\n<p style=\"text-align: justify;\"><span style=\"font-size: x-small;\">Nim przestali\u015bmy redagowa\u0107 \u201eUlic\u0119 Wszystkich \u015awi\u0119tych\u201d, w wersji internetowej pojawi\u0142o si\u0119 kilka ksi\u0105\u017cek \u201enaszych\u201d autor\u00f3w, mi\u0119dzy innymi tomik tw\u00f3rczyni z Ole\u015bnicy.<\/span><\/p>\n<p style=\"text-align: justify;\"><span style=\"font-size: x-small;\">Kilka lat min\u0119\u0142o, a nowe wiersze Katarzyny czekaj\u0105 na Czytelnik\u00f3w. Chcemy je teraz zaproponowa\u0107&#8230;\u00a0<\/span><\/p>\n<p style=\"text-align: right;\" align=\"right\"><span style=\"font-size: x-small;\"><strong>Lech L. Przychodzki<\/strong><\/span><\/p>\n<p align=\"right\"><span style=\"font-size: x-small;\">\u00a0<\/span><\/p>\n<p align=\"right\"><span style=\"font-size: x-small;\"><!--more-->\u00a0<\/span><\/p>\n<p><span style=\"font-size: x-small;\"><strong>Z cyklu \u201eSzkice rycerskie\u201d<\/strong><\/span><\/p>\n<p><span style=\"font-size: x-small;\">\u00a0<\/span><\/p>\n<h1><span style=\"font-size: x-small;\">x x x<\/span><\/h1>\n<p><span style=\"font-size: x-small;\">\u00a0<\/span><\/p>\n<p><span style=\"font-size: x-small;\">w walce<\/span><\/p>\n<p><span style=\"font-size: x-small;\">krzy\u017cuj\u0105 si\u0119<\/span><\/p>\n<p><span style=\"font-size: x-small;\">nasze miecze<\/span><\/p>\n<p><span style=\"font-size: x-small;\">\u00a0<\/span><\/p>\n<p><span style=\"font-size: x-small;\">i \u015bmier\u0107<\/span><\/p>\n<p><span style=\"font-size: x-small;\">mi\u0119dzy nami<\/span><\/p>\n<p><span style=\"font-size: x-small;\">ta\u0144czy<\/span><\/p>\n<p><span style=\"font-size: x-small;\">\u00a0<\/span><\/p>\n<p><span style=\"font-size: x-small;\">nie patrz\u0119 ci w oczy<\/span><\/p>\n<p><span style=\"font-size: x-small;\">nie patrzysz mi w oczy<\/span><\/p>\n<p><span style=\"font-size: x-small;\">\u00a0<\/span><\/p>\n<p><span style=\"font-size: x-small;\">mi\u0119dzy nami<\/span><\/p>\n<p><span style=\"font-size: x-small;\">nie ma miejsca<\/span><\/p>\n<p><span style=\"font-size: x-small;\">na s\u0142abo\u015b\u0107<\/span><\/p>\n<p><span style=\"font-size: x-small;\"><br \/>\n<\/span><\/p>\n<p><span style=\"font-size: x-small;\">rycerz<\/span><\/p>\n<p><span style=\"font-size: x-small;\">nie mo\u017ce<\/span><\/p>\n<p><span style=\"font-size: x-small;\">kocha\u0107<\/span><\/p>\n<p><span style=\"font-size: x-small;\">\u00a0<\/span><\/p>\n<p><span style=\"font-size: x-small;\">on musi zabija\u0107<\/span><\/p>\n<p><span style=\"font-size: x-small;\">i nie da\u0107 si\u0119 zabi\u0107<\/span><\/p>\n<p><span style=\"font-size: x-small;\">\u00a0<\/span><\/p>\n<p><span style=\"font-size: x-small;\">i jeszcze&#8230;<\/span><\/p>\n<p><span style=\"font-size: x-small;\">nie wolno mu<\/span><\/p>\n<p><span style=\"font-size: x-small;\">\u017ca\u0142owa\u0107<\/span><\/p>\n<p><span style=\"font-size: x-small;\">\u00a0<\/span><\/p>\n<p><span style=\"font-size: x-small;\">wi\u0119c nie \u017ca\u0142ujmy<\/span><\/p>\n<p><span style=\"font-size: x-small;\">\u00a0<\/span><\/p>\n<p><span style=\"font-size: x-small;\">nie szcz\u0119d\u017amy sobie<\/span><\/p>\n<p><span style=\"font-size: x-small;\">ostrza<\/span><\/p>\n<p><span style=\"font-size: x-small;\">\u00a0<\/span><\/p>\n<p><span style=\"font-size: x-small;\">ani \u015bmierci z\u0142aknionej<\/span><\/p>\n<p><span style=\"font-size: x-small;\">\u00a0<\/span><\/p>\n<p><span style=\"font-size: x-small;\">niech ta\u0144czy<\/span><\/p>\n<p><span style=\"font-size: x-small;\">\u00a0<\/span><\/p>\n<p><span style=\"font-size: x-small;\">niech w nas<\/span><\/p>\n<p><span style=\"font-size: x-small;\">ta\u0144czy<\/span><\/p>\n<p><span style=\"font-size: x-small;\">\u00a0<\/span><\/p>\n<p><span style=\"font-size: x-small;\">szalona<\/span><\/p>\n<p><span style=\"font-size: x-small;\">\u00a0<\/span><\/p>\n<p><span style=\"font-size: x-small;\">\u00a0<\/span><\/p>\n<p><span style=\"font-size: x-small;\"><strong>x x x<\/strong><\/span><\/p>\n<p><span style=\"font-size: x-small;\">\u00a0<\/span><\/p>\n<p><span style=\"font-size: x-small;\">dogasa ognisko<\/span><\/p>\n<p><span style=\"font-size: x-small;\">\u00a0<\/span><\/p>\n<p><span style=\"font-size: x-small;\">sen spada<\/span><\/p>\n<p><span style=\"font-size: x-small;\">na strudzonych bojem<\/span><\/p>\n<p><span style=\"font-size: x-small;\">\u00a0<\/span><\/p>\n<p><span style=\"font-size: x-small;\">nikt ju\u017c nie s\u0142yszy<\/span><\/p>\n<p><span style=\"font-size: x-small;\">j\u0119k\u00f3w konaj\u0105cych<\/span><\/p>\n<p><span style=\"font-size: x-small;\">\u00a0<\/span><\/p>\n<p><span style=\"font-size: x-small;\">ich rany nadaremne<\/span><\/p>\n<p><span style=\"font-size: x-small;\">\u00a0<\/span><\/p>\n<p><span style=\"font-size: x-small;\">ich krew poj\u0105ca ziemi\u0119<\/span><\/p>\n<p><span style=\"font-size: x-small;\">na nic<\/span><\/p>\n<p><span style=\"font-size: x-small;\">\u00a0<\/span><\/p>\n<p><span style=\"font-size: x-small;\">b\u0119d\u0105 gin\u0105\u0107<\/span><\/p>\n<p><span style=\"font-size: x-small;\">\u00a0<\/span><\/p>\n<p><span style=\"font-size: x-small;\">a ja i tak<\/span><\/p>\n<p><span style=\"font-size: x-small;\">nie zasn\u0119<\/span><\/p>\n<p><span style=\"font-size: x-small;\">\u00a0<\/span><\/p>\n<p><span style=\"font-size: x-small;\">oddadz\u0105 \u017cycie za mnie<\/span><\/p>\n<p><span style=\"font-size: x-small;\">\u00a0<\/span><\/p>\n<p><span style=\"font-size: x-small;\">a ja b\u0119d\u0119<\/span><\/p>\n<p><span style=\"font-size: x-small;\">nadal martwa<\/span><\/p>\n<p><span style=\"font-size: x-small;\">\u00a0<\/span><\/p>\n<p><span style=\"font-size: x-small;\">z\u0142o\u017c\u0105 swe dusze<\/span><\/p>\n<p><span style=\"font-size: x-small;\">\u00a0<\/span><\/p>\n<p><span style=\"font-size: x-small;\">a ja i tak<\/span><\/p>\n<p><span style=\"font-size: x-small;\">nie zmartwychwstan\u0119<\/span><\/p>\n<p><span style=\"font-size: x-small;\">\u00a0<\/span><\/p>\n<p><span style=\"font-size: x-small;\">czas by odeszli<\/span><\/p>\n<p><span style=\"font-size: x-small;\">\u00a0<\/span><\/p>\n<p><span style=\"font-size: x-small;\">samotnie musz\u0119 i\u015b\u0107<\/span><\/p>\n<p><span style=\"font-size: x-small;\">w ten b\u00f3j<\/span><\/p>\n<p><span style=\"font-size: x-small;\">\u00a0<\/span><\/p>\n<p><span style=\"font-size: x-small;\">sama<\/span><\/p>\n<p><span style=\"font-size: x-small;\">naprzeciw twej armii<\/span><\/p>\n<p><span style=\"font-size: x-small;\">\u00a0<\/span><\/p>\n<p><span style=\"font-size: x-small;\"><strong>x x x<\/strong><\/span><\/p>\n<p><span style=\"font-size: x-small;\">\u00a0<\/span><\/p>\n<p><span style=\"font-size: x-small;\">moje wilki s\u0105 g\u0142odne<\/span><\/p>\n<p><span style=\"font-size: x-small;\">\u00a0<\/span><\/p>\n<p><span style=\"font-size: x-small;\">twoi \u017co\u0142nierze tak\u017ce<\/span><\/p>\n<p><span style=\"font-size: x-small;\">\u00a0<\/span><\/p>\n<p><span style=\"font-size: x-small;\">zapach krwi<\/span><\/p>\n<p><span style=\"font-size: x-small;\">unosi si\u0119 wsz\u0119dzie<\/span><\/p>\n<p><span style=\"font-size: x-small;\">\u00a0<\/span><\/p>\n<p><span style=\"font-size: x-small;\">ilu jeszcze zginie<\/span><\/p>\n<p><span style=\"font-size: x-small;\">\u00a0<\/span><\/p>\n<p><span style=\"font-size: x-small;\">zanim m\u00f3j miecz<\/span><\/p>\n<p><span style=\"font-size: x-small;\">skrzy\u017cuje si\u0119<\/span><\/p>\n<p><span style=\"font-size: x-small;\">z twoim<\/span><\/p>\n<p><span style=\"font-size: x-small;\">\u00a0<\/span><\/p>\n<p><span style=\"font-size: x-small;\">nim nastanie<\/span><\/p>\n<p><span style=\"font-size: x-small;\">pok\u00f3j w mym sercu<\/span><\/p>\n<p><span style=\"font-size: x-small;\">\u00a0<\/span><\/p>\n<p><span style=\"font-size: x-small;\">ilu jeszcze<\/span><\/p>\n<p><span style=\"font-size: x-small;\">\u00a0<\/span><\/p>\n<p><span style=\"font-size: x-small;\">Panie&#8230;<\/span><\/p>\n<p><span style=\"font-size: x-small;\">\u00a0<\/span><\/p>\n<p><span style=\"font-size: x-small;\"><strong>x x x <\/strong><\/span><\/p>\n<p><span style=\"font-size: x-small;\">\u00a0<\/span><\/p>\n<p><span style=\"font-size: x-small;\">ostatnia wieczerza<\/span><\/p>\n<p><span style=\"font-size: x-small;\">w twojej niewoli<\/span><\/p>\n<p><span style=\"font-size: x-small;\">\u00a0<\/span><\/p>\n<p><span style=\"font-size: x-small;\">dzielisz milczeniem<\/span><\/p>\n<p><span style=\"font-size: x-small;\">jakoby chlebem<\/span><\/p>\n<p><span style=\"font-size: x-small;\">\u00a0<\/span><\/p>\n<p><span style=\"font-size: x-small;\">prze\u0142amane \u2013 broczy<\/span><\/p>\n<p><span style=\"font-size: x-small;\">\u00a0<\/span><\/p>\n<p><span style=\"font-size: x-small;\">gorzko smakuj\u0119<\/span><\/p>\n<p><span style=\"font-size: x-small;\">twe s\u0142owa<\/span><\/p>\n<p><span style=\"font-size: x-small;\">\u00a0<\/span><\/p>\n<p><span style=\"font-size: x-small;\">nie w mojej mocy<\/span><\/p>\n<p><span style=\"font-size: x-small;\">wskrzesza\u0107 z martwych<\/span><\/p>\n<p><span style=\"font-size: x-small;\">\u00a0<\/span><\/p>\n<p><span style=\"font-size: x-small;\">ni przekonywa\u0107<\/span><\/p>\n<p><span style=\"font-size: x-small;\">\u00a0<\/span><\/p>\n<p><span style=\"font-size: x-small;\">zaprawd\u0119<\/span><\/p>\n<p><span style=\"font-size: x-small;\">\u00a0<\/span><\/p>\n<p><span style=\"font-size: x-small;\">ja jestem tylko<\/span><\/p>\n<p><span style=\"font-size: x-small;\">wojownikiem<\/span><\/p>\n<p><span style=\"font-size: x-small;\">\u00a0<\/span><\/p>\n<p><span style=\"font-size: x-small;\">wiem jak zabija\u0107<\/span><\/p>\n<p><span style=\"font-size: x-small;\">i walczy\u0107 o honor<\/span><\/p>\n<p><span style=\"font-size: x-small;\">\u00a0<\/span><\/p>\n<p><span style=\"font-size: x-small;\">nie jak mi\u0142owa\u0107<\/span><\/p>\n<p><span style=\"font-size: x-small;\">uwodzi\u0107 i przyzywa\u0107<\/span><\/p>\n<p><span style=\"font-size: x-small;\">\u00a0<\/span><\/p>\n<p><span style=\"font-size: x-small;\">nie jak by\u0107 kobiet\u0105<\/span><\/p>\n<p><span style=\"font-size: x-small;\">\u00a0<\/span><\/p>\n<p><span style=\"font-size: x-small;\">o \u015bwicie<\/span><\/p>\n<p><span style=\"font-size: x-small;\">czeka mnie<\/span><\/p>\n<p><span style=\"font-size: x-small;\">taniec z katem<\/span><\/p>\n<p><span style=\"font-size: x-small;\">\u00a0<\/span><\/p>\n<p><span style=\"font-size: x-small;\">z ostatnim tchnieniem<\/span><\/p>\n<p><span style=\"font-size: x-small;\">zaczn\u0119 nowe \u017cycie<\/span><\/p>\n<p><span style=\"font-size: x-small;\">\u00a0<\/span><\/p>\n<p><span style=\"font-size: x-small;\">ju\u017c wkr\u00f3tce zapoluj\u0119&#8230;<\/span><\/p>\n<p><span style=\"font-size: x-small;\">\u00a0<\/span><\/p>\n<p><span style=\"font-size: x-small;\">\u00a0<\/span><\/p>\n<p><span style=\"font-size: x-small;\"><strong>x x x<\/strong><\/span><\/p>\n<p><span style=\"font-size: x-small;\">\u00a0<\/span><\/p>\n<p><span style=\"font-size: x-small;\">cisza<\/span><\/p>\n<p><span style=\"font-size: x-small;\">\u00a0<\/span><\/p>\n<p><span style=\"font-size: x-small;\">p\u0142on\u0105<\/span><\/p>\n<p><span style=\"font-size: x-small;\">twe \u0142odzie<\/span><\/p>\n<p><span style=\"font-size: x-small;\">\u00a0<\/span><\/p>\n<p><span style=\"font-size: x-small;\">i moje<\/span><\/p>\n<p><span style=\"font-size: x-small;\">my\u015bli<\/span><\/p>\n<p><span style=\"font-size: x-small;\">\u00a0<\/span><\/p>\n<p><span style=\"font-size: x-small;\">ostatni bastion<\/span><\/p>\n<p><span style=\"font-size: x-small;\">\u00a0<\/span><\/p>\n<p><span style=\"font-size: x-small;\">ale nie<\/span><\/p>\n<p><span style=\"font-size: x-small;\">nie poddam<\/span><\/p>\n<p><span style=\"font-size: x-small;\">si\u0119<\/span><\/p>\n<p><span style=\"font-size: x-small;\">\u00a0<\/span><\/p>\n<p><span style=\"font-size: x-small;\">moje wojska<\/span><\/p>\n<p><span style=\"font-size: x-small;\">nauczone s\u0105<\/span><\/p>\n<p><span style=\"font-size: x-small;\">walczy\u0107<\/span><\/p>\n<p><span style=\"font-size: x-small;\">po ostatnie<\/span><\/p>\n<p><span style=\"font-size: x-small;\">tchnienie<\/span><\/p>\n<p><span style=\"font-size: x-small;\">\u00a0<\/span><\/p>\n<p><span style=\"font-size: x-small;\">nie poddam si\u0119<\/span><\/p>\n<p><span style=\"font-size: x-small;\">nigdy<\/span><\/p>\n<p><span style=\"font-size: x-small;\">\u00a0<\/span><\/p>\n<p><span style=\"font-size: x-small;\">nigdy<\/span><\/p>\n<p><span style=\"font-size: x-small;\">nie naucz\u0119 si\u0119<\/span><\/p>\n<p><span style=\"font-size: x-small;\">zmienia\u0107 zdania<\/span><\/p>\n<p><span style=\"font-size: x-small;\">\u00a0<\/span><\/p>\n<p><span style=\"font-size: x-small;\">to nic<\/span><\/p>\n<p><span style=\"font-size: x-small;\">\u017ce moja dusza<\/span><\/p>\n<p><span style=\"font-size: x-small;\">to gniazdo<\/span><\/p>\n<p><span style=\"font-size: x-small;\">skorpion\u00f3w<\/span><\/p>\n<p><span style=\"font-size: x-small;\">\u00a0<\/span><\/p>\n<p><span style=\"font-size: x-small;\">to nic<\/span><\/p>\n<p><span style=\"font-size: x-small;\">\u00a0<\/span><\/p>\n<p><span style=\"font-size: x-small;\">\u00a0<\/span><\/p>\n<p><span style=\"font-size: x-small;\"><strong>x x x<\/strong><\/span><\/p>\n<p><span style=\"font-size: x-small;\">\u00a0<\/span><\/p>\n<p><span style=\"font-size: x-small;\">bielej\u0105 na wzg\u00f3rzu<\/span><\/p>\n<p><span style=\"font-size: x-small;\">ko\u015bci moich wilk\u00f3w<\/span><\/p>\n<p><span style=\"font-size: x-small;\">\u00a0<\/span><\/p>\n<p><span style=\"font-size: x-small;\">po bitwie<\/span><\/p>\n<p><span style=\"font-size: x-small;\">wrzosy pij\u0105 krew<\/span><\/p>\n<p><span style=\"font-size: x-small;\">nie wod\u0119<\/span><\/p>\n<p><span style=\"font-size: x-small;\">\u00a0<\/span><\/p>\n<p><span style=\"font-size: x-small;\">p\u0142on\u0105 sztandary<\/span><\/p>\n<p><span style=\"font-size: x-small;\">\u00a0<\/span><\/p>\n<p><span style=\"font-size: x-small;\">kl\u0119ska ta\u0144czy<\/span><\/p>\n<p><span style=\"font-size: x-small;\">w rozpalonych oczach<\/span><\/p>\n<p><span style=\"font-size: x-small;\">rannych<\/span><\/p>\n<p><span style=\"font-size: x-small;\">\u00a0<\/span><\/p>\n<p><span style=\"font-size: x-small;\">co mam wam powiedzie\u0107<\/span><\/p>\n<p><span style=\"font-size: x-small;\">moi rycerze<\/span><\/p>\n<p><span style=\"font-size: x-small;\">\u00a0<\/span><\/p>\n<p><span style=\"font-size: x-small;\">czy s\u0142owa starcz\u0105 \u2013<\/span><\/p>\n<p><span style=\"font-size: x-small;\">martwych przywr\u00f3c\u0105<\/span><\/p>\n<p><span style=\"font-size: x-small;\">do \u017cycia<\/span><\/p>\n<p><span style=\"font-size: x-small;\">zmieni\u0105 bieg zdarze\u0144<\/span><\/p>\n<p><span style=\"font-size: x-small;\">\u00a0<\/span><\/p>\n<p><span style=\"font-size: x-small;\">m\u00f3j los<\/span><\/p>\n<p><span style=\"font-size: x-small;\">oddaj\u0119 w wasze r\u0119ce<\/span><\/p>\n<p><span style=\"font-size: x-small;\">\u00a0<\/span><\/p>\n<p><span style=\"font-size: x-small;\">rozs\u0105d\u017acie mnie z walki<\/span><\/p>\n<p><span style=\"font-size: x-small;\">i je\u015bli trzeba \u2013<\/span><\/p>\n<p><span style=\"font-size: x-small;\">oddajcie katu<\/span><\/p>\n<p><span style=\"font-size: x-small;\">\u00a0<\/span><\/p>\n<p><span style=\"font-size: x-small;\">a moje miejsce<\/span><\/p>\n<p><span style=\"font-size: x-small;\">niechaj zajmie<\/span><\/p>\n<p><span style=\"font-size: x-small;\">kto\u015b godniejszy<\/span><\/p>\n<p><span style=\"font-size: x-small;\">\u00a0<\/span><\/p>\n<p><span style=\"font-size: x-small;\">ma dusza umar\u0142a<\/span><\/p>\n<p><span style=\"font-size: x-small;\">wraz z mymi wilkami<\/span><\/p>\n<p><span style=\"font-size: x-small;\">\u00a0<\/span><\/p>\n<p><span style=\"font-size: x-small;\">tam moje ko\u015bci z\u0142\u00f3\u017ccie<\/span><\/p>\n<p><span style=\"font-size: x-small;\">gdzie ich spocz\u0119\u0142y<\/span><\/p>\n<p><span style=\"font-size: x-small;\">\u00a0<\/span><\/p>\n<p><span style=\"font-size: x-small;\">na \u015bwi\u0119tym wzg\u00f3rzu<\/span><\/p>\n<p><span style=\"font-size: x-small;\">\u00a0<\/span><\/p>\n<p><span style=\"font-size: x-small;\">tam niech zamieszkam<\/span><\/p>\n<p><span style=\"font-size: x-small;\">\u00a0<\/span><\/p>\n<p><span style=\"font-size: x-small;\">na wieki<\/span><\/p>\n<p><span style=\"font-size: x-small;\">zapomnienia<\/span><\/p>\n<p><span style=\"font-size: x-small;\">\u00a0<\/span><\/p>\n<p><span style=\"font-size: x-small;\">\u00a0<\/span><\/p>\n<p><span style=\"font-size: x-small;\">\u00a0<\/span><\/p>\n<p><span style=\"font-size: x-small;\"><strong>x x x <\/strong><\/span><\/p>\n<p><span style=\"font-size: x-small;\">\u00a0<\/span><\/p>\n<p><span style=\"font-size: x-small;\">nad wrzosowiska<\/span><\/p>\n<p><span style=\"font-size: x-small;\">nadci\u0105ga zmrok<\/span><\/p>\n<p><span style=\"font-size: x-small;\">\u00a0<\/span><\/p>\n<p><span style=\"font-size: x-small;\">i twoi zwiadowcy<\/span><\/p>\n<p><span style=\"font-size: x-small;\">\u00a0<\/span><\/p>\n<p><span style=\"font-size: x-small;\">p\u0142on\u0105 ogniska<\/span><\/p>\n<p><span style=\"font-size: x-small;\">\u00a0<\/span><\/p>\n<p><span style=\"font-size: x-small;\">w ich blasku<\/span><\/p>\n<p><span style=\"font-size: x-small;\">me wojska<\/span><\/p>\n<p><span style=\"font-size: x-small;\">zdaj\u0105 si\u0119<\/span><\/p>\n<p><span style=\"font-size: x-small;\">armi\u0105 duch\u00f3w<\/span><\/p>\n<p><span style=\"font-size: x-small;\">\u00a0<\/span><\/p>\n<p><span style=\"font-size: x-small;\">\u015bmier\u0107<\/span><\/p>\n<p><span style=\"font-size: x-small;\">przemyka<\/span><\/p>\n<p><span style=\"font-size: x-small;\">mi\u0119dzy namiotami<\/span><\/p>\n<p><span style=\"font-size: x-small;\">\u00a0<\/span><\/p>\n<p><span style=\"font-size: x-small;\">kradnie<\/span><\/p>\n<p><span style=\"font-size: x-small;\">ostatnie tchnienie<\/span><\/p>\n<p><span style=\"font-size: x-small;\">ranionych<\/span><\/p>\n<p><span style=\"font-size: x-small;\">\u00a0<\/span><\/p>\n<p><span style=\"font-size: x-small;\">rozszerza<\/span><\/p>\n<p><span style=\"font-size: x-small;\">niewidz\u0105ce<\/span><\/p>\n<p><span style=\"font-size: x-small;\">na skraju kresu<\/span><\/p>\n<p><span style=\"font-size: x-small;\">oczy konaj\u0105cych<\/span><\/p>\n<p><span style=\"font-size: x-small;\">\u00a0<\/span><\/p>\n<p><span style=\"font-size: x-small;\">zbiera \u017cniwo<\/span><\/p>\n<p><span style=\"font-size: x-small;\">\u00a0<\/span><\/p>\n<p><span style=\"font-size: x-small;\">twoi szpiedzy<\/span><\/p>\n<p><span style=\"font-size: x-small;\">szacuj\u0105<\/span><\/p>\n<p><span style=\"font-size: x-small;\">moje straty<\/span><\/p>\n<p><span style=\"font-size: x-small;\">\u00a0<\/span><\/p>\n<p><span style=\"font-size: x-small;\">dzi\u015b zwyci\u0119\u017cy\u0142e\u015b<\/span><\/p>\n<p><span style=\"font-size: x-small;\">lecz jutro<\/span><\/p>\n<p><span style=\"font-size: x-small;\">\u00a0<\/span><\/p>\n<p><span style=\"font-size: x-small;\">strze\u017c si\u0119<\/span><\/p>\n<p><span style=\"font-size: x-small;\">\u00a0<\/span><\/p>\n<p><span style=\"font-size: x-small;\">zaprawd\u0119<\/span><\/p>\n<p><span style=\"font-size: x-small;\">\u00a0<\/span><\/p>\n<p><span style=\"font-size: x-small;\">to jeszcze<\/span><\/p>\n<p><span style=\"font-size: x-small;\">nie koniec<\/span><\/p>\n<p><span style=\"font-size: x-small;\">\u00a0<\/span><\/p>\n<p style=\"text-align: right;\"><span style=\"font-size: x-small;\">\u00a0<strong>Katarzyna Piotrowska<\/strong><\/span><\/p>\n<p><span style=\"font-size: x-small;\">\u00a0<\/span><\/p>\n<p><span style=\"font-size: x-small;\">\u00a0<\/span><\/p>\n","protected":false},"excerpt":{"rendered":"<p>\u00a0 Trudno mi odtworzy\u0107 w pami\u0119ci, czy z wierszami Katarzyny po raz pierwszy mia\u0142em okazj\u0119 zapozna\u0107 si\u0119 dzi\u0119ki Vandzie Zakrzewskiej<\/p>\n","protected":false},"author":1,"featured_media":0,"comment_status":"open","ping_status":"open","sticky":false,"template":"","format":"standard","meta":{"colormag_page_layout":"default_layout","footnotes":""},"categories":[3],"tags":[303,308,304,307,225,309,305,306],"class_list":["post-10317","post","type-post","status-publish","format-standard","hentry","category-kultura","tag-katarzyna-piotrowska","tag-konstelacja-cienia","tag-lech-l-przychodzki","tag-olesnica","tag-poezja","tag-ulica-wszystkich-swietych","tag-vanda-zakrzewska","tag-lucja-a-plawska"],"yoast_head":"<!-- This site is optimized with the Yoast SEO plugin v25.1 - https:\/\/yoast.com\/wordpress\/plugins\/seo\/ -->\n<title>Katarzyna Piotrowska i jej poezja - SI\u0118 MY\u015aLI<\/title>\n<meta name=\"robots\" content=\"index, follow, max-snippet:-1, max-image-preview:large, max-video-preview:-1\" \/>\n<link rel=\"canonical\" href=\"https:\/\/siemysli-ke.info\/en\/katarzyna-piotrowska-i-jej-poezja-2\/\" \/>\n<meta property=\"og:locale\" content=\"en_US\" \/>\n<meta property=\"og:type\" content=\"article\" \/>\n<meta property=\"og:title\" content=\"Katarzyna Piotrowska i jej poezja - SI\u0118 MY\u015aLI\" \/>\n<meta property=\"og:description\" content=\"\u00a0 Trudno mi odtworzy\u0107 w pami\u0119ci, czy z wierszami Katarzyny po raz pierwszy mia\u0142em okazj\u0119 zapozna\u0107 si\u0119 dzi\u0119ki Vandzie Zakrzewskiej\" \/>\n<meta property=\"og:url\" content=\"https:\/\/siemysli-ke.info\/en\/katarzyna-piotrowska-i-jej-poezja-2\/\" \/>\n<meta property=\"og:site_name\" content=\"SI\u0118 MY\u015aLI\" \/>\n<meta property=\"article:published_time\" content=\"2011-11-05T15:59:33+00:00\" \/>\n<meta property=\"article:modified_time\" content=\"2013-11-13T22:13:25+00:00\" \/>\n<meta property=\"og:image\" content=\"http:\/\/www.bezjarzmowie.info.ke\/test\/wp-content\/uploads\/2011\/11\/Katarzyna-Piotrowska-150x150.jpg\" \/>\n<meta name=\"author\" content=\"admin\" \/>\n<meta name=\"twitter:label1\" content=\"Written by\" \/>\n\t<meta name=\"twitter:data1\" content=\"admin\" \/>\n\t<meta name=\"twitter:label2\" content=\"Est. reading time\" \/>\n\t<meta name=\"twitter:data2\" content=\"3 minutes\" \/>\n<script type=\"application\/ld+json\" class=\"yoast-schema-graph\">{\"@context\":\"https:\/\/schema.org\",\"@graph\":[{\"@type\":\"Article\",\"@id\":\"https:\/\/siemysli-ke.info\/en\/katarzyna-piotrowska-i-jej-poezja-2\/#article\",\"isPartOf\":{\"@id\":\"https:\/\/siemysli-ke.info\/en\/katarzyna-piotrowska-i-jej-poezja-2\/\"},\"author\":{\"name\":\"admin\",\"@id\":\"https:\/\/siemysli-ke.info\/#\/schema\/person\/048295918d7858e90e57d1a2c2b5da74\"},\"headline\":\"Katarzyna Piotrowska i jej poezja\",\"datePublished\":\"2011-11-05T15:59:33+00:00\",\"dateModified\":\"2013-11-13T22:13:25+00:00\",\"mainEntityOfPage\":{\"@id\":\"https:\/\/siemysli-ke.info\/en\/katarzyna-piotrowska-i-jej-poezja-2\/\"},\"wordCount\":612,\"commentCount\":4,\"publisher\":{\"@id\":\"https:\/\/siemysli-ke.info\/#organization\"},\"image\":{\"@id\":\"https:\/\/siemysli-ke.info\/en\/katarzyna-piotrowska-i-jej-poezja-2\/#primaryimage\"},\"thumbnailUrl\":\"http:\/\/www.bezjarzmowie.info.ke\/test\/wp-content\/uploads\/2011\/11\/Katarzyna-Piotrowska-150x150.jpg\",\"keywords\":[\"Katarzyna Piotrowska\",\"Konstelacja Cienia\",\"Lech L. Przychodzki\",\"Ole\u015bnica\",\"poezja\",\"Ulica Wszystkich \u015awi\u0119tych\",\"Vanda Zakrzewska\",\"\u0141ucja A. P\u0142awska\"],\"articleSection\":[\"Kultura\"],\"inLanguage\":\"en-US\",\"potentialAction\":[{\"@type\":\"CommentAction\",\"name\":\"Comment\",\"target\":[\"https:\/\/siemysli-ke.info\/en\/katarzyna-piotrowska-i-jej-poezja-2\/#respond\"]}]},{\"@type\":\"WebPage\",\"@id\":\"https:\/\/siemysli-ke.info\/en\/katarzyna-piotrowska-i-jej-poezja-2\/\",\"url\":\"https:\/\/siemysli-ke.info\/en\/katarzyna-piotrowska-i-jej-poezja-2\/\",\"name\":\"Katarzyna Piotrowska i jej poezja - SI\u0118 MY\u015aLI\",\"isPartOf\":{\"@id\":\"https:\/\/siemysli-ke.info\/en\/#website\"},\"primaryImageOfPage\":{\"@id\":\"https:\/\/siemysli-ke.info\/en\/katarzyna-piotrowska-i-jej-poezja-2\/#primaryimage\"},\"image\":{\"@id\":\"https:\/\/siemysli-ke.info\/en\/katarzyna-piotrowska-i-jej-poezja-2\/#primaryimage\"},\"thumbnailUrl\":\"http:\/\/www.bezjarzmowie.info.ke\/test\/wp-content\/uploads\/2011\/11\/Katarzyna-Piotrowska-150x150.jpg\",\"datePublished\":\"2011-11-05T15:59:33+00:00\",\"dateModified\":\"2013-11-13T22:13:25+00:00\",\"breadcrumb\":{\"@id\":\"https:\/\/siemysli-ke.info\/en\/katarzyna-piotrowska-i-jej-poezja-2\/#breadcrumb\"},\"inLanguage\":\"en-US\",\"potentialAction\":[{\"@type\":\"ReadAction\",\"target\":[[\"https:\/\/siemysli-ke.info\/en\/katarzyna-piotrowska-i-jej-poezja-2\/\"]]}]},{\"@type\":\"ImageObject\",\"inLanguage\":\"en-US\",\"@id\":\"https:\/\/siemysli-ke.info\/en\/katarzyna-piotrowska-i-jej-poezja-2\/#primaryimage\",\"url\":\"http:\/\/www.bezjarzmowie.info.ke\/test\/wp-content\/uploads\/2011\/11\/Katarzyna-Piotrowska-150x150.jpg\",\"contentUrl\":\"http:\/\/www.bezjarzmowie.info.ke\/test\/wp-content\/uploads\/2011\/11\/Katarzyna-Piotrowska-150x150.jpg\"},{\"@type\":\"BreadcrumbList\",\"@id\":\"https:\/\/siemysli-ke.info\/en\/katarzyna-piotrowska-i-jej-poezja-2\/#breadcrumb\",\"itemListElement\":[{\"@type\":\"ListItem\",\"position\":1,\"name\":\"Home\",\"item\":\"https:\/\/siemysli-ke.info\/en\/\"},{\"@type\":\"ListItem\",\"position\":2,\"name\":\"Katarzyna Piotrowska i jej poezja\"}]},{\"@type\":\"WebSite\",\"@id\":\"https:\/\/siemysli-ke.info\/en\/#website\",\"url\":\"https:\/\/siemysli-ke.info\/en\/\",\"name\":\"SI\u0118 MY\u015aLI\",\"description\":\"\",\"publisher\":{\"@id\":\"https:\/\/siemysli-ke.info\/en\/#organization\"},\"potentialAction\":[{\"@type\":\"SearchAction\",\"target\":{\"@type\":\"EntryPoint\",\"urlTemplate\":\"https:\/\/siemysli-ke.info\/en\/?s={search_term_string}\"},\"query-input\":{\"@type\":\"PropertyValueSpecification\",\"valueRequired\":true,\"valueName\":\"search_term_string\"}}],\"inLanguage\":\"en-US\"},{\"@type\":\"Organization\",\"@id\":\"https:\/\/siemysli-ke.info\/en\/#organization\",\"name\":\"SI\u0118 MY\u015aLI\",\"url\":\"https:\/\/siemysli-ke.info\/en\/\",\"logo\":{\"@type\":\"ImageObject\",\"inLanguage\":\"en-US\",\"@id\":\"https:\/\/siemysli-ke.info\/en\/#\/schema\/logo\/image\/\",\"url\":\"https:\/\/siemysli-ke.info\/wp-content\/uploads\/2025\/05\/99.png\",\"contentUrl\":\"https:\/\/siemysli-ke.info\/wp-content\/uploads\/2025\/05\/99.png\",\"width\":270,\"height\":204,\"caption\":\"SI\u0118 MY\u015aLI\"},\"image\":{\"@id\":\"https:\/\/siemysli-ke.info\/en\/#\/schema\/logo\/image\/\"}},{\"@type\":\"Person\",\"@id\":\"https:\/\/siemysli-ke.info\/#\/schema\/person\/048295918d7858e90e57d1a2c2b5da74\",\"name\":\"admin\",\"image\":{\"@type\":\"ImageObject\",\"inLanguage\":\"en-US\",\"@id\":\"https:\/\/siemysli-ke.info\/en\/#\/schema\/person\/image\/\",\"url\":\"https:\/\/secure.gravatar.com\/avatar\/9acf729117e1cff813c07ba085b25a76702049ffb5efe3425388cd1a019577de?s=96&d=mm&r=g\",\"contentUrl\":\"https:\/\/secure.gravatar.com\/avatar\/9acf729117e1cff813c07ba085b25a76702049ffb5efe3425388cd1a019577de?s=96&d=mm&r=g\",\"caption\":\"admin\"},\"url\":\"https:\/\/siemysli-ke.info\/en\/author\/admin\/\"}]}<\/script>\n<!-- \/ Yoast SEO plugin. -->","yoast_head_json":{"title":"Katarzyna Piotrowska i jej poezja - SI\u0118 MY\u015aLI","robots":{"index":"index","follow":"follow","max-snippet":"max-snippet:-1","max-image-preview":"max-image-preview:large","max-video-preview":"max-video-preview:-1"},"canonical":"https:\/\/siemysli-ke.info\/en\/katarzyna-piotrowska-i-jej-poezja-2\/","og_locale":"en_US","og_type":"article","og_title":"Katarzyna Piotrowska i jej poezja - SI\u0118 MY\u015aLI","og_description":"\u00a0 Trudno mi odtworzy\u0107 w pami\u0119ci, czy z wierszami Katarzyny po raz pierwszy mia\u0142em okazj\u0119 zapozna\u0107 si\u0119 dzi\u0119ki Vandzie Zakrzewskiej","og_url":"https:\/\/siemysli-ke.info\/en\/katarzyna-piotrowska-i-jej-poezja-2\/","og_site_name":"SI\u0118 MY\u015aLI","article_published_time":"2011-11-05T15:59:33+00:00","article_modified_time":"2013-11-13T22:13:25+00:00","og_image":[{"url":"http:\/\/www.bezjarzmowie.info.ke\/test\/wp-content\/uploads\/2011\/11\/Katarzyna-Piotrowska-150x150.jpg","type":"","width":"","height":""}],"author":"admin","twitter_misc":{"Written by":"admin","Est. reading time":"3 minutes"},"schema":{"@context":"https:\/\/schema.org","@graph":[{"@type":"Article","@id":"https:\/\/siemysli-ke.info\/en\/katarzyna-piotrowska-i-jej-poezja-2\/#article","isPartOf":{"@id":"https:\/\/siemysli-ke.info\/en\/katarzyna-piotrowska-i-jej-poezja-2\/"},"author":{"name":"admin","@id":"https:\/\/siemysli-ke.info\/#\/schema\/person\/048295918d7858e90e57d1a2c2b5da74"},"headline":"Katarzyna Piotrowska i jej poezja","datePublished":"2011-11-05T15:59:33+00:00","dateModified":"2013-11-13T22:13:25+00:00","mainEntityOfPage":{"@id":"https:\/\/siemysli-ke.info\/en\/katarzyna-piotrowska-i-jej-poezja-2\/"},"wordCount":612,"commentCount":4,"publisher":{"@id":"https:\/\/siemysli-ke.info\/#organization"},"image":{"@id":"https:\/\/siemysli-ke.info\/en\/katarzyna-piotrowska-i-jej-poezja-2\/#primaryimage"},"thumbnailUrl":"http:\/\/www.bezjarzmowie.info.ke\/test\/wp-content\/uploads\/2011\/11\/Katarzyna-Piotrowska-150x150.jpg","keywords":["Katarzyna Piotrowska","Konstelacja Cienia","Lech L. Przychodzki","Ole\u015bnica","poezja","Ulica Wszystkich \u015awi\u0119tych","Vanda Zakrzewska","\u0141ucja A. P\u0142awska"],"articleSection":["Kultura"],"inLanguage":"en-US","potentialAction":[{"@type":"CommentAction","name":"Comment","target":["https:\/\/siemysli-ke.info\/en\/katarzyna-piotrowska-i-jej-poezja-2\/#respond"]}]},{"@type":"WebPage","@id":"https:\/\/siemysli-ke.info\/en\/katarzyna-piotrowska-i-jej-poezja-2\/","url":"https:\/\/siemysli-ke.info\/en\/katarzyna-piotrowska-i-jej-poezja-2\/","name":"Katarzyna Piotrowska i jej poezja - SI\u0118 MY\u015aLI","isPartOf":{"@id":"https:\/\/siemysli-ke.info\/en\/#website"},"primaryImageOfPage":{"@id":"https:\/\/siemysli-ke.info\/en\/katarzyna-piotrowska-i-jej-poezja-2\/#primaryimage"},"image":{"@id":"https:\/\/siemysli-ke.info\/en\/katarzyna-piotrowska-i-jej-poezja-2\/#primaryimage"},"thumbnailUrl":"http:\/\/www.bezjarzmowie.info.ke\/test\/wp-content\/uploads\/2011\/11\/Katarzyna-Piotrowska-150x150.jpg","datePublished":"2011-11-05T15:59:33+00:00","dateModified":"2013-11-13T22:13:25+00:00","breadcrumb":{"@id":"https:\/\/siemysli-ke.info\/en\/katarzyna-piotrowska-i-jej-poezja-2\/#breadcrumb"},"inLanguage":"en-US","potentialAction":[{"@type":"ReadAction","target":[["https:\/\/siemysli-ke.info\/en\/katarzyna-piotrowska-i-jej-poezja-2\/"]]}]},{"@type":"ImageObject","inLanguage":"en-US","@id":"https:\/\/siemysli-ke.info\/en\/katarzyna-piotrowska-i-jej-poezja-2\/#primaryimage","url":"http:\/\/www.bezjarzmowie.info.ke\/test\/wp-content\/uploads\/2011\/11\/Katarzyna-Piotrowska-150x150.jpg","contentUrl":"http:\/\/www.bezjarzmowie.info.ke\/test\/wp-content\/uploads\/2011\/11\/Katarzyna-Piotrowska-150x150.jpg"},{"@type":"BreadcrumbList","@id":"https:\/\/siemysli-ke.info\/en\/katarzyna-piotrowska-i-jej-poezja-2\/#breadcrumb","itemListElement":[{"@type":"ListItem","position":1,"name":"Home","item":"https:\/\/siemysli-ke.info\/en\/"},{"@type":"ListItem","position":2,"name":"Katarzyna Piotrowska i jej poezja"}]},{"@type":"WebSite","@id":"https:\/\/siemysli-ke.info\/en\/#website","url":"https:\/\/siemysli-ke.info\/en\/","name":"SI\u0118 MY\u015aLI","description":"","publisher":{"@id":"https:\/\/siemysli-ke.info\/en\/#organization"},"potentialAction":[{"@type":"SearchAction","target":{"@type":"EntryPoint","urlTemplate":"https:\/\/siemysli-ke.info\/en\/?s={search_term_string}"},"query-input":{"@type":"PropertyValueSpecification","valueRequired":true,"valueName":"search_term_string"}}],"inLanguage":"en-US"},{"@type":"Organization","@id":"https:\/\/siemysli-ke.info\/en\/#organization","name":"SI\u0118 MY\u015aLI","url":"https:\/\/siemysli-ke.info\/en\/","logo":{"@type":"ImageObject","inLanguage":"en-US","@id":"https:\/\/siemysli-ke.info\/en\/#\/schema\/logo\/image\/","url":"https:\/\/siemysli-ke.info\/wp-content\/uploads\/2025\/05\/99.png","contentUrl":"https:\/\/siemysli-ke.info\/wp-content\/uploads\/2025\/05\/99.png","width":270,"height":204,"caption":"SI\u0118 MY\u015aLI"},"image":{"@id":"https:\/\/siemysli-ke.info\/en\/#\/schema\/logo\/image\/"}},{"@type":"Person","@id":"https:\/\/siemysli-ke.info\/#\/schema\/person\/048295918d7858e90e57d1a2c2b5da74","name":"admin","image":{"@type":"ImageObject","inLanguage":"en-US","@id":"https:\/\/siemysli-ke.info\/en\/#\/schema\/person\/image\/","url":"https:\/\/secure.gravatar.com\/avatar\/9acf729117e1cff813c07ba085b25a76702049ffb5efe3425388cd1a019577de?s=96&d=mm&r=g","contentUrl":"https:\/\/secure.gravatar.com\/avatar\/9acf729117e1cff813c07ba085b25a76702049ffb5efe3425388cd1a019577de?s=96&d=mm&r=g","caption":"admin"},"url":"https:\/\/siemysli-ke.info\/en\/author\/admin\/"}]}},"_links":{"self":[{"href":"https:\/\/siemysli-ke.info\/en\/wp-json\/wp\/v2\/posts\/10317","targetHints":{"allow":["GET"]}}],"collection":[{"href":"https:\/\/siemysli-ke.info\/en\/wp-json\/wp\/v2\/posts"}],"about":[{"href":"https:\/\/siemysli-ke.info\/en\/wp-json\/wp\/v2\/types\/post"}],"author":[{"embeddable":true,"href":"https:\/\/siemysli-ke.info\/en\/wp-json\/wp\/v2\/users\/1"}],"replies":[{"embeddable":true,"href":"https:\/\/siemysli-ke.info\/en\/wp-json\/wp\/v2\/comments?post=10317"}],"version-history":[{"count":0,"href":"https:\/\/siemysli-ke.info\/en\/wp-json\/wp\/v2\/posts\/10317\/revisions"}],"wp:attachment":[{"href":"https:\/\/siemysli-ke.info\/en\/wp-json\/wp\/v2\/media?parent=10317"}],"wp:term":[{"taxonomy":"category","embeddable":true,"href":"https:\/\/siemysli-ke.info\/en\/wp-json\/wp\/v2\/categories?post=10317"},{"taxonomy":"post_tag","embeddable":true,"href":"https:\/\/siemysli-ke.info\/en\/wp-json\/wp\/v2\/tags?post=10317"}],"curies":[{"name":"wp","href":"https:\/\/api.w.org\/{rel}","templated":true}]}}