 {"id":912,"date":"2011-11-28T17:13:03","date_gmt":"2011-11-28T17:13:03","guid":{"rendered":"http:\/\/www.bezjarzmowie.info.ke\/test\/?p=912"},"modified":"2013-11-02T21:22:43","modified_gmt":"2013-11-02T20:22:43","slug":"medialny-festiwal-bzdury","status":"publish","type":"post","link":"https:\/\/siemysli-ke.info\/de\/medialny-festiwal-bzdury\/","title":{"rendered":"Medialny festiwal bzdury"},"content":{"rendered":"<p style=\"text-align: justify\"><span style=\"font-size: small\">11. listopada&#8230; Data wa\u017cna dla Europy&#8230; Tego w\u0142a\u015bnie dnia w roku 1918 zosta\u0142 podpisany rozejm Niemiec z pa\u0144stwami Ententy w wagonie kolejowym w Compiegne. O godzinie 11:00 rozejm wszed\u0142 w \u017cycie i ta chwila uznawana jest za koniec I wojny \u015bwiatowej, cho\u0107 do prawdziwego fina\u0142u by\u0142o jeszcze daleko.<\/span><\/p>\n<p style=\"text-align: justify\"><span style=\"font-size: small\">Do dzi\u015b obchodzi si\u0119 \u00f3w dzie\u0144 we Francji czy UK. Oba kraje u\u017cywaj\u0105 wobec tej daty okre\u015blenia Dzie\u0144 Pami\u0119ci, cho\u0107 Brytyjczycy m\u00f3wi\u0105 o nim tak\u017ce jako o Dniu Maku, od wiersza kanadyjskiego \u017co\u0142nierza, lekarza i poety Johna McCrae (1872-1918), a Francuzi jako Dniu Rozejmu.<\/span><\/p>\n<p style=\"text-align: justify\"><span style=\"font-size: small\">Polacy kojarz\u0105 11. listopada raczej wy\u0142\u0105cznie z odzyskaniem niezawis\u0142o\u015bci pa\u0144stwowej po 123 latach zabor\u00f3w, st\u0105d \u015awi\u0119to Niepodleg\u0142o\u015bci.<\/span><\/p>\n<p style=\"text-align: justify\"><span style=\"font-size: small\"><!--more--><\/span><\/p>\n<p style=\"text-align: justify\"><span style=\"font-size: small\">Od jakiego\u015b czasu \u015brodowiska, mocno umownie nazywane narodowymi czy skrajnie prawicowymi, organizuj\u0105 w Warszawie tzw. Marsz Niepodleg\u0142o\u015bci. Ju\u017c rok temu \u201eGazeta Wyborcza\u201d musia\u0142a dostrzec wzrost popularno\u015bci idei narodowych w Polsce (jest to trend widoczny na kontynencie tym bardziej, im bardziej sypie si\u0119 dzi\u0119ki pazerno\u015bci prywatnych bank\u00f3w \u201ewsp\u00f3lny europejski dom\u201d), bo raptem narodowcy stali si\u0119 \u201efaszystami\u201d, przynajmniej w potocznej retoryce przedstawicieli koncernu \u201eAgora\u201d.<\/span><\/p>\n<p style=\"text-align: justify\"><span style=\"font-size: small\">Podobnym mianem okre\u015bla si\u0119 od jakiego\u015b czasu Romana Dmowskiego, zapominaj\u0105c, i\u017c by\u0142 on jedn\u0105 z kilku najbardziej zas\u0142u\u017conych dla reanimowania polskiej pa\u0144stwowo\u015bci postaci, g\u0142\u00f3wnie dzi\u0119ki rokowaniom w Pary\u017cu. M\u00f3wimy dzi\u015b w kraju du\u017co o Pi\u0142sudskim, sporo o Paderewskim, znacznie mniej o Dmowskim, Eugeniuszu Romerze czy gen. J\u00f3zefie Hallerze, dow\u00f3dcy \u201eB\u0142\u0119kitnej Armii\u201d, nie tylko doskonale wyszkolonej, ale uzbrojonej we francuskie samoloty i czo\u0142gi, co wybitnie pomog\u0142o w odparciu radzieckiej agresji.<\/span><\/p>\n<p style=\"text-align: justify\"><span style=\"font-size: small\">Ubieg\u0142oroczne nawo\u0142ywanie do \u201eblokady\u201d Marszu Niepodleg\u0142o\u015bci przez nadredaktora Michnika i jego \u201edru\u017cyn\u0119\u201d odnios\u0142o spodziewany skutek. Wielu m\u0142odych ludzi, kt\u00f3rzy sami okre\u015blaj\u0105 si\u0119 jako \u201ewolno\u015bciowcy\u201d, raptem przesta\u0142o my\u015ble\u0107 samodzielnie i zawierzy\u0142o dobrym intencjom medi\u00f3w. Medi\u00f3w, kt\u00f3re jak za czas\u00f3w PRL-u maj\u0105 ju\u017c tylko takie intencje, jakie ma wobec obywateli aktualna ekipa rz\u0105dz\u0105ca.<\/span><\/p>\n<p style=\"text-align: justify\"><span style=\"font-size: small\">Je\u015bli przez ile\u015b miesi\u0119cy wmawia si\u0119 niedo\u015bwiadczonym ludziom, i\u017c tylko \u201eblokuj\u0105c\u201d przemarsz \u201efaszyst\u00f3w\u201d b\u0119d\u0105 \u201esob\u0105\u201d, to nie mo\u017cna si\u0119 spodziewa\u0107 ju\u017c niczego innego, ni\u017c zamieszek. Sprowokowanych na zam\u00f3wienie rz\u0105dowych \u201eelit\u201d dzi\u0119ki ich prze\u0142o\u017ceniu na mass-medialny ch\u0142am. Racje ideowe \u201elewicy\u201d i \u201eprawicy\u201d &#8211; nikogo z pomys\u0142odawc\u00f3w wydania dw\u00f3ch zg\u00f3d na absolutnie sprzeczne manifestacje \u2013 nie interesowa\u0142y. Prowokowa\u0142y obie strony i te\u017c obie prowokowane by\u0142y. Ciekawe, czy obwieszenie r\u00f3\u017cowymi balonikami tablicy, upami\u0119tniaj\u0105cej np. Jacka Kuronia, \u015brodowiska \u201eGazety Wyborczej\u201d i \u201eKrytyki Politycznej\u201d przyj\u0119\u0142yby z entuzjazmem??? A tak post\u0105piono przecie\u017c z pomnikiem Romana Dmowskiego. Kpina z symboli jednej ze stron musi poci\u0105gn\u0105\u0107 za sob\u0105 jaki\u015b odzew. Nie trzeba zbyt wielkiej znajomo\u015bci psychologii t\u0142umu i socjotechnik, by przewidzie\u0107 efekt.<\/span><\/p>\n<p style=\"text-align: justify\"><span style=\"font-size: small\">Swoj\u0105 drog\u0105, \u201ekolorowym\u201d uczestnikom potrzebnej tylko mediom i rz\u0105dowi \u201eblokady\u201d, chcia\u0142bym przypomnie\u0107, \u017ce o \u015brodowiskach endeckich mo\u017cna m\u00f3wi\u0107 wiele z\u0142ego, ale podczas II wojny wywodz\u0105cy si\u0119 nich ludzie walczyli w szeregach partyzanckich, w Powstaniu Warszawskim czy jako \u017co\u0142nierze polskich jednostek wojskowych tak na Zachodzie, jak i na Wschodzie. Nigdy nie udowodniono im zbrodni, jakich dopu\u015bcili si\u0119 na ziemiach polskich -tak w czasie wojny jak po jej zako\u0144czeniu \u2013 nazi\u015bci niemieccy i radzieccy. To nie oni, nie rodzimi \u201efaszy\u015bci\u201d, wymordowali po 1944 r. od 600 tys. do 1 mln obywateli \u201enowej\u201d Polski (dane by\u0142y i b\u0119d\u0105 niekompletne i sprzeczne). A mordowano g\u0142\u00f3wnie tych, kt\u00f3rzy\u00a0&#8211; drodzy \u201ewolno\u015bciowcy\u201d &#8211; pracowali na rzecz <strong>wolnego <\/strong>kraju. Dzisiejsi wolno\u015bciowcy pozbawieni s\u0105 (chyba ju\u017c od czasu pojawienia si\u0119 \u201eznik\u0105d\u201d Marka Kurzy\u0144ca) elementarnego dystansu do rzeczywisto\u015bci i poczucia humoru, za to niemi\u0142osiernie przeteoretyzowani i rozpolitykowani. W dodatku nie potrafi\u0105 ze sob\u0105 rozmawia\u0107, uznaj\u0105c jedynie w\u0142asne racje jako nadrz\u0119dne.<\/span><\/p>\n<p style=\"text-align: justify\"><span style=\"font-size: small\">Teoretycznie g\u0142\u0119boka, praktycznie za\u015b &#8211; udawana i powierzchowna batalia historyk\u00f3w, publicyst\u00f3w i polityk\u00f3w \u2013 nadal nie doprowadzi\u0142a do ujawnienia setek nazwisk komunistycznych prokurator\u00f3w i s\u0119dzi\u00f3w, kt\u00f3rzy \u2013 pewnie w imi\u0119 post\u0119pu i sprawiedliwo\u015bci spo\u0142ecznej \u2013 skazywali inaczej my\u015bl\u0105cych na zes\u0142ania i \u015bmier\u0107. A przecie\u017c te nazwiska dobrze s\u0105 znane ju\u017c nie tylko niewielkiej grupie wtajemniczonych. Zmowa milczenia trwa, tym bardziej wi\u0119c szanowa\u0107 nale\u017cy wszystkich, kt\u00f3rzy z niszczonym od dziesi\u0119cioleci krajem chc\u0105 si\u0119 nadal identyfikowa\u0107.<\/span><\/p>\n<p style=\"text-align: justify\"><span style=\"font-size: small\">Prowokacyjne dzia\u0142ania, jakich podj\u0119\u0142y si\u0119 media wobec Marszu Niepodleg\u0142o\u015bci, nie s\u0142u\u017c\u0105 \u017cadnej ze stron sztucznie rozdymanego konfliktu. Listy poparcia dla \u201eKrytyki&#8230;\u201d, (<a href=\"http:\/\/www.krytykapolityczna.pl\/Opinie\/SzesclistowotwartychwobronieKrytykiPolitycznej\/menuid-197.html#JOSC_TOP\">http:\/\/www.krytykapolityczna.pl\/Opinie\/SzesclistowotwartychwobronieKrytykiPolitycznej\/menuid-197.html#JOSC_TOP<\/a> )<\/span><\/p>\n<p style=\"text-align: justify\"><span style=\"font-size: small\">podpisywane przez ludzi z nazwiskami, nie zawsze za\u015b z realnym dorobkiem, s\u0105 tylko dowodem na to, jak bardzo ekipie Tuska zale\u017cy na skompromitowaniu \u201eprawicy\u201d. Jednocze\u015bnie (bez z\u0142udze\u0144, prosz\u0119) sto\u0142eczni macherzy od socjotechnik wiedz\u0105 doskonale, i\u017c uporem \u201elewicy\u201d i jej dziecinn\u0105 obron\u0105, wbrew znanym ju\u017c faktom &#8211; j\u0105 tak\u017ce stawiaj\u0105 w negatywnym \u015bwietle.<\/span><\/p>\n<p style=\"text-align: justify\"><span style=\"font-size: small\"><strong>Wszyscy<\/strong> wi\u0119c s\u0105 \u017ali, dobry i skuteczny ma by\u0107 w opinii spo\u0142ecznej jedynie rz\u0105d. I ci z obywateli n-tej RP, kt\u00f3rym po telewizyjnych migawkach z zamieszek, jakimi &#8211; pewnie \u201eku przestrodze\u201d &#8211; zapchano wszystkie dzienniki, jacy ju\u017c nigdy nie odwa\u017c\u0105 si\u0119 (w kominiarkach czy bez) wyj\u015b\u0107 na ulic\u0119, by upomnie\u0107 si\u0119 o swoje prawa.<\/span><\/p>\n<p style=\"text-align: justify\"><span style=\"font-size: small\"><strong>B\u0105d\u017acie bierni, a nikt was nie pobije.<\/strong> Ani \u201efaszysta\u201d, ani terroryzuj\u0105cy \u201elewak\u201d, ani (oczywi\u015bcie przypadkiem) \u2013 funkcjonariusze policji. Taki mora\u0142 zdaje si\u0119 serwowa\u0107 medialnie po 11.11. czarny PR Donalda Tuska.<\/span><\/p>\n<p style=\"text-align: justify\"><span style=\"font-size: small\">A odpowiednie zmiany przepis\u00f3w wymusi\u0107 maj\u0105 ow\u0105 bierno\u015b\u0107 na spo\u0142ecze\u0144stwie, jak wida\u0107 wci\u0105\u017c jeszcze w ocenie w\u0142adz &#8211; <strong>zbyt<\/strong> aktywnym obywatelsko.<\/span><\/p>\n<p style=\"text-align: justify\"><span style=\"font-size: small\">\u00a0<\/span><\/p>\n<h2 style=\"text-align: right\"><strong><span style=\"font-size: small\">Edward L. Soroka<\/span><\/strong><\/h2>\n<p><strong>\u00a0<\/strong><\/p>\n<p><strong>\u00a0<\/strong><\/p>\n<p><strong>\u00a0<\/strong><\/p>\n<p>&nbsp;<\/p>\n<p>&nbsp;<\/p>\n<p>&nbsp;<\/p>\n<p>&nbsp;<\/p>\n","protected":false},"excerpt":{"rendered":"<p>11. listopada&#8230; Data wa\u017cna dla Europy&#8230; Tego w\u0142a\u015bnie dnia w roku 1918 zosta\u0142 podpisany rozejm Niemiec z pa\u0144stwami Ententy w<\/p>\n","protected":false},"author":1,"featured_media":0,"comment_status":"open","ping_status":"open","sticky":false,"template":"","format":"standard","meta":{"colormag_page_layout":"default_layout","footnotes":""},"categories":[143],"tags":[],"class_list":["post-912","post","type-post","status-publish","format-standard","hentry","category-inne"],"yoast_head":"<!-- This site is optimized with the Yoast SEO plugin v25.1 - https:\/\/yoast.com\/wordpress\/plugins\/seo\/ -->\n<title>Medialny festiwal bzdury - SI\u0118 MY\u015aLI<\/title>\n<meta name=\"robots\" content=\"index, follow, max-snippet:-1, max-image-preview:large, max-video-preview:-1\" \/>\n<link rel=\"canonical\" href=\"https:\/\/siemysli-ke.info\/de\/medialny-festiwal-bzdury\/\" \/>\n<meta property=\"og:locale\" content=\"de_DE\" \/>\n<meta property=\"og:type\" content=\"article\" \/>\n<meta property=\"og:title\" content=\"Medialny festiwal bzdury - SI\u0118 MY\u015aLI\" \/>\n<meta property=\"og:description\" content=\"11. listopada&#8230; Data wa\u017cna dla Europy&#8230; Tego w\u0142a\u015bnie dnia w roku 1918 zosta\u0142 podpisany rozejm Niemiec z pa\u0144stwami Ententy w\" \/>\n<meta property=\"og:url\" content=\"https:\/\/siemysli-ke.info\/de\/medialny-festiwal-bzdury\/\" \/>\n<meta property=\"og:site_name\" content=\"SI\u0118 MY\u015aLI\" \/>\n<meta property=\"article:published_time\" content=\"2011-11-28T17:13:03+00:00\" \/>\n<meta property=\"article:modified_time\" content=\"2013-11-02T20:22:43+00:00\" \/>\n<meta name=\"author\" content=\"admin\" \/>\n<meta name=\"twitter:label1\" content=\"Verfasst von\" \/>\n\t<meta name=\"twitter:data1\" content=\"admin\" \/>\n\t<meta name=\"twitter:label2\" content=\"Gesch\u00e4tzte Lesezeit\" \/>\n\t<meta name=\"twitter:data2\" content=\"5\u00a0Minuten\" \/>\n<script type=\"application\/ld+json\" class=\"yoast-schema-graph\">{\"@context\":\"https:\/\/schema.org\",\"@graph\":[{\"@type\":\"Article\",\"@id\":\"https:\/\/siemysli-ke.info\/de\/medialny-festiwal-bzdury\/#article\",\"isPartOf\":{\"@id\":\"https:\/\/siemysli-ke.info\/de\/medialny-festiwal-bzdury\/\"},\"author\":{\"name\":\"admin\",\"@id\":\"https:\/\/siemysli-ke.info\/#\/schema\/person\/048295918d7858e90e57d1a2c2b5da74\"},\"headline\":\"Medialny festiwal bzdury\",\"datePublished\":\"2011-11-28T17:13:03+00:00\",\"dateModified\":\"2013-11-02T20:22:43+00:00\",\"mainEntityOfPage\":{\"@id\":\"https:\/\/siemysli-ke.info\/de\/medialny-festiwal-bzdury\/\"},\"wordCount\":971,\"commentCount\":0,\"publisher\":{\"@id\":\"https:\/\/siemysli-ke.info\/#organization\"},\"articleSection\":[\"Inne\"],\"inLanguage\":\"de\",\"potentialAction\":[{\"@type\":\"CommentAction\",\"name\":\"Comment\",\"target\":[\"https:\/\/siemysli-ke.info\/de\/medialny-festiwal-bzdury\/#respond\"]}]},{\"@type\":\"WebPage\",\"@id\":\"https:\/\/siemysli-ke.info\/de\/medialny-festiwal-bzdury\/\",\"url\":\"https:\/\/siemysli-ke.info\/de\/medialny-festiwal-bzdury\/\",\"name\":\"Medialny festiwal bzdury - SI\u0118 MY\u015aLI\",\"isPartOf\":{\"@id\":\"https:\/\/siemysli-ke.info\/de\/#website\"},\"datePublished\":\"2011-11-28T17:13:03+00:00\",\"dateModified\":\"2013-11-02T20:22:43+00:00\",\"breadcrumb\":{\"@id\":\"https:\/\/siemysli-ke.info\/de\/medialny-festiwal-bzdury\/#breadcrumb\"},\"inLanguage\":\"de\",\"potentialAction\":[{\"@type\":\"ReadAction\",\"target\":[[\"https:\/\/siemysli-ke.info\/de\/medialny-festiwal-bzdury\/\"]]}]},{\"@type\":\"BreadcrumbList\",\"@id\":\"https:\/\/siemysli-ke.info\/de\/medialny-festiwal-bzdury\/#breadcrumb\",\"itemListElement\":[{\"@type\":\"ListItem\",\"position\":1,\"name\":\"Home\",\"item\":\"https:\/\/siemysli-ke.info\/de\/\"},{\"@type\":\"ListItem\",\"position\":2,\"name\":\"Medialny festiwal bzdury\"}]},{\"@type\":\"WebSite\",\"@id\":\"https:\/\/siemysli-ke.info\/de\/#website\",\"url\":\"https:\/\/siemysli-ke.info\/de\/\",\"name\":\"SI\u0118 MY\u015aLI\",\"description\":\"\",\"publisher\":{\"@id\":\"https:\/\/siemysli-ke.info\/de\/#organization\"},\"potentialAction\":[{\"@type\":\"SearchAction\",\"target\":{\"@type\":\"EntryPoint\",\"urlTemplate\":\"https:\/\/siemysli-ke.info\/de\/?s={search_term_string}\"},\"query-input\":{\"@type\":\"PropertyValueSpecification\",\"valueRequired\":true,\"valueName\":\"search_term_string\"}}],\"inLanguage\":\"de\"},{\"@type\":\"Organization\",\"@id\":\"https:\/\/siemysli-ke.info\/de\/#organization\",\"name\":\"SI\u0118 MY\u015aLI\",\"url\":\"https:\/\/siemysli-ke.info\/de\/\",\"logo\":{\"@type\":\"ImageObject\",\"inLanguage\":\"de\",\"@id\":\"https:\/\/siemysli-ke.info\/de\/#\/schema\/logo\/image\/\",\"url\":\"https:\/\/siemysli-ke.info\/wp-content\/uploads\/2025\/05\/99.png\",\"contentUrl\":\"https:\/\/siemysli-ke.info\/wp-content\/uploads\/2025\/05\/99.png\",\"width\":270,\"height\":204,\"caption\":\"SI\u0118 MY\u015aLI\"},\"image\":{\"@id\":\"https:\/\/siemysli-ke.info\/de\/#\/schema\/logo\/image\/\"}},{\"@type\":\"Person\",\"@id\":\"https:\/\/siemysli-ke.info\/#\/schema\/person\/048295918d7858e90e57d1a2c2b5da74\",\"name\":\"admin\",\"image\":{\"@type\":\"ImageObject\",\"inLanguage\":\"de\",\"@id\":\"https:\/\/siemysli-ke.info\/de\/#\/schema\/person\/image\/\",\"url\":\"https:\/\/secure.gravatar.com\/avatar\/9acf729117e1cff813c07ba085b25a76702049ffb5efe3425388cd1a019577de?s=96&d=mm&r=g\",\"contentUrl\":\"https:\/\/secure.gravatar.com\/avatar\/9acf729117e1cff813c07ba085b25a76702049ffb5efe3425388cd1a019577de?s=96&d=mm&r=g\",\"caption\":\"admin\"},\"url\":\"https:\/\/siemysli-ke.info\/de\/author\/admin\/\"}]}<\/script>\n<!-- \/ Yoast SEO plugin. -->","yoast_head_json":{"title":"Medialny festiwal bzdury - SI\u0118 MY\u015aLI","robots":{"index":"index","follow":"follow","max-snippet":"max-snippet:-1","max-image-preview":"max-image-preview:large","max-video-preview":"max-video-preview:-1"},"canonical":"https:\/\/siemysli-ke.info\/de\/medialny-festiwal-bzdury\/","og_locale":"de_DE","og_type":"article","og_title":"Medialny festiwal bzdury - SI\u0118 MY\u015aLI","og_description":"11. listopada&#8230; Data wa\u017cna dla Europy&#8230; Tego w\u0142a\u015bnie dnia w roku 1918 zosta\u0142 podpisany rozejm Niemiec z pa\u0144stwami Ententy w","og_url":"https:\/\/siemysli-ke.info\/de\/medialny-festiwal-bzdury\/","og_site_name":"SI\u0118 MY\u015aLI","article_published_time":"2011-11-28T17:13:03+00:00","article_modified_time":"2013-11-02T20:22:43+00:00","author":"admin","twitter_misc":{"Verfasst von":"admin","Gesch\u00e4tzte Lesezeit":"5\u00a0Minuten"},"schema":{"@context":"https:\/\/schema.org","@graph":[{"@type":"Article","@id":"https:\/\/siemysli-ke.info\/de\/medialny-festiwal-bzdury\/#article","isPartOf":{"@id":"https:\/\/siemysli-ke.info\/de\/medialny-festiwal-bzdury\/"},"author":{"name":"admin","@id":"https:\/\/siemysli-ke.info\/#\/schema\/person\/048295918d7858e90e57d1a2c2b5da74"},"headline":"Medialny festiwal bzdury","datePublished":"2011-11-28T17:13:03+00:00","dateModified":"2013-11-02T20:22:43+00:00","mainEntityOfPage":{"@id":"https:\/\/siemysli-ke.info\/de\/medialny-festiwal-bzdury\/"},"wordCount":971,"commentCount":0,"publisher":{"@id":"https:\/\/siemysli-ke.info\/#organization"},"articleSection":["Inne"],"inLanguage":"de","potentialAction":[{"@type":"CommentAction","name":"Comment","target":["https:\/\/siemysli-ke.info\/de\/medialny-festiwal-bzdury\/#respond"]}]},{"@type":"WebPage","@id":"https:\/\/siemysli-ke.info\/de\/medialny-festiwal-bzdury\/","url":"https:\/\/siemysli-ke.info\/de\/medialny-festiwal-bzdury\/","name":"Medialny festiwal bzdury - SI\u0118 MY\u015aLI","isPartOf":{"@id":"https:\/\/siemysli-ke.info\/de\/#website"},"datePublished":"2011-11-28T17:13:03+00:00","dateModified":"2013-11-02T20:22:43+00:00","breadcrumb":{"@id":"https:\/\/siemysli-ke.info\/de\/medialny-festiwal-bzdury\/#breadcrumb"},"inLanguage":"de","potentialAction":[{"@type":"ReadAction","target":[["https:\/\/siemysli-ke.info\/de\/medialny-festiwal-bzdury\/"]]}]},{"@type":"BreadcrumbList","@id":"https:\/\/siemysli-ke.info\/de\/medialny-festiwal-bzdury\/#breadcrumb","itemListElement":[{"@type":"ListItem","position":1,"name":"Home","item":"https:\/\/siemysli-ke.info\/de\/"},{"@type":"ListItem","position":2,"name":"Medialny festiwal bzdury"}]},{"@type":"WebSite","@id":"https:\/\/siemysli-ke.info\/de\/#website","url":"https:\/\/siemysli-ke.info\/de\/","name":"SI\u0118 MY\u015aLI","description":"","publisher":{"@id":"https:\/\/siemysli-ke.info\/de\/#organization"},"potentialAction":[{"@type":"SearchAction","target":{"@type":"EntryPoint","urlTemplate":"https:\/\/siemysli-ke.info\/de\/?s={search_term_string}"},"query-input":{"@type":"PropertyValueSpecification","valueRequired":true,"valueName":"search_term_string"}}],"inLanguage":"de"},{"@type":"Organization","@id":"https:\/\/siemysli-ke.info\/de\/#organization","name":"SI\u0118 MY\u015aLI","url":"https:\/\/siemysli-ke.info\/de\/","logo":{"@type":"ImageObject","inLanguage":"de","@id":"https:\/\/siemysli-ke.info\/de\/#\/schema\/logo\/image\/","url":"https:\/\/siemysli-ke.info\/wp-content\/uploads\/2025\/05\/99.png","contentUrl":"https:\/\/siemysli-ke.info\/wp-content\/uploads\/2025\/05\/99.png","width":270,"height":204,"caption":"SI\u0118 MY\u015aLI"},"image":{"@id":"https:\/\/siemysli-ke.info\/de\/#\/schema\/logo\/image\/"}},{"@type":"Person","@id":"https:\/\/siemysli-ke.info\/#\/schema\/person\/048295918d7858e90e57d1a2c2b5da74","name":"admin","image":{"@type":"ImageObject","inLanguage":"de","@id":"https:\/\/siemysli-ke.info\/de\/#\/schema\/person\/image\/","url":"https:\/\/secure.gravatar.com\/avatar\/9acf729117e1cff813c07ba085b25a76702049ffb5efe3425388cd1a019577de?s=96&d=mm&r=g","contentUrl":"https:\/\/secure.gravatar.com\/avatar\/9acf729117e1cff813c07ba085b25a76702049ffb5efe3425388cd1a019577de?s=96&d=mm&r=g","caption":"admin"},"url":"https:\/\/siemysli-ke.info\/de\/author\/admin\/"}]}},"_links":{"self":[{"href":"https:\/\/siemysli-ke.info\/de\/wp-json\/wp\/v2\/posts\/912","targetHints":{"allow":["GET"]}}],"collection":[{"href":"https:\/\/siemysli-ke.info\/de\/wp-json\/wp\/v2\/posts"}],"about":[{"href":"https:\/\/siemysli-ke.info\/de\/wp-json\/wp\/v2\/types\/post"}],"author":[{"embeddable":true,"href":"https:\/\/siemysli-ke.info\/de\/wp-json\/wp\/v2\/users\/1"}],"replies":[{"embeddable":true,"href":"https:\/\/siemysli-ke.info\/de\/wp-json\/wp\/v2\/comments?post=912"}],"version-history":[{"count":0,"href":"https:\/\/siemysli-ke.info\/de\/wp-json\/wp\/v2\/posts\/912\/revisions"}],"wp:attachment":[{"href":"https:\/\/siemysli-ke.info\/de\/wp-json\/wp\/v2\/media?parent=912"}],"wp:term":[{"taxonomy":"category","embeddable":true,"href":"https:\/\/siemysli-ke.info\/de\/wp-json\/wp\/v2\/categories?post=912"},{"taxonomy":"post_tag","embeddable":true,"href":"https:\/\/siemysli-ke.info\/de\/wp-json\/wp\/v2\/tags?post=912"}],"curies":[{"name":"wp","href":"https:\/\/api.w.org\/{rel}","templated":true}]}}