 {"id":716,"date":"2011-11-13T12:29:11","date_gmt":"2011-11-13T12:29:11","guid":{"rendered":"http:\/\/www.bezjarzmowie.info.ke\/test\/?p=716"},"modified":"2013-11-13T23:37:07","modified_gmt":"2013-11-13T22:37:07","slug":"warszawa-nie-moj-problem","status":"publish","type":"post","link":"https:\/\/siemysli-ke.info\/de\/warszawa-nie-moj-problem\/","title":{"rendered":"Warszawa? Nie m\u00f3j problem!"},"content":{"rendered":"<p style=\"text-align: justify;\"><span style=\"font-size: small;\">Jako mieszkaniec innego miasta ni\u017c Warszawa, o\u015bwiadczam i\u017c nie interesuje mnie, jak miasto sto\u0142eczne nie radzi sobie z organizacj\u0105 imprez masowych i zabezpieczeniem porz\u0105dku. Nie chc\u0119 te\u017c by\u0107 bombardowany informacjami regionalnymi ze stolicy w og\u00f3lnopolskich mediach i nie dam sobie wm\u00f3wi\u0107, \u017ce problemy Warszawy s\u0105 problemami ca\u0142ej Polski. Dzi\u0119kuj\u0119&#8230;<!--more--><\/span><\/p>\n<p style=\"text-align: justify;\"><span style=\"font-size: small;\">Imprezy zwi\u0105zane z 11. listopada odbywa\u0142y si\u0119 w ca\u0142ej Polsce. Brali w niej udzia\u0142, a jak\u017ce, przedstawiciele skrajnej prawicy, kibice, ale r\u00f3wnie\u017c inne si\u0142y spo\u0142eczno-polityczne i subkultury, organa w\u0142adzy samorz\u0105dowej, organizacje, stowarzyszenia, zwi\u0105zki wyznaniowe, \u015brodowiska dziennikarskie&#8230; Odbywa\u0142y si\u0119 marsze, pokazy cywilno-wojskowe, niepodleg\u0142o\u015bciowe maratony, a nawet okoliczno\u015bciowe turnieje ping-ponga.<\/span><\/p>\n<p style=\"text-align: justify;\"><span style=\"font-size: small;\">Media jednak, z uporem maniaka, wciskaj\u0105 nam warszawsk\u0105, regionaln\u0105 tematyk\u0119, jako problem ca\u0142ego kraju. Nie, nie, po trzykro\u0107 nie!<\/span><\/p>\n<p style=\"text-align: justify;\"><span style=\"font-size: small;\">Po pierwsze&#8230; To, \u017ce wi\u0119kszo\u015b\u0107 og\u00f3lnopolskich medi\u00f3w ma swoje redakcje w Warszawie, to jeszcze nie pow\u00f3d a\u017ceby przy relacjach z obchod\u00f3w 11. listopada &#8211; tworz\u0105c serwisy dla ca\u0142ej Polski &#8211; stosowa\u0107 proporcje 3 \/ 4 (trzy newsy ze stolicy na cztery obecne w serwisie). To zwyk\u0142e upychanie ca\u0142o\u015bci informacjami ze swojej w\u0142asnej miedzy, bo tak najpro\u015bciej. A to, \u017ce w Warszawie by\u0142a zadyma, to nie dow\u00f3d na to, \u017ce jest to wa\u017cniejszy temat od spokojnych i radosnych obchod\u00f3w, chocia\u017cby w Krakowie.<\/span><\/p>\n<p style=\"text-align: justify;\"><span style=\"font-size: small;\">Po drugie: bana\u0142, wiem, ale Polska to nie tylko Warszawa.<\/span><\/p>\n<p style=\"text-align: justify;\"><span style=\"font-size: small;\">Po trzecie: problemy jakimi \u017cyje stolica, to \u017ce pozwala na ustawki kiboli w centrum miasta, to nie dow\u00f3d na to, \u017ce w kraju mamy problem z brakiem zrozumienia dla symboliki \u015awi\u0119ta Niepodleg\u0142o\u015bci. W Krakowie (by trzyma\u0107 si\u0119 tego przyk\u0142adu) zadym nie by\u0142o.\u00a0 Ca\u0142a Polska ma problem, z wyj\u0105tkiem Krakowa? Nie dajmy sobie podrzuca\u0107 kuku\u0142czych jaj.<\/span><\/p>\n<p style=\"text-align: justify;\"><span style=\"font-size: small;\">Po czwarte: by\u0107 mo\u017ce trudno to sobie uzmys\u0142owi\u0107 mieszka\u0144com stolicy, ale wi\u0119kszo\u015b\u0107 naszego kraju jest silniej zwi\u0105zana ze swoim lokalnym miejscem zamieszkania i przez pryzmat swoich &#8222;ma\u0142ych ojczyzn&#8220; definiuje sw\u00f3j patriotyzm. Nie za\u015b przez pryzmat bol\u0105czek stolicy i kibolskich bitew na jej ulicach.<\/span><\/p>\n<p style=\"text-align: justify;\"><span style=\"font-size: small;\">Chcia\u0142bym mie\u0107 nadziej\u0119, \u017ce doczekam takiej Polski, w kt\u00f3rej polityka informacyjna medi\u00f3w opiera\u0107 b\u0119dzie si\u0119 na zasadzie &#8222;jeste\u015bmy tam, gdzie nas potrzebuj\u0105&#8220;, a nie za\u015b &#8222;\u015bci\u0105gajmy uwag\u0119 ludzi, tam gdzie my\u00a0 jej potrzebujemy&#8220;.<\/span><\/p>\n<p style=\"text-align: right;\"><strong>Jarek Wielokrop<\/strong><\/p>\n<p>&nbsp;<\/p>\n<p>&nbsp;<\/p>\n","protected":false},"excerpt":{"rendered":"<p>Jako mieszkaniec innego miasta ni\u017c Warszawa, o\u015bwiadczam i\u017c nie interesuje mnie, jak miasto sto\u0142eczne nie radzi sobie z organizacj\u0105 imprez<\/p>\n","protected":false},"author":1,"featured_media":0,"comment_status":"open","ping_status":"open","sticky":false,"template":"","format":"standard","meta":{"colormag_page_layout":"default_layout","footnotes":""},"categories":[7,81],"tags":[216,338,358,129,361,360,359],"class_list":["post-716","post","type-post","status-publish","format-standard","hentry","category-gospodarka","category-rzeczpospolita","tag-11-listopada","tag-jarek-wielokrop","tag-kibolskie-bitwy","tag-krakow","tag-polityka-informacyjna-mediow","tag-polska-to-nie-tylko-warszawa","tag-warszawa"],"yoast_head":"<!-- This site is optimized with the Yoast SEO plugin v25.1 - https:\/\/yoast.com\/wordpress\/plugins\/seo\/ -->\n<title>Warszawa? Nie m\u00f3j problem! - SI\u0118 MY\u015aLI<\/title>\n<meta name=\"robots\" content=\"index, follow, max-snippet:-1, max-image-preview:large, max-video-preview:-1\" \/>\n<link rel=\"canonical\" href=\"https:\/\/siemysli-ke.info\/de\/warszawa-nie-moj-problem\/\" \/>\n<meta property=\"og:locale\" content=\"de_DE\" \/>\n<meta property=\"og:type\" content=\"article\" \/>\n<meta property=\"og:title\" content=\"Warszawa? Nie m\u00f3j problem! - SI\u0118 MY\u015aLI\" \/>\n<meta property=\"og:description\" content=\"Jako mieszkaniec innego miasta ni\u017c Warszawa, o\u015bwiadczam i\u017c nie interesuje mnie, jak miasto sto\u0142eczne nie radzi sobie z organizacj\u0105 imprez\" \/>\n<meta property=\"og:url\" content=\"https:\/\/siemysli-ke.info\/de\/warszawa-nie-moj-problem\/\" \/>\n<meta property=\"og:site_name\" content=\"SI\u0118 MY\u015aLI\" \/>\n<meta property=\"article:published_time\" content=\"2011-11-13T12:29:11+00:00\" \/>\n<meta property=\"article:modified_time\" content=\"2013-11-13T22:37:07+00:00\" \/>\n<meta name=\"author\" content=\"admin\" \/>\n<meta name=\"twitter:label1\" content=\"Verfasst von\" \/>\n\t<meta name=\"twitter:data1\" content=\"admin\" \/>\n\t<meta name=\"twitter:label2\" content=\"Gesch\u00e4tzte Lesezeit\" \/>\n\t<meta name=\"twitter:data2\" content=\"2\u00a0Minuten\" \/>\n<script type=\"application\/ld+json\" class=\"yoast-schema-graph\">{\"@context\":\"https:\/\/schema.org\",\"@graph\":[{\"@type\":\"Article\",\"@id\":\"https:\/\/siemysli-ke.info\/de\/warszawa-nie-moj-problem\/#article\",\"isPartOf\":{\"@id\":\"https:\/\/siemysli-ke.info\/de\/warszawa-nie-moj-problem\/\"},\"author\":{\"name\":\"admin\",\"@id\":\"https:\/\/siemysli-ke.info\/#\/schema\/person\/048295918d7858e90e57d1a2c2b5da74\"},\"headline\":\"Warszawa? Nie m\u00f3j problem!\",\"datePublished\":\"2011-11-13T12:29:11+00:00\",\"dateModified\":\"2013-11-13T22:37:07+00:00\",\"mainEntityOfPage\":{\"@id\":\"https:\/\/siemysli-ke.info\/de\/warszawa-nie-moj-problem\/\"},\"wordCount\":405,\"commentCount\":0,\"publisher\":{\"@id\":\"https:\/\/siemysli-ke.info\/#organization\"},\"keywords\":[\"11 Listopada\",\"Jarek Wielokrop\",\"kibolskie bitwy\",\"Krak\u00f3w\",\"polityka informacyjna medi\u00f3w\",\"Polska to nie tylko Warszawa\",\"Warszawa\"],\"articleSection\":[\"Gospodarka i polityka\",\"Rzeczypospolita\"],\"inLanguage\":\"de\",\"potentialAction\":[{\"@type\":\"CommentAction\",\"name\":\"Comment\",\"target\":[\"https:\/\/siemysli-ke.info\/de\/warszawa-nie-moj-problem\/#respond\"]}]},{\"@type\":\"WebPage\",\"@id\":\"https:\/\/siemysli-ke.info\/de\/warszawa-nie-moj-problem\/\",\"url\":\"https:\/\/siemysli-ke.info\/de\/warszawa-nie-moj-problem\/\",\"name\":\"Warszawa? Nie m\u00f3j problem! - SI\u0118 MY\u015aLI\",\"isPartOf\":{\"@id\":\"https:\/\/siemysli-ke.info\/de\/#website\"},\"datePublished\":\"2011-11-13T12:29:11+00:00\",\"dateModified\":\"2013-11-13T22:37:07+00:00\",\"breadcrumb\":{\"@id\":\"https:\/\/siemysli-ke.info\/de\/warszawa-nie-moj-problem\/#breadcrumb\"},\"inLanguage\":\"de\",\"potentialAction\":[{\"@type\":\"ReadAction\",\"target\":[[\"https:\/\/siemysli-ke.info\/de\/warszawa-nie-moj-problem\/\"]]}]},{\"@type\":\"BreadcrumbList\",\"@id\":\"https:\/\/siemysli-ke.info\/de\/warszawa-nie-moj-problem\/#breadcrumb\",\"itemListElement\":[{\"@type\":\"ListItem\",\"position\":1,\"name\":\"Home\",\"item\":\"https:\/\/siemysli-ke.info\/de\/\"},{\"@type\":\"ListItem\",\"position\":2,\"name\":\"Warszawa? Nie m\u00f3j problem!\"}]},{\"@type\":\"WebSite\",\"@id\":\"https:\/\/siemysli-ke.info\/de\/#website\",\"url\":\"https:\/\/siemysli-ke.info\/de\/\",\"name\":\"SI\u0118 MY\u015aLI\",\"description\":\"\",\"publisher\":{\"@id\":\"https:\/\/siemysli-ke.info\/de\/#organization\"},\"potentialAction\":[{\"@type\":\"SearchAction\",\"target\":{\"@type\":\"EntryPoint\",\"urlTemplate\":\"https:\/\/siemysli-ke.info\/de\/?s={search_term_string}\"},\"query-input\":{\"@type\":\"PropertyValueSpecification\",\"valueRequired\":true,\"valueName\":\"search_term_string\"}}],\"inLanguage\":\"de\"},{\"@type\":\"Organization\",\"@id\":\"https:\/\/siemysli-ke.info\/de\/#organization\",\"name\":\"SI\u0118 MY\u015aLI\",\"url\":\"https:\/\/siemysli-ke.info\/de\/\",\"logo\":{\"@type\":\"ImageObject\",\"inLanguage\":\"de\",\"@id\":\"https:\/\/siemysli-ke.info\/de\/#\/schema\/logo\/image\/\",\"url\":\"https:\/\/siemysli-ke.info\/wp-content\/uploads\/2025\/05\/99.png\",\"contentUrl\":\"https:\/\/siemysli-ke.info\/wp-content\/uploads\/2025\/05\/99.png\",\"width\":270,\"height\":204,\"caption\":\"SI\u0118 MY\u015aLI\"},\"image\":{\"@id\":\"https:\/\/siemysli-ke.info\/de\/#\/schema\/logo\/image\/\"}},{\"@type\":\"Person\",\"@id\":\"https:\/\/siemysli-ke.info\/#\/schema\/person\/048295918d7858e90e57d1a2c2b5da74\",\"name\":\"admin\",\"image\":{\"@type\":\"ImageObject\",\"inLanguage\":\"de\",\"@id\":\"https:\/\/siemysli-ke.info\/de\/#\/schema\/person\/image\/\",\"url\":\"https:\/\/secure.gravatar.com\/avatar\/9acf729117e1cff813c07ba085b25a76702049ffb5efe3425388cd1a019577de?s=96&d=mm&r=g\",\"contentUrl\":\"https:\/\/secure.gravatar.com\/avatar\/9acf729117e1cff813c07ba085b25a76702049ffb5efe3425388cd1a019577de?s=96&d=mm&r=g\",\"caption\":\"admin\"},\"url\":\"https:\/\/siemysli-ke.info\/de\/author\/admin\/\"}]}<\/script>\n<!-- \/ Yoast SEO plugin. -->","yoast_head_json":{"title":"Warszawa? Nie m\u00f3j problem! - SI\u0118 MY\u015aLI","robots":{"index":"index","follow":"follow","max-snippet":"max-snippet:-1","max-image-preview":"max-image-preview:large","max-video-preview":"max-video-preview:-1"},"canonical":"https:\/\/siemysli-ke.info\/de\/warszawa-nie-moj-problem\/","og_locale":"de_DE","og_type":"article","og_title":"Warszawa? Nie m\u00f3j problem! - SI\u0118 MY\u015aLI","og_description":"Jako mieszkaniec innego miasta ni\u017c Warszawa, o\u015bwiadczam i\u017c nie interesuje mnie, jak miasto sto\u0142eczne nie radzi sobie z organizacj\u0105 imprez","og_url":"https:\/\/siemysli-ke.info\/de\/warszawa-nie-moj-problem\/","og_site_name":"SI\u0118 MY\u015aLI","article_published_time":"2011-11-13T12:29:11+00:00","article_modified_time":"2013-11-13T22:37:07+00:00","author":"admin","twitter_misc":{"Verfasst von":"admin","Gesch\u00e4tzte Lesezeit":"2\u00a0Minuten"},"schema":{"@context":"https:\/\/schema.org","@graph":[{"@type":"Article","@id":"https:\/\/siemysli-ke.info\/de\/warszawa-nie-moj-problem\/#article","isPartOf":{"@id":"https:\/\/siemysli-ke.info\/de\/warszawa-nie-moj-problem\/"},"author":{"name":"admin","@id":"https:\/\/siemysli-ke.info\/#\/schema\/person\/048295918d7858e90e57d1a2c2b5da74"},"headline":"Warszawa? Nie m\u00f3j problem!","datePublished":"2011-11-13T12:29:11+00:00","dateModified":"2013-11-13T22:37:07+00:00","mainEntityOfPage":{"@id":"https:\/\/siemysli-ke.info\/de\/warszawa-nie-moj-problem\/"},"wordCount":405,"commentCount":0,"publisher":{"@id":"https:\/\/siemysli-ke.info\/#organization"},"keywords":["11 Listopada","Jarek Wielokrop","kibolskie bitwy","Krak\u00f3w","polityka informacyjna medi\u00f3w","Polska to nie tylko Warszawa","Warszawa"],"articleSection":["Gospodarka i polityka","Rzeczypospolita"],"inLanguage":"de","potentialAction":[{"@type":"CommentAction","name":"Comment","target":["https:\/\/siemysli-ke.info\/de\/warszawa-nie-moj-problem\/#respond"]}]},{"@type":"WebPage","@id":"https:\/\/siemysli-ke.info\/de\/warszawa-nie-moj-problem\/","url":"https:\/\/siemysli-ke.info\/de\/warszawa-nie-moj-problem\/","name":"Warszawa? Nie m\u00f3j problem! - SI\u0118 MY\u015aLI","isPartOf":{"@id":"https:\/\/siemysli-ke.info\/de\/#website"},"datePublished":"2011-11-13T12:29:11+00:00","dateModified":"2013-11-13T22:37:07+00:00","breadcrumb":{"@id":"https:\/\/siemysli-ke.info\/de\/warszawa-nie-moj-problem\/#breadcrumb"},"inLanguage":"de","potentialAction":[{"@type":"ReadAction","target":[["https:\/\/siemysli-ke.info\/de\/warszawa-nie-moj-problem\/"]]}]},{"@type":"BreadcrumbList","@id":"https:\/\/siemysli-ke.info\/de\/warszawa-nie-moj-problem\/#breadcrumb","itemListElement":[{"@type":"ListItem","position":1,"name":"Home","item":"https:\/\/siemysli-ke.info\/de\/"},{"@type":"ListItem","position":2,"name":"Warszawa? Nie m\u00f3j problem!"}]},{"@type":"WebSite","@id":"https:\/\/siemysli-ke.info\/de\/#website","url":"https:\/\/siemysli-ke.info\/de\/","name":"SI\u0118 MY\u015aLI","description":"","publisher":{"@id":"https:\/\/siemysli-ke.info\/de\/#organization"},"potentialAction":[{"@type":"SearchAction","target":{"@type":"EntryPoint","urlTemplate":"https:\/\/siemysli-ke.info\/de\/?s={search_term_string}"},"query-input":{"@type":"PropertyValueSpecification","valueRequired":true,"valueName":"search_term_string"}}],"inLanguage":"de"},{"@type":"Organization","@id":"https:\/\/siemysli-ke.info\/de\/#organization","name":"SI\u0118 MY\u015aLI","url":"https:\/\/siemysli-ke.info\/de\/","logo":{"@type":"ImageObject","inLanguage":"de","@id":"https:\/\/siemysli-ke.info\/de\/#\/schema\/logo\/image\/","url":"https:\/\/siemysli-ke.info\/wp-content\/uploads\/2025\/05\/99.png","contentUrl":"https:\/\/siemysli-ke.info\/wp-content\/uploads\/2025\/05\/99.png","width":270,"height":204,"caption":"SI\u0118 MY\u015aLI"},"image":{"@id":"https:\/\/siemysli-ke.info\/de\/#\/schema\/logo\/image\/"}},{"@type":"Person","@id":"https:\/\/siemysli-ke.info\/#\/schema\/person\/048295918d7858e90e57d1a2c2b5da74","name":"admin","image":{"@type":"ImageObject","inLanguage":"de","@id":"https:\/\/siemysli-ke.info\/de\/#\/schema\/person\/image\/","url":"https:\/\/secure.gravatar.com\/avatar\/9acf729117e1cff813c07ba085b25a76702049ffb5efe3425388cd1a019577de?s=96&d=mm&r=g","contentUrl":"https:\/\/secure.gravatar.com\/avatar\/9acf729117e1cff813c07ba085b25a76702049ffb5efe3425388cd1a019577de?s=96&d=mm&r=g","caption":"admin"},"url":"https:\/\/siemysli-ke.info\/de\/author\/admin\/"}]}},"_links":{"self":[{"href":"https:\/\/siemysli-ke.info\/de\/wp-json\/wp\/v2\/posts\/716","targetHints":{"allow":["GET"]}}],"collection":[{"href":"https:\/\/siemysli-ke.info\/de\/wp-json\/wp\/v2\/posts"}],"about":[{"href":"https:\/\/siemysli-ke.info\/de\/wp-json\/wp\/v2\/types\/post"}],"author":[{"embeddable":true,"href":"https:\/\/siemysli-ke.info\/de\/wp-json\/wp\/v2\/users\/1"}],"replies":[{"embeddable":true,"href":"https:\/\/siemysli-ke.info\/de\/wp-json\/wp\/v2\/comments?post=716"}],"version-history":[{"count":0,"href":"https:\/\/siemysli-ke.info\/de\/wp-json\/wp\/v2\/posts\/716\/revisions"}],"wp:attachment":[{"href":"https:\/\/siemysli-ke.info\/de\/wp-json\/wp\/v2\/media?parent=716"}],"wp:term":[{"taxonomy":"category","embeddable":true,"href":"https:\/\/siemysli-ke.info\/de\/wp-json\/wp\/v2\/categories?post=716"},{"taxonomy":"post_tag","embeddable":true,"href":"https:\/\/siemysli-ke.info\/de\/wp-json\/wp\/v2\/tags?post=716"}],"curies":[{"name":"wp","href":"https:\/\/api.w.org\/{rel}","templated":true}]}}