 {"id":608,"date":"2013-10-01T07:51:00","date_gmt":"2013-10-01T05:51:00","guid":{"rendered":"http:\/\/www.siemysli.info.ke\/?p=608"},"modified":"2013-11-15T22:17:48","modified_gmt":"2013-11-15T21:17:48","slug":"podwyzka-podatku-dla-najbogatszych","status":"publish","type":"post","link":"https:\/\/siemysli-ke.info\/de\/podwyzka-podatku-dla-najbogatszych\/","title":{"rendered":"Podwy\u017cka podatku dla najbogatszych"},"content":{"rendered":"<p style=\"text-align: justify;\"><a href=\"http:\/\/www.siemysli.info.ke\/wp-content\/uploads\/2013\/10\/Sp\u0142aszczanie-komina-p\u0142acowego.jpg\" rel=\"lightbox[608]\"><img decoding=\"async\" class=\"size-thumbnail wp-image-609 alignleft\" alt=\"Sp\u0142aszczanie-komina-p\u0142acowego\" src=\"http:\/\/www.siemysli.info.ke\/wp-content\/uploads\/2013\/10\/Sp\u0142aszczanie-komina-p\u0142acowego-150x150.jpg\" width=\"150\" height=\"150\" srcset=\"https:\/\/siemysli-ke.info\/wp-content\/uploads\/2013\/10\/Sp\u0142aszczanie-komina-p\u0142acowego-150x150.jpg 150w, https:\/\/siemysli-ke.info\/wp-content\/uploads\/2013\/10\/Sp\u0142aszczanie-komina-p\u0142acowego-64x64.jpg 64w\" sizes=\"(max-width: 150px) 100vw, 150px\" \/><\/a>Ostatnio s\u0142ycha\u0107 wypowiedzi przedstawicieli r\u00f3\u017cnych opcji politycznych, w kt\u00f3rych proponuj\u0105 podwy\u017ck\u0119 podatk\u00f3w dla najbogatszych Polak\u00f3w. Zacz\u0105\u0142em si\u0119 zastanawia\u0107 \u2013 czy podwy\u017cka podatku najbogatszym naprawd\u0119 dotknie jedynie najbogatszych? Aby sobie na postawione pytanie odpowiedzie\u0107, potrzebna do tego jest wyobra\u017ania, zwyk\u0142a, wcale nie wybuja\u0142a. Zanim t\u0119 wyobra\u017ani\u0119 uruchomimy, konieczne jest zadanie sobie kolejnych pyta\u0144 pomocniczych. Zaczn\u0119 od pytania \u2013 kto w Polsce jest najbogatszym i jakie s\u0105 relacje mi\u0119dzy nim a reszt\u0105 towarzystwa \u2013 t\u0105 biedniejsz\u0105? Nast\u0119pnie nale\u017ca\u0142oby sobie odpowiedzie\u0107, jak zareaguje osobnik \u2013 cho\u0107 bogaty \u2013 na uszczuplenie jego zasob\u00f3w finansowych?<\/p>\n<p style=\"text-align: justify;\">Zaczynaj\u0105c od pierwszego pytania, my\u015bl\u0119, \u017ce nie pope\u0142ni\u0119 du\u017cego b\u0142\u0119du, zaliczaj\u0105c do najbogatszych ludzi, zajmuj\u0105cych stanowiska kierownicze w firmach \u2013 tak prywatnych jak i pa\u0144stwowych. Jakie s\u0105 relacje mi\u0119dzy kierownikiem a pracownikiem, chyba nikomu nie trzeba t\u0142umaczy\u0107\u2026 Ka\u017cdy z w\u0142asnego do\u015bwiadczenia wie, jakie one s\u0105. Wiadomo te\u017c, i\u017c podw\u0142adni stanowi\u0105 biedniejsz\u0105 cz\u0119\u015b\u0107 spo\u0142ecze\u0144stwa \u2013 co do tego tak\u017ce nikogo nie trzeba przekonywa\u0107\u2026<\/p>\n<p style=\"text-align: justify;\">Pewnie domy\u015blacie si\u0119 tak\u017ce, jak osobnik na kierowniczym stanowisku zareaguje na uszczuplenie swojego uposa\u017cenia. Na wszelki wypadek wypowiem si\u0119 w swoim imieniu \u2013 jak ja to widz\u0119. Ze wszystkich stron docieraj\u0105 do mnie sygna\u0142y, nios\u0105ce informacje o podejmowanych ruchach \u015brodowisk kierowniczych. Wszystko odbywa si\u0119 zgodnie z \u201eplanem\u201d i z moimi przewidywaniami.<\/p>\n<p style=\"text-align: justify;\">\u015arodowisko prezes\u00f3w\/dyrektor\u00f3w obmy\u015bla sposoby odzyskania utraconych apana\u017cy. Sposoby sposobami, mo\u017ce by\u0107 ich wiele, ale \u017ar\u00f3d\u0142o, z kt\u00f3rego mo\u017cna czerpa\u0107 \u015brodki jest jedno \u2013 zyski firm. A ich podzia\u0142 \u2013 funkcyjnie \u2013 przynale\u017cy kierownictwu firmy. Aby wi\u0119c kierownictwo pozosta\u0142o \u2013 po oddaniu wi\u0119kszej doli pa\u0144stwu \u2013 przy swoim, musi si\u0119gn\u0105\u0107 do kieszeni personelu z ni\u017cszych ogniw, kom\u00f3rek czy szczebli struktury organizacyjnej firmy. Zaznacz\u0119, \u017ce nie wierz\u0119, aby kto\u015b z dobrej, niewymuszonej woli pogodzi\u0142 si\u0119 z obni\u017ceniem swoich zarobk\u00f3w \u2013 maj\u0105c mo\u017cliwo\u015b\u0107 powrotu do stanu pierwotnego, cho\u0107by kosztem swoich podw\u0142adnych. Filantrop\u00f3w w Polsce \u2013 cho\u0107by i ze \u015bwiec\u0105 szuka\u0142 \u2013 nie znajdzie.<\/p>\n<p style=\"text-align: justify;\">Dlatego og\u0142aszam &#8211; i to dono\u015bnym g\u0142osem &#8211; i\u017c ca\u0142a operacja, maj\u0105ca na celu zubo\u017cenie bogatych \u2013 zubo\u017cy biednych! Znowu zauwa\u017camy s\u0142uszno\u015b\u0107 powiedzenia: \u201ePrzys\u0142owie prawd\u0119 ci powie\u201d. A nie ma chyba takiego, kto by nie s\u0142ysza\u0142 przys\u0142owia: \u201eBiednemu zawsze wiatr w oczy wieje\u201d. I c\u00f3\u017c Wy, Czytelnicy Mili, na moje dywagacje powiecie?<\/p>\n<p style=\"text-align: justify;\">Ale to jeszcze nie koniec moich. Uwa\u017cam, \u017ce polscy politycy, wszelkiej zreszt\u0105 ma\u015bci, potrafi\u0105 my\u015ble\u0107 wy\u0142\u0105cznie o wyszukiwaniu \u017ar\u00f3de\u0142 ciek\u00f3w pieni\u0119\u017cnych, tocz\u0105cych swoje nurty do bud\u017cetu pa\u0144stwa. A czyni\u0105 to jedynie dlatego, by mie\u0107 wi\u0119ksz\u0105 pul\u0119 do podzia\u0142u \u2013 mi\u0119dzy siebie tak\u017ce. Nasi politycy \u2013 jakie\u015b tam \u2013 zmniejszenie dysproporcji p\u0142acowych maj\u0105 w g\u0142\u0119bokim powa\u017caniu.<\/p>\n<p style=\"text-align: justify;\">Przecie\u017c nie spos\u00f3b, \u017ceby ludzie z dyplomami magisterskimi nie byli w stanie przewidzie\u0107, na kim si\u0119 skrupi taka operacja\u2026 Gdyby rzeczywi\u015bcie chcieli zmniejszy\u0107 dysproporcje mi\u0119dzy najwy\u017csz\u0105 a najni\u017csz\u0105 pensj\u0105, wprowadziliby ustawowo regulacj\u0119, ograniczaj\u0105c\u0105 rozpi\u0119to\u015bci p\u0142acowe. Np: \u201eR\u00f3\u017cnice p\u0142acowe w jednym zak\u0142adzie pracy nie mog\u0105 przekracza\u0107 pi\u0119ciu, czy sze\u015bciu najni\u017cszych pensji\u201d. I sprawa by\u0142aby za\u0142atwiona na medal. Zlikwidowano by te\u017c olbrzymie, pozbawione jakiegokolwiek uzasadnienia ekonomicznego, kominy p\u0142acowe. A mo\u017ce by \u2013 przy okazji \u2013 i protest\u00f3w uby\u0142o?<\/p>\n<p style=\"text-align: justify;\">\n<p style=\"text-align: right;\"><strong>Tadeusz \u015aledziewski<\/strong><\/p>\n","protected":false},"excerpt":{"rendered":"<p>Ostatnio s\u0142ycha\u0107 wypowiedzi przedstawicieli r\u00f3\u017cnych opcji politycznych, w kt\u00f3rych proponuj\u0105 podwy\u017ck\u0119 podatk\u00f3w dla najbogatszych Polak\u00f3w. Zacz\u0105\u0142em si\u0119 zastanawia\u0107 \u2013 czy<\/p>\n","protected":false},"author":1,"featured_media":609,"comment_status":"open","ping_status":"open","sticky":false,"template":"","format":"standard","meta":{"colormag_page_layout":"default_layout","footnotes":""},"categories":[7,81],"tags":[89,92],"class_list":["post-608","post","type-post","status-publish","format-standard","has-post-thumbnail","hentry","category-gospodarka","category-rzeczpospolita","tag-breaking","tag-headline"],"yoast_head":"<!-- This site is optimized with the Yoast SEO plugin v25.1 - https:\/\/yoast.com\/wordpress\/plugins\/seo\/ -->\n<title>Podwy\u017cka podatku dla najbogatszych - SI\u0118 MY\u015aLI<\/title>\n<meta name=\"robots\" content=\"index, follow, max-snippet:-1, max-image-preview:large, max-video-preview:-1\" \/>\n<link rel=\"canonical\" href=\"https:\/\/siemysli-ke.info\/de\/podwyzka-podatku-dla-najbogatszych\/\" \/>\n<meta property=\"og:locale\" content=\"de_DE\" \/>\n<meta property=\"og:type\" content=\"article\" \/>\n<meta property=\"og:title\" content=\"Podwy\u017cka podatku dla najbogatszych - SI\u0118 MY\u015aLI\" \/>\n<meta property=\"og:description\" content=\"Ostatnio s\u0142ycha\u0107 wypowiedzi przedstawicieli r\u00f3\u017cnych opcji politycznych, w kt\u00f3rych proponuj\u0105 podwy\u017ck\u0119 podatk\u00f3w dla najbogatszych Polak\u00f3w. Zacz\u0105\u0142em si\u0119 zastanawia\u0107 \u2013 czy\" \/>\n<meta property=\"og:url\" content=\"https:\/\/siemysli-ke.info\/de\/podwyzka-podatku-dla-najbogatszych\/\" \/>\n<meta property=\"og:site_name\" content=\"SI\u0118 MY\u015aLI\" \/>\n<meta property=\"article:published_time\" content=\"2013-10-01T05:51:00+00:00\" \/>\n<meta property=\"article:modified_time\" content=\"2013-11-15T21:17:48+00:00\" \/>\n<meta property=\"og:image\" content=\"https:\/\/siemysli-ke.info\/wp-content\/uploads\/2013\/10\/Sp\u0142aszczanie-komina-p\u0142acowego.jpg\" \/>\n\t<meta property=\"og:image:width\" content=\"300\" \/>\n\t<meta property=\"og:image:height\" content=\"188\" \/>\n\t<meta property=\"og:image:type\" content=\"image\/jpeg\" \/>\n<meta name=\"author\" content=\"admin\" \/>\n<meta name=\"twitter:label1\" content=\"Verfasst von\" \/>\n\t<meta name=\"twitter:data1\" content=\"admin\" \/>\n\t<meta name=\"twitter:label2\" content=\"Gesch\u00e4tzte Lesezeit\" \/>\n\t<meta name=\"twitter:data2\" content=\"3\u00a0Minuten\" \/>\n<script type=\"application\/ld+json\" class=\"yoast-schema-graph\">{\"@context\":\"https:\/\/schema.org\",\"@graph\":[{\"@type\":\"Article\",\"@id\":\"https:\/\/siemysli-ke.info\/de\/podwyzka-podatku-dla-najbogatszych\/#article\",\"isPartOf\":{\"@id\":\"https:\/\/siemysli-ke.info\/de\/podwyzka-podatku-dla-najbogatszych\/\"},\"author\":{\"name\":\"admin\",\"@id\":\"https:\/\/siemysli-ke.info\/#\/schema\/person\/048295918d7858e90e57d1a2c2b5da74\"},\"headline\":\"Podwy\u017cka podatku dla najbogatszych\",\"datePublished\":\"2013-10-01T05:51:00+00:00\",\"dateModified\":\"2013-11-15T21:17:48+00:00\",\"mainEntityOfPage\":{\"@id\":\"https:\/\/siemysli-ke.info\/de\/podwyzka-podatku-dla-najbogatszych\/\"},\"wordCount\":586,\"commentCount\":4,\"publisher\":{\"@id\":\"https:\/\/siemysli-ke.info\/#organization\"},\"image\":{\"@id\":\"https:\/\/siemysli-ke.info\/de\/podwyzka-podatku-dla-najbogatszych\/#primaryimage\"},\"thumbnailUrl\":\"https:\/\/siemysli-ke.info\/wp-content\/uploads\/2013\/10\/Sp\u0142aszczanie-komina-p\u0142acowego.jpg\",\"keywords\":[\"breaking\",\"headline\"],\"articleSection\":[\"Gospodarka i polityka\",\"Rzeczypospolita\"],\"inLanguage\":\"de\",\"potentialAction\":[{\"@type\":\"CommentAction\",\"name\":\"Comment\",\"target\":[\"https:\/\/siemysli-ke.info\/de\/podwyzka-podatku-dla-najbogatszych\/#respond\"]}]},{\"@type\":\"WebPage\",\"@id\":\"https:\/\/siemysli-ke.info\/de\/podwyzka-podatku-dla-najbogatszych\/\",\"url\":\"https:\/\/siemysli-ke.info\/de\/podwyzka-podatku-dla-najbogatszych\/\",\"name\":\"Podwy\u017cka podatku dla najbogatszych - SI\u0118 MY\u015aLI\",\"isPartOf\":{\"@id\":\"https:\/\/siemysli-ke.info\/de\/#website\"},\"primaryImageOfPage\":{\"@id\":\"https:\/\/siemysli-ke.info\/de\/podwyzka-podatku-dla-najbogatszych\/#primaryimage\"},\"image\":{\"@id\":\"https:\/\/siemysli-ke.info\/de\/podwyzka-podatku-dla-najbogatszych\/#primaryimage\"},\"thumbnailUrl\":\"https:\/\/siemysli-ke.info\/wp-content\/uploads\/2013\/10\/Sp\u0142aszczanie-komina-p\u0142acowego.jpg\",\"datePublished\":\"2013-10-01T05:51:00+00:00\",\"dateModified\":\"2013-11-15T21:17:48+00:00\",\"breadcrumb\":{\"@id\":\"https:\/\/siemysli-ke.info\/de\/podwyzka-podatku-dla-najbogatszych\/#breadcrumb\"},\"inLanguage\":\"de\",\"potentialAction\":[{\"@type\":\"ReadAction\",\"target\":[[\"https:\/\/siemysli-ke.info\/de\/podwyzka-podatku-dla-najbogatszych\/\"]]}]},{\"@type\":\"ImageObject\",\"inLanguage\":\"de\",\"@id\":\"https:\/\/siemysli-ke.info\/de\/podwyzka-podatku-dla-najbogatszych\/#primaryimage\",\"url\":\"https:\/\/siemysli-ke.info\/wp-content\/uploads\/2013\/10\/Sp\u0142aszczanie-komina-p\u0142acowego.jpg\",\"contentUrl\":\"https:\/\/siemysli-ke.info\/wp-content\/uploads\/2013\/10\/Sp\u0142aszczanie-komina-p\u0142acowego.jpg\",\"width\":300,\"height\":188},{\"@type\":\"BreadcrumbList\",\"@id\":\"https:\/\/siemysli-ke.info\/de\/podwyzka-podatku-dla-najbogatszych\/#breadcrumb\",\"itemListElement\":[{\"@type\":\"ListItem\",\"position\":1,\"name\":\"Home\",\"item\":\"https:\/\/siemysli-ke.info\/de\/\"},{\"@type\":\"ListItem\",\"position\":2,\"name\":\"Podwy\u017cka podatku dla najbogatszych\"}]},{\"@type\":\"WebSite\",\"@id\":\"https:\/\/siemysli-ke.info\/de\/#website\",\"url\":\"https:\/\/siemysli-ke.info\/de\/\",\"name\":\"SI\u0118 MY\u015aLI\",\"description\":\"\",\"publisher\":{\"@id\":\"https:\/\/siemysli-ke.info\/de\/#organization\"},\"potentialAction\":[{\"@type\":\"SearchAction\",\"target\":{\"@type\":\"EntryPoint\",\"urlTemplate\":\"https:\/\/siemysli-ke.info\/de\/?s={search_term_string}\"},\"query-input\":{\"@type\":\"PropertyValueSpecification\",\"valueRequired\":true,\"valueName\":\"search_term_string\"}}],\"inLanguage\":\"de\"},{\"@type\":\"Organization\",\"@id\":\"https:\/\/siemysli-ke.info\/de\/#organization\",\"name\":\"SI\u0118 MY\u015aLI\",\"url\":\"https:\/\/siemysli-ke.info\/de\/\",\"logo\":{\"@type\":\"ImageObject\",\"inLanguage\":\"de\",\"@id\":\"https:\/\/siemysli-ke.info\/de\/#\/schema\/logo\/image\/\",\"url\":\"https:\/\/siemysli-ke.info\/wp-content\/uploads\/2025\/05\/99.png\",\"contentUrl\":\"https:\/\/siemysli-ke.info\/wp-content\/uploads\/2025\/05\/99.png\",\"width\":270,\"height\":204,\"caption\":\"SI\u0118 MY\u015aLI\"},\"image\":{\"@id\":\"https:\/\/siemysli-ke.info\/de\/#\/schema\/logo\/image\/\"}},{\"@type\":\"Person\",\"@id\":\"https:\/\/siemysli-ke.info\/#\/schema\/person\/048295918d7858e90e57d1a2c2b5da74\",\"name\":\"admin\",\"image\":{\"@type\":\"ImageObject\",\"inLanguage\":\"de\",\"@id\":\"https:\/\/siemysli-ke.info\/de\/#\/schema\/person\/image\/\",\"url\":\"https:\/\/secure.gravatar.com\/avatar\/9acf729117e1cff813c07ba085b25a76702049ffb5efe3425388cd1a019577de?s=96&d=mm&r=g\",\"contentUrl\":\"https:\/\/secure.gravatar.com\/avatar\/9acf729117e1cff813c07ba085b25a76702049ffb5efe3425388cd1a019577de?s=96&d=mm&r=g\",\"caption\":\"admin\"},\"url\":\"https:\/\/siemysli-ke.info\/de\/author\/admin\/\"}]}<\/script>\n<!-- \/ Yoast SEO plugin. -->","yoast_head_json":{"title":"Podwy\u017cka podatku dla najbogatszych - SI\u0118 MY\u015aLI","robots":{"index":"index","follow":"follow","max-snippet":"max-snippet:-1","max-image-preview":"max-image-preview:large","max-video-preview":"max-video-preview:-1"},"canonical":"https:\/\/siemysli-ke.info\/de\/podwyzka-podatku-dla-najbogatszych\/","og_locale":"de_DE","og_type":"article","og_title":"Podwy\u017cka podatku dla najbogatszych - SI\u0118 MY\u015aLI","og_description":"Ostatnio s\u0142ycha\u0107 wypowiedzi przedstawicieli r\u00f3\u017cnych opcji politycznych, w kt\u00f3rych proponuj\u0105 podwy\u017ck\u0119 podatk\u00f3w dla najbogatszych Polak\u00f3w. Zacz\u0105\u0142em si\u0119 zastanawia\u0107 \u2013 czy","og_url":"https:\/\/siemysli-ke.info\/de\/podwyzka-podatku-dla-najbogatszych\/","og_site_name":"SI\u0118 MY\u015aLI","article_published_time":"2013-10-01T05:51:00+00:00","article_modified_time":"2013-11-15T21:17:48+00:00","og_image":[{"width":300,"height":188,"url":"https:\/\/siemysli-ke.info\/wp-content\/uploads\/2013\/10\/Sp\u0142aszczanie-komina-p\u0142acowego.jpg","type":"image\/jpeg"}],"author":"admin","twitter_misc":{"Verfasst von":"admin","Gesch\u00e4tzte Lesezeit":"3\u00a0Minuten"},"schema":{"@context":"https:\/\/schema.org","@graph":[{"@type":"Article","@id":"https:\/\/siemysli-ke.info\/de\/podwyzka-podatku-dla-najbogatszych\/#article","isPartOf":{"@id":"https:\/\/siemysli-ke.info\/de\/podwyzka-podatku-dla-najbogatszych\/"},"author":{"name":"admin","@id":"https:\/\/siemysli-ke.info\/#\/schema\/person\/048295918d7858e90e57d1a2c2b5da74"},"headline":"Podwy\u017cka podatku dla najbogatszych","datePublished":"2013-10-01T05:51:00+00:00","dateModified":"2013-11-15T21:17:48+00:00","mainEntityOfPage":{"@id":"https:\/\/siemysli-ke.info\/de\/podwyzka-podatku-dla-najbogatszych\/"},"wordCount":586,"commentCount":4,"publisher":{"@id":"https:\/\/siemysli-ke.info\/#organization"},"image":{"@id":"https:\/\/siemysli-ke.info\/de\/podwyzka-podatku-dla-najbogatszych\/#primaryimage"},"thumbnailUrl":"https:\/\/siemysli-ke.info\/wp-content\/uploads\/2013\/10\/Sp\u0142aszczanie-komina-p\u0142acowego.jpg","keywords":["breaking","headline"],"articleSection":["Gospodarka i polityka","Rzeczypospolita"],"inLanguage":"de","potentialAction":[{"@type":"CommentAction","name":"Comment","target":["https:\/\/siemysli-ke.info\/de\/podwyzka-podatku-dla-najbogatszych\/#respond"]}]},{"@type":"WebPage","@id":"https:\/\/siemysli-ke.info\/de\/podwyzka-podatku-dla-najbogatszych\/","url":"https:\/\/siemysli-ke.info\/de\/podwyzka-podatku-dla-najbogatszych\/","name":"Podwy\u017cka podatku dla najbogatszych - SI\u0118 MY\u015aLI","isPartOf":{"@id":"https:\/\/siemysli-ke.info\/de\/#website"},"primaryImageOfPage":{"@id":"https:\/\/siemysli-ke.info\/de\/podwyzka-podatku-dla-najbogatszych\/#primaryimage"},"image":{"@id":"https:\/\/siemysli-ke.info\/de\/podwyzka-podatku-dla-najbogatszych\/#primaryimage"},"thumbnailUrl":"https:\/\/siemysli-ke.info\/wp-content\/uploads\/2013\/10\/Sp\u0142aszczanie-komina-p\u0142acowego.jpg","datePublished":"2013-10-01T05:51:00+00:00","dateModified":"2013-11-15T21:17:48+00:00","breadcrumb":{"@id":"https:\/\/siemysli-ke.info\/de\/podwyzka-podatku-dla-najbogatszych\/#breadcrumb"},"inLanguage":"de","potentialAction":[{"@type":"ReadAction","target":[["https:\/\/siemysli-ke.info\/de\/podwyzka-podatku-dla-najbogatszych\/"]]}]},{"@type":"ImageObject","inLanguage":"de","@id":"https:\/\/siemysli-ke.info\/de\/podwyzka-podatku-dla-najbogatszych\/#primaryimage","url":"https:\/\/siemysli-ke.info\/wp-content\/uploads\/2013\/10\/Sp\u0142aszczanie-komina-p\u0142acowego.jpg","contentUrl":"https:\/\/siemysli-ke.info\/wp-content\/uploads\/2013\/10\/Sp\u0142aszczanie-komina-p\u0142acowego.jpg","width":300,"height":188},{"@type":"BreadcrumbList","@id":"https:\/\/siemysli-ke.info\/de\/podwyzka-podatku-dla-najbogatszych\/#breadcrumb","itemListElement":[{"@type":"ListItem","position":1,"name":"Home","item":"https:\/\/siemysli-ke.info\/de\/"},{"@type":"ListItem","position":2,"name":"Podwy\u017cka podatku dla najbogatszych"}]},{"@type":"WebSite","@id":"https:\/\/siemysli-ke.info\/de\/#website","url":"https:\/\/siemysli-ke.info\/de\/","name":"SI\u0118 MY\u015aLI","description":"","publisher":{"@id":"https:\/\/siemysli-ke.info\/de\/#organization"},"potentialAction":[{"@type":"SearchAction","target":{"@type":"EntryPoint","urlTemplate":"https:\/\/siemysli-ke.info\/de\/?s={search_term_string}"},"query-input":{"@type":"PropertyValueSpecification","valueRequired":true,"valueName":"search_term_string"}}],"inLanguage":"de"},{"@type":"Organization","@id":"https:\/\/siemysli-ke.info\/de\/#organization","name":"SI\u0118 MY\u015aLI","url":"https:\/\/siemysli-ke.info\/de\/","logo":{"@type":"ImageObject","inLanguage":"de","@id":"https:\/\/siemysli-ke.info\/de\/#\/schema\/logo\/image\/","url":"https:\/\/siemysli-ke.info\/wp-content\/uploads\/2025\/05\/99.png","contentUrl":"https:\/\/siemysli-ke.info\/wp-content\/uploads\/2025\/05\/99.png","width":270,"height":204,"caption":"SI\u0118 MY\u015aLI"},"image":{"@id":"https:\/\/siemysli-ke.info\/de\/#\/schema\/logo\/image\/"}},{"@type":"Person","@id":"https:\/\/siemysli-ke.info\/#\/schema\/person\/048295918d7858e90e57d1a2c2b5da74","name":"admin","image":{"@type":"ImageObject","inLanguage":"de","@id":"https:\/\/siemysli-ke.info\/de\/#\/schema\/person\/image\/","url":"https:\/\/secure.gravatar.com\/avatar\/9acf729117e1cff813c07ba085b25a76702049ffb5efe3425388cd1a019577de?s=96&d=mm&r=g","contentUrl":"https:\/\/secure.gravatar.com\/avatar\/9acf729117e1cff813c07ba085b25a76702049ffb5efe3425388cd1a019577de?s=96&d=mm&r=g","caption":"admin"},"url":"https:\/\/siemysli-ke.info\/de\/author\/admin\/"}]}},"_links":{"self":[{"href":"https:\/\/siemysli-ke.info\/de\/wp-json\/wp\/v2\/posts\/608","targetHints":{"allow":["GET"]}}],"collection":[{"href":"https:\/\/siemysli-ke.info\/de\/wp-json\/wp\/v2\/posts"}],"about":[{"href":"https:\/\/siemysli-ke.info\/de\/wp-json\/wp\/v2\/types\/post"}],"author":[{"embeddable":true,"href":"https:\/\/siemysli-ke.info\/de\/wp-json\/wp\/v2\/users\/1"}],"replies":[{"embeddable":true,"href":"https:\/\/siemysli-ke.info\/de\/wp-json\/wp\/v2\/comments?post=608"}],"version-history":[{"count":0,"href":"https:\/\/siemysli-ke.info\/de\/wp-json\/wp\/v2\/posts\/608\/revisions"}],"wp:featuredmedia":[{"embeddable":true,"href":"https:\/\/siemysli-ke.info\/de\/wp-json\/wp\/v2\/media\/609"}],"wp:attachment":[{"href":"https:\/\/siemysli-ke.info\/de\/wp-json\/wp\/v2\/media?parent=608"}],"wp:term":[{"taxonomy":"category","embeddable":true,"href":"https:\/\/siemysli-ke.info\/de\/wp-json\/wp\/v2\/categories?post=608"},{"taxonomy":"post_tag","embeddable":true,"href":"https:\/\/siemysli-ke.info\/de\/wp-json\/wp\/v2\/tags?post=608"}],"curies":[{"name":"wp","href":"https:\/\/api.w.org\/{rel}","templated":true}]}}