 {"id":5756,"date":"2012-06-14T21:02:38","date_gmt":"2012-06-14T21:02:38","guid":{"rendered":"http:\/\/www.bezjarzmowie.info.ke\/test\/?p=5756"},"modified":"2013-11-02T21:03:08","modified_gmt":"2013-11-02T20:03:08","slug":"praca-czyni-wolnym-ale-nie-w-tesco","status":"publish","type":"post","link":"https:\/\/siemysli-ke.info\/de\/praca-czyni-wolnym-ale-nie-w-tesco\/","title":{"rendered":"\u201ePraca czyni wolnym, ale nie w Tesco\u201d"},"content":{"rendered":"<p><a href=\"http:\/\/www.bezjarzmowie.info.ke\/test\/wp-content\/uploads\/2012\/06\/BPEA-8V8JDT588x300.jpeg\" rel=\"lightbox[5756]\"><img decoding=\"async\" class=\"alignleft size-medium wp-image-5757\" src=\"http:\/\/www.bezjarzmowie.info.ke\/test\/wp-content\/uploads\/2012\/06\/BPEA-8V8JDT588x300-300x153.jpg\" alt=\"\" width=\"300\" height=\"153\" \/><\/a><\/p>\n<p style=\"text-align: justify\">\u00a0<\/p>\n<p style=\"text-align: justify\">\u00a0<\/p>\n<p style=\"text-align: justify\">\u00a0<\/p>\n<p style=\"text-align: justify\">\u00a0<\/p>\n<p style=\"text-align: justify\">\u00a0<\/p>\n<p style=\"text-align: justify\">\u00a0<\/p>\n<p style=\"text-align: justify\"><span style=\"font-size: small\">Wczoraj, 13.06 o godzinie 14:00 rozpocz\u0119\u0142a si\u0119 akcja protestacyjna przed siedzib\u0105 zarz\u0105du <em>Tesco<\/em>, kt\u00f3ra mie\u015bci si\u0119 na krakowskiej Kapelance.<\/span><\/p>\n<p style=\"text-align: justify\"><span style=\"font-size: small\">Po raz pierwszy w historii sp\u00f3\u0142ki protestowa\u0142y wsp\u00f3lnie wszystkie organizacje zwi\u0105zkowe, dzia\u0142aj\u0105ce na terenie <em>Tesco Polska<\/em>, czyli:\u00a0 NSZZ \u201eSolidarno\u015b\u0107\u201d, NSZZ \u201eSolidarno\u015b\u0107 80\u201d, OPZZ Konfederacja Pracy, Zwi\u0105zek Zawodowy Pracownik\u00f3w Handlu i WZZ \u201eSierpie\u0144 80\u201d. <\/span><span style=\"font-size: small\">Zwi\u0105zkowcy sprzeciwiaj\u0105 si\u0119 zwolnieniom grupowym, z\u0142ym warunkom pracy i domagaj\u0105 si\u0119 podwy\u017cek. <\/span><br \/>\n<span style=\"font-size: small\">Do pikietuj\u0105cych wyszed\u0142\u00a0 wiceprezes zarz\u0105du sp\u00f3\u0142ki &#8211; Czes\u0142aw Grzesiak, kt\u00f3remu wr\u0119czono list otwarty, w kt\u00f3rym zwi\u0105zkowcy przedstawili swoje postulaty.<\/span>\u00a0<!--more--><\/p>\n<p style=\"text-align: justify\"><span style=\"font-size: small\">Pikietuj\u0105cy protestowali przeciwko grupowym zwolnieniom przy wzrastaj\u0105cych zyskach firmy na terenie RP. Zwr\u00f3cono uwag\u0119 na fakt, \u017ce straty finansowe w rodzimym kraju <em>Tesco<\/em> nie s\u0105 powodem do ci\u0119cia koszt\u00f3w w Polsce.<\/span><\/p>\n<p style=\"text-align: justify\"><span style=\"font-size: small\">Pod koniec kwietnia zwi\u0105zkowcy dowiedzieli si\u0119, i\u017c mimo znakomitych wynik\u00f3w w naszym kraju, zwolnienia grupowe w <em>Tesco <\/em>mog\u0105 obj\u0105\u0107 980 os\u00f3b.\u00a0Do tej pory, w ramach zwolnie\u0144, prac\u0119 straci\u0142o 350 os\u00f3b.<\/span><\/p>\n<p style=\"text-align: justify\"><span style=\"font-size: small\">Protest, w kt\u00f3rym uczestniczy\u0142o ok. 100 zwi\u0105zkowc\u00f3w, by\u0142 pierwszym tego typu w Polsce od chwili rozpocz\u0119cia <em>EURO 2012<\/em>.<\/span><\/p>\n<p>&nbsp;<\/p>\n<p style=\"text-align: right\"><strong><span style=\"font-size: medium\">Iwona Jankowska<\/span><\/strong><\/p>\n<p>&nbsp;<\/p>\n<p>Foto Oli Ratusznik ze strony:<\/p>\n<p><a href=\"http:\/\/www.radiokrakow.pl\/www\/index.nsf\/ID\/BPEA-8V8JDT\" target=\"_blank\">http:\/\/www.radiokrakow.pl\/www\/index.nsf\/ID\/BPEA-8V8JDT<\/a><\/p>\n","protected":false},"excerpt":{"rendered":"<p>\u00a0 \u00a0 \u00a0 \u00a0 \u00a0 \u00a0 Wczoraj, 13.06 o godzinie 14:00 rozpocz\u0119\u0142a si\u0119 akcja protestacyjna przed siedzib\u0105 zarz\u0105du Tesco, kt\u00f3ra<\/p>\n","protected":false},"author":1,"featured_media":0,"comment_status":"open","ping_status":"open","sticky":false,"template":"","format":"standard","meta":{"colormag_page_layout":"default_layout","footnotes":""},"categories":[7],"tags":[],"class_list":["post-5756","post","type-post","status-publish","format-standard","hentry","category-gospodarka"],"yoast_head":"<!-- This site is optimized with the Yoast SEO plugin v25.1 - https:\/\/yoast.com\/wordpress\/plugins\/seo\/ -->\n<title>\u201ePraca czyni wolnym, ale nie w Tesco\u201d - SI\u0118 MY\u015aLI<\/title>\n<meta name=\"robots\" content=\"index, follow, max-snippet:-1, max-image-preview:large, max-video-preview:-1\" \/>\n<link rel=\"canonical\" href=\"https:\/\/siemysli-ke.info\/de\/praca-czyni-wolnym-ale-nie-w-tesco\/\" \/>\n<meta property=\"og:locale\" content=\"de_DE\" \/>\n<meta property=\"og:type\" content=\"article\" \/>\n<meta property=\"og:title\" content=\"\u201ePraca czyni wolnym, ale nie w Tesco\u201d - SI\u0118 MY\u015aLI\" \/>\n<meta property=\"og:description\" content=\"\u00a0 \u00a0 \u00a0 \u00a0 \u00a0 \u00a0 Wczoraj, 13.06 o godzinie 14:00 rozpocz\u0119\u0142a si\u0119 akcja protestacyjna przed siedzib\u0105 zarz\u0105du Tesco, kt\u00f3ra\" \/>\n<meta property=\"og:url\" content=\"https:\/\/siemysli-ke.info\/de\/praca-czyni-wolnym-ale-nie-w-tesco\/\" \/>\n<meta property=\"og:site_name\" content=\"SI\u0118 MY\u015aLI\" \/>\n<meta property=\"article:published_time\" content=\"2012-06-14T21:02:38+00:00\" \/>\n<meta property=\"article:modified_time\" content=\"2013-11-02T20:03:08+00:00\" \/>\n<meta property=\"og:image\" content=\"http:\/\/www.bezjarzmowie.info.ke\/test\/wp-content\/uploads\/2012\/06\/BPEA-8V8JDT588x300-300x153.jpg\" \/>\n<meta name=\"author\" content=\"admin\" \/>\n<meta name=\"twitter:label1\" content=\"Verfasst von\" \/>\n\t<meta name=\"twitter:data1\" content=\"admin\" \/>\n\t<meta name=\"twitter:label2\" content=\"Gesch\u00e4tzte Lesezeit\" \/>\n\t<meta name=\"twitter:data2\" content=\"1\u00a0Minute\" \/>\n<script type=\"application\/ld+json\" class=\"yoast-schema-graph\">{\"@context\":\"https:\/\/schema.org\",\"@graph\":[{\"@type\":\"Article\",\"@id\":\"https:\/\/siemysli-ke.info\/de\/praca-czyni-wolnym-ale-nie-w-tesco\/#article\",\"isPartOf\":{\"@id\":\"https:\/\/siemysli-ke.info\/de\/praca-czyni-wolnym-ale-nie-w-tesco\/\"},\"author\":{\"name\":\"admin\",\"@id\":\"https:\/\/siemysli-ke.info\/#\/schema\/person\/048295918d7858e90e57d1a2c2b5da74\"},\"headline\":\"\u201ePraca czyni wolnym, ale nie w Tesco\u201d\",\"datePublished\":\"2012-06-14T21:02:38+00:00\",\"dateModified\":\"2013-11-02T20:03:08+00:00\",\"mainEntityOfPage\":{\"@id\":\"https:\/\/siemysli-ke.info\/de\/praca-czyni-wolnym-ale-nie-w-tesco\/\"},\"wordCount\":220,\"commentCount\":0,\"publisher\":{\"@id\":\"https:\/\/siemysli-ke.info\/#organization\"},\"image\":{\"@id\":\"https:\/\/siemysli-ke.info\/de\/praca-czyni-wolnym-ale-nie-w-tesco\/#primaryimage\"},\"thumbnailUrl\":\"http:\/\/www.bezjarzmowie.info.ke\/test\/wp-content\/uploads\/2012\/06\/BPEA-8V8JDT588x300-300x153.jpg\",\"articleSection\":[\"Gospodarka i polityka\"],\"inLanguage\":\"de\",\"potentialAction\":[{\"@type\":\"CommentAction\",\"name\":\"Comment\",\"target\":[\"https:\/\/siemysli-ke.info\/de\/praca-czyni-wolnym-ale-nie-w-tesco\/#respond\"]}]},{\"@type\":\"WebPage\",\"@id\":\"https:\/\/siemysli-ke.info\/de\/praca-czyni-wolnym-ale-nie-w-tesco\/\",\"url\":\"https:\/\/siemysli-ke.info\/de\/praca-czyni-wolnym-ale-nie-w-tesco\/\",\"name\":\"\u201ePraca czyni wolnym, ale nie w Tesco\u201d - SI\u0118 MY\u015aLI\",\"isPartOf\":{\"@id\":\"https:\/\/siemysli-ke.info\/de\/#website\"},\"primaryImageOfPage\":{\"@id\":\"https:\/\/siemysli-ke.info\/de\/praca-czyni-wolnym-ale-nie-w-tesco\/#primaryimage\"},\"image\":{\"@id\":\"https:\/\/siemysli-ke.info\/de\/praca-czyni-wolnym-ale-nie-w-tesco\/#primaryimage\"},\"thumbnailUrl\":\"http:\/\/www.bezjarzmowie.info.ke\/test\/wp-content\/uploads\/2012\/06\/BPEA-8V8JDT588x300-300x153.jpg\",\"datePublished\":\"2012-06-14T21:02:38+00:00\",\"dateModified\":\"2013-11-02T20:03:08+00:00\",\"breadcrumb\":{\"@id\":\"https:\/\/siemysli-ke.info\/de\/praca-czyni-wolnym-ale-nie-w-tesco\/#breadcrumb\"},\"inLanguage\":\"de\",\"potentialAction\":[{\"@type\":\"ReadAction\",\"target\":[[\"https:\/\/siemysli-ke.info\/de\/praca-czyni-wolnym-ale-nie-w-tesco\/\"]]}]},{\"@type\":\"ImageObject\",\"inLanguage\":\"de\",\"@id\":\"https:\/\/siemysli-ke.info\/de\/praca-czyni-wolnym-ale-nie-w-tesco\/#primaryimage\",\"url\":\"http:\/\/www.bezjarzmowie.info.ke\/test\/wp-content\/uploads\/2012\/06\/BPEA-8V8JDT588x300-300x153.jpg\",\"contentUrl\":\"http:\/\/www.bezjarzmowie.info.ke\/test\/wp-content\/uploads\/2012\/06\/BPEA-8V8JDT588x300-300x153.jpg\"},{\"@type\":\"BreadcrumbList\",\"@id\":\"https:\/\/siemysli-ke.info\/de\/praca-czyni-wolnym-ale-nie-w-tesco\/#breadcrumb\",\"itemListElement\":[{\"@type\":\"ListItem\",\"position\":1,\"name\":\"Home\",\"item\":\"https:\/\/siemysli-ke.info\/de\/\"},{\"@type\":\"ListItem\",\"position\":2,\"name\":\"\u201ePraca czyni wolnym, ale nie w Tesco\u201d\"}]},{\"@type\":\"WebSite\",\"@id\":\"https:\/\/siemysli-ke.info\/de\/#website\",\"url\":\"https:\/\/siemysli-ke.info\/de\/\",\"name\":\"SI\u0118 MY\u015aLI\",\"description\":\"\",\"publisher\":{\"@id\":\"https:\/\/siemysli-ke.info\/de\/#organization\"},\"potentialAction\":[{\"@type\":\"SearchAction\",\"target\":{\"@type\":\"EntryPoint\",\"urlTemplate\":\"https:\/\/siemysli-ke.info\/de\/?s={search_term_string}\"},\"query-input\":{\"@type\":\"PropertyValueSpecification\",\"valueRequired\":true,\"valueName\":\"search_term_string\"}}],\"inLanguage\":\"de\"},{\"@type\":\"Organization\",\"@id\":\"https:\/\/siemysli-ke.info\/de\/#organization\",\"name\":\"SI\u0118 MY\u015aLI\",\"url\":\"https:\/\/siemysli-ke.info\/de\/\",\"logo\":{\"@type\":\"ImageObject\",\"inLanguage\":\"de\",\"@id\":\"https:\/\/siemysli-ke.info\/de\/#\/schema\/logo\/image\/\",\"url\":\"https:\/\/siemysli-ke.info\/wp-content\/uploads\/2025\/05\/99.png\",\"contentUrl\":\"https:\/\/siemysli-ke.info\/wp-content\/uploads\/2025\/05\/99.png\",\"width\":270,\"height\":204,\"caption\":\"SI\u0118 MY\u015aLI\"},\"image\":{\"@id\":\"https:\/\/siemysli-ke.info\/de\/#\/schema\/logo\/image\/\"}},{\"@type\":\"Person\",\"@id\":\"https:\/\/siemysli-ke.info\/#\/schema\/person\/048295918d7858e90e57d1a2c2b5da74\",\"name\":\"admin\",\"image\":{\"@type\":\"ImageObject\",\"inLanguage\":\"de\",\"@id\":\"https:\/\/siemysli-ke.info\/de\/#\/schema\/person\/image\/\",\"url\":\"https:\/\/secure.gravatar.com\/avatar\/9acf729117e1cff813c07ba085b25a76702049ffb5efe3425388cd1a019577de?s=96&d=mm&r=g\",\"contentUrl\":\"https:\/\/secure.gravatar.com\/avatar\/9acf729117e1cff813c07ba085b25a76702049ffb5efe3425388cd1a019577de?s=96&d=mm&r=g\",\"caption\":\"admin\"},\"url\":\"https:\/\/siemysli-ke.info\/de\/author\/admin\/\"}]}<\/script>\n<!-- \/ Yoast SEO plugin. -->","yoast_head_json":{"title":"\u201ePraca czyni wolnym, ale nie w Tesco\u201d - SI\u0118 MY\u015aLI","robots":{"index":"index","follow":"follow","max-snippet":"max-snippet:-1","max-image-preview":"max-image-preview:large","max-video-preview":"max-video-preview:-1"},"canonical":"https:\/\/siemysli-ke.info\/de\/praca-czyni-wolnym-ale-nie-w-tesco\/","og_locale":"de_DE","og_type":"article","og_title":"\u201ePraca czyni wolnym, ale nie w Tesco\u201d - SI\u0118 MY\u015aLI","og_description":"\u00a0 \u00a0 \u00a0 \u00a0 \u00a0 \u00a0 Wczoraj, 13.06 o godzinie 14:00 rozpocz\u0119\u0142a si\u0119 akcja protestacyjna przed siedzib\u0105 zarz\u0105du Tesco, kt\u00f3ra","og_url":"https:\/\/siemysli-ke.info\/de\/praca-czyni-wolnym-ale-nie-w-tesco\/","og_site_name":"SI\u0118 MY\u015aLI","article_published_time":"2012-06-14T21:02:38+00:00","article_modified_time":"2013-11-02T20:03:08+00:00","og_image":[{"url":"http:\/\/www.bezjarzmowie.info.ke\/test\/wp-content\/uploads\/2012\/06\/BPEA-8V8JDT588x300-300x153.jpg","type":"","width":"","height":""}],"author":"admin","twitter_misc":{"Verfasst von":"admin","Gesch\u00e4tzte Lesezeit":"1\u00a0Minute"},"schema":{"@context":"https:\/\/schema.org","@graph":[{"@type":"Article","@id":"https:\/\/siemysli-ke.info\/de\/praca-czyni-wolnym-ale-nie-w-tesco\/#article","isPartOf":{"@id":"https:\/\/siemysli-ke.info\/de\/praca-czyni-wolnym-ale-nie-w-tesco\/"},"author":{"name":"admin","@id":"https:\/\/siemysli-ke.info\/#\/schema\/person\/048295918d7858e90e57d1a2c2b5da74"},"headline":"\u201ePraca czyni wolnym, ale nie w Tesco\u201d","datePublished":"2012-06-14T21:02:38+00:00","dateModified":"2013-11-02T20:03:08+00:00","mainEntityOfPage":{"@id":"https:\/\/siemysli-ke.info\/de\/praca-czyni-wolnym-ale-nie-w-tesco\/"},"wordCount":220,"commentCount":0,"publisher":{"@id":"https:\/\/siemysli-ke.info\/#organization"},"image":{"@id":"https:\/\/siemysli-ke.info\/de\/praca-czyni-wolnym-ale-nie-w-tesco\/#primaryimage"},"thumbnailUrl":"http:\/\/www.bezjarzmowie.info.ke\/test\/wp-content\/uploads\/2012\/06\/BPEA-8V8JDT588x300-300x153.jpg","articleSection":["Gospodarka i polityka"],"inLanguage":"de","potentialAction":[{"@type":"CommentAction","name":"Comment","target":["https:\/\/siemysli-ke.info\/de\/praca-czyni-wolnym-ale-nie-w-tesco\/#respond"]}]},{"@type":"WebPage","@id":"https:\/\/siemysli-ke.info\/de\/praca-czyni-wolnym-ale-nie-w-tesco\/","url":"https:\/\/siemysli-ke.info\/de\/praca-czyni-wolnym-ale-nie-w-tesco\/","name":"\u201ePraca czyni wolnym, ale nie w Tesco\u201d - SI\u0118 MY\u015aLI","isPartOf":{"@id":"https:\/\/siemysli-ke.info\/de\/#website"},"primaryImageOfPage":{"@id":"https:\/\/siemysli-ke.info\/de\/praca-czyni-wolnym-ale-nie-w-tesco\/#primaryimage"},"image":{"@id":"https:\/\/siemysli-ke.info\/de\/praca-czyni-wolnym-ale-nie-w-tesco\/#primaryimage"},"thumbnailUrl":"http:\/\/www.bezjarzmowie.info.ke\/test\/wp-content\/uploads\/2012\/06\/BPEA-8V8JDT588x300-300x153.jpg","datePublished":"2012-06-14T21:02:38+00:00","dateModified":"2013-11-02T20:03:08+00:00","breadcrumb":{"@id":"https:\/\/siemysli-ke.info\/de\/praca-czyni-wolnym-ale-nie-w-tesco\/#breadcrumb"},"inLanguage":"de","potentialAction":[{"@type":"ReadAction","target":[["https:\/\/siemysli-ke.info\/de\/praca-czyni-wolnym-ale-nie-w-tesco\/"]]}]},{"@type":"ImageObject","inLanguage":"de","@id":"https:\/\/siemysli-ke.info\/de\/praca-czyni-wolnym-ale-nie-w-tesco\/#primaryimage","url":"http:\/\/www.bezjarzmowie.info.ke\/test\/wp-content\/uploads\/2012\/06\/BPEA-8V8JDT588x300-300x153.jpg","contentUrl":"http:\/\/www.bezjarzmowie.info.ke\/test\/wp-content\/uploads\/2012\/06\/BPEA-8V8JDT588x300-300x153.jpg"},{"@type":"BreadcrumbList","@id":"https:\/\/siemysli-ke.info\/de\/praca-czyni-wolnym-ale-nie-w-tesco\/#breadcrumb","itemListElement":[{"@type":"ListItem","position":1,"name":"Home","item":"https:\/\/siemysli-ke.info\/de\/"},{"@type":"ListItem","position":2,"name":"\u201ePraca czyni wolnym, ale nie w Tesco\u201d"}]},{"@type":"WebSite","@id":"https:\/\/siemysli-ke.info\/de\/#website","url":"https:\/\/siemysli-ke.info\/de\/","name":"SI\u0118 MY\u015aLI","description":"","publisher":{"@id":"https:\/\/siemysli-ke.info\/de\/#organization"},"potentialAction":[{"@type":"SearchAction","target":{"@type":"EntryPoint","urlTemplate":"https:\/\/siemysli-ke.info\/de\/?s={search_term_string}"},"query-input":{"@type":"PropertyValueSpecification","valueRequired":true,"valueName":"search_term_string"}}],"inLanguage":"de"},{"@type":"Organization","@id":"https:\/\/siemysli-ke.info\/de\/#organization","name":"SI\u0118 MY\u015aLI","url":"https:\/\/siemysli-ke.info\/de\/","logo":{"@type":"ImageObject","inLanguage":"de","@id":"https:\/\/siemysli-ke.info\/de\/#\/schema\/logo\/image\/","url":"https:\/\/siemysli-ke.info\/wp-content\/uploads\/2025\/05\/99.png","contentUrl":"https:\/\/siemysli-ke.info\/wp-content\/uploads\/2025\/05\/99.png","width":270,"height":204,"caption":"SI\u0118 MY\u015aLI"},"image":{"@id":"https:\/\/siemysli-ke.info\/de\/#\/schema\/logo\/image\/"}},{"@type":"Person","@id":"https:\/\/siemysli-ke.info\/#\/schema\/person\/048295918d7858e90e57d1a2c2b5da74","name":"admin","image":{"@type":"ImageObject","inLanguage":"de","@id":"https:\/\/siemysli-ke.info\/de\/#\/schema\/person\/image\/","url":"https:\/\/secure.gravatar.com\/avatar\/9acf729117e1cff813c07ba085b25a76702049ffb5efe3425388cd1a019577de?s=96&d=mm&r=g","contentUrl":"https:\/\/secure.gravatar.com\/avatar\/9acf729117e1cff813c07ba085b25a76702049ffb5efe3425388cd1a019577de?s=96&d=mm&r=g","caption":"admin"},"url":"https:\/\/siemysli-ke.info\/de\/author\/admin\/"}]}},"_links":{"self":[{"href":"https:\/\/siemysli-ke.info\/de\/wp-json\/wp\/v2\/posts\/5756","targetHints":{"allow":["GET"]}}],"collection":[{"href":"https:\/\/siemysli-ke.info\/de\/wp-json\/wp\/v2\/posts"}],"about":[{"href":"https:\/\/siemysli-ke.info\/de\/wp-json\/wp\/v2\/types\/post"}],"author":[{"embeddable":true,"href":"https:\/\/siemysli-ke.info\/de\/wp-json\/wp\/v2\/users\/1"}],"replies":[{"embeddable":true,"href":"https:\/\/siemysli-ke.info\/de\/wp-json\/wp\/v2\/comments?post=5756"}],"version-history":[{"count":0,"href":"https:\/\/siemysli-ke.info\/de\/wp-json\/wp\/v2\/posts\/5756\/revisions"}],"wp:attachment":[{"href":"https:\/\/siemysli-ke.info\/de\/wp-json\/wp\/v2\/media?parent=5756"}],"wp:term":[{"taxonomy":"category","embeddable":true,"href":"https:\/\/siemysli-ke.info\/de\/wp-json\/wp\/v2\/categories?post=5756"},{"taxonomy":"post_tag","embeddable":true,"href":"https:\/\/siemysli-ke.info\/de\/wp-json\/wp\/v2\/tags?post=5756"}],"curies":[{"name":"wp","href":"https:\/\/api.w.org\/{rel}","templated":true}]}}