 {"id":5068,"date":"2012-05-14T14:43:02","date_gmt":"2012-05-14T14:43:02","guid":{"rendered":"http:\/\/www.bezjarzmowie.info.ke\/test\/?p=5068"},"modified":"2013-11-02T22:04:12","modified_gmt":"2013-11-02T21:04:12","slug":"narody-europy-musza-zrzucic-gorset-brukseli","status":"publish","type":"post","link":"https:\/\/siemysli-ke.info\/de\/narody-europy-musza-zrzucic-gorset-brukseli\/","title":{"rendered":"Narody Europy musz\u0105 zrzuci\u0107 gorset Brukseli"},"content":{"rendered":"<p><span style=\"font-size: small;\">Od lat Europejczycy nie zwracaj\u0105 dostatecznej uwagi na wydarzenia na Kontynencie albo nie odwa\u017cyli si\u0119 patrze\u0107 na nie krytycznie. Niekt\u00f3rzy zacz\u0119li si\u0119 przygl\u0105da\u0107 problemom z bliska jakie\u015b dwa lata temu \u2013 na pocz\u0105tku kryzysu zad\u0142u\u017cenia w strefie euro &#8211; ale inni wci\u0105\u017c nie chc\u0105 wiedzie\u0107, \u017ce by\u0142 to jedynie czubek o wiele wi\u0119kszej g\u00f3ry lodowej.<\/span><\/p>\n<p style=\"text-align: justify;\"><span style=\"font-size: small;\">Wraz z ich politykami i ekonomistami, uznawali nawet kryzys 2008\/9 r. jako zjawisko globalne, jakby Europa niewinnie go zaczerpn\u0119\u0142a, mimo tego, \u017ce by\u0142 to ewidentnie kryzys europejski i p\u00f3\u0142nocnoameryka\u0144ski. D\u0142ugotrwa\u0142e problemy w Europie by\u0142y szeroko niedoceniane: dlatego musz\u0105 zosta\u0107 uj\u0119te w perspektywie historycznej. Integracja europejska by\u0142a pierwotnie oparta na racjonalnej idei liberalizacji Europy, by rozwin\u0105\u0107 jej mo\u017cliwo\u015bci i poszerzy\u0107 handel poprzez budowanie wsp\u00f3lnego rynku i du\u017cej, po\u0142\u0105czonej przestrzeni gospodarczej. Ta liberalizacja, mniej wi\u0119cej charakteryzowa\u0142a pierwsze dekady procesu integracji europejskiej i przynios\u0142a pozytywne rezultaty, szczeg\u00f3lnie por\u00f3wnuj\u0105c je z latami 30. XX wieku.<\/span><\/p>\n<p style=\"text-align: justify;\"><span style=\"font-size: small;\"><!--more--><\/span><\/p>\n<p style=\"text-align: justify;\"><span style=\"font-size: small;\">Ale obecna era jest inna, poniewa\u017c integracja europejska zmieni\u0142a pole dzia\u0142a\u0144. Liberalizacja zosta\u0142a zast\u0105piona przez rozleg\u0142e przesuni\u0119cie z kompetencji poszczeg\u00f3lnych pa\u0144stw cz\u0142onkowskich na \u201ewy\u017cyny zarz\u0105dzaj\u0105ce\u201d Unii Europejskiej w Brukseli; przez radykaln\u0105 zamian\u0119 \u201emi\u0119dzyrz\u0105dowo\u015bci\u201d na supranacjonalizm (ponadnarodowo\u015b\u0107); poprzez dobrze zorganizowane os\u0142abianie tego, co pierwotnie tworzy\u0142o bloki integracji europejskiej &#8211; czyli indywidualne kraje; poprzez szerok\u0105 skal\u0119 centralizacji, dodatkowe przepisy antyrynkowe, unifikacj\u0119 i harmonizacj\u0119 ca\u0142ego kontynentu.<\/span><\/p>\n<p style=\"text-align: justify;\"><span style=\"font-size: small;\">W przesz\u0142o\u015bci bardzo urozmaicony kontynent rozkwita\u0142 odpowiednio do swojej r\u00f3\u017cnorodno\u015bci, bez uniformizacji, ze zdrow\u0105 rywalizacj\u0105 pomi\u0119dzy krajami. To uleg\u0142o zmianie, gdy Europa sta\u0142a si\u0119 ujednolicona i sztucznie zuniformizowana przez zarz\u0105dzanie i ustawodawstwo centralnie zorganizowane. Doprowadzi\u0142o to do niepokoj\u0105cych rezultat\u00f3w na polu ekonomicznym, kt\u00f3re obserwujemy dzi\u015b i do czego\u015b, co jest nazywane deficytem demokracji. Ja to nazywam <strong>post-demokracj\u0105<\/strong>.<\/span><\/p>\n<p style=\"text-align: justify;\"><span style=\"font-size: small;\">Instytucjonalna uniformizacja przemieni\u0142a si\u0119 w kaftan bezpiecze\u0144stwa, kt\u00f3ry wci\u0105\u017c blokuje wszelkie przejawy pozytywnej dzia\u0142alno\u015bci ludzkiej. Najwa\u017cniejszym momentem tego procesu by\u0142o za\u0142o\u017cenie Europejskiej Unii Monetarnej i wprowadzenie jednej waluty w 12 krajach (teraz 17), kt\u00f3re nie tworz\u0105 tego, co ekonomi\u015bci nazywaj\u0105 optymalnym obszarem walutowym.<\/span><br \/>\n<span style=\"font-size: small;\">Niezale\u017cny kryzys zad\u0142u\u017cenia w strefie euro jest nieuniknion\u0105 konsekwencj\u0105 jednej waluty, jednego kursu walut i jednej stopy procentowej dla kraj\u00f3w z przer\u00f3\u017cnymi parametrami ekonomicznymi. Polityczna decyzja, popieraj\u0105ca to porozumienie, zosta\u0142a podj\u0119ta prawie bez zwr\u00f3cenia uwagi na istniej\u0105ce zasady ekonomii.<\/span><\/p>\n<p style=\"text-align: justify;\"><span style=\"font-size: small;\">Ekonomi\u015bci wiedz\u0105, \u017ce \u017ale zbudowana unia monetarna jest kosztowna i nie trwa d\u0142ugo. Takie przedsi\u0119wzi\u0119cia mog\u0105 zosta\u0107 hipotetycznie \u201euratowane\u201d przez stopie\u0144 solidarno\u015bci pomi\u0119dzy cz\u0142onkami, a tak\u017ce przez ogromne transfery fiskalne. Ale nie mo\u017ce by\u0107 mowy o \u017cadnym szczerym i autentycznym poczuciu solidarno\u015bci w Europie i o du\u017cej sumie funduszy w r\u0119kach w\u0142adzy politycznej Europy, kt\u00f3ra mog\u0142aby to zrekompensowa\u0107 krajom, kt\u00f3re s\u0105 ofiarami takich ustale\u0144 z powodu swoich ekonomicznych parametr\u00f3w. Nie ma szybkiego rozwi\u0105zania tej pu\u0142apki, niezale\u017cnego zad\u0142u\u017cenia strefy euro. S\u0105 jedynie nieprzyjemne konsekwencje: kr\u00f3tkotrwa\u0142e problemy bud\u017cetowe oraz ekonomiczne i d\u0142ugoterminowa stagnacja.<\/span><\/p>\n<p style=\"text-align: justify;\"><span style=\"font-size: small;\">Jednak obecny model jest jedynie po\u0142ow\u0105 problemu. Poza trudno\u015bciami wynikaj\u0105cymi z integracji, mamy ogromny problem z gospodark\u0105 rynku socjalnego Europy. Preferuje ona polityk\u0119, opart\u0105 na redystrybucji dochod\u00f3w, zamiast na dzia\u0142aniach produktywnych. Woli brak po\u015bpiechu, wolny czas, d\u0142ugie wakacje od ci\u0119\u017ckiej pracy. Preferuje konsumpcj\u0119 zamiast inwestycji, zad\u0142u\u017cenie zamiast oszcz\u0119dno\u015bci i bezpiecze\u0144stwo zamiast podejmowania ryzyka. Woli demokratyzm socjalny ni\u017c kapitalizm.<\/span><\/p>\n<p style=\"text-align: justify;\"><span style=\"font-size: small;\">Problem jest g\u0142\u0119boko zakorzeniony i nie da si\u0119 go \u0142atwo rozwi\u0105za\u0107 podczas szczyt\u00f3w Unii Europejskiej. Sprawienie by Europa by\u0142a zn\u00f3w produktywna, wymaga czego\u015b formalnie podobnego do tego, co osi\u0105gn\u0119li\u015bmy w Czechach, kiedy pr\u00f3bowali\u015bmy si\u0119 pozby\u0107 komunizmu i spu\u015bcizny po nim.<\/span><\/p>\n<p style=\"text-align: justify;\"><span style=\"font-size: small;\">W efekcie oznacza to przekszta\u0142cenie systemu socjalnego i ekonomicznego oraz rekonstrukcj\u0119 europejskiej integracji.<\/span><\/p>\n<p style=\"text-align: justify;\"><span style=\"font-size: small;\">Pozwol\u0119 sobie zasugerowa\u0107 najwa\u017cniejszy element takiej zmiany. Po pierwsze, musimy si\u0119 pozby\u0107 niewydajnej i paternalistycznej gospodarki rynku socjalnego. Po drugie, powinni\u015bmy zaakceptowa\u0107 fakt, \u017ce proces regulacji ekonomicznych wymaga czasu oraz, \u017ce niecierpliwi politycy i rz\u0105dy zazwyczaj jedynie pogarszaj\u0105 spraw\u0119. Po trzecie, powinni\u015bmy zacz\u0105\u0107 zmniejsza\u0107 &#8211; na szerok\u0105 skal\u0119 &#8211; wydatki rz\u0105du i zapomnie\u0107 o flirtowaniu z rozwi\u0105zaniami, opartymi na podwy\u017cszaniu podatk\u00f3w.<\/span><\/p>\n<p style=\"text-align: justify;\"><span style=\"font-size: small;\">Powinni\u015bmy tak\u017ce zaprzesta\u0107 ci\u0105g\u0142ego rozwijania zielonego ustawodawstwa. Nale\u017cy powstrzyma\u0107 Zielonych od brania pod sw\u00f3j sztandar b\u0142\u0119dnych idei, jak doktryna globalnego ocieplenia, du\u017cej cz\u0119\u015bci naszej gospodarki. Powinni\u015bmy si\u0119 pozby\u0107 centralizacji, harmonizacji i uniformizacji kontynentu europejskiego i zacz\u0105\u0107 decentralizacj\u0119, deregulacj\u0119 i przesta\u0107 dotowa\u0107 nasze spo\u0142ecze\u0144stwo i gospodark\u0119. Nasze pa\u0144stwa, jako ofiary Europejskiej Unii Monetarnej, powinny mie\u0107 mo\u017cliwo\u015b\u0107 odej\u015bcia z niej i powrotu do w\u0142asnych porz\u0105dk\u00f3w monetarnych. Nale\u017cy zapomnie\u0107 o takich planach, jak Europejska Unia Fiskalna, nie wspominaj\u0105c o antydemokratycznych ambicjach, by ca\u0142kowicie politycznie ujednolici\u0107 Europ\u0119. Wskazane jest by\u015bmy powr\u00f3cili do demokracji, kt\u00f3ra mo\u017ce istnie\u0107 jedynie na poziomie pa\u0144stw narodowych, a nie na poziomie ca\u0142ego kontynentu. Jest ju\u017c bardzo p\u00f3\u017ano na dyskusj\u0119 na temat tego problemu.<\/span><\/p>\n<p style=\"text-align: justify;\"><span style=\"font-size: small;\">\u00a0<\/span><\/p>\n<p align=\"right\"><span style=\"font-size: medium;\"><strong>Vaclav Klaus<\/strong><\/span><\/p>\n<p style=\"text-align: right;\">\u00a0T\u0142umaczenie: <strong>Zuzanna Ilona Folaron<\/strong><\/p>\n<p>Artyku\u0142 zaczerpni\u0119ty z przemowy do Grupy z Brugii w Londynie 3. maja 2012 roku.<\/p>\n<p>\u0179r\u00f3d\u0142o: <em>The Telegraph, <\/em>\u017ar\u00f3d\u0142o polskoj\u0119zyczne:<em> <\/em>http:\/\/witamy-w-polsce.pl\/2234\/Narody+Europy+musz%C4%85+zrzuci%C4%87+gorset+Brukseli<\/p>\n<p>&nbsp;<\/p>\n<p>&nbsp;<\/p>\n","protected":false},"excerpt":{"rendered":"<p>Od lat Europejczycy nie zwracaj\u0105 dostatecznej uwagi na wydarzenia na Kontynencie albo nie odwa\u017cyli si\u0119 patrze\u0107 na nie krytycznie. Niekt\u00f3rzy<\/p>\n","protected":false},"author":1,"featured_media":0,"comment_status":"open","ping_status":"open","sticky":false,"template":"","format":"standard","meta":{"colormag_page_layout":"default_layout","footnotes":""},"categories":[6],"tags":[],"class_list":["post-5068","post","type-post","status-publish","format-standard","hentry","category-ue"],"yoast_head":"<!-- This site is optimized with the Yoast SEO plugin v25.1 - https:\/\/yoast.com\/wordpress\/plugins\/seo\/ -->\n<title>Narody Europy musz\u0105 zrzuci\u0107 gorset Brukseli - SI\u0118 MY\u015aLI<\/title>\n<meta name=\"robots\" content=\"index, follow, max-snippet:-1, max-image-preview:large, max-video-preview:-1\" \/>\n<link rel=\"canonical\" href=\"https:\/\/siemysli-ke.info\/de\/narody-europy-musza-zrzucic-gorset-brukseli\/\" \/>\n<meta property=\"og:locale\" content=\"de_DE\" \/>\n<meta property=\"og:type\" content=\"article\" \/>\n<meta property=\"og:title\" content=\"Narody Europy musz\u0105 zrzuci\u0107 gorset Brukseli - SI\u0118 MY\u015aLI\" \/>\n<meta property=\"og:description\" content=\"Od lat Europejczycy nie zwracaj\u0105 dostatecznej uwagi na wydarzenia na Kontynencie albo nie odwa\u017cyli si\u0119 patrze\u0107 na nie krytycznie. Niekt\u00f3rzy\" \/>\n<meta property=\"og:url\" content=\"https:\/\/siemysli-ke.info\/de\/narody-europy-musza-zrzucic-gorset-brukseli\/\" \/>\n<meta property=\"og:site_name\" content=\"SI\u0118 MY\u015aLI\" \/>\n<meta property=\"article:published_time\" content=\"2012-05-14T14:43:02+00:00\" \/>\n<meta property=\"article:modified_time\" content=\"2013-11-02T21:04:12+00:00\" \/>\n<meta name=\"author\" content=\"admin\" \/>\n<meta name=\"twitter:label1\" content=\"Verfasst von\" \/>\n\t<meta name=\"twitter:data1\" content=\"admin\" \/>\n\t<meta name=\"twitter:label2\" content=\"Gesch\u00e4tzte Lesezeit\" \/>\n\t<meta name=\"twitter:data2\" content=\"5\u00a0Minuten\" \/>\n<script type=\"application\/ld+json\" class=\"yoast-schema-graph\">{\"@context\":\"https:\/\/schema.org\",\"@graph\":[{\"@type\":\"Article\",\"@id\":\"https:\/\/siemysli-ke.info\/de\/narody-europy-musza-zrzucic-gorset-brukseli\/#article\",\"isPartOf\":{\"@id\":\"https:\/\/siemysli-ke.info\/de\/narody-europy-musza-zrzucic-gorset-brukseli\/\"},\"author\":{\"name\":\"admin\",\"@id\":\"https:\/\/siemysli-ke.info\/#\/schema\/person\/048295918d7858e90e57d1a2c2b5da74\"},\"headline\":\"Narody Europy musz\u0105 zrzuci\u0107 gorset Brukseli\",\"datePublished\":\"2012-05-14T14:43:02+00:00\",\"dateModified\":\"2013-11-02T21:04:12+00:00\",\"mainEntityOfPage\":{\"@id\":\"https:\/\/siemysli-ke.info\/de\/narody-europy-musza-zrzucic-gorset-brukseli\/\"},\"wordCount\":934,\"commentCount\":0,\"publisher\":{\"@id\":\"https:\/\/siemysli-ke.info\/#organization\"},\"articleSection\":[\"Unia Europejska\"],\"inLanguage\":\"de\",\"potentialAction\":[{\"@type\":\"CommentAction\",\"name\":\"Comment\",\"target\":[\"https:\/\/siemysli-ke.info\/de\/narody-europy-musza-zrzucic-gorset-brukseli\/#respond\"]}]},{\"@type\":\"WebPage\",\"@id\":\"https:\/\/siemysli-ke.info\/de\/narody-europy-musza-zrzucic-gorset-brukseli\/\",\"url\":\"https:\/\/siemysli-ke.info\/de\/narody-europy-musza-zrzucic-gorset-brukseli\/\",\"name\":\"Narody Europy musz\u0105 zrzuci\u0107 gorset Brukseli - SI\u0118 MY\u015aLI\",\"isPartOf\":{\"@id\":\"https:\/\/siemysli-ke.info\/de\/#website\"},\"datePublished\":\"2012-05-14T14:43:02+00:00\",\"dateModified\":\"2013-11-02T21:04:12+00:00\",\"breadcrumb\":{\"@id\":\"https:\/\/siemysli-ke.info\/de\/narody-europy-musza-zrzucic-gorset-brukseli\/#breadcrumb\"},\"inLanguage\":\"de\",\"potentialAction\":[{\"@type\":\"ReadAction\",\"target\":[[\"https:\/\/siemysli-ke.info\/de\/narody-europy-musza-zrzucic-gorset-brukseli\/\"]]}]},{\"@type\":\"BreadcrumbList\",\"@id\":\"https:\/\/siemysli-ke.info\/de\/narody-europy-musza-zrzucic-gorset-brukseli\/#breadcrumb\",\"itemListElement\":[{\"@type\":\"ListItem\",\"position\":1,\"name\":\"Home\",\"item\":\"https:\/\/siemysli-ke.info\/de\/\"},{\"@type\":\"ListItem\",\"position\":2,\"name\":\"Narody Europy musz\u0105 zrzuci\u0107 gorset Brukseli\"}]},{\"@type\":\"WebSite\",\"@id\":\"https:\/\/siemysli-ke.info\/de\/#website\",\"url\":\"https:\/\/siemysli-ke.info\/de\/\",\"name\":\"SI\u0118 MY\u015aLI\",\"description\":\"\",\"publisher\":{\"@id\":\"https:\/\/siemysli-ke.info\/de\/#organization\"},\"potentialAction\":[{\"@type\":\"SearchAction\",\"target\":{\"@type\":\"EntryPoint\",\"urlTemplate\":\"https:\/\/siemysli-ke.info\/de\/?s={search_term_string}\"},\"query-input\":{\"@type\":\"PropertyValueSpecification\",\"valueRequired\":true,\"valueName\":\"search_term_string\"}}],\"inLanguage\":\"de\"},{\"@type\":\"Organization\",\"@id\":\"https:\/\/siemysli-ke.info\/de\/#organization\",\"name\":\"SI\u0118 MY\u015aLI\",\"url\":\"https:\/\/siemysli-ke.info\/de\/\",\"logo\":{\"@type\":\"ImageObject\",\"inLanguage\":\"de\",\"@id\":\"https:\/\/siemysli-ke.info\/de\/#\/schema\/logo\/image\/\",\"url\":\"https:\/\/siemysli-ke.info\/wp-content\/uploads\/2025\/05\/99.png\",\"contentUrl\":\"https:\/\/siemysli-ke.info\/wp-content\/uploads\/2025\/05\/99.png\",\"width\":270,\"height\":204,\"caption\":\"SI\u0118 MY\u015aLI\"},\"image\":{\"@id\":\"https:\/\/siemysli-ke.info\/de\/#\/schema\/logo\/image\/\"}},{\"@type\":\"Person\",\"@id\":\"https:\/\/siemysli-ke.info\/#\/schema\/person\/048295918d7858e90e57d1a2c2b5da74\",\"name\":\"admin\",\"image\":{\"@type\":\"ImageObject\",\"inLanguage\":\"de\",\"@id\":\"https:\/\/siemysli-ke.info\/de\/#\/schema\/person\/image\/\",\"url\":\"https:\/\/secure.gravatar.com\/avatar\/9acf729117e1cff813c07ba085b25a76702049ffb5efe3425388cd1a019577de?s=96&d=mm&r=g\",\"contentUrl\":\"https:\/\/secure.gravatar.com\/avatar\/9acf729117e1cff813c07ba085b25a76702049ffb5efe3425388cd1a019577de?s=96&d=mm&r=g\",\"caption\":\"admin\"},\"url\":\"https:\/\/siemysli-ke.info\/de\/author\/admin\/\"}]}<\/script>\n<!-- \/ Yoast SEO plugin. -->","yoast_head_json":{"title":"Narody Europy musz\u0105 zrzuci\u0107 gorset Brukseli - SI\u0118 MY\u015aLI","robots":{"index":"index","follow":"follow","max-snippet":"max-snippet:-1","max-image-preview":"max-image-preview:large","max-video-preview":"max-video-preview:-1"},"canonical":"https:\/\/siemysli-ke.info\/de\/narody-europy-musza-zrzucic-gorset-brukseli\/","og_locale":"de_DE","og_type":"article","og_title":"Narody Europy musz\u0105 zrzuci\u0107 gorset Brukseli - SI\u0118 MY\u015aLI","og_description":"Od lat Europejczycy nie zwracaj\u0105 dostatecznej uwagi na wydarzenia na Kontynencie albo nie odwa\u017cyli si\u0119 patrze\u0107 na nie krytycznie. Niekt\u00f3rzy","og_url":"https:\/\/siemysli-ke.info\/de\/narody-europy-musza-zrzucic-gorset-brukseli\/","og_site_name":"SI\u0118 MY\u015aLI","article_published_time":"2012-05-14T14:43:02+00:00","article_modified_time":"2013-11-02T21:04:12+00:00","author":"admin","twitter_misc":{"Verfasst von":"admin","Gesch\u00e4tzte Lesezeit":"5\u00a0Minuten"},"schema":{"@context":"https:\/\/schema.org","@graph":[{"@type":"Article","@id":"https:\/\/siemysli-ke.info\/de\/narody-europy-musza-zrzucic-gorset-brukseli\/#article","isPartOf":{"@id":"https:\/\/siemysli-ke.info\/de\/narody-europy-musza-zrzucic-gorset-brukseli\/"},"author":{"name":"admin","@id":"https:\/\/siemysli-ke.info\/#\/schema\/person\/048295918d7858e90e57d1a2c2b5da74"},"headline":"Narody Europy musz\u0105 zrzuci\u0107 gorset Brukseli","datePublished":"2012-05-14T14:43:02+00:00","dateModified":"2013-11-02T21:04:12+00:00","mainEntityOfPage":{"@id":"https:\/\/siemysli-ke.info\/de\/narody-europy-musza-zrzucic-gorset-brukseli\/"},"wordCount":934,"commentCount":0,"publisher":{"@id":"https:\/\/siemysli-ke.info\/#organization"},"articleSection":["Unia Europejska"],"inLanguage":"de","potentialAction":[{"@type":"CommentAction","name":"Comment","target":["https:\/\/siemysli-ke.info\/de\/narody-europy-musza-zrzucic-gorset-brukseli\/#respond"]}]},{"@type":"WebPage","@id":"https:\/\/siemysli-ke.info\/de\/narody-europy-musza-zrzucic-gorset-brukseli\/","url":"https:\/\/siemysli-ke.info\/de\/narody-europy-musza-zrzucic-gorset-brukseli\/","name":"Narody Europy musz\u0105 zrzuci\u0107 gorset Brukseli - SI\u0118 MY\u015aLI","isPartOf":{"@id":"https:\/\/siemysli-ke.info\/de\/#website"},"datePublished":"2012-05-14T14:43:02+00:00","dateModified":"2013-11-02T21:04:12+00:00","breadcrumb":{"@id":"https:\/\/siemysli-ke.info\/de\/narody-europy-musza-zrzucic-gorset-brukseli\/#breadcrumb"},"inLanguage":"de","potentialAction":[{"@type":"ReadAction","target":[["https:\/\/siemysli-ke.info\/de\/narody-europy-musza-zrzucic-gorset-brukseli\/"]]}]},{"@type":"BreadcrumbList","@id":"https:\/\/siemysli-ke.info\/de\/narody-europy-musza-zrzucic-gorset-brukseli\/#breadcrumb","itemListElement":[{"@type":"ListItem","position":1,"name":"Home","item":"https:\/\/siemysli-ke.info\/de\/"},{"@type":"ListItem","position":2,"name":"Narody Europy musz\u0105 zrzuci\u0107 gorset Brukseli"}]},{"@type":"WebSite","@id":"https:\/\/siemysli-ke.info\/de\/#website","url":"https:\/\/siemysli-ke.info\/de\/","name":"SI\u0118 MY\u015aLI","description":"","publisher":{"@id":"https:\/\/siemysli-ke.info\/de\/#organization"},"potentialAction":[{"@type":"SearchAction","target":{"@type":"EntryPoint","urlTemplate":"https:\/\/siemysli-ke.info\/de\/?s={search_term_string}"},"query-input":{"@type":"PropertyValueSpecification","valueRequired":true,"valueName":"search_term_string"}}],"inLanguage":"de"},{"@type":"Organization","@id":"https:\/\/siemysli-ke.info\/de\/#organization","name":"SI\u0118 MY\u015aLI","url":"https:\/\/siemysli-ke.info\/de\/","logo":{"@type":"ImageObject","inLanguage":"de","@id":"https:\/\/siemysli-ke.info\/de\/#\/schema\/logo\/image\/","url":"https:\/\/siemysli-ke.info\/wp-content\/uploads\/2025\/05\/99.png","contentUrl":"https:\/\/siemysli-ke.info\/wp-content\/uploads\/2025\/05\/99.png","width":270,"height":204,"caption":"SI\u0118 MY\u015aLI"},"image":{"@id":"https:\/\/siemysli-ke.info\/de\/#\/schema\/logo\/image\/"}},{"@type":"Person","@id":"https:\/\/siemysli-ke.info\/#\/schema\/person\/048295918d7858e90e57d1a2c2b5da74","name":"admin","image":{"@type":"ImageObject","inLanguage":"de","@id":"https:\/\/siemysli-ke.info\/de\/#\/schema\/person\/image\/","url":"https:\/\/secure.gravatar.com\/avatar\/9acf729117e1cff813c07ba085b25a76702049ffb5efe3425388cd1a019577de?s=96&d=mm&r=g","contentUrl":"https:\/\/secure.gravatar.com\/avatar\/9acf729117e1cff813c07ba085b25a76702049ffb5efe3425388cd1a019577de?s=96&d=mm&r=g","caption":"admin"},"url":"https:\/\/siemysli-ke.info\/de\/author\/admin\/"}]}},"_links":{"self":[{"href":"https:\/\/siemysli-ke.info\/de\/wp-json\/wp\/v2\/posts\/5068","targetHints":{"allow":["GET"]}}],"collection":[{"href":"https:\/\/siemysli-ke.info\/de\/wp-json\/wp\/v2\/posts"}],"about":[{"href":"https:\/\/siemysli-ke.info\/de\/wp-json\/wp\/v2\/types\/post"}],"author":[{"embeddable":true,"href":"https:\/\/siemysli-ke.info\/de\/wp-json\/wp\/v2\/users\/1"}],"replies":[{"embeddable":true,"href":"https:\/\/siemysli-ke.info\/de\/wp-json\/wp\/v2\/comments?post=5068"}],"version-history":[{"count":0,"href":"https:\/\/siemysli-ke.info\/de\/wp-json\/wp\/v2\/posts\/5068\/revisions"}],"wp:attachment":[{"href":"https:\/\/siemysli-ke.info\/de\/wp-json\/wp\/v2\/media?parent=5068"}],"wp:term":[{"taxonomy":"category","embeddable":true,"href":"https:\/\/siemysli-ke.info\/de\/wp-json\/wp\/v2\/categories?post=5068"},{"taxonomy":"post_tag","embeddable":true,"href":"https:\/\/siemysli-ke.info\/de\/wp-json\/wp\/v2\/tags?post=5068"}],"curies":[{"name":"wp","href":"https:\/\/api.w.org\/{rel}","templated":true}]}}