 {"id":497,"date":"2013-09-30T20:49:42","date_gmt":"2013-09-30T18:49:42","guid":{"rendered":"http:\/\/www.siemysli.info.ke\/?p=497"},"modified":"2013-11-15T22:19:03","modified_gmt":"2013-11-15T21:19:03","slug":"lewacy-w-hiszpanii-zgrillowali-slask","status":"publish","type":"post","link":"https:\/\/siemysli-ke.info\/de\/lewacy-w-hiszpanii-zgrillowali-slask\/","title":{"rendered":"Lewacy w Hiszpanii \u201ezgrillowali\u201d \u201e\u015al\u0105sk\u201d"},"content":{"rendered":"<p style=\"text-align: justify;\">Mecz IV rundy kwalifikacji pi\u0142karskiej Ligi Europejskiej pomi\u0119dzy\u00a0<em>FC<\/em>\u00a0Sevilla a\u00a0<em>\u015al\u0105skiem<\/em>Wroc\u0142aw na poziomie kibicowskim przyni\u00f3s\u0142 wstyd polskim fanatykom. Kibolska scena po\u0142udniowc\u00f3w cechuje si\u0119 efektownymi oprawami, racami \u015bwietlnymi oraz zadymami, w kt\u00f3rych fani zwykle u\u017cywaj\u0105 t\u0142umnie \u201esprz\u0119tu\u201d w postaci no\u017cy i tasak\u00f3w. Tamtejsi fanatycy s\u0105 i ultrasami i chuliganami, co r\u00f3\u017cni t\u0119 scen\u0119 od tej wyst\u0119puj\u0105cej na wschodzie Europy. Wsch\u00f3d, czyli Polska oraz Rosja, ma wyspecjalizowane grupy chuligan\u00f3w, czasem lu\u017ano zwi\u0105zanych z kibicowaniem, a na co dzie\u0144 zajmuj\u0105cych si\u0119 \u201einteresami\u201d, czyli dilerk\u0105 narkotyk\u00f3w i wymuszaniami oraz napadami i pobiciami.<\/p>\n<p style=\"text-align: justify;\">Ultrasi, zajmuj\u0105cy si\u0119 oprawami, nie s\u0105 dzi\u015b wojownikami \u2013 a po prostu fanatykami pi\u0142ki kopanej. Na wyjazd\u00a0<em>\u015al\u0105ska<\/em>\u00a0ruszy\u0142y busem \u201ekoksy\u201d z grupy Malino<em>we Nosy\u00a0<\/em>wraz z najwa\u017cniejszymi p\u0142\u00f3tnami\u00a0<em>\u015al\u0105ska<\/em>\u00a0(<em>Wielki \u015al\u0105sk<\/em>,\u00a0<em>Ave Silesia<\/em>\u00a0\u2013 relikwiami dla ka\u017cdego kibica, kt\u00f3rych strata na kibicowskim szlaku jest katastrof\u0105 i ha\u0144b\u0105. Wraz ze \u015al\u0105skiem w podr\u00f3\u017c ruszy\u0142a grupa ich \u201ezgodowicz\u00f3w\u201d z krakowskiej\u00a0<em>Wis\u0142y<\/em>\u00a0\u2013 grupa\u00a0<em>Sharks<\/em>, czyli chuligani znani z atak\u00f3w no\u017cami, co jest specyfik\u0105 grodu Kraka oraz fani\u00a0<em>Motoru\u00a0<\/em>Lublin. Ci ostatni pochlali si\u0119 z Krakusami i\u00a0<em>Sharksi\u00a0<\/em>wracaj\u0105 do kraju, za\u015b weso\u0142y bus mknie w kierunku Hiszpanii.<\/p>\n<p style=\"text-align: justify;\">Tam gor\u0105ce wra\u017cenia postanowili zgotowa\u0107\u00a0<em>\u015al\u0105skowi\u00a0<\/em>emigranci z Polski \u2013 kibice<em>Cracovii\u00a0<\/em>Krak\u00f3w \u2013 r\u00f3wnie\u017c fani no\u017cy \u2013 i\u00a0<em>GKS\u00a0<\/em>Tychy. G\u0142o\u015bn\u0105, przedmeczow\u0105 siest\u0119 w Sevilii ko\u0144czy fanom \u015al\u0105ska r\u00f3wnie fanatyczna ekipa\u00a0<em>Biris Norte Sevilla Hooligans<\/em>. Ci z fan\u00f3w \u015al\u0105ska, kt\u00f3rzy podj\u0119li r\u0119kawic\u0119, zostali pok\u0142uci no\u017cami przez wyznawc\u00f3w\u00a0<em>Che<\/em>Guevary i wyl\u0105dowali w szpitalu. Flagi zosta\u0142y stracone.<\/p>\n<p style=\"text-align: justify;\"><img decoding=\"async\" class=\"alignleft\" alt=\"\" src=\"http:\/\/www.bezjarzmowie.info.ke\/test\/wp-content\/uploads\/2013\/08\/Sevilla-1-300x225.jpg\" width=\"300\" height=\"225\" \/><\/p>\n<p style=\"text-align: justify;\">Na domiar z\u0142ego ci, kt\u00f3rzy dotarli na sektor, zostali podczas meczu brutalnie spa\u0142owani przez tamtejszych antyterroryst\u00f3w. Niekt\u00f3rzy ze z\u0142amanymi \u017cebrami zasilili szpitalne \u0142\u00f3\u017cka. Wstyd na ca\u0142\u0105 Polsk\u0119! Prawdziwi Polacy \u2013 zawsze po prawej stronie \u2013 dostali \u0142omot od bandy \u201ekomuch\u00f3w\u201d. Na stadionie \u015al\u0105ska cz\u0119sto zobaczy\u0107 mo\u017cna by\u0142o oprawy anty-komunistyczne oraz historyczne, po\u015bwi\u0119cone pami\u0119ci \u017bo\u0142nierzy Wykl\u0119tych. Kibole-nacjonali\u015bci, podatni na propagand\u0119 NOP-u, nie popisali si\u0119 ostatnimi czasy. Zaatakowali wroc\u0142awski\u00a0<em>Wagenburg<\/em>, niszcz\u0105c go oraz wtargn\u0119li na koncert HC PUNK \u2013 benefit na chor\u0105 dziewczynk\u0119. Po zbli\u017ceniu NOP-u z ukrai\u0144sk\u0105\u00a0<em>Svobod\u0105<\/em>\u00a0(neo-Banderowcami) u kiboli\u00a0<em>\u015al\u0105ska<\/em>\u00a0przebra\u0142a si\u0119 miarka i NOP Adama Gmurczyka jest ju\u017c niemile widziany na zielono-czerwonych trybunach. Raz na wozie, raz pod\u2026<\/p>\n<p style=\"text-align: justify;\">Dzi\u015b po\u0142udniowa krew dala bobu naszym Wszechpolakom, ale jednak pozostaje ma\u0142y niedosyt. Nasz rz\u0105d powinien si\u0119 domaga\u0107 od rz\u0105du hiszpa\u0144skiego przeprosin za\u2026 te wszystkie okropno\u015bci, bo i na boisku blama\u017c i po chuliga\u0144sku \u2013 pora\u017cka. Jezus Maria, Naj\u015bwi\u0119tsza Panienko\u2026<\/p>\n<p style=\"text-align: justify;\">Dobranoc.<\/p>\n<p align=\"right\"><strong>(AWANGARDA)<\/strong><\/p>\n<p align=\"right\">SIERPIE\u0143 2013<\/p>\n","protected":false},"excerpt":{"rendered":"<p>Mecz IV rundy kwalifikacji pi\u0142karskiej Ligi Europejskiej pomi\u0119dzy\u00a0FC\u00a0Sevilla a\u00a0\u015al\u0105skiemWroc\u0142aw na poziomie kibicowskim przyni\u00f3s\u0142 wstyd polskim fanatykom. Kibolska scena po\u0142udniowc\u00f3w cechuje<\/p>\n","protected":false},"author":1,"featured_media":12435,"comment_status":"open","ping_status":"open","sticky":false,"template":"","format":"standard","meta":{"colormag_page_layout":"default_layout","footnotes":""},"categories":[6],"tags":[92],"class_list":["post-497","post","type-post","status-publish","format-standard","has-post-thumbnail","hentry","category-ue","tag-headline"],"yoast_head":"<!-- This site is optimized with the Yoast SEO plugin v25.1 - https:\/\/yoast.com\/wordpress\/plugins\/seo\/ -->\n<title>Lewacy w Hiszpanii \u201ezgrillowali\u201d \u201e\u015al\u0105sk\u201d - SI\u0118 MY\u015aLI<\/title>\n<meta name=\"robots\" content=\"index, follow, max-snippet:-1, max-image-preview:large, max-video-preview:-1\" \/>\n<link rel=\"canonical\" href=\"https:\/\/siemysli-ke.info\/de\/lewacy-w-hiszpanii-zgrillowali-slask\/\" \/>\n<meta property=\"og:locale\" content=\"de_DE\" \/>\n<meta property=\"og:type\" content=\"article\" \/>\n<meta property=\"og:title\" content=\"Lewacy w Hiszpanii \u201ezgrillowali\u201d \u201e\u015al\u0105sk\u201d - SI\u0118 MY\u015aLI\" \/>\n<meta property=\"og:description\" content=\"Mecz IV rundy kwalifikacji pi\u0142karskiej Ligi Europejskiej pomi\u0119dzy\u00a0FC\u00a0Sevilla a\u00a0\u015al\u0105skiemWroc\u0142aw na poziomie kibicowskim przyni\u00f3s\u0142 wstyd polskim fanatykom. Kibolska scena po\u0142udniowc\u00f3w cechuje\" \/>\n<meta property=\"og:url\" content=\"https:\/\/siemysli-ke.info\/de\/lewacy-w-hiszpanii-zgrillowali-slask\/\" \/>\n<meta property=\"og:site_name\" content=\"SI\u0118 MY\u015aLI\" \/>\n<meta property=\"article:published_time\" content=\"2013-09-30T18:49:42+00:00\" \/>\n<meta property=\"article:modified_time\" content=\"2013-11-15T21:19:03+00:00\" \/>\n<meta property=\"og:image\" content=\"https:\/\/siemysli-ke.info\/wp-content\/uploads\/2013\/09\/Sevilla-1-300x2251.jpg\" \/>\n\t<meta property=\"og:image:width\" content=\"300\" \/>\n\t<meta property=\"og:image:height\" content=\"225\" \/>\n\t<meta property=\"og:image:type\" content=\"image\/jpeg\" \/>\n<meta name=\"author\" content=\"admin\" \/>\n<meta name=\"twitter:label1\" content=\"Verfasst von\" \/>\n\t<meta name=\"twitter:data1\" content=\"admin\" \/>\n\t<meta name=\"twitter:label2\" content=\"Gesch\u00e4tzte Lesezeit\" \/>\n\t<meta name=\"twitter:data2\" content=\"2\u00a0Minuten\" \/>\n<script type=\"application\/ld+json\" class=\"yoast-schema-graph\">{\"@context\":\"https:\/\/schema.org\",\"@graph\":[{\"@type\":\"Article\",\"@id\":\"https:\/\/siemysli-ke.info\/de\/lewacy-w-hiszpanii-zgrillowali-slask\/#article\",\"isPartOf\":{\"@id\":\"https:\/\/siemysli-ke.info\/de\/lewacy-w-hiszpanii-zgrillowali-slask\/\"},\"author\":{\"name\":\"admin\",\"@id\":\"https:\/\/siemysli-ke.info\/#\/schema\/person\/048295918d7858e90e57d1a2c2b5da74\"},\"headline\":\"Lewacy w Hiszpanii \u201ezgrillowali\u201d \u201e\u015al\u0105sk\u201d\",\"datePublished\":\"2013-09-30T18:49:42+00:00\",\"dateModified\":\"2013-11-15T21:19:03+00:00\",\"mainEntityOfPage\":{\"@id\":\"https:\/\/siemysli-ke.info\/de\/lewacy-w-hiszpanii-zgrillowali-slask\/\"},\"wordCount\":483,\"commentCount\":0,\"publisher\":{\"@id\":\"https:\/\/siemysli-ke.info\/#organization\"},\"image\":{\"@id\":\"https:\/\/siemysli-ke.info\/de\/lewacy-w-hiszpanii-zgrillowali-slask\/#primaryimage\"},\"thumbnailUrl\":\"https:\/\/siemysli-ke.info\/wp-content\/uploads\/2013\/09\/Sevilla-1-300x2251.jpg\",\"keywords\":[\"headline\"],\"articleSection\":[\"Unia Europejska\"],\"inLanguage\":\"de\",\"potentialAction\":[{\"@type\":\"CommentAction\",\"name\":\"Comment\",\"target\":[\"https:\/\/siemysli-ke.info\/de\/lewacy-w-hiszpanii-zgrillowali-slask\/#respond\"]}]},{\"@type\":\"WebPage\",\"@id\":\"https:\/\/siemysli-ke.info\/de\/lewacy-w-hiszpanii-zgrillowali-slask\/\",\"url\":\"https:\/\/siemysli-ke.info\/de\/lewacy-w-hiszpanii-zgrillowali-slask\/\",\"name\":\"Lewacy w Hiszpanii \u201ezgrillowali\u201d \u201e\u015al\u0105sk\u201d - SI\u0118 MY\u015aLI\",\"isPartOf\":{\"@id\":\"https:\/\/siemysli-ke.info\/de\/#website\"},\"primaryImageOfPage\":{\"@id\":\"https:\/\/siemysli-ke.info\/de\/lewacy-w-hiszpanii-zgrillowali-slask\/#primaryimage\"},\"image\":{\"@id\":\"https:\/\/siemysli-ke.info\/de\/lewacy-w-hiszpanii-zgrillowali-slask\/#primaryimage\"},\"thumbnailUrl\":\"https:\/\/siemysli-ke.info\/wp-content\/uploads\/2013\/09\/Sevilla-1-300x2251.jpg\",\"datePublished\":\"2013-09-30T18:49:42+00:00\",\"dateModified\":\"2013-11-15T21:19:03+00:00\",\"breadcrumb\":{\"@id\":\"https:\/\/siemysli-ke.info\/de\/lewacy-w-hiszpanii-zgrillowali-slask\/#breadcrumb\"},\"inLanguage\":\"de\",\"potentialAction\":[{\"@type\":\"ReadAction\",\"target\":[[\"https:\/\/siemysli-ke.info\/de\/lewacy-w-hiszpanii-zgrillowali-slask\/\"]]}]},{\"@type\":\"ImageObject\",\"inLanguage\":\"de\",\"@id\":\"https:\/\/siemysli-ke.info\/de\/lewacy-w-hiszpanii-zgrillowali-slask\/#primaryimage\",\"url\":\"https:\/\/siemysli-ke.info\/wp-content\/uploads\/2013\/09\/Sevilla-1-300x2251.jpg\",\"contentUrl\":\"https:\/\/siemysli-ke.info\/wp-content\/uploads\/2013\/09\/Sevilla-1-300x2251.jpg\",\"width\":300,\"height\":225},{\"@type\":\"BreadcrumbList\",\"@id\":\"https:\/\/siemysli-ke.info\/de\/lewacy-w-hiszpanii-zgrillowali-slask\/#breadcrumb\",\"itemListElement\":[{\"@type\":\"ListItem\",\"position\":1,\"name\":\"Home\",\"item\":\"https:\/\/siemysli-ke.info\/de\/\"},{\"@type\":\"ListItem\",\"position\":2,\"name\":\"Lewacy w Hiszpanii \u201ezgrillowali\u201d \u201e\u015al\u0105sk\u201d\"}]},{\"@type\":\"WebSite\",\"@id\":\"https:\/\/siemysli-ke.info\/de\/#website\",\"url\":\"https:\/\/siemysli-ke.info\/de\/\",\"name\":\"SI\u0118 MY\u015aLI\",\"description\":\"\",\"publisher\":{\"@id\":\"https:\/\/siemysli-ke.info\/de\/#organization\"},\"potentialAction\":[{\"@type\":\"SearchAction\",\"target\":{\"@type\":\"EntryPoint\",\"urlTemplate\":\"https:\/\/siemysli-ke.info\/de\/?s={search_term_string}\"},\"query-input\":{\"@type\":\"PropertyValueSpecification\",\"valueRequired\":true,\"valueName\":\"search_term_string\"}}],\"inLanguage\":\"de\"},{\"@type\":\"Organization\",\"@id\":\"https:\/\/siemysli-ke.info\/de\/#organization\",\"name\":\"SI\u0118 MY\u015aLI\",\"url\":\"https:\/\/siemysli-ke.info\/de\/\",\"logo\":{\"@type\":\"ImageObject\",\"inLanguage\":\"de\",\"@id\":\"https:\/\/siemysli-ke.info\/de\/#\/schema\/logo\/image\/\",\"url\":\"https:\/\/siemysli-ke.info\/wp-content\/uploads\/2025\/05\/99.png\",\"contentUrl\":\"https:\/\/siemysli-ke.info\/wp-content\/uploads\/2025\/05\/99.png\",\"width\":270,\"height\":204,\"caption\":\"SI\u0118 MY\u015aLI\"},\"image\":{\"@id\":\"https:\/\/siemysli-ke.info\/de\/#\/schema\/logo\/image\/\"}},{\"@type\":\"Person\",\"@id\":\"https:\/\/siemysli-ke.info\/#\/schema\/person\/048295918d7858e90e57d1a2c2b5da74\",\"name\":\"admin\",\"image\":{\"@type\":\"ImageObject\",\"inLanguage\":\"de\",\"@id\":\"https:\/\/siemysli-ke.info\/de\/#\/schema\/person\/image\/\",\"url\":\"https:\/\/secure.gravatar.com\/avatar\/9acf729117e1cff813c07ba085b25a76702049ffb5efe3425388cd1a019577de?s=96&d=mm&r=g\",\"contentUrl\":\"https:\/\/secure.gravatar.com\/avatar\/9acf729117e1cff813c07ba085b25a76702049ffb5efe3425388cd1a019577de?s=96&d=mm&r=g\",\"caption\":\"admin\"},\"url\":\"https:\/\/siemysli-ke.info\/de\/author\/admin\/\"}]}<\/script>\n<!-- \/ Yoast SEO plugin. -->","yoast_head_json":{"title":"Lewacy w Hiszpanii \u201ezgrillowali\u201d \u201e\u015al\u0105sk\u201d - SI\u0118 MY\u015aLI","robots":{"index":"index","follow":"follow","max-snippet":"max-snippet:-1","max-image-preview":"max-image-preview:large","max-video-preview":"max-video-preview:-1"},"canonical":"https:\/\/siemysli-ke.info\/de\/lewacy-w-hiszpanii-zgrillowali-slask\/","og_locale":"de_DE","og_type":"article","og_title":"Lewacy w Hiszpanii \u201ezgrillowali\u201d \u201e\u015al\u0105sk\u201d - SI\u0118 MY\u015aLI","og_description":"Mecz IV rundy kwalifikacji pi\u0142karskiej Ligi Europejskiej pomi\u0119dzy\u00a0FC\u00a0Sevilla a\u00a0\u015al\u0105skiemWroc\u0142aw na poziomie kibicowskim przyni\u00f3s\u0142 wstyd polskim fanatykom. Kibolska scena po\u0142udniowc\u00f3w cechuje","og_url":"https:\/\/siemysli-ke.info\/de\/lewacy-w-hiszpanii-zgrillowali-slask\/","og_site_name":"SI\u0118 MY\u015aLI","article_published_time":"2013-09-30T18:49:42+00:00","article_modified_time":"2013-11-15T21:19:03+00:00","og_image":[{"width":300,"height":225,"url":"https:\/\/siemysli-ke.info\/wp-content\/uploads\/2013\/09\/Sevilla-1-300x2251.jpg","type":"image\/jpeg"}],"author":"admin","twitter_misc":{"Verfasst von":"admin","Gesch\u00e4tzte Lesezeit":"2\u00a0Minuten"},"schema":{"@context":"https:\/\/schema.org","@graph":[{"@type":"Article","@id":"https:\/\/siemysli-ke.info\/de\/lewacy-w-hiszpanii-zgrillowali-slask\/#article","isPartOf":{"@id":"https:\/\/siemysli-ke.info\/de\/lewacy-w-hiszpanii-zgrillowali-slask\/"},"author":{"name":"admin","@id":"https:\/\/siemysli-ke.info\/#\/schema\/person\/048295918d7858e90e57d1a2c2b5da74"},"headline":"Lewacy w Hiszpanii \u201ezgrillowali\u201d \u201e\u015al\u0105sk\u201d","datePublished":"2013-09-30T18:49:42+00:00","dateModified":"2013-11-15T21:19:03+00:00","mainEntityOfPage":{"@id":"https:\/\/siemysli-ke.info\/de\/lewacy-w-hiszpanii-zgrillowali-slask\/"},"wordCount":483,"commentCount":0,"publisher":{"@id":"https:\/\/siemysli-ke.info\/#organization"},"image":{"@id":"https:\/\/siemysli-ke.info\/de\/lewacy-w-hiszpanii-zgrillowali-slask\/#primaryimage"},"thumbnailUrl":"https:\/\/siemysli-ke.info\/wp-content\/uploads\/2013\/09\/Sevilla-1-300x2251.jpg","keywords":["headline"],"articleSection":["Unia Europejska"],"inLanguage":"de","potentialAction":[{"@type":"CommentAction","name":"Comment","target":["https:\/\/siemysli-ke.info\/de\/lewacy-w-hiszpanii-zgrillowali-slask\/#respond"]}]},{"@type":"WebPage","@id":"https:\/\/siemysli-ke.info\/de\/lewacy-w-hiszpanii-zgrillowali-slask\/","url":"https:\/\/siemysli-ke.info\/de\/lewacy-w-hiszpanii-zgrillowali-slask\/","name":"Lewacy w Hiszpanii \u201ezgrillowali\u201d \u201e\u015al\u0105sk\u201d - SI\u0118 MY\u015aLI","isPartOf":{"@id":"https:\/\/siemysli-ke.info\/de\/#website"},"primaryImageOfPage":{"@id":"https:\/\/siemysli-ke.info\/de\/lewacy-w-hiszpanii-zgrillowali-slask\/#primaryimage"},"image":{"@id":"https:\/\/siemysli-ke.info\/de\/lewacy-w-hiszpanii-zgrillowali-slask\/#primaryimage"},"thumbnailUrl":"https:\/\/siemysli-ke.info\/wp-content\/uploads\/2013\/09\/Sevilla-1-300x2251.jpg","datePublished":"2013-09-30T18:49:42+00:00","dateModified":"2013-11-15T21:19:03+00:00","breadcrumb":{"@id":"https:\/\/siemysli-ke.info\/de\/lewacy-w-hiszpanii-zgrillowali-slask\/#breadcrumb"},"inLanguage":"de","potentialAction":[{"@type":"ReadAction","target":[["https:\/\/siemysli-ke.info\/de\/lewacy-w-hiszpanii-zgrillowali-slask\/"]]}]},{"@type":"ImageObject","inLanguage":"de","@id":"https:\/\/siemysli-ke.info\/de\/lewacy-w-hiszpanii-zgrillowali-slask\/#primaryimage","url":"https:\/\/siemysli-ke.info\/wp-content\/uploads\/2013\/09\/Sevilla-1-300x2251.jpg","contentUrl":"https:\/\/siemysli-ke.info\/wp-content\/uploads\/2013\/09\/Sevilla-1-300x2251.jpg","width":300,"height":225},{"@type":"BreadcrumbList","@id":"https:\/\/siemysli-ke.info\/de\/lewacy-w-hiszpanii-zgrillowali-slask\/#breadcrumb","itemListElement":[{"@type":"ListItem","position":1,"name":"Home","item":"https:\/\/siemysli-ke.info\/de\/"},{"@type":"ListItem","position":2,"name":"Lewacy w Hiszpanii \u201ezgrillowali\u201d \u201e\u015al\u0105sk\u201d"}]},{"@type":"WebSite","@id":"https:\/\/siemysli-ke.info\/de\/#website","url":"https:\/\/siemysli-ke.info\/de\/","name":"SI\u0118 MY\u015aLI","description":"","publisher":{"@id":"https:\/\/siemysli-ke.info\/de\/#organization"},"potentialAction":[{"@type":"SearchAction","target":{"@type":"EntryPoint","urlTemplate":"https:\/\/siemysli-ke.info\/de\/?s={search_term_string}"},"query-input":{"@type":"PropertyValueSpecification","valueRequired":true,"valueName":"search_term_string"}}],"inLanguage":"de"},{"@type":"Organization","@id":"https:\/\/siemysli-ke.info\/de\/#organization","name":"SI\u0118 MY\u015aLI","url":"https:\/\/siemysli-ke.info\/de\/","logo":{"@type":"ImageObject","inLanguage":"de","@id":"https:\/\/siemysli-ke.info\/de\/#\/schema\/logo\/image\/","url":"https:\/\/siemysli-ke.info\/wp-content\/uploads\/2025\/05\/99.png","contentUrl":"https:\/\/siemysli-ke.info\/wp-content\/uploads\/2025\/05\/99.png","width":270,"height":204,"caption":"SI\u0118 MY\u015aLI"},"image":{"@id":"https:\/\/siemysli-ke.info\/de\/#\/schema\/logo\/image\/"}},{"@type":"Person","@id":"https:\/\/siemysli-ke.info\/#\/schema\/person\/048295918d7858e90e57d1a2c2b5da74","name":"admin","image":{"@type":"ImageObject","inLanguage":"de","@id":"https:\/\/siemysli-ke.info\/de\/#\/schema\/person\/image\/","url":"https:\/\/secure.gravatar.com\/avatar\/9acf729117e1cff813c07ba085b25a76702049ffb5efe3425388cd1a019577de?s=96&d=mm&r=g","contentUrl":"https:\/\/secure.gravatar.com\/avatar\/9acf729117e1cff813c07ba085b25a76702049ffb5efe3425388cd1a019577de?s=96&d=mm&r=g","caption":"admin"},"url":"https:\/\/siemysli-ke.info\/de\/author\/admin\/"}]}},"_links":{"self":[{"href":"https:\/\/siemysli-ke.info\/de\/wp-json\/wp\/v2\/posts\/497","targetHints":{"allow":["GET"]}}],"collection":[{"href":"https:\/\/siemysli-ke.info\/de\/wp-json\/wp\/v2\/posts"}],"about":[{"href":"https:\/\/siemysli-ke.info\/de\/wp-json\/wp\/v2\/types\/post"}],"author":[{"embeddable":true,"href":"https:\/\/siemysli-ke.info\/de\/wp-json\/wp\/v2\/users\/1"}],"replies":[{"embeddable":true,"href":"https:\/\/siemysli-ke.info\/de\/wp-json\/wp\/v2\/comments?post=497"}],"version-history":[{"count":0,"href":"https:\/\/siemysli-ke.info\/de\/wp-json\/wp\/v2\/posts\/497\/revisions"}],"wp:featuredmedia":[{"embeddable":true,"href":"https:\/\/siemysli-ke.info\/de\/wp-json\/wp\/v2\/media\/12435"}],"wp:attachment":[{"href":"https:\/\/siemysli-ke.info\/de\/wp-json\/wp\/v2\/media?parent=497"}],"wp:term":[{"taxonomy":"category","embeddable":true,"href":"https:\/\/siemysli-ke.info\/de\/wp-json\/wp\/v2\/categories?post=497"},{"taxonomy":"post_tag","embeddable":true,"href":"https:\/\/siemysli-ke.info\/de\/wp-json\/wp\/v2\/tags?post=497"}],"curies":[{"name":"wp","href":"https:\/\/api.w.org\/{rel}","templated":true}]}}