 {"id":45895,"date":"2023-12-31T23:34:20","date_gmt":"2023-12-31T22:34:20","guid":{"rendered":"https:\/\/siemysli-ke.info\/?p=45895"},"modified":"2023-12-31T23:51:11","modified_gmt":"2023-12-31T22:51:11","slug":"z-mysliborza-kolej-odeszla-nie-z-wlasnej-woli","status":"publish","type":"post","link":"https:\/\/siemysli-ke.info\/de\/z-mysliborza-kolej-odeszla-nie-z-wlasnej-woli\/","title":{"rendered":"(Polski) Z My\u015bliborza kolej odesz\u0142a. Nie z w\u0142asnej woli\u2026"},"content":{"rendered":"<p class=\"qtranxs-available-languages-message qtranxs-available-languages-message-de\">Leider ist der Eintrag nur auf <a href=\"https:\/\/siemysli-ke.info\/pl\/wp-json\/wp\/v2\/posts\/45895\" class=\"qtranxs-available-language-link qtranxs-available-language-link-pl\" title=\"Polski\">Polski<\/a> verf\u00fcgbar.<\/p>","protected":false},"excerpt":{"rendered":"<p>Leider ist der Eintrag nur auf Polski verf\u00fcgbar.<\/p>\n","protected":false},"author":3,"featured_media":45896,"comment_status":"open","ping_status":"open","sticky":false,"template":"","format":"standard","meta":{"colormag_page_layout":"default_layout","footnotes":""},"categories":[3,17743],"tags":[29207,9015,29208,23648,2320,25379,29204,20018,29206,29205,29203],"class_list":["post-45895","post","type-post","status-publish","format-standard","has-post-thumbnail","hentry","category-kultura","category-polecane","tag-gorzyca","tag-marek-karolczak","tag-marek-stefanski","tag-miesiecznik-ulica-wszystkich-swietych","tag-mysliborz","tag-redakcja-siemysli-ke-info","tag-ruch-pociagow-na-linii-kostrzyn-debno-lub-mysliborz-stargard","tag-stargard","tag-stowarzyszenie-wiejska-inicjatywa-rozwoju","tag-stowarzyszenie-zielona-dolina-warty-i-odry","tag-ziemia-mysliborska"],"yoast_head":"<!-- This site is optimized with the Yoast SEO plugin v25.1 - https:\/\/yoast.com\/wordpress\/plugins\/seo\/ -->\n<title>(Polski) Z My\u015bliborza kolej odesz\u0142a. Nie z w\u0142asnej woli\u2026 - SI\u0118 MY\u015aLI<\/title>\n<meta name=\"robots\" content=\"index, follow, max-snippet:-1, max-image-preview:large, max-video-preview:-1\" \/>\n<link rel=\"canonical\" href=\"https:\/\/siemysli-ke.info\/de\/z-mysliborza-kolej-odeszla-nie-z-wlasnej-woli\/\" \/>\n<meta property=\"og:locale\" content=\"de_DE\" \/>\n<meta property=\"og:type\" content=\"article\" \/>\n<meta property=\"og:title\" content=\"(Polski) Z My\u015bliborza kolej odesz\u0142a. Nie z w\u0142asnej woli\u2026 - SI\u0118 MY\u015aLI\" \/>\n<meta property=\"og:description\" content=\"Leider ist der Eintrag nur auf Polski verf\u00fcgbar.\" \/>\n<meta property=\"og:url\" content=\"https:\/\/siemysli-ke.info\/de\/z-mysliborza-kolej-odeszla-nie-z-wlasnej-woli\/\" \/>\n<meta property=\"og:site_name\" content=\"SI\u0118 MY\u015aLI\" \/>\n<meta property=\"article:published_time\" content=\"2023-12-31T22:34:20+00:00\" \/>\n<meta property=\"article:modified_time\" content=\"2023-12-31T22:51:11+00:00\" \/>\n<meta property=\"og:image\" content=\"https:\/\/siemysli-ke.info\/wp-content\/uploads\/2023\/12\/img172.jpg\" \/>\n\t<meta property=\"og:image:width\" content=\"709\" \/>\n\t<meta property=\"og:image:height\" content=\"997\" \/>\n\t<meta property=\"og:image:type\" content=\"image\/jpeg\" \/>\n<meta name=\"author\" content=\"...\" \/>\n<meta name=\"twitter:label1\" content=\"Verfasst von\" \/>\n\t<meta name=\"twitter:data1\" content=\"...\" \/>\n\t<meta name=\"twitter:label2\" content=\"Gesch\u00e4tzte Lesezeit\" \/>\n\t<meta name=\"twitter:data2\" content=\"1\u00a0Minute\" \/>\n<script type=\"application\/ld+json\" class=\"yoast-schema-graph\">{\"@context\":\"https:\/\/schema.org\",\"@graph\":[{\"@type\":\"Article\",\"@id\":\"https:\/\/siemysli-ke.info\/de\/z-mysliborza-kolej-odeszla-nie-z-wlasnej-woli\/#article\",\"isPartOf\":{\"@id\":\"https:\/\/siemysli-ke.info\/de\/z-mysliborza-kolej-odeszla-nie-z-wlasnej-woli\/\"},\"author\":{\"name\":\"...\",\"@id\":\"https:\/\/siemysli-ke.info\/#\/schema\/person\/75326687448d6abf738b156f56385210\"},\"headline\":\"(Polski) Z My\u015bliborza kolej odesz\u0142a. Nie z w\u0142asnej woli\u2026\",\"datePublished\":\"2023-12-31T22:34:20+00:00\",\"dateModified\":\"2023-12-31T22:51:11+00:00\",\"mainEntityOfPage\":{\"@id\":\"https:\/\/siemysli-ke.info\/de\/z-mysliborza-kolej-odeszla-nie-z-wlasnej-woli\/\"},\"wordCount\":155,\"commentCount\":0,\"publisher\":{\"@id\":\"https:\/\/siemysli-ke.info\/#organization\"},\"image\":{\"@id\":\"https:\/\/siemysli-ke.info\/de\/z-mysliborza-kolej-odeszla-nie-z-wlasnej-woli\/#primaryimage\"},\"thumbnailUrl\":\"https:\/\/siemysli-ke.info\/wp-content\/uploads\/2023\/12\/img172.jpg\",\"keywords\":[\"G\u00f3rzyca\",\"Marek Karolczak\",\"Marek Stefa\u0144ski\",\"miesi\u0119cznik\u00a0\\\"Ulica Wszystkich \u015awi\u0119tych\\\"\",\"My\u015blib\u00f3rz\",\"redakcja Si\u0119My\u015bli-ke.info\",\"ruch poci\u0105g\u00f3w na linii Kostrzyn \u2013 D\u0119bno Lub. \u2013 My\u015blib\u00f3rz \u2013 Stargard\",\"Stargard\",\"Stowarzyszenie \\\"Wiejska Inicjatywa Rozwoju\\\"\",\"Stowarzyszenie \\\"Zielona Dolina Warty i Odry\\\"\",\"Ziemia My\u015bliborska\"],\"articleSection\":[\"Kultura\",\"Polecane\"],\"inLanguage\":\"de\",\"potentialAction\":[{\"@type\":\"CommentAction\",\"name\":\"Comment\",\"target\":[\"https:\/\/siemysli-ke.info\/de\/z-mysliborza-kolej-odeszla-nie-z-wlasnej-woli\/#respond\"]}]},{\"@type\":\"WebPage\",\"@id\":\"https:\/\/siemysli-ke.info\/de\/z-mysliborza-kolej-odeszla-nie-z-wlasnej-woli\/\",\"url\":\"https:\/\/siemysli-ke.info\/de\/z-mysliborza-kolej-odeszla-nie-z-wlasnej-woli\/\",\"name\":\"(Polski) Z My\u015bliborza kolej odesz\u0142a. Nie z w\u0142asnej woli\u2026 - SI\u0118 MY\u015aLI\",\"isPartOf\":{\"@id\":\"https:\/\/siemysli-ke.info\/de\/#website\"},\"primaryImageOfPage\":{\"@id\":\"https:\/\/siemysli-ke.info\/de\/z-mysliborza-kolej-odeszla-nie-z-wlasnej-woli\/#primaryimage\"},\"image\":{\"@id\":\"https:\/\/siemysli-ke.info\/de\/z-mysliborza-kolej-odeszla-nie-z-wlasnej-woli\/#primaryimage\"},\"thumbnailUrl\":\"https:\/\/siemysli-ke.info\/wp-content\/uploads\/2023\/12\/img172.jpg\",\"datePublished\":\"2023-12-31T22:34:20+00:00\",\"dateModified\":\"2023-12-31T22:51:11+00:00\",\"breadcrumb\":{\"@id\":\"https:\/\/siemysli-ke.info\/de\/z-mysliborza-kolej-odeszla-nie-z-wlasnej-woli\/#breadcrumb\"},\"inLanguage\":\"de\",\"potentialAction\":[{\"@type\":\"ReadAction\",\"target\":[[\"https:\/\/siemysli-ke.info\/de\/z-mysliborza-kolej-odeszla-nie-z-wlasnej-woli\/\"]]}]},{\"@type\":\"ImageObject\",\"inLanguage\":\"de\",\"@id\":\"https:\/\/siemysli-ke.info\/de\/z-mysliborza-kolej-odeszla-nie-z-wlasnej-woli\/#primaryimage\",\"url\":\"https:\/\/siemysli-ke.info\/wp-content\/uploads\/2023\/12\/img172.jpg\",\"contentUrl\":\"https:\/\/siemysli-ke.info\/wp-content\/uploads\/2023\/12\/img172.jpg\",\"width\":709,\"height\":997},{\"@type\":\"BreadcrumbList\",\"@id\":\"https:\/\/siemysli-ke.info\/de\/z-mysliborza-kolej-odeszla-nie-z-wlasnej-woli\/#breadcrumb\",\"itemListElement\":[{\"@type\":\"ListItem\",\"position\":1,\"name\":\"Home\",\"item\":\"https:\/\/siemysli-ke.info\/de\/\"},{\"@type\":\"ListItem\",\"position\":2,\"name\":\"(Polski) Z My\u015bliborza kolej odesz\u0142a. Nie z w\u0142asnej woli\u2026\"}]},{\"@type\":\"WebSite\",\"@id\":\"https:\/\/siemysli-ke.info\/de\/#website\",\"url\":\"https:\/\/siemysli-ke.info\/de\/\",\"name\":\"SI\u0118 MY\u015aLI\",\"description\":\"\",\"publisher\":{\"@id\":\"https:\/\/siemysli-ke.info\/de\/#organization\"},\"potentialAction\":[{\"@type\":\"SearchAction\",\"target\":{\"@type\":\"EntryPoint\",\"urlTemplate\":\"https:\/\/siemysli-ke.info\/de\/?s={search_term_string}\"},\"query-input\":{\"@type\":\"PropertyValueSpecification\",\"valueRequired\":true,\"valueName\":\"search_term_string\"}}],\"inLanguage\":\"de\"},{\"@type\":\"Organization\",\"@id\":\"https:\/\/siemysli-ke.info\/de\/#organization\",\"name\":\"SI\u0118 MY\u015aLI\",\"url\":\"https:\/\/siemysli-ke.info\/de\/\",\"logo\":{\"@type\":\"ImageObject\",\"inLanguage\":\"de\",\"@id\":\"https:\/\/siemysli-ke.info\/de\/#\/schema\/logo\/image\/\",\"url\":\"https:\/\/siemysli-ke.info\/wp-content\/uploads\/2025\/05\/99.png\",\"contentUrl\":\"https:\/\/siemysli-ke.info\/wp-content\/uploads\/2025\/05\/99.png\",\"width\":270,\"height\":204,\"caption\":\"SI\u0118 MY\u015aLI\"},\"image\":{\"@id\":\"https:\/\/siemysli-ke.info\/de\/#\/schema\/logo\/image\/\"}},{\"@type\":\"Person\",\"@id\":\"https:\/\/siemysli-ke.info\/#\/schema\/person\/75326687448d6abf738b156f56385210\",\"name\":\"...\",\"image\":{\"@type\":\"ImageObject\",\"inLanguage\":\"de\",\"@id\":\"https:\/\/siemysli-ke.info\/de\/#\/schema\/person\/image\/\",\"url\":\"https:\/\/secure.gravatar.com\/avatar\/33a3c2559155e1b4add65cf88cafda785aeb920f44b97c7055b07866ab5b13c2?s=96&d=mm&r=g\",\"contentUrl\":\"https:\/\/secure.gravatar.com\/avatar\/33a3c2559155e1b4add65cf88cafda785aeb920f44b97c7055b07866ab5b13c2?s=96&d=mm&r=g\",\"caption\":\"...\"},\"url\":\"https:\/\/siemysli-ke.info\/de\/author\/lele\/\"}]}<\/script>\n<!-- \/ Yoast SEO plugin. -->","yoast_head_json":{"title":"(Polski) Z My\u015bliborza kolej odesz\u0142a. Nie z w\u0142asnej woli\u2026 - SI\u0118 MY\u015aLI","robots":{"index":"index","follow":"follow","max-snippet":"max-snippet:-1","max-image-preview":"max-image-preview:large","max-video-preview":"max-video-preview:-1"},"canonical":"https:\/\/siemysli-ke.info\/de\/z-mysliborza-kolej-odeszla-nie-z-wlasnej-woli\/","og_locale":"de_DE","og_type":"article","og_title":"(Polski) Z My\u015bliborza kolej odesz\u0142a. Nie z w\u0142asnej woli\u2026 - SI\u0118 MY\u015aLI","og_description":"Leider ist der Eintrag nur auf Polski verf\u00fcgbar.","og_url":"https:\/\/siemysli-ke.info\/de\/z-mysliborza-kolej-odeszla-nie-z-wlasnej-woli\/","og_site_name":"SI\u0118 MY\u015aLI","article_published_time":"2023-12-31T22:34:20+00:00","article_modified_time":"2023-12-31T22:51:11+00:00","og_image":[{"width":709,"height":997,"url":"https:\/\/siemysli-ke.info\/wp-content\/uploads\/2023\/12\/img172.jpg","type":"image\/jpeg"}],"author":"...","twitter_misc":{"Verfasst von":"...","Gesch\u00e4tzte Lesezeit":"1\u00a0Minute"},"schema":{"@context":"https:\/\/schema.org","@graph":[{"@type":"Article","@id":"https:\/\/siemysli-ke.info\/de\/z-mysliborza-kolej-odeszla-nie-z-wlasnej-woli\/#article","isPartOf":{"@id":"https:\/\/siemysli-ke.info\/de\/z-mysliborza-kolej-odeszla-nie-z-wlasnej-woli\/"},"author":{"name":"...","@id":"https:\/\/siemysli-ke.info\/#\/schema\/person\/75326687448d6abf738b156f56385210"},"headline":"(Polski) Z My\u015bliborza kolej odesz\u0142a. Nie z w\u0142asnej woli\u2026","datePublished":"2023-12-31T22:34:20+00:00","dateModified":"2023-12-31T22:51:11+00:00","mainEntityOfPage":{"@id":"https:\/\/siemysli-ke.info\/de\/z-mysliborza-kolej-odeszla-nie-z-wlasnej-woli\/"},"wordCount":155,"commentCount":0,"publisher":{"@id":"https:\/\/siemysli-ke.info\/#organization"},"image":{"@id":"https:\/\/siemysli-ke.info\/de\/z-mysliborza-kolej-odeszla-nie-z-wlasnej-woli\/#primaryimage"},"thumbnailUrl":"https:\/\/siemysli-ke.info\/wp-content\/uploads\/2023\/12\/img172.jpg","keywords":["G\u00f3rzyca","Marek Karolczak","Marek Stefa\u0144ski","miesi\u0119cznik\u00a0\"Ulica Wszystkich \u015awi\u0119tych\"","My\u015blib\u00f3rz","redakcja Si\u0119My\u015bli-ke.info","ruch poci\u0105g\u00f3w na linii Kostrzyn \u2013 D\u0119bno Lub. \u2013 My\u015blib\u00f3rz \u2013 Stargard","Stargard","Stowarzyszenie \"Wiejska Inicjatywa Rozwoju\"","Stowarzyszenie \"Zielona Dolina Warty i Odry\"","Ziemia My\u015bliborska"],"articleSection":["Kultura","Polecane"],"inLanguage":"de","potentialAction":[{"@type":"CommentAction","name":"Comment","target":["https:\/\/siemysli-ke.info\/de\/z-mysliborza-kolej-odeszla-nie-z-wlasnej-woli\/#respond"]}]},{"@type":"WebPage","@id":"https:\/\/siemysli-ke.info\/de\/z-mysliborza-kolej-odeszla-nie-z-wlasnej-woli\/","url":"https:\/\/siemysli-ke.info\/de\/z-mysliborza-kolej-odeszla-nie-z-wlasnej-woli\/","name":"(Polski) Z My\u015bliborza kolej odesz\u0142a. Nie z w\u0142asnej woli\u2026 - SI\u0118 MY\u015aLI","isPartOf":{"@id":"https:\/\/siemysli-ke.info\/de\/#website"},"primaryImageOfPage":{"@id":"https:\/\/siemysli-ke.info\/de\/z-mysliborza-kolej-odeszla-nie-z-wlasnej-woli\/#primaryimage"},"image":{"@id":"https:\/\/siemysli-ke.info\/de\/z-mysliborza-kolej-odeszla-nie-z-wlasnej-woli\/#primaryimage"},"thumbnailUrl":"https:\/\/siemysli-ke.info\/wp-content\/uploads\/2023\/12\/img172.jpg","datePublished":"2023-12-31T22:34:20+00:00","dateModified":"2023-12-31T22:51:11+00:00","breadcrumb":{"@id":"https:\/\/siemysli-ke.info\/de\/z-mysliborza-kolej-odeszla-nie-z-wlasnej-woli\/#breadcrumb"},"inLanguage":"de","potentialAction":[{"@type":"ReadAction","target":[["https:\/\/siemysli-ke.info\/de\/z-mysliborza-kolej-odeszla-nie-z-wlasnej-woli\/"]]}]},{"@type":"ImageObject","inLanguage":"de","@id":"https:\/\/siemysli-ke.info\/de\/z-mysliborza-kolej-odeszla-nie-z-wlasnej-woli\/#primaryimage","url":"https:\/\/siemysli-ke.info\/wp-content\/uploads\/2023\/12\/img172.jpg","contentUrl":"https:\/\/siemysli-ke.info\/wp-content\/uploads\/2023\/12\/img172.jpg","width":709,"height":997},{"@type":"BreadcrumbList","@id":"https:\/\/siemysli-ke.info\/de\/z-mysliborza-kolej-odeszla-nie-z-wlasnej-woli\/#breadcrumb","itemListElement":[{"@type":"ListItem","position":1,"name":"Home","item":"https:\/\/siemysli-ke.info\/de\/"},{"@type":"ListItem","position":2,"name":"(Polski) Z My\u015bliborza kolej odesz\u0142a. Nie z w\u0142asnej woli\u2026"}]},{"@type":"WebSite","@id":"https:\/\/siemysli-ke.info\/de\/#website","url":"https:\/\/siemysli-ke.info\/de\/","name":"SI\u0118 MY\u015aLI","description":"","publisher":{"@id":"https:\/\/siemysli-ke.info\/de\/#organization"},"potentialAction":[{"@type":"SearchAction","target":{"@type":"EntryPoint","urlTemplate":"https:\/\/siemysli-ke.info\/de\/?s={search_term_string}"},"query-input":{"@type":"PropertyValueSpecification","valueRequired":true,"valueName":"search_term_string"}}],"inLanguage":"de"},{"@type":"Organization","@id":"https:\/\/siemysli-ke.info\/de\/#organization","name":"SI\u0118 MY\u015aLI","url":"https:\/\/siemysli-ke.info\/de\/","logo":{"@type":"ImageObject","inLanguage":"de","@id":"https:\/\/siemysli-ke.info\/de\/#\/schema\/logo\/image\/","url":"https:\/\/siemysli-ke.info\/wp-content\/uploads\/2025\/05\/99.png","contentUrl":"https:\/\/siemysli-ke.info\/wp-content\/uploads\/2025\/05\/99.png","width":270,"height":204,"caption":"SI\u0118 MY\u015aLI"},"image":{"@id":"https:\/\/siemysli-ke.info\/de\/#\/schema\/logo\/image\/"}},{"@type":"Person","@id":"https:\/\/siemysli-ke.info\/#\/schema\/person\/75326687448d6abf738b156f56385210","name":"...","image":{"@type":"ImageObject","inLanguage":"de","@id":"https:\/\/siemysli-ke.info\/de\/#\/schema\/person\/image\/","url":"https:\/\/secure.gravatar.com\/avatar\/33a3c2559155e1b4add65cf88cafda785aeb920f44b97c7055b07866ab5b13c2?s=96&d=mm&r=g","contentUrl":"https:\/\/secure.gravatar.com\/avatar\/33a3c2559155e1b4add65cf88cafda785aeb920f44b97c7055b07866ab5b13c2?s=96&d=mm&r=g","caption":"..."},"url":"https:\/\/siemysli-ke.info\/de\/author\/lele\/"}]}},"_links":{"self":[{"href":"https:\/\/siemysli-ke.info\/de\/wp-json\/wp\/v2\/posts\/45895","targetHints":{"allow":["GET"]}}],"collection":[{"href":"https:\/\/siemysli-ke.info\/de\/wp-json\/wp\/v2\/posts"}],"about":[{"href":"https:\/\/siemysli-ke.info\/de\/wp-json\/wp\/v2\/types\/post"}],"author":[{"embeddable":true,"href":"https:\/\/siemysli-ke.info\/de\/wp-json\/wp\/v2\/users\/3"}],"replies":[{"embeddable":true,"href":"https:\/\/siemysli-ke.info\/de\/wp-json\/wp\/v2\/comments?post=45895"}],"version-history":[{"count":0,"href":"https:\/\/siemysli-ke.info\/de\/wp-json\/wp\/v2\/posts\/45895\/revisions"}],"wp:featuredmedia":[{"embeddable":true,"href":"https:\/\/siemysli-ke.info\/de\/wp-json\/wp\/v2\/media\/45896"}],"wp:attachment":[{"href":"https:\/\/siemysli-ke.info\/de\/wp-json\/wp\/v2\/media?parent=45895"}],"wp:term":[{"taxonomy":"category","embeddable":true,"href":"https:\/\/siemysli-ke.info\/de\/wp-json\/wp\/v2\/categories?post=45895"},{"taxonomy":"post_tag","embeddable":true,"href":"https:\/\/siemysli-ke.info\/de\/wp-json\/wp\/v2\/tags?post=45895"}],"curies":[{"name":"wp","href":"https:\/\/api.w.org\/{rel}","templated":true}]}}