 {"id":44315,"date":"2023-07-13T00:54:24","date_gmt":"2023-07-12T22:54:24","guid":{"rendered":"https:\/\/siemysli-ke.info\/?p=44315"},"modified":"2023-07-13T01:00:35","modified_gmt":"2023-07-12T23:00:35","slug":"zydzi-i-ukraincy-5","status":"publish","type":"post","link":"https:\/\/siemysli-ke.info\/de\/zydzi-i-ukraincy-5\/","title":{"rendered":"(Polski) \u017bydzi i\u2026 Ukrai\u0144cy! (5)"},"content":{"rendered":"<p class=\"qtranxs-available-languages-message qtranxs-available-languages-message-de\">Leider ist der Eintrag nur auf <a href=\"https:\/\/siemysli-ke.info\/pl\/wp-json\/wp\/v2\/posts\/44315\" class=\"qtranxs-available-language-link qtranxs-available-language-link-pl\" title=\"Polski\">Polski<\/a> verf\u00fcgbar.<\/p>","protected":false},"excerpt":{"rendered":"<p>Leider ist der Eintrag nur auf Polski verf\u00fcgbar.<\/p>\n","protected":false},"author":3,"featured_media":44316,"comment_status":"open","ping_status":"open","sticky":false,"template":"","format":"standard","meta":{"colormag_page_layout":"default_layout","footnotes":""},"categories":[3,17743],"tags":[27422,27423,27419,27418,27420,27425,27427,27424,2242,27421,202,27426,27417,3214,15396],"class_list":["post-44315","post","type-post","status-publish","format-standard","has-post-thumbnail","hentry","category-kultura","category-polecane","tag-jewish-times","tag-andrew-higgins","tag-anshel-pfeffer","tag-antysyjonizm","tag-avigdor-eskin","tag-eli-cohen","tag-ewakuacja-zydow-z-ukrainy","tag-fundusz-pomocy-zolnierzom-ukrainskim","tag-igor-kolomojski","tag-knaan-lipschitz","tag-roman-boryczko","tag-rzad-izraela","tag-semitofil","tag-wiktor-janukowycz","tag-wolodymyr-zelenski"],"yoast_head":"<!-- This site is optimized with the Yoast SEO plugin v25.1 - https:\/\/yoast.com\/wordpress\/plugins\/seo\/ -->\n<title>(Polski) \u017bydzi i\u2026 Ukrai\u0144cy! (5) - SI\u0118 MY\u015aLI<\/title>\n<meta name=\"robots\" content=\"index, follow, max-snippet:-1, max-image-preview:large, max-video-preview:-1\" \/>\n<link rel=\"canonical\" href=\"https:\/\/siemysli-ke.info\/de\/zydzi-i-ukraincy-5\/\" \/>\n<meta property=\"og:locale\" content=\"de_DE\" \/>\n<meta property=\"og:type\" content=\"article\" \/>\n<meta property=\"og:title\" content=\"(Polski) \u017bydzi i\u2026 Ukrai\u0144cy! (5) - SI\u0118 MY\u015aLI\" \/>\n<meta property=\"og:description\" content=\"Leider ist der Eintrag nur auf Polski verf\u00fcgbar.\" \/>\n<meta property=\"og:url\" content=\"https:\/\/siemysli-ke.info\/de\/zydzi-i-ukraincy-5\/\" \/>\n<meta property=\"og:site_name\" content=\"SI\u0118 MY\u015aLI\" \/>\n<meta property=\"article:published_time\" content=\"2023-07-12T22:54:24+00:00\" \/>\n<meta property=\"article:modified_time\" content=\"2023-07-12T23:00:35+00:00\" \/>\n<meta property=\"og:image\" content=\"https:\/\/siemysli-ke.info\/wp-content\/uploads\/2023\/07\/ghetto_lvov7b.jpg\" \/>\n\t<meta property=\"og:image:width\" content=\"800\" \/>\n\t<meta property=\"og:image:height\" content=\"523\" \/>\n\t<meta property=\"og:image:type\" content=\"image\/jpeg\" \/>\n<meta name=\"author\" content=\"...\" \/>\n<meta name=\"twitter:label1\" content=\"Verfasst von\" \/>\n\t<meta name=\"twitter:data1\" content=\"...\" \/>\n\t<meta name=\"twitter:label2\" content=\"Gesch\u00e4tzte Lesezeit\" \/>\n\t<meta name=\"twitter:data2\" content=\"11\u00a0Minuten\" \/>\n<script type=\"application\/ld+json\" class=\"yoast-schema-graph\">{\"@context\":\"https:\/\/schema.org\",\"@graph\":[{\"@type\":\"Article\",\"@id\":\"https:\/\/siemysli-ke.info\/de\/zydzi-i-ukraincy-5\/#article\",\"isPartOf\":{\"@id\":\"https:\/\/siemysli-ke.info\/de\/zydzi-i-ukraincy-5\/\"},\"author\":{\"name\":\"...\",\"@id\":\"https:\/\/siemysli-ke.info\/#\/schema\/person\/75326687448d6abf738b156f56385210\"},\"headline\":\"(Polski) \u017bydzi i\u2026 Ukrai\u0144cy! (5)\",\"datePublished\":\"2023-07-12T22:54:24+00:00\",\"dateModified\":\"2023-07-12T23:00:35+00:00\",\"mainEntityOfPage\":{\"@id\":\"https:\/\/siemysli-ke.info\/de\/zydzi-i-ukraincy-5\/\"},\"wordCount\":2129,\"commentCount\":0,\"publisher\":{\"@id\":\"https:\/\/siemysli-ke.info\/#organization\"},\"image\":{\"@id\":\"https:\/\/siemysli-ke.info\/de\/zydzi-i-ukraincy-5\/#primaryimage\"},\"thumbnailUrl\":\"https:\/\/siemysli-ke.info\/wp-content\/uploads\/2023\/07\/ghetto_lvov7b.jpg\",\"keywords\":[\"\\\"Jewish Times\\\"\",\"Andrew Higgins\",\"Anshel Pfeffer\",\"antysyjonizm\",\"Avigdor Eskin\",\"Eli Cohen\",\"ewakuacja \u017byd\u00f3w z Ukrainy\",\"Fundusz Pomocy \u017bo\u0142nierzom Ukrai\u0144skim\",\"Igor Ko\u0142omojski\",\"Knaan Lipschitz\",\"Roman Boryczko\",\"rz\u0105d Izraela\",\"semitofil\",\"Wiktor Janukowycz\",\"Wo\u0142odymyr Ze\u0142enski\"],\"articleSection\":[\"Kultura\",\"Polecane\"],\"inLanguage\":\"de\",\"potentialAction\":[{\"@type\":\"CommentAction\",\"name\":\"Comment\",\"target\":[\"https:\/\/siemysli-ke.info\/de\/zydzi-i-ukraincy-5\/#respond\"]}]},{\"@type\":\"WebPage\",\"@id\":\"https:\/\/siemysli-ke.info\/de\/zydzi-i-ukraincy-5\/\",\"url\":\"https:\/\/siemysli-ke.info\/de\/zydzi-i-ukraincy-5\/\",\"name\":\"(Polski) \u017bydzi i\u2026 Ukrai\u0144cy! (5) - SI\u0118 MY\u015aLI\",\"isPartOf\":{\"@id\":\"https:\/\/siemysli-ke.info\/de\/#website\"},\"primaryImageOfPage\":{\"@id\":\"https:\/\/siemysli-ke.info\/de\/zydzi-i-ukraincy-5\/#primaryimage\"},\"image\":{\"@id\":\"https:\/\/siemysli-ke.info\/de\/zydzi-i-ukraincy-5\/#primaryimage\"},\"thumbnailUrl\":\"https:\/\/siemysli-ke.info\/wp-content\/uploads\/2023\/07\/ghetto_lvov7b.jpg\",\"datePublished\":\"2023-07-12T22:54:24+00:00\",\"dateModified\":\"2023-07-12T23:00:35+00:00\",\"breadcrumb\":{\"@id\":\"https:\/\/siemysli-ke.info\/de\/zydzi-i-ukraincy-5\/#breadcrumb\"},\"inLanguage\":\"de\",\"potentialAction\":[{\"@type\":\"ReadAction\",\"target\":[[\"https:\/\/siemysli-ke.info\/de\/zydzi-i-ukraincy-5\/\"]]}]},{\"@type\":\"ImageObject\",\"inLanguage\":\"de\",\"@id\":\"https:\/\/siemysli-ke.info\/de\/zydzi-i-ukraincy-5\/#primaryimage\",\"url\":\"https:\/\/siemysli-ke.info\/wp-content\/uploads\/2023\/07\/ghetto_lvov7b.jpg\",\"contentUrl\":\"https:\/\/siemysli-ke.info\/wp-content\/uploads\/2023\/07\/ghetto_lvov7b.jpg\",\"width\":800,\"height\":523},{\"@type\":\"BreadcrumbList\",\"@id\":\"https:\/\/siemysli-ke.info\/de\/zydzi-i-ukraincy-5\/#breadcrumb\",\"itemListElement\":[{\"@type\":\"ListItem\",\"position\":1,\"name\":\"Home\",\"item\":\"https:\/\/siemysli-ke.info\/de\/\"},{\"@type\":\"ListItem\",\"position\":2,\"name\":\"(Polski) \u017bydzi i\u2026 Ukrai\u0144cy! (5)\"}]},{\"@type\":\"WebSite\",\"@id\":\"https:\/\/siemysli-ke.info\/de\/#website\",\"url\":\"https:\/\/siemysli-ke.info\/de\/\",\"name\":\"SI\u0118 MY\u015aLI\",\"description\":\"\",\"publisher\":{\"@id\":\"https:\/\/siemysli-ke.info\/de\/#organization\"},\"potentialAction\":[{\"@type\":\"SearchAction\",\"target\":{\"@type\":\"EntryPoint\",\"urlTemplate\":\"https:\/\/siemysli-ke.info\/de\/?s={search_term_string}\"},\"query-input\":{\"@type\":\"PropertyValueSpecification\",\"valueRequired\":true,\"valueName\":\"search_term_string\"}}],\"inLanguage\":\"de\"},{\"@type\":\"Organization\",\"@id\":\"https:\/\/siemysli-ke.info\/de\/#organization\",\"name\":\"SI\u0118 MY\u015aLI\",\"url\":\"https:\/\/siemysli-ke.info\/de\/\",\"logo\":{\"@type\":\"ImageObject\",\"inLanguage\":\"de\",\"@id\":\"https:\/\/siemysli-ke.info\/de\/#\/schema\/logo\/image\/\",\"url\":\"https:\/\/siemysli-ke.info\/wp-content\/uploads\/2025\/05\/99.png\",\"contentUrl\":\"https:\/\/siemysli-ke.info\/wp-content\/uploads\/2025\/05\/99.png\",\"width\":270,\"height\":204,\"caption\":\"SI\u0118 MY\u015aLI\"},\"image\":{\"@id\":\"https:\/\/siemysli-ke.info\/de\/#\/schema\/logo\/image\/\"}},{\"@type\":\"Person\",\"@id\":\"https:\/\/siemysli-ke.info\/#\/schema\/person\/75326687448d6abf738b156f56385210\",\"name\":\"...\",\"image\":{\"@type\":\"ImageObject\",\"inLanguage\":\"de\",\"@id\":\"https:\/\/siemysli-ke.info\/de\/#\/schema\/person\/image\/\",\"url\":\"https:\/\/secure.gravatar.com\/avatar\/33a3c2559155e1b4add65cf88cafda785aeb920f44b97c7055b07866ab5b13c2?s=96&d=mm&r=g\",\"contentUrl\":\"https:\/\/secure.gravatar.com\/avatar\/33a3c2559155e1b4add65cf88cafda785aeb920f44b97c7055b07866ab5b13c2?s=96&d=mm&r=g\",\"caption\":\"...\"},\"url\":\"https:\/\/siemysli-ke.info\/de\/author\/lele\/\"}]}<\/script>\n<!-- \/ Yoast SEO plugin. -->","yoast_head_json":{"title":"(Polski) \u017bydzi i\u2026 Ukrai\u0144cy! (5) - SI\u0118 MY\u015aLI","robots":{"index":"index","follow":"follow","max-snippet":"max-snippet:-1","max-image-preview":"max-image-preview:large","max-video-preview":"max-video-preview:-1"},"canonical":"https:\/\/siemysli-ke.info\/de\/zydzi-i-ukraincy-5\/","og_locale":"de_DE","og_type":"article","og_title":"(Polski) \u017bydzi i\u2026 Ukrai\u0144cy! (5) - SI\u0118 MY\u015aLI","og_description":"Leider ist der Eintrag nur auf Polski verf\u00fcgbar.","og_url":"https:\/\/siemysli-ke.info\/de\/zydzi-i-ukraincy-5\/","og_site_name":"SI\u0118 MY\u015aLI","article_published_time":"2023-07-12T22:54:24+00:00","article_modified_time":"2023-07-12T23:00:35+00:00","og_image":[{"width":800,"height":523,"url":"https:\/\/siemysli-ke.info\/wp-content\/uploads\/2023\/07\/ghetto_lvov7b.jpg","type":"image\/jpeg"}],"author":"...","twitter_misc":{"Verfasst von":"...","Gesch\u00e4tzte Lesezeit":"11\u00a0Minuten"},"schema":{"@context":"https:\/\/schema.org","@graph":[{"@type":"Article","@id":"https:\/\/siemysli-ke.info\/de\/zydzi-i-ukraincy-5\/#article","isPartOf":{"@id":"https:\/\/siemysli-ke.info\/de\/zydzi-i-ukraincy-5\/"},"author":{"name":"...","@id":"https:\/\/siemysli-ke.info\/#\/schema\/person\/75326687448d6abf738b156f56385210"},"headline":"(Polski) \u017bydzi i\u2026 Ukrai\u0144cy! (5)","datePublished":"2023-07-12T22:54:24+00:00","dateModified":"2023-07-12T23:00:35+00:00","mainEntityOfPage":{"@id":"https:\/\/siemysli-ke.info\/de\/zydzi-i-ukraincy-5\/"},"wordCount":2129,"commentCount":0,"publisher":{"@id":"https:\/\/siemysli-ke.info\/#organization"},"image":{"@id":"https:\/\/siemysli-ke.info\/de\/zydzi-i-ukraincy-5\/#primaryimage"},"thumbnailUrl":"https:\/\/siemysli-ke.info\/wp-content\/uploads\/2023\/07\/ghetto_lvov7b.jpg","keywords":["\"Jewish Times\"","Andrew Higgins","Anshel Pfeffer","antysyjonizm","Avigdor Eskin","Eli Cohen","ewakuacja \u017byd\u00f3w z Ukrainy","Fundusz Pomocy \u017bo\u0142nierzom Ukrai\u0144skim","Igor Ko\u0142omojski","Knaan Lipschitz","Roman Boryczko","rz\u0105d Izraela","semitofil","Wiktor Janukowycz","Wo\u0142odymyr Ze\u0142enski"],"articleSection":["Kultura","Polecane"],"inLanguage":"de","potentialAction":[{"@type":"CommentAction","name":"Comment","target":["https:\/\/siemysli-ke.info\/de\/zydzi-i-ukraincy-5\/#respond"]}]},{"@type":"WebPage","@id":"https:\/\/siemysli-ke.info\/de\/zydzi-i-ukraincy-5\/","url":"https:\/\/siemysli-ke.info\/de\/zydzi-i-ukraincy-5\/","name":"(Polski) \u017bydzi i\u2026 Ukrai\u0144cy! (5) - SI\u0118 MY\u015aLI","isPartOf":{"@id":"https:\/\/siemysli-ke.info\/de\/#website"},"primaryImageOfPage":{"@id":"https:\/\/siemysli-ke.info\/de\/zydzi-i-ukraincy-5\/#primaryimage"},"image":{"@id":"https:\/\/siemysli-ke.info\/de\/zydzi-i-ukraincy-5\/#primaryimage"},"thumbnailUrl":"https:\/\/siemysli-ke.info\/wp-content\/uploads\/2023\/07\/ghetto_lvov7b.jpg","datePublished":"2023-07-12T22:54:24+00:00","dateModified":"2023-07-12T23:00:35+00:00","breadcrumb":{"@id":"https:\/\/siemysli-ke.info\/de\/zydzi-i-ukraincy-5\/#breadcrumb"},"inLanguage":"de","potentialAction":[{"@type":"ReadAction","target":[["https:\/\/siemysli-ke.info\/de\/zydzi-i-ukraincy-5\/"]]}]},{"@type":"ImageObject","inLanguage":"de","@id":"https:\/\/siemysli-ke.info\/de\/zydzi-i-ukraincy-5\/#primaryimage","url":"https:\/\/siemysli-ke.info\/wp-content\/uploads\/2023\/07\/ghetto_lvov7b.jpg","contentUrl":"https:\/\/siemysli-ke.info\/wp-content\/uploads\/2023\/07\/ghetto_lvov7b.jpg","width":800,"height":523},{"@type":"BreadcrumbList","@id":"https:\/\/siemysli-ke.info\/de\/zydzi-i-ukraincy-5\/#breadcrumb","itemListElement":[{"@type":"ListItem","position":1,"name":"Home","item":"https:\/\/siemysli-ke.info\/de\/"},{"@type":"ListItem","position":2,"name":"(Polski) \u017bydzi i\u2026 Ukrai\u0144cy! (5)"}]},{"@type":"WebSite","@id":"https:\/\/siemysli-ke.info\/de\/#website","url":"https:\/\/siemysli-ke.info\/de\/","name":"SI\u0118 MY\u015aLI","description":"","publisher":{"@id":"https:\/\/siemysli-ke.info\/de\/#organization"},"potentialAction":[{"@type":"SearchAction","target":{"@type":"EntryPoint","urlTemplate":"https:\/\/siemysli-ke.info\/de\/?s={search_term_string}"},"query-input":{"@type":"PropertyValueSpecification","valueRequired":true,"valueName":"search_term_string"}}],"inLanguage":"de"},{"@type":"Organization","@id":"https:\/\/siemysli-ke.info\/de\/#organization","name":"SI\u0118 MY\u015aLI","url":"https:\/\/siemysli-ke.info\/de\/","logo":{"@type":"ImageObject","inLanguage":"de","@id":"https:\/\/siemysli-ke.info\/de\/#\/schema\/logo\/image\/","url":"https:\/\/siemysli-ke.info\/wp-content\/uploads\/2025\/05\/99.png","contentUrl":"https:\/\/siemysli-ke.info\/wp-content\/uploads\/2025\/05\/99.png","width":270,"height":204,"caption":"SI\u0118 MY\u015aLI"},"image":{"@id":"https:\/\/siemysli-ke.info\/de\/#\/schema\/logo\/image\/"}},{"@type":"Person","@id":"https:\/\/siemysli-ke.info\/#\/schema\/person\/75326687448d6abf738b156f56385210","name":"...","image":{"@type":"ImageObject","inLanguage":"de","@id":"https:\/\/siemysli-ke.info\/de\/#\/schema\/person\/image\/","url":"https:\/\/secure.gravatar.com\/avatar\/33a3c2559155e1b4add65cf88cafda785aeb920f44b97c7055b07866ab5b13c2?s=96&d=mm&r=g","contentUrl":"https:\/\/secure.gravatar.com\/avatar\/33a3c2559155e1b4add65cf88cafda785aeb920f44b97c7055b07866ab5b13c2?s=96&d=mm&r=g","caption":"..."},"url":"https:\/\/siemysli-ke.info\/de\/author\/lele\/"}]}},"_links":{"self":[{"href":"https:\/\/siemysli-ke.info\/de\/wp-json\/wp\/v2\/posts\/44315","targetHints":{"allow":["GET"]}}],"collection":[{"href":"https:\/\/siemysli-ke.info\/de\/wp-json\/wp\/v2\/posts"}],"about":[{"href":"https:\/\/siemysli-ke.info\/de\/wp-json\/wp\/v2\/types\/post"}],"author":[{"embeddable":true,"href":"https:\/\/siemysli-ke.info\/de\/wp-json\/wp\/v2\/users\/3"}],"replies":[{"embeddable":true,"href":"https:\/\/siemysli-ke.info\/de\/wp-json\/wp\/v2\/comments?post=44315"}],"version-history":[{"count":0,"href":"https:\/\/siemysli-ke.info\/de\/wp-json\/wp\/v2\/posts\/44315\/revisions"}],"wp:featuredmedia":[{"embeddable":true,"href":"https:\/\/siemysli-ke.info\/de\/wp-json\/wp\/v2\/media\/44316"}],"wp:attachment":[{"href":"https:\/\/siemysli-ke.info\/de\/wp-json\/wp\/v2\/media?parent=44315"}],"wp:term":[{"taxonomy":"category","embeddable":true,"href":"https:\/\/siemysli-ke.info\/de\/wp-json\/wp\/v2\/categories?post=44315"},{"taxonomy":"post_tag","embeddable":true,"href":"https:\/\/siemysli-ke.info\/de\/wp-json\/wp\/v2\/tags?post=44315"}],"curies":[{"name":"wp","href":"https:\/\/api.w.org\/{rel}","templated":true}]}}