 {"id":44091,"date":"2023-07-05T14:39:24","date_gmt":"2023-07-05T12:39:24","guid":{"rendered":"https:\/\/siemysli-ke.info\/?p=44091"},"modified":"2023-07-05T14:39:24","modified_gmt":"2023-07-05T12:39:24","slug":"zydzi-i-ukraincy","status":"publish","type":"post","link":"https:\/\/siemysli-ke.info\/de\/zydzi-i-ukraincy\/","title":{"rendered":"(Polski) \u017bydzi i\u2026 Ukrai\u0144cy!"},"content":{"rendered":"<p class=\"qtranxs-available-languages-message qtranxs-available-languages-message-de\">Leider ist der Eintrag nur auf <a href=\"https:\/\/siemysli-ke.info\/pl\/wp-json\/wp\/v2\/posts\/44091\" class=\"qtranxs-available-language-link qtranxs-available-language-link-pl\" title=\"Polski\">Polski<\/a> verf\u00fcgbar.<\/p>","protected":false},"excerpt":{"rendered":"<p>Leider ist der Eintrag nur auf Polski verf\u00fcgbar.<\/p>\n","protected":false},"author":3,"featured_media":44092,"comment_status":"open","ping_status":"open","sticky":false,"template":"","format":"standard","meta":{"colormag_page_layout":"default_layout","footnotes":""},"categories":[17743,81],"tags":[27216,2404,27219,13649,27124,27214,27215,202,27217,27218,6819,13585],"class_list":["post-44091","post","type-post","status-publish","format-standard","has-post-thumbnail","hentry","category-polecane","category-rzeczpospolita","tag-80-rocznica-ludobojstwa-na-wolyniu","tag-andrzej-duda","tag-farbowani-wspolplemiency","tag-katedra-polowa-wojska-polskiego","tag-miedzynarodowe-forum-ekonomiczne-w-petersburgu","tag-narodowy-dzien-pamieci-ofiar-ludobojstwa","tag-neo-banderowcy","tag-roman-boryczko","tag-stowarzyszenie-upamietnienia-zbrodni-ukrainskich-nacjonalistow","tag-swiatowy-zwiazek-zolnierzy-armii-krajowej-okreg-wolyn","tag-tadeusz-isakowicz-zaleski","tag-wladimir-wladimirowicz-putin"],"yoast_head":"<!-- This site is optimized with the Yoast SEO plugin v25.1 - https:\/\/yoast.com\/wordpress\/plugins\/seo\/ -->\n<title>(Polski) \u017bydzi i\u2026 Ukrai\u0144cy! - SI\u0118 MY\u015aLI<\/title>\n<meta name=\"robots\" content=\"index, follow, max-snippet:-1, max-image-preview:large, max-video-preview:-1\" \/>\n<link rel=\"canonical\" href=\"https:\/\/siemysli-ke.info\/de\/zydzi-i-ukraincy\/\" \/>\n<meta property=\"og:locale\" content=\"de_DE\" \/>\n<meta property=\"og:type\" content=\"article\" \/>\n<meta property=\"og:title\" content=\"(Polski) \u017bydzi i\u2026 Ukrai\u0144cy! - SI\u0118 MY\u015aLI\" \/>\n<meta property=\"og:description\" content=\"Leider ist der Eintrag nur auf Polski verf\u00fcgbar.\" \/>\n<meta property=\"og:url\" content=\"https:\/\/siemysli-ke.info\/de\/zydzi-i-ukraincy\/\" \/>\n<meta property=\"og:site_name\" content=\"SI\u0118 MY\u015aLI\" \/>\n<meta property=\"article:published_time\" content=\"2023-07-05T12:39:24+00:00\" \/>\n<meta property=\"og:image\" content=\"https:\/\/siemysli-ke.info\/wp-content\/uploads\/2023\/07\/Wolyn.jpg\" \/>\n\t<meta property=\"og:image:width\" content=\"567\" \/>\n\t<meta property=\"og:image:height\" content=\"425\" \/>\n\t<meta property=\"og:image:type\" content=\"image\/jpeg\" \/>\n<meta name=\"author\" content=\"...\" \/>\n<meta name=\"twitter:label1\" content=\"Verfasst von\" \/>\n\t<meta name=\"twitter:data1\" content=\"...\" \/>\n\t<meta name=\"twitter:label2\" content=\"Gesch\u00e4tzte Lesezeit\" \/>\n\t<meta name=\"twitter:data2\" content=\"5\u00a0Minuten\" \/>\n<script type=\"application\/ld+json\" class=\"yoast-schema-graph\">{\"@context\":\"https:\/\/schema.org\",\"@graph\":[{\"@type\":\"Article\",\"@id\":\"https:\/\/siemysli-ke.info\/de\/zydzi-i-ukraincy\/#article\",\"isPartOf\":{\"@id\":\"https:\/\/siemysli-ke.info\/de\/zydzi-i-ukraincy\/\"},\"author\":{\"name\":\"...\",\"@id\":\"https:\/\/siemysli-ke.info\/#\/schema\/person\/75326687448d6abf738b156f56385210\"},\"headline\":\"(Polski) \u017bydzi i\u2026 Ukrai\u0144cy!\",\"datePublished\":\"2023-07-05T12:39:24+00:00\",\"mainEntityOfPage\":{\"@id\":\"https:\/\/siemysli-ke.info\/de\/zydzi-i-ukraincy\/\"},\"wordCount\":840,\"commentCount\":0,\"publisher\":{\"@id\":\"https:\/\/siemysli-ke.info\/#organization\"},\"image\":{\"@id\":\"https:\/\/siemysli-ke.info\/de\/zydzi-i-ukraincy\/#primaryimage\"},\"thumbnailUrl\":\"https:\/\/siemysli-ke.info\/wp-content\/uploads\/2023\/07\/Wolyn.jpg\",\"keywords\":[\"80. rocznica ludob\u00f3jstwa na Wo\u0142yniu\",\"Andrzej Duda\",\"farbowani wsp\u00f3\u0142plemie\u0144cy\",\"Katedra Polowa Wojska Polskiego\",\"Mi\u0119dzynarodowe Forum Ekonomiczne w Petersburgu\",\"Narodowy Dzie\u0144 Pami\u0119ci Ofiar Ludob\u00f3jstwa\",\"neo-banderowcy\",\"Roman Boryczko\",\"Stowarzyszenie Upami\u0119tnienia Zbrodni Ukrai\u0144skich Nacjonalist\u00f3w\",\"\u015awiatowy Zwi\u0105zek \u017bo\u0142nierzy Armii Krajowej Okr\u0119g Wo\u0142y\u0144\",\"Tadeusz Isakowicz-Zaleski\",\"W\u0142adimir W\u0142adimirowicz\u00a0 Putin\"],\"articleSection\":[\"Polecane\",\"Rzeczypospolita\"],\"inLanguage\":\"de\",\"potentialAction\":[{\"@type\":\"CommentAction\",\"name\":\"Comment\",\"target\":[\"https:\/\/siemysli-ke.info\/de\/zydzi-i-ukraincy\/#respond\"]}]},{\"@type\":\"WebPage\",\"@id\":\"https:\/\/siemysli-ke.info\/de\/zydzi-i-ukraincy\/\",\"url\":\"https:\/\/siemysli-ke.info\/de\/zydzi-i-ukraincy\/\",\"name\":\"(Polski) \u017bydzi i\u2026 Ukrai\u0144cy! - SI\u0118 MY\u015aLI\",\"isPartOf\":{\"@id\":\"https:\/\/siemysli-ke.info\/de\/#website\"},\"primaryImageOfPage\":{\"@id\":\"https:\/\/siemysli-ke.info\/de\/zydzi-i-ukraincy\/#primaryimage\"},\"image\":{\"@id\":\"https:\/\/siemysli-ke.info\/de\/zydzi-i-ukraincy\/#primaryimage\"},\"thumbnailUrl\":\"https:\/\/siemysli-ke.info\/wp-content\/uploads\/2023\/07\/Wolyn.jpg\",\"datePublished\":\"2023-07-05T12:39:24+00:00\",\"breadcrumb\":{\"@id\":\"https:\/\/siemysli-ke.info\/de\/zydzi-i-ukraincy\/#breadcrumb\"},\"inLanguage\":\"de\",\"potentialAction\":[{\"@type\":\"ReadAction\",\"target\":[[\"https:\/\/siemysli-ke.info\/de\/zydzi-i-ukraincy\/\"]]}]},{\"@type\":\"ImageObject\",\"inLanguage\":\"de\",\"@id\":\"https:\/\/siemysli-ke.info\/de\/zydzi-i-ukraincy\/#primaryimage\",\"url\":\"https:\/\/siemysli-ke.info\/wp-content\/uploads\/2023\/07\/Wolyn.jpg\",\"contentUrl\":\"https:\/\/siemysli-ke.info\/wp-content\/uploads\/2023\/07\/Wolyn.jpg\",\"width\":567,\"height\":425},{\"@type\":\"BreadcrumbList\",\"@id\":\"https:\/\/siemysli-ke.info\/de\/zydzi-i-ukraincy\/#breadcrumb\",\"itemListElement\":[{\"@type\":\"ListItem\",\"position\":1,\"name\":\"Home\",\"item\":\"https:\/\/siemysli-ke.info\/de\/\"},{\"@type\":\"ListItem\",\"position\":2,\"name\":\"(Polski) \u017bydzi i\u2026 Ukrai\u0144cy!\"}]},{\"@type\":\"WebSite\",\"@id\":\"https:\/\/siemysli-ke.info\/de\/#website\",\"url\":\"https:\/\/siemysli-ke.info\/de\/\",\"name\":\"SI\u0118 MY\u015aLI\",\"description\":\"\",\"publisher\":{\"@id\":\"https:\/\/siemysli-ke.info\/de\/#organization\"},\"potentialAction\":[{\"@type\":\"SearchAction\",\"target\":{\"@type\":\"EntryPoint\",\"urlTemplate\":\"https:\/\/siemysli-ke.info\/de\/?s={search_term_string}\"},\"query-input\":{\"@type\":\"PropertyValueSpecification\",\"valueRequired\":true,\"valueName\":\"search_term_string\"}}],\"inLanguage\":\"de\"},{\"@type\":\"Organization\",\"@id\":\"https:\/\/siemysli-ke.info\/de\/#organization\",\"name\":\"SI\u0118 MY\u015aLI\",\"url\":\"https:\/\/siemysli-ke.info\/de\/\",\"logo\":{\"@type\":\"ImageObject\",\"inLanguage\":\"de\",\"@id\":\"https:\/\/siemysli-ke.info\/de\/#\/schema\/logo\/image\/\",\"url\":\"https:\/\/siemysli-ke.info\/wp-content\/uploads\/2025\/05\/99.png\",\"contentUrl\":\"https:\/\/siemysli-ke.info\/wp-content\/uploads\/2025\/05\/99.png\",\"width\":270,\"height\":204,\"caption\":\"SI\u0118 MY\u015aLI\"},\"image\":{\"@id\":\"https:\/\/siemysli-ke.info\/de\/#\/schema\/logo\/image\/\"}},{\"@type\":\"Person\",\"@id\":\"https:\/\/siemysli-ke.info\/#\/schema\/person\/75326687448d6abf738b156f56385210\",\"name\":\"...\",\"image\":{\"@type\":\"ImageObject\",\"inLanguage\":\"de\",\"@id\":\"https:\/\/siemysli-ke.info\/de\/#\/schema\/person\/image\/\",\"url\":\"https:\/\/secure.gravatar.com\/avatar\/33a3c2559155e1b4add65cf88cafda785aeb920f44b97c7055b07866ab5b13c2?s=96&d=mm&r=g\",\"contentUrl\":\"https:\/\/secure.gravatar.com\/avatar\/33a3c2559155e1b4add65cf88cafda785aeb920f44b97c7055b07866ab5b13c2?s=96&d=mm&r=g\",\"caption\":\"...\"},\"url\":\"https:\/\/siemysli-ke.info\/de\/author\/lele\/\"}]}<\/script>\n<!-- \/ Yoast SEO plugin. -->","yoast_head_json":{"title":"(Polski) \u017bydzi i\u2026 Ukrai\u0144cy! - SI\u0118 MY\u015aLI","robots":{"index":"index","follow":"follow","max-snippet":"max-snippet:-1","max-image-preview":"max-image-preview:large","max-video-preview":"max-video-preview:-1"},"canonical":"https:\/\/siemysli-ke.info\/de\/zydzi-i-ukraincy\/","og_locale":"de_DE","og_type":"article","og_title":"(Polski) \u017bydzi i\u2026 Ukrai\u0144cy! - SI\u0118 MY\u015aLI","og_description":"Leider ist der Eintrag nur auf Polski verf\u00fcgbar.","og_url":"https:\/\/siemysli-ke.info\/de\/zydzi-i-ukraincy\/","og_site_name":"SI\u0118 MY\u015aLI","article_published_time":"2023-07-05T12:39:24+00:00","og_image":[{"width":567,"height":425,"url":"https:\/\/siemysli-ke.info\/wp-content\/uploads\/2023\/07\/Wolyn.jpg","type":"image\/jpeg"}],"author":"...","twitter_misc":{"Verfasst von":"...","Gesch\u00e4tzte Lesezeit":"5\u00a0Minuten"},"schema":{"@context":"https:\/\/schema.org","@graph":[{"@type":"Article","@id":"https:\/\/siemysli-ke.info\/de\/zydzi-i-ukraincy\/#article","isPartOf":{"@id":"https:\/\/siemysli-ke.info\/de\/zydzi-i-ukraincy\/"},"author":{"name":"...","@id":"https:\/\/siemysli-ke.info\/#\/schema\/person\/75326687448d6abf738b156f56385210"},"headline":"(Polski) \u017bydzi i\u2026 Ukrai\u0144cy!","datePublished":"2023-07-05T12:39:24+00:00","mainEntityOfPage":{"@id":"https:\/\/siemysli-ke.info\/de\/zydzi-i-ukraincy\/"},"wordCount":840,"commentCount":0,"publisher":{"@id":"https:\/\/siemysli-ke.info\/#organization"},"image":{"@id":"https:\/\/siemysli-ke.info\/de\/zydzi-i-ukraincy\/#primaryimage"},"thumbnailUrl":"https:\/\/siemysli-ke.info\/wp-content\/uploads\/2023\/07\/Wolyn.jpg","keywords":["80. rocznica ludob\u00f3jstwa na Wo\u0142yniu","Andrzej Duda","farbowani wsp\u00f3\u0142plemie\u0144cy","Katedra Polowa Wojska Polskiego","Mi\u0119dzynarodowe Forum Ekonomiczne w Petersburgu","Narodowy Dzie\u0144 Pami\u0119ci Ofiar Ludob\u00f3jstwa","neo-banderowcy","Roman Boryczko","Stowarzyszenie Upami\u0119tnienia Zbrodni Ukrai\u0144skich Nacjonalist\u00f3w","\u015awiatowy Zwi\u0105zek \u017bo\u0142nierzy Armii Krajowej Okr\u0119g Wo\u0142y\u0144","Tadeusz Isakowicz-Zaleski","W\u0142adimir W\u0142adimirowicz\u00a0 Putin"],"articleSection":["Polecane","Rzeczypospolita"],"inLanguage":"de","potentialAction":[{"@type":"CommentAction","name":"Comment","target":["https:\/\/siemysli-ke.info\/de\/zydzi-i-ukraincy\/#respond"]}]},{"@type":"WebPage","@id":"https:\/\/siemysli-ke.info\/de\/zydzi-i-ukraincy\/","url":"https:\/\/siemysli-ke.info\/de\/zydzi-i-ukraincy\/","name":"(Polski) \u017bydzi i\u2026 Ukrai\u0144cy! - SI\u0118 MY\u015aLI","isPartOf":{"@id":"https:\/\/siemysli-ke.info\/de\/#website"},"primaryImageOfPage":{"@id":"https:\/\/siemysli-ke.info\/de\/zydzi-i-ukraincy\/#primaryimage"},"image":{"@id":"https:\/\/siemysli-ke.info\/de\/zydzi-i-ukraincy\/#primaryimage"},"thumbnailUrl":"https:\/\/siemysli-ke.info\/wp-content\/uploads\/2023\/07\/Wolyn.jpg","datePublished":"2023-07-05T12:39:24+00:00","breadcrumb":{"@id":"https:\/\/siemysli-ke.info\/de\/zydzi-i-ukraincy\/#breadcrumb"},"inLanguage":"de","potentialAction":[{"@type":"ReadAction","target":[["https:\/\/siemysli-ke.info\/de\/zydzi-i-ukraincy\/"]]}]},{"@type":"ImageObject","inLanguage":"de","@id":"https:\/\/siemysli-ke.info\/de\/zydzi-i-ukraincy\/#primaryimage","url":"https:\/\/siemysli-ke.info\/wp-content\/uploads\/2023\/07\/Wolyn.jpg","contentUrl":"https:\/\/siemysli-ke.info\/wp-content\/uploads\/2023\/07\/Wolyn.jpg","width":567,"height":425},{"@type":"BreadcrumbList","@id":"https:\/\/siemysli-ke.info\/de\/zydzi-i-ukraincy\/#breadcrumb","itemListElement":[{"@type":"ListItem","position":1,"name":"Home","item":"https:\/\/siemysli-ke.info\/de\/"},{"@type":"ListItem","position":2,"name":"(Polski) \u017bydzi i\u2026 Ukrai\u0144cy!"}]},{"@type":"WebSite","@id":"https:\/\/siemysli-ke.info\/de\/#website","url":"https:\/\/siemysli-ke.info\/de\/","name":"SI\u0118 MY\u015aLI","description":"","publisher":{"@id":"https:\/\/siemysli-ke.info\/de\/#organization"},"potentialAction":[{"@type":"SearchAction","target":{"@type":"EntryPoint","urlTemplate":"https:\/\/siemysli-ke.info\/de\/?s={search_term_string}"},"query-input":{"@type":"PropertyValueSpecification","valueRequired":true,"valueName":"search_term_string"}}],"inLanguage":"de"},{"@type":"Organization","@id":"https:\/\/siemysli-ke.info\/de\/#organization","name":"SI\u0118 MY\u015aLI","url":"https:\/\/siemysli-ke.info\/de\/","logo":{"@type":"ImageObject","inLanguage":"de","@id":"https:\/\/siemysli-ke.info\/de\/#\/schema\/logo\/image\/","url":"https:\/\/siemysli-ke.info\/wp-content\/uploads\/2025\/05\/99.png","contentUrl":"https:\/\/siemysli-ke.info\/wp-content\/uploads\/2025\/05\/99.png","width":270,"height":204,"caption":"SI\u0118 MY\u015aLI"},"image":{"@id":"https:\/\/siemysli-ke.info\/de\/#\/schema\/logo\/image\/"}},{"@type":"Person","@id":"https:\/\/siemysli-ke.info\/#\/schema\/person\/75326687448d6abf738b156f56385210","name":"...","image":{"@type":"ImageObject","inLanguage":"de","@id":"https:\/\/siemysli-ke.info\/de\/#\/schema\/person\/image\/","url":"https:\/\/secure.gravatar.com\/avatar\/33a3c2559155e1b4add65cf88cafda785aeb920f44b97c7055b07866ab5b13c2?s=96&d=mm&r=g","contentUrl":"https:\/\/secure.gravatar.com\/avatar\/33a3c2559155e1b4add65cf88cafda785aeb920f44b97c7055b07866ab5b13c2?s=96&d=mm&r=g","caption":"..."},"url":"https:\/\/siemysli-ke.info\/de\/author\/lele\/"}]}},"_links":{"self":[{"href":"https:\/\/siemysli-ke.info\/de\/wp-json\/wp\/v2\/posts\/44091","targetHints":{"allow":["GET"]}}],"collection":[{"href":"https:\/\/siemysli-ke.info\/de\/wp-json\/wp\/v2\/posts"}],"about":[{"href":"https:\/\/siemysli-ke.info\/de\/wp-json\/wp\/v2\/types\/post"}],"author":[{"embeddable":true,"href":"https:\/\/siemysli-ke.info\/de\/wp-json\/wp\/v2\/users\/3"}],"replies":[{"embeddable":true,"href":"https:\/\/siemysli-ke.info\/de\/wp-json\/wp\/v2\/comments?post=44091"}],"version-history":[{"count":0,"href":"https:\/\/siemysli-ke.info\/de\/wp-json\/wp\/v2\/posts\/44091\/revisions"}],"wp:featuredmedia":[{"embeddable":true,"href":"https:\/\/siemysli-ke.info\/de\/wp-json\/wp\/v2\/media\/44092"}],"wp:attachment":[{"href":"https:\/\/siemysli-ke.info\/de\/wp-json\/wp\/v2\/media?parent=44091"}],"wp:term":[{"taxonomy":"category","embeddable":true,"href":"https:\/\/siemysli-ke.info\/de\/wp-json\/wp\/v2\/categories?post=44091"},{"taxonomy":"post_tag","embeddable":true,"href":"https:\/\/siemysli-ke.info\/de\/wp-json\/wp\/v2\/tags?post=44091"}],"curies":[{"name":"wp","href":"https:\/\/api.w.org\/{rel}","templated":true}]}}