 {"id":41629,"date":"2022-07-06T23:56:36","date_gmt":"2022-07-06T21:56:36","guid":{"rendered":"https:\/\/siemysli-ke.info\/?p=41629"},"modified":"2022-07-06T23:56:36","modified_gmt":"2022-07-06T21:56:36","slug":"xxvi-gala-nagrod-im-witolda-hulewicza","status":"publish","type":"post","link":"https:\/\/siemysli-ke.info\/de\/xxvi-gala-nagrod-im-witolda-hulewicza\/","title":{"rendered":"(Polski) XXVI Gala Nagr\u00f3d im. Witolda Hulewicza"},"content":{"rendered":"<p class=\"qtranxs-available-languages-message qtranxs-available-languages-message-de\">Leider ist der Eintrag nur auf <a href=\"https:\/\/siemysli-ke.info\/pl\/wp-json\/wp\/v2\/posts\/41629\" class=\"qtranxs-available-language-link qtranxs-available-language-link-pl\" title=\"Polski\">Polski<\/a> verf\u00fcgbar.<\/p>","protected":false},"excerpt":{"rendered":"<p>Leider ist der Eintrag nur auf Polski verf\u00fcgbar.<\/p>\n","protected":false},"author":3,"featured_media":41630,"comment_status":"open","ping_status":"open","sticky":false,"template":"","format":"standard","meta":{"colormag_page_layout":"default_layout","footnotes":""},"categories":[3,17743],"tags":[13566,24421,24425,23298,10209,24426,24422,24424,23169,24427,22907,19941,24420,24423],"class_list":["post-41629","post","type-post","status-publish","format-standard","has-post-thumbnail","hentry","category-kultura","category-polecane","tag-andrzej-pitynski","tag-dom-literatury-w-warszawie","tag-ernest-bryll","tag-fundacja-niezalezny-fundusz-kultury-polcanart","tag-ireneusz-st-bruski","tag-krzysztof-dybciak","tag-malgorzata-niczuk","tag-michal-domagala","tag-nagroda-im-witolda-hulewicza","tag-redakcja-czasopisma-spoleczno-kulturalnego-ostoja-sztuka-literatura-spoleczenstwo","tag-stowarzyszenie-im-witolda-hulewicza","tag-wlodzimierz-bodnar","tag-xxvi-gala-nagrod-im-witolda-hulewicza","tag-zbigniew-walczak"],"yoast_head":"<!-- This site is optimized with the Yoast SEO plugin v25.1 - https:\/\/yoast.com\/wordpress\/plugins\/seo\/ -->\n<title>(Polski) (Polski) XXVI Gala Nagr\u00f3d im. Witolda Hulewicza - SI\u0118 MY\u015aLI<\/title>\n<meta name=\"robots\" content=\"index, follow, max-snippet:-1, max-image-preview:large, max-video-preview:-1\" \/>\n<link rel=\"canonical\" href=\"https:\/\/siemysli-ke.info\/de\/xxvi-gala-nagrod-im-witolda-hulewicza\/\" \/>\n<meta property=\"og:locale\" content=\"de_DE\" \/>\n<meta property=\"og:type\" content=\"article\" \/>\n<meta property=\"og:title\" content=\"(Polski) (Polski) XXVI Gala Nagr\u00f3d im. Witolda Hulewicza - SI\u0118 MY\u015aLI\" \/>\n<meta property=\"og:description\" content=\"Leider ist der Eintrag nur auf Polski verf\u00fcgbar.\" \/>\n<meta property=\"og:url\" content=\"https:\/\/siemysli-ke.info\/de\/xxvi-gala-nagrod-im-witolda-hulewicza\/\" \/>\n<meta property=\"og:site_name\" content=\"SI\u0118 MY\u015aLI\" \/>\n<meta property=\"article:published_time\" content=\"2022-07-06T21:56:36+00:00\" \/>\n<meta property=\"og:image\" content=\"https:\/\/siemysli-ke.info\/wp-content\/uploads\/2022\/07\/WIELKA-NAGRODA-HONOROWA-Pitynski.jpg\" \/>\n\t<meta property=\"og:image:width\" content=\"955\" \/>\n\t<meta property=\"og:image:height\" content=\"1280\" \/>\n\t<meta property=\"og:image:type\" content=\"image\/jpeg\" \/>\n<meta name=\"author\" content=\"...\" \/>\n<meta name=\"twitter:label1\" content=\"Verfasst von\" \/>\n\t<meta name=\"twitter:data1\" content=\"...\" \/>\n\t<meta name=\"twitter:label2\" content=\"Gesch\u00e4tzte Lesezeit\" \/>\n\t<meta name=\"twitter:data2\" content=\"10\u00a0Minuten\" \/>\n<script type=\"application\/ld+json\" class=\"yoast-schema-graph\">{\"@context\":\"https:\/\/schema.org\",\"@graph\":[{\"@type\":\"Article\",\"@id\":\"https:\/\/siemysli-ke.info\/de\/xxvi-gala-nagrod-im-witolda-hulewicza\/#article\",\"isPartOf\":{\"@id\":\"https:\/\/siemysli-ke.info\/de\/xxvi-gala-nagrod-im-witolda-hulewicza\/\"},\"author\":{\"name\":\"...\",\"@id\":\"https:\/\/siemysli-ke.info\/#\/schema\/person\/75326687448d6abf738b156f56385210\"},\"headline\":\"(Polski) XXVI Gala Nagr\u00f3d im. Witolda Hulewicza\",\"datePublished\":\"2022-07-06T21:56:36+00:00\",\"mainEntityOfPage\":{\"@id\":\"https:\/\/siemysli-ke.info\/de\/xxvi-gala-nagrod-im-witolda-hulewicza\/\"},\"wordCount\":1317,\"commentCount\":0,\"publisher\":{\"@id\":\"https:\/\/siemysli-ke.info\/#organization\"},\"image\":{\"@id\":\"https:\/\/siemysli-ke.info\/de\/xxvi-gala-nagrod-im-witolda-hulewicza\/#primaryimage\"},\"thumbnailUrl\":\"https:\/\/siemysli-ke.info\/wp-content\/uploads\/2022\/07\/WIELKA-NAGRODA-HONOROWA-Pitynski.jpg\",\"keywords\":[\"Andrzej Pity\u0144ski\",\"Dom Literatury w Warszawie\",\"Ernest Bryll\",\"Fundacja Niezale\u017cny Fundusz Kultury PolCanArt\",\"Ireneusz St. Bruski\",\"Krzysztof Dybciak\",\"Ma\u0142gorzata Niczuk\",\"Micha\u0142 Domaga\u0142a\",\"Nagroda im. Witolda Hulewicza\",\"redakcja czasopisma spo\u0142eczno-kulturalnego \\\"Ostoja. Sztuka \u2013 Literatura \u2013 Spo\u0142ecze\u0144stwo\\\"\",\"Stowarzyszenie im. Witolda Hulewicza\",\"W\u0142odzimierz Bodnar\",\"XXVI Gala Nagr\u00f3d im. Witolda Hulewicza\",\"Zbigniew Walczak\"],\"articleSection\":[\"Kultura\",\"Polecane\"],\"inLanguage\":\"de\",\"potentialAction\":[{\"@type\":\"CommentAction\",\"name\":\"Comment\",\"target\":[\"https:\/\/siemysli-ke.info\/de\/xxvi-gala-nagrod-im-witolda-hulewicza\/#respond\"]}]},{\"@type\":\"WebPage\",\"@id\":\"https:\/\/siemysli-ke.info\/de\/xxvi-gala-nagrod-im-witolda-hulewicza\/\",\"url\":\"https:\/\/siemysli-ke.info\/de\/xxvi-gala-nagrod-im-witolda-hulewicza\/\",\"name\":\"(Polski) (Polski) XXVI Gala Nagr\u00f3d im. Witolda Hulewicza - SI\u0118 MY\u015aLI\",\"isPartOf\":{\"@id\":\"https:\/\/siemysli-ke.info\/de\/#website\"},\"primaryImageOfPage\":{\"@id\":\"https:\/\/siemysli-ke.info\/de\/xxvi-gala-nagrod-im-witolda-hulewicza\/#primaryimage\"},\"image\":{\"@id\":\"https:\/\/siemysli-ke.info\/de\/xxvi-gala-nagrod-im-witolda-hulewicza\/#primaryimage\"},\"thumbnailUrl\":\"https:\/\/siemysli-ke.info\/wp-content\/uploads\/2022\/07\/WIELKA-NAGRODA-HONOROWA-Pitynski.jpg\",\"datePublished\":\"2022-07-06T21:56:36+00:00\",\"breadcrumb\":{\"@id\":\"https:\/\/siemysli-ke.info\/de\/xxvi-gala-nagrod-im-witolda-hulewicza\/#breadcrumb\"},\"inLanguage\":\"de\",\"potentialAction\":[{\"@type\":\"ReadAction\",\"target\":[[\"https:\/\/siemysli-ke.info\/de\/xxvi-gala-nagrod-im-witolda-hulewicza\/\"]]}]},{\"@type\":\"ImageObject\",\"inLanguage\":\"de\",\"@id\":\"https:\/\/siemysli-ke.info\/de\/xxvi-gala-nagrod-im-witolda-hulewicza\/#primaryimage\",\"url\":\"https:\/\/siemysli-ke.info\/wp-content\/uploads\/2022\/07\/WIELKA-NAGRODA-HONOROWA-Pitynski.jpg\",\"contentUrl\":\"https:\/\/siemysli-ke.info\/wp-content\/uploads\/2022\/07\/WIELKA-NAGRODA-HONOROWA-Pitynski.jpg\",\"width\":955,\"height\":1280},{\"@type\":\"BreadcrumbList\",\"@id\":\"https:\/\/siemysli-ke.info\/de\/xxvi-gala-nagrod-im-witolda-hulewicza\/#breadcrumb\",\"itemListElement\":[{\"@type\":\"ListItem\",\"position\":1,\"name\":\"Home\",\"item\":\"https:\/\/siemysli-ke.info\/de\/\"},{\"@type\":\"ListItem\",\"position\":2,\"name\":\"(Polski) XXVI Gala Nagr\u00f3d im. Witolda Hulewicza\"}]},{\"@type\":\"WebSite\",\"@id\":\"https:\/\/siemysli-ke.info\/de\/#website\",\"url\":\"https:\/\/siemysli-ke.info\/de\/\",\"name\":\"SI\u0118 MY\u015aLI\",\"description\":\"\",\"publisher\":{\"@id\":\"https:\/\/siemysli-ke.info\/de\/#organization\"},\"potentialAction\":[{\"@type\":\"SearchAction\",\"target\":{\"@type\":\"EntryPoint\",\"urlTemplate\":\"https:\/\/siemysli-ke.info\/de\/?s={search_term_string}\"},\"query-input\":{\"@type\":\"PropertyValueSpecification\",\"valueRequired\":true,\"valueName\":\"search_term_string\"}}],\"inLanguage\":\"de\"},{\"@type\":\"Organization\",\"@id\":\"https:\/\/siemysli-ke.info\/de\/#organization\",\"name\":\"SI\u0118 MY\u015aLI\",\"url\":\"https:\/\/siemysli-ke.info\/de\/\",\"logo\":{\"@type\":\"ImageObject\",\"inLanguage\":\"de\",\"@id\":\"https:\/\/siemysli-ke.info\/de\/#\/schema\/logo\/image\/\",\"url\":\"https:\/\/siemysli-ke.info\/wp-content\/uploads\/2025\/05\/99.png\",\"contentUrl\":\"https:\/\/siemysli-ke.info\/wp-content\/uploads\/2025\/05\/99.png\",\"width\":270,\"height\":204,\"caption\":\"SI\u0118 MY\u015aLI\"},\"image\":{\"@id\":\"https:\/\/siemysli-ke.info\/de\/#\/schema\/logo\/image\/\"}},{\"@type\":\"Person\",\"@id\":\"https:\/\/siemysli-ke.info\/#\/schema\/person\/75326687448d6abf738b156f56385210\",\"name\":\"...\",\"image\":{\"@type\":\"ImageObject\",\"inLanguage\":\"de\",\"@id\":\"https:\/\/siemysli-ke.info\/de\/#\/schema\/person\/image\/\",\"url\":\"https:\/\/secure.gravatar.com\/avatar\/33a3c2559155e1b4add65cf88cafda785aeb920f44b97c7055b07866ab5b13c2?s=96&d=mm&r=g\",\"contentUrl\":\"https:\/\/secure.gravatar.com\/avatar\/33a3c2559155e1b4add65cf88cafda785aeb920f44b97c7055b07866ab5b13c2?s=96&d=mm&r=g\",\"caption\":\"...\"},\"url\":\"https:\/\/siemysli-ke.info\/de\/author\/lele\/\"}]}<\/script>\n<!-- \/ Yoast SEO plugin. -->","yoast_head_json":{"title":"(Polski) (Polski) XXVI Gala Nagr\u00f3d im. Witolda Hulewicza - SI\u0118 MY\u015aLI","robots":{"index":"index","follow":"follow","max-snippet":"max-snippet:-1","max-image-preview":"max-image-preview:large","max-video-preview":"max-video-preview:-1"},"canonical":"https:\/\/siemysli-ke.info\/de\/xxvi-gala-nagrod-im-witolda-hulewicza\/","og_locale":"de_DE","og_type":"article","og_title":"(Polski) (Polski) XXVI Gala Nagr\u00f3d im. Witolda Hulewicza - SI\u0118 MY\u015aLI","og_description":"Leider ist der Eintrag nur auf Polski verf\u00fcgbar.","og_url":"https:\/\/siemysli-ke.info\/de\/xxvi-gala-nagrod-im-witolda-hulewicza\/","og_site_name":"SI\u0118 MY\u015aLI","article_published_time":"2022-07-06T21:56:36+00:00","og_image":[{"width":955,"height":1280,"url":"https:\/\/siemysli-ke.info\/wp-content\/uploads\/2022\/07\/WIELKA-NAGRODA-HONOROWA-Pitynski.jpg","type":"image\/jpeg"}],"author":"...","twitter_misc":{"Verfasst von":"...","Gesch\u00e4tzte Lesezeit":"10\u00a0Minuten"},"schema":{"@context":"https:\/\/schema.org","@graph":[{"@type":"Article","@id":"https:\/\/siemysli-ke.info\/de\/xxvi-gala-nagrod-im-witolda-hulewicza\/#article","isPartOf":{"@id":"https:\/\/siemysli-ke.info\/de\/xxvi-gala-nagrod-im-witolda-hulewicza\/"},"author":{"name":"...","@id":"https:\/\/siemysli-ke.info\/#\/schema\/person\/75326687448d6abf738b156f56385210"},"headline":"(Polski) XXVI Gala Nagr\u00f3d im. Witolda Hulewicza","datePublished":"2022-07-06T21:56:36+00:00","mainEntityOfPage":{"@id":"https:\/\/siemysli-ke.info\/de\/xxvi-gala-nagrod-im-witolda-hulewicza\/"},"wordCount":1317,"commentCount":0,"publisher":{"@id":"https:\/\/siemysli-ke.info\/#organization"},"image":{"@id":"https:\/\/siemysli-ke.info\/de\/xxvi-gala-nagrod-im-witolda-hulewicza\/#primaryimage"},"thumbnailUrl":"https:\/\/siemysli-ke.info\/wp-content\/uploads\/2022\/07\/WIELKA-NAGRODA-HONOROWA-Pitynski.jpg","keywords":["Andrzej Pity\u0144ski","Dom Literatury w Warszawie","Ernest Bryll","Fundacja Niezale\u017cny Fundusz Kultury PolCanArt","Ireneusz St. Bruski","Krzysztof Dybciak","Ma\u0142gorzata Niczuk","Micha\u0142 Domaga\u0142a","Nagroda im. Witolda Hulewicza","redakcja czasopisma spo\u0142eczno-kulturalnego \"Ostoja. Sztuka \u2013 Literatura \u2013 Spo\u0142ecze\u0144stwo\"","Stowarzyszenie im. Witolda Hulewicza","W\u0142odzimierz Bodnar","XXVI Gala Nagr\u00f3d im. Witolda Hulewicza","Zbigniew Walczak"],"articleSection":["Kultura","Polecane"],"inLanguage":"de","potentialAction":[{"@type":"CommentAction","name":"Comment","target":["https:\/\/siemysli-ke.info\/de\/xxvi-gala-nagrod-im-witolda-hulewicza\/#respond"]}]},{"@type":"WebPage","@id":"https:\/\/siemysli-ke.info\/de\/xxvi-gala-nagrod-im-witolda-hulewicza\/","url":"https:\/\/siemysli-ke.info\/de\/xxvi-gala-nagrod-im-witolda-hulewicza\/","name":"(Polski) (Polski) XXVI Gala Nagr\u00f3d im. Witolda Hulewicza - SI\u0118 MY\u015aLI","isPartOf":{"@id":"https:\/\/siemysli-ke.info\/de\/#website"},"primaryImageOfPage":{"@id":"https:\/\/siemysli-ke.info\/de\/xxvi-gala-nagrod-im-witolda-hulewicza\/#primaryimage"},"image":{"@id":"https:\/\/siemysli-ke.info\/de\/xxvi-gala-nagrod-im-witolda-hulewicza\/#primaryimage"},"thumbnailUrl":"https:\/\/siemysli-ke.info\/wp-content\/uploads\/2022\/07\/WIELKA-NAGRODA-HONOROWA-Pitynski.jpg","datePublished":"2022-07-06T21:56:36+00:00","breadcrumb":{"@id":"https:\/\/siemysli-ke.info\/de\/xxvi-gala-nagrod-im-witolda-hulewicza\/#breadcrumb"},"inLanguage":"de","potentialAction":[{"@type":"ReadAction","target":[["https:\/\/siemysli-ke.info\/de\/xxvi-gala-nagrod-im-witolda-hulewicza\/"]]}]},{"@type":"ImageObject","inLanguage":"de","@id":"https:\/\/siemysli-ke.info\/de\/xxvi-gala-nagrod-im-witolda-hulewicza\/#primaryimage","url":"https:\/\/siemysli-ke.info\/wp-content\/uploads\/2022\/07\/WIELKA-NAGRODA-HONOROWA-Pitynski.jpg","contentUrl":"https:\/\/siemysli-ke.info\/wp-content\/uploads\/2022\/07\/WIELKA-NAGRODA-HONOROWA-Pitynski.jpg","width":955,"height":1280},{"@type":"BreadcrumbList","@id":"https:\/\/siemysli-ke.info\/de\/xxvi-gala-nagrod-im-witolda-hulewicza\/#breadcrumb","itemListElement":[{"@type":"ListItem","position":1,"name":"Home","item":"https:\/\/siemysli-ke.info\/de\/"},{"@type":"ListItem","position":2,"name":"(Polski) XXVI Gala Nagr\u00f3d im. Witolda Hulewicza"}]},{"@type":"WebSite","@id":"https:\/\/siemysli-ke.info\/de\/#website","url":"https:\/\/siemysli-ke.info\/de\/","name":"SI\u0118 MY\u015aLI","description":"","publisher":{"@id":"https:\/\/siemysli-ke.info\/de\/#organization"},"potentialAction":[{"@type":"SearchAction","target":{"@type":"EntryPoint","urlTemplate":"https:\/\/siemysli-ke.info\/de\/?s={search_term_string}"},"query-input":{"@type":"PropertyValueSpecification","valueRequired":true,"valueName":"search_term_string"}}],"inLanguage":"de"},{"@type":"Organization","@id":"https:\/\/siemysli-ke.info\/de\/#organization","name":"SI\u0118 MY\u015aLI","url":"https:\/\/siemysli-ke.info\/de\/","logo":{"@type":"ImageObject","inLanguage":"de","@id":"https:\/\/siemysli-ke.info\/de\/#\/schema\/logo\/image\/","url":"https:\/\/siemysli-ke.info\/wp-content\/uploads\/2025\/05\/99.png","contentUrl":"https:\/\/siemysli-ke.info\/wp-content\/uploads\/2025\/05\/99.png","width":270,"height":204,"caption":"SI\u0118 MY\u015aLI"},"image":{"@id":"https:\/\/siemysli-ke.info\/de\/#\/schema\/logo\/image\/"}},{"@type":"Person","@id":"https:\/\/siemysli-ke.info\/#\/schema\/person\/75326687448d6abf738b156f56385210","name":"...","image":{"@type":"ImageObject","inLanguage":"de","@id":"https:\/\/siemysli-ke.info\/de\/#\/schema\/person\/image\/","url":"https:\/\/secure.gravatar.com\/avatar\/33a3c2559155e1b4add65cf88cafda785aeb920f44b97c7055b07866ab5b13c2?s=96&d=mm&r=g","contentUrl":"https:\/\/secure.gravatar.com\/avatar\/33a3c2559155e1b4add65cf88cafda785aeb920f44b97c7055b07866ab5b13c2?s=96&d=mm&r=g","caption":"..."},"url":"https:\/\/siemysli-ke.info\/de\/author\/lele\/"}]}},"_links":{"self":[{"href":"https:\/\/siemysli-ke.info\/de\/wp-json\/wp\/v2\/posts\/41629","targetHints":{"allow":["GET"]}}],"collection":[{"href":"https:\/\/siemysli-ke.info\/de\/wp-json\/wp\/v2\/posts"}],"about":[{"href":"https:\/\/siemysli-ke.info\/de\/wp-json\/wp\/v2\/types\/post"}],"author":[{"embeddable":true,"href":"https:\/\/siemysli-ke.info\/de\/wp-json\/wp\/v2\/users\/3"}],"replies":[{"embeddable":true,"href":"https:\/\/siemysli-ke.info\/de\/wp-json\/wp\/v2\/comments?post=41629"}],"version-history":[{"count":0,"href":"https:\/\/siemysli-ke.info\/de\/wp-json\/wp\/v2\/posts\/41629\/revisions"}],"wp:featuredmedia":[{"embeddable":true,"href":"https:\/\/siemysli-ke.info\/de\/wp-json\/wp\/v2\/media\/41630"}],"wp:attachment":[{"href":"https:\/\/siemysli-ke.info\/de\/wp-json\/wp\/v2\/media?parent=41629"}],"wp:term":[{"taxonomy":"category","embeddable":true,"href":"https:\/\/siemysli-ke.info\/de\/wp-json\/wp\/v2\/categories?post=41629"},{"taxonomy":"post_tag","embeddable":true,"href":"https:\/\/siemysli-ke.info\/de\/wp-json\/wp\/v2\/tags?post=41629"}],"curies":[{"name":"wp","href":"https:\/\/api.w.org\/{rel}","templated":true}]}}