 {"id":41055,"date":"2022-03-23T09:21:32","date_gmt":"2022-03-23T08:21:32","guid":{"rendered":"https:\/\/siemysli-ke.info\/?p=41055"},"modified":"2022-04-01T19:20:03","modified_gmt":"2022-04-01T17:20:03","slug":"to-jak-z-tym-ukrainskim-nazizmem2","status":"publish","type":"post","link":"https:\/\/siemysli-ke.info\/de\/to-jak-z-tym-ukrainskim-nazizmem2\/","title":{"rendered":"(Polski) To jak z tym ukrai\u0144skim nazizmem? (2)"},"content":{"rendered":"<p class=\"qtranxs-available-languages-message qtranxs-available-languages-message-de\">Leider ist der Eintrag nur auf <a href=\"https:\/\/siemysli-ke.info\/pl\/wp-json\/wp\/v2\/posts\/41055\" class=\"qtranxs-available-language-link qtranxs-available-language-link-pl\" title=\"Polski\">Polski<\/a> verf\u00fcgbar.<\/p>","protected":false},"excerpt":{"rendered":"<p>Leider ist der Eintrag nur auf Polski verf\u00fcgbar.<\/p>\n","protected":false},"author":7,"featured_media":41059,"comment_status":"open","ping_status":"open","sticky":false,"template":"","format":"standard","meta":{"colormag_page_layout":"default_layout","footnotes":""},"categories":[7],"tags":[21462,23854,23852,22076,1250,1795,708,1251],"class_list":["post-41055","post","type-post","status-publish","format-standard","has-post-thumbnail","hentry","category-gospodarka","tag-andrij-tarasenko","tag-cywilny-korpus-azow-ck-azow","tag-dmytro-jarosz-opuscil-prawy-sektor","tag-korpus-narodowy","tag-oun","tag-swoboda","tag-ukraina","tag-upa"],"yoast_head":"<!-- This site is optimized with the Yoast SEO plugin v25.1 - https:\/\/yoast.com\/wordpress\/plugins\/seo\/ -->\n<title>(Polski) (Polski) To jak z tym ukrai\u0144skim nazizmem? (2) - SI\u0118 MY\u015aLI<\/title>\n<meta name=\"robots\" content=\"index, follow, max-snippet:-1, max-image-preview:large, max-video-preview:-1\" \/>\n<link rel=\"canonical\" href=\"https:\/\/siemysli-ke.info\/de\/to-jak-z-tym-ukrainskim-nazizmem2\/\" \/>\n<meta property=\"og:locale\" content=\"de_DE\" \/>\n<meta property=\"og:type\" content=\"article\" \/>\n<meta property=\"og:title\" content=\"(Polski) (Polski) To jak z tym ukrai\u0144skim nazizmem? (2) - SI\u0118 MY\u015aLI\" \/>\n<meta property=\"og:description\" content=\"Leider ist der Eintrag nur auf Polski verf\u00fcgbar.\" \/>\n<meta property=\"og:url\" content=\"https:\/\/siemysli-ke.info\/de\/to-jak-z-tym-ukrainskim-nazizmem2\/\" \/>\n<meta property=\"og:site_name\" content=\"SI\u0118 MY\u015aLI\" \/>\n<meta property=\"article:published_time\" content=\"2022-03-23T08:21:32+00:00\" \/>\n<meta property=\"article:modified_time\" content=\"2022-04-01T17:20:03+00:00\" \/>\n<meta property=\"og:image\" content=\"https:\/\/siemysli-ke.info\/wp-content\/uploads\/2022\/03\/pobrane-2-1.jpg\" \/>\n\t<meta property=\"og:image:width\" content=\"271\" \/>\n\t<meta property=\"og:image:height\" content=\"186\" \/>\n\t<meta property=\"og:image:type\" content=\"image\/jpeg\" \/>\n<meta name=\"author\" content=\"Jaromir\" \/>\n<meta name=\"twitter:label1\" content=\"Verfasst von\" \/>\n\t<meta name=\"twitter:data1\" content=\"Jaromir\" \/>\n\t<meta name=\"twitter:label2\" content=\"Gesch\u00e4tzte Lesezeit\" \/>\n\t<meta name=\"twitter:data2\" content=\"12\u00a0Minuten\" \/>\n<script type=\"application\/ld+json\" class=\"yoast-schema-graph\">{\"@context\":\"https:\/\/schema.org\",\"@graph\":[{\"@type\":\"Article\",\"@id\":\"https:\/\/siemysli-ke.info\/de\/to-jak-z-tym-ukrainskim-nazizmem2\/#article\",\"isPartOf\":{\"@id\":\"https:\/\/siemysli-ke.info\/de\/to-jak-z-tym-ukrainskim-nazizmem2\/\"},\"author\":{\"name\":\"Jaromir\",\"@id\":\"https:\/\/siemysli-ke.info\/#\/schema\/person\/66d741fa745a44f2fe46d112bc6499f2\"},\"headline\":\"(Polski) To jak z tym ukrai\u0144skim nazizmem? (2)\",\"datePublished\":\"2022-03-23T08:21:32+00:00\",\"dateModified\":\"2022-04-01T17:20:03+00:00\",\"mainEntityOfPage\":{\"@id\":\"https:\/\/siemysli-ke.info\/de\/to-jak-z-tym-ukrainskim-nazizmem2\/\"},\"wordCount\":2245,\"commentCount\":0,\"publisher\":{\"@id\":\"https:\/\/siemysli-ke.info\/#organization\"},\"image\":{\"@id\":\"https:\/\/siemysli-ke.info\/de\/to-jak-z-tym-ukrainskim-nazizmem2\/#primaryimage\"},\"thumbnailUrl\":\"https:\/\/siemysli-ke.info\/wp-content\/uploads\/2022\/03\/pobrane-2-1.jpg\",\"keywords\":[\"Andrij Tarasenko\",\"Cywilny Korpus \u201eAzow\u201d (CK Azow).\",\"Dmytro\u00a0Jarosz opu\u015bci\u0142 Prawy Sektor\",\"Korpus Narodowy\",\"OUN\",\"Swoboda\",\"Ukraina\",\"UPA\"],\"articleSection\":[\"Gospodarka i polityka\"],\"inLanguage\":\"de\",\"potentialAction\":[{\"@type\":\"CommentAction\",\"name\":\"Comment\",\"target\":[\"https:\/\/siemysli-ke.info\/de\/to-jak-z-tym-ukrainskim-nazizmem2\/#respond\"]}]},{\"@type\":\"WebPage\",\"@id\":\"https:\/\/siemysli-ke.info\/de\/to-jak-z-tym-ukrainskim-nazizmem2\/\",\"url\":\"https:\/\/siemysli-ke.info\/de\/to-jak-z-tym-ukrainskim-nazizmem2\/\",\"name\":\"(Polski) (Polski) To jak z tym ukrai\u0144skim nazizmem? (2) - SI\u0118 MY\u015aLI\",\"isPartOf\":{\"@id\":\"https:\/\/siemysli-ke.info\/de\/#website\"},\"primaryImageOfPage\":{\"@id\":\"https:\/\/siemysli-ke.info\/de\/to-jak-z-tym-ukrainskim-nazizmem2\/#primaryimage\"},\"image\":{\"@id\":\"https:\/\/siemysli-ke.info\/de\/to-jak-z-tym-ukrainskim-nazizmem2\/#primaryimage\"},\"thumbnailUrl\":\"https:\/\/siemysli-ke.info\/wp-content\/uploads\/2022\/03\/pobrane-2-1.jpg\",\"datePublished\":\"2022-03-23T08:21:32+00:00\",\"dateModified\":\"2022-04-01T17:20:03+00:00\",\"breadcrumb\":{\"@id\":\"https:\/\/siemysli-ke.info\/de\/to-jak-z-tym-ukrainskim-nazizmem2\/#breadcrumb\"},\"inLanguage\":\"de\",\"potentialAction\":[{\"@type\":\"ReadAction\",\"target\":[[\"https:\/\/siemysli-ke.info\/de\/to-jak-z-tym-ukrainskim-nazizmem2\/\"]]}]},{\"@type\":\"ImageObject\",\"inLanguage\":\"de\",\"@id\":\"https:\/\/siemysli-ke.info\/de\/to-jak-z-tym-ukrainskim-nazizmem2\/#primaryimage\",\"url\":\"https:\/\/siemysli-ke.info\/wp-content\/uploads\/2022\/03\/pobrane-2-1.jpg\",\"contentUrl\":\"https:\/\/siemysli-ke.info\/wp-content\/uploads\/2022\/03\/pobrane-2-1.jpg\",\"width\":271,\"height\":186},{\"@type\":\"BreadcrumbList\",\"@id\":\"https:\/\/siemysli-ke.info\/de\/to-jak-z-tym-ukrainskim-nazizmem2\/#breadcrumb\",\"itemListElement\":[{\"@type\":\"ListItem\",\"position\":1,\"name\":\"Home\",\"item\":\"https:\/\/siemysli-ke.info\/de\/\"},{\"@type\":\"ListItem\",\"position\":2,\"name\":\"(Polski) To jak z tym ukrai\u0144skim nazizmem? (2)\"}]},{\"@type\":\"WebSite\",\"@id\":\"https:\/\/siemysli-ke.info\/de\/#website\",\"url\":\"https:\/\/siemysli-ke.info\/de\/\",\"name\":\"SI\u0118 MY\u015aLI\",\"description\":\"\",\"publisher\":{\"@id\":\"https:\/\/siemysli-ke.info\/de\/#organization\"},\"potentialAction\":[{\"@type\":\"SearchAction\",\"target\":{\"@type\":\"EntryPoint\",\"urlTemplate\":\"https:\/\/siemysli-ke.info\/de\/?s={search_term_string}\"},\"query-input\":{\"@type\":\"PropertyValueSpecification\",\"valueRequired\":true,\"valueName\":\"search_term_string\"}}],\"inLanguage\":\"de\"},{\"@type\":\"Organization\",\"@id\":\"https:\/\/siemysli-ke.info\/de\/#organization\",\"name\":\"SI\u0118 MY\u015aLI\",\"url\":\"https:\/\/siemysli-ke.info\/de\/\",\"logo\":{\"@type\":\"ImageObject\",\"inLanguage\":\"de\",\"@id\":\"https:\/\/siemysli-ke.info\/de\/#\/schema\/logo\/image\/\",\"url\":\"https:\/\/siemysli-ke.info\/wp-content\/uploads\/2025\/05\/99.png\",\"contentUrl\":\"https:\/\/siemysli-ke.info\/wp-content\/uploads\/2025\/05\/99.png\",\"width\":270,\"height\":204,\"caption\":\"SI\u0118 MY\u015aLI\"},\"image\":{\"@id\":\"https:\/\/siemysli-ke.info\/de\/#\/schema\/logo\/image\/\"}},{\"@type\":\"Person\",\"@id\":\"https:\/\/siemysli-ke.info\/#\/schema\/person\/66d741fa745a44f2fe46d112bc6499f2\",\"name\":\"Jaromir\",\"image\":{\"@type\":\"ImageObject\",\"inLanguage\":\"de\",\"@id\":\"https:\/\/siemysli-ke.info\/de\/#\/schema\/person\/image\/\",\"url\":\"https:\/\/secure.gravatar.com\/avatar\/fe881559e8ac8dda20293e9e8317d4678c6ad8f65f85a9ce5e1a87cee56b6198?s=96&d=mm&r=g\",\"contentUrl\":\"https:\/\/secure.gravatar.com\/avatar\/fe881559e8ac8dda20293e9e8317d4678c6ad8f65f85a9ce5e1a87cee56b6198?s=96&d=mm&r=g\",\"caption\":\"Jaromir\"},\"url\":\"https:\/\/siemysli-ke.info\/de\/author\/jaromir\/\"}]}<\/script>\n<!-- \/ Yoast SEO plugin. -->","yoast_head_json":{"title":"(Polski) (Polski) To jak z tym ukrai\u0144skim nazizmem? (2) - SI\u0118 MY\u015aLI","robots":{"index":"index","follow":"follow","max-snippet":"max-snippet:-1","max-image-preview":"max-image-preview:large","max-video-preview":"max-video-preview:-1"},"canonical":"https:\/\/siemysli-ke.info\/de\/to-jak-z-tym-ukrainskim-nazizmem2\/","og_locale":"de_DE","og_type":"article","og_title":"(Polski) (Polski) To jak z tym ukrai\u0144skim nazizmem? (2) - SI\u0118 MY\u015aLI","og_description":"Leider ist der Eintrag nur auf Polski verf\u00fcgbar.","og_url":"https:\/\/siemysli-ke.info\/de\/to-jak-z-tym-ukrainskim-nazizmem2\/","og_site_name":"SI\u0118 MY\u015aLI","article_published_time":"2022-03-23T08:21:32+00:00","article_modified_time":"2022-04-01T17:20:03+00:00","og_image":[{"width":271,"height":186,"url":"https:\/\/siemysli-ke.info\/wp-content\/uploads\/2022\/03\/pobrane-2-1.jpg","type":"image\/jpeg"}],"author":"Jaromir","twitter_misc":{"Verfasst von":"Jaromir","Gesch\u00e4tzte Lesezeit":"12\u00a0Minuten"},"schema":{"@context":"https:\/\/schema.org","@graph":[{"@type":"Article","@id":"https:\/\/siemysli-ke.info\/de\/to-jak-z-tym-ukrainskim-nazizmem2\/#article","isPartOf":{"@id":"https:\/\/siemysli-ke.info\/de\/to-jak-z-tym-ukrainskim-nazizmem2\/"},"author":{"name":"Jaromir","@id":"https:\/\/siemysli-ke.info\/#\/schema\/person\/66d741fa745a44f2fe46d112bc6499f2"},"headline":"(Polski) To jak z tym ukrai\u0144skim nazizmem? (2)","datePublished":"2022-03-23T08:21:32+00:00","dateModified":"2022-04-01T17:20:03+00:00","mainEntityOfPage":{"@id":"https:\/\/siemysli-ke.info\/de\/to-jak-z-tym-ukrainskim-nazizmem2\/"},"wordCount":2245,"commentCount":0,"publisher":{"@id":"https:\/\/siemysli-ke.info\/#organization"},"image":{"@id":"https:\/\/siemysli-ke.info\/de\/to-jak-z-tym-ukrainskim-nazizmem2\/#primaryimage"},"thumbnailUrl":"https:\/\/siemysli-ke.info\/wp-content\/uploads\/2022\/03\/pobrane-2-1.jpg","keywords":["Andrij Tarasenko","Cywilny Korpus \u201eAzow\u201d (CK Azow).","Dmytro\u00a0Jarosz opu\u015bci\u0142 Prawy Sektor","Korpus Narodowy","OUN","Swoboda","Ukraina","UPA"],"articleSection":["Gospodarka i polityka"],"inLanguage":"de","potentialAction":[{"@type":"CommentAction","name":"Comment","target":["https:\/\/siemysli-ke.info\/de\/to-jak-z-tym-ukrainskim-nazizmem2\/#respond"]}]},{"@type":"WebPage","@id":"https:\/\/siemysli-ke.info\/de\/to-jak-z-tym-ukrainskim-nazizmem2\/","url":"https:\/\/siemysli-ke.info\/de\/to-jak-z-tym-ukrainskim-nazizmem2\/","name":"(Polski) (Polski) To jak z tym ukrai\u0144skim nazizmem? (2) - SI\u0118 MY\u015aLI","isPartOf":{"@id":"https:\/\/siemysli-ke.info\/de\/#website"},"primaryImageOfPage":{"@id":"https:\/\/siemysli-ke.info\/de\/to-jak-z-tym-ukrainskim-nazizmem2\/#primaryimage"},"image":{"@id":"https:\/\/siemysli-ke.info\/de\/to-jak-z-tym-ukrainskim-nazizmem2\/#primaryimage"},"thumbnailUrl":"https:\/\/siemysli-ke.info\/wp-content\/uploads\/2022\/03\/pobrane-2-1.jpg","datePublished":"2022-03-23T08:21:32+00:00","dateModified":"2022-04-01T17:20:03+00:00","breadcrumb":{"@id":"https:\/\/siemysli-ke.info\/de\/to-jak-z-tym-ukrainskim-nazizmem2\/#breadcrumb"},"inLanguage":"de","potentialAction":[{"@type":"ReadAction","target":[["https:\/\/siemysli-ke.info\/de\/to-jak-z-tym-ukrainskim-nazizmem2\/"]]}]},{"@type":"ImageObject","inLanguage":"de","@id":"https:\/\/siemysli-ke.info\/de\/to-jak-z-tym-ukrainskim-nazizmem2\/#primaryimage","url":"https:\/\/siemysli-ke.info\/wp-content\/uploads\/2022\/03\/pobrane-2-1.jpg","contentUrl":"https:\/\/siemysli-ke.info\/wp-content\/uploads\/2022\/03\/pobrane-2-1.jpg","width":271,"height":186},{"@type":"BreadcrumbList","@id":"https:\/\/siemysli-ke.info\/de\/to-jak-z-tym-ukrainskim-nazizmem2\/#breadcrumb","itemListElement":[{"@type":"ListItem","position":1,"name":"Home","item":"https:\/\/siemysli-ke.info\/de\/"},{"@type":"ListItem","position":2,"name":"(Polski) To jak z tym ukrai\u0144skim nazizmem? (2)"}]},{"@type":"WebSite","@id":"https:\/\/siemysli-ke.info\/de\/#website","url":"https:\/\/siemysli-ke.info\/de\/","name":"SI\u0118 MY\u015aLI","description":"","publisher":{"@id":"https:\/\/siemysli-ke.info\/de\/#organization"},"potentialAction":[{"@type":"SearchAction","target":{"@type":"EntryPoint","urlTemplate":"https:\/\/siemysli-ke.info\/de\/?s={search_term_string}"},"query-input":{"@type":"PropertyValueSpecification","valueRequired":true,"valueName":"search_term_string"}}],"inLanguage":"de"},{"@type":"Organization","@id":"https:\/\/siemysli-ke.info\/de\/#organization","name":"SI\u0118 MY\u015aLI","url":"https:\/\/siemysli-ke.info\/de\/","logo":{"@type":"ImageObject","inLanguage":"de","@id":"https:\/\/siemysli-ke.info\/de\/#\/schema\/logo\/image\/","url":"https:\/\/siemysli-ke.info\/wp-content\/uploads\/2025\/05\/99.png","contentUrl":"https:\/\/siemysli-ke.info\/wp-content\/uploads\/2025\/05\/99.png","width":270,"height":204,"caption":"SI\u0118 MY\u015aLI"},"image":{"@id":"https:\/\/siemysli-ke.info\/de\/#\/schema\/logo\/image\/"}},{"@type":"Person","@id":"https:\/\/siemysli-ke.info\/#\/schema\/person\/66d741fa745a44f2fe46d112bc6499f2","name":"Jaromir","image":{"@type":"ImageObject","inLanguage":"de","@id":"https:\/\/siemysli-ke.info\/de\/#\/schema\/person\/image\/","url":"https:\/\/secure.gravatar.com\/avatar\/fe881559e8ac8dda20293e9e8317d4678c6ad8f65f85a9ce5e1a87cee56b6198?s=96&d=mm&r=g","contentUrl":"https:\/\/secure.gravatar.com\/avatar\/fe881559e8ac8dda20293e9e8317d4678c6ad8f65f85a9ce5e1a87cee56b6198?s=96&d=mm&r=g","caption":"Jaromir"},"url":"https:\/\/siemysli-ke.info\/de\/author\/jaromir\/"}]}},"_links":{"self":[{"href":"https:\/\/siemysli-ke.info\/de\/wp-json\/wp\/v2\/posts\/41055","targetHints":{"allow":["GET"]}}],"collection":[{"href":"https:\/\/siemysli-ke.info\/de\/wp-json\/wp\/v2\/posts"}],"about":[{"href":"https:\/\/siemysli-ke.info\/de\/wp-json\/wp\/v2\/types\/post"}],"author":[{"embeddable":true,"href":"https:\/\/siemysli-ke.info\/de\/wp-json\/wp\/v2\/users\/7"}],"replies":[{"embeddable":true,"href":"https:\/\/siemysli-ke.info\/de\/wp-json\/wp\/v2\/comments?post=41055"}],"version-history":[{"count":0,"href":"https:\/\/siemysli-ke.info\/de\/wp-json\/wp\/v2\/posts\/41055\/revisions"}],"wp:featuredmedia":[{"embeddable":true,"href":"https:\/\/siemysli-ke.info\/de\/wp-json\/wp\/v2\/media\/41059"}],"wp:attachment":[{"href":"https:\/\/siemysli-ke.info\/de\/wp-json\/wp\/v2\/media?parent=41055"}],"wp:term":[{"taxonomy":"category","embeddable":true,"href":"https:\/\/siemysli-ke.info\/de\/wp-json\/wp\/v2\/categories?post=41055"},{"taxonomy":"post_tag","embeddable":true,"href":"https:\/\/siemysli-ke.info\/de\/wp-json\/wp\/v2\/tags?post=41055"}],"curies":[{"name":"wp","href":"https:\/\/api.w.org\/{rel}","templated":true}]}}