 {"id":41011,"date":"2022-03-16T16:19:59","date_gmt":"2022-03-16T15:19:59","guid":{"rendered":"https:\/\/siemysli-ke.info\/?p=41011"},"modified":"2022-04-01T23:34:18","modified_gmt":"2022-04-01T21:34:18","slug":"jaroslaw-kaczynski-chce-wojny-z-rosja","status":"publish","type":"post","link":"https:\/\/siemysli-ke.info\/de\/jaroslaw-kaczynski-chce-wojny-z-rosja\/","title":{"rendered":"(Polski) Jaros\u0142aw Kaczy\u0144ski chce wojny z Rosj\u0105!"},"content":{"rendered":"<p class=\"qtranxs-available-languages-message qtranxs-available-languages-message-de\">Leider ist der Eintrag nur auf <a href=\"https:\/\/siemysli-ke.info\/pl\/wp-json\/wp\/v2\/posts\/41011\" class=\"qtranxs-available-language-link qtranxs-available-language-link-pl\" title=\"Polski\">Polski<\/a> verf\u00fcgbar.<\/p>","protected":false},"excerpt":{"rendered":"<p>Leider ist der Eintrag nur auf Polski verf\u00fcgbar.<\/p>\n","protected":false},"author":7,"featured_media":41013,"comment_status":"open","ping_status":"open","sticky":false,"template":"","format":"standard","meta":{"colormag_page_layout":"default_layout","footnotes":""},"categories":[143],"tags":[1770,2397,23840],"class_list":["post-41011","post","type-post","status-publish","format-standard","has-post-thumbnail","hentry","category-inne","tag-marine-le-pen","tag-victor-orban","tag-marszu-pokoju"],"yoast_head":"<!-- This site is optimized with the Yoast SEO plugin v25.1 - https:\/\/yoast.com\/wordpress\/plugins\/seo\/ -->\n<title>(Polski) (Polski) Jaros\u0142aw Kaczy\u0144ski chce wojny z Rosj\u0105! - SI\u0118 MY\u015aLI<\/title>\n<meta name=\"robots\" content=\"index, follow, max-snippet:-1, max-image-preview:large, max-video-preview:-1\" \/>\n<link rel=\"canonical\" href=\"https:\/\/siemysli-ke.info\/de\/jaroslaw-kaczynski-chce-wojny-z-rosja\/\" \/>\n<meta property=\"og:locale\" content=\"de_DE\" \/>\n<meta property=\"og:type\" content=\"article\" \/>\n<meta property=\"og:title\" content=\"(Polski) (Polski) Jaros\u0142aw Kaczy\u0144ski chce wojny z Rosj\u0105! - SI\u0118 MY\u015aLI\" \/>\n<meta property=\"og:description\" content=\"Leider ist der Eintrag nur auf Polski verf\u00fcgbar.\" \/>\n<meta property=\"og:url\" content=\"https:\/\/siemysli-ke.info\/de\/jaroslaw-kaczynski-chce-wojny-z-rosja\/\" \/>\n<meta property=\"og:site_name\" content=\"SI\u0118 MY\u015aLI\" \/>\n<meta property=\"article:published_time\" content=\"2022-03-16T15:19:59+00:00\" \/>\n<meta property=\"article:modified_time\" content=\"2022-04-01T21:34:18+00:00\" \/>\n<meta property=\"og:image\" content=\"https:\/\/siemysli-ke.info\/wp-content\/uploads\/2022\/03\/OTYwL3VfMS9jY183N2FiNy9wLzIwMjIvMDIvMjIvMTIwMC83NjAvYjIzNTM5MGRiYmE1NDBlM2E4MzE1Yzg3ZTkzNGU4NDMuanBlZw.jpeg\" \/>\n\t<meta property=\"og:image:width\" content=\"960\" \/>\n\t<meta property=\"og:image:height\" content=\"608\" \/>\n\t<meta property=\"og:image:type\" content=\"image\/jpeg\" \/>\n<meta name=\"author\" content=\"Jaromir\" \/>\n<meta name=\"twitter:label1\" content=\"Verfasst von\" \/>\n\t<meta name=\"twitter:data1\" content=\"Jaromir\" \/>\n\t<meta name=\"twitter:label2\" content=\"Gesch\u00e4tzte Lesezeit\" \/>\n\t<meta name=\"twitter:data2\" content=\"5\u00a0Minuten\" \/>\n<script type=\"application\/ld+json\" class=\"yoast-schema-graph\">{\"@context\":\"https:\/\/schema.org\",\"@graph\":[{\"@type\":\"Article\",\"@id\":\"https:\/\/siemysli-ke.info\/de\/jaroslaw-kaczynski-chce-wojny-z-rosja\/#article\",\"isPartOf\":{\"@id\":\"https:\/\/siemysli-ke.info\/de\/jaroslaw-kaczynski-chce-wojny-z-rosja\/\"},\"author\":{\"name\":\"Jaromir\",\"@id\":\"https:\/\/siemysli-ke.info\/#\/schema\/person\/66d741fa745a44f2fe46d112bc6499f2\"},\"headline\":\"(Polski) Jaros\u0142aw Kaczy\u0144ski chce wojny z Rosj\u0105!\",\"datePublished\":\"2022-03-16T15:19:59+00:00\",\"dateModified\":\"2022-04-01T21:34:18+00:00\",\"mainEntityOfPage\":{\"@id\":\"https:\/\/siemysli-ke.info\/de\/jaroslaw-kaczynski-chce-wojny-z-rosja\/\"},\"wordCount\":765,\"commentCount\":0,\"publisher\":{\"@id\":\"https:\/\/siemysli-ke.info\/#organization\"},\"image\":{\"@id\":\"https:\/\/siemysli-ke.info\/de\/jaroslaw-kaczynski-chce-wojny-z-rosja\/#primaryimage\"},\"thumbnailUrl\":\"https:\/\/siemysli-ke.info\/wp-content\/uploads\/2022\/03\/OTYwL3VfMS9jY183N2FiNy9wLzIwMjIvMDIvMjIvMTIwMC83NjAvYjIzNTM5MGRiYmE1NDBlM2E4MzE1Yzg3ZTkzNGU4NDMuanBlZw.jpeg\",\"keywords\":[\"Marine Le Pen\",\"Victor Orban\",\"\u201eMarszu Pokoju\u201d\"],\"articleSection\":[\"Inne\"],\"inLanguage\":\"de\",\"potentialAction\":[{\"@type\":\"CommentAction\",\"name\":\"Comment\",\"target\":[\"https:\/\/siemysli-ke.info\/de\/jaroslaw-kaczynski-chce-wojny-z-rosja\/#respond\"]}]},{\"@type\":\"WebPage\",\"@id\":\"https:\/\/siemysli-ke.info\/de\/jaroslaw-kaczynski-chce-wojny-z-rosja\/\",\"url\":\"https:\/\/siemysli-ke.info\/de\/jaroslaw-kaczynski-chce-wojny-z-rosja\/\",\"name\":\"(Polski) (Polski) Jaros\u0142aw Kaczy\u0144ski chce wojny z Rosj\u0105! - SI\u0118 MY\u015aLI\",\"isPartOf\":{\"@id\":\"https:\/\/siemysli-ke.info\/de\/#website\"},\"primaryImageOfPage\":{\"@id\":\"https:\/\/siemysli-ke.info\/de\/jaroslaw-kaczynski-chce-wojny-z-rosja\/#primaryimage\"},\"image\":{\"@id\":\"https:\/\/siemysli-ke.info\/de\/jaroslaw-kaczynski-chce-wojny-z-rosja\/#primaryimage\"},\"thumbnailUrl\":\"https:\/\/siemysli-ke.info\/wp-content\/uploads\/2022\/03\/OTYwL3VfMS9jY183N2FiNy9wLzIwMjIvMDIvMjIvMTIwMC83NjAvYjIzNTM5MGRiYmE1NDBlM2E4MzE1Yzg3ZTkzNGU4NDMuanBlZw.jpeg\",\"datePublished\":\"2022-03-16T15:19:59+00:00\",\"dateModified\":\"2022-04-01T21:34:18+00:00\",\"breadcrumb\":{\"@id\":\"https:\/\/siemysli-ke.info\/de\/jaroslaw-kaczynski-chce-wojny-z-rosja\/#breadcrumb\"},\"inLanguage\":\"de\",\"potentialAction\":[{\"@type\":\"ReadAction\",\"target\":[[\"https:\/\/siemysli-ke.info\/de\/jaroslaw-kaczynski-chce-wojny-z-rosja\/\"]]}]},{\"@type\":\"ImageObject\",\"inLanguage\":\"de\",\"@id\":\"https:\/\/siemysli-ke.info\/de\/jaroslaw-kaczynski-chce-wojny-z-rosja\/#primaryimage\",\"url\":\"https:\/\/siemysli-ke.info\/wp-content\/uploads\/2022\/03\/OTYwL3VfMS9jY183N2FiNy9wLzIwMjIvMDIvMjIvMTIwMC83NjAvYjIzNTM5MGRiYmE1NDBlM2E4MzE1Yzg3ZTkzNGU4NDMuanBlZw.jpeg\",\"contentUrl\":\"https:\/\/siemysli-ke.info\/wp-content\/uploads\/2022\/03\/OTYwL3VfMS9jY183N2FiNy9wLzIwMjIvMDIvMjIvMTIwMC83NjAvYjIzNTM5MGRiYmE1NDBlM2E4MzE1Yzg3ZTkzNGU4NDMuanBlZw.jpeg\",\"width\":960,\"height\":608,\"caption\":\"epa09775769 A handout photo made available by the Office of Prime Minister of Slovenia shows Hungarian Prime Minister Viktor Orban (L) talking during the press conference with Slovenian Prime Minister Janez Jansa (R) after their meeting in Lendava, Slovenia, 21 February 2022. Prime Minister Orban is on an official visit to Slovenia. EPA\/PRIME MINISTER OFFICE HANDOUT HANDOUT EDITORIAL USE ONLY\/NO SALES Dostawca: PAP\/EPA.\"},{\"@type\":\"BreadcrumbList\",\"@id\":\"https:\/\/siemysli-ke.info\/de\/jaroslaw-kaczynski-chce-wojny-z-rosja\/#breadcrumb\",\"itemListElement\":[{\"@type\":\"ListItem\",\"position\":1,\"name\":\"Home\",\"item\":\"https:\/\/siemysli-ke.info\/de\/\"},{\"@type\":\"ListItem\",\"position\":2,\"name\":\"(Polski) Jaros\u0142aw Kaczy\u0144ski chce wojny z Rosj\u0105!\"}]},{\"@type\":\"WebSite\",\"@id\":\"https:\/\/siemysli-ke.info\/de\/#website\",\"url\":\"https:\/\/siemysli-ke.info\/de\/\",\"name\":\"SI\u0118 MY\u015aLI\",\"description\":\"\",\"publisher\":{\"@id\":\"https:\/\/siemysli-ke.info\/de\/#organization\"},\"potentialAction\":[{\"@type\":\"SearchAction\",\"target\":{\"@type\":\"EntryPoint\",\"urlTemplate\":\"https:\/\/siemysli-ke.info\/de\/?s={search_term_string}\"},\"query-input\":{\"@type\":\"PropertyValueSpecification\",\"valueRequired\":true,\"valueName\":\"search_term_string\"}}],\"inLanguage\":\"de\"},{\"@type\":\"Organization\",\"@id\":\"https:\/\/siemysli-ke.info\/de\/#organization\",\"name\":\"SI\u0118 MY\u015aLI\",\"url\":\"https:\/\/siemysli-ke.info\/de\/\",\"logo\":{\"@type\":\"ImageObject\",\"inLanguage\":\"de\",\"@id\":\"https:\/\/siemysli-ke.info\/de\/#\/schema\/logo\/image\/\",\"url\":\"https:\/\/siemysli-ke.info\/wp-content\/uploads\/2025\/05\/99.png\",\"contentUrl\":\"https:\/\/siemysli-ke.info\/wp-content\/uploads\/2025\/05\/99.png\",\"width\":270,\"height\":204,\"caption\":\"SI\u0118 MY\u015aLI\"},\"image\":{\"@id\":\"https:\/\/siemysli-ke.info\/de\/#\/schema\/logo\/image\/\"}},{\"@type\":\"Person\",\"@id\":\"https:\/\/siemysli-ke.info\/#\/schema\/person\/66d741fa745a44f2fe46d112bc6499f2\",\"name\":\"Jaromir\",\"image\":{\"@type\":\"ImageObject\",\"inLanguage\":\"de\",\"@id\":\"https:\/\/siemysli-ke.info\/de\/#\/schema\/person\/image\/\",\"url\":\"https:\/\/secure.gravatar.com\/avatar\/fe881559e8ac8dda20293e9e8317d4678c6ad8f65f85a9ce5e1a87cee56b6198?s=96&d=mm&r=g\",\"contentUrl\":\"https:\/\/secure.gravatar.com\/avatar\/fe881559e8ac8dda20293e9e8317d4678c6ad8f65f85a9ce5e1a87cee56b6198?s=96&d=mm&r=g\",\"caption\":\"Jaromir\"},\"url\":\"https:\/\/siemysli-ke.info\/de\/author\/jaromir\/\"}]}<\/script>\n<!-- \/ Yoast SEO plugin. -->","yoast_head_json":{"title":"(Polski) (Polski) Jaros\u0142aw Kaczy\u0144ski chce wojny z Rosj\u0105! - SI\u0118 MY\u015aLI","robots":{"index":"index","follow":"follow","max-snippet":"max-snippet:-1","max-image-preview":"max-image-preview:large","max-video-preview":"max-video-preview:-1"},"canonical":"https:\/\/siemysli-ke.info\/de\/jaroslaw-kaczynski-chce-wojny-z-rosja\/","og_locale":"de_DE","og_type":"article","og_title":"(Polski) (Polski) Jaros\u0142aw Kaczy\u0144ski chce wojny z Rosj\u0105! - SI\u0118 MY\u015aLI","og_description":"Leider ist der Eintrag nur auf Polski verf\u00fcgbar.","og_url":"https:\/\/siemysli-ke.info\/de\/jaroslaw-kaczynski-chce-wojny-z-rosja\/","og_site_name":"SI\u0118 MY\u015aLI","article_published_time":"2022-03-16T15:19:59+00:00","article_modified_time":"2022-04-01T21:34:18+00:00","og_image":[{"width":960,"height":608,"url":"https:\/\/siemysli-ke.info\/wp-content\/uploads\/2022\/03\/OTYwL3VfMS9jY183N2FiNy9wLzIwMjIvMDIvMjIvMTIwMC83NjAvYjIzNTM5MGRiYmE1NDBlM2E4MzE1Yzg3ZTkzNGU4NDMuanBlZw.jpeg","type":"image\/jpeg"}],"author":"Jaromir","twitter_misc":{"Verfasst von":"Jaromir","Gesch\u00e4tzte Lesezeit":"5\u00a0Minuten"},"schema":{"@context":"https:\/\/schema.org","@graph":[{"@type":"Article","@id":"https:\/\/siemysli-ke.info\/de\/jaroslaw-kaczynski-chce-wojny-z-rosja\/#article","isPartOf":{"@id":"https:\/\/siemysli-ke.info\/de\/jaroslaw-kaczynski-chce-wojny-z-rosja\/"},"author":{"name":"Jaromir","@id":"https:\/\/siemysli-ke.info\/#\/schema\/person\/66d741fa745a44f2fe46d112bc6499f2"},"headline":"(Polski) Jaros\u0142aw Kaczy\u0144ski chce wojny z Rosj\u0105!","datePublished":"2022-03-16T15:19:59+00:00","dateModified":"2022-04-01T21:34:18+00:00","mainEntityOfPage":{"@id":"https:\/\/siemysli-ke.info\/de\/jaroslaw-kaczynski-chce-wojny-z-rosja\/"},"wordCount":765,"commentCount":0,"publisher":{"@id":"https:\/\/siemysli-ke.info\/#organization"},"image":{"@id":"https:\/\/siemysli-ke.info\/de\/jaroslaw-kaczynski-chce-wojny-z-rosja\/#primaryimage"},"thumbnailUrl":"https:\/\/siemysli-ke.info\/wp-content\/uploads\/2022\/03\/OTYwL3VfMS9jY183N2FiNy9wLzIwMjIvMDIvMjIvMTIwMC83NjAvYjIzNTM5MGRiYmE1NDBlM2E4MzE1Yzg3ZTkzNGU4NDMuanBlZw.jpeg","keywords":["Marine Le Pen","Victor Orban","\u201eMarszu Pokoju\u201d"],"articleSection":["Inne"],"inLanguage":"de","potentialAction":[{"@type":"CommentAction","name":"Comment","target":["https:\/\/siemysli-ke.info\/de\/jaroslaw-kaczynski-chce-wojny-z-rosja\/#respond"]}]},{"@type":"WebPage","@id":"https:\/\/siemysli-ke.info\/de\/jaroslaw-kaczynski-chce-wojny-z-rosja\/","url":"https:\/\/siemysli-ke.info\/de\/jaroslaw-kaczynski-chce-wojny-z-rosja\/","name":"(Polski) (Polski) Jaros\u0142aw Kaczy\u0144ski chce wojny z Rosj\u0105! - SI\u0118 MY\u015aLI","isPartOf":{"@id":"https:\/\/siemysli-ke.info\/de\/#website"},"primaryImageOfPage":{"@id":"https:\/\/siemysli-ke.info\/de\/jaroslaw-kaczynski-chce-wojny-z-rosja\/#primaryimage"},"image":{"@id":"https:\/\/siemysli-ke.info\/de\/jaroslaw-kaczynski-chce-wojny-z-rosja\/#primaryimage"},"thumbnailUrl":"https:\/\/siemysli-ke.info\/wp-content\/uploads\/2022\/03\/OTYwL3VfMS9jY183N2FiNy9wLzIwMjIvMDIvMjIvMTIwMC83NjAvYjIzNTM5MGRiYmE1NDBlM2E4MzE1Yzg3ZTkzNGU4NDMuanBlZw.jpeg","datePublished":"2022-03-16T15:19:59+00:00","dateModified":"2022-04-01T21:34:18+00:00","breadcrumb":{"@id":"https:\/\/siemysli-ke.info\/de\/jaroslaw-kaczynski-chce-wojny-z-rosja\/#breadcrumb"},"inLanguage":"de","potentialAction":[{"@type":"ReadAction","target":[["https:\/\/siemysli-ke.info\/de\/jaroslaw-kaczynski-chce-wojny-z-rosja\/"]]}]},{"@type":"ImageObject","inLanguage":"de","@id":"https:\/\/siemysli-ke.info\/de\/jaroslaw-kaczynski-chce-wojny-z-rosja\/#primaryimage","url":"https:\/\/siemysli-ke.info\/wp-content\/uploads\/2022\/03\/OTYwL3VfMS9jY183N2FiNy9wLzIwMjIvMDIvMjIvMTIwMC83NjAvYjIzNTM5MGRiYmE1NDBlM2E4MzE1Yzg3ZTkzNGU4NDMuanBlZw.jpeg","contentUrl":"https:\/\/siemysli-ke.info\/wp-content\/uploads\/2022\/03\/OTYwL3VfMS9jY183N2FiNy9wLzIwMjIvMDIvMjIvMTIwMC83NjAvYjIzNTM5MGRiYmE1NDBlM2E4MzE1Yzg3ZTkzNGU4NDMuanBlZw.jpeg","width":960,"height":608,"caption":"epa09775769 A handout photo made available by the Office of Prime Minister of Slovenia shows Hungarian Prime Minister Viktor Orban (L) talking during the press conference with Slovenian Prime Minister Janez Jansa (R) after their meeting in Lendava, Slovenia, 21 February 2022. Prime Minister Orban is on an official visit to Slovenia. EPA\/PRIME MINISTER OFFICE HANDOUT HANDOUT EDITORIAL USE ONLY\/NO SALES Dostawca: PAP\/EPA."},{"@type":"BreadcrumbList","@id":"https:\/\/siemysli-ke.info\/de\/jaroslaw-kaczynski-chce-wojny-z-rosja\/#breadcrumb","itemListElement":[{"@type":"ListItem","position":1,"name":"Home","item":"https:\/\/siemysli-ke.info\/de\/"},{"@type":"ListItem","position":2,"name":"(Polski) Jaros\u0142aw Kaczy\u0144ski chce wojny z Rosj\u0105!"}]},{"@type":"WebSite","@id":"https:\/\/siemysli-ke.info\/de\/#website","url":"https:\/\/siemysli-ke.info\/de\/","name":"SI\u0118 MY\u015aLI","description":"","publisher":{"@id":"https:\/\/siemysli-ke.info\/de\/#organization"},"potentialAction":[{"@type":"SearchAction","target":{"@type":"EntryPoint","urlTemplate":"https:\/\/siemysli-ke.info\/de\/?s={search_term_string}"},"query-input":{"@type":"PropertyValueSpecification","valueRequired":true,"valueName":"search_term_string"}}],"inLanguage":"de"},{"@type":"Organization","@id":"https:\/\/siemysli-ke.info\/de\/#organization","name":"SI\u0118 MY\u015aLI","url":"https:\/\/siemysli-ke.info\/de\/","logo":{"@type":"ImageObject","inLanguage":"de","@id":"https:\/\/siemysli-ke.info\/de\/#\/schema\/logo\/image\/","url":"https:\/\/siemysli-ke.info\/wp-content\/uploads\/2025\/05\/99.png","contentUrl":"https:\/\/siemysli-ke.info\/wp-content\/uploads\/2025\/05\/99.png","width":270,"height":204,"caption":"SI\u0118 MY\u015aLI"},"image":{"@id":"https:\/\/siemysli-ke.info\/de\/#\/schema\/logo\/image\/"}},{"@type":"Person","@id":"https:\/\/siemysli-ke.info\/#\/schema\/person\/66d741fa745a44f2fe46d112bc6499f2","name":"Jaromir","image":{"@type":"ImageObject","inLanguage":"de","@id":"https:\/\/siemysli-ke.info\/de\/#\/schema\/person\/image\/","url":"https:\/\/secure.gravatar.com\/avatar\/fe881559e8ac8dda20293e9e8317d4678c6ad8f65f85a9ce5e1a87cee56b6198?s=96&d=mm&r=g","contentUrl":"https:\/\/secure.gravatar.com\/avatar\/fe881559e8ac8dda20293e9e8317d4678c6ad8f65f85a9ce5e1a87cee56b6198?s=96&d=mm&r=g","caption":"Jaromir"},"url":"https:\/\/siemysli-ke.info\/de\/author\/jaromir\/"}]}},"_links":{"self":[{"href":"https:\/\/siemysli-ke.info\/de\/wp-json\/wp\/v2\/posts\/41011","targetHints":{"allow":["GET"]}}],"collection":[{"href":"https:\/\/siemysli-ke.info\/de\/wp-json\/wp\/v2\/posts"}],"about":[{"href":"https:\/\/siemysli-ke.info\/de\/wp-json\/wp\/v2\/types\/post"}],"author":[{"embeddable":true,"href":"https:\/\/siemysli-ke.info\/de\/wp-json\/wp\/v2\/users\/7"}],"replies":[{"embeddable":true,"href":"https:\/\/siemysli-ke.info\/de\/wp-json\/wp\/v2\/comments?post=41011"}],"version-history":[{"count":0,"href":"https:\/\/siemysli-ke.info\/de\/wp-json\/wp\/v2\/posts\/41011\/revisions"}],"wp:featuredmedia":[{"embeddable":true,"href":"https:\/\/siemysli-ke.info\/de\/wp-json\/wp\/v2\/media\/41013"}],"wp:attachment":[{"href":"https:\/\/siemysli-ke.info\/de\/wp-json\/wp\/v2\/media?parent=41011"}],"wp:term":[{"taxonomy":"category","embeddable":true,"href":"https:\/\/siemysli-ke.info\/de\/wp-json\/wp\/v2\/categories?post=41011"},{"taxonomy":"post_tag","embeddable":true,"href":"https:\/\/siemysli-ke.info\/de\/wp-json\/wp\/v2\/tags?post=41011"}],"curies":[{"name":"wp","href":"https:\/\/api.w.org\/{rel}","templated":true}]}}