 {"id":38648,"date":"2021-03-04T15:35:27","date_gmt":"2021-03-04T14:35:27","guid":{"rendered":"https:\/\/www.siemysli.info.ke\/?p=38648"},"modified":"2021-03-04T15:37:10","modified_gmt":"2021-03-04T14:37:10","slug":"filozofia-dekalogu-uniwersalizm-i-styl","status":"publish","type":"post","link":"https:\/\/siemysli-ke.info\/de\/filozofia-dekalogu-uniwersalizm-i-styl\/","title":{"rendered":"(Polski) Filozofia Dekalogu: uniwersalizm i styl"},"content":{"rendered":"<p class=\"qtranxs-available-languages-message qtranxs-available-languages-message-de\">Leider ist der Eintrag nur auf <a href=\"https:\/\/siemysli-ke.info\/pl\/wp-json\/wp\/v2\/posts\/38648\" class=\"qtranxs-available-language-link qtranxs-available-language-link-pl\" title=\"Polski\">Polski<\/a> verf\u00fcgbar.<\/p>","protected":false},"excerpt":{"rendered":"<p>Leider ist der Eintrag nur auf Polski verf\u00fcgbar.<\/p>\n","protected":false},"author":3,"featured_media":38649,"comment_status":"open","ping_status":"open","sticky":false,"template":"","format":"standard","meta":{"colormag_page_layout":"default_layout","footnotes":""},"categories":[3,17743],"tags":[21269,464,21270,21271,21272,11689,21268,21267,21266,9242,12892],"class_list":["post-38648","post","type-post","status-publish","format-standard","has-post-thumbnail","hentry","category-kultura","category-polecane","tag-dekalog-jedyne-prawo-wolnosci","tag-andrzej-filus","tag-bolaczki-epoki","tag-czarujaca-blyskotka-mody-naukowej","tag-faszystowska-operacja-wojenna-covid-1984","tag-imponderabilia","tag-nieredukowalnosc-dekalogu","tag-perspektywa-czasowa","tag-pelny-rozwoj-osobowy","tag-prawa-czlowieka","tag-wartosci-ewangeliczne"],"yoast_head":"<!-- This site is optimized with the Yoast SEO plugin v25.1 - https:\/\/yoast.com\/wordpress\/plugins\/seo\/ -->\n<title>(Polski) Filozofia Dekalogu: uniwersalizm i styl - SI\u0118 MY\u015aLI<\/title>\n<meta name=\"robots\" content=\"index, follow, max-snippet:-1, max-image-preview:large, max-video-preview:-1\" \/>\n<link rel=\"canonical\" href=\"https:\/\/siemysli-ke.info\/de\/filozofia-dekalogu-uniwersalizm-i-styl\/\" \/>\n<meta property=\"og:locale\" content=\"de_DE\" \/>\n<meta property=\"og:type\" content=\"article\" \/>\n<meta property=\"og:title\" content=\"(Polski) Filozofia Dekalogu: uniwersalizm i styl - SI\u0118 MY\u015aLI\" \/>\n<meta property=\"og:description\" content=\"Leider ist der Eintrag nur auf Polski verf\u00fcgbar.\" \/>\n<meta property=\"og:url\" content=\"https:\/\/siemysli-ke.info\/de\/filozofia-dekalogu-uniwersalizm-i-styl\/\" \/>\n<meta property=\"og:site_name\" content=\"SI\u0118 MY\u015aLI\" \/>\n<meta property=\"article:published_time\" content=\"2021-03-04T14:35:27+00:00\" \/>\n<meta property=\"article:modified_time\" content=\"2021-03-04T14:37:10+00:00\" \/>\n<meta property=\"og:image\" content=\"https:\/\/siemysli-ke.info\/wp-content\/uploads\/2021\/03\/galaxy.jpg\" \/>\n\t<meta property=\"og:image:width\" content=\"640\" \/>\n\t<meta property=\"og:image:height\" content=\"400\" \/>\n\t<meta property=\"og:image:type\" content=\"image\/jpeg\" \/>\n<meta name=\"author\" content=\"...\" \/>\n<meta name=\"twitter:label1\" content=\"Verfasst von\" \/>\n\t<meta name=\"twitter:data1\" content=\"...\" \/>\n\t<meta name=\"twitter:label2\" content=\"Gesch\u00e4tzte Lesezeit\" \/>\n\t<meta name=\"twitter:data2\" content=\"5\u00a0Minuten\" \/>\n<script type=\"application\/ld+json\" class=\"yoast-schema-graph\">{\"@context\":\"https:\/\/schema.org\",\"@graph\":[{\"@type\":\"Article\",\"@id\":\"https:\/\/siemysli-ke.info\/de\/filozofia-dekalogu-uniwersalizm-i-styl\/#article\",\"isPartOf\":{\"@id\":\"https:\/\/siemysli-ke.info\/de\/filozofia-dekalogu-uniwersalizm-i-styl\/\"},\"author\":{\"name\":\"...\",\"@id\":\"https:\/\/siemysli-ke.info\/#\/schema\/person\/75326687448d6abf738b156f56385210\"},\"headline\":\"(Polski) Filozofia Dekalogu: uniwersalizm i styl\",\"datePublished\":\"2021-03-04T14:35:27+00:00\",\"dateModified\":\"2021-03-04T14:37:10+00:00\",\"mainEntityOfPage\":{\"@id\":\"https:\/\/siemysli-ke.info\/de\/filozofia-dekalogu-uniwersalizm-i-styl\/\"},\"wordCount\":1076,\"commentCount\":0,\"publisher\":{\"@id\":\"https:\/\/siemysli-ke.info\/#organization\"},\"image\":{\"@id\":\"https:\/\/siemysli-ke.info\/de\/filozofia-dekalogu-uniwersalizm-i-styl\/#primaryimage\"},\"thumbnailUrl\":\"https:\/\/siemysli-ke.info\/wp-content\/uploads\/2021\/03\/galaxy.jpg\",\"keywords\":[\"\\\"Dekalog\\\" - jedyne Prawo Wolno\u015bci\",\"Andrzej Filus\",\"bol\u0105czki epoki\",\"czaruj\u0105ca b\u0142yskotka mody naukowej\",\"faszystowska operacja wojenna Covid 1984\",\"imponderabilia\",\"nieredukowalno\u015b\u0107 \\\"Dekalogu\\\"\",\"perspektywa czasowa\",\"pe\u0142ny rozw\u00f3j osobowy\",\"prawa cz\u0142owieka\",\"warto\u015bci ewangeliczne\"],\"articleSection\":[\"Kultura\",\"Polecane\"],\"inLanguage\":\"de\",\"potentialAction\":[{\"@type\":\"CommentAction\",\"name\":\"Comment\",\"target\":[\"https:\/\/siemysli-ke.info\/de\/filozofia-dekalogu-uniwersalizm-i-styl\/#respond\"]}]},{\"@type\":\"WebPage\",\"@id\":\"https:\/\/siemysli-ke.info\/de\/filozofia-dekalogu-uniwersalizm-i-styl\/\",\"url\":\"https:\/\/siemysli-ke.info\/de\/filozofia-dekalogu-uniwersalizm-i-styl\/\",\"name\":\"(Polski) Filozofia Dekalogu: uniwersalizm i styl - SI\u0118 MY\u015aLI\",\"isPartOf\":{\"@id\":\"https:\/\/siemysli-ke.info\/de\/#website\"},\"primaryImageOfPage\":{\"@id\":\"https:\/\/siemysli-ke.info\/de\/filozofia-dekalogu-uniwersalizm-i-styl\/#primaryimage\"},\"image\":{\"@id\":\"https:\/\/siemysli-ke.info\/de\/filozofia-dekalogu-uniwersalizm-i-styl\/#primaryimage\"},\"thumbnailUrl\":\"https:\/\/siemysli-ke.info\/wp-content\/uploads\/2021\/03\/galaxy.jpg\",\"datePublished\":\"2021-03-04T14:35:27+00:00\",\"dateModified\":\"2021-03-04T14:37:10+00:00\",\"breadcrumb\":{\"@id\":\"https:\/\/siemysli-ke.info\/de\/filozofia-dekalogu-uniwersalizm-i-styl\/#breadcrumb\"},\"inLanguage\":\"de\",\"potentialAction\":[{\"@type\":\"ReadAction\",\"target\":[[\"https:\/\/siemysli-ke.info\/de\/filozofia-dekalogu-uniwersalizm-i-styl\/\"]]}]},{\"@type\":\"ImageObject\",\"inLanguage\":\"de\",\"@id\":\"https:\/\/siemysli-ke.info\/de\/filozofia-dekalogu-uniwersalizm-i-styl\/#primaryimage\",\"url\":\"https:\/\/siemysli-ke.info\/wp-content\/uploads\/2021\/03\/galaxy.jpg\",\"contentUrl\":\"https:\/\/siemysli-ke.info\/wp-content\/uploads\/2021\/03\/galaxy.jpg\",\"width\":640,\"height\":400},{\"@type\":\"BreadcrumbList\",\"@id\":\"https:\/\/siemysli-ke.info\/de\/filozofia-dekalogu-uniwersalizm-i-styl\/#breadcrumb\",\"itemListElement\":[{\"@type\":\"ListItem\",\"position\":1,\"name\":\"Home\",\"item\":\"https:\/\/siemysli-ke.info\/de\/\"},{\"@type\":\"ListItem\",\"position\":2,\"name\":\"(Polski) Filozofia Dekalogu: uniwersalizm i styl\"}]},{\"@type\":\"WebSite\",\"@id\":\"https:\/\/siemysli-ke.info\/de\/#website\",\"url\":\"https:\/\/siemysli-ke.info\/de\/\",\"name\":\"SI\u0118 MY\u015aLI\",\"description\":\"\",\"publisher\":{\"@id\":\"https:\/\/siemysli-ke.info\/de\/#organization\"},\"potentialAction\":[{\"@type\":\"SearchAction\",\"target\":{\"@type\":\"EntryPoint\",\"urlTemplate\":\"https:\/\/siemysli-ke.info\/de\/?s={search_term_string}\"},\"query-input\":{\"@type\":\"PropertyValueSpecification\",\"valueRequired\":true,\"valueName\":\"search_term_string\"}}],\"inLanguage\":\"de\"},{\"@type\":\"Organization\",\"@id\":\"https:\/\/siemysli-ke.info\/de\/#organization\",\"name\":\"SI\u0118 MY\u015aLI\",\"url\":\"https:\/\/siemysli-ke.info\/de\/\",\"logo\":{\"@type\":\"ImageObject\",\"inLanguage\":\"de\",\"@id\":\"https:\/\/siemysli-ke.info\/de\/#\/schema\/logo\/image\/\",\"url\":\"https:\/\/siemysli-ke.info\/wp-content\/uploads\/2025\/05\/99.png\",\"contentUrl\":\"https:\/\/siemysli-ke.info\/wp-content\/uploads\/2025\/05\/99.png\",\"width\":270,\"height\":204,\"caption\":\"SI\u0118 MY\u015aLI\"},\"image\":{\"@id\":\"https:\/\/siemysli-ke.info\/de\/#\/schema\/logo\/image\/\"}},{\"@type\":\"Person\",\"@id\":\"https:\/\/siemysli-ke.info\/#\/schema\/person\/75326687448d6abf738b156f56385210\",\"name\":\"...\",\"image\":{\"@type\":\"ImageObject\",\"inLanguage\":\"de\",\"@id\":\"https:\/\/siemysli-ke.info\/de\/#\/schema\/person\/image\/\",\"url\":\"https:\/\/secure.gravatar.com\/avatar\/33a3c2559155e1b4add65cf88cafda785aeb920f44b97c7055b07866ab5b13c2?s=96&d=mm&r=g\",\"contentUrl\":\"https:\/\/secure.gravatar.com\/avatar\/33a3c2559155e1b4add65cf88cafda785aeb920f44b97c7055b07866ab5b13c2?s=96&d=mm&r=g\",\"caption\":\"...\"},\"url\":\"https:\/\/siemysli-ke.info\/de\/author\/lele\/\"}]}<\/script>\n<!-- \/ Yoast SEO plugin. -->","yoast_head_json":{"title":"(Polski) Filozofia Dekalogu: uniwersalizm i styl - SI\u0118 MY\u015aLI","robots":{"index":"index","follow":"follow","max-snippet":"max-snippet:-1","max-image-preview":"max-image-preview:large","max-video-preview":"max-video-preview:-1"},"canonical":"https:\/\/siemysli-ke.info\/de\/filozofia-dekalogu-uniwersalizm-i-styl\/","og_locale":"de_DE","og_type":"article","og_title":"(Polski) Filozofia Dekalogu: uniwersalizm i styl - SI\u0118 MY\u015aLI","og_description":"Leider ist der Eintrag nur auf Polski verf\u00fcgbar.","og_url":"https:\/\/siemysli-ke.info\/de\/filozofia-dekalogu-uniwersalizm-i-styl\/","og_site_name":"SI\u0118 MY\u015aLI","article_published_time":"2021-03-04T14:35:27+00:00","article_modified_time":"2021-03-04T14:37:10+00:00","og_image":[{"width":640,"height":400,"url":"https:\/\/siemysli-ke.info\/wp-content\/uploads\/2021\/03\/galaxy.jpg","type":"image\/jpeg"}],"author":"...","twitter_misc":{"Verfasst von":"...","Gesch\u00e4tzte Lesezeit":"5\u00a0Minuten"},"schema":{"@context":"https:\/\/schema.org","@graph":[{"@type":"Article","@id":"https:\/\/siemysli-ke.info\/de\/filozofia-dekalogu-uniwersalizm-i-styl\/#article","isPartOf":{"@id":"https:\/\/siemysli-ke.info\/de\/filozofia-dekalogu-uniwersalizm-i-styl\/"},"author":{"name":"...","@id":"https:\/\/siemysli-ke.info\/#\/schema\/person\/75326687448d6abf738b156f56385210"},"headline":"(Polski) Filozofia Dekalogu: uniwersalizm i styl","datePublished":"2021-03-04T14:35:27+00:00","dateModified":"2021-03-04T14:37:10+00:00","mainEntityOfPage":{"@id":"https:\/\/siemysli-ke.info\/de\/filozofia-dekalogu-uniwersalizm-i-styl\/"},"wordCount":1076,"commentCount":0,"publisher":{"@id":"https:\/\/siemysli-ke.info\/#organization"},"image":{"@id":"https:\/\/siemysli-ke.info\/de\/filozofia-dekalogu-uniwersalizm-i-styl\/#primaryimage"},"thumbnailUrl":"https:\/\/siemysli-ke.info\/wp-content\/uploads\/2021\/03\/galaxy.jpg","keywords":["\"Dekalog\" - jedyne Prawo Wolno\u015bci","Andrzej Filus","bol\u0105czki epoki","czaruj\u0105ca b\u0142yskotka mody naukowej","faszystowska operacja wojenna Covid 1984","imponderabilia","nieredukowalno\u015b\u0107 \"Dekalogu\"","perspektywa czasowa","pe\u0142ny rozw\u00f3j osobowy","prawa cz\u0142owieka","warto\u015bci ewangeliczne"],"articleSection":["Kultura","Polecane"],"inLanguage":"de","potentialAction":[{"@type":"CommentAction","name":"Comment","target":["https:\/\/siemysli-ke.info\/de\/filozofia-dekalogu-uniwersalizm-i-styl\/#respond"]}]},{"@type":"WebPage","@id":"https:\/\/siemysli-ke.info\/de\/filozofia-dekalogu-uniwersalizm-i-styl\/","url":"https:\/\/siemysli-ke.info\/de\/filozofia-dekalogu-uniwersalizm-i-styl\/","name":"(Polski) Filozofia Dekalogu: uniwersalizm i styl - SI\u0118 MY\u015aLI","isPartOf":{"@id":"https:\/\/siemysli-ke.info\/de\/#website"},"primaryImageOfPage":{"@id":"https:\/\/siemysli-ke.info\/de\/filozofia-dekalogu-uniwersalizm-i-styl\/#primaryimage"},"image":{"@id":"https:\/\/siemysli-ke.info\/de\/filozofia-dekalogu-uniwersalizm-i-styl\/#primaryimage"},"thumbnailUrl":"https:\/\/siemysli-ke.info\/wp-content\/uploads\/2021\/03\/galaxy.jpg","datePublished":"2021-03-04T14:35:27+00:00","dateModified":"2021-03-04T14:37:10+00:00","breadcrumb":{"@id":"https:\/\/siemysli-ke.info\/de\/filozofia-dekalogu-uniwersalizm-i-styl\/#breadcrumb"},"inLanguage":"de","potentialAction":[{"@type":"ReadAction","target":[["https:\/\/siemysli-ke.info\/de\/filozofia-dekalogu-uniwersalizm-i-styl\/"]]}]},{"@type":"ImageObject","inLanguage":"de","@id":"https:\/\/siemysli-ke.info\/de\/filozofia-dekalogu-uniwersalizm-i-styl\/#primaryimage","url":"https:\/\/siemysli-ke.info\/wp-content\/uploads\/2021\/03\/galaxy.jpg","contentUrl":"https:\/\/siemysli-ke.info\/wp-content\/uploads\/2021\/03\/galaxy.jpg","width":640,"height":400},{"@type":"BreadcrumbList","@id":"https:\/\/siemysli-ke.info\/de\/filozofia-dekalogu-uniwersalizm-i-styl\/#breadcrumb","itemListElement":[{"@type":"ListItem","position":1,"name":"Home","item":"https:\/\/siemysli-ke.info\/de\/"},{"@type":"ListItem","position":2,"name":"(Polski) Filozofia Dekalogu: uniwersalizm i styl"}]},{"@type":"WebSite","@id":"https:\/\/siemysli-ke.info\/de\/#website","url":"https:\/\/siemysli-ke.info\/de\/","name":"SI\u0118 MY\u015aLI","description":"","publisher":{"@id":"https:\/\/siemysli-ke.info\/de\/#organization"},"potentialAction":[{"@type":"SearchAction","target":{"@type":"EntryPoint","urlTemplate":"https:\/\/siemysli-ke.info\/de\/?s={search_term_string}"},"query-input":{"@type":"PropertyValueSpecification","valueRequired":true,"valueName":"search_term_string"}}],"inLanguage":"de"},{"@type":"Organization","@id":"https:\/\/siemysli-ke.info\/de\/#organization","name":"SI\u0118 MY\u015aLI","url":"https:\/\/siemysli-ke.info\/de\/","logo":{"@type":"ImageObject","inLanguage":"de","@id":"https:\/\/siemysli-ke.info\/de\/#\/schema\/logo\/image\/","url":"https:\/\/siemysli-ke.info\/wp-content\/uploads\/2025\/05\/99.png","contentUrl":"https:\/\/siemysli-ke.info\/wp-content\/uploads\/2025\/05\/99.png","width":270,"height":204,"caption":"SI\u0118 MY\u015aLI"},"image":{"@id":"https:\/\/siemysli-ke.info\/de\/#\/schema\/logo\/image\/"}},{"@type":"Person","@id":"https:\/\/siemysli-ke.info\/#\/schema\/person\/75326687448d6abf738b156f56385210","name":"...","image":{"@type":"ImageObject","inLanguage":"de","@id":"https:\/\/siemysli-ke.info\/de\/#\/schema\/person\/image\/","url":"https:\/\/secure.gravatar.com\/avatar\/33a3c2559155e1b4add65cf88cafda785aeb920f44b97c7055b07866ab5b13c2?s=96&d=mm&r=g","contentUrl":"https:\/\/secure.gravatar.com\/avatar\/33a3c2559155e1b4add65cf88cafda785aeb920f44b97c7055b07866ab5b13c2?s=96&d=mm&r=g","caption":"..."},"url":"https:\/\/siemysli-ke.info\/de\/author\/lele\/"}]}},"_links":{"self":[{"href":"https:\/\/siemysli-ke.info\/de\/wp-json\/wp\/v2\/posts\/38648","targetHints":{"allow":["GET"]}}],"collection":[{"href":"https:\/\/siemysli-ke.info\/de\/wp-json\/wp\/v2\/posts"}],"about":[{"href":"https:\/\/siemysli-ke.info\/de\/wp-json\/wp\/v2\/types\/post"}],"author":[{"embeddable":true,"href":"https:\/\/siemysli-ke.info\/de\/wp-json\/wp\/v2\/users\/3"}],"replies":[{"embeddable":true,"href":"https:\/\/siemysli-ke.info\/de\/wp-json\/wp\/v2\/comments?post=38648"}],"version-history":[{"count":0,"href":"https:\/\/siemysli-ke.info\/de\/wp-json\/wp\/v2\/posts\/38648\/revisions"}],"wp:featuredmedia":[{"embeddable":true,"href":"https:\/\/siemysli-ke.info\/de\/wp-json\/wp\/v2\/media\/38649"}],"wp:attachment":[{"href":"https:\/\/siemysli-ke.info\/de\/wp-json\/wp\/v2\/media?parent=38648"}],"wp:term":[{"taxonomy":"category","embeddable":true,"href":"https:\/\/siemysli-ke.info\/de\/wp-json\/wp\/v2\/categories?post=38648"},{"taxonomy":"post_tag","embeddable":true,"href":"https:\/\/siemysli-ke.info\/de\/wp-json\/wp\/v2\/tags?post=38648"}],"curies":[{"name":"wp","href":"https:\/\/api.w.org\/{rel}","templated":true}]}}