 {"id":36601,"date":"2020-07-20T13:13:39","date_gmt":"2020-07-20T11:13:39","guid":{"rendered":"https:\/\/www.siemysli.info.ke\/?p=36601"},"modified":"2020-07-20T13:14:44","modified_gmt":"2020-07-20T11:14:44","slug":"wojna-libia-starcie-imperiow-w-ramach-nowego-porzadku-swiatowego-2","status":"publish","type":"post","link":"https:\/\/siemysli-ke.info\/de\/wojna-libia-starcie-imperiow-w-ramach-nowego-porzadku-swiatowego-2\/","title":{"rendered":"(Polski) Wojna?! Libia &#8211; starcie imperi\u00f3w w ramach nowego porz\u0105dku \u015bwiatowego (2)"},"content":{"rendered":"<p class=\"qtranxs-available-languages-message qtranxs-available-languages-message-de\">Leider ist der Eintrag nur auf <a href=\"https:\/\/siemysli-ke.info\/pl\/wp-json\/wp\/v2\/posts\/36601\" class=\"qtranxs-available-language-link qtranxs-available-language-link-pl\" title=\"Polski\">Polski<\/a> verf\u00fcgbar.<\/p>","protected":false},"excerpt":{"rendered":"<p>Leider ist der Eintrag nur auf Polski verf\u00fcgbar.<\/p>\n","protected":false},"author":3,"featured_media":36602,"comment_status":"open","ping_status":"open","sticky":false,"template":"","format":"standard","meta":{"colormag_page_layout":"default_layout","footnotes":""},"categories":[6,17742],"tags":[18573,464,4671,18572,4634,8700,15671,12495,285,18574,18575,13830,18576,259,1896,3090],"class_list":["post-36601","post","type-post","status-publish","format-standard","has-post-thumbnail","hentry","category-ue","category-wyroznione","tag-agnes-von-der-muhll","tag-andrzej-filus","tag-ankara","tag-chalifa-haftar","tag-egipt","tag-emmanuel-macron","tag-heiko-maas","tag-jens-stoltenberg","tag-libia","tag-libia-rzadowe-porozumienie-narodowe-gna","tag-libijska-armia-narodowa-lna","tag-mevlut-cavusoglu","tag-operacja-irini","tag-rosja","tag-siergiej-lawrow","tag-zjednoczone-emiraty-arabskie"],"yoast_head":"<!-- This site is optimized with the Yoast SEO plugin v25.1 - https:\/\/yoast.com\/wordpress\/plugins\/seo\/ -->\n<title>(Polski) Wojna?! Libia - starcie imperi\u00f3w w ramach nowego porz\u0105dku \u015bwiatowego (2)  - SI\u0118 MY\u015aLI<\/title>\n<meta name=\"robots\" content=\"index, follow, max-snippet:-1, max-image-preview:large, max-video-preview:-1\" \/>\n<link rel=\"canonical\" href=\"https:\/\/siemysli-ke.info\/de\/wojna-libia-starcie-imperiow-w-ramach-nowego-porzadku-swiatowego-2\/\" \/>\n<meta property=\"og:locale\" content=\"de_DE\" \/>\n<meta property=\"og:type\" content=\"article\" \/>\n<meta property=\"og:title\" content=\"(Polski) Wojna?! Libia - starcie imperi\u00f3w w ramach nowego porz\u0105dku \u015bwiatowego (2)  - SI\u0118 MY\u015aLI\" \/>\n<meta property=\"og:description\" content=\"Leider ist der Eintrag nur auf Polski verf\u00fcgbar.\" \/>\n<meta property=\"og:url\" content=\"https:\/\/siemysli-ke.info\/de\/wojna-libia-starcie-imperiow-w-ramach-nowego-porzadku-swiatowego-2\/\" \/>\n<meta property=\"og:site_name\" content=\"SI\u0118 MY\u015aLI\" \/>\n<meta property=\"article:published_time\" content=\"2020-07-20T11:13:39+00:00\" \/>\n<meta property=\"article:modified_time\" content=\"2020-07-20T11:14:44+00:00\" \/>\n<meta property=\"og:image\" content=\"https:\/\/siemysli-ke.info\/wp-content\/uploads\/2020\/07\/TURCJA4.jpeg\" \/>\n\t<meta property=\"og:image:width\" content=\"1030\" \/>\n\t<meta property=\"og:image:height\" content=\"438\" \/>\n\t<meta property=\"og:image:type\" content=\"image\/jpeg\" \/>\n<meta name=\"author\" content=\"...\" \/>\n<meta name=\"twitter:label1\" content=\"Verfasst von\" \/>\n\t<meta name=\"twitter:data1\" content=\"...\" \/>\n\t<meta name=\"twitter:label2\" content=\"Gesch\u00e4tzte Lesezeit\" \/>\n\t<meta name=\"twitter:data2\" content=\"6\u00a0Minuten\" \/>\n<script type=\"application\/ld+json\" class=\"yoast-schema-graph\">{\"@context\":\"https:\/\/schema.org\",\"@graph\":[{\"@type\":\"Article\",\"@id\":\"https:\/\/siemysli-ke.info\/de\/wojna-libia-starcie-imperiow-w-ramach-nowego-porzadku-swiatowego-2\/#article\",\"isPartOf\":{\"@id\":\"https:\/\/siemysli-ke.info\/de\/wojna-libia-starcie-imperiow-w-ramach-nowego-porzadku-swiatowego-2\/\"},\"author\":{\"name\":\"...\",\"@id\":\"https:\/\/siemysli-ke.info\/#\/schema\/person\/75326687448d6abf738b156f56385210\"},\"headline\":\"(Polski) Wojna?! Libia &#8211; starcie imperi\u00f3w w ramach nowego porz\u0105dku \u015bwiatowego (2)\",\"datePublished\":\"2020-07-20T11:13:39+00:00\",\"dateModified\":\"2020-07-20T11:14:44+00:00\",\"mainEntityOfPage\":{\"@id\":\"https:\/\/siemysli-ke.info\/de\/wojna-libia-starcie-imperiow-w-ramach-nowego-porzadku-swiatowego-2\/\"},\"wordCount\":1246,\"commentCount\":0,\"publisher\":{\"@id\":\"https:\/\/siemysli-ke.info\/#organization\"},\"image\":{\"@id\":\"https:\/\/siemysli-ke.info\/de\/wojna-libia-starcie-imperiow-w-ramach-nowego-porzadku-swiatowego-2\/#primaryimage\"},\"thumbnailUrl\":\"https:\/\/siemysli-ke.info\/wp-content\/uploads\/2020\/07\/TURCJA4.jpeg\",\"keywords\":[\"Agnes von der M\u00fchll\",\"Andrzej Filus\",\"Ankara\",\"Chalifa Haftar\",\"Egipt\",\"Emmanuel Macron\",\"Heiko Maas\",\"Jens Stoltenberg\",\"Libia\",\"Libia - Rz\u0105dowe Porozumienie Narodowe (GNA)\",\"Libijska Armia Narodowa (LNA)\",\"Mevl\u00fct \u00c7avu\u015fo\u011flu\",\"operacja \\\"Irini\\\"\",\"Rosja\",\"Siergiej \u0141awrow\",\"Zjednoczone Emiraty Arabskie\"],\"articleSection\":[\"Unia Europejska\",\"wyroznione\"],\"inLanguage\":\"de\",\"potentialAction\":[{\"@type\":\"CommentAction\",\"name\":\"Comment\",\"target\":[\"https:\/\/siemysli-ke.info\/de\/wojna-libia-starcie-imperiow-w-ramach-nowego-porzadku-swiatowego-2\/#respond\"]}]},{\"@type\":\"WebPage\",\"@id\":\"https:\/\/siemysli-ke.info\/de\/wojna-libia-starcie-imperiow-w-ramach-nowego-porzadku-swiatowego-2\/\",\"url\":\"https:\/\/siemysli-ke.info\/de\/wojna-libia-starcie-imperiow-w-ramach-nowego-porzadku-swiatowego-2\/\",\"name\":\"(Polski) Wojna?! Libia - starcie imperi\u00f3w w ramach nowego porz\u0105dku \u015bwiatowego (2)  - SI\u0118 MY\u015aLI\",\"isPartOf\":{\"@id\":\"https:\/\/siemysli-ke.info\/de\/#website\"},\"primaryImageOfPage\":{\"@id\":\"https:\/\/siemysli-ke.info\/de\/wojna-libia-starcie-imperiow-w-ramach-nowego-porzadku-swiatowego-2\/#primaryimage\"},\"image\":{\"@id\":\"https:\/\/siemysli-ke.info\/de\/wojna-libia-starcie-imperiow-w-ramach-nowego-porzadku-swiatowego-2\/#primaryimage\"},\"thumbnailUrl\":\"https:\/\/siemysli-ke.info\/wp-content\/uploads\/2020\/07\/TURCJA4.jpeg\",\"datePublished\":\"2020-07-20T11:13:39+00:00\",\"dateModified\":\"2020-07-20T11:14:44+00:00\",\"breadcrumb\":{\"@id\":\"https:\/\/siemysli-ke.info\/de\/wojna-libia-starcie-imperiow-w-ramach-nowego-porzadku-swiatowego-2\/#breadcrumb\"},\"inLanguage\":\"de\",\"potentialAction\":[{\"@type\":\"ReadAction\",\"target\":[[\"https:\/\/siemysli-ke.info\/de\/wojna-libia-starcie-imperiow-w-ramach-nowego-porzadku-swiatowego-2\/\"]]}]},{\"@type\":\"ImageObject\",\"inLanguage\":\"de\",\"@id\":\"https:\/\/siemysli-ke.info\/de\/wojna-libia-starcie-imperiow-w-ramach-nowego-porzadku-swiatowego-2\/#primaryimage\",\"url\":\"https:\/\/siemysli-ke.info\/wp-content\/uploads\/2020\/07\/TURCJA4.jpeg\",\"contentUrl\":\"https:\/\/siemysli-ke.info\/wp-content\/uploads\/2020\/07\/TURCJA4.jpeg\",\"width\":1030,\"height\":438},{\"@type\":\"BreadcrumbList\",\"@id\":\"https:\/\/siemysli-ke.info\/de\/wojna-libia-starcie-imperiow-w-ramach-nowego-porzadku-swiatowego-2\/#breadcrumb\",\"itemListElement\":[{\"@type\":\"ListItem\",\"position\":1,\"name\":\"Home\",\"item\":\"https:\/\/siemysli-ke.info\/de\/\"},{\"@type\":\"ListItem\",\"position\":2,\"name\":\"(Polski) Wojna?! Libia &#8211; starcie imperi\u00f3w w ramach nowego porz\u0105dku \u015bwiatowego (2)\"}]},{\"@type\":\"WebSite\",\"@id\":\"https:\/\/siemysli-ke.info\/de\/#website\",\"url\":\"https:\/\/siemysli-ke.info\/de\/\",\"name\":\"SI\u0118 MY\u015aLI\",\"description\":\"\",\"publisher\":{\"@id\":\"https:\/\/siemysli-ke.info\/de\/#organization\"},\"potentialAction\":[{\"@type\":\"SearchAction\",\"target\":{\"@type\":\"EntryPoint\",\"urlTemplate\":\"https:\/\/siemysli-ke.info\/de\/?s={search_term_string}\"},\"query-input\":{\"@type\":\"PropertyValueSpecification\",\"valueRequired\":true,\"valueName\":\"search_term_string\"}}],\"inLanguage\":\"de\"},{\"@type\":\"Organization\",\"@id\":\"https:\/\/siemysli-ke.info\/de\/#organization\",\"name\":\"SI\u0118 MY\u015aLI\",\"url\":\"https:\/\/siemysli-ke.info\/de\/\",\"logo\":{\"@type\":\"ImageObject\",\"inLanguage\":\"de\",\"@id\":\"https:\/\/siemysli-ke.info\/de\/#\/schema\/logo\/image\/\",\"url\":\"https:\/\/siemysli-ke.info\/wp-content\/uploads\/2025\/05\/99.png\",\"contentUrl\":\"https:\/\/siemysli-ke.info\/wp-content\/uploads\/2025\/05\/99.png\",\"width\":270,\"height\":204,\"caption\":\"SI\u0118 MY\u015aLI\"},\"image\":{\"@id\":\"https:\/\/siemysli-ke.info\/de\/#\/schema\/logo\/image\/\"}},{\"@type\":\"Person\",\"@id\":\"https:\/\/siemysli-ke.info\/#\/schema\/person\/75326687448d6abf738b156f56385210\",\"name\":\"...\",\"image\":{\"@type\":\"ImageObject\",\"inLanguage\":\"de\",\"@id\":\"https:\/\/siemysli-ke.info\/de\/#\/schema\/person\/image\/\",\"url\":\"https:\/\/secure.gravatar.com\/avatar\/33a3c2559155e1b4add65cf88cafda785aeb920f44b97c7055b07866ab5b13c2?s=96&d=mm&r=g\",\"contentUrl\":\"https:\/\/secure.gravatar.com\/avatar\/33a3c2559155e1b4add65cf88cafda785aeb920f44b97c7055b07866ab5b13c2?s=96&d=mm&r=g\",\"caption\":\"...\"},\"url\":\"https:\/\/siemysli-ke.info\/de\/author\/lele\/\"}]}<\/script>\n<!-- \/ Yoast SEO plugin. -->","yoast_head_json":{"title":"(Polski) Wojna?! Libia - starcie imperi\u00f3w w ramach nowego porz\u0105dku \u015bwiatowego (2)  - SI\u0118 MY\u015aLI","robots":{"index":"index","follow":"follow","max-snippet":"max-snippet:-1","max-image-preview":"max-image-preview:large","max-video-preview":"max-video-preview:-1"},"canonical":"https:\/\/siemysli-ke.info\/de\/wojna-libia-starcie-imperiow-w-ramach-nowego-porzadku-swiatowego-2\/","og_locale":"de_DE","og_type":"article","og_title":"(Polski) Wojna?! Libia - starcie imperi\u00f3w w ramach nowego porz\u0105dku \u015bwiatowego (2)  - SI\u0118 MY\u015aLI","og_description":"Leider ist der Eintrag nur auf Polski verf\u00fcgbar.","og_url":"https:\/\/siemysli-ke.info\/de\/wojna-libia-starcie-imperiow-w-ramach-nowego-porzadku-swiatowego-2\/","og_site_name":"SI\u0118 MY\u015aLI","article_published_time":"2020-07-20T11:13:39+00:00","article_modified_time":"2020-07-20T11:14:44+00:00","og_image":[{"width":1030,"height":438,"url":"https:\/\/siemysli-ke.info\/wp-content\/uploads\/2020\/07\/TURCJA4.jpeg","type":"image\/jpeg"}],"author":"...","twitter_misc":{"Verfasst von":"...","Gesch\u00e4tzte Lesezeit":"6\u00a0Minuten"},"schema":{"@context":"https:\/\/schema.org","@graph":[{"@type":"Article","@id":"https:\/\/siemysli-ke.info\/de\/wojna-libia-starcie-imperiow-w-ramach-nowego-porzadku-swiatowego-2\/#article","isPartOf":{"@id":"https:\/\/siemysli-ke.info\/de\/wojna-libia-starcie-imperiow-w-ramach-nowego-porzadku-swiatowego-2\/"},"author":{"name":"...","@id":"https:\/\/siemysli-ke.info\/#\/schema\/person\/75326687448d6abf738b156f56385210"},"headline":"(Polski) Wojna?! Libia &#8211; starcie imperi\u00f3w w ramach nowego porz\u0105dku \u015bwiatowego (2)","datePublished":"2020-07-20T11:13:39+00:00","dateModified":"2020-07-20T11:14:44+00:00","mainEntityOfPage":{"@id":"https:\/\/siemysli-ke.info\/de\/wojna-libia-starcie-imperiow-w-ramach-nowego-porzadku-swiatowego-2\/"},"wordCount":1246,"commentCount":0,"publisher":{"@id":"https:\/\/siemysli-ke.info\/#organization"},"image":{"@id":"https:\/\/siemysli-ke.info\/de\/wojna-libia-starcie-imperiow-w-ramach-nowego-porzadku-swiatowego-2\/#primaryimage"},"thumbnailUrl":"https:\/\/siemysli-ke.info\/wp-content\/uploads\/2020\/07\/TURCJA4.jpeg","keywords":["Agnes von der M\u00fchll","Andrzej Filus","Ankara","Chalifa Haftar","Egipt","Emmanuel Macron","Heiko Maas","Jens Stoltenberg","Libia","Libia - Rz\u0105dowe Porozumienie Narodowe (GNA)","Libijska Armia Narodowa (LNA)","Mevl\u00fct \u00c7avu\u015fo\u011flu","operacja \"Irini\"","Rosja","Siergiej \u0141awrow","Zjednoczone Emiraty Arabskie"],"articleSection":["Unia Europejska","wyroznione"],"inLanguage":"de","potentialAction":[{"@type":"CommentAction","name":"Comment","target":["https:\/\/siemysli-ke.info\/de\/wojna-libia-starcie-imperiow-w-ramach-nowego-porzadku-swiatowego-2\/#respond"]}]},{"@type":"WebPage","@id":"https:\/\/siemysli-ke.info\/de\/wojna-libia-starcie-imperiow-w-ramach-nowego-porzadku-swiatowego-2\/","url":"https:\/\/siemysli-ke.info\/de\/wojna-libia-starcie-imperiow-w-ramach-nowego-porzadku-swiatowego-2\/","name":"(Polski) Wojna?! Libia - starcie imperi\u00f3w w ramach nowego porz\u0105dku \u015bwiatowego (2)  - SI\u0118 MY\u015aLI","isPartOf":{"@id":"https:\/\/siemysli-ke.info\/de\/#website"},"primaryImageOfPage":{"@id":"https:\/\/siemysli-ke.info\/de\/wojna-libia-starcie-imperiow-w-ramach-nowego-porzadku-swiatowego-2\/#primaryimage"},"image":{"@id":"https:\/\/siemysli-ke.info\/de\/wojna-libia-starcie-imperiow-w-ramach-nowego-porzadku-swiatowego-2\/#primaryimage"},"thumbnailUrl":"https:\/\/siemysli-ke.info\/wp-content\/uploads\/2020\/07\/TURCJA4.jpeg","datePublished":"2020-07-20T11:13:39+00:00","dateModified":"2020-07-20T11:14:44+00:00","breadcrumb":{"@id":"https:\/\/siemysli-ke.info\/de\/wojna-libia-starcie-imperiow-w-ramach-nowego-porzadku-swiatowego-2\/#breadcrumb"},"inLanguage":"de","potentialAction":[{"@type":"ReadAction","target":[["https:\/\/siemysli-ke.info\/de\/wojna-libia-starcie-imperiow-w-ramach-nowego-porzadku-swiatowego-2\/"]]}]},{"@type":"ImageObject","inLanguage":"de","@id":"https:\/\/siemysli-ke.info\/de\/wojna-libia-starcie-imperiow-w-ramach-nowego-porzadku-swiatowego-2\/#primaryimage","url":"https:\/\/siemysli-ke.info\/wp-content\/uploads\/2020\/07\/TURCJA4.jpeg","contentUrl":"https:\/\/siemysli-ke.info\/wp-content\/uploads\/2020\/07\/TURCJA4.jpeg","width":1030,"height":438},{"@type":"BreadcrumbList","@id":"https:\/\/siemysli-ke.info\/de\/wojna-libia-starcie-imperiow-w-ramach-nowego-porzadku-swiatowego-2\/#breadcrumb","itemListElement":[{"@type":"ListItem","position":1,"name":"Home","item":"https:\/\/siemysli-ke.info\/de\/"},{"@type":"ListItem","position":2,"name":"(Polski) Wojna?! Libia &#8211; starcie imperi\u00f3w w ramach nowego porz\u0105dku \u015bwiatowego (2)"}]},{"@type":"WebSite","@id":"https:\/\/siemysli-ke.info\/de\/#website","url":"https:\/\/siemysli-ke.info\/de\/","name":"SI\u0118 MY\u015aLI","description":"","publisher":{"@id":"https:\/\/siemysli-ke.info\/de\/#organization"},"potentialAction":[{"@type":"SearchAction","target":{"@type":"EntryPoint","urlTemplate":"https:\/\/siemysli-ke.info\/de\/?s={search_term_string}"},"query-input":{"@type":"PropertyValueSpecification","valueRequired":true,"valueName":"search_term_string"}}],"inLanguage":"de"},{"@type":"Organization","@id":"https:\/\/siemysli-ke.info\/de\/#organization","name":"SI\u0118 MY\u015aLI","url":"https:\/\/siemysli-ke.info\/de\/","logo":{"@type":"ImageObject","inLanguage":"de","@id":"https:\/\/siemysli-ke.info\/de\/#\/schema\/logo\/image\/","url":"https:\/\/siemysli-ke.info\/wp-content\/uploads\/2025\/05\/99.png","contentUrl":"https:\/\/siemysli-ke.info\/wp-content\/uploads\/2025\/05\/99.png","width":270,"height":204,"caption":"SI\u0118 MY\u015aLI"},"image":{"@id":"https:\/\/siemysli-ke.info\/de\/#\/schema\/logo\/image\/"}},{"@type":"Person","@id":"https:\/\/siemysli-ke.info\/#\/schema\/person\/75326687448d6abf738b156f56385210","name":"...","image":{"@type":"ImageObject","inLanguage":"de","@id":"https:\/\/siemysli-ke.info\/de\/#\/schema\/person\/image\/","url":"https:\/\/secure.gravatar.com\/avatar\/33a3c2559155e1b4add65cf88cafda785aeb920f44b97c7055b07866ab5b13c2?s=96&d=mm&r=g","contentUrl":"https:\/\/secure.gravatar.com\/avatar\/33a3c2559155e1b4add65cf88cafda785aeb920f44b97c7055b07866ab5b13c2?s=96&d=mm&r=g","caption":"..."},"url":"https:\/\/siemysli-ke.info\/de\/author\/lele\/"}]}},"_links":{"self":[{"href":"https:\/\/siemysli-ke.info\/de\/wp-json\/wp\/v2\/posts\/36601","targetHints":{"allow":["GET"]}}],"collection":[{"href":"https:\/\/siemysli-ke.info\/de\/wp-json\/wp\/v2\/posts"}],"about":[{"href":"https:\/\/siemysli-ke.info\/de\/wp-json\/wp\/v2\/types\/post"}],"author":[{"embeddable":true,"href":"https:\/\/siemysli-ke.info\/de\/wp-json\/wp\/v2\/users\/3"}],"replies":[{"embeddable":true,"href":"https:\/\/siemysli-ke.info\/de\/wp-json\/wp\/v2\/comments?post=36601"}],"version-history":[{"count":0,"href":"https:\/\/siemysli-ke.info\/de\/wp-json\/wp\/v2\/posts\/36601\/revisions"}],"wp:featuredmedia":[{"embeddable":true,"href":"https:\/\/siemysli-ke.info\/de\/wp-json\/wp\/v2\/media\/36602"}],"wp:attachment":[{"href":"https:\/\/siemysli-ke.info\/de\/wp-json\/wp\/v2\/media?parent=36601"}],"wp:term":[{"taxonomy":"category","embeddable":true,"href":"https:\/\/siemysli-ke.info\/de\/wp-json\/wp\/v2\/categories?post=36601"},{"taxonomy":"post_tag","embeddable":true,"href":"https:\/\/siemysli-ke.info\/de\/wp-json\/wp\/v2\/tags?post=36601"}],"curies":[{"name":"wp","href":"https:\/\/api.w.org\/{rel}","templated":true}]}}