 {"id":36186,"date":"2020-06-03T01:14:32","date_gmt":"2020-06-02T23:14:32","guid":{"rendered":"https:\/\/www.siemysli.info.ke\/?p=36186"},"modified":"2020-06-03T15:02:33","modified_gmt":"2020-06-03T13:02:33","slug":"brawo-bijemy-czy-bijemy-w-dzwony","status":"publish","type":"post","link":"https:\/\/siemysli-ke.info\/de\/brawo-bijemy-czy-bijemy-w-dzwony\/","title":{"rendered":"(Polski) Brawo bijemy czy bijemy w dzwony?"},"content":{"rendered":"<p class=\"qtranxs-available-languages-message qtranxs-available-languages-message-de\">Leider ist der Eintrag nur auf <a href=\"https:\/\/siemysli-ke.info\/pl\/wp-json\/wp\/v2\/posts\/36186\" class=\"qtranxs-available-language-link qtranxs-available-language-link-pl\" title=\"Polski\">Polski<\/a> verf\u00fcgbar.<\/p>","protected":false},"excerpt":{"rendered":"<p>Leider ist der Eintrag nur auf Polski verf\u00fcgbar.<\/p>\n","protected":false},"author":3,"featured_media":36187,"comment_status":"open","ping_status":"open","sticky":false,"template":"","format":"standard","meta":{"colormag_page_layout":"default_layout","footnotes":""},"categories":[17743,81],"tags":[17950,4295,554,17086,17947,293,7911,17951,1361,17946,17945,3718,10474,17948,17949,16801,17952,17156,17953],"class_list":["post-36186","post","type-post","status-publish","format-standard","has-post-thumbnail","hentry","category-polecane","category-rzeczpospolita","tag-bartosz-arlukowicz","tag-beata-szydlo","tag-chinczycy","tag-covid-19","tag-demontaz-sluzby-zdrowia","tag-edward-l-soroka","tag-mateusz-morawiecki","tag-przemyslaw-langier","tag-robert-biedron","tag-sanepid","tag-sars-cov-2","tag-stanislaw-karczewski","tag-swiatowa-organizacja-zdrowia-who","tag-szpitale-jednoimienne","tag-testy-na-obecnosc-koronawirusa","tag-wuhan","tag-zbigniew-boniek","tag-lukasz-szumowski","tag-rzadziciele"],"yoast_head":"<!-- This site is optimized with the Yoast SEO plugin v25.1 - https:\/\/yoast.com\/wordpress\/plugins\/seo\/ -->\n<title>(Polski) Brawo bijemy czy bijemy w dzwony? - SI\u0118 MY\u015aLI<\/title>\n<meta name=\"robots\" content=\"index, follow, max-snippet:-1, max-image-preview:large, max-video-preview:-1\" \/>\n<link rel=\"canonical\" href=\"https:\/\/siemysli-ke.info\/de\/brawo-bijemy-czy-bijemy-w-dzwony\/\" \/>\n<meta property=\"og:locale\" content=\"de_DE\" \/>\n<meta property=\"og:type\" content=\"article\" \/>\n<meta property=\"og:title\" content=\"(Polski) Brawo bijemy czy bijemy w dzwony? - SI\u0118 MY\u015aLI\" \/>\n<meta property=\"og:description\" content=\"Leider ist der Eintrag nur auf Polski verf\u00fcgbar.\" \/>\n<meta property=\"og:url\" content=\"https:\/\/siemysli-ke.info\/de\/brawo-bijemy-czy-bijemy-w-dzwony\/\" \/>\n<meta property=\"og:site_name\" content=\"SI\u0118 MY\u015aLI\" \/>\n<meta property=\"article:published_time\" content=\"2020-06-02T23:14:32+00:00\" \/>\n<meta property=\"article:modified_time\" content=\"2020-06-03T13:02:33+00:00\" \/>\n<meta property=\"og:image\" content=\"https:\/\/siemysli-ke.info\/wp-content\/uploads\/2020\/06\/Premier-i-Mrija.jpg\" \/>\n\t<meta property=\"og:image:width\" content=\"800\" \/>\n\t<meta property=\"og:image:height\" content=\"451\" \/>\n\t<meta property=\"og:image:type\" content=\"image\/jpeg\" \/>\n<meta name=\"author\" content=\"...\" \/>\n<meta name=\"twitter:label1\" content=\"Verfasst von\" \/>\n\t<meta name=\"twitter:data1\" content=\"...\" \/>\n\t<meta name=\"twitter:label2\" content=\"Gesch\u00e4tzte Lesezeit\" \/>\n\t<meta name=\"twitter:data2\" content=\"8\u00a0Minuten\" \/>\n<script type=\"application\/ld+json\" class=\"yoast-schema-graph\">{\"@context\":\"https:\/\/schema.org\",\"@graph\":[{\"@type\":\"Article\",\"@id\":\"https:\/\/siemysli-ke.info\/de\/brawo-bijemy-czy-bijemy-w-dzwony\/#article\",\"isPartOf\":{\"@id\":\"https:\/\/siemysli-ke.info\/de\/brawo-bijemy-czy-bijemy-w-dzwony\/\"},\"author\":{\"name\":\"...\",\"@id\":\"https:\/\/siemysli-ke.info\/#\/schema\/person\/75326687448d6abf738b156f56385210\"},\"headline\":\"(Polski) Brawo bijemy czy bijemy w dzwony?\",\"datePublished\":\"2020-06-02T23:14:32+00:00\",\"dateModified\":\"2020-06-03T13:02:33+00:00\",\"mainEntityOfPage\":{\"@id\":\"https:\/\/siemysli-ke.info\/de\/brawo-bijemy-czy-bijemy-w-dzwony\/\"},\"wordCount\":1636,\"commentCount\":2,\"publisher\":{\"@id\":\"https:\/\/siemysli-ke.info\/#organization\"},\"image\":{\"@id\":\"https:\/\/siemysli-ke.info\/de\/brawo-bijemy-czy-bijemy-w-dzwony\/#primaryimage\"},\"thumbnailUrl\":\"https:\/\/siemysli-ke.info\/wp-content\/uploads\/2020\/06\/Premier-i-Mrija.jpg\",\"keywords\":[\"Bartosz Ar\u0142ukowicz\",\"Beata Szyd\u0142o\",\"Chi\u0144czycy\",\"COVID-19\",\"demonta\u017c s\u0142u\u017cby zdrowia\",\"Edward L. Soroka\",\"Mateusz Morawiecki\",\"Przemys\u0142aw Langier\",\"Robert Biedro\u0144\",\"Sanepid\",\"SARS-CoV-2\",\"Stanis\u0142aw Karczewski\",\"\u015awiatowa Organizacja Zdrowia (WHO)\",\"szpitale jednoimienne\",\"testy na obecno\u015b\u0107 koronawirusa\",\"Wuhan\",\"Zbigniew Boniek\",\"\u0141ukasz Szumowski\",\"\u201erz\u0105dziciele\u201d\"],\"articleSection\":[\"Polecane\",\"Rzeczypospolita\"],\"inLanguage\":\"de\",\"potentialAction\":[{\"@type\":\"CommentAction\",\"name\":\"Comment\",\"target\":[\"https:\/\/siemysli-ke.info\/de\/brawo-bijemy-czy-bijemy-w-dzwony\/#respond\"]}]},{\"@type\":\"WebPage\",\"@id\":\"https:\/\/siemysli-ke.info\/de\/brawo-bijemy-czy-bijemy-w-dzwony\/\",\"url\":\"https:\/\/siemysli-ke.info\/de\/brawo-bijemy-czy-bijemy-w-dzwony\/\",\"name\":\"(Polski) Brawo bijemy czy bijemy w dzwony? - SI\u0118 MY\u015aLI\",\"isPartOf\":{\"@id\":\"https:\/\/siemysli-ke.info\/de\/#website\"},\"primaryImageOfPage\":{\"@id\":\"https:\/\/siemysli-ke.info\/de\/brawo-bijemy-czy-bijemy-w-dzwony\/#primaryimage\"},\"image\":{\"@id\":\"https:\/\/siemysli-ke.info\/de\/brawo-bijemy-czy-bijemy-w-dzwony\/#primaryimage\"},\"thumbnailUrl\":\"https:\/\/siemysli-ke.info\/wp-content\/uploads\/2020\/06\/Premier-i-Mrija.jpg\",\"datePublished\":\"2020-06-02T23:14:32+00:00\",\"dateModified\":\"2020-06-03T13:02:33+00:00\",\"breadcrumb\":{\"@id\":\"https:\/\/siemysli-ke.info\/de\/brawo-bijemy-czy-bijemy-w-dzwony\/#breadcrumb\"},\"inLanguage\":\"de\",\"potentialAction\":[{\"@type\":\"ReadAction\",\"target\":[[\"https:\/\/siemysli-ke.info\/de\/brawo-bijemy-czy-bijemy-w-dzwony\/\"]]}]},{\"@type\":\"ImageObject\",\"inLanguage\":\"de\",\"@id\":\"https:\/\/siemysli-ke.info\/de\/brawo-bijemy-czy-bijemy-w-dzwony\/#primaryimage\",\"url\":\"https:\/\/siemysli-ke.info\/wp-content\/uploads\/2020\/06\/Premier-i-Mrija.jpg\",\"contentUrl\":\"https:\/\/siemysli-ke.info\/wp-content\/uploads\/2020\/06\/Premier-i-Mrija.jpg\",\"width\":800,\"height\":451},{\"@type\":\"BreadcrumbList\",\"@id\":\"https:\/\/siemysli-ke.info\/de\/brawo-bijemy-czy-bijemy-w-dzwony\/#breadcrumb\",\"itemListElement\":[{\"@type\":\"ListItem\",\"position\":1,\"name\":\"Home\",\"item\":\"https:\/\/siemysli-ke.info\/de\/\"},{\"@type\":\"ListItem\",\"position\":2,\"name\":\"(Polski) Brawo bijemy czy bijemy w dzwony?\"}]},{\"@type\":\"WebSite\",\"@id\":\"https:\/\/siemysli-ke.info\/de\/#website\",\"url\":\"https:\/\/siemysli-ke.info\/de\/\",\"name\":\"SI\u0118 MY\u015aLI\",\"description\":\"\",\"publisher\":{\"@id\":\"https:\/\/siemysli-ke.info\/de\/#organization\"},\"potentialAction\":[{\"@type\":\"SearchAction\",\"target\":{\"@type\":\"EntryPoint\",\"urlTemplate\":\"https:\/\/siemysli-ke.info\/de\/?s={search_term_string}\"},\"query-input\":{\"@type\":\"PropertyValueSpecification\",\"valueRequired\":true,\"valueName\":\"search_term_string\"}}],\"inLanguage\":\"de\"},{\"@type\":\"Organization\",\"@id\":\"https:\/\/siemysli-ke.info\/de\/#organization\",\"name\":\"SI\u0118 MY\u015aLI\",\"url\":\"https:\/\/siemysli-ke.info\/de\/\",\"logo\":{\"@type\":\"ImageObject\",\"inLanguage\":\"de\",\"@id\":\"https:\/\/siemysli-ke.info\/de\/#\/schema\/logo\/image\/\",\"url\":\"https:\/\/siemysli-ke.info\/wp-content\/uploads\/2025\/05\/99.png\",\"contentUrl\":\"https:\/\/siemysli-ke.info\/wp-content\/uploads\/2025\/05\/99.png\",\"width\":270,\"height\":204,\"caption\":\"SI\u0118 MY\u015aLI\"},\"image\":{\"@id\":\"https:\/\/siemysli-ke.info\/de\/#\/schema\/logo\/image\/\"}},{\"@type\":\"Person\",\"@id\":\"https:\/\/siemysli-ke.info\/#\/schema\/person\/75326687448d6abf738b156f56385210\",\"name\":\"...\",\"image\":{\"@type\":\"ImageObject\",\"inLanguage\":\"de\",\"@id\":\"https:\/\/siemysli-ke.info\/de\/#\/schema\/person\/image\/\",\"url\":\"https:\/\/secure.gravatar.com\/avatar\/33a3c2559155e1b4add65cf88cafda785aeb920f44b97c7055b07866ab5b13c2?s=96&d=mm&r=g\",\"contentUrl\":\"https:\/\/secure.gravatar.com\/avatar\/33a3c2559155e1b4add65cf88cafda785aeb920f44b97c7055b07866ab5b13c2?s=96&d=mm&r=g\",\"caption\":\"...\"},\"url\":\"https:\/\/siemysli-ke.info\/de\/author\/lele\/\"}]}<\/script>\n<!-- \/ Yoast SEO plugin. -->","yoast_head_json":{"title":"(Polski) Brawo bijemy czy bijemy w dzwony? - SI\u0118 MY\u015aLI","robots":{"index":"index","follow":"follow","max-snippet":"max-snippet:-1","max-image-preview":"max-image-preview:large","max-video-preview":"max-video-preview:-1"},"canonical":"https:\/\/siemysli-ke.info\/de\/brawo-bijemy-czy-bijemy-w-dzwony\/","og_locale":"de_DE","og_type":"article","og_title":"(Polski) Brawo bijemy czy bijemy w dzwony? - SI\u0118 MY\u015aLI","og_description":"Leider ist der Eintrag nur auf Polski verf\u00fcgbar.","og_url":"https:\/\/siemysli-ke.info\/de\/brawo-bijemy-czy-bijemy-w-dzwony\/","og_site_name":"SI\u0118 MY\u015aLI","article_published_time":"2020-06-02T23:14:32+00:00","article_modified_time":"2020-06-03T13:02:33+00:00","og_image":[{"width":800,"height":451,"url":"https:\/\/siemysli-ke.info\/wp-content\/uploads\/2020\/06\/Premier-i-Mrija.jpg","type":"image\/jpeg"}],"author":"...","twitter_misc":{"Verfasst von":"...","Gesch\u00e4tzte Lesezeit":"8\u00a0Minuten"},"schema":{"@context":"https:\/\/schema.org","@graph":[{"@type":"Article","@id":"https:\/\/siemysli-ke.info\/de\/brawo-bijemy-czy-bijemy-w-dzwony\/#article","isPartOf":{"@id":"https:\/\/siemysli-ke.info\/de\/brawo-bijemy-czy-bijemy-w-dzwony\/"},"author":{"name":"...","@id":"https:\/\/siemysli-ke.info\/#\/schema\/person\/75326687448d6abf738b156f56385210"},"headline":"(Polski) Brawo bijemy czy bijemy w dzwony?","datePublished":"2020-06-02T23:14:32+00:00","dateModified":"2020-06-03T13:02:33+00:00","mainEntityOfPage":{"@id":"https:\/\/siemysli-ke.info\/de\/brawo-bijemy-czy-bijemy-w-dzwony\/"},"wordCount":1636,"commentCount":2,"publisher":{"@id":"https:\/\/siemysli-ke.info\/#organization"},"image":{"@id":"https:\/\/siemysli-ke.info\/de\/brawo-bijemy-czy-bijemy-w-dzwony\/#primaryimage"},"thumbnailUrl":"https:\/\/siemysli-ke.info\/wp-content\/uploads\/2020\/06\/Premier-i-Mrija.jpg","keywords":["Bartosz Ar\u0142ukowicz","Beata Szyd\u0142o","Chi\u0144czycy","COVID-19","demonta\u017c s\u0142u\u017cby zdrowia","Edward L. Soroka","Mateusz Morawiecki","Przemys\u0142aw Langier","Robert Biedro\u0144","Sanepid","SARS-CoV-2","Stanis\u0142aw Karczewski","\u015awiatowa Organizacja Zdrowia (WHO)","szpitale jednoimienne","testy na obecno\u015b\u0107 koronawirusa","Wuhan","Zbigniew Boniek","\u0141ukasz Szumowski","\u201erz\u0105dziciele\u201d"],"articleSection":["Polecane","Rzeczypospolita"],"inLanguage":"de","potentialAction":[{"@type":"CommentAction","name":"Comment","target":["https:\/\/siemysli-ke.info\/de\/brawo-bijemy-czy-bijemy-w-dzwony\/#respond"]}]},{"@type":"WebPage","@id":"https:\/\/siemysli-ke.info\/de\/brawo-bijemy-czy-bijemy-w-dzwony\/","url":"https:\/\/siemysli-ke.info\/de\/brawo-bijemy-czy-bijemy-w-dzwony\/","name":"(Polski) Brawo bijemy czy bijemy w dzwony? - SI\u0118 MY\u015aLI","isPartOf":{"@id":"https:\/\/siemysli-ke.info\/de\/#website"},"primaryImageOfPage":{"@id":"https:\/\/siemysli-ke.info\/de\/brawo-bijemy-czy-bijemy-w-dzwony\/#primaryimage"},"image":{"@id":"https:\/\/siemysli-ke.info\/de\/brawo-bijemy-czy-bijemy-w-dzwony\/#primaryimage"},"thumbnailUrl":"https:\/\/siemysli-ke.info\/wp-content\/uploads\/2020\/06\/Premier-i-Mrija.jpg","datePublished":"2020-06-02T23:14:32+00:00","dateModified":"2020-06-03T13:02:33+00:00","breadcrumb":{"@id":"https:\/\/siemysli-ke.info\/de\/brawo-bijemy-czy-bijemy-w-dzwony\/#breadcrumb"},"inLanguage":"de","potentialAction":[{"@type":"ReadAction","target":[["https:\/\/siemysli-ke.info\/de\/brawo-bijemy-czy-bijemy-w-dzwony\/"]]}]},{"@type":"ImageObject","inLanguage":"de","@id":"https:\/\/siemysli-ke.info\/de\/brawo-bijemy-czy-bijemy-w-dzwony\/#primaryimage","url":"https:\/\/siemysli-ke.info\/wp-content\/uploads\/2020\/06\/Premier-i-Mrija.jpg","contentUrl":"https:\/\/siemysli-ke.info\/wp-content\/uploads\/2020\/06\/Premier-i-Mrija.jpg","width":800,"height":451},{"@type":"BreadcrumbList","@id":"https:\/\/siemysli-ke.info\/de\/brawo-bijemy-czy-bijemy-w-dzwony\/#breadcrumb","itemListElement":[{"@type":"ListItem","position":1,"name":"Home","item":"https:\/\/siemysli-ke.info\/de\/"},{"@type":"ListItem","position":2,"name":"(Polski) Brawo bijemy czy bijemy w dzwony?"}]},{"@type":"WebSite","@id":"https:\/\/siemysli-ke.info\/de\/#website","url":"https:\/\/siemysli-ke.info\/de\/","name":"SI\u0118 MY\u015aLI","description":"","publisher":{"@id":"https:\/\/siemysli-ke.info\/de\/#organization"},"potentialAction":[{"@type":"SearchAction","target":{"@type":"EntryPoint","urlTemplate":"https:\/\/siemysli-ke.info\/de\/?s={search_term_string}"},"query-input":{"@type":"PropertyValueSpecification","valueRequired":true,"valueName":"search_term_string"}}],"inLanguage":"de"},{"@type":"Organization","@id":"https:\/\/siemysli-ke.info\/de\/#organization","name":"SI\u0118 MY\u015aLI","url":"https:\/\/siemysli-ke.info\/de\/","logo":{"@type":"ImageObject","inLanguage":"de","@id":"https:\/\/siemysli-ke.info\/de\/#\/schema\/logo\/image\/","url":"https:\/\/siemysli-ke.info\/wp-content\/uploads\/2025\/05\/99.png","contentUrl":"https:\/\/siemysli-ke.info\/wp-content\/uploads\/2025\/05\/99.png","width":270,"height":204,"caption":"SI\u0118 MY\u015aLI"},"image":{"@id":"https:\/\/siemysli-ke.info\/de\/#\/schema\/logo\/image\/"}},{"@type":"Person","@id":"https:\/\/siemysli-ke.info\/#\/schema\/person\/75326687448d6abf738b156f56385210","name":"...","image":{"@type":"ImageObject","inLanguage":"de","@id":"https:\/\/siemysli-ke.info\/de\/#\/schema\/person\/image\/","url":"https:\/\/secure.gravatar.com\/avatar\/33a3c2559155e1b4add65cf88cafda785aeb920f44b97c7055b07866ab5b13c2?s=96&d=mm&r=g","contentUrl":"https:\/\/secure.gravatar.com\/avatar\/33a3c2559155e1b4add65cf88cafda785aeb920f44b97c7055b07866ab5b13c2?s=96&d=mm&r=g","caption":"..."},"url":"https:\/\/siemysli-ke.info\/de\/author\/lele\/"}]}},"_links":{"self":[{"href":"https:\/\/siemysli-ke.info\/de\/wp-json\/wp\/v2\/posts\/36186","targetHints":{"allow":["GET"]}}],"collection":[{"href":"https:\/\/siemysli-ke.info\/de\/wp-json\/wp\/v2\/posts"}],"about":[{"href":"https:\/\/siemysli-ke.info\/de\/wp-json\/wp\/v2\/types\/post"}],"author":[{"embeddable":true,"href":"https:\/\/siemysli-ke.info\/de\/wp-json\/wp\/v2\/users\/3"}],"replies":[{"embeddable":true,"href":"https:\/\/siemysli-ke.info\/de\/wp-json\/wp\/v2\/comments?post=36186"}],"version-history":[{"count":0,"href":"https:\/\/siemysli-ke.info\/de\/wp-json\/wp\/v2\/posts\/36186\/revisions"}],"wp:featuredmedia":[{"embeddable":true,"href":"https:\/\/siemysli-ke.info\/de\/wp-json\/wp\/v2\/media\/36187"}],"wp:attachment":[{"href":"https:\/\/siemysli-ke.info\/de\/wp-json\/wp\/v2\/media?parent=36186"}],"wp:term":[{"taxonomy":"category","embeddable":true,"href":"https:\/\/siemysli-ke.info\/de\/wp-json\/wp\/v2\/categories?post=36186"},{"taxonomy":"post_tag","embeddable":true,"href":"https:\/\/siemysli-ke.info\/de\/wp-json\/wp\/v2\/tags?post=36186"}],"curies":[{"name":"wp","href":"https:\/\/api.w.org\/{rel}","templated":true}]}}