 {"id":35021,"date":"2020-02-05T20:53:48","date_gmt":"2020-02-05T19:53:48","guid":{"rendered":"http:\/\/www.siemysli.info.ke\/?p=35021"},"modified":"2020-02-06T11:08:44","modified_gmt":"2020-02-06T10:08:44","slug":"slow-kilka-o-pomniku-zolnierzy-kop-w-wytycznym","status":"publish","type":"post","link":"https:\/\/siemysli-ke.info\/de\/slow-kilka-o-pomniku-zolnierzy-kop-w-wytycznym\/","title":{"rendered":"(Polski) S\u0142\u00f3w kilka o pomniku \u017co\u0142nierzy KOP w Wytycznie"},"content":{"rendered":"<p class=\"qtranxs-available-languages-message qtranxs-available-languages-message-de\">Leider ist der Eintrag nur auf <a href=\"https:\/\/siemysli-ke.info\/pl\/wp-json\/wp\/v2\/posts\/35021\" class=\"qtranxs-available-language-link qtranxs-available-language-link-pl\" title=\"Polski\">Polski<\/a> verf\u00fcgbar.<\/p>","protected":false},"excerpt":{"rendered":"<p>Leider ist der Eintrag nur auf Polski verf\u00fcgbar.<\/p>\n","protected":false},"author":3,"featured_media":35022,"comment_status":"open","ping_status":"open","sticky":false,"template":"","format":"standard","meta":{"colormag_page_layout":"default_layout","footnotes":""},"categories":[81],"tags":[521,464,89,15962,16691,293,16690,92,16692,16697,16694,304,16693,16699,16698,16696,1510,16695],"class_list":["post-35021","post","type-post","status-publish","format-standard","has-post-thumbnail","hentry","category-rzeczpospolita","tag-agnieszka-brytan","tag-andrzej-filus","tag-breaking","tag-centrum-sztuki-galeria-el","tag-centrum-sztuki-tymczasowa-skrzynia-biegow-bogdanka","tag-edward-l-soroka","tag-edward-romanowski","tag-headline","tag-interdyscyplinarne-spotkania-tworcze-_-galeria-el-elblag-wrzesien-1986","tag-jerzy-lojek","tag-kopalnia-wegla-kamiennego-w-bogdance","tag-lech-l-przychodzki","tag-lubelskie-przedsiebiorstwo-budownictwa-przemyslowego-tzw-przemyslowka","tag-okres-prl","tag-polonia-restituta","tag-pomnik-zolnierzy-korpusu-ochrony-pogranicza-kop-w-wytycznie","tag-ryszard-tomczyk","tag-wykladowca-wojskowej-akademii-technicznej-wat"],"yoast_head":"<!-- This site is optimized with the Yoast SEO plugin v25.1 - https:\/\/yoast.com\/wordpress\/plugins\/seo\/ -->\n<title>(Polski) S\u0142\u00f3w kilka o pomniku \u017co\u0142nierzy KOP w Wytycznie - SI\u0118 MY\u015aLI<\/title>\n<meta name=\"robots\" content=\"index, follow, max-snippet:-1, max-image-preview:large, max-video-preview:-1\" \/>\n<link rel=\"canonical\" href=\"https:\/\/siemysli-ke.info\/de\/slow-kilka-o-pomniku-zolnierzy-kop-w-wytycznym\/\" \/>\n<meta property=\"og:locale\" content=\"de_DE\" \/>\n<meta property=\"og:type\" content=\"article\" \/>\n<meta property=\"og:title\" content=\"(Polski) S\u0142\u00f3w kilka o pomniku \u017co\u0142nierzy KOP w Wytycznie - SI\u0118 MY\u015aLI\" \/>\n<meta property=\"og:description\" content=\"Leider ist der Eintrag nur auf Polski verf\u00fcgbar.\" \/>\n<meta property=\"og:url\" content=\"https:\/\/siemysli-ke.info\/de\/slow-kilka-o-pomniku-zolnierzy-kop-w-wytycznym\/\" \/>\n<meta property=\"og:site_name\" content=\"SI\u0118 MY\u015aLI\" \/>\n<meta property=\"article:published_time\" content=\"2020-02-05T19:53:48+00:00\" \/>\n<meta property=\"article:modified_time\" content=\"2020-02-06T10:08:44+00:00\" \/>\n<meta property=\"og:image\" content=\"https:\/\/siemysli-ke.info\/wp-content\/uploads\/2020\/02\/1-1.jpg\" \/>\n\t<meta property=\"og:image:width\" content=\"1728\" \/>\n\t<meta property=\"og:image:height\" content=\"2304\" \/>\n\t<meta property=\"og:image:type\" content=\"image\/jpeg\" \/>\n<meta name=\"author\" content=\"...\" \/>\n<meta name=\"twitter:label1\" content=\"Verfasst von\" \/>\n\t<meta name=\"twitter:data1\" content=\"...\" \/>\n\t<meta name=\"twitter:label2\" content=\"Gesch\u00e4tzte Lesezeit\" \/>\n\t<meta name=\"twitter:data2\" content=\"4\u00a0Minuten\" \/>\n<script type=\"application\/ld+json\" class=\"yoast-schema-graph\">{\"@context\":\"https:\/\/schema.org\",\"@graph\":[{\"@type\":\"Article\",\"@id\":\"https:\/\/siemysli-ke.info\/de\/slow-kilka-o-pomniku-zolnierzy-kop-w-wytycznym\/#article\",\"isPartOf\":{\"@id\":\"https:\/\/siemysli-ke.info\/de\/slow-kilka-o-pomniku-zolnierzy-kop-w-wytycznym\/\"},\"author\":{\"name\":\"...\",\"@id\":\"https:\/\/siemysli-ke.info\/#\/schema\/person\/75326687448d6abf738b156f56385210\"},\"headline\":\"(Polski) S\u0142\u00f3w kilka o pomniku \u017co\u0142nierzy KOP w Wytycznie\",\"datePublished\":\"2020-02-05T19:53:48+00:00\",\"dateModified\":\"2020-02-06T10:08:44+00:00\",\"mainEntityOfPage\":{\"@id\":\"https:\/\/siemysli-ke.info\/de\/slow-kilka-o-pomniku-zolnierzy-kop-w-wytycznym\/\"},\"wordCount\":877,\"commentCount\":0,\"publisher\":{\"@id\":\"https:\/\/siemysli-ke.info\/#organization\"},\"image\":{\"@id\":\"https:\/\/siemysli-ke.info\/de\/slow-kilka-o-pomniku-zolnierzy-kop-w-wytycznym\/#primaryimage\"},\"thumbnailUrl\":\"https:\/\/siemysli-ke.info\/wp-content\/uploads\/2020\/02\/1-1.jpg\",\"keywords\":[\"Agnieszka Brytan\",\"Andrzej Filus\",\"breaking\",\"Centrum Sztuki Galeria EL\",\"Centrum Sztuki Tymczasowa Skrzynia Bieg\u00f3w - Bogdanka\",\"Edward L. Soroka\",\"Edward Romanowski\",\"headline\",\"Interdyscyplinarne Spotkania Tw\u00f3rcze _ Galeria EL - Elbl\u0105g - wrzesie\u0144 1986\",\"Jerzy \u0141ojek\",\"kopalnia w\u0119gla kamiennego w Bogdance\",\"Lech L. Przychodzki\",\"Lubelskie Przedsi\u0119biorstwo Budownictwa Przemys\u0142owego (tzw. Przemys\u0142\u00f3wka)\",\"okres PRL\",\"Polonia Restituta\",\"pomnik \u017co\u0142nierzy Korpusu Ochrony Pogranicza (KOP) w Wytycznie\",\"Ryszard Tomczyk\",\"wyk\u0142adowca Wojskowej Akademii Technicznej (WAT)\"],\"articleSection\":[\"Rzeczypospolita\"],\"inLanguage\":\"de\",\"potentialAction\":[{\"@type\":\"CommentAction\",\"name\":\"Comment\",\"target\":[\"https:\/\/siemysli-ke.info\/de\/slow-kilka-o-pomniku-zolnierzy-kop-w-wytycznym\/#respond\"]}]},{\"@type\":\"WebPage\",\"@id\":\"https:\/\/siemysli-ke.info\/de\/slow-kilka-o-pomniku-zolnierzy-kop-w-wytycznym\/\",\"url\":\"https:\/\/siemysli-ke.info\/de\/slow-kilka-o-pomniku-zolnierzy-kop-w-wytycznym\/\",\"name\":\"(Polski) S\u0142\u00f3w kilka o pomniku \u017co\u0142nierzy KOP w Wytycznie - SI\u0118 MY\u015aLI\",\"isPartOf\":{\"@id\":\"https:\/\/siemysli-ke.info\/de\/#website\"},\"primaryImageOfPage\":{\"@id\":\"https:\/\/siemysli-ke.info\/de\/slow-kilka-o-pomniku-zolnierzy-kop-w-wytycznym\/#primaryimage\"},\"image\":{\"@id\":\"https:\/\/siemysli-ke.info\/de\/slow-kilka-o-pomniku-zolnierzy-kop-w-wytycznym\/#primaryimage\"},\"thumbnailUrl\":\"https:\/\/siemysli-ke.info\/wp-content\/uploads\/2020\/02\/1-1.jpg\",\"datePublished\":\"2020-02-05T19:53:48+00:00\",\"dateModified\":\"2020-02-06T10:08:44+00:00\",\"breadcrumb\":{\"@id\":\"https:\/\/siemysli-ke.info\/de\/slow-kilka-o-pomniku-zolnierzy-kop-w-wytycznym\/#breadcrumb\"},\"inLanguage\":\"de\",\"potentialAction\":[{\"@type\":\"ReadAction\",\"target\":[[\"https:\/\/siemysli-ke.info\/de\/slow-kilka-o-pomniku-zolnierzy-kop-w-wytycznym\/\"]]}]},{\"@type\":\"ImageObject\",\"inLanguage\":\"de\",\"@id\":\"https:\/\/siemysli-ke.info\/de\/slow-kilka-o-pomniku-zolnierzy-kop-w-wytycznym\/#primaryimage\",\"url\":\"https:\/\/siemysli-ke.info\/wp-content\/uploads\/2020\/02\/1-1.jpg\",\"contentUrl\":\"https:\/\/siemysli-ke.info\/wp-content\/uploads\/2020\/02\/1-1.jpg\",\"width\":1728,\"height\":2304},{\"@type\":\"BreadcrumbList\",\"@id\":\"https:\/\/siemysli-ke.info\/de\/slow-kilka-o-pomniku-zolnierzy-kop-w-wytycznym\/#breadcrumb\",\"itemListElement\":[{\"@type\":\"ListItem\",\"position\":1,\"name\":\"Home\",\"item\":\"https:\/\/siemysli-ke.info\/de\/\"},{\"@type\":\"ListItem\",\"position\":2,\"name\":\"(Polski) S\u0142\u00f3w kilka o pomniku \u017co\u0142nierzy KOP w Wytycznie\"}]},{\"@type\":\"WebSite\",\"@id\":\"https:\/\/siemysli-ke.info\/de\/#website\",\"url\":\"https:\/\/siemysli-ke.info\/de\/\",\"name\":\"SI\u0118 MY\u015aLI\",\"description\":\"\",\"publisher\":{\"@id\":\"https:\/\/siemysli-ke.info\/de\/#organization\"},\"potentialAction\":[{\"@type\":\"SearchAction\",\"target\":{\"@type\":\"EntryPoint\",\"urlTemplate\":\"https:\/\/siemysli-ke.info\/de\/?s={search_term_string}\"},\"query-input\":{\"@type\":\"PropertyValueSpecification\",\"valueRequired\":true,\"valueName\":\"search_term_string\"}}],\"inLanguage\":\"de\"},{\"@type\":\"Organization\",\"@id\":\"https:\/\/siemysli-ke.info\/de\/#organization\",\"name\":\"SI\u0118 MY\u015aLI\",\"url\":\"https:\/\/siemysli-ke.info\/de\/\",\"logo\":{\"@type\":\"ImageObject\",\"inLanguage\":\"de\",\"@id\":\"https:\/\/siemysli-ke.info\/de\/#\/schema\/logo\/image\/\",\"url\":\"https:\/\/siemysli-ke.info\/wp-content\/uploads\/2025\/05\/99.png\",\"contentUrl\":\"https:\/\/siemysli-ke.info\/wp-content\/uploads\/2025\/05\/99.png\",\"width\":270,\"height\":204,\"caption\":\"SI\u0118 MY\u015aLI\"},\"image\":{\"@id\":\"https:\/\/siemysli-ke.info\/de\/#\/schema\/logo\/image\/\"}},{\"@type\":\"Person\",\"@id\":\"https:\/\/siemysli-ke.info\/#\/schema\/person\/75326687448d6abf738b156f56385210\",\"name\":\"...\",\"image\":{\"@type\":\"ImageObject\",\"inLanguage\":\"de\",\"@id\":\"https:\/\/siemysli-ke.info\/de\/#\/schema\/person\/image\/\",\"url\":\"https:\/\/secure.gravatar.com\/avatar\/33a3c2559155e1b4add65cf88cafda785aeb920f44b97c7055b07866ab5b13c2?s=96&d=mm&r=g\",\"contentUrl\":\"https:\/\/secure.gravatar.com\/avatar\/33a3c2559155e1b4add65cf88cafda785aeb920f44b97c7055b07866ab5b13c2?s=96&d=mm&r=g\",\"caption\":\"...\"},\"url\":\"https:\/\/siemysli-ke.info\/de\/author\/lele\/\"}]}<\/script>\n<!-- \/ Yoast SEO plugin. -->","yoast_head_json":{"title":"(Polski) S\u0142\u00f3w kilka o pomniku \u017co\u0142nierzy KOP w Wytycznie - SI\u0118 MY\u015aLI","robots":{"index":"index","follow":"follow","max-snippet":"max-snippet:-1","max-image-preview":"max-image-preview:large","max-video-preview":"max-video-preview:-1"},"canonical":"https:\/\/siemysli-ke.info\/de\/slow-kilka-o-pomniku-zolnierzy-kop-w-wytycznym\/","og_locale":"de_DE","og_type":"article","og_title":"(Polski) S\u0142\u00f3w kilka o pomniku \u017co\u0142nierzy KOP w Wytycznie - SI\u0118 MY\u015aLI","og_description":"Leider ist der Eintrag nur auf Polski verf\u00fcgbar.","og_url":"https:\/\/siemysli-ke.info\/de\/slow-kilka-o-pomniku-zolnierzy-kop-w-wytycznym\/","og_site_name":"SI\u0118 MY\u015aLI","article_published_time":"2020-02-05T19:53:48+00:00","article_modified_time":"2020-02-06T10:08:44+00:00","og_image":[{"width":1728,"height":2304,"url":"https:\/\/siemysli-ke.info\/wp-content\/uploads\/2020\/02\/1-1.jpg","type":"image\/jpeg"}],"author":"...","twitter_misc":{"Verfasst von":"...","Gesch\u00e4tzte Lesezeit":"4\u00a0Minuten"},"schema":{"@context":"https:\/\/schema.org","@graph":[{"@type":"Article","@id":"https:\/\/siemysli-ke.info\/de\/slow-kilka-o-pomniku-zolnierzy-kop-w-wytycznym\/#article","isPartOf":{"@id":"https:\/\/siemysli-ke.info\/de\/slow-kilka-o-pomniku-zolnierzy-kop-w-wytycznym\/"},"author":{"name":"...","@id":"https:\/\/siemysli-ke.info\/#\/schema\/person\/75326687448d6abf738b156f56385210"},"headline":"(Polski) S\u0142\u00f3w kilka o pomniku \u017co\u0142nierzy KOP w Wytycznie","datePublished":"2020-02-05T19:53:48+00:00","dateModified":"2020-02-06T10:08:44+00:00","mainEntityOfPage":{"@id":"https:\/\/siemysli-ke.info\/de\/slow-kilka-o-pomniku-zolnierzy-kop-w-wytycznym\/"},"wordCount":877,"commentCount":0,"publisher":{"@id":"https:\/\/siemysli-ke.info\/#organization"},"image":{"@id":"https:\/\/siemysli-ke.info\/de\/slow-kilka-o-pomniku-zolnierzy-kop-w-wytycznym\/#primaryimage"},"thumbnailUrl":"https:\/\/siemysli-ke.info\/wp-content\/uploads\/2020\/02\/1-1.jpg","keywords":["Agnieszka Brytan","Andrzej Filus","breaking","Centrum Sztuki Galeria EL","Centrum Sztuki Tymczasowa Skrzynia Bieg\u00f3w - Bogdanka","Edward L. Soroka","Edward Romanowski","headline","Interdyscyplinarne Spotkania Tw\u00f3rcze _ Galeria EL - Elbl\u0105g - wrzesie\u0144 1986","Jerzy \u0141ojek","kopalnia w\u0119gla kamiennego w Bogdance","Lech L. Przychodzki","Lubelskie Przedsi\u0119biorstwo Budownictwa Przemys\u0142owego (tzw. Przemys\u0142\u00f3wka)","okres PRL","Polonia Restituta","pomnik \u017co\u0142nierzy Korpusu Ochrony Pogranicza (KOP) w Wytycznie","Ryszard Tomczyk","wyk\u0142adowca Wojskowej Akademii Technicznej (WAT)"],"articleSection":["Rzeczypospolita"],"inLanguage":"de","potentialAction":[{"@type":"CommentAction","name":"Comment","target":["https:\/\/siemysli-ke.info\/de\/slow-kilka-o-pomniku-zolnierzy-kop-w-wytycznym\/#respond"]}]},{"@type":"WebPage","@id":"https:\/\/siemysli-ke.info\/de\/slow-kilka-o-pomniku-zolnierzy-kop-w-wytycznym\/","url":"https:\/\/siemysli-ke.info\/de\/slow-kilka-o-pomniku-zolnierzy-kop-w-wytycznym\/","name":"(Polski) S\u0142\u00f3w kilka o pomniku \u017co\u0142nierzy KOP w Wytycznie - SI\u0118 MY\u015aLI","isPartOf":{"@id":"https:\/\/siemysli-ke.info\/de\/#website"},"primaryImageOfPage":{"@id":"https:\/\/siemysli-ke.info\/de\/slow-kilka-o-pomniku-zolnierzy-kop-w-wytycznym\/#primaryimage"},"image":{"@id":"https:\/\/siemysli-ke.info\/de\/slow-kilka-o-pomniku-zolnierzy-kop-w-wytycznym\/#primaryimage"},"thumbnailUrl":"https:\/\/siemysli-ke.info\/wp-content\/uploads\/2020\/02\/1-1.jpg","datePublished":"2020-02-05T19:53:48+00:00","dateModified":"2020-02-06T10:08:44+00:00","breadcrumb":{"@id":"https:\/\/siemysli-ke.info\/de\/slow-kilka-o-pomniku-zolnierzy-kop-w-wytycznym\/#breadcrumb"},"inLanguage":"de","potentialAction":[{"@type":"ReadAction","target":[["https:\/\/siemysli-ke.info\/de\/slow-kilka-o-pomniku-zolnierzy-kop-w-wytycznym\/"]]}]},{"@type":"ImageObject","inLanguage":"de","@id":"https:\/\/siemysli-ke.info\/de\/slow-kilka-o-pomniku-zolnierzy-kop-w-wytycznym\/#primaryimage","url":"https:\/\/siemysli-ke.info\/wp-content\/uploads\/2020\/02\/1-1.jpg","contentUrl":"https:\/\/siemysli-ke.info\/wp-content\/uploads\/2020\/02\/1-1.jpg","width":1728,"height":2304},{"@type":"BreadcrumbList","@id":"https:\/\/siemysli-ke.info\/de\/slow-kilka-o-pomniku-zolnierzy-kop-w-wytycznym\/#breadcrumb","itemListElement":[{"@type":"ListItem","position":1,"name":"Home","item":"https:\/\/siemysli-ke.info\/de\/"},{"@type":"ListItem","position":2,"name":"(Polski) S\u0142\u00f3w kilka o pomniku \u017co\u0142nierzy KOP w Wytycznie"}]},{"@type":"WebSite","@id":"https:\/\/siemysli-ke.info\/de\/#website","url":"https:\/\/siemysli-ke.info\/de\/","name":"SI\u0118 MY\u015aLI","description":"","publisher":{"@id":"https:\/\/siemysli-ke.info\/de\/#organization"},"potentialAction":[{"@type":"SearchAction","target":{"@type":"EntryPoint","urlTemplate":"https:\/\/siemysli-ke.info\/de\/?s={search_term_string}"},"query-input":{"@type":"PropertyValueSpecification","valueRequired":true,"valueName":"search_term_string"}}],"inLanguage":"de"},{"@type":"Organization","@id":"https:\/\/siemysli-ke.info\/de\/#organization","name":"SI\u0118 MY\u015aLI","url":"https:\/\/siemysli-ke.info\/de\/","logo":{"@type":"ImageObject","inLanguage":"de","@id":"https:\/\/siemysli-ke.info\/de\/#\/schema\/logo\/image\/","url":"https:\/\/siemysli-ke.info\/wp-content\/uploads\/2025\/05\/99.png","contentUrl":"https:\/\/siemysli-ke.info\/wp-content\/uploads\/2025\/05\/99.png","width":270,"height":204,"caption":"SI\u0118 MY\u015aLI"},"image":{"@id":"https:\/\/siemysli-ke.info\/de\/#\/schema\/logo\/image\/"}},{"@type":"Person","@id":"https:\/\/siemysli-ke.info\/#\/schema\/person\/75326687448d6abf738b156f56385210","name":"...","image":{"@type":"ImageObject","inLanguage":"de","@id":"https:\/\/siemysli-ke.info\/de\/#\/schema\/person\/image\/","url":"https:\/\/secure.gravatar.com\/avatar\/33a3c2559155e1b4add65cf88cafda785aeb920f44b97c7055b07866ab5b13c2?s=96&d=mm&r=g","contentUrl":"https:\/\/secure.gravatar.com\/avatar\/33a3c2559155e1b4add65cf88cafda785aeb920f44b97c7055b07866ab5b13c2?s=96&d=mm&r=g","caption":"..."},"url":"https:\/\/siemysli-ke.info\/de\/author\/lele\/"}]}},"_links":{"self":[{"href":"https:\/\/siemysli-ke.info\/de\/wp-json\/wp\/v2\/posts\/35021","targetHints":{"allow":["GET"]}}],"collection":[{"href":"https:\/\/siemysli-ke.info\/de\/wp-json\/wp\/v2\/posts"}],"about":[{"href":"https:\/\/siemysli-ke.info\/de\/wp-json\/wp\/v2\/types\/post"}],"author":[{"embeddable":true,"href":"https:\/\/siemysli-ke.info\/de\/wp-json\/wp\/v2\/users\/3"}],"replies":[{"embeddable":true,"href":"https:\/\/siemysli-ke.info\/de\/wp-json\/wp\/v2\/comments?post=35021"}],"version-history":[{"count":0,"href":"https:\/\/siemysli-ke.info\/de\/wp-json\/wp\/v2\/posts\/35021\/revisions"}],"wp:featuredmedia":[{"embeddable":true,"href":"https:\/\/siemysli-ke.info\/de\/wp-json\/wp\/v2\/media\/35022"}],"wp:attachment":[{"href":"https:\/\/siemysli-ke.info\/de\/wp-json\/wp\/v2\/media?parent=35021"}],"wp:term":[{"taxonomy":"category","embeddable":true,"href":"https:\/\/siemysli-ke.info\/de\/wp-json\/wp\/v2\/categories?post=35021"},{"taxonomy":"post_tag","embeddable":true,"href":"https:\/\/siemysli-ke.info\/de\/wp-json\/wp\/v2\/tags?post=35021"}],"curies":[{"name":"wp","href":"https:\/\/api.w.org\/{rel}","templated":true}]}}