 {"id":341,"date":"2011-10-17T11:41:19","date_gmt":"2011-10-17T11:41:19","guid":{"rendered":"http:\/\/www.bezjarzmowie.info.ke\/test\/?p=341"},"modified":"2013-11-16T19:28:03","modified_gmt":"2013-11-16T18:28:03","slug":"nacjonalizm-w-zglobalizowanej-europie","status":"publish","type":"post","link":"https:\/\/siemysli-ke.info\/de\/nacjonalizm-w-zglobalizowanej-europie\/","title":{"rendered":"Nacjonalizm w zglobalizowanej Europie"},"content":{"rendered":"<p class=\"MsoNormal\" style=\"text-align: justify; text-indent: 45.0pt;\">Wielu analityk\u00f3w i komentator\u00f3w zauwa\u017ca, \u017ce obecnie jeste\u015bmy w Europie \u015bwiadkami pewnego renesansu nacjonalizmu. Partie i si\u0142y polityczne, odwo\u0142uj\u0105ce si\u0119 do hase\u0142 i postulat\u00f3w nacjonalistycznych i narodowych, staj\u0105 si\u0119 coraz popularniejsze. Tym w\u0142a\u015bnie zagadnieniom po\u015bwi\u0119cona by\u0142a konferencja \u201eNacjonalizm, globalizm i przysz\u0142o\u015b\u0107 lewicy\u201d, kt\u00f3ra odby\u0142a si\u0119 w dniach 8\/9. pa\u017adziernika br. w Wilnie.<\/p>\n<p class=\"MsoNormal\" style=\"text-align: justify; text-indent: 45.0pt;\">Organizatorem konferencji by\u0142 nieformalny ruch lewicowy \u201eNowa Lewica\u201996\u201d (\u201eNaujoji Kaire\u201996\u201d), sk\u0142adaj\u0105cy si\u0119 przede wszystkim z przedstawicieli \u015bwiata akademickiego i pr\u00f3buj\u0105cy stworzy\u0107 na Litwie nowoczesn\u0105, europejsk\u0105 lewic\u0119. &#8211; W ten czy inny spos\u00f3b, mo\u017cna zauwa\u017cy\u0107, \u017ce nacjonalizm podnosi g\u0142ow\u0119 i radykalizuje si\u0119. Dlatego lewicowe si\u0142y musz\u0105 si\u0119 temu przeciwstawi\u0107 &#8211; tak scharakteryzowa\u0142 sens konferencji Andrius Bielskis, jeden z organizator\u00f3w i koordynator konferencji.<\/p>\n<p class=\"MsoNormal\" style=\"text-align: justify; text-indent: 45pt;\">Konferencja odby\u0142a si\u0119 w sali obrad sto\u0142ecznego samorz\u0105du.<span>\u00a0 <\/span>Pierwszego dnia na przyby\u0142o na ni\u0105 oko\u0142o 40 os\u00f3b. &#8211; Tyle ile jest obecnie os\u00f3b na sali, powinna mie\u0107 lewicowa frakcja w wile\u0144skim samorz\u0105dzie &#8211; za\u017cartowa\u0142 w s\u0142owie powitalnym Juras Po\u017e\u0117la, radny samorz\u0105du wile\u0144skiego z ramienia socjaldemokrat\u00f3w i jedna ze wschodz\u0105cych gwiazd tego ugrupowania. Na drugi dzie\u0144 \u201elewicowa frakcja\u201d znacznie si\u0119 skurczy\u0142a, bo na konferencj\u0119 zjawi\u0142o si\u0119 nie wi\u0119cej ni\u017c os\u00f3b 20. Zagraniczni go\u015bcie co pewien czas opuszczali sal\u0119, \u015bpiesz\u0105c si\u0119 na samolot lub poci\u0105g.<!--more--><\/p>\n<p class=\"MsoNormal\" style=\"text-align: justify; text-indent: 45.0pt;\">Na konferencj\u0119 przyby\u0142o wielu go\u015bci z kraj\u00f3w Europy Wschodniej i \u015arodkowej, w wi\u0119kszo\u015bci powi\u0105zanych lub sympatyzuj\u0105cych z r\u00f3\u017cnymi partiami lub organizacjami socjalistycznymi, ekologicznymi lub podobnej orientacji lewicowej. W\u0119gier Jacob Rigi z Central Europe University odczyta\u0142 wyk\u0142ad pt. \u201eDlaczego nacjonalizm jest anachroniczny\u201d, w kt\u00f3rym pr\u00f3bowa\u0142 udowodni\u0107, \u017ce poj\u0119cie narodu jest sztuczne i sprzeczne z post\u0119pem, a przysz\u0142o\u015b\u0107 nale\u017cy do socjalizmu. Natomiast Inaki Sanctacruz z Hiszpanii przybli\u017cy\u0142 zebranym histori\u0119 ruchu kooperatywnego \u201eMondragon\u201d z Kraju Bask\u00f3w, pokazuj\u0105c, \u017ce samoidentyfikacja narodowa czy regionalna nie powinna i\u015b\u0107 w sprzeczno\u015bci z lewicowymi ideami.<\/p>\n<p class=\"MsoNormal\" style=\"text-align: justify; text-indent: 45.0pt;\">\u0179r\u00f3de\u0142 europejskiego nacjonalizmu zebrani szukali w obecnym kryzysie ekonomicznym, emigracji z kraj\u00f3w Trzeciego \u015awiata czy nierozwi\u0105zanych lub zaniedbanych problemach z przesz\u0142o\u015bci. Niestety dyskutuj\u0105cym i wyk\u0142adaj\u0105cym bardziej udawa\u0142o si\u0119 zasygnalizowa\u0107 problemy ni\u017c znale\u017a\u0107 konkretne ich rozwi\u0105zania. Co \u015bwiadczy, jak przyznali si\u0119 sami uczestnicy, o pewnym kryzysie \u015bwiatopogl\u0105dowym i s\u0142abo\u015bci obecnej lewicy w Europie. Symptomatycznym by\u0142 wyk\u0142ad Gavina Rae z O\u015brodka My\u015bli Spo\u0142ecznej im. F. Lassale\u2019a w Warszawie, kt\u00f3ry na samym pocz\u0105tku zada\u0142 pytanie: Czy lewicy w Polsce uda si\u0119 prze\u0142ama\u0107 monopol prawicy na w\u0142adz\u0119? &#8211; i sam natychmiast na nie odpowiedzia\u0142 &#8211; Nie. Przynajmniej nie w najbli\u017cszym czasie.<\/p>\n<p class=\"MsoNormal\" style=\"text-align: justify; text-indent: 45.0pt;\">Martin Franc z Czech, reprezentuj\u0105cy Europejsk\u0105 Organizacj\u0119 Dialogu (SPED), przybli\u017cy\u0142 zebranym problem antyromskich wyst\u0105pie\u0144 w obecnych Czechach, kt\u00f3re nasili\u0142y si\u0119 zw\u0142aszcza w latach kryzysu ekonomicznego. Zreszt\u0105 problem romski nie dotyczy tylko Czech, podobne nastroje spo\u0142eczne panuj\u0105 w ca\u0142ej \u015arodkowej Europie, zaczynaj\u0105c od s\u0105siedniej S\u0142owacji, przez W\u0119gry z Rumuni\u0105, a\u017c po Bu\u0142gari\u0119. Ciekawostk\u0105 jest, \u017ce najbardziej silne nastroje antyromskie, s\u0105 w regionach tradycyjnie g\u0142osuj\u0105cych za lewicowe partie. &#8211; Socjaldemokraci faktycznie niczym nie r\u00f3\u017cni\u0105 si\u0119 od prawicy, je\u015bli chodzi o kwesti\u0119 romsk\u0105 &#8211; wyzna\u0142 zebranym Franc.<\/p>\n<p class=\"MsoNormal\" style=\"text-align: justify; text-indent: 45.0pt;\">Podobnie powiedzie\u0107 mo\u017cna o litewskiej lewicy. Na konferencji nie by\u0142o referat\u00f3w, bezpo\u015brednio dotycz\u0105cych obecnego konfliktu polsko-litewskiego. Do Wilna jednak przyby\u0142o kilku, jak na przyk\u0142ad wspomniany Gavin Rae czy Przemys\u0142aw Sadura, przedstawicieli m\u0142odej polskiej lewicy. Naturalne tedy, \u017ce co jaki\u015b czas rozmowa dotyka\u0142a dra\u017cliwych kwestii w stosunkach polsko-litewskich. Linas Eriksonas z niezale\u017cnego Instytutu Politycznej Analizy \u201eDemos\u201d win\u0105 za och\u0142odzenie stosunk\u00f3w mi\u0119dzy dwoma pa\u0144stwami obarczy\u0142 tylko polsk\u0105 stron\u0119, mimochodem u\u017cywaj\u0105c takich zwrot\u00f3w jak \u201ehisteria Tuska\u201d czy \u201enacjonalistyczny rz\u0105d w Warszawie\u201d. Zebranych r\u00f3wnie\u017c zdziwi\u0142a odpowied\u017a Gavina Rae, na pytanie: Czy polskie spo\u0142ecze\u0144stwo uto\u017csamia si\u0119 z polityk\u0105 Tuska wzgl\u0119dem Litwy? Przedstawiciel warszawskiego O\u015brodka My\u015bli Spo\u0142ecznej odpowiedzia\u0142, i\u017c co prawda nie jest specjalist\u0105 w danej dziedzinie i sytuacj\u0119 zna tylko z medi\u00f3w. &#8211; S\u0105dz\u0119 jednak, \u017ce obecnie spo\u0142ecze\u0144stwo polskie popiera polityk\u0119 swojego rz\u0105du wzgl\u0119dem Litwy i mniejszo\u015bci polskiej &#8211; oznajmi\u0142 zebranym Gavin Rae.<\/p>\n<p class=\"MsoNormal\" style=\"text-align: justify; text-indent: 45.0pt;\">\n<p class=\"MsoNormal\" style=\"text-align: right; text-indent: 45.0pt;\" align=\"right\"><strong>Antoni <em>Pacuk<\/em> Radczenko<\/strong><\/p>\n","protected":false},"excerpt":{"rendered":"<p>Wielu analityk\u00f3w i komentator\u00f3w zauwa\u017ca, \u017ce obecnie jeste\u015bmy w Europie \u015bwiadkami pewnego renesansu nacjonalizmu. Partie i si\u0142y polityczne, odwo\u0142uj\u0105ce si\u0119<\/p>\n","protected":false},"author":1,"featured_media":0,"comment_status":"open","ping_status":"open","sticky":false,"template":"","format":"standard","meta":{"colormag_page_layout":"default_layout","footnotes":""},"categories":[3,6],"tags":[534,536,539,542,532,540,535,541,531,538,533,537,543],"class_list":["post-341","post","type-post","status-publish","format-standard","hentry","category-kultura","category-ue","tag-antoni-pacuk-radczenko","tag-central-europe-university","tag-gavin-rae","tag-globalizm-i-przyszlosc-lewicy","tag-inaki-sanctacruz","tag-instytut-politycznej-analizy-demos","tag-jacob-rigi","tag-konferencja-nacjonalizm","tag-linas-eriksonas","tag-martin-franc","tag-wilno","tag-mondragon","tag-naujoji-kaire96"],"yoast_head":"<!-- This site is optimized with the Yoast SEO plugin v25.1 - https:\/\/yoast.com\/wordpress\/plugins\/seo\/ -->\n<title>Nacjonalizm w zglobalizowanej Europie - SI\u0118 MY\u015aLI<\/title>\n<meta name=\"robots\" content=\"index, follow, max-snippet:-1, max-image-preview:large, max-video-preview:-1\" \/>\n<link rel=\"canonical\" href=\"https:\/\/siemysli-ke.info\/de\/nacjonalizm-w-zglobalizowanej-europie\/\" \/>\n<meta property=\"og:locale\" content=\"de_DE\" \/>\n<meta property=\"og:type\" content=\"article\" \/>\n<meta property=\"og:title\" content=\"Nacjonalizm w zglobalizowanej Europie - SI\u0118 MY\u015aLI\" \/>\n<meta property=\"og:description\" content=\"Wielu analityk\u00f3w i komentator\u00f3w zauwa\u017ca, \u017ce obecnie jeste\u015bmy w Europie \u015bwiadkami pewnego renesansu nacjonalizmu. Partie i si\u0142y polityczne, odwo\u0142uj\u0105ce si\u0119\" \/>\n<meta property=\"og:url\" content=\"https:\/\/siemysli-ke.info\/de\/nacjonalizm-w-zglobalizowanej-europie\/\" \/>\n<meta property=\"og:site_name\" content=\"SI\u0118 MY\u015aLI\" \/>\n<meta property=\"article:published_time\" content=\"2011-10-17T11:41:19+00:00\" \/>\n<meta property=\"article:modified_time\" content=\"2013-11-16T18:28:03+00:00\" \/>\n<meta name=\"author\" content=\"admin\" \/>\n<meta name=\"twitter:label1\" content=\"Verfasst von\" \/>\n\t<meta name=\"twitter:data1\" content=\"admin\" \/>\n\t<meta name=\"twitter:label2\" content=\"Gesch\u00e4tzte Lesezeit\" \/>\n\t<meta name=\"twitter:data2\" content=\"4\u00a0Minuten\" \/>\n<script type=\"application\/ld+json\" class=\"yoast-schema-graph\">{\"@context\":\"https:\/\/schema.org\",\"@graph\":[{\"@type\":\"Article\",\"@id\":\"https:\/\/siemysli-ke.info\/de\/nacjonalizm-w-zglobalizowanej-europie\/#article\",\"isPartOf\":{\"@id\":\"https:\/\/siemysli-ke.info\/de\/nacjonalizm-w-zglobalizowanej-europie\/\"},\"author\":{\"name\":\"admin\",\"@id\":\"https:\/\/siemysli-ke.info\/#\/schema\/person\/048295918d7858e90e57d1a2c2b5da74\"},\"headline\":\"Nacjonalizm w zglobalizowanej Europie\",\"datePublished\":\"2011-10-17T11:41:19+00:00\",\"dateModified\":\"2013-11-16T18:28:03+00:00\",\"mainEntityOfPage\":{\"@id\":\"https:\/\/siemysli-ke.info\/de\/nacjonalizm-w-zglobalizowanej-europie\/\"},\"wordCount\":752,\"commentCount\":0,\"publisher\":{\"@id\":\"https:\/\/siemysli-ke.info\/#organization\"},\"keywords\":[\"Antoni Pacuk Radczenko\",\"Central Europe University\",\"Gavin Rae\",\"globalizm i przysz\u0142o\u015b\u0107 lewicy\u201d\",\"Inaki Sanctacruz\",\"Instytut Politycznej Analizy \u201eDemos\u201d\",\"Jacob Rigi\",\"konferencja \u201eNacjonalizm\",\"Linas Eriksonas\",\"Martin Franc\",\"Wilno\",\"\u201eMondragon\u201d\",\"\u201eNaujoji Kaire\u201996\u201d\"],\"articleSection\":[\"Kultura\",\"Unia Europejska\"],\"inLanguage\":\"de\",\"potentialAction\":[{\"@type\":\"CommentAction\",\"name\":\"Comment\",\"target\":[\"https:\/\/siemysli-ke.info\/de\/nacjonalizm-w-zglobalizowanej-europie\/#respond\"]}]},{\"@type\":\"WebPage\",\"@id\":\"https:\/\/siemysli-ke.info\/de\/nacjonalizm-w-zglobalizowanej-europie\/\",\"url\":\"https:\/\/siemysli-ke.info\/de\/nacjonalizm-w-zglobalizowanej-europie\/\",\"name\":\"Nacjonalizm w zglobalizowanej Europie - SI\u0118 MY\u015aLI\",\"isPartOf\":{\"@id\":\"https:\/\/siemysli-ke.info\/de\/#website\"},\"datePublished\":\"2011-10-17T11:41:19+00:00\",\"dateModified\":\"2013-11-16T18:28:03+00:00\",\"breadcrumb\":{\"@id\":\"https:\/\/siemysli-ke.info\/de\/nacjonalizm-w-zglobalizowanej-europie\/#breadcrumb\"},\"inLanguage\":\"de\",\"potentialAction\":[{\"@type\":\"ReadAction\",\"target\":[[\"https:\/\/siemysli-ke.info\/de\/nacjonalizm-w-zglobalizowanej-europie\/\"]]}]},{\"@type\":\"BreadcrumbList\",\"@id\":\"https:\/\/siemysli-ke.info\/de\/nacjonalizm-w-zglobalizowanej-europie\/#breadcrumb\",\"itemListElement\":[{\"@type\":\"ListItem\",\"position\":1,\"name\":\"Home\",\"item\":\"https:\/\/siemysli-ke.info\/de\/\"},{\"@type\":\"ListItem\",\"position\":2,\"name\":\"Nacjonalizm w zglobalizowanej Europie\"}]},{\"@type\":\"WebSite\",\"@id\":\"https:\/\/siemysli-ke.info\/de\/#website\",\"url\":\"https:\/\/siemysli-ke.info\/de\/\",\"name\":\"SI\u0118 MY\u015aLI\",\"description\":\"\",\"publisher\":{\"@id\":\"https:\/\/siemysli-ke.info\/de\/#organization\"},\"potentialAction\":[{\"@type\":\"SearchAction\",\"target\":{\"@type\":\"EntryPoint\",\"urlTemplate\":\"https:\/\/siemysli-ke.info\/de\/?s={search_term_string}\"},\"query-input\":{\"@type\":\"PropertyValueSpecification\",\"valueRequired\":true,\"valueName\":\"search_term_string\"}}],\"inLanguage\":\"de\"},{\"@type\":\"Organization\",\"@id\":\"https:\/\/siemysli-ke.info\/de\/#organization\",\"name\":\"SI\u0118 MY\u015aLI\",\"url\":\"https:\/\/siemysli-ke.info\/de\/\",\"logo\":{\"@type\":\"ImageObject\",\"inLanguage\":\"de\",\"@id\":\"https:\/\/siemysli-ke.info\/de\/#\/schema\/logo\/image\/\",\"url\":\"https:\/\/siemysli-ke.info\/wp-content\/uploads\/2025\/05\/99.png\",\"contentUrl\":\"https:\/\/siemysli-ke.info\/wp-content\/uploads\/2025\/05\/99.png\",\"width\":270,\"height\":204,\"caption\":\"SI\u0118 MY\u015aLI\"},\"image\":{\"@id\":\"https:\/\/siemysli-ke.info\/de\/#\/schema\/logo\/image\/\"}},{\"@type\":\"Person\",\"@id\":\"https:\/\/siemysli-ke.info\/#\/schema\/person\/048295918d7858e90e57d1a2c2b5da74\",\"name\":\"admin\",\"image\":{\"@type\":\"ImageObject\",\"inLanguage\":\"de\",\"@id\":\"https:\/\/siemysli-ke.info\/de\/#\/schema\/person\/image\/\",\"url\":\"https:\/\/secure.gravatar.com\/avatar\/9acf729117e1cff813c07ba085b25a76702049ffb5efe3425388cd1a019577de?s=96&d=mm&r=g\",\"contentUrl\":\"https:\/\/secure.gravatar.com\/avatar\/9acf729117e1cff813c07ba085b25a76702049ffb5efe3425388cd1a019577de?s=96&d=mm&r=g\",\"caption\":\"admin\"},\"url\":\"https:\/\/siemysli-ke.info\/de\/author\/admin\/\"}]}<\/script>\n<!-- \/ Yoast SEO plugin. -->","yoast_head_json":{"title":"Nacjonalizm w zglobalizowanej Europie - SI\u0118 MY\u015aLI","robots":{"index":"index","follow":"follow","max-snippet":"max-snippet:-1","max-image-preview":"max-image-preview:large","max-video-preview":"max-video-preview:-1"},"canonical":"https:\/\/siemysli-ke.info\/de\/nacjonalizm-w-zglobalizowanej-europie\/","og_locale":"de_DE","og_type":"article","og_title":"Nacjonalizm w zglobalizowanej Europie - SI\u0118 MY\u015aLI","og_description":"Wielu analityk\u00f3w i komentator\u00f3w zauwa\u017ca, \u017ce obecnie jeste\u015bmy w Europie \u015bwiadkami pewnego renesansu nacjonalizmu. Partie i si\u0142y polityczne, odwo\u0142uj\u0105ce si\u0119","og_url":"https:\/\/siemysli-ke.info\/de\/nacjonalizm-w-zglobalizowanej-europie\/","og_site_name":"SI\u0118 MY\u015aLI","article_published_time":"2011-10-17T11:41:19+00:00","article_modified_time":"2013-11-16T18:28:03+00:00","author":"admin","twitter_misc":{"Verfasst von":"admin","Gesch\u00e4tzte Lesezeit":"4\u00a0Minuten"},"schema":{"@context":"https:\/\/schema.org","@graph":[{"@type":"Article","@id":"https:\/\/siemysli-ke.info\/de\/nacjonalizm-w-zglobalizowanej-europie\/#article","isPartOf":{"@id":"https:\/\/siemysli-ke.info\/de\/nacjonalizm-w-zglobalizowanej-europie\/"},"author":{"name":"admin","@id":"https:\/\/siemysli-ke.info\/#\/schema\/person\/048295918d7858e90e57d1a2c2b5da74"},"headline":"Nacjonalizm w zglobalizowanej Europie","datePublished":"2011-10-17T11:41:19+00:00","dateModified":"2013-11-16T18:28:03+00:00","mainEntityOfPage":{"@id":"https:\/\/siemysli-ke.info\/de\/nacjonalizm-w-zglobalizowanej-europie\/"},"wordCount":752,"commentCount":0,"publisher":{"@id":"https:\/\/siemysli-ke.info\/#organization"},"keywords":["Antoni Pacuk Radczenko","Central Europe University","Gavin Rae","globalizm i przysz\u0142o\u015b\u0107 lewicy\u201d","Inaki Sanctacruz","Instytut Politycznej Analizy \u201eDemos\u201d","Jacob Rigi","konferencja \u201eNacjonalizm","Linas Eriksonas","Martin Franc","Wilno","\u201eMondragon\u201d","\u201eNaujoji Kaire\u201996\u201d"],"articleSection":["Kultura","Unia Europejska"],"inLanguage":"de","potentialAction":[{"@type":"CommentAction","name":"Comment","target":["https:\/\/siemysli-ke.info\/de\/nacjonalizm-w-zglobalizowanej-europie\/#respond"]}]},{"@type":"WebPage","@id":"https:\/\/siemysli-ke.info\/de\/nacjonalizm-w-zglobalizowanej-europie\/","url":"https:\/\/siemysli-ke.info\/de\/nacjonalizm-w-zglobalizowanej-europie\/","name":"Nacjonalizm w zglobalizowanej Europie - SI\u0118 MY\u015aLI","isPartOf":{"@id":"https:\/\/siemysli-ke.info\/de\/#website"},"datePublished":"2011-10-17T11:41:19+00:00","dateModified":"2013-11-16T18:28:03+00:00","breadcrumb":{"@id":"https:\/\/siemysli-ke.info\/de\/nacjonalizm-w-zglobalizowanej-europie\/#breadcrumb"},"inLanguage":"de","potentialAction":[{"@type":"ReadAction","target":[["https:\/\/siemysli-ke.info\/de\/nacjonalizm-w-zglobalizowanej-europie\/"]]}]},{"@type":"BreadcrumbList","@id":"https:\/\/siemysli-ke.info\/de\/nacjonalizm-w-zglobalizowanej-europie\/#breadcrumb","itemListElement":[{"@type":"ListItem","position":1,"name":"Home","item":"https:\/\/siemysli-ke.info\/de\/"},{"@type":"ListItem","position":2,"name":"Nacjonalizm w zglobalizowanej Europie"}]},{"@type":"WebSite","@id":"https:\/\/siemysli-ke.info\/de\/#website","url":"https:\/\/siemysli-ke.info\/de\/","name":"SI\u0118 MY\u015aLI","description":"","publisher":{"@id":"https:\/\/siemysli-ke.info\/de\/#organization"},"potentialAction":[{"@type":"SearchAction","target":{"@type":"EntryPoint","urlTemplate":"https:\/\/siemysli-ke.info\/de\/?s={search_term_string}"},"query-input":{"@type":"PropertyValueSpecification","valueRequired":true,"valueName":"search_term_string"}}],"inLanguage":"de"},{"@type":"Organization","@id":"https:\/\/siemysli-ke.info\/de\/#organization","name":"SI\u0118 MY\u015aLI","url":"https:\/\/siemysli-ke.info\/de\/","logo":{"@type":"ImageObject","inLanguage":"de","@id":"https:\/\/siemysli-ke.info\/de\/#\/schema\/logo\/image\/","url":"https:\/\/siemysli-ke.info\/wp-content\/uploads\/2025\/05\/99.png","contentUrl":"https:\/\/siemysli-ke.info\/wp-content\/uploads\/2025\/05\/99.png","width":270,"height":204,"caption":"SI\u0118 MY\u015aLI"},"image":{"@id":"https:\/\/siemysli-ke.info\/de\/#\/schema\/logo\/image\/"}},{"@type":"Person","@id":"https:\/\/siemysli-ke.info\/#\/schema\/person\/048295918d7858e90e57d1a2c2b5da74","name":"admin","image":{"@type":"ImageObject","inLanguage":"de","@id":"https:\/\/siemysli-ke.info\/de\/#\/schema\/person\/image\/","url":"https:\/\/secure.gravatar.com\/avatar\/9acf729117e1cff813c07ba085b25a76702049ffb5efe3425388cd1a019577de?s=96&d=mm&r=g","contentUrl":"https:\/\/secure.gravatar.com\/avatar\/9acf729117e1cff813c07ba085b25a76702049ffb5efe3425388cd1a019577de?s=96&d=mm&r=g","caption":"admin"},"url":"https:\/\/siemysli-ke.info\/de\/author\/admin\/"}]}},"_links":{"self":[{"href":"https:\/\/siemysli-ke.info\/de\/wp-json\/wp\/v2\/posts\/341","targetHints":{"allow":["GET"]}}],"collection":[{"href":"https:\/\/siemysli-ke.info\/de\/wp-json\/wp\/v2\/posts"}],"about":[{"href":"https:\/\/siemysli-ke.info\/de\/wp-json\/wp\/v2\/types\/post"}],"author":[{"embeddable":true,"href":"https:\/\/siemysli-ke.info\/de\/wp-json\/wp\/v2\/users\/1"}],"replies":[{"embeddable":true,"href":"https:\/\/siemysli-ke.info\/de\/wp-json\/wp\/v2\/comments?post=341"}],"version-history":[{"count":0,"href":"https:\/\/siemysli-ke.info\/de\/wp-json\/wp\/v2\/posts\/341\/revisions"}],"wp:attachment":[{"href":"https:\/\/siemysli-ke.info\/de\/wp-json\/wp\/v2\/media?parent=341"}],"wp:term":[{"taxonomy":"category","embeddable":true,"href":"https:\/\/siemysli-ke.info\/de\/wp-json\/wp\/v2\/categories?post=341"},{"taxonomy":"post_tag","embeddable":true,"href":"https:\/\/siemysli-ke.info\/de\/wp-json\/wp\/v2\/tags?post=341"}],"curies":[{"name":"wp","href":"https:\/\/api.w.org\/{rel}","templated":true}]}}