 {"id":33702,"date":"2019-07-02T16:04:10","date_gmt":"2019-07-02T14:04:10","guid":{"rendered":"http:\/\/www.siemysli.info.ke\/?p=33702"},"modified":"2019-07-02T16:31:01","modified_gmt":"2019-07-02T14:31:01","slug":"prezes-krystyna-mokrosinska-czlonkiem-rem","status":"publish","type":"post","link":"https:\/\/siemysli-ke.info\/de\/prezes-krystyna-mokrosinska-czlonkiem-rem\/","title":{"rendered":"(Polski) Prezes Krystyna Mokrosi\u0144ska cz\u0142onkiem REM"},"content":{"rendered":"<p class=\"qtranxs-available-languages-message qtranxs-available-languages-message-de\">Leider ist der Eintrag nur auf <a href=\"https:\/\/siemysli-ke.info\/pl\/wp-json\/wp\/v2\/posts\/33702\" class=\"qtranxs-available-language-link qtranxs-available-language-link-pl\" title=\"Polski\">Polski<\/a> verf\u00fcgbar.<\/p>","protected":false},"excerpt":{"rendered":"<p>Leider ist der Eintrag nur auf Polski verf\u00fcgbar.<\/p>\n","protected":false},"author":3,"featured_media":33703,"comment_status":"open","ping_status":"open","sticky":false,"template":"","format":"standard","meta":{"colormag_page_layout":"default_layout","footnotes":""},"categories":[3],"tags":[10202,15011,15174,14586,15177,15176,15175,3679],"class_list":["post-33702","post","type-post","status-publish","format-standard","has-post-thumbnail","hentry","category-kultura","tag-boguslaw-sarat","tag-boguslaw-sarat-prezes-oddzialu-na-wychodzstwie-sdp-lublin","tag-krystyna-mokrosinska","tag-oddzial-na-wychodzstwie-sdp-lublin","tag-oddzial-warminsko-mazurski-sdp-olsztyn","tag-rada-etyki-mediow","tag-ryszard-bankowicz","tag-stowarzyszenie-dziennikarzy-polskich"],"yoast_head":"<!-- This site is optimized with the Yoast SEO plugin v25.1 - https:\/\/yoast.com\/wordpress\/plugins\/seo\/ -->\n<title>(Polski) Prezes Krystyna Mokrosi\u0144ska cz\u0142onkiem REM - SI\u0118 MY\u015aLI<\/title>\n<meta name=\"robots\" content=\"index, follow, max-snippet:-1, max-image-preview:large, max-video-preview:-1\" \/>\n<link rel=\"canonical\" href=\"https:\/\/siemysli-ke.info\/de\/prezes-krystyna-mokrosinska-czlonkiem-rem\/\" \/>\n<meta property=\"og:locale\" content=\"de_DE\" \/>\n<meta property=\"og:type\" content=\"article\" \/>\n<meta property=\"og:title\" content=\"(Polski) Prezes Krystyna Mokrosi\u0144ska cz\u0142onkiem REM - SI\u0118 MY\u015aLI\" \/>\n<meta property=\"og:description\" content=\"Leider ist der Eintrag nur auf Polski verf\u00fcgbar.\" \/>\n<meta property=\"og:url\" content=\"https:\/\/siemysli-ke.info\/de\/prezes-krystyna-mokrosinska-czlonkiem-rem\/\" \/>\n<meta property=\"og:site_name\" content=\"SI\u0118 MY\u015aLI\" \/>\n<meta property=\"article:published_time\" content=\"2019-07-02T14:04:10+00:00\" \/>\n<meta property=\"article:modified_time\" content=\"2019-07-02T14:31:01+00:00\" \/>\n<meta property=\"og:image\" content=\"https:\/\/siemysli-ke.info\/wp-content\/uploads\/2019\/07\/REM.jpg\" \/>\n\t<meta property=\"og:image:width\" content=\"521\" \/>\n\t<meta property=\"og:image:height\" content=\"181\" \/>\n\t<meta property=\"og:image:type\" content=\"image\/jpeg\" \/>\n<meta name=\"author\" content=\"...\" \/>\n<meta name=\"twitter:label1\" content=\"Verfasst von\" \/>\n\t<meta name=\"twitter:data1\" content=\"...\" \/>\n\t<meta name=\"twitter:label2\" content=\"Gesch\u00e4tzte Lesezeit\" \/>\n\t<meta name=\"twitter:data2\" content=\"6\u00a0Minuten\" \/>\n<script type=\"application\/ld+json\" class=\"yoast-schema-graph\">{\"@context\":\"https:\/\/schema.org\",\"@graph\":[{\"@type\":\"Article\",\"@id\":\"https:\/\/siemysli-ke.info\/de\/prezes-krystyna-mokrosinska-czlonkiem-rem\/#article\",\"isPartOf\":{\"@id\":\"https:\/\/siemysli-ke.info\/de\/prezes-krystyna-mokrosinska-czlonkiem-rem\/\"},\"author\":{\"name\":\"...\",\"@id\":\"https:\/\/siemysli-ke.info\/#\/schema\/person\/75326687448d6abf738b156f56385210\"},\"headline\":\"(Polski) Prezes Krystyna Mokrosi\u0144ska cz\u0142onkiem REM\",\"datePublished\":\"2019-07-02T14:04:10+00:00\",\"dateModified\":\"2019-07-02T14:31:01+00:00\",\"mainEntityOfPage\":{\"@id\":\"https:\/\/siemysli-ke.info\/de\/prezes-krystyna-mokrosinska-czlonkiem-rem\/\"},\"wordCount\":1152,\"commentCount\":0,\"publisher\":{\"@id\":\"https:\/\/siemysli-ke.info\/#organization\"},\"image\":{\"@id\":\"https:\/\/siemysli-ke.info\/de\/prezes-krystyna-mokrosinska-czlonkiem-rem\/#primaryimage\"},\"thumbnailUrl\":\"https:\/\/siemysli-ke.info\/wp-content\/uploads\/2019\/07\/REM.jpg\",\"keywords\":[\"Bogus\u0142aw Sarat\",\"Bogus\u0142aw Sarat - Prezes Oddzia\u0142u na Wychod\u017astwie SDP-Lublin\",\"Krystyna Mokrosi\u0144ska\",\"Oddzia\u0142 na Wychod\u017astwie SDP-Lublin\",\"Oddzia\u0142 Warmi\u0144sko-Mazurski SDP-Olsztyn\",\"Rada Etyki Medi\u00f3w\",\"Ryszard Ba\u0144kowicz\",\"Stowarzyszenie Dziennikarzy Polskich\"],\"articleSection\":[\"Kultura\"],\"inLanguage\":\"de\",\"potentialAction\":[{\"@type\":\"CommentAction\",\"name\":\"Comment\",\"target\":[\"https:\/\/siemysli-ke.info\/de\/prezes-krystyna-mokrosinska-czlonkiem-rem\/#respond\"]}]},{\"@type\":\"WebPage\",\"@id\":\"https:\/\/siemysli-ke.info\/de\/prezes-krystyna-mokrosinska-czlonkiem-rem\/\",\"url\":\"https:\/\/siemysli-ke.info\/de\/prezes-krystyna-mokrosinska-czlonkiem-rem\/\",\"name\":\"(Polski) Prezes Krystyna Mokrosi\u0144ska cz\u0142onkiem REM - SI\u0118 MY\u015aLI\",\"isPartOf\":{\"@id\":\"https:\/\/siemysli-ke.info\/de\/#website\"},\"primaryImageOfPage\":{\"@id\":\"https:\/\/siemysli-ke.info\/de\/prezes-krystyna-mokrosinska-czlonkiem-rem\/#primaryimage\"},\"image\":{\"@id\":\"https:\/\/siemysli-ke.info\/de\/prezes-krystyna-mokrosinska-czlonkiem-rem\/#primaryimage\"},\"thumbnailUrl\":\"https:\/\/siemysli-ke.info\/wp-content\/uploads\/2019\/07\/REM.jpg\",\"datePublished\":\"2019-07-02T14:04:10+00:00\",\"dateModified\":\"2019-07-02T14:31:01+00:00\",\"breadcrumb\":{\"@id\":\"https:\/\/siemysli-ke.info\/de\/prezes-krystyna-mokrosinska-czlonkiem-rem\/#breadcrumb\"},\"inLanguage\":\"de\",\"potentialAction\":[{\"@type\":\"ReadAction\",\"target\":[[\"https:\/\/siemysli-ke.info\/de\/prezes-krystyna-mokrosinska-czlonkiem-rem\/\"]]}]},{\"@type\":\"ImageObject\",\"inLanguage\":\"de\",\"@id\":\"https:\/\/siemysli-ke.info\/de\/prezes-krystyna-mokrosinska-czlonkiem-rem\/#primaryimage\",\"url\":\"https:\/\/siemysli-ke.info\/wp-content\/uploads\/2019\/07\/REM.jpg\",\"contentUrl\":\"https:\/\/siemysli-ke.info\/wp-content\/uploads\/2019\/07\/REM.jpg\",\"width\":521,\"height\":181},{\"@type\":\"BreadcrumbList\",\"@id\":\"https:\/\/siemysli-ke.info\/de\/prezes-krystyna-mokrosinska-czlonkiem-rem\/#breadcrumb\",\"itemListElement\":[{\"@type\":\"ListItem\",\"position\":1,\"name\":\"Home\",\"item\":\"https:\/\/siemysli-ke.info\/de\/\"},{\"@type\":\"ListItem\",\"position\":2,\"name\":\"(Polski) Prezes Krystyna Mokrosi\u0144ska cz\u0142onkiem REM\"}]},{\"@type\":\"WebSite\",\"@id\":\"https:\/\/siemysli-ke.info\/de\/#website\",\"url\":\"https:\/\/siemysli-ke.info\/de\/\",\"name\":\"SI\u0118 MY\u015aLI\",\"description\":\"\",\"publisher\":{\"@id\":\"https:\/\/siemysli-ke.info\/de\/#organization\"},\"potentialAction\":[{\"@type\":\"SearchAction\",\"target\":{\"@type\":\"EntryPoint\",\"urlTemplate\":\"https:\/\/siemysli-ke.info\/de\/?s={search_term_string}\"},\"query-input\":{\"@type\":\"PropertyValueSpecification\",\"valueRequired\":true,\"valueName\":\"search_term_string\"}}],\"inLanguage\":\"de\"},{\"@type\":\"Organization\",\"@id\":\"https:\/\/siemysli-ke.info\/de\/#organization\",\"name\":\"SI\u0118 MY\u015aLI\",\"url\":\"https:\/\/siemysli-ke.info\/de\/\",\"logo\":{\"@type\":\"ImageObject\",\"inLanguage\":\"de\",\"@id\":\"https:\/\/siemysli-ke.info\/de\/#\/schema\/logo\/image\/\",\"url\":\"https:\/\/siemysli-ke.info\/wp-content\/uploads\/2025\/05\/99.png\",\"contentUrl\":\"https:\/\/siemysli-ke.info\/wp-content\/uploads\/2025\/05\/99.png\",\"width\":270,\"height\":204,\"caption\":\"SI\u0118 MY\u015aLI\"},\"image\":{\"@id\":\"https:\/\/siemysli-ke.info\/de\/#\/schema\/logo\/image\/\"}},{\"@type\":\"Person\",\"@id\":\"https:\/\/siemysli-ke.info\/#\/schema\/person\/75326687448d6abf738b156f56385210\",\"name\":\"...\",\"image\":{\"@type\":\"ImageObject\",\"inLanguage\":\"de\",\"@id\":\"https:\/\/siemysli-ke.info\/de\/#\/schema\/person\/image\/\",\"url\":\"https:\/\/secure.gravatar.com\/avatar\/33a3c2559155e1b4add65cf88cafda785aeb920f44b97c7055b07866ab5b13c2?s=96&d=mm&r=g\",\"contentUrl\":\"https:\/\/secure.gravatar.com\/avatar\/33a3c2559155e1b4add65cf88cafda785aeb920f44b97c7055b07866ab5b13c2?s=96&d=mm&r=g\",\"caption\":\"...\"},\"url\":\"https:\/\/siemysli-ke.info\/de\/author\/lele\/\"}]}<\/script>\n<!-- \/ Yoast SEO plugin. -->","yoast_head_json":{"title":"(Polski) Prezes Krystyna Mokrosi\u0144ska cz\u0142onkiem REM - SI\u0118 MY\u015aLI","robots":{"index":"index","follow":"follow","max-snippet":"max-snippet:-1","max-image-preview":"max-image-preview:large","max-video-preview":"max-video-preview:-1"},"canonical":"https:\/\/siemysli-ke.info\/de\/prezes-krystyna-mokrosinska-czlonkiem-rem\/","og_locale":"de_DE","og_type":"article","og_title":"(Polski) Prezes Krystyna Mokrosi\u0144ska cz\u0142onkiem REM - SI\u0118 MY\u015aLI","og_description":"Leider ist der Eintrag nur auf Polski verf\u00fcgbar.","og_url":"https:\/\/siemysli-ke.info\/de\/prezes-krystyna-mokrosinska-czlonkiem-rem\/","og_site_name":"SI\u0118 MY\u015aLI","article_published_time":"2019-07-02T14:04:10+00:00","article_modified_time":"2019-07-02T14:31:01+00:00","og_image":[{"width":521,"height":181,"url":"https:\/\/siemysli-ke.info\/wp-content\/uploads\/2019\/07\/REM.jpg","type":"image\/jpeg"}],"author":"...","twitter_misc":{"Verfasst von":"...","Gesch\u00e4tzte Lesezeit":"6\u00a0Minuten"},"schema":{"@context":"https:\/\/schema.org","@graph":[{"@type":"Article","@id":"https:\/\/siemysli-ke.info\/de\/prezes-krystyna-mokrosinska-czlonkiem-rem\/#article","isPartOf":{"@id":"https:\/\/siemysli-ke.info\/de\/prezes-krystyna-mokrosinska-czlonkiem-rem\/"},"author":{"name":"...","@id":"https:\/\/siemysli-ke.info\/#\/schema\/person\/75326687448d6abf738b156f56385210"},"headline":"(Polski) Prezes Krystyna Mokrosi\u0144ska cz\u0142onkiem REM","datePublished":"2019-07-02T14:04:10+00:00","dateModified":"2019-07-02T14:31:01+00:00","mainEntityOfPage":{"@id":"https:\/\/siemysli-ke.info\/de\/prezes-krystyna-mokrosinska-czlonkiem-rem\/"},"wordCount":1152,"commentCount":0,"publisher":{"@id":"https:\/\/siemysli-ke.info\/#organization"},"image":{"@id":"https:\/\/siemysli-ke.info\/de\/prezes-krystyna-mokrosinska-czlonkiem-rem\/#primaryimage"},"thumbnailUrl":"https:\/\/siemysli-ke.info\/wp-content\/uploads\/2019\/07\/REM.jpg","keywords":["Bogus\u0142aw Sarat","Bogus\u0142aw Sarat - Prezes Oddzia\u0142u na Wychod\u017astwie SDP-Lublin","Krystyna Mokrosi\u0144ska","Oddzia\u0142 na Wychod\u017astwie SDP-Lublin","Oddzia\u0142 Warmi\u0144sko-Mazurski SDP-Olsztyn","Rada Etyki Medi\u00f3w","Ryszard Ba\u0144kowicz","Stowarzyszenie Dziennikarzy Polskich"],"articleSection":["Kultura"],"inLanguage":"de","potentialAction":[{"@type":"CommentAction","name":"Comment","target":["https:\/\/siemysli-ke.info\/de\/prezes-krystyna-mokrosinska-czlonkiem-rem\/#respond"]}]},{"@type":"WebPage","@id":"https:\/\/siemysli-ke.info\/de\/prezes-krystyna-mokrosinska-czlonkiem-rem\/","url":"https:\/\/siemysli-ke.info\/de\/prezes-krystyna-mokrosinska-czlonkiem-rem\/","name":"(Polski) Prezes Krystyna Mokrosi\u0144ska cz\u0142onkiem REM - SI\u0118 MY\u015aLI","isPartOf":{"@id":"https:\/\/siemysli-ke.info\/de\/#website"},"primaryImageOfPage":{"@id":"https:\/\/siemysli-ke.info\/de\/prezes-krystyna-mokrosinska-czlonkiem-rem\/#primaryimage"},"image":{"@id":"https:\/\/siemysli-ke.info\/de\/prezes-krystyna-mokrosinska-czlonkiem-rem\/#primaryimage"},"thumbnailUrl":"https:\/\/siemysli-ke.info\/wp-content\/uploads\/2019\/07\/REM.jpg","datePublished":"2019-07-02T14:04:10+00:00","dateModified":"2019-07-02T14:31:01+00:00","breadcrumb":{"@id":"https:\/\/siemysli-ke.info\/de\/prezes-krystyna-mokrosinska-czlonkiem-rem\/#breadcrumb"},"inLanguage":"de","potentialAction":[{"@type":"ReadAction","target":[["https:\/\/siemysli-ke.info\/de\/prezes-krystyna-mokrosinska-czlonkiem-rem\/"]]}]},{"@type":"ImageObject","inLanguage":"de","@id":"https:\/\/siemysli-ke.info\/de\/prezes-krystyna-mokrosinska-czlonkiem-rem\/#primaryimage","url":"https:\/\/siemysli-ke.info\/wp-content\/uploads\/2019\/07\/REM.jpg","contentUrl":"https:\/\/siemysli-ke.info\/wp-content\/uploads\/2019\/07\/REM.jpg","width":521,"height":181},{"@type":"BreadcrumbList","@id":"https:\/\/siemysli-ke.info\/de\/prezes-krystyna-mokrosinska-czlonkiem-rem\/#breadcrumb","itemListElement":[{"@type":"ListItem","position":1,"name":"Home","item":"https:\/\/siemysli-ke.info\/de\/"},{"@type":"ListItem","position":2,"name":"(Polski) Prezes Krystyna Mokrosi\u0144ska cz\u0142onkiem REM"}]},{"@type":"WebSite","@id":"https:\/\/siemysli-ke.info\/de\/#website","url":"https:\/\/siemysli-ke.info\/de\/","name":"SI\u0118 MY\u015aLI","description":"","publisher":{"@id":"https:\/\/siemysli-ke.info\/de\/#organization"},"potentialAction":[{"@type":"SearchAction","target":{"@type":"EntryPoint","urlTemplate":"https:\/\/siemysli-ke.info\/de\/?s={search_term_string}"},"query-input":{"@type":"PropertyValueSpecification","valueRequired":true,"valueName":"search_term_string"}}],"inLanguage":"de"},{"@type":"Organization","@id":"https:\/\/siemysli-ke.info\/de\/#organization","name":"SI\u0118 MY\u015aLI","url":"https:\/\/siemysli-ke.info\/de\/","logo":{"@type":"ImageObject","inLanguage":"de","@id":"https:\/\/siemysli-ke.info\/de\/#\/schema\/logo\/image\/","url":"https:\/\/siemysli-ke.info\/wp-content\/uploads\/2025\/05\/99.png","contentUrl":"https:\/\/siemysli-ke.info\/wp-content\/uploads\/2025\/05\/99.png","width":270,"height":204,"caption":"SI\u0118 MY\u015aLI"},"image":{"@id":"https:\/\/siemysli-ke.info\/de\/#\/schema\/logo\/image\/"}},{"@type":"Person","@id":"https:\/\/siemysli-ke.info\/#\/schema\/person\/75326687448d6abf738b156f56385210","name":"...","image":{"@type":"ImageObject","inLanguage":"de","@id":"https:\/\/siemysli-ke.info\/de\/#\/schema\/person\/image\/","url":"https:\/\/secure.gravatar.com\/avatar\/33a3c2559155e1b4add65cf88cafda785aeb920f44b97c7055b07866ab5b13c2?s=96&d=mm&r=g","contentUrl":"https:\/\/secure.gravatar.com\/avatar\/33a3c2559155e1b4add65cf88cafda785aeb920f44b97c7055b07866ab5b13c2?s=96&d=mm&r=g","caption":"..."},"url":"https:\/\/siemysli-ke.info\/de\/author\/lele\/"}]}},"_links":{"self":[{"href":"https:\/\/siemysli-ke.info\/de\/wp-json\/wp\/v2\/posts\/33702","targetHints":{"allow":["GET"]}}],"collection":[{"href":"https:\/\/siemysli-ke.info\/de\/wp-json\/wp\/v2\/posts"}],"about":[{"href":"https:\/\/siemysli-ke.info\/de\/wp-json\/wp\/v2\/types\/post"}],"author":[{"embeddable":true,"href":"https:\/\/siemysli-ke.info\/de\/wp-json\/wp\/v2\/users\/3"}],"replies":[{"embeddable":true,"href":"https:\/\/siemysli-ke.info\/de\/wp-json\/wp\/v2\/comments?post=33702"}],"version-history":[{"count":0,"href":"https:\/\/siemysli-ke.info\/de\/wp-json\/wp\/v2\/posts\/33702\/revisions"}],"wp:featuredmedia":[{"embeddable":true,"href":"https:\/\/siemysli-ke.info\/de\/wp-json\/wp\/v2\/media\/33703"}],"wp:attachment":[{"href":"https:\/\/siemysli-ke.info\/de\/wp-json\/wp\/v2\/media?parent=33702"}],"wp:term":[{"taxonomy":"category","embeddable":true,"href":"https:\/\/siemysli-ke.info\/de\/wp-json\/wp\/v2\/categories?post=33702"},{"taxonomy":"post_tag","embeddable":true,"href":"https:\/\/siemysli-ke.info\/de\/wp-json\/wp\/v2\/tags?post=33702"}],"curies":[{"name":"wp","href":"https:\/\/api.w.org\/{rel}","templated":true}]}}