 {"id":31459,"date":"2018-12-05T01:31:34","date_gmt":"2018-12-05T00:31:34","guid":{"rendered":"http:\/\/www.siemysli.info.ke\/?p=31459"},"modified":"2018-12-05T01:31:34","modified_gmt":"2018-12-05T00:31:34","slug":"mieszkancy-knurowa-w-holdzie-dla-swojej-patronki","status":"publish","type":"post","link":"https:\/\/siemysli-ke.info\/de\/mieszkancy-knurowa-w-holdzie-dla-swojej-patronki\/","title":{"rendered":"(Polski) Mieszka\u0144cy Knurowa w ho\u0142dzie dla swojej patronki"},"content":{"rendered":"<p class=\"qtranxs-available-languages-message qtranxs-available-languages-message-de\">Leider ist der Eintrag nur auf <a href=\"https:\/\/siemysli-ke.info\/pl\/wp-json\/wp\/v2\/posts\/31459\" class=\"qtranxs-available-language-link qtranxs-available-language-link-pl\" title=\"Polski\">Polski<\/a> verf\u00fcgbar.<\/p>","protected":false},"excerpt":{"rendered":"<p>Leider ist der Eintrag nur auf Polski verf\u00fcgbar.<\/p>\n","protected":false},"author":3,"featured_media":31460,"comment_status":"open","ping_status":"open","sticky":false,"template":"","format":"standard","meta":{"colormag_page_layout":"default_layout","footnotes":""},"categories":[81],"tags":[13106,13107,13108,13105,228,13102,13103,13104,4244,5705,2550,4313,6117],"class_list":["post-31459","post","type-post","status-publish","format-standard","has-post-thumbnail","hentry","category-rzeczpospolita","tag-arcybiskup","tag-barborka-2018","tag-bielszowice","tag-gorniczy-stan","tag-gorny-slask","tag-kosciol-pod-wezwaniem-sw-sw-cyryla-i-metodego-w-knurowie","tag-nasi-gornicy","tag-obrazek-sw-barbary","tag-orkiestra-deta-kwk-knurow","tag-ruda-slaska","tag-tadeusz-puchalka","tag-tragedia-gornoslaska","tag-wiktor-skworc"],"yoast_head":"<!-- This site is optimized with the Yoast SEO plugin v25.1 - https:\/\/yoast.com\/wordpress\/plugins\/seo\/ -->\n<title>(Polski) Mieszka\u0144cy Knurowa w ho\u0142dzie dla swojej patronki - SI\u0118 MY\u015aLI<\/title>\n<meta name=\"robots\" content=\"index, follow, max-snippet:-1, max-image-preview:large, max-video-preview:-1\" \/>\n<link rel=\"canonical\" href=\"https:\/\/siemysli-ke.info\/de\/mieszkancy-knurowa-w-holdzie-dla-swojej-patronki\/\" \/>\n<meta property=\"og:locale\" content=\"de_DE\" \/>\n<meta property=\"og:type\" content=\"article\" \/>\n<meta property=\"og:title\" content=\"(Polski) Mieszka\u0144cy Knurowa w ho\u0142dzie dla swojej patronki - SI\u0118 MY\u015aLI\" \/>\n<meta property=\"og:description\" content=\"Leider ist der Eintrag nur auf Polski verf\u00fcgbar.\" \/>\n<meta property=\"og:url\" content=\"https:\/\/siemysli-ke.info\/de\/mieszkancy-knurowa-w-holdzie-dla-swojej-patronki\/\" \/>\n<meta property=\"og:site_name\" content=\"SI\u0118 MY\u015aLI\" \/>\n<meta property=\"article:published_time\" content=\"2018-12-05T00:31:34+00:00\" \/>\n<meta property=\"og:image\" content=\"https:\/\/siemysli-ke.info\/wp-content\/uploads\/2018\/12\/DSC_0510.jpg\" \/>\n\t<meta property=\"og:image:width\" content=\"1024\" \/>\n\t<meta property=\"og:image:height\" content=\"681\" \/>\n\t<meta property=\"og:image:type\" content=\"image\/jpeg\" \/>\n<meta name=\"author\" content=\"...\" \/>\n<meta name=\"twitter:label1\" content=\"Verfasst von\" \/>\n\t<meta name=\"twitter:data1\" content=\"...\" \/>\n\t<meta name=\"twitter:label2\" content=\"Gesch\u00e4tzte Lesezeit\" \/>\n\t<meta name=\"twitter:data2\" content=\"5\u00a0Minuten\" \/>\n<script type=\"application\/ld+json\" class=\"yoast-schema-graph\">{\"@context\":\"https:\/\/schema.org\",\"@graph\":[{\"@type\":\"Article\",\"@id\":\"https:\/\/siemysli-ke.info\/de\/mieszkancy-knurowa-w-holdzie-dla-swojej-patronki\/#article\",\"isPartOf\":{\"@id\":\"https:\/\/siemysli-ke.info\/de\/mieszkancy-knurowa-w-holdzie-dla-swojej-patronki\/\"},\"author\":{\"name\":\"...\",\"@id\":\"https:\/\/siemysli-ke.info\/#\/schema\/person\/75326687448d6abf738b156f56385210\"},\"headline\":\"(Polski) Mieszka\u0144cy Knurowa w ho\u0142dzie dla swojej patronki\",\"datePublished\":\"2018-12-05T00:31:34+00:00\",\"mainEntityOfPage\":{\"@id\":\"https:\/\/siemysli-ke.info\/de\/mieszkancy-knurowa-w-holdzie-dla-swojej-patronki\/\"},\"wordCount\":1024,\"commentCount\":0,\"publisher\":{\"@id\":\"https:\/\/siemysli-ke.info\/#organization\"},\"image\":{\"@id\":\"https:\/\/siemysli-ke.info\/de\/mieszkancy-knurowa-w-holdzie-dla-swojej-patronki\/#primaryimage\"},\"thumbnailUrl\":\"https:\/\/siemysli-ke.info\/wp-content\/uploads\/2018\/12\/DSC_0510.jpg\",\"keywords\":[\"arcybiskup\",\"Barb\u00f3rka 2018\",\"Bielszowice\",\"G\u00f3rniczy Stan\",\"g\u00f3rny \u015bl\u0105sk\",\"ko\u015bci\u00f3\u0142 pod wezwaniem \u015bw. \u015bw. Cyryla i Metodego w Knurowie\",\"nasi g\u00f3rnicy\",\"obrazek \u015bw. Barbary\",\"orkiestra d\u0119ta KWK \\\"Knur\u00f3w\\\"\",\"Ruda \u015al\u0105ska\",\"Tadeusz Pucha\u0142ka\",\"Tragedia G\u00f3rno\u015bl\u0105ska\",\"Wiktor Skworc\"],\"articleSection\":[\"Rzeczypospolita\"],\"inLanguage\":\"de\",\"potentialAction\":[{\"@type\":\"CommentAction\",\"name\":\"Comment\",\"target\":[\"https:\/\/siemysli-ke.info\/de\/mieszkancy-knurowa-w-holdzie-dla-swojej-patronki\/#respond\"]}]},{\"@type\":\"WebPage\",\"@id\":\"https:\/\/siemysli-ke.info\/de\/mieszkancy-knurowa-w-holdzie-dla-swojej-patronki\/\",\"url\":\"https:\/\/siemysli-ke.info\/de\/mieszkancy-knurowa-w-holdzie-dla-swojej-patronki\/\",\"name\":\"(Polski) Mieszka\u0144cy Knurowa w ho\u0142dzie dla swojej patronki - SI\u0118 MY\u015aLI\",\"isPartOf\":{\"@id\":\"https:\/\/siemysli-ke.info\/de\/#website\"},\"primaryImageOfPage\":{\"@id\":\"https:\/\/siemysli-ke.info\/de\/mieszkancy-knurowa-w-holdzie-dla-swojej-patronki\/#primaryimage\"},\"image\":{\"@id\":\"https:\/\/siemysli-ke.info\/de\/mieszkancy-knurowa-w-holdzie-dla-swojej-patronki\/#primaryimage\"},\"thumbnailUrl\":\"https:\/\/siemysli-ke.info\/wp-content\/uploads\/2018\/12\/DSC_0510.jpg\",\"datePublished\":\"2018-12-05T00:31:34+00:00\",\"breadcrumb\":{\"@id\":\"https:\/\/siemysli-ke.info\/de\/mieszkancy-knurowa-w-holdzie-dla-swojej-patronki\/#breadcrumb\"},\"inLanguage\":\"de\",\"potentialAction\":[{\"@type\":\"ReadAction\",\"target\":[[\"https:\/\/siemysli-ke.info\/de\/mieszkancy-knurowa-w-holdzie-dla-swojej-patronki\/\"]]}]},{\"@type\":\"ImageObject\",\"inLanguage\":\"de\",\"@id\":\"https:\/\/siemysli-ke.info\/de\/mieszkancy-knurowa-w-holdzie-dla-swojej-patronki\/#primaryimage\",\"url\":\"https:\/\/siemysli-ke.info\/wp-content\/uploads\/2018\/12\/DSC_0510.jpg\",\"contentUrl\":\"https:\/\/siemysli-ke.info\/wp-content\/uploads\/2018\/12\/DSC_0510.jpg\",\"width\":1024,\"height\":681},{\"@type\":\"BreadcrumbList\",\"@id\":\"https:\/\/siemysli-ke.info\/de\/mieszkancy-knurowa-w-holdzie-dla-swojej-patronki\/#breadcrumb\",\"itemListElement\":[{\"@type\":\"ListItem\",\"position\":1,\"name\":\"Home\",\"item\":\"https:\/\/siemysli-ke.info\/de\/\"},{\"@type\":\"ListItem\",\"position\":2,\"name\":\"(Polski) Mieszka\u0144cy Knurowa w ho\u0142dzie dla swojej patronki\"}]},{\"@type\":\"WebSite\",\"@id\":\"https:\/\/siemysli-ke.info\/de\/#website\",\"url\":\"https:\/\/siemysli-ke.info\/de\/\",\"name\":\"SI\u0118 MY\u015aLI\",\"description\":\"\",\"publisher\":{\"@id\":\"https:\/\/siemysli-ke.info\/de\/#organization\"},\"potentialAction\":[{\"@type\":\"SearchAction\",\"target\":{\"@type\":\"EntryPoint\",\"urlTemplate\":\"https:\/\/siemysli-ke.info\/de\/?s={search_term_string}\"},\"query-input\":{\"@type\":\"PropertyValueSpecification\",\"valueRequired\":true,\"valueName\":\"search_term_string\"}}],\"inLanguage\":\"de\"},{\"@type\":\"Organization\",\"@id\":\"https:\/\/siemysli-ke.info\/de\/#organization\",\"name\":\"SI\u0118 MY\u015aLI\",\"url\":\"https:\/\/siemysli-ke.info\/de\/\",\"logo\":{\"@type\":\"ImageObject\",\"inLanguage\":\"de\",\"@id\":\"https:\/\/siemysli-ke.info\/de\/#\/schema\/logo\/image\/\",\"url\":\"https:\/\/siemysli-ke.info\/wp-content\/uploads\/2025\/05\/99.png\",\"contentUrl\":\"https:\/\/siemysli-ke.info\/wp-content\/uploads\/2025\/05\/99.png\",\"width\":270,\"height\":204,\"caption\":\"SI\u0118 MY\u015aLI\"},\"image\":{\"@id\":\"https:\/\/siemysli-ke.info\/de\/#\/schema\/logo\/image\/\"}},{\"@type\":\"Person\",\"@id\":\"https:\/\/siemysli-ke.info\/#\/schema\/person\/75326687448d6abf738b156f56385210\",\"name\":\"...\",\"image\":{\"@type\":\"ImageObject\",\"inLanguage\":\"de\",\"@id\":\"https:\/\/siemysli-ke.info\/de\/#\/schema\/person\/image\/\",\"url\":\"https:\/\/secure.gravatar.com\/avatar\/33a3c2559155e1b4add65cf88cafda785aeb920f44b97c7055b07866ab5b13c2?s=96&d=mm&r=g\",\"contentUrl\":\"https:\/\/secure.gravatar.com\/avatar\/33a3c2559155e1b4add65cf88cafda785aeb920f44b97c7055b07866ab5b13c2?s=96&d=mm&r=g\",\"caption\":\"...\"},\"url\":\"https:\/\/siemysli-ke.info\/de\/author\/lele\/\"}]}<\/script>\n<!-- \/ Yoast SEO plugin. -->","yoast_head_json":{"title":"(Polski) Mieszka\u0144cy Knurowa w ho\u0142dzie dla swojej patronki - SI\u0118 MY\u015aLI","robots":{"index":"index","follow":"follow","max-snippet":"max-snippet:-1","max-image-preview":"max-image-preview:large","max-video-preview":"max-video-preview:-1"},"canonical":"https:\/\/siemysli-ke.info\/de\/mieszkancy-knurowa-w-holdzie-dla-swojej-patronki\/","og_locale":"de_DE","og_type":"article","og_title":"(Polski) Mieszka\u0144cy Knurowa w ho\u0142dzie dla swojej patronki - SI\u0118 MY\u015aLI","og_description":"Leider ist der Eintrag nur auf Polski verf\u00fcgbar.","og_url":"https:\/\/siemysli-ke.info\/de\/mieszkancy-knurowa-w-holdzie-dla-swojej-patronki\/","og_site_name":"SI\u0118 MY\u015aLI","article_published_time":"2018-12-05T00:31:34+00:00","og_image":[{"width":1024,"height":681,"url":"https:\/\/siemysli-ke.info\/wp-content\/uploads\/2018\/12\/DSC_0510.jpg","type":"image\/jpeg"}],"author":"...","twitter_misc":{"Verfasst von":"...","Gesch\u00e4tzte Lesezeit":"5\u00a0Minuten"},"schema":{"@context":"https:\/\/schema.org","@graph":[{"@type":"Article","@id":"https:\/\/siemysli-ke.info\/de\/mieszkancy-knurowa-w-holdzie-dla-swojej-patronki\/#article","isPartOf":{"@id":"https:\/\/siemysli-ke.info\/de\/mieszkancy-knurowa-w-holdzie-dla-swojej-patronki\/"},"author":{"name":"...","@id":"https:\/\/siemysli-ke.info\/#\/schema\/person\/75326687448d6abf738b156f56385210"},"headline":"(Polski) Mieszka\u0144cy Knurowa w ho\u0142dzie dla swojej patronki","datePublished":"2018-12-05T00:31:34+00:00","mainEntityOfPage":{"@id":"https:\/\/siemysli-ke.info\/de\/mieszkancy-knurowa-w-holdzie-dla-swojej-patronki\/"},"wordCount":1024,"commentCount":0,"publisher":{"@id":"https:\/\/siemysli-ke.info\/#organization"},"image":{"@id":"https:\/\/siemysli-ke.info\/de\/mieszkancy-knurowa-w-holdzie-dla-swojej-patronki\/#primaryimage"},"thumbnailUrl":"https:\/\/siemysli-ke.info\/wp-content\/uploads\/2018\/12\/DSC_0510.jpg","keywords":["arcybiskup","Barb\u00f3rka 2018","Bielszowice","G\u00f3rniczy Stan","g\u00f3rny \u015bl\u0105sk","ko\u015bci\u00f3\u0142 pod wezwaniem \u015bw. \u015bw. Cyryla i Metodego w Knurowie","nasi g\u00f3rnicy","obrazek \u015bw. Barbary","orkiestra d\u0119ta KWK \"Knur\u00f3w\"","Ruda \u015al\u0105ska","Tadeusz Pucha\u0142ka","Tragedia G\u00f3rno\u015bl\u0105ska","Wiktor Skworc"],"articleSection":["Rzeczypospolita"],"inLanguage":"de","potentialAction":[{"@type":"CommentAction","name":"Comment","target":["https:\/\/siemysli-ke.info\/de\/mieszkancy-knurowa-w-holdzie-dla-swojej-patronki\/#respond"]}]},{"@type":"WebPage","@id":"https:\/\/siemysli-ke.info\/de\/mieszkancy-knurowa-w-holdzie-dla-swojej-patronki\/","url":"https:\/\/siemysli-ke.info\/de\/mieszkancy-knurowa-w-holdzie-dla-swojej-patronki\/","name":"(Polski) Mieszka\u0144cy Knurowa w ho\u0142dzie dla swojej patronki - SI\u0118 MY\u015aLI","isPartOf":{"@id":"https:\/\/siemysli-ke.info\/de\/#website"},"primaryImageOfPage":{"@id":"https:\/\/siemysli-ke.info\/de\/mieszkancy-knurowa-w-holdzie-dla-swojej-patronki\/#primaryimage"},"image":{"@id":"https:\/\/siemysli-ke.info\/de\/mieszkancy-knurowa-w-holdzie-dla-swojej-patronki\/#primaryimage"},"thumbnailUrl":"https:\/\/siemysli-ke.info\/wp-content\/uploads\/2018\/12\/DSC_0510.jpg","datePublished":"2018-12-05T00:31:34+00:00","breadcrumb":{"@id":"https:\/\/siemysli-ke.info\/de\/mieszkancy-knurowa-w-holdzie-dla-swojej-patronki\/#breadcrumb"},"inLanguage":"de","potentialAction":[{"@type":"ReadAction","target":[["https:\/\/siemysli-ke.info\/de\/mieszkancy-knurowa-w-holdzie-dla-swojej-patronki\/"]]}]},{"@type":"ImageObject","inLanguage":"de","@id":"https:\/\/siemysli-ke.info\/de\/mieszkancy-knurowa-w-holdzie-dla-swojej-patronki\/#primaryimage","url":"https:\/\/siemysli-ke.info\/wp-content\/uploads\/2018\/12\/DSC_0510.jpg","contentUrl":"https:\/\/siemysli-ke.info\/wp-content\/uploads\/2018\/12\/DSC_0510.jpg","width":1024,"height":681},{"@type":"BreadcrumbList","@id":"https:\/\/siemysli-ke.info\/de\/mieszkancy-knurowa-w-holdzie-dla-swojej-patronki\/#breadcrumb","itemListElement":[{"@type":"ListItem","position":1,"name":"Home","item":"https:\/\/siemysli-ke.info\/de\/"},{"@type":"ListItem","position":2,"name":"(Polski) Mieszka\u0144cy Knurowa w ho\u0142dzie dla swojej patronki"}]},{"@type":"WebSite","@id":"https:\/\/siemysli-ke.info\/de\/#website","url":"https:\/\/siemysli-ke.info\/de\/","name":"SI\u0118 MY\u015aLI","description":"","publisher":{"@id":"https:\/\/siemysli-ke.info\/de\/#organization"},"potentialAction":[{"@type":"SearchAction","target":{"@type":"EntryPoint","urlTemplate":"https:\/\/siemysli-ke.info\/de\/?s={search_term_string}"},"query-input":{"@type":"PropertyValueSpecification","valueRequired":true,"valueName":"search_term_string"}}],"inLanguage":"de"},{"@type":"Organization","@id":"https:\/\/siemysli-ke.info\/de\/#organization","name":"SI\u0118 MY\u015aLI","url":"https:\/\/siemysli-ke.info\/de\/","logo":{"@type":"ImageObject","inLanguage":"de","@id":"https:\/\/siemysli-ke.info\/de\/#\/schema\/logo\/image\/","url":"https:\/\/siemysli-ke.info\/wp-content\/uploads\/2025\/05\/99.png","contentUrl":"https:\/\/siemysli-ke.info\/wp-content\/uploads\/2025\/05\/99.png","width":270,"height":204,"caption":"SI\u0118 MY\u015aLI"},"image":{"@id":"https:\/\/siemysli-ke.info\/de\/#\/schema\/logo\/image\/"}},{"@type":"Person","@id":"https:\/\/siemysli-ke.info\/#\/schema\/person\/75326687448d6abf738b156f56385210","name":"...","image":{"@type":"ImageObject","inLanguage":"de","@id":"https:\/\/siemysli-ke.info\/de\/#\/schema\/person\/image\/","url":"https:\/\/secure.gravatar.com\/avatar\/33a3c2559155e1b4add65cf88cafda785aeb920f44b97c7055b07866ab5b13c2?s=96&d=mm&r=g","contentUrl":"https:\/\/secure.gravatar.com\/avatar\/33a3c2559155e1b4add65cf88cafda785aeb920f44b97c7055b07866ab5b13c2?s=96&d=mm&r=g","caption":"..."},"url":"https:\/\/siemysli-ke.info\/de\/author\/lele\/"}]}},"_links":{"self":[{"href":"https:\/\/siemysli-ke.info\/de\/wp-json\/wp\/v2\/posts\/31459","targetHints":{"allow":["GET"]}}],"collection":[{"href":"https:\/\/siemysli-ke.info\/de\/wp-json\/wp\/v2\/posts"}],"about":[{"href":"https:\/\/siemysli-ke.info\/de\/wp-json\/wp\/v2\/types\/post"}],"author":[{"embeddable":true,"href":"https:\/\/siemysli-ke.info\/de\/wp-json\/wp\/v2\/users\/3"}],"replies":[{"embeddable":true,"href":"https:\/\/siemysli-ke.info\/de\/wp-json\/wp\/v2\/comments?post=31459"}],"version-history":[{"count":0,"href":"https:\/\/siemysli-ke.info\/de\/wp-json\/wp\/v2\/posts\/31459\/revisions"}],"wp:featuredmedia":[{"embeddable":true,"href":"https:\/\/siemysli-ke.info\/de\/wp-json\/wp\/v2\/media\/31460"}],"wp:attachment":[{"href":"https:\/\/siemysli-ke.info\/de\/wp-json\/wp\/v2\/media?parent=31459"}],"wp:term":[{"taxonomy":"category","embeddable":true,"href":"https:\/\/siemysli-ke.info\/de\/wp-json\/wp\/v2\/categories?post=31459"},{"taxonomy":"post_tag","embeddable":true,"href":"https:\/\/siemysli-ke.info\/de\/wp-json\/wp\/v2\/tags?post=31459"}],"curies":[{"name":"wp","href":"https:\/\/api.w.org\/{rel}","templated":true}]}}