 {"id":30611,"date":"2018-09-14T20:01:52","date_gmt":"2018-09-14T18:01:52","guid":{"rendered":"http:\/\/www.siemysli.info.ke\/?p=30611"},"modified":"2018-09-14T20:01:52","modified_gmt":"2018-09-14T18:01:52","slug":"wystawa-co-po-cybisie","status":"publish","type":"post","link":"https:\/\/siemysli-ke.info\/de\/wystawa-co-po-cybisie\/","title":{"rendered":"(Polski) Wystawa &#8222;Co po Cybisie?&#8220;"},"content":{"rendered":"<p class=\"qtranxs-available-languages-message qtranxs-available-languages-message-de\">Leider ist der Eintrag nur auf <a href=\"https:\/\/siemysli-ke.info\/pl\/wp-json\/wp\/v2\/posts\/30611\" class=\"qtranxs-available-language-link qtranxs-available-language-link-pl\" title=\"Polski\">Polski<\/a> verf\u00fcgbar.<\/p>","protected":false},"excerpt":{"rendered":"<p>Leider ist der Eintrag nur auf Polski verf\u00fcgbar.<\/p>\n","protected":false},"author":3,"featured_media":30612,"comment_status":"open","ping_status":"open","sticky":false,"template":"","format":"standard","meta":{"colormag_page_layout":"default_layout","footnotes":""},"categories":[3],"tags":[12400,12394,12401,12418,12408,12422,12389,12419,12420,12427,12409,7756,12388,12392,12395,12397,12405,12424,12412,12402,12411,1915,12415,12426,11228,12413,12403,12390,12410,12423,3610,12429,12431,12386,12421,12430,12406,12414,12399,12428,12398,4314,12396,12417,12391,12425,12393,4323,12387,12432,12416,12407,3688,12404],"class_list":["post-30611","post","type-post","status-publish","format-standard","has-post-thumbnail","hentry","category-kultura","tag-aleksandra-jachtoma","tag-andrzej-dluzniewski","tag-barbara-jonscher","tag-erna-rosenstein","tag-eugeniusz-geno-malkowski","tag-grzegorz-sztwiertnia","tag-henryk-blachnio","tag-jacek-sempolinski","tag-jacek-sienicki","tag-jacek-waltos","tag-jadwiga-maziarska","tag-jadwiga-sawicka","tag-jan-berdyszak","tag-jan-cybis","tag-jan-dobkowski","tag-jan-dziedziora","tag-jan-lebenstein","tag-jan-tarasin","tag-jaroslaw-modzelewski","tag-jerzy-kalucki","tag-jerzy-mierzejewski","tag-jerzy-nowosielski","tag-jerzy-panek","tag-jerzy-tchorzewski","tag-jozef-czapski","tag-kazimierz-ostrowski","tag-koji-kamoji","tag-krzysztof-bucki","tag-leon-michalski","tag-leon-tarasewicz","tag-marek-sobczyk","tag-maria-wollenberg-kluza","tag-michal-jachula","tag-nagroda-im-jana-cybisa","tag-pawel-susid","tag-rajmund-ziemski","tag-robert-maciejuk","tag-roman-owidzki","tag-ryszard-grzyb","tag-ryszard-winiarski","tag-stanislaw-fijalkowski","tag-stefan-gierowski","tag-tadeusz-dominik","tag-teresa-pagowska","tag-tomasz-ciecierski","tag-tomasz-tatarczyk","tag-witold-damasiewicz","tag-wojciech-fangor","tag-wystawa-co-po-cybisie","tag-wystawa-polskiego-malarstwa-xx-i-xxi-wieku","tag-wlodzimierz-pawlak","tag-zbigniew-makowski","tag-zwiazek-polskich-artystow-plastykow","tag-lukasz-korolkiewicz"],"yoast_head":"<!-- This site is optimized with the Yoast SEO plugin v25.1 - https:\/\/yoast.com\/wordpress\/plugins\/seo\/ -->\n<title>(Polski) Wystawa &quot;Co po Cybisie?&quot; - SI\u0118 MY\u015aLI<\/title>\n<meta name=\"robots\" content=\"index, follow, max-snippet:-1, max-image-preview:large, max-video-preview:-1\" \/>\n<link rel=\"canonical\" href=\"https:\/\/siemysli-ke.info\/de\/wystawa-co-po-cybisie\/\" \/>\n<meta property=\"og:locale\" content=\"de_DE\" \/>\n<meta property=\"og:type\" content=\"article\" \/>\n<meta property=\"og:title\" content=\"(Polski) Wystawa &quot;Co po Cybisie?&quot; - SI\u0118 MY\u015aLI\" \/>\n<meta property=\"og:description\" content=\"Leider ist der Eintrag nur auf Polski verf\u00fcgbar.\" \/>\n<meta property=\"og:url\" content=\"https:\/\/siemysli-ke.info\/de\/wystawa-co-po-cybisie\/\" \/>\n<meta property=\"og:site_name\" content=\"SI\u0118 MY\u015aLI\" \/>\n<meta property=\"article:published_time\" content=\"2018-09-14T18:01:52+00:00\" \/>\n<meta property=\"og:image\" content=\"https:\/\/siemysli-ke.info\/wp-content\/uploads\/2018\/09\/Co-po-Cybisie_zaproszenie-elektroniczne.jpg\" \/>\n\t<meta property=\"og:image:width\" content=\"1080\" \/>\n\t<meta property=\"og:image:height\" content=\"755\" \/>\n\t<meta property=\"og:image:type\" content=\"image\/jpeg\" \/>\n<meta name=\"author\" content=\"...\" \/>\n<meta name=\"twitter:label1\" content=\"Verfasst von\" \/>\n\t<meta name=\"twitter:data1\" content=\"...\" \/>\n\t<meta name=\"twitter:label2\" content=\"Gesch\u00e4tzte Lesezeit\" \/>\n\t<meta name=\"twitter:data2\" content=\"3\u00a0Minuten\" \/>\n<script type=\"application\/ld+json\" class=\"yoast-schema-graph\">{\"@context\":\"https:\/\/schema.org\",\"@graph\":[{\"@type\":\"Article\",\"@id\":\"https:\/\/siemysli-ke.info\/de\/wystawa-co-po-cybisie\/#article\",\"isPartOf\":{\"@id\":\"https:\/\/siemysli-ke.info\/de\/wystawa-co-po-cybisie\/\"},\"author\":{\"name\":\"...\",\"@id\":\"https:\/\/siemysli-ke.info\/#\/schema\/person\/75326687448d6abf738b156f56385210\"},\"headline\":\"(Polski) Wystawa &#8222;Co po Cybisie?&#8220;\",\"datePublished\":\"2018-09-14T18:01:52+00:00\",\"mainEntityOfPage\":{\"@id\":\"https:\/\/siemysli-ke.info\/de\/wystawa-co-po-cybisie\/\"},\"wordCount\":647,\"commentCount\":0,\"publisher\":{\"@id\":\"https:\/\/siemysli-ke.info\/#organization\"},\"image\":{\"@id\":\"https:\/\/siemysli-ke.info\/de\/wystawa-co-po-cybisie\/#primaryimage\"},\"thumbnailUrl\":\"https:\/\/siemysli-ke.info\/wp-content\/uploads\/2018\/09\/Co-po-Cybisie_zaproszenie-elektroniczne.jpg\",\"keywords\":[\"Aleksandra Jachtoma\",\"Andrzej D\u0142u\u017cniewski\",\"Barbara Jonscher\",\"Erna Rosenstein\",\"Eugeniusz Geno Ma\u0142kowski\",\"Grzegorz Sztwiertnia\",\"Henryk B\u0142achnio\",\"Jacek Sempoli\u0144ski\",\"Jacek Sienicki\",\"Jacek Walto\u015b\",\"Jadwiga Maziarska\",\"Jadwiga Sawicka\",\"Jan Berdyszak\",\"Jan Cybis\",\"Jan Dobkowski\",\"Jan Dzi\u0119dziora\",\"Jan Lebenstein\",\"Jan Tarasin\",\"Jaros\u0142aw Modzelewski\",\"Jerzy Ka\u0142ucki\",\"Jerzy Mierzejewski\",\"Jerzy Nowosielski\",\"Jerzy Panek\",\"Jerzy Tch\u00f3rzewski\",\"J\u00f3zef Czapski\",\"Kazimierz Ostrowski\",\"Koji Kamoji\",\"Krzysztof Bucki\",\"Leon Michalski\",\"Leon Tarasewicz\",\"Marek Sobczyk\",\"Maria Wollenberg-Kluza\",\"Micha\u0142 Jachu\u0142a\",\"Nagroda im. Jana\u00a0 Cybisa\",\"Pawe\u0142 Susid\",\"Rajmund Ziemski\",\"Robert Maciejuk\",\"Roman Owidzki\",\"Ryszard Grzyb\",\"Ryszard Winiarski\",\"Stanis\u0142aw Fija\u0142kowski\",\"Stefan Gierowski\",\"Tadeusz Dominik\",\"Teresa P\u0105gowska\",\"Tomasz Ciecierski\",\"Tomasz Tatarczyk\",\"Witold Damasiewicz\",\"Wojciech Fangor\",\"wystawa \\\"Co po Cybisie?\\\"\",\"wystawa polskiego malarstwa XX i XXI wieku\",\"W\u0142odzimierz Pawlak\",\"Zbigniew Makowski\",\"Zwi\u0105zek Polskich Artyst\u00f3w Plastyk\u00f3w\",\"\u0141ukasz Korolkiewicz\"],\"articleSection\":[\"Kultura\"],\"inLanguage\":\"de\",\"potentialAction\":[{\"@type\":\"CommentAction\",\"name\":\"Comment\",\"target\":[\"https:\/\/siemysli-ke.info\/de\/wystawa-co-po-cybisie\/#respond\"]}]},{\"@type\":\"WebPage\",\"@id\":\"https:\/\/siemysli-ke.info\/de\/wystawa-co-po-cybisie\/\",\"url\":\"https:\/\/siemysli-ke.info\/de\/wystawa-co-po-cybisie\/\",\"name\":\"(Polski) Wystawa \\\"Co po Cybisie?\\\" - SI\u0118 MY\u015aLI\",\"isPartOf\":{\"@id\":\"https:\/\/siemysli-ke.info\/de\/#website\"},\"primaryImageOfPage\":{\"@id\":\"https:\/\/siemysli-ke.info\/de\/wystawa-co-po-cybisie\/#primaryimage\"},\"image\":{\"@id\":\"https:\/\/siemysli-ke.info\/de\/wystawa-co-po-cybisie\/#primaryimage\"},\"thumbnailUrl\":\"https:\/\/siemysli-ke.info\/wp-content\/uploads\/2018\/09\/Co-po-Cybisie_zaproszenie-elektroniczne.jpg\",\"datePublished\":\"2018-09-14T18:01:52+00:00\",\"breadcrumb\":{\"@id\":\"https:\/\/siemysli-ke.info\/de\/wystawa-co-po-cybisie\/#breadcrumb\"},\"inLanguage\":\"de\",\"potentialAction\":[{\"@type\":\"ReadAction\",\"target\":[[\"https:\/\/siemysli-ke.info\/de\/wystawa-co-po-cybisie\/\"]]}]},{\"@type\":\"ImageObject\",\"inLanguage\":\"de\",\"@id\":\"https:\/\/siemysli-ke.info\/de\/wystawa-co-po-cybisie\/#primaryimage\",\"url\":\"https:\/\/siemysli-ke.info\/wp-content\/uploads\/2018\/09\/Co-po-Cybisie_zaproszenie-elektroniczne.jpg\",\"contentUrl\":\"https:\/\/siemysli-ke.info\/wp-content\/uploads\/2018\/09\/Co-po-Cybisie_zaproszenie-elektroniczne.jpg\",\"width\":1080,\"height\":755},{\"@type\":\"BreadcrumbList\",\"@id\":\"https:\/\/siemysli-ke.info\/de\/wystawa-co-po-cybisie\/#breadcrumb\",\"itemListElement\":[{\"@type\":\"ListItem\",\"position\":1,\"name\":\"Home\",\"item\":\"https:\/\/siemysli-ke.info\/de\/\"},{\"@type\":\"ListItem\",\"position\":2,\"name\":\"(Polski) Wystawa &#8222;Co po Cybisie?&#8220;\"}]},{\"@type\":\"WebSite\",\"@id\":\"https:\/\/siemysli-ke.info\/de\/#website\",\"url\":\"https:\/\/siemysli-ke.info\/de\/\",\"name\":\"SI\u0118 MY\u015aLI\",\"description\":\"\",\"publisher\":{\"@id\":\"https:\/\/siemysli-ke.info\/de\/#organization\"},\"potentialAction\":[{\"@type\":\"SearchAction\",\"target\":{\"@type\":\"EntryPoint\",\"urlTemplate\":\"https:\/\/siemysli-ke.info\/de\/?s={search_term_string}\"},\"query-input\":{\"@type\":\"PropertyValueSpecification\",\"valueRequired\":true,\"valueName\":\"search_term_string\"}}],\"inLanguage\":\"de\"},{\"@type\":\"Organization\",\"@id\":\"https:\/\/siemysli-ke.info\/de\/#organization\",\"name\":\"SI\u0118 MY\u015aLI\",\"url\":\"https:\/\/siemysli-ke.info\/de\/\",\"logo\":{\"@type\":\"ImageObject\",\"inLanguage\":\"de\",\"@id\":\"https:\/\/siemysli-ke.info\/de\/#\/schema\/logo\/image\/\",\"url\":\"https:\/\/siemysli-ke.info\/wp-content\/uploads\/2025\/05\/99.png\",\"contentUrl\":\"https:\/\/siemysli-ke.info\/wp-content\/uploads\/2025\/05\/99.png\",\"width\":270,\"height\":204,\"caption\":\"SI\u0118 MY\u015aLI\"},\"image\":{\"@id\":\"https:\/\/siemysli-ke.info\/de\/#\/schema\/logo\/image\/\"}},{\"@type\":\"Person\",\"@id\":\"https:\/\/siemysli-ke.info\/#\/schema\/person\/75326687448d6abf738b156f56385210\",\"name\":\"...\",\"image\":{\"@type\":\"ImageObject\",\"inLanguage\":\"de\",\"@id\":\"https:\/\/siemysli-ke.info\/de\/#\/schema\/person\/image\/\",\"url\":\"https:\/\/secure.gravatar.com\/avatar\/33a3c2559155e1b4add65cf88cafda785aeb920f44b97c7055b07866ab5b13c2?s=96&d=mm&r=g\",\"contentUrl\":\"https:\/\/secure.gravatar.com\/avatar\/33a3c2559155e1b4add65cf88cafda785aeb920f44b97c7055b07866ab5b13c2?s=96&d=mm&r=g\",\"caption\":\"...\"},\"url\":\"https:\/\/siemysli-ke.info\/de\/author\/lele\/\"}]}<\/script>\n<!-- \/ Yoast SEO plugin. -->","yoast_head_json":{"title":"(Polski) Wystawa \"Co po Cybisie?\" - SI\u0118 MY\u015aLI","robots":{"index":"index","follow":"follow","max-snippet":"max-snippet:-1","max-image-preview":"max-image-preview:large","max-video-preview":"max-video-preview:-1"},"canonical":"https:\/\/siemysli-ke.info\/de\/wystawa-co-po-cybisie\/","og_locale":"de_DE","og_type":"article","og_title":"(Polski) Wystawa \"Co po Cybisie?\" - SI\u0118 MY\u015aLI","og_description":"Leider ist der Eintrag nur auf Polski verf\u00fcgbar.","og_url":"https:\/\/siemysli-ke.info\/de\/wystawa-co-po-cybisie\/","og_site_name":"SI\u0118 MY\u015aLI","article_published_time":"2018-09-14T18:01:52+00:00","og_image":[{"width":1080,"height":755,"url":"https:\/\/siemysli-ke.info\/wp-content\/uploads\/2018\/09\/Co-po-Cybisie_zaproszenie-elektroniczne.jpg","type":"image\/jpeg"}],"author":"...","twitter_misc":{"Verfasst von":"...","Gesch\u00e4tzte Lesezeit":"3\u00a0Minuten"},"schema":{"@context":"https:\/\/schema.org","@graph":[{"@type":"Article","@id":"https:\/\/siemysli-ke.info\/de\/wystawa-co-po-cybisie\/#article","isPartOf":{"@id":"https:\/\/siemysli-ke.info\/de\/wystawa-co-po-cybisie\/"},"author":{"name":"...","@id":"https:\/\/siemysli-ke.info\/#\/schema\/person\/75326687448d6abf738b156f56385210"},"headline":"(Polski) Wystawa &#8222;Co po Cybisie?&#8220;","datePublished":"2018-09-14T18:01:52+00:00","mainEntityOfPage":{"@id":"https:\/\/siemysli-ke.info\/de\/wystawa-co-po-cybisie\/"},"wordCount":647,"commentCount":0,"publisher":{"@id":"https:\/\/siemysli-ke.info\/#organization"},"image":{"@id":"https:\/\/siemysli-ke.info\/de\/wystawa-co-po-cybisie\/#primaryimage"},"thumbnailUrl":"https:\/\/siemysli-ke.info\/wp-content\/uploads\/2018\/09\/Co-po-Cybisie_zaproszenie-elektroniczne.jpg","keywords":["Aleksandra Jachtoma","Andrzej D\u0142u\u017cniewski","Barbara Jonscher","Erna Rosenstein","Eugeniusz Geno Ma\u0142kowski","Grzegorz Sztwiertnia","Henryk B\u0142achnio","Jacek Sempoli\u0144ski","Jacek Sienicki","Jacek Walto\u015b","Jadwiga Maziarska","Jadwiga Sawicka","Jan Berdyszak","Jan Cybis","Jan Dobkowski","Jan Dzi\u0119dziora","Jan Lebenstein","Jan Tarasin","Jaros\u0142aw Modzelewski","Jerzy Ka\u0142ucki","Jerzy Mierzejewski","Jerzy Nowosielski","Jerzy Panek","Jerzy Tch\u00f3rzewski","J\u00f3zef Czapski","Kazimierz Ostrowski","Koji Kamoji","Krzysztof Bucki","Leon Michalski","Leon Tarasewicz","Marek Sobczyk","Maria Wollenberg-Kluza","Micha\u0142 Jachu\u0142a","Nagroda im. Jana\u00a0 Cybisa","Pawe\u0142 Susid","Rajmund Ziemski","Robert Maciejuk","Roman Owidzki","Ryszard Grzyb","Ryszard Winiarski","Stanis\u0142aw Fija\u0142kowski","Stefan Gierowski","Tadeusz Dominik","Teresa P\u0105gowska","Tomasz Ciecierski","Tomasz Tatarczyk","Witold Damasiewicz","Wojciech Fangor","wystawa \"Co po Cybisie?\"","wystawa polskiego malarstwa XX i XXI wieku","W\u0142odzimierz Pawlak","Zbigniew Makowski","Zwi\u0105zek Polskich Artyst\u00f3w Plastyk\u00f3w","\u0141ukasz Korolkiewicz"],"articleSection":["Kultura"],"inLanguage":"de","potentialAction":[{"@type":"CommentAction","name":"Comment","target":["https:\/\/siemysli-ke.info\/de\/wystawa-co-po-cybisie\/#respond"]}]},{"@type":"WebPage","@id":"https:\/\/siemysli-ke.info\/de\/wystawa-co-po-cybisie\/","url":"https:\/\/siemysli-ke.info\/de\/wystawa-co-po-cybisie\/","name":"(Polski) Wystawa \"Co po Cybisie?\" - SI\u0118 MY\u015aLI","isPartOf":{"@id":"https:\/\/siemysli-ke.info\/de\/#website"},"primaryImageOfPage":{"@id":"https:\/\/siemysli-ke.info\/de\/wystawa-co-po-cybisie\/#primaryimage"},"image":{"@id":"https:\/\/siemysli-ke.info\/de\/wystawa-co-po-cybisie\/#primaryimage"},"thumbnailUrl":"https:\/\/siemysli-ke.info\/wp-content\/uploads\/2018\/09\/Co-po-Cybisie_zaproszenie-elektroniczne.jpg","datePublished":"2018-09-14T18:01:52+00:00","breadcrumb":{"@id":"https:\/\/siemysli-ke.info\/de\/wystawa-co-po-cybisie\/#breadcrumb"},"inLanguage":"de","potentialAction":[{"@type":"ReadAction","target":[["https:\/\/siemysli-ke.info\/de\/wystawa-co-po-cybisie\/"]]}]},{"@type":"ImageObject","inLanguage":"de","@id":"https:\/\/siemysli-ke.info\/de\/wystawa-co-po-cybisie\/#primaryimage","url":"https:\/\/siemysli-ke.info\/wp-content\/uploads\/2018\/09\/Co-po-Cybisie_zaproszenie-elektroniczne.jpg","contentUrl":"https:\/\/siemysli-ke.info\/wp-content\/uploads\/2018\/09\/Co-po-Cybisie_zaproszenie-elektroniczne.jpg","width":1080,"height":755},{"@type":"BreadcrumbList","@id":"https:\/\/siemysli-ke.info\/de\/wystawa-co-po-cybisie\/#breadcrumb","itemListElement":[{"@type":"ListItem","position":1,"name":"Home","item":"https:\/\/siemysli-ke.info\/de\/"},{"@type":"ListItem","position":2,"name":"(Polski) Wystawa &#8222;Co po Cybisie?&#8220;"}]},{"@type":"WebSite","@id":"https:\/\/siemysli-ke.info\/de\/#website","url":"https:\/\/siemysli-ke.info\/de\/","name":"SI\u0118 MY\u015aLI","description":"","publisher":{"@id":"https:\/\/siemysli-ke.info\/de\/#organization"},"potentialAction":[{"@type":"SearchAction","target":{"@type":"EntryPoint","urlTemplate":"https:\/\/siemysli-ke.info\/de\/?s={search_term_string}"},"query-input":{"@type":"PropertyValueSpecification","valueRequired":true,"valueName":"search_term_string"}}],"inLanguage":"de"},{"@type":"Organization","@id":"https:\/\/siemysli-ke.info\/de\/#organization","name":"SI\u0118 MY\u015aLI","url":"https:\/\/siemysli-ke.info\/de\/","logo":{"@type":"ImageObject","inLanguage":"de","@id":"https:\/\/siemysli-ke.info\/de\/#\/schema\/logo\/image\/","url":"https:\/\/siemysli-ke.info\/wp-content\/uploads\/2025\/05\/99.png","contentUrl":"https:\/\/siemysli-ke.info\/wp-content\/uploads\/2025\/05\/99.png","width":270,"height":204,"caption":"SI\u0118 MY\u015aLI"},"image":{"@id":"https:\/\/siemysli-ke.info\/de\/#\/schema\/logo\/image\/"}},{"@type":"Person","@id":"https:\/\/siemysli-ke.info\/#\/schema\/person\/75326687448d6abf738b156f56385210","name":"...","image":{"@type":"ImageObject","inLanguage":"de","@id":"https:\/\/siemysli-ke.info\/de\/#\/schema\/person\/image\/","url":"https:\/\/secure.gravatar.com\/avatar\/33a3c2559155e1b4add65cf88cafda785aeb920f44b97c7055b07866ab5b13c2?s=96&d=mm&r=g","contentUrl":"https:\/\/secure.gravatar.com\/avatar\/33a3c2559155e1b4add65cf88cafda785aeb920f44b97c7055b07866ab5b13c2?s=96&d=mm&r=g","caption":"..."},"url":"https:\/\/siemysli-ke.info\/de\/author\/lele\/"}]}},"_links":{"self":[{"href":"https:\/\/siemysli-ke.info\/de\/wp-json\/wp\/v2\/posts\/30611","targetHints":{"allow":["GET"]}}],"collection":[{"href":"https:\/\/siemysli-ke.info\/de\/wp-json\/wp\/v2\/posts"}],"about":[{"href":"https:\/\/siemysli-ke.info\/de\/wp-json\/wp\/v2\/types\/post"}],"author":[{"embeddable":true,"href":"https:\/\/siemysli-ke.info\/de\/wp-json\/wp\/v2\/users\/3"}],"replies":[{"embeddable":true,"href":"https:\/\/siemysli-ke.info\/de\/wp-json\/wp\/v2\/comments?post=30611"}],"version-history":[{"count":0,"href":"https:\/\/siemysli-ke.info\/de\/wp-json\/wp\/v2\/posts\/30611\/revisions"}],"wp:featuredmedia":[{"embeddable":true,"href":"https:\/\/siemysli-ke.info\/de\/wp-json\/wp\/v2\/media\/30612"}],"wp:attachment":[{"href":"https:\/\/siemysli-ke.info\/de\/wp-json\/wp\/v2\/media?parent=30611"}],"wp:term":[{"taxonomy":"category","embeddable":true,"href":"https:\/\/siemysli-ke.info\/de\/wp-json\/wp\/v2\/categories?post=30611"},{"taxonomy":"post_tag","embeddable":true,"href":"https:\/\/siemysli-ke.info\/de\/wp-json\/wp\/v2\/tags?post=30611"}],"curies":[{"name":"wp","href":"https:\/\/api.w.org\/{rel}","templated":true}]}}