 {"id":28880,"date":"2018-02-28T18:07:59","date_gmt":"2018-02-28T17:07:59","guid":{"rendered":"http:\/\/www.siemysli.info.ke\/?p=28880"},"modified":"2018-02-28T18:08:56","modified_gmt":"2018-02-28T17:08:56","slug":"jedwabne-stoi-festiwalem-oszczerstw-5","status":"publish","type":"post","link":"https:\/\/siemysli-ke.info\/de\/jedwabne-stoi-festiwalem-oszczerstw-5\/","title":{"rendered":"(Polski) Jedwabne i nie tylko. Kto stoi za festiwalem oszczerstw? (5)"},"content":{"rendered":"<p class=\"qtranxs-available-languages-message qtranxs-available-languages-message-de\">Leider ist der Eintrag nur auf <a href=\"https:\/\/siemysli-ke.info\/pl\/wp-json\/wp\/v2\/posts\/28880\" class=\"qtranxs-available-language-link qtranxs-available-language-link-pl\" title=\"Polski\">Polski<\/a> verf\u00fcgbar.<\/p>","protected":false},"excerpt":{"rendered":"<p>Leider ist der Eintrag nur auf Polski verf\u00fcgbar.<\/p>\n","protected":false},"author":3,"featured_media":28882,"comment_status":"open","ping_status":"open","sticky":false,"template":"","format":"standard","meta":{"colormag_page_layout":"default_layout","footnotes":""},"categories":[81],"tags":[11054,10976,11052,11044,11043,11050,11049,11046,2193,11053,2439,11048,11051,453,202,11033,11047,3716,1282,11045],"class_list":["post-28880","post","type-post","status-publish","format-standard","has-post-thumbnail","hentry","category-rzeczpospolita","tag-andrzej-kola","tag-ekshumacje-w-jedwabnem","tag-ewa-kurek","tag-gilad-atzmon","tag-izraelczyk","tag-jozef-gradowski","tag-kolaborant-marian-karolak","tag-komando-bialystok","tag-kornel-morawiecki","tag-michael-schudrich","tag-norman-finkelstein","tag-okregowa-komisja-badania-zbrodni-hitlerowskich-w-bialymstoku","tag-powiatowy-urzad-bezpieczenstwa-publicznego-w-lomzy","tag-prezydent-lech-kaczynski","tag-roman-boryczko","tag-volksdeutsch-karol-bardon","tag-wolfgang-birkner","tag-zbigniew-ziobro","tag-zyd","tag-przedsiebiorstwo-holocaust"],"yoast_head":"<!-- This site is optimized with the Yoast SEO plugin v25.1 - https:\/\/yoast.com\/wordpress\/plugins\/seo\/ -->\n<title>(Polski) Jedwabne i nie tylko. Kto stoi za festiwalem oszczerstw? (5) - SI\u0118 MY\u015aLI<\/title>\n<meta name=\"robots\" content=\"index, follow, max-snippet:-1, max-image-preview:large, max-video-preview:-1\" \/>\n<link rel=\"canonical\" href=\"https:\/\/siemysli-ke.info\/de\/jedwabne-stoi-festiwalem-oszczerstw-5\/\" \/>\n<meta property=\"og:locale\" content=\"de_DE\" \/>\n<meta property=\"og:type\" content=\"article\" \/>\n<meta property=\"og:title\" content=\"(Polski) Jedwabne i nie tylko. Kto stoi za festiwalem oszczerstw? (5) - SI\u0118 MY\u015aLI\" \/>\n<meta property=\"og:description\" content=\"Leider ist der Eintrag nur auf Polski verf\u00fcgbar.\" \/>\n<meta property=\"og:url\" content=\"https:\/\/siemysli-ke.info\/de\/jedwabne-stoi-festiwalem-oszczerstw-5\/\" \/>\n<meta property=\"og:site_name\" content=\"SI\u0118 MY\u015aLI\" \/>\n<meta property=\"article:published_time\" content=\"2018-02-28T17:07:59+00:00\" \/>\n<meta property=\"article:modified_time\" content=\"2018-02-28T17:08:56+00:00\" \/>\n<meta property=\"og:image\" content=\"https:\/\/siemysli-ke.info\/wp-content\/uploads\/2018\/02\/1-1.jpeg\" \/>\n\t<meta property=\"og:image:width\" content=\"341\" \/>\n\t<meta property=\"og:image:height\" content=\"269\" \/>\n\t<meta property=\"og:image:type\" content=\"image\/jpeg\" \/>\n<meta name=\"author\" content=\"...\" \/>\n<meta name=\"twitter:label1\" content=\"Verfasst von\" \/>\n\t<meta name=\"twitter:data1\" content=\"...\" \/>\n\t<meta name=\"twitter:label2\" content=\"Gesch\u00e4tzte Lesezeit\" \/>\n\t<meta name=\"twitter:data2\" content=\"6\u00a0Minuten\" \/>\n<script type=\"application\/ld+json\" class=\"yoast-schema-graph\">{\"@context\":\"https:\/\/schema.org\",\"@graph\":[{\"@type\":\"Article\",\"@id\":\"https:\/\/siemysli-ke.info\/de\/jedwabne-stoi-festiwalem-oszczerstw-5\/#article\",\"isPartOf\":{\"@id\":\"https:\/\/siemysli-ke.info\/de\/jedwabne-stoi-festiwalem-oszczerstw-5\/\"},\"author\":{\"name\":\"...\",\"@id\":\"https:\/\/siemysli-ke.info\/#\/schema\/person\/75326687448d6abf738b156f56385210\"},\"headline\":\"(Polski) Jedwabne i nie tylko. Kto stoi za festiwalem oszczerstw? (5)\",\"datePublished\":\"2018-02-28T17:07:59+00:00\",\"dateModified\":\"2018-02-28T17:08:56+00:00\",\"mainEntityOfPage\":{\"@id\":\"https:\/\/siemysli-ke.info\/de\/jedwabne-stoi-festiwalem-oszczerstw-5\/\"},\"wordCount\":1208,\"commentCount\":0,\"publisher\":{\"@id\":\"https:\/\/siemysli-ke.info\/#organization\"},\"image\":{\"@id\":\"https:\/\/siemysli-ke.info\/de\/jedwabne-stoi-festiwalem-oszczerstw-5\/#primaryimage\"},\"thumbnailUrl\":\"https:\/\/siemysli-ke.info\/wp-content\/uploads\/2018\/02\/1-1.jpeg\",\"keywords\":[\"Andrzej Kola\",\"ekshumacje w Jedwabnem\",\"Ewa Kurek\",\"Gilad Atzmon\",\"Izraelczyk\",\"J\u00f3zef Gr\u0105dowski\",\"kolaborant Marian Karolak\",\"Komando Bia\u0142ystok\",\"Kornel Morawiecki\",\"Michael Schudrich\",\"Norman Finkelstein\",\"Okr\u0119gowa Komisja Badania Zbrodni Hitlerowskich w Bia\u0142ymstoku\",\"Powiatowy Urz\u0105d Bezpiecze\u0144stwa Publicznego w \u0141om\u017cy\",\"prezydent Lech Kaczy\u0144ski\",\"Roman Boryczko\",\"volksdeutsch Karol Bardo\u0144\",\"Wolfgang Birkner\",\"Zbigniew Ziobro\",\"\u017byd\",\"\u201ePrzedsi\u0119biorstwo Holocaust\\\"\"],\"articleSection\":[\"Rzeczypospolita\"],\"inLanguage\":\"de\",\"potentialAction\":[{\"@type\":\"CommentAction\",\"name\":\"Comment\",\"target\":[\"https:\/\/siemysli-ke.info\/de\/jedwabne-stoi-festiwalem-oszczerstw-5\/#respond\"]}]},{\"@type\":\"WebPage\",\"@id\":\"https:\/\/siemysli-ke.info\/de\/jedwabne-stoi-festiwalem-oszczerstw-5\/\",\"url\":\"https:\/\/siemysli-ke.info\/de\/jedwabne-stoi-festiwalem-oszczerstw-5\/\",\"name\":\"(Polski) Jedwabne i nie tylko. Kto stoi za festiwalem oszczerstw? (5) - SI\u0118 MY\u015aLI\",\"isPartOf\":{\"@id\":\"https:\/\/siemysli-ke.info\/de\/#website\"},\"primaryImageOfPage\":{\"@id\":\"https:\/\/siemysli-ke.info\/de\/jedwabne-stoi-festiwalem-oszczerstw-5\/#primaryimage\"},\"image\":{\"@id\":\"https:\/\/siemysli-ke.info\/de\/jedwabne-stoi-festiwalem-oszczerstw-5\/#primaryimage\"},\"thumbnailUrl\":\"https:\/\/siemysli-ke.info\/wp-content\/uploads\/2018\/02\/1-1.jpeg\",\"datePublished\":\"2018-02-28T17:07:59+00:00\",\"dateModified\":\"2018-02-28T17:08:56+00:00\",\"breadcrumb\":{\"@id\":\"https:\/\/siemysli-ke.info\/de\/jedwabne-stoi-festiwalem-oszczerstw-5\/#breadcrumb\"},\"inLanguage\":\"de\",\"potentialAction\":[{\"@type\":\"ReadAction\",\"target\":[[\"https:\/\/siemysli-ke.info\/de\/jedwabne-stoi-festiwalem-oszczerstw-5\/\"]]}]},{\"@type\":\"ImageObject\",\"inLanguage\":\"de\",\"@id\":\"https:\/\/siemysli-ke.info\/de\/jedwabne-stoi-festiwalem-oszczerstw-5\/#primaryimage\",\"url\":\"https:\/\/siemysli-ke.info\/wp-content\/uploads\/2018\/02\/1-1.jpeg\",\"contentUrl\":\"https:\/\/siemysli-ke.info\/wp-content\/uploads\/2018\/02\/1-1.jpeg\",\"width\":341,\"height\":269},{\"@type\":\"BreadcrumbList\",\"@id\":\"https:\/\/siemysli-ke.info\/de\/jedwabne-stoi-festiwalem-oszczerstw-5\/#breadcrumb\",\"itemListElement\":[{\"@type\":\"ListItem\",\"position\":1,\"name\":\"Home\",\"item\":\"https:\/\/siemysli-ke.info\/de\/\"},{\"@type\":\"ListItem\",\"position\":2,\"name\":\"(Polski) Jedwabne i nie tylko. Kto stoi za festiwalem oszczerstw? (5)\"}]},{\"@type\":\"WebSite\",\"@id\":\"https:\/\/siemysli-ke.info\/de\/#website\",\"url\":\"https:\/\/siemysli-ke.info\/de\/\",\"name\":\"SI\u0118 MY\u015aLI\",\"description\":\"\",\"publisher\":{\"@id\":\"https:\/\/siemysli-ke.info\/de\/#organization\"},\"potentialAction\":[{\"@type\":\"SearchAction\",\"target\":{\"@type\":\"EntryPoint\",\"urlTemplate\":\"https:\/\/siemysli-ke.info\/de\/?s={search_term_string}\"},\"query-input\":{\"@type\":\"PropertyValueSpecification\",\"valueRequired\":true,\"valueName\":\"search_term_string\"}}],\"inLanguage\":\"de\"},{\"@type\":\"Organization\",\"@id\":\"https:\/\/siemysli-ke.info\/de\/#organization\",\"name\":\"SI\u0118 MY\u015aLI\",\"url\":\"https:\/\/siemysli-ke.info\/de\/\",\"logo\":{\"@type\":\"ImageObject\",\"inLanguage\":\"de\",\"@id\":\"https:\/\/siemysli-ke.info\/de\/#\/schema\/logo\/image\/\",\"url\":\"https:\/\/siemysli-ke.info\/wp-content\/uploads\/2025\/05\/99.png\",\"contentUrl\":\"https:\/\/siemysli-ke.info\/wp-content\/uploads\/2025\/05\/99.png\",\"width\":270,\"height\":204,\"caption\":\"SI\u0118 MY\u015aLI\"},\"image\":{\"@id\":\"https:\/\/siemysli-ke.info\/de\/#\/schema\/logo\/image\/\"}},{\"@type\":\"Person\",\"@id\":\"https:\/\/siemysli-ke.info\/#\/schema\/person\/75326687448d6abf738b156f56385210\",\"name\":\"...\",\"image\":{\"@type\":\"ImageObject\",\"inLanguage\":\"de\",\"@id\":\"https:\/\/siemysli-ke.info\/de\/#\/schema\/person\/image\/\",\"url\":\"https:\/\/secure.gravatar.com\/avatar\/33a3c2559155e1b4add65cf88cafda785aeb920f44b97c7055b07866ab5b13c2?s=96&d=mm&r=g\",\"contentUrl\":\"https:\/\/secure.gravatar.com\/avatar\/33a3c2559155e1b4add65cf88cafda785aeb920f44b97c7055b07866ab5b13c2?s=96&d=mm&r=g\",\"caption\":\"...\"},\"url\":\"https:\/\/siemysli-ke.info\/de\/author\/lele\/\"}]}<\/script>\n<!-- \/ Yoast SEO plugin. -->","yoast_head_json":{"title":"(Polski) Jedwabne i nie tylko. Kto stoi za festiwalem oszczerstw? (5) - SI\u0118 MY\u015aLI","robots":{"index":"index","follow":"follow","max-snippet":"max-snippet:-1","max-image-preview":"max-image-preview:large","max-video-preview":"max-video-preview:-1"},"canonical":"https:\/\/siemysli-ke.info\/de\/jedwabne-stoi-festiwalem-oszczerstw-5\/","og_locale":"de_DE","og_type":"article","og_title":"(Polski) Jedwabne i nie tylko. Kto stoi za festiwalem oszczerstw? (5) - SI\u0118 MY\u015aLI","og_description":"Leider ist der Eintrag nur auf Polski verf\u00fcgbar.","og_url":"https:\/\/siemysli-ke.info\/de\/jedwabne-stoi-festiwalem-oszczerstw-5\/","og_site_name":"SI\u0118 MY\u015aLI","article_published_time":"2018-02-28T17:07:59+00:00","article_modified_time":"2018-02-28T17:08:56+00:00","og_image":[{"width":341,"height":269,"url":"https:\/\/siemysli-ke.info\/wp-content\/uploads\/2018\/02\/1-1.jpeg","type":"image\/jpeg"}],"author":"...","twitter_misc":{"Verfasst von":"...","Gesch\u00e4tzte Lesezeit":"6\u00a0Minuten"},"schema":{"@context":"https:\/\/schema.org","@graph":[{"@type":"Article","@id":"https:\/\/siemysli-ke.info\/de\/jedwabne-stoi-festiwalem-oszczerstw-5\/#article","isPartOf":{"@id":"https:\/\/siemysli-ke.info\/de\/jedwabne-stoi-festiwalem-oszczerstw-5\/"},"author":{"name":"...","@id":"https:\/\/siemysli-ke.info\/#\/schema\/person\/75326687448d6abf738b156f56385210"},"headline":"(Polski) Jedwabne i nie tylko. Kto stoi za festiwalem oszczerstw? (5)","datePublished":"2018-02-28T17:07:59+00:00","dateModified":"2018-02-28T17:08:56+00:00","mainEntityOfPage":{"@id":"https:\/\/siemysli-ke.info\/de\/jedwabne-stoi-festiwalem-oszczerstw-5\/"},"wordCount":1208,"commentCount":0,"publisher":{"@id":"https:\/\/siemysli-ke.info\/#organization"},"image":{"@id":"https:\/\/siemysli-ke.info\/de\/jedwabne-stoi-festiwalem-oszczerstw-5\/#primaryimage"},"thumbnailUrl":"https:\/\/siemysli-ke.info\/wp-content\/uploads\/2018\/02\/1-1.jpeg","keywords":["Andrzej Kola","ekshumacje w Jedwabnem","Ewa Kurek","Gilad Atzmon","Izraelczyk","J\u00f3zef Gr\u0105dowski","kolaborant Marian Karolak","Komando Bia\u0142ystok","Kornel Morawiecki","Michael Schudrich","Norman Finkelstein","Okr\u0119gowa Komisja Badania Zbrodni Hitlerowskich w Bia\u0142ymstoku","Powiatowy Urz\u0105d Bezpiecze\u0144stwa Publicznego w \u0141om\u017cy","prezydent Lech Kaczy\u0144ski","Roman Boryczko","volksdeutsch Karol Bardo\u0144","Wolfgang Birkner","Zbigniew Ziobro","\u017byd","\u201ePrzedsi\u0119biorstwo Holocaust\""],"articleSection":["Rzeczypospolita"],"inLanguage":"de","potentialAction":[{"@type":"CommentAction","name":"Comment","target":["https:\/\/siemysli-ke.info\/de\/jedwabne-stoi-festiwalem-oszczerstw-5\/#respond"]}]},{"@type":"WebPage","@id":"https:\/\/siemysli-ke.info\/de\/jedwabne-stoi-festiwalem-oszczerstw-5\/","url":"https:\/\/siemysli-ke.info\/de\/jedwabne-stoi-festiwalem-oszczerstw-5\/","name":"(Polski) Jedwabne i nie tylko. Kto stoi za festiwalem oszczerstw? (5) - SI\u0118 MY\u015aLI","isPartOf":{"@id":"https:\/\/siemysli-ke.info\/de\/#website"},"primaryImageOfPage":{"@id":"https:\/\/siemysli-ke.info\/de\/jedwabne-stoi-festiwalem-oszczerstw-5\/#primaryimage"},"image":{"@id":"https:\/\/siemysli-ke.info\/de\/jedwabne-stoi-festiwalem-oszczerstw-5\/#primaryimage"},"thumbnailUrl":"https:\/\/siemysli-ke.info\/wp-content\/uploads\/2018\/02\/1-1.jpeg","datePublished":"2018-02-28T17:07:59+00:00","dateModified":"2018-02-28T17:08:56+00:00","breadcrumb":{"@id":"https:\/\/siemysli-ke.info\/de\/jedwabne-stoi-festiwalem-oszczerstw-5\/#breadcrumb"},"inLanguage":"de","potentialAction":[{"@type":"ReadAction","target":[["https:\/\/siemysli-ke.info\/de\/jedwabne-stoi-festiwalem-oszczerstw-5\/"]]}]},{"@type":"ImageObject","inLanguage":"de","@id":"https:\/\/siemysli-ke.info\/de\/jedwabne-stoi-festiwalem-oszczerstw-5\/#primaryimage","url":"https:\/\/siemysli-ke.info\/wp-content\/uploads\/2018\/02\/1-1.jpeg","contentUrl":"https:\/\/siemysli-ke.info\/wp-content\/uploads\/2018\/02\/1-1.jpeg","width":341,"height":269},{"@type":"BreadcrumbList","@id":"https:\/\/siemysli-ke.info\/de\/jedwabne-stoi-festiwalem-oszczerstw-5\/#breadcrumb","itemListElement":[{"@type":"ListItem","position":1,"name":"Home","item":"https:\/\/siemysli-ke.info\/de\/"},{"@type":"ListItem","position":2,"name":"(Polski) Jedwabne i nie tylko. Kto stoi za festiwalem oszczerstw? (5)"}]},{"@type":"WebSite","@id":"https:\/\/siemysli-ke.info\/de\/#website","url":"https:\/\/siemysli-ke.info\/de\/","name":"SI\u0118 MY\u015aLI","description":"","publisher":{"@id":"https:\/\/siemysli-ke.info\/de\/#organization"},"potentialAction":[{"@type":"SearchAction","target":{"@type":"EntryPoint","urlTemplate":"https:\/\/siemysli-ke.info\/de\/?s={search_term_string}"},"query-input":{"@type":"PropertyValueSpecification","valueRequired":true,"valueName":"search_term_string"}}],"inLanguage":"de"},{"@type":"Organization","@id":"https:\/\/siemysli-ke.info\/de\/#organization","name":"SI\u0118 MY\u015aLI","url":"https:\/\/siemysli-ke.info\/de\/","logo":{"@type":"ImageObject","inLanguage":"de","@id":"https:\/\/siemysli-ke.info\/de\/#\/schema\/logo\/image\/","url":"https:\/\/siemysli-ke.info\/wp-content\/uploads\/2025\/05\/99.png","contentUrl":"https:\/\/siemysli-ke.info\/wp-content\/uploads\/2025\/05\/99.png","width":270,"height":204,"caption":"SI\u0118 MY\u015aLI"},"image":{"@id":"https:\/\/siemysli-ke.info\/de\/#\/schema\/logo\/image\/"}},{"@type":"Person","@id":"https:\/\/siemysli-ke.info\/#\/schema\/person\/75326687448d6abf738b156f56385210","name":"...","image":{"@type":"ImageObject","inLanguage":"de","@id":"https:\/\/siemysli-ke.info\/de\/#\/schema\/person\/image\/","url":"https:\/\/secure.gravatar.com\/avatar\/33a3c2559155e1b4add65cf88cafda785aeb920f44b97c7055b07866ab5b13c2?s=96&d=mm&r=g","contentUrl":"https:\/\/secure.gravatar.com\/avatar\/33a3c2559155e1b4add65cf88cafda785aeb920f44b97c7055b07866ab5b13c2?s=96&d=mm&r=g","caption":"..."},"url":"https:\/\/siemysli-ke.info\/de\/author\/lele\/"}]}},"_links":{"self":[{"href":"https:\/\/siemysli-ke.info\/de\/wp-json\/wp\/v2\/posts\/28880","targetHints":{"allow":["GET"]}}],"collection":[{"href":"https:\/\/siemysli-ke.info\/de\/wp-json\/wp\/v2\/posts"}],"about":[{"href":"https:\/\/siemysli-ke.info\/de\/wp-json\/wp\/v2\/types\/post"}],"author":[{"embeddable":true,"href":"https:\/\/siemysli-ke.info\/de\/wp-json\/wp\/v2\/users\/3"}],"replies":[{"embeddable":true,"href":"https:\/\/siemysli-ke.info\/de\/wp-json\/wp\/v2\/comments?post=28880"}],"version-history":[{"count":0,"href":"https:\/\/siemysli-ke.info\/de\/wp-json\/wp\/v2\/posts\/28880\/revisions"}],"wp:featuredmedia":[{"embeddable":true,"href":"https:\/\/siemysli-ke.info\/de\/wp-json\/wp\/v2\/media\/28882"}],"wp:attachment":[{"href":"https:\/\/siemysli-ke.info\/de\/wp-json\/wp\/v2\/media?parent=28880"}],"wp:term":[{"taxonomy":"category","embeddable":true,"href":"https:\/\/siemysli-ke.info\/de\/wp-json\/wp\/v2\/categories?post=28880"},{"taxonomy":"post_tag","embeddable":true,"href":"https:\/\/siemysli-ke.info\/de\/wp-json\/wp\/v2\/tags?post=28880"}],"curies":[{"name":"wp","href":"https:\/\/api.w.org\/{rel}","templated":true}]}}