 {"id":26095,"date":"2017-06-13T11:07:31","date_gmt":"2017-06-13T09:07:31","guid":{"rendered":"http:\/\/www.siemysli.info.ke\/?p=26095"},"modified":"2017-06-13T11:07:31","modified_gmt":"2017-06-13T09:07:31","slug":"dni-kultury-kresowej-innym-okiem","status":"publish","type":"post","link":"https:\/\/siemysli-ke.info\/de\/dni-kultury-kresowej-innym-okiem\/","title":{"rendered":"(Polski) Dni Kultury Kresowej innym okiem"},"content":{"rendered":"<p class=\"qtranxs-available-languages-message qtranxs-available-languages-message-de\">Leider ist der Eintrag nur auf <a href=\"https:\/\/siemysli-ke.info\/pl\/wp-json\/wp\/v2\/posts\/26095\" class=\"qtranxs-available-language-link qtranxs-available-language-link-pl\" title=\"Polski\">Polski<\/a> verf\u00fcgbar.<\/p>","protected":false},"excerpt":{"rendered":"<p>Leider ist der Eintrag nur auf Polski verf\u00fcgbar.<\/p>\n","protected":false},"author":3,"featured_media":26096,"comment_status":"open","ping_status":"open","sticky":false,"template":"","format":"standard","meta":{"colormag_page_layout":"default_layout","footnotes":""},"categories":[3],"tags":[5425,9019,3516,4357,4057,2550,9020,9018,2759],"class_list":["post-26095","post","type-post","status-publish","format-standard","has-post-thumbnail","hentry","category-kultura","tag-chor-echo-kresow","tag-grupa-kamraty-ze-slaskiej-chaty","tag-mariola-serafin","tag-marta-garcorz","tag-sabina-nowosielska","tag-tadeusz-puchalka","tag-xiv-wojewodzkie-dni-kultury-kresowej-w-kedzierzynie-kozlu","tag-zespol-perla-z-doliny","tag-lukasz-kwiotek"],"yoast_head":"<!-- This site is optimized with the Yoast SEO plugin v25.1 - https:\/\/yoast.com\/wordpress\/plugins\/seo\/ -->\n<title>(Polski) Dni Kultury Kresowej innym okiem - SI\u0118 MY\u015aLI<\/title>\n<meta name=\"robots\" content=\"index, follow, max-snippet:-1, max-image-preview:large, max-video-preview:-1\" \/>\n<link rel=\"canonical\" href=\"https:\/\/siemysli-ke.info\/de\/dni-kultury-kresowej-innym-okiem\/\" \/>\n<meta property=\"og:locale\" content=\"de_DE\" \/>\n<meta property=\"og:type\" content=\"article\" \/>\n<meta property=\"og:title\" content=\"(Polski) Dni Kultury Kresowej innym okiem - SI\u0118 MY\u015aLI\" \/>\n<meta property=\"og:description\" content=\"Leider ist der Eintrag nur auf Polski verf\u00fcgbar.\" \/>\n<meta property=\"og:url\" content=\"https:\/\/siemysli-ke.info\/de\/dni-kultury-kresowej-innym-okiem\/\" \/>\n<meta property=\"og:site_name\" content=\"SI\u0118 MY\u015aLI\" \/>\n<meta property=\"article:published_time\" content=\"2017-06-13T09:07:31+00:00\" \/>\n<meta property=\"og:image\" content=\"https:\/\/siemysli-ke.info\/wp-content\/uploads\/2017\/06\/Mapa.png\" \/>\n\t<meta property=\"og:image:width\" content=\"563\" \/>\n\t<meta property=\"og:image:height\" content=\"513\" \/>\n\t<meta property=\"og:image:type\" content=\"image\/png\" \/>\n<meta name=\"author\" content=\"...\" \/>\n<meta name=\"twitter:label1\" content=\"Verfasst von\" \/>\n\t<meta name=\"twitter:data1\" content=\"...\" \/>\n\t<meta name=\"twitter:label2\" content=\"Gesch\u00e4tzte Lesezeit\" \/>\n\t<meta name=\"twitter:data2\" content=\"2\u00a0Minuten\" \/>\n<script type=\"application\/ld+json\" class=\"yoast-schema-graph\">{\"@context\":\"https:\/\/schema.org\",\"@graph\":[{\"@type\":\"Article\",\"@id\":\"https:\/\/siemysli-ke.info\/de\/dni-kultury-kresowej-innym-okiem\/#article\",\"isPartOf\":{\"@id\":\"https:\/\/siemysli-ke.info\/de\/dni-kultury-kresowej-innym-okiem\/\"},\"author\":{\"name\":\"...\",\"@id\":\"https:\/\/siemysli-ke.info\/#\/schema\/person\/75326687448d6abf738b156f56385210\"},\"headline\":\"(Polski) Dni Kultury Kresowej innym okiem\",\"datePublished\":\"2017-06-13T09:07:31+00:00\",\"mainEntityOfPage\":{\"@id\":\"https:\/\/siemysli-ke.info\/de\/dni-kultury-kresowej-innym-okiem\/\"},\"wordCount\":350,\"commentCount\":0,\"publisher\":{\"@id\":\"https:\/\/siemysli-ke.info\/#organization\"},\"image\":{\"@id\":\"https:\/\/siemysli-ke.info\/de\/dni-kultury-kresowej-innym-okiem\/#primaryimage\"},\"thumbnailUrl\":\"https:\/\/siemysli-ke.info\/wp-content\/uploads\/2017\/06\/Mapa.png\",\"keywords\":[\"ch\u00f3r Echo Kres\u00f3w\",\"grupa \u201eKamraty ze \u015al\u0105skiej Chaty\u201d\",\"Mariola Serafin\",\"Marta Garcorz\",\"Sabina Nowosielska\",\"Tadeusz Pucha\u0142ka\",\"XIV Wojew\u00f3dzkie Dni Kultury Kresowej w K\u0119dzierzynie-Ko\u017alu\",\"zesp\u00f3\u0142 \u201ePer\u0142a z Doliny\u201d\",\"\u0141ukasz Kwiotek\"],\"articleSection\":[\"Kultura\"],\"inLanguage\":\"de\",\"potentialAction\":[{\"@type\":\"CommentAction\",\"name\":\"Comment\",\"target\":[\"https:\/\/siemysli-ke.info\/de\/dni-kultury-kresowej-innym-okiem\/#respond\"]}]},{\"@type\":\"WebPage\",\"@id\":\"https:\/\/siemysli-ke.info\/de\/dni-kultury-kresowej-innym-okiem\/\",\"url\":\"https:\/\/siemysli-ke.info\/de\/dni-kultury-kresowej-innym-okiem\/\",\"name\":\"(Polski) Dni Kultury Kresowej innym okiem - SI\u0118 MY\u015aLI\",\"isPartOf\":{\"@id\":\"https:\/\/siemysli-ke.info\/de\/#website\"},\"primaryImageOfPage\":{\"@id\":\"https:\/\/siemysli-ke.info\/de\/dni-kultury-kresowej-innym-okiem\/#primaryimage\"},\"image\":{\"@id\":\"https:\/\/siemysli-ke.info\/de\/dni-kultury-kresowej-innym-okiem\/#primaryimage\"},\"thumbnailUrl\":\"https:\/\/siemysli-ke.info\/wp-content\/uploads\/2017\/06\/Mapa.png\",\"datePublished\":\"2017-06-13T09:07:31+00:00\",\"breadcrumb\":{\"@id\":\"https:\/\/siemysli-ke.info\/de\/dni-kultury-kresowej-innym-okiem\/#breadcrumb\"},\"inLanguage\":\"de\",\"potentialAction\":[{\"@type\":\"ReadAction\",\"target\":[[\"https:\/\/siemysli-ke.info\/de\/dni-kultury-kresowej-innym-okiem\/\"]]}]},{\"@type\":\"ImageObject\",\"inLanguage\":\"de\",\"@id\":\"https:\/\/siemysli-ke.info\/de\/dni-kultury-kresowej-innym-okiem\/#primaryimage\",\"url\":\"https:\/\/siemysli-ke.info\/wp-content\/uploads\/2017\/06\/Mapa.png\",\"contentUrl\":\"https:\/\/siemysli-ke.info\/wp-content\/uploads\/2017\/06\/Mapa.png\",\"width\":563,\"height\":513},{\"@type\":\"BreadcrumbList\",\"@id\":\"https:\/\/siemysli-ke.info\/de\/dni-kultury-kresowej-innym-okiem\/#breadcrumb\",\"itemListElement\":[{\"@type\":\"ListItem\",\"position\":1,\"name\":\"Home\",\"item\":\"https:\/\/siemysli-ke.info\/de\/\"},{\"@type\":\"ListItem\",\"position\":2,\"name\":\"(Polski) Dni Kultury Kresowej innym okiem\"}]},{\"@type\":\"WebSite\",\"@id\":\"https:\/\/siemysli-ke.info\/de\/#website\",\"url\":\"https:\/\/siemysli-ke.info\/de\/\",\"name\":\"SI\u0118 MY\u015aLI\",\"description\":\"\",\"publisher\":{\"@id\":\"https:\/\/siemysli-ke.info\/de\/#organization\"},\"potentialAction\":[{\"@type\":\"SearchAction\",\"target\":{\"@type\":\"EntryPoint\",\"urlTemplate\":\"https:\/\/siemysli-ke.info\/de\/?s={search_term_string}\"},\"query-input\":{\"@type\":\"PropertyValueSpecification\",\"valueRequired\":true,\"valueName\":\"search_term_string\"}}],\"inLanguage\":\"de\"},{\"@type\":\"Organization\",\"@id\":\"https:\/\/siemysli-ke.info\/de\/#organization\",\"name\":\"SI\u0118 MY\u015aLI\",\"url\":\"https:\/\/siemysli-ke.info\/de\/\",\"logo\":{\"@type\":\"ImageObject\",\"inLanguage\":\"de\",\"@id\":\"https:\/\/siemysli-ke.info\/de\/#\/schema\/logo\/image\/\",\"url\":\"https:\/\/siemysli-ke.info\/wp-content\/uploads\/2025\/05\/99.png\",\"contentUrl\":\"https:\/\/siemysli-ke.info\/wp-content\/uploads\/2025\/05\/99.png\",\"width\":270,\"height\":204,\"caption\":\"SI\u0118 MY\u015aLI\"},\"image\":{\"@id\":\"https:\/\/siemysli-ke.info\/de\/#\/schema\/logo\/image\/\"}},{\"@type\":\"Person\",\"@id\":\"https:\/\/siemysli-ke.info\/#\/schema\/person\/75326687448d6abf738b156f56385210\",\"name\":\"...\",\"image\":{\"@type\":\"ImageObject\",\"inLanguage\":\"de\",\"@id\":\"https:\/\/siemysli-ke.info\/de\/#\/schema\/person\/image\/\",\"url\":\"https:\/\/secure.gravatar.com\/avatar\/33a3c2559155e1b4add65cf88cafda785aeb920f44b97c7055b07866ab5b13c2?s=96&d=mm&r=g\",\"contentUrl\":\"https:\/\/secure.gravatar.com\/avatar\/33a3c2559155e1b4add65cf88cafda785aeb920f44b97c7055b07866ab5b13c2?s=96&d=mm&r=g\",\"caption\":\"...\"},\"url\":\"https:\/\/siemysli-ke.info\/de\/author\/lele\/\"}]}<\/script>\n<!-- \/ Yoast SEO plugin. -->","yoast_head_json":{"title":"(Polski) Dni Kultury Kresowej innym okiem - SI\u0118 MY\u015aLI","robots":{"index":"index","follow":"follow","max-snippet":"max-snippet:-1","max-image-preview":"max-image-preview:large","max-video-preview":"max-video-preview:-1"},"canonical":"https:\/\/siemysli-ke.info\/de\/dni-kultury-kresowej-innym-okiem\/","og_locale":"de_DE","og_type":"article","og_title":"(Polski) Dni Kultury Kresowej innym okiem - SI\u0118 MY\u015aLI","og_description":"Leider ist der Eintrag nur auf Polski verf\u00fcgbar.","og_url":"https:\/\/siemysli-ke.info\/de\/dni-kultury-kresowej-innym-okiem\/","og_site_name":"SI\u0118 MY\u015aLI","article_published_time":"2017-06-13T09:07:31+00:00","og_image":[{"width":563,"height":513,"url":"https:\/\/siemysli-ke.info\/wp-content\/uploads\/2017\/06\/Mapa.png","type":"image\/png"}],"author":"...","twitter_misc":{"Verfasst von":"...","Gesch\u00e4tzte Lesezeit":"2\u00a0Minuten"},"schema":{"@context":"https:\/\/schema.org","@graph":[{"@type":"Article","@id":"https:\/\/siemysli-ke.info\/de\/dni-kultury-kresowej-innym-okiem\/#article","isPartOf":{"@id":"https:\/\/siemysli-ke.info\/de\/dni-kultury-kresowej-innym-okiem\/"},"author":{"name":"...","@id":"https:\/\/siemysli-ke.info\/#\/schema\/person\/75326687448d6abf738b156f56385210"},"headline":"(Polski) Dni Kultury Kresowej innym okiem","datePublished":"2017-06-13T09:07:31+00:00","mainEntityOfPage":{"@id":"https:\/\/siemysli-ke.info\/de\/dni-kultury-kresowej-innym-okiem\/"},"wordCount":350,"commentCount":0,"publisher":{"@id":"https:\/\/siemysli-ke.info\/#organization"},"image":{"@id":"https:\/\/siemysli-ke.info\/de\/dni-kultury-kresowej-innym-okiem\/#primaryimage"},"thumbnailUrl":"https:\/\/siemysli-ke.info\/wp-content\/uploads\/2017\/06\/Mapa.png","keywords":["ch\u00f3r Echo Kres\u00f3w","grupa \u201eKamraty ze \u015al\u0105skiej Chaty\u201d","Mariola Serafin","Marta Garcorz","Sabina Nowosielska","Tadeusz Pucha\u0142ka","XIV Wojew\u00f3dzkie Dni Kultury Kresowej w K\u0119dzierzynie-Ko\u017alu","zesp\u00f3\u0142 \u201ePer\u0142a z Doliny\u201d","\u0141ukasz Kwiotek"],"articleSection":["Kultura"],"inLanguage":"de","potentialAction":[{"@type":"CommentAction","name":"Comment","target":["https:\/\/siemysli-ke.info\/de\/dni-kultury-kresowej-innym-okiem\/#respond"]}]},{"@type":"WebPage","@id":"https:\/\/siemysli-ke.info\/de\/dni-kultury-kresowej-innym-okiem\/","url":"https:\/\/siemysli-ke.info\/de\/dni-kultury-kresowej-innym-okiem\/","name":"(Polski) Dni Kultury Kresowej innym okiem - SI\u0118 MY\u015aLI","isPartOf":{"@id":"https:\/\/siemysli-ke.info\/de\/#website"},"primaryImageOfPage":{"@id":"https:\/\/siemysli-ke.info\/de\/dni-kultury-kresowej-innym-okiem\/#primaryimage"},"image":{"@id":"https:\/\/siemysli-ke.info\/de\/dni-kultury-kresowej-innym-okiem\/#primaryimage"},"thumbnailUrl":"https:\/\/siemysli-ke.info\/wp-content\/uploads\/2017\/06\/Mapa.png","datePublished":"2017-06-13T09:07:31+00:00","breadcrumb":{"@id":"https:\/\/siemysli-ke.info\/de\/dni-kultury-kresowej-innym-okiem\/#breadcrumb"},"inLanguage":"de","potentialAction":[{"@type":"ReadAction","target":[["https:\/\/siemysli-ke.info\/de\/dni-kultury-kresowej-innym-okiem\/"]]}]},{"@type":"ImageObject","inLanguage":"de","@id":"https:\/\/siemysli-ke.info\/de\/dni-kultury-kresowej-innym-okiem\/#primaryimage","url":"https:\/\/siemysli-ke.info\/wp-content\/uploads\/2017\/06\/Mapa.png","contentUrl":"https:\/\/siemysli-ke.info\/wp-content\/uploads\/2017\/06\/Mapa.png","width":563,"height":513},{"@type":"BreadcrumbList","@id":"https:\/\/siemysli-ke.info\/de\/dni-kultury-kresowej-innym-okiem\/#breadcrumb","itemListElement":[{"@type":"ListItem","position":1,"name":"Home","item":"https:\/\/siemysli-ke.info\/de\/"},{"@type":"ListItem","position":2,"name":"(Polski) Dni Kultury Kresowej innym okiem"}]},{"@type":"WebSite","@id":"https:\/\/siemysli-ke.info\/de\/#website","url":"https:\/\/siemysli-ke.info\/de\/","name":"SI\u0118 MY\u015aLI","description":"","publisher":{"@id":"https:\/\/siemysli-ke.info\/de\/#organization"},"potentialAction":[{"@type":"SearchAction","target":{"@type":"EntryPoint","urlTemplate":"https:\/\/siemysli-ke.info\/de\/?s={search_term_string}"},"query-input":{"@type":"PropertyValueSpecification","valueRequired":true,"valueName":"search_term_string"}}],"inLanguage":"de"},{"@type":"Organization","@id":"https:\/\/siemysli-ke.info\/de\/#organization","name":"SI\u0118 MY\u015aLI","url":"https:\/\/siemysli-ke.info\/de\/","logo":{"@type":"ImageObject","inLanguage":"de","@id":"https:\/\/siemysli-ke.info\/de\/#\/schema\/logo\/image\/","url":"https:\/\/siemysli-ke.info\/wp-content\/uploads\/2025\/05\/99.png","contentUrl":"https:\/\/siemysli-ke.info\/wp-content\/uploads\/2025\/05\/99.png","width":270,"height":204,"caption":"SI\u0118 MY\u015aLI"},"image":{"@id":"https:\/\/siemysli-ke.info\/de\/#\/schema\/logo\/image\/"}},{"@type":"Person","@id":"https:\/\/siemysli-ke.info\/#\/schema\/person\/75326687448d6abf738b156f56385210","name":"...","image":{"@type":"ImageObject","inLanguage":"de","@id":"https:\/\/siemysli-ke.info\/de\/#\/schema\/person\/image\/","url":"https:\/\/secure.gravatar.com\/avatar\/33a3c2559155e1b4add65cf88cafda785aeb920f44b97c7055b07866ab5b13c2?s=96&d=mm&r=g","contentUrl":"https:\/\/secure.gravatar.com\/avatar\/33a3c2559155e1b4add65cf88cafda785aeb920f44b97c7055b07866ab5b13c2?s=96&d=mm&r=g","caption":"..."},"url":"https:\/\/siemysli-ke.info\/de\/author\/lele\/"}]}},"_links":{"self":[{"href":"https:\/\/siemysli-ke.info\/de\/wp-json\/wp\/v2\/posts\/26095","targetHints":{"allow":["GET"]}}],"collection":[{"href":"https:\/\/siemysli-ke.info\/de\/wp-json\/wp\/v2\/posts"}],"about":[{"href":"https:\/\/siemysli-ke.info\/de\/wp-json\/wp\/v2\/types\/post"}],"author":[{"embeddable":true,"href":"https:\/\/siemysli-ke.info\/de\/wp-json\/wp\/v2\/users\/3"}],"replies":[{"embeddable":true,"href":"https:\/\/siemysli-ke.info\/de\/wp-json\/wp\/v2\/comments?post=26095"}],"version-history":[{"count":0,"href":"https:\/\/siemysli-ke.info\/de\/wp-json\/wp\/v2\/posts\/26095\/revisions"}],"wp:featuredmedia":[{"embeddable":true,"href":"https:\/\/siemysli-ke.info\/de\/wp-json\/wp\/v2\/media\/26096"}],"wp:attachment":[{"href":"https:\/\/siemysli-ke.info\/de\/wp-json\/wp\/v2\/media?parent=26095"}],"wp:term":[{"taxonomy":"category","embeddable":true,"href":"https:\/\/siemysli-ke.info\/de\/wp-json\/wp\/v2\/categories?post=26095"},{"taxonomy":"post_tag","embeddable":true,"href":"https:\/\/siemysli-ke.info\/de\/wp-json\/wp\/v2\/tags?post=26095"}],"curies":[{"name":"wp","href":"https:\/\/api.w.org\/{rel}","templated":true}]}}