 {"id":25859,"date":"2017-06-01T22:51:14","date_gmt":"2017-06-01T20:51:14","guid":{"rendered":"http:\/\/www.siemysli.info.ke\/?p=25859"},"modified":"2017-06-01T23:07:34","modified_gmt":"2017-06-01T21:07:34","slug":"praha-pribram-ze-wspomnien-5","status":"publish","type":"post","link":"https:\/\/siemysli-ke.info\/de\/praha-pribram-ze-wspomnien-5\/","title":{"rendered":"(Polski) Praha i P\u0159\u00edbram. Ze wspomnie\u0144 (5)"},"content":{"rendered":"<p class=\"qtranxs-available-languages-message qtranxs-available-languages-message-de\">Leider ist der Eintrag nur auf <a href=\"https:\/\/siemysli-ke.info\/pl\/wp-json\/wp\/v2\/posts\/25859\" class=\"qtranxs-available-language-link qtranxs-available-language-link-pl\" title=\"Polski\">Polski<\/a> verf\u00fcgbar.<\/p>","protected":false},"excerpt":{"rendered":"<p>Leider ist der Eintrag nur auf Polski verf\u00fcgbar.<\/p>\n","protected":false},"author":3,"featured_media":25860,"comment_status":"open","ping_status":"open","sticky":false,"template":"","format":"standard","meta":{"colormag_page_layout":"default_layout","footnotes":""},"categories":[3],"tags":[521,89,8651,8923,8620,92,209,8924,304,8921,8920,2921,8765,8926,8919,8925,4477],"class_list":["post-25859","post","type-post","status-publish","format-standard","has-post-thumbnail","hentry","category-kultura","tag-agnieszka-brytan","tag-breaking","tag-ceska-republika","tag-dobris","tag-eva-prajzlerova","tag-headline","tag-ivan-preissler","tag-klub-mlejn","tag-lech-l-przychodzki","tag-mail-art","tag-milada-mojsejova","tag-praha","tag-pribram","tag-stb-statni-bezpecnost-bezpieczenstwo-panstwa","tag-t-g-masaryk","tag-zbraslav","tag-aksamitna-rewolucja"],"yoast_head":"<!-- This site is optimized with the Yoast SEO plugin v25.1 - https:\/\/yoast.com\/wordpress\/plugins\/seo\/ -->\n<title>(Polski) Praha i P\u0159\u00edbram. Ze wspomnie\u0144 (5)  - SI\u0118 MY\u015aLI<\/title>\n<meta name=\"robots\" content=\"index, follow, max-snippet:-1, max-image-preview:large, max-video-preview:-1\" \/>\n<link rel=\"canonical\" href=\"https:\/\/siemysli-ke.info\/de\/praha-pribram-ze-wspomnien-5\/\" \/>\n<meta property=\"og:locale\" content=\"de_DE\" \/>\n<meta property=\"og:type\" content=\"article\" \/>\n<meta property=\"og:title\" content=\"(Polski) Praha i P\u0159\u00edbram. Ze wspomnie\u0144 (5)  - SI\u0118 MY\u015aLI\" \/>\n<meta property=\"og:description\" content=\"Leider ist der Eintrag nur auf Polski verf\u00fcgbar.\" \/>\n<meta property=\"og:url\" content=\"https:\/\/siemysli-ke.info\/de\/praha-pribram-ze-wspomnien-5\/\" \/>\n<meta property=\"og:site_name\" content=\"SI\u0118 MY\u015aLI\" \/>\n<meta property=\"article:published_time\" content=\"2017-06-01T20:51:14+00:00\" \/>\n<meta property=\"article:modified_time\" content=\"2017-06-01T21:07:34+00:00\" \/>\n<meta property=\"og:image\" content=\"https:\/\/siemysli-ke.info\/wp-content\/uploads\/2017\/06\/19.jpg\" \/>\n\t<meta property=\"og:image:width\" content=\"1632\" \/>\n\t<meta property=\"og:image:height\" content=\"1224\" \/>\n\t<meta property=\"og:image:type\" content=\"image\/jpeg\" \/>\n<meta name=\"author\" content=\"...\" \/>\n<meta name=\"twitter:label1\" content=\"Verfasst von\" \/>\n\t<meta name=\"twitter:data1\" content=\"...\" \/>\n\t<meta name=\"twitter:label2\" content=\"Gesch\u00e4tzte Lesezeit\" \/>\n\t<meta name=\"twitter:data2\" content=\"8\u00a0Minuten\" \/>\n<script type=\"application\/ld+json\" class=\"yoast-schema-graph\">{\"@context\":\"https:\/\/schema.org\",\"@graph\":[{\"@type\":\"Article\",\"@id\":\"https:\/\/siemysli-ke.info\/de\/praha-pribram-ze-wspomnien-5\/#article\",\"isPartOf\":{\"@id\":\"https:\/\/siemysli-ke.info\/de\/praha-pribram-ze-wspomnien-5\/\"},\"author\":{\"name\":\"...\",\"@id\":\"https:\/\/siemysli-ke.info\/#\/schema\/person\/75326687448d6abf738b156f56385210\"},\"headline\":\"(Polski) Praha i P\u0159\u00edbram. Ze wspomnie\u0144 (5)\",\"datePublished\":\"2017-06-01T20:51:14+00:00\",\"dateModified\":\"2017-06-01T21:07:34+00:00\",\"mainEntityOfPage\":{\"@id\":\"https:\/\/siemysli-ke.info\/de\/praha-pribram-ze-wspomnien-5\/\"},\"wordCount\":1516,\"commentCount\":0,\"publisher\":{\"@id\":\"https:\/\/siemysli-ke.info\/#organization\"},\"image\":{\"@id\":\"https:\/\/siemysli-ke.info\/de\/praha-pribram-ze-wspomnien-5\/#primaryimage\"},\"thumbnailUrl\":\"https:\/\/siemysli-ke.info\/wp-content\/uploads\/2017\/06\/19.jpg\",\"keywords\":[\"Agnieszka Brytan\",\"breaking\",\"\u010cesk\u00e1 republika\",\"Dob\u0159\u00ed\u0161\",\"Eva Prajzlerov\u00e1\",\"headline\",\"Ivan Preissler\",\"klub \u201eMlejn\u201d\",\"Lech L. Przychodzki\",\"Mail Art\",\"Milada Mojsejov\u00e1\",\"Praha\",\"P\u0159\u00edbram\",\"StB - St\u00e1tn\u00ed bezpe\u010dnost \u2013 Bezpiecze\u0144stwo Pa\u0144stwa\",\"T. G. Masaryk\",\"Zbraslav\",\"\u201eAksamitna Rewolucja\u201d\"],\"articleSection\":[\"Kultura\"],\"inLanguage\":\"de\",\"potentialAction\":[{\"@type\":\"CommentAction\",\"name\":\"Comment\",\"target\":[\"https:\/\/siemysli-ke.info\/de\/praha-pribram-ze-wspomnien-5\/#respond\"]}]},{\"@type\":\"WebPage\",\"@id\":\"https:\/\/siemysli-ke.info\/de\/praha-pribram-ze-wspomnien-5\/\",\"url\":\"https:\/\/siemysli-ke.info\/de\/praha-pribram-ze-wspomnien-5\/\",\"name\":\"(Polski) Praha i P\u0159\u00edbram. Ze wspomnie\u0144 (5)  - SI\u0118 MY\u015aLI\",\"isPartOf\":{\"@id\":\"https:\/\/siemysli-ke.info\/de\/#website\"},\"primaryImageOfPage\":{\"@id\":\"https:\/\/siemysli-ke.info\/de\/praha-pribram-ze-wspomnien-5\/#primaryimage\"},\"image\":{\"@id\":\"https:\/\/siemysli-ke.info\/de\/praha-pribram-ze-wspomnien-5\/#primaryimage\"},\"thumbnailUrl\":\"https:\/\/siemysli-ke.info\/wp-content\/uploads\/2017\/06\/19.jpg\",\"datePublished\":\"2017-06-01T20:51:14+00:00\",\"dateModified\":\"2017-06-01T21:07:34+00:00\",\"breadcrumb\":{\"@id\":\"https:\/\/siemysli-ke.info\/de\/praha-pribram-ze-wspomnien-5\/#breadcrumb\"},\"inLanguage\":\"de\",\"potentialAction\":[{\"@type\":\"ReadAction\",\"target\":[[\"https:\/\/siemysli-ke.info\/de\/praha-pribram-ze-wspomnien-5\/\"]]}]},{\"@type\":\"ImageObject\",\"inLanguage\":\"de\",\"@id\":\"https:\/\/siemysli-ke.info\/de\/praha-pribram-ze-wspomnien-5\/#primaryimage\",\"url\":\"https:\/\/siemysli-ke.info\/wp-content\/uploads\/2017\/06\/19.jpg\",\"contentUrl\":\"https:\/\/siemysli-ke.info\/wp-content\/uploads\/2017\/06\/19.jpg\",\"width\":1632,\"height\":1224},{\"@type\":\"BreadcrumbList\",\"@id\":\"https:\/\/siemysli-ke.info\/de\/praha-pribram-ze-wspomnien-5\/#breadcrumb\",\"itemListElement\":[{\"@type\":\"ListItem\",\"position\":1,\"name\":\"Home\",\"item\":\"https:\/\/siemysli-ke.info\/de\/\"},{\"@type\":\"ListItem\",\"position\":2,\"name\":\"(Polski) Praha i P\u0159\u00edbram. Ze wspomnie\u0144 (5)\"}]},{\"@type\":\"WebSite\",\"@id\":\"https:\/\/siemysli-ke.info\/de\/#website\",\"url\":\"https:\/\/siemysli-ke.info\/de\/\",\"name\":\"SI\u0118 MY\u015aLI\",\"description\":\"\",\"publisher\":{\"@id\":\"https:\/\/siemysli-ke.info\/de\/#organization\"},\"potentialAction\":[{\"@type\":\"SearchAction\",\"target\":{\"@type\":\"EntryPoint\",\"urlTemplate\":\"https:\/\/siemysli-ke.info\/de\/?s={search_term_string}\"},\"query-input\":{\"@type\":\"PropertyValueSpecification\",\"valueRequired\":true,\"valueName\":\"search_term_string\"}}],\"inLanguage\":\"de\"},{\"@type\":\"Organization\",\"@id\":\"https:\/\/siemysli-ke.info\/de\/#organization\",\"name\":\"SI\u0118 MY\u015aLI\",\"url\":\"https:\/\/siemysli-ke.info\/de\/\",\"logo\":{\"@type\":\"ImageObject\",\"inLanguage\":\"de\",\"@id\":\"https:\/\/siemysli-ke.info\/de\/#\/schema\/logo\/image\/\",\"url\":\"https:\/\/siemysli-ke.info\/wp-content\/uploads\/2025\/05\/99.png\",\"contentUrl\":\"https:\/\/siemysli-ke.info\/wp-content\/uploads\/2025\/05\/99.png\",\"width\":270,\"height\":204,\"caption\":\"SI\u0118 MY\u015aLI\"},\"image\":{\"@id\":\"https:\/\/siemysli-ke.info\/de\/#\/schema\/logo\/image\/\"}},{\"@type\":\"Person\",\"@id\":\"https:\/\/siemysli-ke.info\/#\/schema\/person\/75326687448d6abf738b156f56385210\",\"name\":\"...\",\"image\":{\"@type\":\"ImageObject\",\"inLanguage\":\"de\",\"@id\":\"https:\/\/siemysli-ke.info\/de\/#\/schema\/person\/image\/\",\"url\":\"https:\/\/secure.gravatar.com\/avatar\/33a3c2559155e1b4add65cf88cafda785aeb920f44b97c7055b07866ab5b13c2?s=96&d=mm&r=g\",\"contentUrl\":\"https:\/\/secure.gravatar.com\/avatar\/33a3c2559155e1b4add65cf88cafda785aeb920f44b97c7055b07866ab5b13c2?s=96&d=mm&r=g\",\"caption\":\"...\"},\"url\":\"https:\/\/siemysli-ke.info\/de\/author\/lele\/\"}]}<\/script>\n<!-- \/ Yoast SEO plugin. -->","yoast_head_json":{"title":"(Polski) Praha i P\u0159\u00edbram. Ze wspomnie\u0144 (5)  - SI\u0118 MY\u015aLI","robots":{"index":"index","follow":"follow","max-snippet":"max-snippet:-1","max-image-preview":"max-image-preview:large","max-video-preview":"max-video-preview:-1"},"canonical":"https:\/\/siemysli-ke.info\/de\/praha-pribram-ze-wspomnien-5\/","og_locale":"de_DE","og_type":"article","og_title":"(Polski) Praha i P\u0159\u00edbram. Ze wspomnie\u0144 (5)  - SI\u0118 MY\u015aLI","og_description":"Leider ist der Eintrag nur auf Polski verf\u00fcgbar.","og_url":"https:\/\/siemysli-ke.info\/de\/praha-pribram-ze-wspomnien-5\/","og_site_name":"SI\u0118 MY\u015aLI","article_published_time":"2017-06-01T20:51:14+00:00","article_modified_time":"2017-06-01T21:07:34+00:00","og_image":[{"width":1632,"height":1224,"url":"https:\/\/siemysli-ke.info\/wp-content\/uploads\/2017\/06\/19.jpg","type":"image\/jpeg"}],"author":"...","twitter_misc":{"Verfasst von":"...","Gesch\u00e4tzte Lesezeit":"8\u00a0Minuten"},"schema":{"@context":"https:\/\/schema.org","@graph":[{"@type":"Article","@id":"https:\/\/siemysli-ke.info\/de\/praha-pribram-ze-wspomnien-5\/#article","isPartOf":{"@id":"https:\/\/siemysli-ke.info\/de\/praha-pribram-ze-wspomnien-5\/"},"author":{"name":"...","@id":"https:\/\/siemysli-ke.info\/#\/schema\/person\/75326687448d6abf738b156f56385210"},"headline":"(Polski) Praha i P\u0159\u00edbram. Ze wspomnie\u0144 (5)","datePublished":"2017-06-01T20:51:14+00:00","dateModified":"2017-06-01T21:07:34+00:00","mainEntityOfPage":{"@id":"https:\/\/siemysli-ke.info\/de\/praha-pribram-ze-wspomnien-5\/"},"wordCount":1516,"commentCount":0,"publisher":{"@id":"https:\/\/siemysli-ke.info\/#organization"},"image":{"@id":"https:\/\/siemysli-ke.info\/de\/praha-pribram-ze-wspomnien-5\/#primaryimage"},"thumbnailUrl":"https:\/\/siemysli-ke.info\/wp-content\/uploads\/2017\/06\/19.jpg","keywords":["Agnieszka Brytan","breaking","\u010cesk\u00e1 republika","Dob\u0159\u00ed\u0161","Eva Prajzlerov\u00e1","headline","Ivan Preissler","klub \u201eMlejn\u201d","Lech L. Przychodzki","Mail Art","Milada Mojsejov\u00e1","Praha","P\u0159\u00edbram","StB - St\u00e1tn\u00ed bezpe\u010dnost \u2013 Bezpiecze\u0144stwo Pa\u0144stwa","T. G. Masaryk","Zbraslav","\u201eAksamitna Rewolucja\u201d"],"articleSection":["Kultura"],"inLanguage":"de","potentialAction":[{"@type":"CommentAction","name":"Comment","target":["https:\/\/siemysli-ke.info\/de\/praha-pribram-ze-wspomnien-5\/#respond"]}]},{"@type":"WebPage","@id":"https:\/\/siemysli-ke.info\/de\/praha-pribram-ze-wspomnien-5\/","url":"https:\/\/siemysli-ke.info\/de\/praha-pribram-ze-wspomnien-5\/","name":"(Polski) Praha i P\u0159\u00edbram. Ze wspomnie\u0144 (5)  - SI\u0118 MY\u015aLI","isPartOf":{"@id":"https:\/\/siemysli-ke.info\/de\/#website"},"primaryImageOfPage":{"@id":"https:\/\/siemysli-ke.info\/de\/praha-pribram-ze-wspomnien-5\/#primaryimage"},"image":{"@id":"https:\/\/siemysli-ke.info\/de\/praha-pribram-ze-wspomnien-5\/#primaryimage"},"thumbnailUrl":"https:\/\/siemysli-ke.info\/wp-content\/uploads\/2017\/06\/19.jpg","datePublished":"2017-06-01T20:51:14+00:00","dateModified":"2017-06-01T21:07:34+00:00","breadcrumb":{"@id":"https:\/\/siemysli-ke.info\/de\/praha-pribram-ze-wspomnien-5\/#breadcrumb"},"inLanguage":"de","potentialAction":[{"@type":"ReadAction","target":[["https:\/\/siemysli-ke.info\/de\/praha-pribram-ze-wspomnien-5\/"]]}]},{"@type":"ImageObject","inLanguage":"de","@id":"https:\/\/siemysli-ke.info\/de\/praha-pribram-ze-wspomnien-5\/#primaryimage","url":"https:\/\/siemysli-ke.info\/wp-content\/uploads\/2017\/06\/19.jpg","contentUrl":"https:\/\/siemysli-ke.info\/wp-content\/uploads\/2017\/06\/19.jpg","width":1632,"height":1224},{"@type":"BreadcrumbList","@id":"https:\/\/siemysli-ke.info\/de\/praha-pribram-ze-wspomnien-5\/#breadcrumb","itemListElement":[{"@type":"ListItem","position":1,"name":"Home","item":"https:\/\/siemysli-ke.info\/de\/"},{"@type":"ListItem","position":2,"name":"(Polski) Praha i P\u0159\u00edbram. Ze wspomnie\u0144 (5)"}]},{"@type":"WebSite","@id":"https:\/\/siemysli-ke.info\/de\/#website","url":"https:\/\/siemysli-ke.info\/de\/","name":"SI\u0118 MY\u015aLI","description":"","publisher":{"@id":"https:\/\/siemysli-ke.info\/de\/#organization"},"potentialAction":[{"@type":"SearchAction","target":{"@type":"EntryPoint","urlTemplate":"https:\/\/siemysli-ke.info\/de\/?s={search_term_string}"},"query-input":{"@type":"PropertyValueSpecification","valueRequired":true,"valueName":"search_term_string"}}],"inLanguage":"de"},{"@type":"Organization","@id":"https:\/\/siemysli-ke.info\/de\/#organization","name":"SI\u0118 MY\u015aLI","url":"https:\/\/siemysli-ke.info\/de\/","logo":{"@type":"ImageObject","inLanguage":"de","@id":"https:\/\/siemysli-ke.info\/de\/#\/schema\/logo\/image\/","url":"https:\/\/siemysli-ke.info\/wp-content\/uploads\/2025\/05\/99.png","contentUrl":"https:\/\/siemysli-ke.info\/wp-content\/uploads\/2025\/05\/99.png","width":270,"height":204,"caption":"SI\u0118 MY\u015aLI"},"image":{"@id":"https:\/\/siemysli-ke.info\/de\/#\/schema\/logo\/image\/"}},{"@type":"Person","@id":"https:\/\/siemysli-ke.info\/#\/schema\/person\/75326687448d6abf738b156f56385210","name":"...","image":{"@type":"ImageObject","inLanguage":"de","@id":"https:\/\/siemysli-ke.info\/de\/#\/schema\/person\/image\/","url":"https:\/\/secure.gravatar.com\/avatar\/33a3c2559155e1b4add65cf88cafda785aeb920f44b97c7055b07866ab5b13c2?s=96&d=mm&r=g","contentUrl":"https:\/\/secure.gravatar.com\/avatar\/33a3c2559155e1b4add65cf88cafda785aeb920f44b97c7055b07866ab5b13c2?s=96&d=mm&r=g","caption":"..."},"url":"https:\/\/siemysli-ke.info\/de\/author\/lele\/"}]}},"_links":{"self":[{"href":"https:\/\/siemysli-ke.info\/de\/wp-json\/wp\/v2\/posts\/25859","targetHints":{"allow":["GET"]}}],"collection":[{"href":"https:\/\/siemysli-ke.info\/de\/wp-json\/wp\/v2\/posts"}],"about":[{"href":"https:\/\/siemysli-ke.info\/de\/wp-json\/wp\/v2\/types\/post"}],"author":[{"embeddable":true,"href":"https:\/\/siemysli-ke.info\/de\/wp-json\/wp\/v2\/users\/3"}],"replies":[{"embeddable":true,"href":"https:\/\/siemysli-ke.info\/de\/wp-json\/wp\/v2\/comments?post=25859"}],"version-history":[{"count":0,"href":"https:\/\/siemysli-ke.info\/de\/wp-json\/wp\/v2\/posts\/25859\/revisions"}],"wp:featuredmedia":[{"embeddable":true,"href":"https:\/\/siemysli-ke.info\/de\/wp-json\/wp\/v2\/media\/25860"}],"wp:attachment":[{"href":"https:\/\/siemysli-ke.info\/de\/wp-json\/wp\/v2\/media?parent=25859"}],"wp:term":[{"taxonomy":"category","embeddable":true,"href":"https:\/\/siemysli-ke.info\/de\/wp-json\/wp\/v2\/categories?post=25859"},{"taxonomy":"post_tag","embeddable":true,"href":"https:\/\/siemysli-ke.info\/de\/wp-json\/wp\/v2\/tags?post=25859"}],"curies":[{"name":"wp","href":"https:\/\/api.w.org\/{rel}","templated":true}]}}