 {"id":232,"date":"2011-10-10T19:20:33","date_gmt":"2011-10-10T19:20:33","guid":{"rendered":"http:\/\/www.bezjarzmowie.info.ke\/test\/?p=232"},"modified":"2013-11-16T19:00:21","modified_gmt":"2013-11-16T18:00:21","slug":"powyborcze-goraczki","status":"publish","type":"post","link":"https:\/\/siemysli-ke.info\/de\/powyborcze-goraczki\/","title":{"rendered":"Powyborcze gor\u0105czki"},"content":{"rendered":"<p style=\"text-align: justify;\"><span style=\"font-size: small;\">Klimat za oknem (przynajmniej moim oknem\u2026) sprzyja do za\u0142apania jakiego\u015b jesiennego wirusa, tote\u017c tytu\u0142 niniejszego felietonu, prosi\u0142bym odczytywa\u0107 raczej w kategoriach meteorologicznych, nie politycznych.<\/span><\/p>\n<p style=\"text-align: justify;\"><span style=\"font-size: small;\">Bo\u00a0 o wynik wybor\u00f3w nie nale\u017ca\u0142o si\u0119 ani obawia\u0107, ani &#8211;\u00a0 tym bardziej &#8211;\u00a0 teraz, sili\u0107 si\u0119 na kwieciste i odkrywcze komentarze. Nowy serial pod tytu\u0142em \u201eparlament w RP\u201d zapowiada si\u0119 ciekawiej ni\u017c kolejna edycja <em>Ta\u0144ca z Gwiazdami<\/em> (nawiasem m\u00f3wi\u0105c mo\u017ce mi kto\u015b wyja\u015bni\u0107 sk\u0105d ten tytu\u0142: przecie\u017c Gwiazdowie tam nie ta\u0144cz\u0105!). S\u0142owem, mamy rozrywk\u0119 na solidnym, pop-kulturalnym poziomie.<\/span><\/p>\n<p style=\"text-align: justify;\"><span style=\"font-size: small;\">Zapytaj\u0105 Pa\u0144stwo; co (dalej) z t\u0105 Polsk\u0105? Ano nic nowego, pod s\u0142o\u0144cem (pod chmur\u0105, jak na razie).<\/span><\/p>\n<p style=\"text-align: justify;\"><span style=\"font-size: small;\"><!--more-->Premier Tusk sformu\u0142uje nowy rz\u0105d, w kt\u00f3rym \u2013 co zapowiedzia\u0142 \u2013 nie wi\u0119cej ni\u017c pi\u0119ciu dotychczasowych ministr\u00f3w b\u0119dzie nadal na stanowiskach. To oczywiste. Wygrana Janusza Palikota i jego statyst\u00f3w (kto\u015b zna jakie\u015b czo\u0142owe nazwiska tego ugrupowania?) wymaga przygotowania odpowiednich fundament\u00f3w do wsp\u00f3\u0142pracy.<\/span><\/p>\n<p style=\"text-align: justify;\"><span style=\"font-size: small;\">Najwi\u0119kszym zwyci\u0119zc\u0105 wybor\u00f3w jest jednak Jaros\u0142aw Kaczy\u0144ski. Przed nim cztery, bardzo wygodne i obiecuj\u0105ce lata ostrej opozycyjnej polityki i zdobywania coraz wi\u0119kszego poparcia. PO, czy to wesp\u00f3\u0142 z Palikotem, czy ludowcami, stan\u0105 przed krokami bardzo dramatycznymi, kryzys nie oszcz\u0119dza nikogo.\u00a0 Poparcie dla ekipy Tuska b\u0119dzie mala\u0142o. Wierz\u0105c nawet w to, \u017ce sukcesem jest powt\u00f3rzenie zwyci\u0119stwa sprzed czterech lat, nie da rady wierzy\u0107 dzi\u015b w to, \u017ce za kolejne cztery zn\u00f3w wygraj\u0105. Tylko czeka\u0107 jak w\u0142a\u015bnie na tym sw\u00f3j polityczny kapita\u0142 zbija\u0107 b\u0119dzie PiS.<\/span><\/p>\n<p style=\"text-align: justify;\"><span style=\"font-size: small;\">Beznadziejnie (by nie rzec gorzej) dzieje si\u0119 na prawicy. Nawet gdyby PJN, Korwin-Mikke i partia Marka Jurka wystartowa\u0142y razem, zbior\u0105 zaledwie ok.3,5 % (bior\u0105c pod uwag\u0119 korzystne wiatry i to \u017ce konserwaty\u015bci od Jurka i libera\u0142owie z PJN-u zaakceptuj\u0105 Korwina i jego dziwactwa\u00a0 w mediach). To wi\u0119ksza pora\u017cka ni\u017c kl\u0119ska SLD. Nawiasem m\u00f3wi\u0105c, czerwonemu niezatapialnemu tankowcow, wr\u00f3\u017c\u0119 powr\u00f3t do korzeni i mobilizacj\u0119 starszych dzia\u0142aczy, od Millera przez Kwa\u015bniewskiego, mo\u017ce nawet po Cimoszewicza. Eskperyment z \u201enow\u0105 lewic\u0105\u201d nie sprawdza si\u0119\u00a0na rodzimym gruncie. Starym dzia\u0142aczom ci\u0119\u017cko ta\u0144czy\u0107 w rytm genderowskich, feministycznych i LGTB\u2019owych d\u017awi\u0119kach. Nie ka\u017cdy mo\u017ce by\u0107 Kaliszem\u2026 SLD trzeba teraz starego, dobrze znanego nazwiska, kt\u00f3re b\u0119dzie m\u00f3wi\u0142o wiele o tym, by nie patrze\u0107 do ty\u0142u, nie skupia\u0107 si\u0119 na k\u0142\u00f3tniach i sporach, tylko odwa\u017cnie i\u015b\u0107 do przodu. Czyli\u2026 powr\u00f3ci\u0107 do strategii z 1995.<\/span><\/p>\n<p style=\"text-align: justify;\"><span style=\"font-size: small;\">Je\u015bli jeste\u015bmy w temacie katastrof, to warto odnotowa\u0107 pocz\u0105tek ko\u0144ca PSL-u. Partii, kt\u00f3rej rola od lat ogranicza si\u0119 do pozycji uniwersalnego koalicjanta, wobec ka\u017cdego i wszystkich. Na kr\u00f3tk\u0105 met\u0119, zdaje to egzamin (stabilizuje rz\u0105dy, zapewnia koalicj\u0119) ale w perspektywie dw\u00f3ch dekad, jawi si\u0119 to jako bezp\u0142ciowe \u015blizganie si\u0119 po parlamentarnych korytarzach.<\/span><\/p>\n<p style=\"text-align: justify;\"><span style=\"font-size: small;\">Nadziei na lepsze nie mam. Lepsze jutro by\u0142o wczoraj. Dobranoc Pa\u0144stwu\u2026<\/span><\/p>\n<p style=\"text-align: justify;\">\n<p style=\"text-align: right;\"><span style=\"font-size: medium;\"><strong>Jarek Wielokrop<\/strong><\/span><\/p>\n","protected":false},"excerpt":{"rendered":"<p>Klimat za oknem (przynajmniej moim oknem\u2026) sprzyja do za\u0142apania jakiego\u015b jesiennego wirusa, tote\u017c tytu\u0142 niniejszego felietonu, prosi\u0142bym odczytywa\u0107 raczej w<\/p>\n","protected":false},"author":1,"featured_media":0,"comment_status":"open","ping_status":"open","sticky":false,"template":"","format":"standard","meta":{"colormag_page_layout":"default_layout","footnotes":""},"categories":[7,81],"tags":[478,477,458,479,480,481,252],"class_list":["post-232","post","type-post","status-publish","format-standard","hentry","category-gospodarka","category-rzeczpospolita","tag-janusz-palikot-i-jego-statysci","tag-jaroslaw-kaczynski","tag-jaroslaw-wielokrop","tag-marek-jurek","tag-pjn","tag-poczatek-konca-psl-u","tag-sld"],"yoast_head":"<!-- This site is optimized with the Yoast SEO plugin v25.1 - https:\/\/yoast.com\/wordpress\/plugins\/seo\/ -->\n<title>Powyborcze gor\u0105czki - SI\u0118 MY\u015aLI<\/title>\n<meta name=\"robots\" content=\"index, follow, max-snippet:-1, max-image-preview:large, max-video-preview:-1\" \/>\n<link rel=\"canonical\" href=\"https:\/\/siemysli-ke.info\/de\/powyborcze-goraczki\/\" \/>\n<meta property=\"og:locale\" content=\"de_DE\" \/>\n<meta property=\"og:type\" content=\"article\" \/>\n<meta property=\"og:title\" content=\"Powyborcze gor\u0105czki - SI\u0118 MY\u015aLI\" \/>\n<meta property=\"og:description\" content=\"Klimat za oknem (przynajmniej moim oknem\u2026) sprzyja do za\u0142apania jakiego\u015b jesiennego wirusa, tote\u017c tytu\u0142 niniejszego felietonu, prosi\u0142bym odczytywa\u0107 raczej w\" \/>\n<meta property=\"og:url\" content=\"https:\/\/siemysli-ke.info\/de\/powyborcze-goraczki\/\" \/>\n<meta property=\"og:site_name\" content=\"SI\u0118 MY\u015aLI\" \/>\n<meta property=\"article:published_time\" content=\"2011-10-10T19:20:33+00:00\" \/>\n<meta property=\"article:modified_time\" content=\"2013-11-16T18:00:21+00:00\" \/>\n<meta name=\"author\" content=\"admin\" \/>\n<meta name=\"twitter:label1\" content=\"Verfasst von\" \/>\n\t<meta name=\"twitter:data1\" content=\"admin\" \/>\n\t<meta name=\"twitter:label2\" content=\"Gesch\u00e4tzte Lesezeit\" \/>\n\t<meta name=\"twitter:data2\" content=\"3\u00a0Minuten\" \/>\n<script type=\"application\/ld+json\" class=\"yoast-schema-graph\">{\"@context\":\"https:\/\/schema.org\",\"@graph\":[{\"@type\":\"Article\",\"@id\":\"https:\/\/siemysli-ke.info\/de\/powyborcze-goraczki\/#article\",\"isPartOf\":{\"@id\":\"https:\/\/siemysli-ke.info\/de\/powyborcze-goraczki\/\"},\"author\":{\"name\":\"admin\",\"@id\":\"https:\/\/siemysli-ke.info\/#\/schema\/person\/048295918d7858e90e57d1a2c2b5da74\"},\"headline\":\"Powyborcze gor\u0105czki\",\"datePublished\":\"2011-10-10T19:20:33+00:00\",\"dateModified\":\"2013-11-16T18:00:21+00:00\",\"mainEntityOfPage\":{\"@id\":\"https:\/\/siemysli-ke.info\/de\/powyborcze-goraczki\/\"},\"wordCount\":509,\"commentCount\":0,\"publisher\":{\"@id\":\"https:\/\/siemysli-ke.info\/#organization\"},\"keywords\":[\"Janusz Palikot i jego staty\u015bci\",\"Jaros\u0142aw Kaczy\u0144ski\",\"Jaros\u0142aw Wielokrop\",\"Marek Jurek\",\"PJN\",\"pocz\u0105tek ko\u0144ca PSL-u\",\"SLD\"],\"articleSection\":[\"Gospodarka i polityka\",\"Rzeczypospolita\"],\"inLanguage\":\"de\",\"potentialAction\":[{\"@type\":\"CommentAction\",\"name\":\"Comment\",\"target\":[\"https:\/\/siemysli-ke.info\/de\/powyborcze-goraczki\/#respond\"]}]},{\"@type\":\"WebPage\",\"@id\":\"https:\/\/siemysli-ke.info\/de\/powyborcze-goraczki\/\",\"url\":\"https:\/\/siemysli-ke.info\/de\/powyborcze-goraczki\/\",\"name\":\"Powyborcze gor\u0105czki - SI\u0118 MY\u015aLI\",\"isPartOf\":{\"@id\":\"https:\/\/siemysli-ke.info\/de\/#website\"},\"datePublished\":\"2011-10-10T19:20:33+00:00\",\"dateModified\":\"2013-11-16T18:00:21+00:00\",\"breadcrumb\":{\"@id\":\"https:\/\/siemysli-ke.info\/de\/powyborcze-goraczki\/#breadcrumb\"},\"inLanguage\":\"de\",\"potentialAction\":[{\"@type\":\"ReadAction\",\"target\":[[\"https:\/\/siemysli-ke.info\/de\/powyborcze-goraczki\/\"]]}]},{\"@type\":\"BreadcrumbList\",\"@id\":\"https:\/\/siemysli-ke.info\/de\/powyborcze-goraczki\/#breadcrumb\",\"itemListElement\":[{\"@type\":\"ListItem\",\"position\":1,\"name\":\"Home\",\"item\":\"https:\/\/siemysli-ke.info\/de\/\"},{\"@type\":\"ListItem\",\"position\":2,\"name\":\"Powyborcze gor\u0105czki\"}]},{\"@type\":\"WebSite\",\"@id\":\"https:\/\/siemysli-ke.info\/de\/#website\",\"url\":\"https:\/\/siemysli-ke.info\/de\/\",\"name\":\"SI\u0118 MY\u015aLI\",\"description\":\"\",\"publisher\":{\"@id\":\"https:\/\/siemysli-ke.info\/de\/#organization\"},\"potentialAction\":[{\"@type\":\"SearchAction\",\"target\":{\"@type\":\"EntryPoint\",\"urlTemplate\":\"https:\/\/siemysli-ke.info\/de\/?s={search_term_string}\"},\"query-input\":{\"@type\":\"PropertyValueSpecification\",\"valueRequired\":true,\"valueName\":\"search_term_string\"}}],\"inLanguage\":\"de\"},{\"@type\":\"Organization\",\"@id\":\"https:\/\/siemysli-ke.info\/de\/#organization\",\"name\":\"SI\u0118 MY\u015aLI\",\"url\":\"https:\/\/siemysli-ke.info\/de\/\",\"logo\":{\"@type\":\"ImageObject\",\"inLanguage\":\"de\",\"@id\":\"https:\/\/siemysli-ke.info\/de\/#\/schema\/logo\/image\/\",\"url\":\"https:\/\/siemysli-ke.info\/wp-content\/uploads\/2025\/05\/99.png\",\"contentUrl\":\"https:\/\/siemysli-ke.info\/wp-content\/uploads\/2025\/05\/99.png\",\"width\":270,\"height\":204,\"caption\":\"SI\u0118 MY\u015aLI\"},\"image\":{\"@id\":\"https:\/\/siemysli-ke.info\/de\/#\/schema\/logo\/image\/\"}},{\"@type\":\"Person\",\"@id\":\"https:\/\/siemysli-ke.info\/#\/schema\/person\/048295918d7858e90e57d1a2c2b5da74\",\"name\":\"admin\",\"image\":{\"@type\":\"ImageObject\",\"inLanguage\":\"de\",\"@id\":\"https:\/\/siemysli-ke.info\/de\/#\/schema\/person\/image\/\",\"url\":\"https:\/\/secure.gravatar.com\/avatar\/9acf729117e1cff813c07ba085b25a76702049ffb5efe3425388cd1a019577de?s=96&d=mm&r=g\",\"contentUrl\":\"https:\/\/secure.gravatar.com\/avatar\/9acf729117e1cff813c07ba085b25a76702049ffb5efe3425388cd1a019577de?s=96&d=mm&r=g\",\"caption\":\"admin\"},\"url\":\"https:\/\/siemysli-ke.info\/de\/author\/admin\/\"}]}<\/script>\n<!-- \/ Yoast SEO plugin. -->","yoast_head_json":{"title":"Powyborcze gor\u0105czki - SI\u0118 MY\u015aLI","robots":{"index":"index","follow":"follow","max-snippet":"max-snippet:-1","max-image-preview":"max-image-preview:large","max-video-preview":"max-video-preview:-1"},"canonical":"https:\/\/siemysli-ke.info\/de\/powyborcze-goraczki\/","og_locale":"de_DE","og_type":"article","og_title":"Powyborcze gor\u0105czki - SI\u0118 MY\u015aLI","og_description":"Klimat za oknem (przynajmniej moim oknem\u2026) sprzyja do za\u0142apania jakiego\u015b jesiennego wirusa, tote\u017c tytu\u0142 niniejszego felietonu, prosi\u0142bym odczytywa\u0107 raczej w","og_url":"https:\/\/siemysli-ke.info\/de\/powyborcze-goraczki\/","og_site_name":"SI\u0118 MY\u015aLI","article_published_time":"2011-10-10T19:20:33+00:00","article_modified_time":"2013-11-16T18:00:21+00:00","author":"admin","twitter_misc":{"Verfasst von":"admin","Gesch\u00e4tzte Lesezeit":"3\u00a0Minuten"},"schema":{"@context":"https:\/\/schema.org","@graph":[{"@type":"Article","@id":"https:\/\/siemysli-ke.info\/de\/powyborcze-goraczki\/#article","isPartOf":{"@id":"https:\/\/siemysli-ke.info\/de\/powyborcze-goraczki\/"},"author":{"name":"admin","@id":"https:\/\/siemysli-ke.info\/#\/schema\/person\/048295918d7858e90e57d1a2c2b5da74"},"headline":"Powyborcze gor\u0105czki","datePublished":"2011-10-10T19:20:33+00:00","dateModified":"2013-11-16T18:00:21+00:00","mainEntityOfPage":{"@id":"https:\/\/siemysli-ke.info\/de\/powyborcze-goraczki\/"},"wordCount":509,"commentCount":0,"publisher":{"@id":"https:\/\/siemysli-ke.info\/#organization"},"keywords":["Janusz Palikot i jego staty\u015bci","Jaros\u0142aw Kaczy\u0144ski","Jaros\u0142aw Wielokrop","Marek Jurek","PJN","pocz\u0105tek ko\u0144ca PSL-u","SLD"],"articleSection":["Gospodarka i polityka","Rzeczypospolita"],"inLanguage":"de","potentialAction":[{"@type":"CommentAction","name":"Comment","target":["https:\/\/siemysli-ke.info\/de\/powyborcze-goraczki\/#respond"]}]},{"@type":"WebPage","@id":"https:\/\/siemysli-ke.info\/de\/powyborcze-goraczki\/","url":"https:\/\/siemysli-ke.info\/de\/powyborcze-goraczki\/","name":"Powyborcze gor\u0105czki - SI\u0118 MY\u015aLI","isPartOf":{"@id":"https:\/\/siemysli-ke.info\/de\/#website"},"datePublished":"2011-10-10T19:20:33+00:00","dateModified":"2013-11-16T18:00:21+00:00","breadcrumb":{"@id":"https:\/\/siemysli-ke.info\/de\/powyborcze-goraczki\/#breadcrumb"},"inLanguage":"de","potentialAction":[{"@type":"ReadAction","target":[["https:\/\/siemysli-ke.info\/de\/powyborcze-goraczki\/"]]}]},{"@type":"BreadcrumbList","@id":"https:\/\/siemysli-ke.info\/de\/powyborcze-goraczki\/#breadcrumb","itemListElement":[{"@type":"ListItem","position":1,"name":"Home","item":"https:\/\/siemysli-ke.info\/de\/"},{"@type":"ListItem","position":2,"name":"Powyborcze gor\u0105czki"}]},{"@type":"WebSite","@id":"https:\/\/siemysli-ke.info\/de\/#website","url":"https:\/\/siemysli-ke.info\/de\/","name":"SI\u0118 MY\u015aLI","description":"","publisher":{"@id":"https:\/\/siemysli-ke.info\/de\/#organization"},"potentialAction":[{"@type":"SearchAction","target":{"@type":"EntryPoint","urlTemplate":"https:\/\/siemysli-ke.info\/de\/?s={search_term_string}"},"query-input":{"@type":"PropertyValueSpecification","valueRequired":true,"valueName":"search_term_string"}}],"inLanguage":"de"},{"@type":"Organization","@id":"https:\/\/siemysli-ke.info\/de\/#organization","name":"SI\u0118 MY\u015aLI","url":"https:\/\/siemysli-ke.info\/de\/","logo":{"@type":"ImageObject","inLanguage":"de","@id":"https:\/\/siemysli-ke.info\/de\/#\/schema\/logo\/image\/","url":"https:\/\/siemysli-ke.info\/wp-content\/uploads\/2025\/05\/99.png","contentUrl":"https:\/\/siemysli-ke.info\/wp-content\/uploads\/2025\/05\/99.png","width":270,"height":204,"caption":"SI\u0118 MY\u015aLI"},"image":{"@id":"https:\/\/siemysli-ke.info\/de\/#\/schema\/logo\/image\/"}},{"@type":"Person","@id":"https:\/\/siemysli-ke.info\/#\/schema\/person\/048295918d7858e90e57d1a2c2b5da74","name":"admin","image":{"@type":"ImageObject","inLanguage":"de","@id":"https:\/\/siemysli-ke.info\/de\/#\/schema\/person\/image\/","url":"https:\/\/secure.gravatar.com\/avatar\/9acf729117e1cff813c07ba085b25a76702049ffb5efe3425388cd1a019577de?s=96&d=mm&r=g","contentUrl":"https:\/\/secure.gravatar.com\/avatar\/9acf729117e1cff813c07ba085b25a76702049ffb5efe3425388cd1a019577de?s=96&d=mm&r=g","caption":"admin"},"url":"https:\/\/siemysli-ke.info\/de\/author\/admin\/"}]}},"_links":{"self":[{"href":"https:\/\/siemysli-ke.info\/de\/wp-json\/wp\/v2\/posts\/232","targetHints":{"allow":["GET"]}}],"collection":[{"href":"https:\/\/siemysli-ke.info\/de\/wp-json\/wp\/v2\/posts"}],"about":[{"href":"https:\/\/siemysli-ke.info\/de\/wp-json\/wp\/v2\/types\/post"}],"author":[{"embeddable":true,"href":"https:\/\/siemysli-ke.info\/de\/wp-json\/wp\/v2\/users\/1"}],"replies":[{"embeddable":true,"href":"https:\/\/siemysli-ke.info\/de\/wp-json\/wp\/v2\/comments?post=232"}],"version-history":[{"count":0,"href":"https:\/\/siemysli-ke.info\/de\/wp-json\/wp\/v2\/posts\/232\/revisions"}],"wp:attachment":[{"href":"https:\/\/siemysli-ke.info\/de\/wp-json\/wp\/v2\/media?parent=232"}],"wp:term":[{"taxonomy":"category","embeddable":true,"href":"https:\/\/siemysli-ke.info\/de\/wp-json\/wp\/v2\/categories?post=232"},{"taxonomy":"post_tag","embeddable":true,"href":"https:\/\/siemysli-ke.info\/de\/wp-json\/wp\/v2\/tags?post=232"}],"curies":[{"name":"wp","href":"https:\/\/api.w.org\/{rel}","templated":true}]}}