 {"id":22002,"date":"2016-09-10T16:19:04","date_gmt":"2016-09-10T14:19:04","guid":{"rendered":"http:\/\/www.siemysli.info.ke\/?p=22002"},"modified":"2016-09-10T16:37:17","modified_gmt":"2016-09-10T14:37:17","slug":"77-rocznica-ta-lekcja-czegos-nas-nauczyla","status":"publish","type":"post","link":"https:\/\/siemysli-ke.info\/de\/77-rocznica-ta-lekcja-czegos-nas-nauczyla\/","title":{"rendered":"(Polski) 77. rocznica. Czy ta lekcja czego\u015b nas nauczy\u0142a?"},"content":{"rendered":"<p class=\"qtranxs-available-languages-message qtranxs-available-languages-message-de\">Leider ist der Eintrag nur auf <a href=\"https:\/\/siemysli-ke.info\/pl\/wp-json\/wp\/v2\/posts\/22002\" class=\"qtranxs-available-language-link qtranxs-available-language-link-pl\" title=\"Polski\">Polski<\/a> verf\u00fcgbar.<\/p>","protected":false},"excerpt":{"rendered":"<p>Leider ist der Eintrag nur auf Polski verf\u00fcgbar.<\/p>\n","protected":false},"author":3,"featured_media":22004,"comment_status":"open","ping_status":"open","sticky":false,"template":"","format":"standard","meta":{"colormag_page_layout":"default_layout","footnotes":""},"categories":[81],"tags":[6397,89,6396,6385,6389,6388,6384,92,6391,6387,6394,4566,6392,2550,893,6383,6390,6386,6395],"class_list":["post-22002","post","type-post","status-publish","format-standard","has-post-thumbnail","hentry","category-rzeczpospolita","tag-bolonia","tag-breaking","tag-dywizjon-304-im-ziemi-slaskiej","tag-emil-jojko","tag-franciszek-nowak","tag-franciszek-widenka","tag-gornoslazacy","tag-headline","tag-jozef-hajduk","tag-jozef-lukaszek","tag-marek-szoltysek","tag-rudolf-nawrat","tag-slonzoki","tag-tadeusz-puchalka","tag-wehrmacht","tag-westerplatte","tag-wilhelm-machnik","tag-wladyslaw-robota","tag-slunski-zeitung"],"yoast_head":"<!-- This site is optimized with the Yoast SEO plugin v25.1 - https:\/\/yoast.com\/wordpress\/plugins\/seo\/ -->\n<title>(Polski) 77. rocznica. Czy ta lekcja czego\u015b nas nauczy\u0142a? - SI\u0118 MY\u015aLI<\/title>\n<meta name=\"robots\" content=\"index, follow, max-snippet:-1, max-image-preview:large, max-video-preview:-1\" \/>\n<link rel=\"canonical\" href=\"https:\/\/siemysli-ke.info\/de\/77-rocznica-ta-lekcja-czegos-nas-nauczyla\/\" \/>\n<meta property=\"og:locale\" content=\"de_DE\" \/>\n<meta property=\"og:type\" content=\"article\" \/>\n<meta property=\"og:title\" content=\"(Polski) 77. rocznica. Czy ta lekcja czego\u015b nas nauczy\u0142a? - SI\u0118 MY\u015aLI\" \/>\n<meta property=\"og:description\" content=\"Leider ist der Eintrag nur auf Polski verf\u00fcgbar.\" \/>\n<meta property=\"og:url\" content=\"https:\/\/siemysli-ke.info\/de\/77-rocznica-ta-lekcja-czegos-nas-nauczyla\/\" \/>\n<meta property=\"og:site_name\" content=\"SI\u0118 MY\u015aLI\" \/>\n<meta property=\"article:published_time\" content=\"2016-09-10T14:19:04+00:00\" \/>\n<meta property=\"article:modified_time\" content=\"2016-09-10T14:37:17+00:00\" \/>\n<meta property=\"og:image\" content=\"https:\/\/siemysli-ke.info\/wp-content\/uploads\/2016\/09\/p3094228-1.jpg\" \/>\n\t<meta property=\"og:image:width\" content=\"742\" \/>\n\t<meta property=\"og:image:height\" content=\"556\" \/>\n\t<meta property=\"og:image:type\" content=\"image\/jpeg\" \/>\n<meta name=\"author\" content=\"...\" \/>\n<meta name=\"twitter:label1\" content=\"Verfasst von\" \/>\n\t<meta name=\"twitter:data1\" content=\"...\" \/>\n\t<meta name=\"twitter:label2\" content=\"Gesch\u00e4tzte Lesezeit\" \/>\n\t<meta name=\"twitter:data2\" content=\"4\u00a0Minuten\" \/>\n<script type=\"application\/ld+json\" class=\"yoast-schema-graph\">{\"@context\":\"https:\/\/schema.org\",\"@graph\":[{\"@type\":\"Article\",\"@id\":\"https:\/\/siemysli-ke.info\/de\/77-rocznica-ta-lekcja-czegos-nas-nauczyla\/#article\",\"isPartOf\":{\"@id\":\"https:\/\/siemysli-ke.info\/de\/77-rocznica-ta-lekcja-czegos-nas-nauczyla\/\"},\"author\":{\"name\":\"...\",\"@id\":\"https:\/\/siemysli-ke.info\/#\/schema\/person\/75326687448d6abf738b156f56385210\"},\"headline\":\"(Polski) 77. rocznica. Czy ta lekcja czego\u015b nas nauczy\u0142a?\",\"datePublished\":\"2016-09-10T14:19:04+00:00\",\"dateModified\":\"2016-09-10T14:37:17+00:00\",\"mainEntityOfPage\":{\"@id\":\"https:\/\/siemysli-ke.info\/de\/77-rocznica-ta-lekcja-czegos-nas-nauczyla\/\"},\"wordCount\":852,\"commentCount\":0,\"publisher\":{\"@id\":\"https:\/\/siemysli-ke.info\/#organization\"},\"image\":{\"@id\":\"https:\/\/siemysli-ke.info\/de\/77-rocznica-ta-lekcja-czegos-nas-nauczyla\/#primaryimage\"},\"thumbnailUrl\":\"https:\/\/siemysli-ke.info\/wp-content\/uploads\/2016\/09\/p3094228-1.jpg\",\"keywords\":[\"Bolonia\",\"breaking\",\"Dywizjon 304 im. \u201eZiemi \u015al\u0105skiej\u201d\",\"Emil Jojko\",\"Franciszek Nowak\",\"Franciszek Widenka\",\"G\u00f3rno\u015bl\u0105zacy\",\"headline\",\"J\u00f3zef Hajduk\",\"J\u00f3zef \u0141ukaszek\",\"Marek Szo\u0142tysek\",\"Rudolf Nawrat\",\"\u015alonzoki\",\"Tadeusz Pucha\u0142ka\",\"Wehrmacht\",\"Westerplatte\",\"Wilhelm Machnik\",\"W\u0142adys\u0142aw Robota\",\"\u201eSlunski Zeitung\u201d\"],\"articleSection\":[\"Rzeczypospolita\"],\"inLanguage\":\"de\",\"potentialAction\":[{\"@type\":\"CommentAction\",\"name\":\"Comment\",\"target\":[\"https:\/\/siemysli-ke.info\/de\/77-rocznica-ta-lekcja-czegos-nas-nauczyla\/#respond\"]}]},{\"@type\":\"WebPage\",\"@id\":\"https:\/\/siemysli-ke.info\/de\/77-rocznica-ta-lekcja-czegos-nas-nauczyla\/\",\"url\":\"https:\/\/siemysli-ke.info\/de\/77-rocznica-ta-lekcja-czegos-nas-nauczyla\/\",\"name\":\"(Polski) 77. rocznica. Czy ta lekcja czego\u015b nas nauczy\u0142a? - SI\u0118 MY\u015aLI\",\"isPartOf\":{\"@id\":\"https:\/\/siemysli-ke.info\/de\/#website\"},\"primaryImageOfPage\":{\"@id\":\"https:\/\/siemysli-ke.info\/de\/77-rocznica-ta-lekcja-czegos-nas-nauczyla\/#primaryimage\"},\"image\":{\"@id\":\"https:\/\/siemysli-ke.info\/de\/77-rocznica-ta-lekcja-czegos-nas-nauczyla\/#primaryimage\"},\"thumbnailUrl\":\"https:\/\/siemysli-ke.info\/wp-content\/uploads\/2016\/09\/p3094228-1.jpg\",\"datePublished\":\"2016-09-10T14:19:04+00:00\",\"dateModified\":\"2016-09-10T14:37:17+00:00\",\"breadcrumb\":{\"@id\":\"https:\/\/siemysli-ke.info\/de\/77-rocznica-ta-lekcja-czegos-nas-nauczyla\/#breadcrumb\"},\"inLanguage\":\"de\",\"potentialAction\":[{\"@type\":\"ReadAction\",\"target\":[[\"https:\/\/siemysli-ke.info\/de\/77-rocznica-ta-lekcja-czegos-nas-nauczyla\/\"]]}]},{\"@type\":\"ImageObject\",\"inLanguage\":\"de\",\"@id\":\"https:\/\/siemysli-ke.info\/de\/77-rocznica-ta-lekcja-czegos-nas-nauczyla\/#primaryimage\",\"url\":\"https:\/\/siemysli-ke.info\/wp-content\/uploads\/2016\/09\/p3094228-1.jpg\",\"contentUrl\":\"https:\/\/siemysli-ke.info\/wp-content\/uploads\/2016\/09\/p3094228-1.jpg\",\"width\":742,\"height\":556,\"caption\":\"OLYMPUS DIGITAL CAMERA\"},{\"@type\":\"BreadcrumbList\",\"@id\":\"https:\/\/siemysli-ke.info\/de\/77-rocznica-ta-lekcja-czegos-nas-nauczyla\/#breadcrumb\",\"itemListElement\":[{\"@type\":\"ListItem\",\"position\":1,\"name\":\"Home\",\"item\":\"https:\/\/siemysli-ke.info\/de\/\"},{\"@type\":\"ListItem\",\"position\":2,\"name\":\"(Polski) 77. rocznica. Czy ta lekcja czego\u015b nas nauczy\u0142a?\"}]},{\"@type\":\"WebSite\",\"@id\":\"https:\/\/siemysli-ke.info\/de\/#website\",\"url\":\"https:\/\/siemysli-ke.info\/de\/\",\"name\":\"SI\u0118 MY\u015aLI\",\"description\":\"\",\"publisher\":{\"@id\":\"https:\/\/siemysli-ke.info\/de\/#organization\"},\"potentialAction\":[{\"@type\":\"SearchAction\",\"target\":{\"@type\":\"EntryPoint\",\"urlTemplate\":\"https:\/\/siemysli-ke.info\/de\/?s={search_term_string}\"},\"query-input\":{\"@type\":\"PropertyValueSpecification\",\"valueRequired\":true,\"valueName\":\"search_term_string\"}}],\"inLanguage\":\"de\"},{\"@type\":\"Organization\",\"@id\":\"https:\/\/siemysli-ke.info\/de\/#organization\",\"name\":\"SI\u0118 MY\u015aLI\",\"url\":\"https:\/\/siemysli-ke.info\/de\/\",\"logo\":{\"@type\":\"ImageObject\",\"inLanguage\":\"de\",\"@id\":\"https:\/\/siemysli-ke.info\/de\/#\/schema\/logo\/image\/\",\"url\":\"https:\/\/siemysli-ke.info\/wp-content\/uploads\/2025\/05\/99.png\",\"contentUrl\":\"https:\/\/siemysli-ke.info\/wp-content\/uploads\/2025\/05\/99.png\",\"width\":270,\"height\":204,\"caption\":\"SI\u0118 MY\u015aLI\"},\"image\":{\"@id\":\"https:\/\/siemysli-ke.info\/de\/#\/schema\/logo\/image\/\"}},{\"@type\":\"Person\",\"@id\":\"https:\/\/siemysli-ke.info\/#\/schema\/person\/75326687448d6abf738b156f56385210\",\"name\":\"...\",\"image\":{\"@type\":\"ImageObject\",\"inLanguage\":\"de\",\"@id\":\"https:\/\/siemysli-ke.info\/de\/#\/schema\/person\/image\/\",\"url\":\"https:\/\/secure.gravatar.com\/avatar\/33a3c2559155e1b4add65cf88cafda785aeb920f44b97c7055b07866ab5b13c2?s=96&d=mm&r=g\",\"contentUrl\":\"https:\/\/secure.gravatar.com\/avatar\/33a3c2559155e1b4add65cf88cafda785aeb920f44b97c7055b07866ab5b13c2?s=96&d=mm&r=g\",\"caption\":\"...\"},\"url\":\"https:\/\/siemysli-ke.info\/de\/author\/lele\/\"}]}<\/script>\n<!-- \/ Yoast SEO plugin. -->","yoast_head_json":{"title":"(Polski) 77. rocznica. Czy ta lekcja czego\u015b nas nauczy\u0142a? - SI\u0118 MY\u015aLI","robots":{"index":"index","follow":"follow","max-snippet":"max-snippet:-1","max-image-preview":"max-image-preview:large","max-video-preview":"max-video-preview:-1"},"canonical":"https:\/\/siemysli-ke.info\/de\/77-rocznica-ta-lekcja-czegos-nas-nauczyla\/","og_locale":"de_DE","og_type":"article","og_title":"(Polski) 77. rocznica. Czy ta lekcja czego\u015b nas nauczy\u0142a? - SI\u0118 MY\u015aLI","og_description":"Leider ist der Eintrag nur auf Polski verf\u00fcgbar.","og_url":"https:\/\/siemysli-ke.info\/de\/77-rocznica-ta-lekcja-czegos-nas-nauczyla\/","og_site_name":"SI\u0118 MY\u015aLI","article_published_time":"2016-09-10T14:19:04+00:00","article_modified_time":"2016-09-10T14:37:17+00:00","og_image":[{"width":742,"height":556,"url":"https:\/\/siemysli-ke.info\/wp-content\/uploads\/2016\/09\/p3094228-1.jpg","type":"image\/jpeg"}],"author":"...","twitter_misc":{"Verfasst von":"...","Gesch\u00e4tzte Lesezeit":"4\u00a0Minuten"},"schema":{"@context":"https:\/\/schema.org","@graph":[{"@type":"Article","@id":"https:\/\/siemysli-ke.info\/de\/77-rocznica-ta-lekcja-czegos-nas-nauczyla\/#article","isPartOf":{"@id":"https:\/\/siemysli-ke.info\/de\/77-rocznica-ta-lekcja-czegos-nas-nauczyla\/"},"author":{"name":"...","@id":"https:\/\/siemysli-ke.info\/#\/schema\/person\/75326687448d6abf738b156f56385210"},"headline":"(Polski) 77. rocznica. Czy ta lekcja czego\u015b nas nauczy\u0142a?","datePublished":"2016-09-10T14:19:04+00:00","dateModified":"2016-09-10T14:37:17+00:00","mainEntityOfPage":{"@id":"https:\/\/siemysli-ke.info\/de\/77-rocznica-ta-lekcja-czegos-nas-nauczyla\/"},"wordCount":852,"commentCount":0,"publisher":{"@id":"https:\/\/siemysli-ke.info\/#organization"},"image":{"@id":"https:\/\/siemysli-ke.info\/de\/77-rocznica-ta-lekcja-czegos-nas-nauczyla\/#primaryimage"},"thumbnailUrl":"https:\/\/siemysli-ke.info\/wp-content\/uploads\/2016\/09\/p3094228-1.jpg","keywords":["Bolonia","breaking","Dywizjon 304 im. \u201eZiemi \u015al\u0105skiej\u201d","Emil Jojko","Franciszek Nowak","Franciszek Widenka","G\u00f3rno\u015bl\u0105zacy","headline","J\u00f3zef Hajduk","J\u00f3zef \u0141ukaszek","Marek Szo\u0142tysek","Rudolf Nawrat","\u015alonzoki","Tadeusz Pucha\u0142ka","Wehrmacht","Westerplatte","Wilhelm Machnik","W\u0142adys\u0142aw Robota","\u201eSlunski Zeitung\u201d"],"articleSection":["Rzeczypospolita"],"inLanguage":"de","potentialAction":[{"@type":"CommentAction","name":"Comment","target":["https:\/\/siemysli-ke.info\/de\/77-rocznica-ta-lekcja-czegos-nas-nauczyla\/#respond"]}]},{"@type":"WebPage","@id":"https:\/\/siemysli-ke.info\/de\/77-rocznica-ta-lekcja-czegos-nas-nauczyla\/","url":"https:\/\/siemysli-ke.info\/de\/77-rocznica-ta-lekcja-czegos-nas-nauczyla\/","name":"(Polski) 77. rocznica. Czy ta lekcja czego\u015b nas nauczy\u0142a? - SI\u0118 MY\u015aLI","isPartOf":{"@id":"https:\/\/siemysli-ke.info\/de\/#website"},"primaryImageOfPage":{"@id":"https:\/\/siemysli-ke.info\/de\/77-rocznica-ta-lekcja-czegos-nas-nauczyla\/#primaryimage"},"image":{"@id":"https:\/\/siemysli-ke.info\/de\/77-rocznica-ta-lekcja-czegos-nas-nauczyla\/#primaryimage"},"thumbnailUrl":"https:\/\/siemysli-ke.info\/wp-content\/uploads\/2016\/09\/p3094228-1.jpg","datePublished":"2016-09-10T14:19:04+00:00","dateModified":"2016-09-10T14:37:17+00:00","breadcrumb":{"@id":"https:\/\/siemysli-ke.info\/de\/77-rocznica-ta-lekcja-czegos-nas-nauczyla\/#breadcrumb"},"inLanguage":"de","potentialAction":[{"@type":"ReadAction","target":[["https:\/\/siemysli-ke.info\/de\/77-rocznica-ta-lekcja-czegos-nas-nauczyla\/"]]}]},{"@type":"ImageObject","inLanguage":"de","@id":"https:\/\/siemysli-ke.info\/de\/77-rocznica-ta-lekcja-czegos-nas-nauczyla\/#primaryimage","url":"https:\/\/siemysli-ke.info\/wp-content\/uploads\/2016\/09\/p3094228-1.jpg","contentUrl":"https:\/\/siemysli-ke.info\/wp-content\/uploads\/2016\/09\/p3094228-1.jpg","width":742,"height":556,"caption":"OLYMPUS DIGITAL CAMERA"},{"@type":"BreadcrumbList","@id":"https:\/\/siemysli-ke.info\/de\/77-rocznica-ta-lekcja-czegos-nas-nauczyla\/#breadcrumb","itemListElement":[{"@type":"ListItem","position":1,"name":"Home","item":"https:\/\/siemysli-ke.info\/de\/"},{"@type":"ListItem","position":2,"name":"(Polski) 77. rocznica. Czy ta lekcja czego\u015b nas nauczy\u0142a?"}]},{"@type":"WebSite","@id":"https:\/\/siemysli-ke.info\/de\/#website","url":"https:\/\/siemysli-ke.info\/de\/","name":"SI\u0118 MY\u015aLI","description":"","publisher":{"@id":"https:\/\/siemysli-ke.info\/de\/#organization"},"potentialAction":[{"@type":"SearchAction","target":{"@type":"EntryPoint","urlTemplate":"https:\/\/siemysli-ke.info\/de\/?s={search_term_string}"},"query-input":{"@type":"PropertyValueSpecification","valueRequired":true,"valueName":"search_term_string"}}],"inLanguage":"de"},{"@type":"Organization","@id":"https:\/\/siemysli-ke.info\/de\/#organization","name":"SI\u0118 MY\u015aLI","url":"https:\/\/siemysli-ke.info\/de\/","logo":{"@type":"ImageObject","inLanguage":"de","@id":"https:\/\/siemysli-ke.info\/de\/#\/schema\/logo\/image\/","url":"https:\/\/siemysli-ke.info\/wp-content\/uploads\/2025\/05\/99.png","contentUrl":"https:\/\/siemysli-ke.info\/wp-content\/uploads\/2025\/05\/99.png","width":270,"height":204,"caption":"SI\u0118 MY\u015aLI"},"image":{"@id":"https:\/\/siemysli-ke.info\/de\/#\/schema\/logo\/image\/"}},{"@type":"Person","@id":"https:\/\/siemysli-ke.info\/#\/schema\/person\/75326687448d6abf738b156f56385210","name":"...","image":{"@type":"ImageObject","inLanguage":"de","@id":"https:\/\/siemysli-ke.info\/de\/#\/schema\/person\/image\/","url":"https:\/\/secure.gravatar.com\/avatar\/33a3c2559155e1b4add65cf88cafda785aeb920f44b97c7055b07866ab5b13c2?s=96&d=mm&r=g","contentUrl":"https:\/\/secure.gravatar.com\/avatar\/33a3c2559155e1b4add65cf88cafda785aeb920f44b97c7055b07866ab5b13c2?s=96&d=mm&r=g","caption":"..."},"url":"https:\/\/siemysli-ke.info\/de\/author\/lele\/"}]}},"_links":{"self":[{"href":"https:\/\/siemysli-ke.info\/de\/wp-json\/wp\/v2\/posts\/22002","targetHints":{"allow":["GET"]}}],"collection":[{"href":"https:\/\/siemysli-ke.info\/de\/wp-json\/wp\/v2\/posts"}],"about":[{"href":"https:\/\/siemysli-ke.info\/de\/wp-json\/wp\/v2\/types\/post"}],"author":[{"embeddable":true,"href":"https:\/\/siemysli-ke.info\/de\/wp-json\/wp\/v2\/users\/3"}],"replies":[{"embeddable":true,"href":"https:\/\/siemysli-ke.info\/de\/wp-json\/wp\/v2\/comments?post=22002"}],"version-history":[{"count":0,"href":"https:\/\/siemysli-ke.info\/de\/wp-json\/wp\/v2\/posts\/22002\/revisions"}],"wp:featuredmedia":[{"embeddable":true,"href":"https:\/\/siemysli-ke.info\/de\/wp-json\/wp\/v2\/media\/22004"}],"wp:attachment":[{"href":"https:\/\/siemysli-ke.info\/de\/wp-json\/wp\/v2\/media?parent=22002"}],"wp:term":[{"taxonomy":"category","embeddable":true,"href":"https:\/\/siemysli-ke.info\/de\/wp-json\/wp\/v2\/categories?post=22002"},{"taxonomy":"post_tag","embeddable":true,"href":"https:\/\/siemysli-ke.info\/de\/wp-json\/wp\/v2\/tags?post=22002"}],"curies":[{"name":"wp","href":"https:\/\/api.w.org\/{rel}","templated":true}]}}