 {"id":21994,"date":"2016-09-10T00:19:20","date_gmt":"2016-09-09T22:19:20","guid":{"rendered":"http:\/\/www.siemysli.info.ke\/?p=21994"},"modified":"2016-09-10T00:19:20","modified_gmt":"2016-09-09T22:19:20","slug":"bitwa-komarowem-1920-chwala-polskiej-kawalerii","status":"publish","type":"post","link":"https:\/\/siemysli-ke.info\/de\/bitwa-komarowem-1920-chwala-polskiej-kawalerii\/","title":{"rendered":"(Polski) Bitwa pod Komarowem 1920 chwa\u0142\u0105 polskiej kawalerii"},"content":{"rendered":"<p class=\"qtranxs-available-languages-message qtranxs-available-languages-message-de\">Leider ist der Eintrag nur auf <a href=\"https:\/\/siemysli-ke.info\/pl\/wp-json\/wp\/v2\/posts\/21994\" class=\"qtranxs-available-language-link qtranxs-available-language-link-pl\" title=\"Polski\">Polski<\/a> verf\u00fcgbar.<\/p>","protected":false},"excerpt":{"rendered":"<p>Leider ist der Eintrag nur auf Polski verf\u00fcgbar.<\/p>\n","protected":false},"author":3,"featured_media":21995,"comment_status":"open","ping_status":"open","sticky":false,"template":"","format":"standard","meta":{"colormag_page_layout":"default_layout","footnotes":""},"categories":[81],"tags":[6363,6377,1616,6361,89,6381,6379,92,6369,6368,340,6366,6365,6371,3212,6382,6376,6374,6364,6372,6375,6380,6378,6370,6362,6367,6373],"class_list":["post-21994","post","type-post","status-publish","format-standard","has-post-thumbnail","hentry","category-rzeczpospolita","tag-cud-nad-wisla","tag-aleksander-jegorow","tag-antonik","tag-bitwa-pod-komarowem","tag-breaking","tag-bronislaw-regulski","tag-gaj-chan","tag-headline","tag-iwan-tiuleniew","tag-izaak-babel","tag-josip-stalin","tag-juliusz-rommel","tag-konarmia","tag-kornel-krzeczunowicz","tag-lwow","tag-manewr-znad-wieprza","tag-michail-tuchaczewskij","tag-michal-zymierski","tag-siemion-budionny","tag-stanislaw-haller","tag-tadeusz-komorowski","tag-tadeusz-piskor","tag-tadeusz-rozwadowski","tag-twierdza-zamosc","tag-wojna-1920-r","tag-wladyslaw-garboniak","tag-wladyslaw-sikorski"],"yoast_head":"<!-- This site is optimized with the Yoast SEO plugin v25.1 - https:\/\/yoast.com\/wordpress\/plugins\/seo\/ -->\n<title>(Polski) Bitwa pod Komarowem 1920 chwa\u0142\u0105 polskiej kawalerii - SI\u0118 MY\u015aLI<\/title>\n<meta name=\"robots\" content=\"index, follow, max-snippet:-1, max-image-preview:large, max-video-preview:-1\" \/>\n<link rel=\"canonical\" href=\"https:\/\/siemysli-ke.info\/de\/bitwa-komarowem-1920-chwala-polskiej-kawalerii\/\" \/>\n<meta property=\"og:locale\" content=\"de_DE\" \/>\n<meta property=\"og:type\" content=\"article\" \/>\n<meta property=\"og:title\" content=\"(Polski) Bitwa pod Komarowem 1920 chwa\u0142\u0105 polskiej kawalerii - SI\u0118 MY\u015aLI\" \/>\n<meta property=\"og:description\" content=\"Leider ist der Eintrag nur auf Polski verf\u00fcgbar.\" \/>\n<meta property=\"og:url\" content=\"https:\/\/siemysli-ke.info\/de\/bitwa-komarowem-1920-chwala-polskiej-kawalerii\/\" \/>\n<meta property=\"og:site_name\" content=\"SI\u0118 MY\u015aLI\" \/>\n<meta property=\"article:published_time\" content=\"2016-09-09T22:19:20+00:00\" \/>\n<meta property=\"og:image\" content=\"https:\/\/siemysli-ke.info\/wp-content\/uploads\/2016\/09\/bitwa-pod-komarowem-1920.jpg\" \/>\n\t<meta property=\"og:image:width\" content=\"578\" \/>\n\t<meta property=\"og:image:height\" content=\"329\" \/>\n\t<meta property=\"og:image:type\" content=\"image\/jpeg\" \/>\n<meta name=\"author\" content=\"...\" \/>\n<meta name=\"twitter:label1\" content=\"Verfasst von\" \/>\n\t<meta name=\"twitter:data1\" content=\"...\" \/>\n\t<meta name=\"twitter:label2\" content=\"Gesch\u00e4tzte Lesezeit\" \/>\n\t<meta name=\"twitter:data2\" content=\"12\u00a0Minuten\" \/>\n<script type=\"application\/ld+json\" class=\"yoast-schema-graph\">{\"@context\":\"https:\/\/schema.org\",\"@graph\":[{\"@type\":\"Article\",\"@id\":\"https:\/\/siemysli-ke.info\/de\/bitwa-komarowem-1920-chwala-polskiej-kawalerii\/#article\",\"isPartOf\":{\"@id\":\"https:\/\/siemysli-ke.info\/de\/bitwa-komarowem-1920-chwala-polskiej-kawalerii\/\"},\"author\":{\"name\":\"...\",\"@id\":\"https:\/\/siemysli-ke.info\/#\/schema\/person\/75326687448d6abf738b156f56385210\"},\"headline\":\"(Polski) Bitwa pod Komarowem 1920 chwa\u0142\u0105 polskiej kawalerii\",\"datePublished\":\"2016-09-09T22:19:20+00:00\",\"mainEntityOfPage\":{\"@id\":\"https:\/\/siemysli-ke.info\/de\/bitwa-komarowem-1920-chwala-polskiej-kawalerii\/\"},\"wordCount\":2328,\"commentCount\":0,\"publisher\":{\"@id\":\"https:\/\/siemysli-ke.info\/#organization\"},\"image\":{\"@id\":\"https:\/\/siemysli-ke.info\/de\/bitwa-komarowem-1920-chwala-polskiej-kawalerii\/#primaryimage\"},\"thumbnailUrl\":\"https:\/\/siemysli-ke.info\/wp-content\/uploads\/2016\/09\/bitwa-pod-komarowem-1920.jpg\",\"keywords\":[\"\\\"cud nad Wis\u0142\u0105\\\"\",\"Aleksander Jegorow\",\"AntoniK\",\"bitwa pod Komarowem\",\"breaking\",\"Bronis\u0142aw Regulski\",\"Gaj-Chan\",\"headline\",\"Iwan Tiuleniew\",\"Izaak Babel\",\"Josip Stalin\",\"Juliusz R\u00f3mmel\",\"Konarmia\",\"Kornel Krzeczunowicz\",\"Lw\u00f3w\",\"manewr znad Wieprza\",\"Michai\u0142 Tuchaczewskij\",\"Micha\u0142 \u017bymierski\",\"Siemion Budionny\",\"Stanis\u0142aw Haller\",\"Tadeusz Komorowski\",\"Tadeusz Piskor\",\"Tadeusz Rozwadowski\",\"Twierdza Zamo\u015b\u0107\",\"wojna 1920 r.\",\"W\u0142adys\u0142aw Garboniak\",\"W\u0142adys\u0142aw Sikorski\"],\"articleSection\":[\"Rzeczypospolita\"],\"inLanguage\":\"de\",\"potentialAction\":[{\"@type\":\"CommentAction\",\"name\":\"Comment\",\"target\":[\"https:\/\/siemysli-ke.info\/de\/bitwa-komarowem-1920-chwala-polskiej-kawalerii\/#respond\"]}]},{\"@type\":\"WebPage\",\"@id\":\"https:\/\/siemysli-ke.info\/de\/bitwa-komarowem-1920-chwala-polskiej-kawalerii\/\",\"url\":\"https:\/\/siemysli-ke.info\/de\/bitwa-komarowem-1920-chwala-polskiej-kawalerii\/\",\"name\":\"(Polski) Bitwa pod Komarowem 1920 chwa\u0142\u0105 polskiej kawalerii - SI\u0118 MY\u015aLI\",\"isPartOf\":{\"@id\":\"https:\/\/siemysli-ke.info\/de\/#website\"},\"primaryImageOfPage\":{\"@id\":\"https:\/\/siemysli-ke.info\/de\/bitwa-komarowem-1920-chwala-polskiej-kawalerii\/#primaryimage\"},\"image\":{\"@id\":\"https:\/\/siemysli-ke.info\/de\/bitwa-komarowem-1920-chwala-polskiej-kawalerii\/#primaryimage\"},\"thumbnailUrl\":\"https:\/\/siemysli-ke.info\/wp-content\/uploads\/2016\/09\/bitwa-pod-komarowem-1920.jpg\",\"datePublished\":\"2016-09-09T22:19:20+00:00\",\"breadcrumb\":{\"@id\":\"https:\/\/siemysli-ke.info\/de\/bitwa-komarowem-1920-chwala-polskiej-kawalerii\/#breadcrumb\"},\"inLanguage\":\"de\",\"potentialAction\":[{\"@type\":\"ReadAction\",\"target\":[[\"https:\/\/siemysli-ke.info\/de\/bitwa-komarowem-1920-chwala-polskiej-kawalerii\/\"]]}]},{\"@type\":\"ImageObject\",\"inLanguage\":\"de\",\"@id\":\"https:\/\/siemysli-ke.info\/de\/bitwa-komarowem-1920-chwala-polskiej-kawalerii\/#primaryimage\",\"url\":\"https:\/\/siemysli-ke.info\/wp-content\/uploads\/2016\/09\/bitwa-pod-komarowem-1920.jpg\",\"contentUrl\":\"https:\/\/siemysli-ke.info\/wp-content\/uploads\/2016\/09\/bitwa-pod-komarowem-1920.jpg\",\"width\":578,\"height\":329},{\"@type\":\"BreadcrumbList\",\"@id\":\"https:\/\/siemysli-ke.info\/de\/bitwa-komarowem-1920-chwala-polskiej-kawalerii\/#breadcrumb\",\"itemListElement\":[{\"@type\":\"ListItem\",\"position\":1,\"name\":\"Home\",\"item\":\"https:\/\/siemysli-ke.info\/de\/\"},{\"@type\":\"ListItem\",\"position\":2,\"name\":\"(Polski) Bitwa pod Komarowem 1920 chwa\u0142\u0105 polskiej kawalerii\"}]},{\"@type\":\"WebSite\",\"@id\":\"https:\/\/siemysli-ke.info\/de\/#website\",\"url\":\"https:\/\/siemysli-ke.info\/de\/\",\"name\":\"SI\u0118 MY\u015aLI\",\"description\":\"\",\"publisher\":{\"@id\":\"https:\/\/siemysli-ke.info\/de\/#organization\"},\"potentialAction\":[{\"@type\":\"SearchAction\",\"target\":{\"@type\":\"EntryPoint\",\"urlTemplate\":\"https:\/\/siemysli-ke.info\/de\/?s={search_term_string}\"},\"query-input\":{\"@type\":\"PropertyValueSpecification\",\"valueRequired\":true,\"valueName\":\"search_term_string\"}}],\"inLanguage\":\"de\"},{\"@type\":\"Organization\",\"@id\":\"https:\/\/siemysli-ke.info\/de\/#organization\",\"name\":\"SI\u0118 MY\u015aLI\",\"url\":\"https:\/\/siemysli-ke.info\/de\/\",\"logo\":{\"@type\":\"ImageObject\",\"inLanguage\":\"de\",\"@id\":\"https:\/\/siemysli-ke.info\/de\/#\/schema\/logo\/image\/\",\"url\":\"https:\/\/siemysli-ke.info\/wp-content\/uploads\/2025\/05\/99.png\",\"contentUrl\":\"https:\/\/siemysli-ke.info\/wp-content\/uploads\/2025\/05\/99.png\",\"width\":270,\"height\":204,\"caption\":\"SI\u0118 MY\u015aLI\"},\"image\":{\"@id\":\"https:\/\/siemysli-ke.info\/de\/#\/schema\/logo\/image\/\"}},{\"@type\":\"Person\",\"@id\":\"https:\/\/siemysli-ke.info\/#\/schema\/person\/75326687448d6abf738b156f56385210\",\"name\":\"...\",\"image\":{\"@type\":\"ImageObject\",\"inLanguage\":\"de\",\"@id\":\"https:\/\/siemysli-ke.info\/de\/#\/schema\/person\/image\/\",\"url\":\"https:\/\/secure.gravatar.com\/avatar\/33a3c2559155e1b4add65cf88cafda785aeb920f44b97c7055b07866ab5b13c2?s=96&d=mm&r=g\",\"contentUrl\":\"https:\/\/secure.gravatar.com\/avatar\/33a3c2559155e1b4add65cf88cafda785aeb920f44b97c7055b07866ab5b13c2?s=96&d=mm&r=g\",\"caption\":\"...\"},\"url\":\"https:\/\/siemysli-ke.info\/de\/author\/lele\/\"}]}<\/script>\n<!-- \/ Yoast SEO plugin. -->","yoast_head_json":{"title":"(Polski) Bitwa pod Komarowem 1920 chwa\u0142\u0105 polskiej kawalerii - SI\u0118 MY\u015aLI","robots":{"index":"index","follow":"follow","max-snippet":"max-snippet:-1","max-image-preview":"max-image-preview:large","max-video-preview":"max-video-preview:-1"},"canonical":"https:\/\/siemysli-ke.info\/de\/bitwa-komarowem-1920-chwala-polskiej-kawalerii\/","og_locale":"de_DE","og_type":"article","og_title":"(Polski) Bitwa pod Komarowem 1920 chwa\u0142\u0105 polskiej kawalerii - SI\u0118 MY\u015aLI","og_description":"Leider ist der Eintrag nur auf Polski verf\u00fcgbar.","og_url":"https:\/\/siemysli-ke.info\/de\/bitwa-komarowem-1920-chwala-polskiej-kawalerii\/","og_site_name":"SI\u0118 MY\u015aLI","article_published_time":"2016-09-09T22:19:20+00:00","og_image":[{"width":578,"height":329,"url":"https:\/\/siemysli-ke.info\/wp-content\/uploads\/2016\/09\/bitwa-pod-komarowem-1920.jpg","type":"image\/jpeg"}],"author":"...","twitter_misc":{"Verfasst von":"...","Gesch\u00e4tzte Lesezeit":"12\u00a0Minuten"},"schema":{"@context":"https:\/\/schema.org","@graph":[{"@type":"Article","@id":"https:\/\/siemysli-ke.info\/de\/bitwa-komarowem-1920-chwala-polskiej-kawalerii\/#article","isPartOf":{"@id":"https:\/\/siemysli-ke.info\/de\/bitwa-komarowem-1920-chwala-polskiej-kawalerii\/"},"author":{"name":"...","@id":"https:\/\/siemysli-ke.info\/#\/schema\/person\/75326687448d6abf738b156f56385210"},"headline":"(Polski) Bitwa pod Komarowem 1920 chwa\u0142\u0105 polskiej kawalerii","datePublished":"2016-09-09T22:19:20+00:00","mainEntityOfPage":{"@id":"https:\/\/siemysli-ke.info\/de\/bitwa-komarowem-1920-chwala-polskiej-kawalerii\/"},"wordCount":2328,"commentCount":0,"publisher":{"@id":"https:\/\/siemysli-ke.info\/#organization"},"image":{"@id":"https:\/\/siemysli-ke.info\/de\/bitwa-komarowem-1920-chwala-polskiej-kawalerii\/#primaryimage"},"thumbnailUrl":"https:\/\/siemysli-ke.info\/wp-content\/uploads\/2016\/09\/bitwa-pod-komarowem-1920.jpg","keywords":["\"cud nad Wis\u0142\u0105\"","Aleksander Jegorow","AntoniK","bitwa pod Komarowem","breaking","Bronis\u0142aw Regulski","Gaj-Chan","headline","Iwan Tiuleniew","Izaak Babel","Josip Stalin","Juliusz R\u00f3mmel","Konarmia","Kornel Krzeczunowicz","Lw\u00f3w","manewr znad Wieprza","Michai\u0142 Tuchaczewskij","Micha\u0142 \u017bymierski","Siemion Budionny","Stanis\u0142aw Haller","Tadeusz Komorowski","Tadeusz Piskor","Tadeusz Rozwadowski","Twierdza Zamo\u015b\u0107","wojna 1920 r.","W\u0142adys\u0142aw Garboniak","W\u0142adys\u0142aw Sikorski"],"articleSection":["Rzeczypospolita"],"inLanguage":"de","potentialAction":[{"@type":"CommentAction","name":"Comment","target":["https:\/\/siemysli-ke.info\/de\/bitwa-komarowem-1920-chwala-polskiej-kawalerii\/#respond"]}]},{"@type":"WebPage","@id":"https:\/\/siemysli-ke.info\/de\/bitwa-komarowem-1920-chwala-polskiej-kawalerii\/","url":"https:\/\/siemysli-ke.info\/de\/bitwa-komarowem-1920-chwala-polskiej-kawalerii\/","name":"(Polski) Bitwa pod Komarowem 1920 chwa\u0142\u0105 polskiej kawalerii - SI\u0118 MY\u015aLI","isPartOf":{"@id":"https:\/\/siemysli-ke.info\/de\/#website"},"primaryImageOfPage":{"@id":"https:\/\/siemysli-ke.info\/de\/bitwa-komarowem-1920-chwala-polskiej-kawalerii\/#primaryimage"},"image":{"@id":"https:\/\/siemysli-ke.info\/de\/bitwa-komarowem-1920-chwala-polskiej-kawalerii\/#primaryimage"},"thumbnailUrl":"https:\/\/siemysli-ke.info\/wp-content\/uploads\/2016\/09\/bitwa-pod-komarowem-1920.jpg","datePublished":"2016-09-09T22:19:20+00:00","breadcrumb":{"@id":"https:\/\/siemysli-ke.info\/de\/bitwa-komarowem-1920-chwala-polskiej-kawalerii\/#breadcrumb"},"inLanguage":"de","potentialAction":[{"@type":"ReadAction","target":[["https:\/\/siemysli-ke.info\/de\/bitwa-komarowem-1920-chwala-polskiej-kawalerii\/"]]}]},{"@type":"ImageObject","inLanguage":"de","@id":"https:\/\/siemysli-ke.info\/de\/bitwa-komarowem-1920-chwala-polskiej-kawalerii\/#primaryimage","url":"https:\/\/siemysli-ke.info\/wp-content\/uploads\/2016\/09\/bitwa-pod-komarowem-1920.jpg","contentUrl":"https:\/\/siemysli-ke.info\/wp-content\/uploads\/2016\/09\/bitwa-pod-komarowem-1920.jpg","width":578,"height":329},{"@type":"BreadcrumbList","@id":"https:\/\/siemysli-ke.info\/de\/bitwa-komarowem-1920-chwala-polskiej-kawalerii\/#breadcrumb","itemListElement":[{"@type":"ListItem","position":1,"name":"Home","item":"https:\/\/siemysli-ke.info\/de\/"},{"@type":"ListItem","position":2,"name":"(Polski) Bitwa pod Komarowem 1920 chwa\u0142\u0105 polskiej kawalerii"}]},{"@type":"WebSite","@id":"https:\/\/siemysli-ke.info\/de\/#website","url":"https:\/\/siemysli-ke.info\/de\/","name":"SI\u0118 MY\u015aLI","description":"","publisher":{"@id":"https:\/\/siemysli-ke.info\/de\/#organization"},"potentialAction":[{"@type":"SearchAction","target":{"@type":"EntryPoint","urlTemplate":"https:\/\/siemysli-ke.info\/de\/?s={search_term_string}"},"query-input":{"@type":"PropertyValueSpecification","valueRequired":true,"valueName":"search_term_string"}}],"inLanguage":"de"},{"@type":"Organization","@id":"https:\/\/siemysli-ke.info\/de\/#organization","name":"SI\u0118 MY\u015aLI","url":"https:\/\/siemysli-ke.info\/de\/","logo":{"@type":"ImageObject","inLanguage":"de","@id":"https:\/\/siemysli-ke.info\/de\/#\/schema\/logo\/image\/","url":"https:\/\/siemysli-ke.info\/wp-content\/uploads\/2025\/05\/99.png","contentUrl":"https:\/\/siemysli-ke.info\/wp-content\/uploads\/2025\/05\/99.png","width":270,"height":204,"caption":"SI\u0118 MY\u015aLI"},"image":{"@id":"https:\/\/siemysli-ke.info\/de\/#\/schema\/logo\/image\/"}},{"@type":"Person","@id":"https:\/\/siemysli-ke.info\/#\/schema\/person\/75326687448d6abf738b156f56385210","name":"...","image":{"@type":"ImageObject","inLanguage":"de","@id":"https:\/\/siemysli-ke.info\/de\/#\/schema\/person\/image\/","url":"https:\/\/secure.gravatar.com\/avatar\/33a3c2559155e1b4add65cf88cafda785aeb920f44b97c7055b07866ab5b13c2?s=96&d=mm&r=g","contentUrl":"https:\/\/secure.gravatar.com\/avatar\/33a3c2559155e1b4add65cf88cafda785aeb920f44b97c7055b07866ab5b13c2?s=96&d=mm&r=g","caption":"..."},"url":"https:\/\/siemysli-ke.info\/de\/author\/lele\/"}]}},"_links":{"self":[{"href":"https:\/\/siemysli-ke.info\/de\/wp-json\/wp\/v2\/posts\/21994","targetHints":{"allow":["GET"]}}],"collection":[{"href":"https:\/\/siemysli-ke.info\/de\/wp-json\/wp\/v2\/posts"}],"about":[{"href":"https:\/\/siemysli-ke.info\/de\/wp-json\/wp\/v2\/types\/post"}],"author":[{"embeddable":true,"href":"https:\/\/siemysli-ke.info\/de\/wp-json\/wp\/v2\/users\/3"}],"replies":[{"embeddable":true,"href":"https:\/\/siemysli-ke.info\/de\/wp-json\/wp\/v2\/comments?post=21994"}],"version-history":[{"count":0,"href":"https:\/\/siemysli-ke.info\/de\/wp-json\/wp\/v2\/posts\/21994\/revisions"}],"wp:featuredmedia":[{"embeddable":true,"href":"https:\/\/siemysli-ke.info\/de\/wp-json\/wp\/v2\/media\/21995"}],"wp:attachment":[{"href":"https:\/\/siemysli-ke.info\/de\/wp-json\/wp\/v2\/media?parent=21994"}],"wp:term":[{"taxonomy":"category","embeddable":true,"href":"https:\/\/siemysli-ke.info\/de\/wp-json\/wp\/v2\/categories?post=21994"},{"taxonomy":"post_tag","embeddable":true,"href":"https:\/\/siemysli-ke.info\/de\/wp-json\/wp\/v2\/tags?post=21994"}],"curies":[{"name":"wp","href":"https:\/\/api.w.org\/{rel}","templated":true}]}}