 {"id":21229,"date":"2016-07-21T12:14:03","date_gmt":"2016-07-21T10:14:03","guid":{"rendered":"http:\/\/www.siemysli.info.ke\/?p=21229"},"modified":"2016-07-21T12:16:07","modified_gmt":"2016-07-21T10:16:07","slug":"grunwald-zachod-kontra-rzeczpospolita-trojga-narodow-3","status":"publish","type":"post","link":"https:\/\/siemysli-ke.info\/de\/grunwald-zachod-kontra-rzeczpospolita-trojga-narodow-3\/","title":{"rendered":"(Polski) Grunwald \u2013 Zach\u00f3d kontra Rzeczpospolita Trojga Narod\u00f3w (3)"},"content":{"rendered":"<p class=\"qtranxs-available-languages-message qtranxs-available-languages-message-de\">Leider ist der Eintrag nur auf <a href=\"https:\/\/siemysli-ke.info\/pl\/wp-json\/wp\/v2\/posts\/21229\" class=\"qtranxs-available-language-link qtranxs-available-language-link-pl\" title=\"Polski\">Polski<\/a> verf\u00fcgbar.<\/p>","protected":false},"excerpt":{"rendered":"<p>Leider ist der Eintrag nur auf Polski verf\u00fcgbar.<\/p>\n","protected":false},"author":3,"featured_media":21230,"comment_status":"open","ping_status":"open","sticky":false,"template":"","format":"standard","meta":{"colormag_page_layout":"default_layout","footnotes":""},"categories":[81],"tags":[1616,5837,5847,89,5839,5834,4996,92,5843,5849,5806,5840,5835,5836,5841,5371,701,5842,5845,5848,5844,5838,5850,993,5846,5767],"class_list":["post-21229","post","type-post","status-publish","format-standard","has-post-thumbnail","hentry","category-rzeczpospolita","tag-antonik","tag-arnold-von-baden","tag-boleslaw-iii-krzywousty","tag-breaking","tag-dzalal-ad-din","tag-fryderyk-wallenrod","tag-grunwald","tag-headline","tag-herb-plzna","tag-iwan-wyhowski","tag-jan-dlugosz","tag-jan-karol-chodkiewicz","tag-jan-von-sayn","tag-jan-von-wenden","tag-karol-ix-sundermanski","tag-kluszyn","tag-litwa","tag-marienburgmalbork","tag-niepolomice","tag-psie-pole-1109","tag-tenczyn-pod-krakowem","tag-unia-antykrzyzacka","tag-unia-hadziacka","tag-watykan","tag-wincenty-kadlubek","tag-wladyslaw-ii-jagiello"],"yoast_head":"<!-- This site is optimized with the Yoast SEO plugin v25.1 - https:\/\/yoast.com\/wordpress\/plugins\/seo\/ -->\n<title>(Polski) Grunwald \u2013 Zach\u00f3d kontra Rzeczpospolita Trojga Narod\u00f3w (3)   - SI\u0118 MY\u015aLI<\/title>\n<meta name=\"robots\" content=\"index, follow, max-snippet:-1, max-image-preview:large, max-video-preview:-1\" \/>\n<link rel=\"canonical\" href=\"https:\/\/siemysli-ke.info\/de\/grunwald-zachod-kontra-rzeczpospolita-trojga-narodow-3\/\" \/>\n<meta property=\"og:locale\" content=\"de_DE\" \/>\n<meta property=\"og:type\" content=\"article\" \/>\n<meta property=\"og:title\" content=\"(Polski) Grunwald \u2013 Zach\u00f3d kontra Rzeczpospolita Trojga Narod\u00f3w (3)   - SI\u0118 MY\u015aLI\" \/>\n<meta property=\"og:description\" content=\"Leider ist der Eintrag nur auf Polski verf\u00fcgbar.\" \/>\n<meta property=\"og:url\" content=\"https:\/\/siemysli-ke.info\/de\/grunwald-zachod-kontra-rzeczpospolita-trojga-narodow-3\/\" \/>\n<meta property=\"og:site_name\" content=\"SI\u0118 MY\u015aLI\" \/>\n<meta property=\"article:published_time\" content=\"2016-07-21T10:14:03+00:00\" \/>\n<meta property=\"article:modified_time\" content=\"2016-07-21T10:16:07+00:00\" \/>\n<meta property=\"og:image\" content=\"https:\/\/siemysli-ke.info\/wp-content\/uploads\/2016\/07\/0000001-405.jpg\" \/>\n\t<meta property=\"og:image:width\" content=\"1024\" \/>\n\t<meta property=\"og:image:height\" content=\"1176\" \/>\n\t<meta property=\"og:image:type\" content=\"image\/jpeg\" \/>\n<meta name=\"author\" content=\"...\" \/>\n<meta name=\"twitter:label1\" content=\"Verfasst von\" \/>\n\t<meta name=\"twitter:data1\" content=\"...\" \/>\n\t<meta name=\"twitter:label2\" content=\"Gesch\u00e4tzte Lesezeit\" \/>\n\t<meta name=\"twitter:data2\" content=\"8\u00a0Minuten\" \/>\n<script type=\"application\/ld+json\" class=\"yoast-schema-graph\">{\"@context\":\"https:\/\/schema.org\",\"@graph\":[{\"@type\":\"Article\",\"@id\":\"https:\/\/siemysli-ke.info\/de\/grunwald-zachod-kontra-rzeczpospolita-trojga-narodow-3\/#article\",\"isPartOf\":{\"@id\":\"https:\/\/siemysli-ke.info\/de\/grunwald-zachod-kontra-rzeczpospolita-trojga-narodow-3\/\"},\"author\":{\"name\":\"...\",\"@id\":\"https:\/\/siemysli-ke.info\/#\/schema\/person\/75326687448d6abf738b156f56385210\"},\"headline\":\"(Polski) Grunwald \u2013 Zach\u00f3d kontra Rzeczpospolita Trojga Narod\u00f3w (3)\",\"datePublished\":\"2016-07-21T10:14:03+00:00\",\"dateModified\":\"2016-07-21T10:16:07+00:00\",\"mainEntityOfPage\":{\"@id\":\"https:\/\/siemysli-ke.info\/de\/grunwald-zachod-kontra-rzeczpospolita-trojga-narodow-3\/\"},\"wordCount\":1598,\"commentCount\":0,\"publisher\":{\"@id\":\"https:\/\/siemysli-ke.info\/#organization\"},\"image\":{\"@id\":\"https:\/\/siemysli-ke.info\/de\/grunwald-zachod-kontra-rzeczpospolita-trojga-narodow-3\/#primaryimage\"},\"thumbnailUrl\":\"https:\/\/siemysli-ke.info\/wp-content\/uploads\/2016\/07\/0000001-405.jpg\",\"keywords\":[\"AntoniK\",\"Arnold von Baden\",\"Boles\u0142aw III Krzywousty\",\"breaking\",\"D\u017calal-ad-Din\",\"Fryderyk Wallenrod\",\"Grunwald\",\"headline\",\"herb Plzna\",\"Iwan Wyhowski\",\"Jan D\u0142ugosz\",\"Jan Karol Chodkiewicz\",\"Jan von Sayn\",\"Jan von Wenden\",\"Karol IX Sunderma\u0144ski\",\"K\u0142uszyn\",\"Litwa\",\"Marienburg\/Malbork\",\"Niepo\u0142omice\",\"Psie Pole 1109\",\"Tenczyn pod Krakowem\",\"Unia Antykrzy\u017cacka\",\"Unia Hadziacka\",\"WATYKAN\",\"Wincenty Kad\u0142ubek\",\"W\u0142adys\u0142aw II Jagie\u0142\u0142o\"],\"articleSection\":[\"Rzeczypospolita\"],\"inLanguage\":\"de\",\"potentialAction\":[{\"@type\":\"CommentAction\",\"name\":\"Comment\",\"target\":[\"https:\/\/siemysli-ke.info\/de\/grunwald-zachod-kontra-rzeczpospolita-trojga-narodow-3\/#respond\"]}]},{\"@type\":\"WebPage\",\"@id\":\"https:\/\/siemysli-ke.info\/de\/grunwald-zachod-kontra-rzeczpospolita-trojga-narodow-3\/\",\"url\":\"https:\/\/siemysli-ke.info\/de\/grunwald-zachod-kontra-rzeczpospolita-trojga-narodow-3\/\",\"name\":\"(Polski) Grunwald \u2013 Zach\u00f3d kontra Rzeczpospolita Trojga Narod\u00f3w (3)  - SI\u0118 MY\u015aLI\",\"isPartOf\":{\"@id\":\"https:\/\/siemysli-ke.info\/de\/#website\"},\"primaryImageOfPage\":{\"@id\":\"https:\/\/siemysli-ke.info\/de\/grunwald-zachod-kontra-rzeczpospolita-trojga-narodow-3\/#primaryimage\"},\"image\":{\"@id\":\"https:\/\/siemysli-ke.info\/de\/grunwald-zachod-kontra-rzeczpospolita-trojga-narodow-3\/#primaryimage\"},\"thumbnailUrl\":\"https:\/\/siemysli-ke.info\/wp-content\/uploads\/2016\/07\/0000001-405.jpg\",\"datePublished\":\"2016-07-21T10:14:03+00:00\",\"dateModified\":\"2016-07-21T10:16:07+00:00\",\"breadcrumb\":{\"@id\":\"https:\/\/siemysli-ke.info\/de\/grunwald-zachod-kontra-rzeczpospolita-trojga-narodow-3\/#breadcrumb\"},\"inLanguage\":\"de\",\"potentialAction\":[{\"@type\":\"ReadAction\",\"target\":[[\"https:\/\/siemysli-ke.info\/de\/grunwald-zachod-kontra-rzeczpospolita-trojga-narodow-3\/\"]]}]},{\"@type\":\"ImageObject\",\"inLanguage\":\"de\",\"@id\":\"https:\/\/siemysli-ke.info\/de\/grunwald-zachod-kontra-rzeczpospolita-trojga-narodow-3\/#primaryimage\",\"url\":\"https:\/\/siemysli-ke.info\/wp-content\/uploads\/2016\/07\/0000001-405.jpg\",\"contentUrl\":\"https:\/\/siemysli-ke.info\/wp-content\/uploads\/2016\/07\/0000001-405.jpg\",\"width\":1024,\"height\":1176},{\"@type\":\"BreadcrumbList\",\"@id\":\"https:\/\/siemysli-ke.info\/de\/grunwald-zachod-kontra-rzeczpospolita-trojga-narodow-3\/#breadcrumb\",\"itemListElement\":[{\"@type\":\"ListItem\",\"position\":1,\"name\":\"Home\",\"item\":\"https:\/\/siemysli-ke.info\/de\/\"},{\"@type\":\"ListItem\",\"position\":2,\"name\":\"(Polski) Grunwald \u2013 Zach\u00f3d kontra Rzeczpospolita Trojga Narod\u00f3w (3)\"}]},{\"@type\":\"WebSite\",\"@id\":\"https:\/\/siemysli-ke.info\/de\/#website\",\"url\":\"https:\/\/siemysli-ke.info\/de\/\",\"name\":\"SI\u0118 MY\u015aLI\",\"description\":\"\",\"publisher\":{\"@id\":\"https:\/\/siemysli-ke.info\/de\/#organization\"},\"potentialAction\":[{\"@type\":\"SearchAction\",\"target\":{\"@type\":\"EntryPoint\",\"urlTemplate\":\"https:\/\/siemysli-ke.info\/de\/?s={search_term_string}\"},\"query-input\":{\"@type\":\"PropertyValueSpecification\",\"valueRequired\":true,\"valueName\":\"search_term_string\"}}],\"inLanguage\":\"de\"},{\"@type\":\"Organization\",\"@id\":\"https:\/\/siemysli-ke.info\/de\/#organization\",\"name\":\"SI\u0118 MY\u015aLI\",\"url\":\"https:\/\/siemysli-ke.info\/de\/\",\"logo\":{\"@type\":\"ImageObject\",\"inLanguage\":\"de\",\"@id\":\"https:\/\/siemysli-ke.info\/de\/#\/schema\/logo\/image\/\",\"url\":\"https:\/\/siemysli-ke.info\/wp-content\/uploads\/2025\/05\/99.png\",\"contentUrl\":\"https:\/\/siemysli-ke.info\/wp-content\/uploads\/2025\/05\/99.png\",\"width\":270,\"height\":204,\"caption\":\"SI\u0118 MY\u015aLI\"},\"image\":{\"@id\":\"https:\/\/siemysli-ke.info\/de\/#\/schema\/logo\/image\/\"}},{\"@type\":\"Person\",\"@id\":\"https:\/\/siemysli-ke.info\/#\/schema\/person\/75326687448d6abf738b156f56385210\",\"name\":\"...\",\"image\":{\"@type\":\"ImageObject\",\"inLanguage\":\"de\",\"@id\":\"https:\/\/siemysli-ke.info\/de\/#\/schema\/person\/image\/\",\"url\":\"https:\/\/secure.gravatar.com\/avatar\/33a3c2559155e1b4add65cf88cafda785aeb920f44b97c7055b07866ab5b13c2?s=96&d=mm&r=g\",\"contentUrl\":\"https:\/\/secure.gravatar.com\/avatar\/33a3c2559155e1b4add65cf88cafda785aeb920f44b97c7055b07866ab5b13c2?s=96&d=mm&r=g\",\"caption\":\"...\"},\"url\":\"https:\/\/siemysli-ke.info\/de\/author\/lele\/\"}]}<\/script>\n<!-- \/ Yoast SEO plugin. -->","yoast_head_json":{"title":"(Polski) Grunwald \u2013 Zach\u00f3d kontra Rzeczpospolita Trojga Narod\u00f3w (3)   - SI\u0118 MY\u015aLI","robots":{"index":"index","follow":"follow","max-snippet":"max-snippet:-1","max-image-preview":"max-image-preview:large","max-video-preview":"max-video-preview:-1"},"canonical":"https:\/\/siemysli-ke.info\/de\/grunwald-zachod-kontra-rzeczpospolita-trojga-narodow-3\/","og_locale":"de_DE","og_type":"article","og_title":"(Polski) Grunwald \u2013 Zach\u00f3d kontra Rzeczpospolita Trojga Narod\u00f3w (3)   - SI\u0118 MY\u015aLI","og_description":"Leider ist der Eintrag nur auf Polski verf\u00fcgbar.","og_url":"https:\/\/siemysli-ke.info\/de\/grunwald-zachod-kontra-rzeczpospolita-trojga-narodow-3\/","og_site_name":"SI\u0118 MY\u015aLI","article_published_time":"2016-07-21T10:14:03+00:00","article_modified_time":"2016-07-21T10:16:07+00:00","og_image":[{"width":1024,"height":1176,"url":"https:\/\/siemysli-ke.info\/wp-content\/uploads\/2016\/07\/0000001-405.jpg","type":"image\/jpeg"}],"author":"...","twitter_misc":{"Verfasst von":"...","Gesch\u00e4tzte Lesezeit":"8\u00a0Minuten"},"schema":{"@context":"https:\/\/schema.org","@graph":[{"@type":"Article","@id":"https:\/\/siemysli-ke.info\/de\/grunwald-zachod-kontra-rzeczpospolita-trojga-narodow-3\/#article","isPartOf":{"@id":"https:\/\/siemysli-ke.info\/de\/grunwald-zachod-kontra-rzeczpospolita-trojga-narodow-3\/"},"author":{"name":"...","@id":"https:\/\/siemysli-ke.info\/#\/schema\/person\/75326687448d6abf738b156f56385210"},"headline":"(Polski) Grunwald \u2013 Zach\u00f3d kontra Rzeczpospolita Trojga Narod\u00f3w (3)","datePublished":"2016-07-21T10:14:03+00:00","dateModified":"2016-07-21T10:16:07+00:00","mainEntityOfPage":{"@id":"https:\/\/siemysli-ke.info\/de\/grunwald-zachod-kontra-rzeczpospolita-trojga-narodow-3\/"},"wordCount":1598,"commentCount":0,"publisher":{"@id":"https:\/\/siemysli-ke.info\/#organization"},"image":{"@id":"https:\/\/siemysli-ke.info\/de\/grunwald-zachod-kontra-rzeczpospolita-trojga-narodow-3\/#primaryimage"},"thumbnailUrl":"https:\/\/siemysli-ke.info\/wp-content\/uploads\/2016\/07\/0000001-405.jpg","keywords":["AntoniK","Arnold von Baden","Boles\u0142aw III Krzywousty","breaking","D\u017calal-ad-Din","Fryderyk Wallenrod","Grunwald","headline","herb Plzna","Iwan Wyhowski","Jan D\u0142ugosz","Jan Karol Chodkiewicz","Jan von Sayn","Jan von Wenden","Karol IX Sunderma\u0144ski","K\u0142uszyn","Litwa","Marienburg\/Malbork","Niepo\u0142omice","Psie Pole 1109","Tenczyn pod Krakowem","Unia Antykrzy\u017cacka","Unia Hadziacka","WATYKAN","Wincenty Kad\u0142ubek","W\u0142adys\u0142aw II Jagie\u0142\u0142o"],"articleSection":["Rzeczypospolita"],"inLanguage":"de","potentialAction":[{"@type":"CommentAction","name":"Comment","target":["https:\/\/siemysli-ke.info\/de\/grunwald-zachod-kontra-rzeczpospolita-trojga-narodow-3\/#respond"]}]},{"@type":"WebPage","@id":"https:\/\/siemysli-ke.info\/de\/grunwald-zachod-kontra-rzeczpospolita-trojga-narodow-3\/","url":"https:\/\/siemysli-ke.info\/de\/grunwald-zachod-kontra-rzeczpospolita-trojga-narodow-3\/","name":"(Polski) Grunwald \u2013 Zach\u00f3d kontra Rzeczpospolita Trojga Narod\u00f3w (3)  - SI\u0118 MY\u015aLI","isPartOf":{"@id":"https:\/\/siemysli-ke.info\/de\/#website"},"primaryImageOfPage":{"@id":"https:\/\/siemysli-ke.info\/de\/grunwald-zachod-kontra-rzeczpospolita-trojga-narodow-3\/#primaryimage"},"image":{"@id":"https:\/\/siemysli-ke.info\/de\/grunwald-zachod-kontra-rzeczpospolita-trojga-narodow-3\/#primaryimage"},"thumbnailUrl":"https:\/\/siemysli-ke.info\/wp-content\/uploads\/2016\/07\/0000001-405.jpg","datePublished":"2016-07-21T10:14:03+00:00","dateModified":"2016-07-21T10:16:07+00:00","breadcrumb":{"@id":"https:\/\/siemysli-ke.info\/de\/grunwald-zachod-kontra-rzeczpospolita-trojga-narodow-3\/#breadcrumb"},"inLanguage":"de","potentialAction":[{"@type":"ReadAction","target":[["https:\/\/siemysli-ke.info\/de\/grunwald-zachod-kontra-rzeczpospolita-trojga-narodow-3\/"]]}]},{"@type":"ImageObject","inLanguage":"de","@id":"https:\/\/siemysli-ke.info\/de\/grunwald-zachod-kontra-rzeczpospolita-trojga-narodow-3\/#primaryimage","url":"https:\/\/siemysli-ke.info\/wp-content\/uploads\/2016\/07\/0000001-405.jpg","contentUrl":"https:\/\/siemysli-ke.info\/wp-content\/uploads\/2016\/07\/0000001-405.jpg","width":1024,"height":1176},{"@type":"BreadcrumbList","@id":"https:\/\/siemysli-ke.info\/de\/grunwald-zachod-kontra-rzeczpospolita-trojga-narodow-3\/#breadcrumb","itemListElement":[{"@type":"ListItem","position":1,"name":"Home","item":"https:\/\/siemysli-ke.info\/de\/"},{"@type":"ListItem","position":2,"name":"(Polski) Grunwald \u2013 Zach\u00f3d kontra Rzeczpospolita Trojga Narod\u00f3w (3)"}]},{"@type":"WebSite","@id":"https:\/\/siemysli-ke.info\/de\/#website","url":"https:\/\/siemysli-ke.info\/de\/","name":"SI\u0118 MY\u015aLI","description":"","publisher":{"@id":"https:\/\/siemysli-ke.info\/de\/#organization"},"potentialAction":[{"@type":"SearchAction","target":{"@type":"EntryPoint","urlTemplate":"https:\/\/siemysli-ke.info\/de\/?s={search_term_string}"},"query-input":{"@type":"PropertyValueSpecification","valueRequired":true,"valueName":"search_term_string"}}],"inLanguage":"de"},{"@type":"Organization","@id":"https:\/\/siemysli-ke.info\/de\/#organization","name":"SI\u0118 MY\u015aLI","url":"https:\/\/siemysli-ke.info\/de\/","logo":{"@type":"ImageObject","inLanguage":"de","@id":"https:\/\/siemysli-ke.info\/de\/#\/schema\/logo\/image\/","url":"https:\/\/siemysli-ke.info\/wp-content\/uploads\/2025\/05\/99.png","contentUrl":"https:\/\/siemysli-ke.info\/wp-content\/uploads\/2025\/05\/99.png","width":270,"height":204,"caption":"SI\u0118 MY\u015aLI"},"image":{"@id":"https:\/\/siemysli-ke.info\/de\/#\/schema\/logo\/image\/"}},{"@type":"Person","@id":"https:\/\/siemysli-ke.info\/#\/schema\/person\/75326687448d6abf738b156f56385210","name":"...","image":{"@type":"ImageObject","inLanguage":"de","@id":"https:\/\/siemysli-ke.info\/de\/#\/schema\/person\/image\/","url":"https:\/\/secure.gravatar.com\/avatar\/33a3c2559155e1b4add65cf88cafda785aeb920f44b97c7055b07866ab5b13c2?s=96&d=mm&r=g","contentUrl":"https:\/\/secure.gravatar.com\/avatar\/33a3c2559155e1b4add65cf88cafda785aeb920f44b97c7055b07866ab5b13c2?s=96&d=mm&r=g","caption":"..."},"url":"https:\/\/siemysli-ke.info\/de\/author\/lele\/"}]}},"_links":{"self":[{"href":"https:\/\/siemysli-ke.info\/de\/wp-json\/wp\/v2\/posts\/21229","targetHints":{"allow":["GET"]}}],"collection":[{"href":"https:\/\/siemysli-ke.info\/de\/wp-json\/wp\/v2\/posts"}],"about":[{"href":"https:\/\/siemysli-ke.info\/de\/wp-json\/wp\/v2\/types\/post"}],"author":[{"embeddable":true,"href":"https:\/\/siemysli-ke.info\/de\/wp-json\/wp\/v2\/users\/3"}],"replies":[{"embeddable":true,"href":"https:\/\/siemysli-ke.info\/de\/wp-json\/wp\/v2\/comments?post=21229"}],"version-history":[{"count":0,"href":"https:\/\/siemysli-ke.info\/de\/wp-json\/wp\/v2\/posts\/21229\/revisions"}],"wp:featuredmedia":[{"embeddable":true,"href":"https:\/\/siemysli-ke.info\/de\/wp-json\/wp\/v2\/media\/21230"}],"wp:attachment":[{"href":"https:\/\/siemysli-ke.info\/de\/wp-json\/wp\/v2\/media?parent=21229"}],"wp:term":[{"taxonomy":"category","embeddable":true,"href":"https:\/\/siemysli-ke.info\/de\/wp-json\/wp\/v2\/categories?post=21229"},{"taxonomy":"post_tag","embeddable":true,"href":"https:\/\/siemysli-ke.info\/de\/wp-json\/wp\/v2\/tags?post=21229"}],"curies":[{"name":"wp","href":"https:\/\/api.w.org\/{rel}","templated":true}]}}