 {"id":17393,"date":"2015-11-11T23:03:17","date_gmt":"2015-11-11T22:03:17","guid":{"rendered":"http:\/\/www.siemysli.info.ke\/?p=17393"},"modified":"2015-11-11T23:03:17","modified_gmt":"2015-11-11T22:03:17","slug":"kampania-przeciwko-elektrowni-atomowej-w-zarnowcu-wspomnienia-tomasza-belfra-burka","status":"publish","type":"post","link":"https:\/\/siemysli-ke.info\/de\/kampania-przeciwko-elektrowni-atomowej-w-zarnowcu-wspomnienia-tomasza-belfra-burka\/","title":{"rendered":"(Polski) KAMPANIA PRZECIWKO ELEKTROWNI ATOMOWEJ W \u017bARNOWCU  &#8211; wspomnienia Tomasza &#8222;Belfra&#8220; Burka"},"content":{"rendered":"<p class=\"qtranxs-available-languages-message qtranxs-available-languages-message-de\">Leider ist der Eintrag nur auf <a href=\"https:\/\/siemysli-ke.info\/pl\/wp-json\/wp\/v2\/posts\/17393\" class=\"qtranxs-available-language-link qtranxs-available-language-link-pl\" title=\"Polski\">Polski<\/a> verf\u00fcgbar.<\/p>","protected":false},"excerpt":{"rendered":"<p>Leider ist der Eintrag nur auf Polski verf\u00fcgbar.<\/p>\n","protected":false},"author":3,"featured_media":17394,"comment_status":"open","ping_status":"open","sticky":false,"template":"","format":"standard","meta":{"colormag_page_layout":"default_layout","footnotes":""},"categories":[8,81],"tags":[461,3477,89,579,3473,3461,3474,1332,3476,92,3469,3483,3479,3472,3475,3480,601,3471,3478,3482,3468,3470,3481,390],"class_list":["post-17393","post","type-post","status-publish","format-standard","has-post-thumbnail","hentry","category-ochrona","category-rzeczpospolita","tag-inny-swiat","tag-babie-doly","tag-breaking","tag-czernobyl","tag-czorsztyn-tama-tamie","tag-ea-zarnowiec","tag-franciszkanski-ruch-ekologiczny","tag-gdansk","tag-hala-olivii","tag-headline","tag-janusz-jany-waluszko","tag-komitety-wrzeszczanskie","tag-miedzymiastowka-anarchistyczna","tag-min-stefan-kozlowski","tag-pawel-adamowicz","tag-plac-wymiany-pozytywnej","tag-prof-miroslaw-dakowski","tag-protesty","tag-ruch-wolnosc-i-pokoj","tag-solidarnosc-walczaca","tag-tomasz-belfer-burek","tag-zarnobyl","tag-zbyszek-sajnog","tag-zomo"],"yoast_head":"<!-- This site is optimized with the Yoast SEO plugin v25.1 - https:\/\/yoast.com\/wordpress\/plugins\/seo\/ -->\n<title>(Polski) KAMPANIA PRZECIWKO ELEKTROWNI ATOMOWEJ W \u017bARNOWCU - wspomnienia Tomasza &quot;Belfra&quot; Burka  - SI\u0118 MY\u015aLI<\/title>\n<meta name=\"robots\" content=\"index, follow, max-snippet:-1, max-image-preview:large, max-video-preview:-1\" \/>\n<link rel=\"canonical\" href=\"https:\/\/siemysli-ke.info\/de\/kampania-przeciwko-elektrowni-atomowej-w-zarnowcu-wspomnienia-tomasza-belfra-burka\/\" \/>\n<meta property=\"og:locale\" content=\"de_DE\" \/>\n<meta property=\"og:type\" content=\"article\" \/>\n<meta property=\"og:title\" content=\"(Polski) KAMPANIA PRZECIWKO ELEKTROWNI ATOMOWEJ W \u017bARNOWCU - wspomnienia Tomasza &quot;Belfra&quot; Burka  - SI\u0118 MY\u015aLI\" \/>\n<meta property=\"og:description\" content=\"Leider ist der Eintrag nur auf Polski verf\u00fcgbar.\" \/>\n<meta property=\"og:url\" content=\"https:\/\/siemysli-ke.info\/de\/kampania-przeciwko-elektrowni-atomowej-w-zarnowcu-wspomnienia-tomasza-belfra-burka\/\" \/>\n<meta property=\"og:site_name\" content=\"SI\u0118 MY\u015aLI\" \/>\n<meta property=\"article:published_time\" content=\"2015-11-11T22:03:17+00:00\" \/>\n<meta property=\"og:image\" content=\"https:\/\/siemysli-ke.info\/wp-content\/uploads\/2015\/11\/z1.jpg\" \/>\n\t<meta property=\"og:image:width\" content=\"474\" \/>\n\t<meta property=\"og:image:height\" content=\"683\" \/>\n\t<meta property=\"og:image:type\" content=\"image\/jpeg\" \/>\n<meta name=\"author\" content=\"...\" \/>\n<meta name=\"twitter:label1\" content=\"Verfasst von\" \/>\n\t<meta name=\"twitter:data1\" content=\"...\" \/>\n\t<meta name=\"twitter:label2\" content=\"Gesch\u00e4tzte Lesezeit\" \/>\n\t<meta name=\"twitter:data2\" content=\"86\u00a0Minuten\" \/>\n<script type=\"application\/ld+json\" class=\"yoast-schema-graph\">{\"@context\":\"https:\/\/schema.org\",\"@graph\":[{\"@type\":\"Article\",\"@id\":\"https:\/\/siemysli-ke.info\/de\/kampania-przeciwko-elektrowni-atomowej-w-zarnowcu-wspomnienia-tomasza-belfra-burka\/#article\",\"isPartOf\":{\"@id\":\"https:\/\/siemysli-ke.info\/de\/kampania-przeciwko-elektrowni-atomowej-w-zarnowcu-wspomnienia-tomasza-belfra-burka\/\"},\"author\":{\"name\":\"...\",\"@id\":\"https:\/\/siemysli-ke.info\/#\/schema\/person\/75326687448d6abf738b156f56385210\"},\"headline\":\"(Polski) KAMPANIA PRZECIWKO ELEKTROWNI ATOMOWEJ W \u017bARNOWCU &#8211; wspomnienia Tomasza &#8222;Belfra&#8220; Burka\",\"datePublished\":\"2015-11-11T22:03:17+00:00\",\"mainEntityOfPage\":{\"@id\":\"https:\/\/siemysli-ke.info\/de\/kampania-przeciwko-elektrowni-atomowej-w-zarnowcu-wspomnienia-tomasza-belfra-burka\/\"},\"wordCount\":17264,\"commentCount\":2,\"publisher\":{\"@id\":\"https:\/\/siemysli-ke.info\/#organization\"},\"image\":{\"@id\":\"https:\/\/siemysli-ke.info\/de\/kampania-przeciwko-elektrowni-atomowej-w-zarnowcu-wspomnienia-tomasza-belfra-burka\/#primaryimage\"},\"thumbnailUrl\":\"https:\/\/siemysli-ke.info\/wp-content\/uploads\/2015\/11\/z1.jpg\",\"keywords\":[\"\\\"Inny \u015awiat\\\"\",\"Babie Do\u0142y\",\"breaking\",\"Czernobyl\",\"Czorsztyn - Tama Tamie\",\"EA \u017barnowiec\",\"Franciszka\u0144ski Ruch Ekologiczny\",\"Gda\u0144sk\",\"hala Olivii\",\"headline\",\"Janusz Jany Waluszko\",\"Komitety Wrzeszcza\u0144skie\",\"Mi\u0119dzymiast\u00f3wka Anarchistyczna\",\"min. Stefan Koz\u0142owski\",\"Pawe\u0142 Adamowicz\",\"Plac Wymiany Pozytywnej\",\"prof. Miros\u0142aw Dakowski\",\"protesty\",\"ruch Wolno\u015b\u0107 i Pok\u00f3j\",\"Solidarno\u015b\u0107 Walcz\u0105ca\",\"Tomasz Belfer Burek\",\"\u017barnobyl\",\"Zbyszek Sajn\u00f3g\",\"ZOMO\"],\"articleSection\":[\"Ochrona \u015brodowiska\",\"Rzeczypospolita\"],\"inLanguage\":\"de\",\"potentialAction\":[{\"@type\":\"CommentAction\",\"name\":\"Comment\",\"target\":[\"https:\/\/siemysli-ke.info\/de\/kampania-przeciwko-elektrowni-atomowej-w-zarnowcu-wspomnienia-tomasza-belfra-burka\/#respond\"]}]},{\"@type\":\"WebPage\",\"@id\":\"https:\/\/siemysli-ke.info\/de\/kampania-przeciwko-elektrowni-atomowej-w-zarnowcu-wspomnienia-tomasza-belfra-burka\/\",\"url\":\"https:\/\/siemysli-ke.info\/de\/kampania-przeciwko-elektrowni-atomowej-w-zarnowcu-wspomnienia-tomasza-belfra-burka\/\",\"name\":\"(Polski) KAMPANIA PRZECIWKO ELEKTROWNI ATOMOWEJ W \u017bARNOWCU - wspomnienia Tomasza \\\"Belfra\\\" Burka  - SI\u0118 MY\u015aLI\",\"isPartOf\":{\"@id\":\"https:\/\/siemysli-ke.info\/de\/#website\"},\"primaryImageOfPage\":{\"@id\":\"https:\/\/siemysli-ke.info\/de\/kampania-przeciwko-elektrowni-atomowej-w-zarnowcu-wspomnienia-tomasza-belfra-burka\/#primaryimage\"},\"image\":{\"@id\":\"https:\/\/siemysli-ke.info\/de\/kampania-przeciwko-elektrowni-atomowej-w-zarnowcu-wspomnienia-tomasza-belfra-burka\/#primaryimage\"},\"thumbnailUrl\":\"https:\/\/siemysli-ke.info\/wp-content\/uploads\/2015\/11\/z1.jpg\",\"datePublished\":\"2015-11-11T22:03:17+00:00\",\"breadcrumb\":{\"@id\":\"https:\/\/siemysli-ke.info\/de\/kampania-przeciwko-elektrowni-atomowej-w-zarnowcu-wspomnienia-tomasza-belfra-burka\/#breadcrumb\"},\"inLanguage\":\"de\",\"potentialAction\":[{\"@type\":\"ReadAction\",\"target\":[[\"https:\/\/siemysli-ke.info\/de\/kampania-przeciwko-elektrowni-atomowej-w-zarnowcu-wspomnienia-tomasza-belfra-burka\/\"]]}]},{\"@type\":\"ImageObject\",\"inLanguage\":\"de\",\"@id\":\"https:\/\/siemysli-ke.info\/de\/kampania-przeciwko-elektrowni-atomowej-w-zarnowcu-wspomnienia-tomasza-belfra-burka\/#primaryimage\",\"url\":\"https:\/\/siemysli-ke.info\/wp-content\/uploads\/2015\/11\/z1.jpg\",\"contentUrl\":\"https:\/\/siemysli-ke.info\/wp-content\/uploads\/2015\/11\/z1.jpg\",\"width\":474,\"height\":683},{\"@type\":\"BreadcrumbList\",\"@id\":\"https:\/\/siemysli-ke.info\/de\/kampania-przeciwko-elektrowni-atomowej-w-zarnowcu-wspomnienia-tomasza-belfra-burka\/#breadcrumb\",\"itemListElement\":[{\"@type\":\"ListItem\",\"position\":1,\"name\":\"Home\",\"item\":\"https:\/\/siemysli-ke.info\/de\/\"},{\"@type\":\"ListItem\",\"position\":2,\"name\":\"(Polski) KAMPANIA PRZECIWKO ELEKTROWNI ATOMOWEJ W \u017bARNOWCU &#8211; wspomnienia Tomasza &#8222;Belfra&#8220; Burka\"}]},{\"@type\":\"WebSite\",\"@id\":\"https:\/\/siemysli-ke.info\/de\/#website\",\"url\":\"https:\/\/siemysli-ke.info\/de\/\",\"name\":\"SI\u0118 MY\u015aLI\",\"description\":\"\",\"publisher\":{\"@id\":\"https:\/\/siemysli-ke.info\/de\/#organization\"},\"potentialAction\":[{\"@type\":\"SearchAction\",\"target\":{\"@type\":\"EntryPoint\",\"urlTemplate\":\"https:\/\/siemysli-ke.info\/de\/?s={search_term_string}\"},\"query-input\":{\"@type\":\"PropertyValueSpecification\",\"valueRequired\":true,\"valueName\":\"search_term_string\"}}],\"inLanguage\":\"de\"},{\"@type\":\"Organization\",\"@id\":\"https:\/\/siemysli-ke.info\/de\/#organization\",\"name\":\"SI\u0118 MY\u015aLI\",\"url\":\"https:\/\/siemysli-ke.info\/de\/\",\"logo\":{\"@type\":\"ImageObject\",\"inLanguage\":\"de\",\"@id\":\"https:\/\/siemysli-ke.info\/de\/#\/schema\/logo\/image\/\",\"url\":\"https:\/\/siemysli-ke.info\/wp-content\/uploads\/2025\/05\/99.png\",\"contentUrl\":\"https:\/\/siemysli-ke.info\/wp-content\/uploads\/2025\/05\/99.png\",\"width\":270,\"height\":204,\"caption\":\"SI\u0118 MY\u015aLI\"},\"image\":{\"@id\":\"https:\/\/siemysli-ke.info\/de\/#\/schema\/logo\/image\/\"}},{\"@type\":\"Person\",\"@id\":\"https:\/\/siemysli-ke.info\/#\/schema\/person\/75326687448d6abf738b156f56385210\",\"name\":\"...\",\"image\":{\"@type\":\"ImageObject\",\"inLanguage\":\"de\",\"@id\":\"https:\/\/siemysli-ke.info\/de\/#\/schema\/person\/image\/\",\"url\":\"https:\/\/secure.gravatar.com\/avatar\/33a3c2559155e1b4add65cf88cafda785aeb920f44b97c7055b07866ab5b13c2?s=96&d=mm&r=g\",\"contentUrl\":\"https:\/\/secure.gravatar.com\/avatar\/33a3c2559155e1b4add65cf88cafda785aeb920f44b97c7055b07866ab5b13c2?s=96&d=mm&r=g\",\"caption\":\"...\"},\"url\":\"https:\/\/siemysli-ke.info\/de\/author\/lele\/\"}]}<\/script>\n<!-- \/ Yoast SEO plugin. -->","yoast_head_json":{"title":"(Polski) KAMPANIA PRZECIWKO ELEKTROWNI ATOMOWEJ W \u017bARNOWCU - wspomnienia Tomasza \"Belfra\" Burka  - SI\u0118 MY\u015aLI","robots":{"index":"index","follow":"follow","max-snippet":"max-snippet:-1","max-image-preview":"max-image-preview:large","max-video-preview":"max-video-preview:-1"},"canonical":"https:\/\/siemysli-ke.info\/de\/kampania-przeciwko-elektrowni-atomowej-w-zarnowcu-wspomnienia-tomasza-belfra-burka\/","og_locale":"de_DE","og_type":"article","og_title":"(Polski) KAMPANIA PRZECIWKO ELEKTROWNI ATOMOWEJ W \u017bARNOWCU - wspomnienia Tomasza \"Belfra\" Burka  - SI\u0118 MY\u015aLI","og_description":"Leider ist der Eintrag nur auf Polski verf\u00fcgbar.","og_url":"https:\/\/siemysli-ke.info\/de\/kampania-przeciwko-elektrowni-atomowej-w-zarnowcu-wspomnienia-tomasza-belfra-burka\/","og_site_name":"SI\u0118 MY\u015aLI","article_published_time":"2015-11-11T22:03:17+00:00","og_image":[{"width":474,"height":683,"url":"https:\/\/siemysli-ke.info\/wp-content\/uploads\/2015\/11\/z1.jpg","type":"image\/jpeg"}],"author":"...","twitter_misc":{"Verfasst von":"...","Gesch\u00e4tzte Lesezeit":"86\u00a0Minuten"},"schema":{"@context":"https:\/\/schema.org","@graph":[{"@type":"Article","@id":"https:\/\/siemysli-ke.info\/de\/kampania-przeciwko-elektrowni-atomowej-w-zarnowcu-wspomnienia-tomasza-belfra-burka\/#article","isPartOf":{"@id":"https:\/\/siemysli-ke.info\/de\/kampania-przeciwko-elektrowni-atomowej-w-zarnowcu-wspomnienia-tomasza-belfra-burka\/"},"author":{"name":"...","@id":"https:\/\/siemysli-ke.info\/#\/schema\/person\/75326687448d6abf738b156f56385210"},"headline":"(Polski) KAMPANIA PRZECIWKO ELEKTROWNI ATOMOWEJ W \u017bARNOWCU &#8211; wspomnienia Tomasza &#8222;Belfra&#8220; Burka","datePublished":"2015-11-11T22:03:17+00:00","mainEntityOfPage":{"@id":"https:\/\/siemysli-ke.info\/de\/kampania-przeciwko-elektrowni-atomowej-w-zarnowcu-wspomnienia-tomasza-belfra-burka\/"},"wordCount":17264,"commentCount":2,"publisher":{"@id":"https:\/\/siemysli-ke.info\/#organization"},"image":{"@id":"https:\/\/siemysli-ke.info\/de\/kampania-przeciwko-elektrowni-atomowej-w-zarnowcu-wspomnienia-tomasza-belfra-burka\/#primaryimage"},"thumbnailUrl":"https:\/\/siemysli-ke.info\/wp-content\/uploads\/2015\/11\/z1.jpg","keywords":["\"Inny \u015awiat\"","Babie Do\u0142y","breaking","Czernobyl","Czorsztyn - Tama Tamie","EA \u017barnowiec","Franciszka\u0144ski Ruch Ekologiczny","Gda\u0144sk","hala Olivii","headline","Janusz Jany Waluszko","Komitety Wrzeszcza\u0144skie","Mi\u0119dzymiast\u00f3wka Anarchistyczna","min. Stefan Koz\u0142owski","Pawe\u0142 Adamowicz","Plac Wymiany Pozytywnej","prof. Miros\u0142aw Dakowski","protesty","ruch Wolno\u015b\u0107 i Pok\u00f3j","Solidarno\u015b\u0107 Walcz\u0105ca","Tomasz Belfer Burek","\u017barnobyl","Zbyszek Sajn\u00f3g","ZOMO"],"articleSection":["Ochrona \u015brodowiska","Rzeczypospolita"],"inLanguage":"de","potentialAction":[{"@type":"CommentAction","name":"Comment","target":["https:\/\/siemysli-ke.info\/de\/kampania-przeciwko-elektrowni-atomowej-w-zarnowcu-wspomnienia-tomasza-belfra-burka\/#respond"]}]},{"@type":"WebPage","@id":"https:\/\/siemysli-ke.info\/de\/kampania-przeciwko-elektrowni-atomowej-w-zarnowcu-wspomnienia-tomasza-belfra-burka\/","url":"https:\/\/siemysli-ke.info\/de\/kampania-przeciwko-elektrowni-atomowej-w-zarnowcu-wspomnienia-tomasza-belfra-burka\/","name":"(Polski) KAMPANIA PRZECIWKO ELEKTROWNI ATOMOWEJ W \u017bARNOWCU - wspomnienia Tomasza \"Belfra\" Burka  - SI\u0118 MY\u015aLI","isPartOf":{"@id":"https:\/\/siemysli-ke.info\/de\/#website"},"primaryImageOfPage":{"@id":"https:\/\/siemysli-ke.info\/de\/kampania-przeciwko-elektrowni-atomowej-w-zarnowcu-wspomnienia-tomasza-belfra-burka\/#primaryimage"},"image":{"@id":"https:\/\/siemysli-ke.info\/de\/kampania-przeciwko-elektrowni-atomowej-w-zarnowcu-wspomnienia-tomasza-belfra-burka\/#primaryimage"},"thumbnailUrl":"https:\/\/siemysli-ke.info\/wp-content\/uploads\/2015\/11\/z1.jpg","datePublished":"2015-11-11T22:03:17+00:00","breadcrumb":{"@id":"https:\/\/siemysli-ke.info\/de\/kampania-przeciwko-elektrowni-atomowej-w-zarnowcu-wspomnienia-tomasza-belfra-burka\/#breadcrumb"},"inLanguage":"de","potentialAction":[{"@type":"ReadAction","target":[["https:\/\/siemysli-ke.info\/de\/kampania-przeciwko-elektrowni-atomowej-w-zarnowcu-wspomnienia-tomasza-belfra-burka\/"]]}]},{"@type":"ImageObject","inLanguage":"de","@id":"https:\/\/siemysli-ke.info\/de\/kampania-przeciwko-elektrowni-atomowej-w-zarnowcu-wspomnienia-tomasza-belfra-burka\/#primaryimage","url":"https:\/\/siemysli-ke.info\/wp-content\/uploads\/2015\/11\/z1.jpg","contentUrl":"https:\/\/siemysli-ke.info\/wp-content\/uploads\/2015\/11\/z1.jpg","width":474,"height":683},{"@type":"BreadcrumbList","@id":"https:\/\/siemysli-ke.info\/de\/kampania-przeciwko-elektrowni-atomowej-w-zarnowcu-wspomnienia-tomasza-belfra-burka\/#breadcrumb","itemListElement":[{"@type":"ListItem","position":1,"name":"Home","item":"https:\/\/siemysli-ke.info\/de\/"},{"@type":"ListItem","position":2,"name":"(Polski) KAMPANIA PRZECIWKO ELEKTROWNI ATOMOWEJ W \u017bARNOWCU &#8211; wspomnienia Tomasza &#8222;Belfra&#8220; Burka"}]},{"@type":"WebSite","@id":"https:\/\/siemysli-ke.info\/de\/#website","url":"https:\/\/siemysli-ke.info\/de\/","name":"SI\u0118 MY\u015aLI","description":"","publisher":{"@id":"https:\/\/siemysli-ke.info\/de\/#organization"},"potentialAction":[{"@type":"SearchAction","target":{"@type":"EntryPoint","urlTemplate":"https:\/\/siemysli-ke.info\/de\/?s={search_term_string}"},"query-input":{"@type":"PropertyValueSpecification","valueRequired":true,"valueName":"search_term_string"}}],"inLanguage":"de"},{"@type":"Organization","@id":"https:\/\/siemysli-ke.info\/de\/#organization","name":"SI\u0118 MY\u015aLI","url":"https:\/\/siemysli-ke.info\/de\/","logo":{"@type":"ImageObject","inLanguage":"de","@id":"https:\/\/siemysli-ke.info\/de\/#\/schema\/logo\/image\/","url":"https:\/\/siemysli-ke.info\/wp-content\/uploads\/2025\/05\/99.png","contentUrl":"https:\/\/siemysli-ke.info\/wp-content\/uploads\/2025\/05\/99.png","width":270,"height":204,"caption":"SI\u0118 MY\u015aLI"},"image":{"@id":"https:\/\/siemysli-ke.info\/de\/#\/schema\/logo\/image\/"}},{"@type":"Person","@id":"https:\/\/siemysli-ke.info\/#\/schema\/person\/75326687448d6abf738b156f56385210","name":"...","image":{"@type":"ImageObject","inLanguage":"de","@id":"https:\/\/siemysli-ke.info\/de\/#\/schema\/person\/image\/","url":"https:\/\/secure.gravatar.com\/avatar\/33a3c2559155e1b4add65cf88cafda785aeb920f44b97c7055b07866ab5b13c2?s=96&d=mm&r=g","contentUrl":"https:\/\/secure.gravatar.com\/avatar\/33a3c2559155e1b4add65cf88cafda785aeb920f44b97c7055b07866ab5b13c2?s=96&d=mm&r=g","caption":"..."},"url":"https:\/\/siemysli-ke.info\/de\/author\/lele\/"}]}},"_links":{"self":[{"href":"https:\/\/siemysli-ke.info\/de\/wp-json\/wp\/v2\/posts\/17393","targetHints":{"allow":["GET"]}}],"collection":[{"href":"https:\/\/siemysli-ke.info\/de\/wp-json\/wp\/v2\/posts"}],"about":[{"href":"https:\/\/siemysli-ke.info\/de\/wp-json\/wp\/v2\/types\/post"}],"author":[{"embeddable":true,"href":"https:\/\/siemysli-ke.info\/de\/wp-json\/wp\/v2\/users\/3"}],"replies":[{"embeddable":true,"href":"https:\/\/siemysli-ke.info\/de\/wp-json\/wp\/v2\/comments?post=17393"}],"version-history":[{"count":0,"href":"https:\/\/siemysli-ke.info\/de\/wp-json\/wp\/v2\/posts\/17393\/revisions"}],"wp:featuredmedia":[{"embeddable":true,"href":"https:\/\/siemysli-ke.info\/de\/wp-json\/wp\/v2\/media\/17394"}],"wp:attachment":[{"href":"https:\/\/siemysli-ke.info\/de\/wp-json\/wp\/v2\/media?parent=17393"}],"wp:term":[{"taxonomy":"category","embeddable":true,"href":"https:\/\/siemysli-ke.info\/de\/wp-json\/wp\/v2\/categories?post=17393"},{"taxonomy":"post_tag","embeddable":true,"href":"https:\/\/siemysli-ke.info\/de\/wp-json\/wp\/v2\/tags?post=17393"}],"curies":[{"name":"wp","href":"https:\/\/api.w.org\/{rel}","templated":true}]}}