 {"id":17245,"date":"2015-10-28T13:54:16","date_gmt":"2015-10-28T12:54:16","guid":{"rendered":"http:\/\/www.siemysli.info.ke\/?p=17245"},"modified":"2015-10-28T21:15:18","modified_gmt":"2015-10-28T20:15:18","slug":"wybory-dobrze-ale-co-dalej","status":"publish","type":"post","link":"https:\/\/siemysli-ke.info\/de\/wybory-dobrze-ale-co-dalej\/","title":{"rendered":"(Polski) Wybory? Dobrze &#8211; ale co dalej..?"},"content":{"rendered":"<p class=\"qtranxs-available-languages-message qtranxs-available-languages-message-de\">Leider ist der Eintrag nur auf <a href=\"https:\/\/siemysli-ke.info\/pl\/wp-json\/wp\/v2\/posts\/17245\" class=\"qtranxs-available-language-link qtranxs-available-language-link-pl\" title=\"Polski\">Polski<\/a> verf\u00fcgbar.<\/p>","protected":false},"excerpt":{"rendered":"<p>Leider ist der Eintrag nur auf Polski verf\u00fcgbar.<\/p>\n","protected":false},"author":3,"featured_media":17247,"comment_status":"open","ping_status":"open","sticky":false,"template":"","format":"standard","meta":{"colormag_page_layout":"default_layout","footnotes":""},"categories":[7,81],"tags":[89,515,92,3356,212,3359,3353,3358,3363,304,3362,3360,3352,3354,3357,3351,2095,3355,2231,548,3361],"class_list":["post-17245","post","type-post","status-publish","format-standard","has-post-thumbnail","hentry","category-gospodarka","category-rzeczpospolita","tag-breaking","tag-demokracja","tag-headline","tag-jerzy-gorzelik","tag-konstytucja-rp","tag-korwin","tag-kukiz15","tag-kww-zjednoczeni-dla-slaska","tag-leaderzy-psl","tag-lech-l-przychodzki","tag-pawlak","tag-piechocinski","tag-posel-bury","tag-powiesc-sf","tag-ruch-autonomii-slaska","tag-stefan-niesiolowski","tag-wisla","tag-wojciech-hermelinski","tag-wybory-2015","tag-zielona-gora","tag-zych"],"yoast_head":"<!-- This site is optimized with the Yoast SEO plugin v25.1 - https:\/\/yoast.com\/wordpress\/plugins\/seo\/ -->\n<title>(Polski) Wybory? Dobrze - ale co dalej..? - SI\u0118 MY\u015aLI<\/title>\n<meta name=\"robots\" content=\"index, follow, max-snippet:-1, max-image-preview:large, max-video-preview:-1\" \/>\n<link rel=\"canonical\" href=\"https:\/\/siemysli-ke.info\/de\/wybory-dobrze-ale-co-dalej\/\" \/>\n<meta property=\"og:locale\" content=\"de_DE\" \/>\n<meta property=\"og:type\" content=\"article\" \/>\n<meta property=\"og:title\" content=\"(Polski) Wybory? Dobrze - ale co dalej..? - SI\u0118 MY\u015aLI\" \/>\n<meta property=\"og:description\" content=\"Leider ist der Eintrag nur auf Polski verf\u00fcgbar.\" \/>\n<meta property=\"og:url\" content=\"https:\/\/siemysli-ke.info\/de\/wybory-dobrze-ale-co-dalej\/\" \/>\n<meta property=\"og:site_name\" content=\"SI\u0118 MY\u015aLI\" \/>\n<meta property=\"article:published_time\" content=\"2015-10-28T12:54:16+00:00\" \/>\n<meta property=\"article:modified_time\" content=\"2015-10-28T20:15:18+00:00\" \/>\n<meta property=\"og:image\" content=\"https:\/\/siemysli-ke.info\/wp-content\/uploads\/2015\/10\/100_3017.jpg\" \/>\n\t<meta property=\"og:image:width\" content=\"2576\" \/>\n\t<meta property=\"og:image:height\" content=\"1932\" \/>\n\t<meta property=\"og:image:type\" content=\"image\/jpeg\" \/>\n<meta name=\"author\" content=\"...\" \/>\n<meta name=\"twitter:label1\" content=\"Verfasst von\" \/>\n\t<meta name=\"twitter:data1\" content=\"...\" \/>\n\t<meta name=\"twitter:label2\" content=\"Gesch\u00e4tzte Lesezeit\" \/>\n\t<meta name=\"twitter:data2\" content=\"6\u00a0Minuten\" \/>\n<script type=\"application\/ld+json\" class=\"yoast-schema-graph\">{\"@context\":\"https:\/\/schema.org\",\"@graph\":[{\"@type\":\"Article\",\"@id\":\"https:\/\/siemysli-ke.info\/de\/wybory-dobrze-ale-co-dalej\/#article\",\"isPartOf\":{\"@id\":\"https:\/\/siemysli-ke.info\/de\/wybory-dobrze-ale-co-dalej\/\"},\"author\":{\"name\":\"...\",\"@id\":\"https:\/\/siemysli-ke.info\/#\/schema\/person\/75326687448d6abf738b156f56385210\"},\"headline\":\"(Polski) Wybory? Dobrze &#8211; ale co dalej..?\",\"datePublished\":\"2015-10-28T12:54:16+00:00\",\"dateModified\":\"2015-10-28T20:15:18+00:00\",\"mainEntityOfPage\":{\"@id\":\"https:\/\/siemysli-ke.info\/de\/wybory-dobrze-ale-co-dalej\/\"},\"wordCount\":1239,\"commentCount\":0,\"publisher\":{\"@id\":\"https:\/\/siemysli-ke.info\/#organization\"},\"image\":{\"@id\":\"https:\/\/siemysli-ke.info\/de\/wybory-dobrze-ale-co-dalej\/#primaryimage\"},\"thumbnailUrl\":\"https:\/\/siemysli-ke.info\/wp-content\/uploads\/2015\/10\/100_3017.jpg\",\"keywords\":[\"breaking\",\"demokracja\",\"headline\",\"Jerzy Gorzelik\",\"Konstytucja RP\",\"KORWiN\",\"Kukiz'15\",\"KWW Zjednoczeni dla \u015al\u0105ska\",\"leaderzy PSL\",\"Lech L. Przychodzki\",\"Pawlak\",\"Piechoci\u0144ski\",\"pose\u0142 Bury\",\"powie\u015b\u0107 SF\",\"Ruch Autonomii \u015al\u0105ska\",\"Stefan Niesio\u0142owski\",\"Wis\u0142a\",\"Wojciech Hermeli\u0144ski\",\"Wybory 2015\",\"Zielona G\u00f3ra\",\"Zych\"],\"articleSection\":[\"Gospodarka i polityka\",\"Rzeczypospolita\"],\"inLanguage\":\"de\",\"potentialAction\":[{\"@type\":\"CommentAction\",\"name\":\"Comment\",\"target\":[\"https:\/\/siemysli-ke.info\/de\/wybory-dobrze-ale-co-dalej\/#respond\"]}]},{\"@type\":\"WebPage\",\"@id\":\"https:\/\/siemysli-ke.info\/de\/wybory-dobrze-ale-co-dalej\/\",\"url\":\"https:\/\/siemysli-ke.info\/de\/wybory-dobrze-ale-co-dalej\/\",\"name\":\"(Polski) Wybory? Dobrze - ale co dalej..? - SI\u0118 MY\u015aLI\",\"isPartOf\":{\"@id\":\"https:\/\/siemysli-ke.info\/de\/#website\"},\"primaryImageOfPage\":{\"@id\":\"https:\/\/siemysli-ke.info\/de\/wybory-dobrze-ale-co-dalej\/#primaryimage\"},\"image\":{\"@id\":\"https:\/\/siemysli-ke.info\/de\/wybory-dobrze-ale-co-dalej\/#primaryimage\"},\"thumbnailUrl\":\"https:\/\/siemysli-ke.info\/wp-content\/uploads\/2015\/10\/100_3017.jpg\",\"datePublished\":\"2015-10-28T12:54:16+00:00\",\"dateModified\":\"2015-10-28T20:15:18+00:00\",\"breadcrumb\":{\"@id\":\"https:\/\/siemysli-ke.info\/de\/wybory-dobrze-ale-co-dalej\/#breadcrumb\"},\"inLanguage\":\"de\",\"potentialAction\":[{\"@type\":\"ReadAction\",\"target\":[[\"https:\/\/siemysli-ke.info\/de\/wybory-dobrze-ale-co-dalej\/\"]]}]},{\"@type\":\"ImageObject\",\"inLanguage\":\"de\",\"@id\":\"https:\/\/siemysli-ke.info\/de\/wybory-dobrze-ale-co-dalej\/#primaryimage\",\"url\":\"https:\/\/siemysli-ke.info\/wp-content\/uploads\/2015\/10\/100_3017.jpg\",\"contentUrl\":\"https:\/\/siemysli-ke.info\/wp-content\/uploads\/2015\/10\/100_3017.jpg\",\"width\":2576,\"height\":1932},{\"@type\":\"BreadcrumbList\",\"@id\":\"https:\/\/siemysli-ke.info\/de\/wybory-dobrze-ale-co-dalej\/#breadcrumb\",\"itemListElement\":[{\"@type\":\"ListItem\",\"position\":1,\"name\":\"Home\",\"item\":\"https:\/\/siemysli-ke.info\/de\/\"},{\"@type\":\"ListItem\",\"position\":2,\"name\":\"(Polski) Wybory? Dobrze &#8211; ale co dalej..?\"}]},{\"@type\":\"WebSite\",\"@id\":\"https:\/\/siemysli-ke.info\/de\/#website\",\"url\":\"https:\/\/siemysli-ke.info\/de\/\",\"name\":\"SI\u0118 MY\u015aLI\",\"description\":\"\",\"publisher\":{\"@id\":\"https:\/\/siemysli-ke.info\/de\/#organization\"},\"potentialAction\":[{\"@type\":\"SearchAction\",\"target\":{\"@type\":\"EntryPoint\",\"urlTemplate\":\"https:\/\/siemysli-ke.info\/de\/?s={search_term_string}\"},\"query-input\":{\"@type\":\"PropertyValueSpecification\",\"valueRequired\":true,\"valueName\":\"search_term_string\"}}],\"inLanguage\":\"de\"},{\"@type\":\"Organization\",\"@id\":\"https:\/\/siemysli-ke.info\/de\/#organization\",\"name\":\"SI\u0118 MY\u015aLI\",\"url\":\"https:\/\/siemysli-ke.info\/de\/\",\"logo\":{\"@type\":\"ImageObject\",\"inLanguage\":\"de\",\"@id\":\"https:\/\/siemysli-ke.info\/de\/#\/schema\/logo\/image\/\",\"url\":\"https:\/\/siemysli-ke.info\/wp-content\/uploads\/2025\/05\/99.png\",\"contentUrl\":\"https:\/\/siemysli-ke.info\/wp-content\/uploads\/2025\/05\/99.png\",\"width\":270,\"height\":204,\"caption\":\"SI\u0118 MY\u015aLI\"},\"image\":{\"@id\":\"https:\/\/siemysli-ke.info\/de\/#\/schema\/logo\/image\/\"}},{\"@type\":\"Person\",\"@id\":\"https:\/\/siemysli-ke.info\/#\/schema\/person\/75326687448d6abf738b156f56385210\",\"name\":\"...\",\"image\":{\"@type\":\"ImageObject\",\"inLanguage\":\"de\",\"@id\":\"https:\/\/siemysli-ke.info\/de\/#\/schema\/person\/image\/\",\"url\":\"https:\/\/secure.gravatar.com\/avatar\/33a3c2559155e1b4add65cf88cafda785aeb920f44b97c7055b07866ab5b13c2?s=96&d=mm&r=g\",\"contentUrl\":\"https:\/\/secure.gravatar.com\/avatar\/33a3c2559155e1b4add65cf88cafda785aeb920f44b97c7055b07866ab5b13c2?s=96&d=mm&r=g\",\"caption\":\"...\"},\"url\":\"https:\/\/siemysli-ke.info\/de\/author\/lele\/\"}]}<\/script>\n<!-- \/ Yoast SEO plugin. -->","yoast_head_json":{"title":"(Polski) Wybory? Dobrze - ale co dalej..? - SI\u0118 MY\u015aLI","robots":{"index":"index","follow":"follow","max-snippet":"max-snippet:-1","max-image-preview":"max-image-preview:large","max-video-preview":"max-video-preview:-1"},"canonical":"https:\/\/siemysli-ke.info\/de\/wybory-dobrze-ale-co-dalej\/","og_locale":"de_DE","og_type":"article","og_title":"(Polski) Wybory? Dobrze - ale co dalej..? - SI\u0118 MY\u015aLI","og_description":"Leider ist der Eintrag nur auf Polski verf\u00fcgbar.","og_url":"https:\/\/siemysli-ke.info\/de\/wybory-dobrze-ale-co-dalej\/","og_site_name":"SI\u0118 MY\u015aLI","article_published_time":"2015-10-28T12:54:16+00:00","article_modified_time":"2015-10-28T20:15:18+00:00","og_image":[{"width":2576,"height":1932,"url":"https:\/\/siemysli-ke.info\/wp-content\/uploads\/2015\/10\/100_3017.jpg","type":"image\/jpeg"}],"author":"...","twitter_misc":{"Verfasst von":"...","Gesch\u00e4tzte Lesezeit":"6\u00a0Minuten"},"schema":{"@context":"https:\/\/schema.org","@graph":[{"@type":"Article","@id":"https:\/\/siemysli-ke.info\/de\/wybory-dobrze-ale-co-dalej\/#article","isPartOf":{"@id":"https:\/\/siemysli-ke.info\/de\/wybory-dobrze-ale-co-dalej\/"},"author":{"name":"...","@id":"https:\/\/siemysli-ke.info\/#\/schema\/person\/75326687448d6abf738b156f56385210"},"headline":"(Polski) Wybory? Dobrze &#8211; ale co dalej..?","datePublished":"2015-10-28T12:54:16+00:00","dateModified":"2015-10-28T20:15:18+00:00","mainEntityOfPage":{"@id":"https:\/\/siemysli-ke.info\/de\/wybory-dobrze-ale-co-dalej\/"},"wordCount":1239,"commentCount":0,"publisher":{"@id":"https:\/\/siemysli-ke.info\/#organization"},"image":{"@id":"https:\/\/siemysli-ke.info\/de\/wybory-dobrze-ale-co-dalej\/#primaryimage"},"thumbnailUrl":"https:\/\/siemysli-ke.info\/wp-content\/uploads\/2015\/10\/100_3017.jpg","keywords":["breaking","demokracja","headline","Jerzy Gorzelik","Konstytucja RP","KORWiN","Kukiz'15","KWW Zjednoczeni dla \u015al\u0105ska","leaderzy PSL","Lech L. Przychodzki","Pawlak","Piechoci\u0144ski","pose\u0142 Bury","powie\u015b\u0107 SF","Ruch Autonomii \u015al\u0105ska","Stefan Niesio\u0142owski","Wis\u0142a","Wojciech Hermeli\u0144ski","Wybory 2015","Zielona G\u00f3ra","Zych"],"articleSection":["Gospodarka i polityka","Rzeczypospolita"],"inLanguage":"de","potentialAction":[{"@type":"CommentAction","name":"Comment","target":["https:\/\/siemysli-ke.info\/de\/wybory-dobrze-ale-co-dalej\/#respond"]}]},{"@type":"WebPage","@id":"https:\/\/siemysli-ke.info\/de\/wybory-dobrze-ale-co-dalej\/","url":"https:\/\/siemysli-ke.info\/de\/wybory-dobrze-ale-co-dalej\/","name":"(Polski) Wybory? Dobrze - ale co dalej..? - SI\u0118 MY\u015aLI","isPartOf":{"@id":"https:\/\/siemysli-ke.info\/de\/#website"},"primaryImageOfPage":{"@id":"https:\/\/siemysli-ke.info\/de\/wybory-dobrze-ale-co-dalej\/#primaryimage"},"image":{"@id":"https:\/\/siemysli-ke.info\/de\/wybory-dobrze-ale-co-dalej\/#primaryimage"},"thumbnailUrl":"https:\/\/siemysli-ke.info\/wp-content\/uploads\/2015\/10\/100_3017.jpg","datePublished":"2015-10-28T12:54:16+00:00","dateModified":"2015-10-28T20:15:18+00:00","breadcrumb":{"@id":"https:\/\/siemysli-ke.info\/de\/wybory-dobrze-ale-co-dalej\/#breadcrumb"},"inLanguage":"de","potentialAction":[{"@type":"ReadAction","target":[["https:\/\/siemysli-ke.info\/de\/wybory-dobrze-ale-co-dalej\/"]]}]},{"@type":"ImageObject","inLanguage":"de","@id":"https:\/\/siemysli-ke.info\/de\/wybory-dobrze-ale-co-dalej\/#primaryimage","url":"https:\/\/siemysli-ke.info\/wp-content\/uploads\/2015\/10\/100_3017.jpg","contentUrl":"https:\/\/siemysli-ke.info\/wp-content\/uploads\/2015\/10\/100_3017.jpg","width":2576,"height":1932},{"@type":"BreadcrumbList","@id":"https:\/\/siemysli-ke.info\/de\/wybory-dobrze-ale-co-dalej\/#breadcrumb","itemListElement":[{"@type":"ListItem","position":1,"name":"Home","item":"https:\/\/siemysli-ke.info\/de\/"},{"@type":"ListItem","position":2,"name":"(Polski) Wybory? Dobrze &#8211; ale co dalej..?"}]},{"@type":"WebSite","@id":"https:\/\/siemysli-ke.info\/de\/#website","url":"https:\/\/siemysli-ke.info\/de\/","name":"SI\u0118 MY\u015aLI","description":"","publisher":{"@id":"https:\/\/siemysli-ke.info\/de\/#organization"},"potentialAction":[{"@type":"SearchAction","target":{"@type":"EntryPoint","urlTemplate":"https:\/\/siemysli-ke.info\/de\/?s={search_term_string}"},"query-input":{"@type":"PropertyValueSpecification","valueRequired":true,"valueName":"search_term_string"}}],"inLanguage":"de"},{"@type":"Organization","@id":"https:\/\/siemysli-ke.info\/de\/#organization","name":"SI\u0118 MY\u015aLI","url":"https:\/\/siemysli-ke.info\/de\/","logo":{"@type":"ImageObject","inLanguage":"de","@id":"https:\/\/siemysli-ke.info\/de\/#\/schema\/logo\/image\/","url":"https:\/\/siemysli-ke.info\/wp-content\/uploads\/2025\/05\/99.png","contentUrl":"https:\/\/siemysli-ke.info\/wp-content\/uploads\/2025\/05\/99.png","width":270,"height":204,"caption":"SI\u0118 MY\u015aLI"},"image":{"@id":"https:\/\/siemysli-ke.info\/de\/#\/schema\/logo\/image\/"}},{"@type":"Person","@id":"https:\/\/siemysli-ke.info\/#\/schema\/person\/75326687448d6abf738b156f56385210","name":"...","image":{"@type":"ImageObject","inLanguage":"de","@id":"https:\/\/siemysli-ke.info\/de\/#\/schema\/person\/image\/","url":"https:\/\/secure.gravatar.com\/avatar\/33a3c2559155e1b4add65cf88cafda785aeb920f44b97c7055b07866ab5b13c2?s=96&d=mm&r=g","contentUrl":"https:\/\/secure.gravatar.com\/avatar\/33a3c2559155e1b4add65cf88cafda785aeb920f44b97c7055b07866ab5b13c2?s=96&d=mm&r=g","caption":"..."},"url":"https:\/\/siemysli-ke.info\/de\/author\/lele\/"}]}},"_links":{"self":[{"href":"https:\/\/siemysli-ke.info\/de\/wp-json\/wp\/v2\/posts\/17245","targetHints":{"allow":["GET"]}}],"collection":[{"href":"https:\/\/siemysli-ke.info\/de\/wp-json\/wp\/v2\/posts"}],"about":[{"href":"https:\/\/siemysli-ke.info\/de\/wp-json\/wp\/v2\/types\/post"}],"author":[{"embeddable":true,"href":"https:\/\/siemysli-ke.info\/de\/wp-json\/wp\/v2\/users\/3"}],"replies":[{"embeddable":true,"href":"https:\/\/siemysli-ke.info\/de\/wp-json\/wp\/v2\/comments?post=17245"}],"version-history":[{"count":0,"href":"https:\/\/siemysli-ke.info\/de\/wp-json\/wp\/v2\/posts\/17245\/revisions"}],"wp:featuredmedia":[{"embeddable":true,"href":"https:\/\/siemysli-ke.info\/de\/wp-json\/wp\/v2\/media\/17247"}],"wp:attachment":[{"href":"https:\/\/siemysli-ke.info\/de\/wp-json\/wp\/v2\/media?parent=17245"}],"wp:term":[{"taxonomy":"category","embeddable":true,"href":"https:\/\/siemysli-ke.info\/de\/wp-json\/wp\/v2\/categories?post=17245"},{"taxonomy":"post_tag","embeddable":true,"href":"https:\/\/siemysli-ke.info\/de\/wp-json\/wp\/v2\/tags?post=17245"}],"curies":[{"name":"wp","href":"https:\/\/api.w.org\/{rel}","templated":true}]}}