 {"id":17053,"date":"2015-09-29T23:57:39","date_gmt":"2015-09-29T21:57:39","guid":{"rendered":"http:\/\/www.siemysli.info.ke\/?p=17053"},"modified":"2015-09-30T00:06:32","modified_gmt":"2015-09-29T22:06:32","slug":"czy-to-jeszcze-unia-czy-juz-faszyzm","status":"publish","type":"post","link":"https:\/\/siemysli-ke.info\/de\/czy-to-jeszcze-unia-czy-juz-faszyzm\/","title":{"rendered":"(Polski) Czy to jeszcze Unia, czy ju\u017c faszyzm?"},"content":{"rendered":"<p class=\"qtranxs-available-languages-message qtranxs-available-languages-message-de\">Leider ist der Eintrag nur auf <a href=\"https:\/\/siemysli-ke.info\/pl\/wp-json\/wp\/v2\/posts\/17053\" class=\"qtranxs-available-language-link qtranxs-available-language-link-pl\" title=\"Polski\">Polski<\/a> verf\u00fcgbar.<\/p>","protected":false},"excerpt":{"rendered":"<p>Leider ist der Eintrag nur auf Polski verf\u00fcgbar.<\/p>\n","protected":false},"author":3,"featured_media":17054,"comment_status":"open","ping_status":"open","sticky":false,"template":"","format":"standard","meta":{"colormag_page_layout":"default_layout","footnotes":""},"categories":[7,6],"tags":[2157,89,3224,3225,3223,3221,2989,92,103,3220,3228,3222,3229,207,3227,3226,624],"class_list":["post-17053","post","type-post","status-publish","format-standard","has-post-thumbnail","hentry","category-gospodarka","category-ue","tag-angela-merkel","tag-breaking","tag-dav","tag-die-welt","tag-eva-becker","tag-facebook","tag-faszyzm","tag-headline","tag-internet","tag-mark-zukerberg","tag-mowa-nienawisci","tag-pawlik-morozow","tag-totalitaryzm","tag-unia-europejska","tag-utrata-praw-rodzicielskich","tag-zmiany-na-ziemi","tag-zsrr"],"yoast_head":"<!-- This site is optimized with the Yoast SEO plugin v25.1 - https:\/\/yoast.com\/wordpress\/plugins\/seo\/ -->\n<title>(Polski) Czy to jeszcze Unia, czy ju\u017c faszyzm? - SI\u0118 MY\u015aLI<\/title>\n<meta name=\"robots\" content=\"index, follow, max-snippet:-1, max-image-preview:large, max-video-preview:-1\" \/>\n<link rel=\"canonical\" href=\"https:\/\/siemysli-ke.info\/de\/czy-to-jeszcze-unia-czy-juz-faszyzm\/\" \/>\n<meta property=\"og:locale\" content=\"de_DE\" \/>\n<meta property=\"og:type\" content=\"article\" \/>\n<meta property=\"og:title\" content=\"(Polski) Czy to jeszcze Unia, czy ju\u017c faszyzm? - SI\u0118 MY\u015aLI\" \/>\n<meta property=\"og:description\" content=\"Leider ist der Eintrag nur auf Polski verf\u00fcgbar.\" \/>\n<meta property=\"og:url\" content=\"https:\/\/siemysli-ke.info\/de\/czy-to-jeszcze-unia-czy-juz-faszyzm\/\" \/>\n<meta property=\"og:site_name\" content=\"SI\u0118 MY\u015aLI\" \/>\n<meta property=\"article:published_time\" content=\"2015-09-29T21:57:39+00:00\" \/>\n<meta property=\"article:modified_time\" content=\"2015-09-29T22:06:32+00:00\" \/>\n<meta property=\"og:image\" content=\"https:\/\/siemysli-ke.info\/wp-content\/uploads\/2015\/09\/zukier-z-makrela.jpg\" \/>\n\t<meta property=\"og:image:width\" content=\"640\" \/>\n\t<meta property=\"og:image:height\" content=\"400\" \/>\n\t<meta property=\"og:image:type\" content=\"image\/jpeg\" \/>\n<meta name=\"author\" content=\"...\" \/>\n<meta name=\"twitter:label1\" content=\"Verfasst von\" \/>\n\t<meta name=\"twitter:data1\" content=\"...\" \/>\n\t<meta name=\"twitter:label2\" content=\"Gesch\u00e4tzte Lesezeit\" \/>\n\t<meta name=\"twitter:data2\" content=\"2\u00a0Minuten\" \/>\n<script type=\"application\/ld+json\" class=\"yoast-schema-graph\">{\"@context\":\"https:\/\/schema.org\",\"@graph\":[{\"@type\":\"Article\",\"@id\":\"https:\/\/siemysli-ke.info\/de\/czy-to-jeszcze-unia-czy-juz-faszyzm\/#article\",\"isPartOf\":{\"@id\":\"https:\/\/siemysli-ke.info\/de\/czy-to-jeszcze-unia-czy-juz-faszyzm\/\"},\"author\":{\"name\":\"...\",\"@id\":\"https:\/\/siemysli-ke.info\/#\/schema\/person\/75326687448d6abf738b156f56385210\"},\"headline\":\"(Polski) Czy to jeszcze Unia, czy ju\u017c faszyzm?\",\"datePublished\":\"2015-09-29T21:57:39+00:00\",\"dateModified\":\"2015-09-29T22:06:32+00:00\",\"mainEntityOfPage\":{\"@id\":\"https:\/\/siemysli-ke.info\/de\/czy-to-jeszcze-unia-czy-juz-faszyzm\/\"},\"wordCount\":410,\"commentCount\":1,\"publisher\":{\"@id\":\"https:\/\/siemysli-ke.info\/#organization\"},\"image\":{\"@id\":\"https:\/\/siemysli-ke.info\/de\/czy-to-jeszcze-unia-czy-juz-faszyzm\/#primaryimage\"},\"thumbnailUrl\":\"https:\/\/siemysli-ke.info\/wp-content\/uploads\/2015\/09\/zukier-z-makrela.jpg\",\"keywords\":[\"Angela Merkel\",\"breaking\",\"DAV\",\"Die Welt\",\"Eva Becker\",\"Facebook\",\"faszyzm\",\"headline\",\"internet\",\"Mark Zukerberg\",\"mowa nienawi\u015bci\",\"Pawlik Morozow\",\"totalitaryzm\",\"Unia Europejska\",\"utrata praw rodzicielskich\",\"Zmiany na Ziemi\",\"ZSRR\"],\"articleSection\":[\"Gospodarka i polityka\",\"Unia Europejska\"],\"inLanguage\":\"de\",\"potentialAction\":[{\"@type\":\"CommentAction\",\"name\":\"Comment\",\"target\":[\"https:\/\/siemysli-ke.info\/de\/czy-to-jeszcze-unia-czy-juz-faszyzm\/#respond\"]}]},{\"@type\":\"WebPage\",\"@id\":\"https:\/\/siemysli-ke.info\/de\/czy-to-jeszcze-unia-czy-juz-faszyzm\/\",\"url\":\"https:\/\/siemysli-ke.info\/de\/czy-to-jeszcze-unia-czy-juz-faszyzm\/\",\"name\":\"(Polski) Czy to jeszcze Unia, czy ju\u017c faszyzm? - SI\u0118 MY\u015aLI\",\"isPartOf\":{\"@id\":\"https:\/\/siemysli-ke.info\/de\/#website\"},\"primaryImageOfPage\":{\"@id\":\"https:\/\/siemysli-ke.info\/de\/czy-to-jeszcze-unia-czy-juz-faszyzm\/#primaryimage\"},\"image\":{\"@id\":\"https:\/\/siemysli-ke.info\/de\/czy-to-jeszcze-unia-czy-juz-faszyzm\/#primaryimage\"},\"thumbnailUrl\":\"https:\/\/siemysli-ke.info\/wp-content\/uploads\/2015\/09\/zukier-z-makrela.jpg\",\"datePublished\":\"2015-09-29T21:57:39+00:00\",\"dateModified\":\"2015-09-29T22:06:32+00:00\",\"breadcrumb\":{\"@id\":\"https:\/\/siemysli-ke.info\/de\/czy-to-jeszcze-unia-czy-juz-faszyzm\/#breadcrumb\"},\"inLanguage\":\"de\",\"potentialAction\":[{\"@type\":\"ReadAction\",\"target\":[[\"https:\/\/siemysli-ke.info\/de\/czy-to-jeszcze-unia-czy-juz-faszyzm\/\"]]}]},{\"@type\":\"ImageObject\",\"inLanguage\":\"de\",\"@id\":\"https:\/\/siemysli-ke.info\/de\/czy-to-jeszcze-unia-czy-juz-faszyzm\/#primaryimage\",\"url\":\"https:\/\/siemysli-ke.info\/wp-content\/uploads\/2015\/09\/zukier-z-makrela.jpg\",\"contentUrl\":\"https:\/\/siemysli-ke.info\/wp-content\/uploads\/2015\/09\/zukier-z-makrela.jpg\",\"width\":640,\"height\":400},{\"@type\":\"BreadcrumbList\",\"@id\":\"https:\/\/siemysli-ke.info\/de\/czy-to-jeszcze-unia-czy-juz-faszyzm\/#breadcrumb\",\"itemListElement\":[{\"@type\":\"ListItem\",\"position\":1,\"name\":\"Home\",\"item\":\"https:\/\/siemysli-ke.info\/de\/\"},{\"@type\":\"ListItem\",\"position\":2,\"name\":\"(Polski) Czy to jeszcze Unia, czy ju\u017c faszyzm?\"}]},{\"@type\":\"WebSite\",\"@id\":\"https:\/\/siemysli-ke.info\/de\/#website\",\"url\":\"https:\/\/siemysli-ke.info\/de\/\",\"name\":\"SI\u0118 MY\u015aLI\",\"description\":\"\",\"publisher\":{\"@id\":\"https:\/\/siemysli-ke.info\/de\/#organization\"},\"potentialAction\":[{\"@type\":\"SearchAction\",\"target\":{\"@type\":\"EntryPoint\",\"urlTemplate\":\"https:\/\/siemysli-ke.info\/de\/?s={search_term_string}\"},\"query-input\":{\"@type\":\"PropertyValueSpecification\",\"valueRequired\":true,\"valueName\":\"search_term_string\"}}],\"inLanguage\":\"de\"},{\"@type\":\"Organization\",\"@id\":\"https:\/\/siemysli-ke.info\/de\/#organization\",\"name\":\"SI\u0118 MY\u015aLI\",\"url\":\"https:\/\/siemysli-ke.info\/de\/\",\"logo\":{\"@type\":\"ImageObject\",\"inLanguage\":\"de\",\"@id\":\"https:\/\/siemysli-ke.info\/de\/#\/schema\/logo\/image\/\",\"url\":\"https:\/\/siemysli-ke.info\/wp-content\/uploads\/2025\/05\/99.png\",\"contentUrl\":\"https:\/\/siemysli-ke.info\/wp-content\/uploads\/2025\/05\/99.png\",\"width\":270,\"height\":204,\"caption\":\"SI\u0118 MY\u015aLI\"},\"image\":{\"@id\":\"https:\/\/siemysli-ke.info\/de\/#\/schema\/logo\/image\/\"}},{\"@type\":\"Person\",\"@id\":\"https:\/\/siemysli-ke.info\/#\/schema\/person\/75326687448d6abf738b156f56385210\",\"name\":\"...\",\"image\":{\"@type\":\"ImageObject\",\"inLanguage\":\"de\",\"@id\":\"https:\/\/siemysli-ke.info\/de\/#\/schema\/person\/image\/\",\"url\":\"https:\/\/secure.gravatar.com\/avatar\/33a3c2559155e1b4add65cf88cafda785aeb920f44b97c7055b07866ab5b13c2?s=96&d=mm&r=g\",\"contentUrl\":\"https:\/\/secure.gravatar.com\/avatar\/33a3c2559155e1b4add65cf88cafda785aeb920f44b97c7055b07866ab5b13c2?s=96&d=mm&r=g\",\"caption\":\"...\"},\"url\":\"https:\/\/siemysli-ke.info\/de\/author\/lele\/\"}]}<\/script>\n<!-- \/ Yoast SEO plugin. -->","yoast_head_json":{"title":"(Polski) Czy to jeszcze Unia, czy ju\u017c faszyzm? - SI\u0118 MY\u015aLI","robots":{"index":"index","follow":"follow","max-snippet":"max-snippet:-1","max-image-preview":"max-image-preview:large","max-video-preview":"max-video-preview:-1"},"canonical":"https:\/\/siemysli-ke.info\/de\/czy-to-jeszcze-unia-czy-juz-faszyzm\/","og_locale":"de_DE","og_type":"article","og_title":"(Polski) Czy to jeszcze Unia, czy ju\u017c faszyzm? - SI\u0118 MY\u015aLI","og_description":"Leider ist der Eintrag nur auf Polski verf\u00fcgbar.","og_url":"https:\/\/siemysli-ke.info\/de\/czy-to-jeszcze-unia-czy-juz-faszyzm\/","og_site_name":"SI\u0118 MY\u015aLI","article_published_time":"2015-09-29T21:57:39+00:00","article_modified_time":"2015-09-29T22:06:32+00:00","og_image":[{"width":640,"height":400,"url":"https:\/\/siemysli-ke.info\/wp-content\/uploads\/2015\/09\/zukier-z-makrela.jpg","type":"image\/jpeg"}],"author":"...","twitter_misc":{"Verfasst von":"...","Gesch\u00e4tzte Lesezeit":"2\u00a0Minuten"},"schema":{"@context":"https:\/\/schema.org","@graph":[{"@type":"Article","@id":"https:\/\/siemysli-ke.info\/de\/czy-to-jeszcze-unia-czy-juz-faszyzm\/#article","isPartOf":{"@id":"https:\/\/siemysli-ke.info\/de\/czy-to-jeszcze-unia-czy-juz-faszyzm\/"},"author":{"name":"...","@id":"https:\/\/siemysli-ke.info\/#\/schema\/person\/75326687448d6abf738b156f56385210"},"headline":"(Polski) Czy to jeszcze Unia, czy ju\u017c faszyzm?","datePublished":"2015-09-29T21:57:39+00:00","dateModified":"2015-09-29T22:06:32+00:00","mainEntityOfPage":{"@id":"https:\/\/siemysli-ke.info\/de\/czy-to-jeszcze-unia-czy-juz-faszyzm\/"},"wordCount":410,"commentCount":1,"publisher":{"@id":"https:\/\/siemysli-ke.info\/#organization"},"image":{"@id":"https:\/\/siemysli-ke.info\/de\/czy-to-jeszcze-unia-czy-juz-faszyzm\/#primaryimage"},"thumbnailUrl":"https:\/\/siemysli-ke.info\/wp-content\/uploads\/2015\/09\/zukier-z-makrela.jpg","keywords":["Angela Merkel","breaking","DAV","Die Welt","Eva Becker","Facebook","faszyzm","headline","internet","Mark Zukerberg","mowa nienawi\u015bci","Pawlik Morozow","totalitaryzm","Unia Europejska","utrata praw rodzicielskich","Zmiany na Ziemi","ZSRR"],"articleSection":["Gospodarka i polityka","Unia Europejska"],"inLanguage":"de","potentialAction":[{"@type":"CommentAction","name":"Comment","target":["https:\/\/siemysli-ke.info\/de\/czy-to-jeszcze-unia-czy-juz-faszyzm\/#respond"]}]},{"@type":"WebPage","@id":"https:\/\/siemysli-ke.info\/de\/czy-to-jeszcze-unia-czy-juz-faszyzm\/","url":"https:\/\/siemysli-ke.info\/de\/czy-to-jeszcze-unia-czy-juz-faszyzm\/","name":"(Polski) Czy to jeszcze Unia, czy ju\u017c faszyzm? - SI\u0118 MY\u015aLI","isPartOf":{"@id":"https:\/\/siemysli-ke.info\/de\/#website"},"primaryImageOfPage":{"@id":"https:\/\/siemysli-ke.info\/de\/czy-to-jeszcze-unia-czy-juz-faszyzm\/#primaryimage"},"image":{"@id":"https:\/\/siemysli-ke.info\/de\/czy-to-jeszcze-unia-czy-juz-faszyzm\/#primaryimage"},"thumbnailUrl":"https:\/\/siemysli-ke.info\/wp-content\/uploads\/2015\/09\/zukier-z-makrela.jpg","datePublished":"2015-09-29T21:57:39+00:00","dateModified":"2015-09-29T22:06:32+00:00","breadcrumb":{"@id":"https:\/\/siemysli-ke.info\/de\/czy-to-jeszcze-unia-czy-juz-faszyzm\/#breadcrumb"},"inLanguage":"de","potentialAction":[{"@type":"ReadAction","target":[["https:\/\/siemysli-ke.info\/de\/czy-to-jeszcze-unia-czy-juz-faszyzm\/"]]}]},{"@type":"ImageObject","inLanguage":"de","@id":"https:\/\/siemysli-ke.info\/de\/czy-to-jeszcze-unia-czy-juz-faszyzm\/#primaryimage","url":"https:\/\/siemysli-ke.info\/wp-content\/uploads\/2015\/09\/zukier-z-makrela.jpg","contentUrl":"https:\/\/siemysli-ke.info\/wp-content\/uploads\/2015\/09\/zukier-z-makrela.jpg","width":640,"height":400},{"@type":"BreadcrumbList","@id":"https:\/\/siemysli-ke.info\/de\/czy-to-jeszcze-unia-czy-juz-faszyzm\/#breadcrumb","itemListElement":[{"@type":"ListItem","position":1,"name":"Home","item":"https:\/\/siemysli-ke.info\/de\/"},{"@type":"ListItem","position":2,"name":"(Polski) Czy to jeszcze Unia, czy ju\u017c faszyzm?"}]},{"@type":"WebSite","@id":"https:\/\/siemysli-ke.info\/de\/#website","url":"https:\/\/siemysli-ke.info\/de\/","name":"SI\u0118 MY\u015aLI","description":"","publisher":{"@id":"https:\/\/siemysli-ke.info\/de\/#organization"},"potentialAction":[{"@type":"SearchAction","target":{"@type":"EntryPoint","urlTemplate":"https:\/\/siemysli-ke.info\/de\/?s={search_term_string}"},"query-input":{"@type":"PropertyValueSpecification","valueRequired":true,"valueName":"search_term_string"}}],"inLanguage":"de"},{"@type":"Organization","@id":"https:\/\/siemysli-ke.info\/de\/#organization","name":"SI\u0118 MY\u015aLI","url":"https:\/\/siemysli-ke.info\/de\/","logo":{"@type":"ImageObject","inLanguage":"de","@id":"https:\/\/siemysli-ke.info\/de\/#\/schema\/logo\/image\/","url":"https:\/\/siemysli-ke.info\/wp-content\/uploads\/2025\/05\/99.png","contentUrl":"https:\/\/siemysli-ke.info\/wp-content\/uploads\/2025\/05\/99.png","width":270,"height":204,"caption":"SI\u0118 MY\u015aLI"},"image":{"@id":"https:\/\/siemysli-ke.info\/de\/#\/schema\/logo\/image\/"}},{"@type":"Person","@id":"https:\/\/siemysli-ke.info\/#\/schema\/person\/75326687448d6abf738b156f56385210","name":"...","image":{"@type":"ImageObject","inLanguage":"de","@id":"https:\/\/siemysli-ke.info\/de\/#\/schema\/person\/image\/","url":"https:\/\/secure.gravatar.com\/avatar\/33a3c2559155e1b4add65cf88cafda785aeb920f44b97c7055b07866ab5b13c2?s=96&d=mm&r=g","contentUrl":"https:\/\/secure.gravatar.com\/avatar\/33a3c2559155e1b4add65cf88cafda785aeb920f44b97c7055b07866ab5b13c2?s=96&d=mm&r=g","caption":"..."},"url":"https:\/\/siemysli-ke.info\/de\/author\/lele\/"}]}},"_links":{"self":[{"href":"https:\/\/siemysli-ke.info\/de\/wp-json\/wp\/v2\/posts\/17053","targetHints":{"allow":["GET"]}}],"collection":[{"href":"https:\/\/siemysli-ke.info\/de\/wp-json\/wp\/v2\/posts"}],"about":[{"href":"https:\/\/siemysli-ke.info\/de\/wp-json\/wp\/v2\/types\/post"}],"author":[{"embeddable":true,"href":"https:\/\/siemysli-ke.info\/de\/wp-json\/wp\/v2\/users\/3"}],"replies":[{"embeddable":true,"href":"https:\/\/siemysli-ke.info\/de\/wp-json\/wp\/v2\/comments?post=17053"}],"version-history":[{"count":0,"href":"https:\/\/siemysli-ke.info\/de\/wp-json\/wp\/v2\/posts\/17053\/revisions"}],"wp:featuredmedia":[{"embeddable":true,"href":"https:\/\/siemysli-ke.info\/de\/wp-json\/wp\/v2\/media\/17054"}],"wp:attachment":[{"href":"https:\/\/siemysli-ke.info\/de\/wp-json\/wp\/v2\/media?parent=17053"}],"wp:term":[{"taxonomy":"category","embeddable":true,"href":"https:\/\/siemysli-ke.info\/de\/wp-json\/wp\/v2\/categories?post=17053"},{"taxonomy":"post_tag","embeddable":true,"href":"https:\/\/siemysli-ke.info\/de\/wp-json\/wp\/v2\/tags?post=17053"}],"curies":[{"name":"wp","href":"https:\/\/api.w.org\/{rel}","templated":true}]}}