 {"id":16861,"date":"2015-09-08T13:51:24","date_gmt":"2015-09-08T11:51:24","guid":{"rendered":"http:\/\/www.siemysli.info.ke\/?p=16861"},"modified":"2015-09-08T20:40:50","modified_gmt":"2015-09-08T18:40:50","slug":"stanal-krzyz-na-wilczarni","status":"publish","type":"post","link":"https:\/\/siemysli-ke.info\/de\/stanal-krzyz-na-wilczarni\/","title":{"rendered":"Stan\u0105\u0142 krzy\u017c na ,,Wilczarni\u201d"},"content":{"rendered":"<p class=\"MsoNormal\" style=\"margin-bottom: .0001pt; text-align: justify; line-height: normal; mso-layout-grid-align: none; text-autospace: none;\"><a href=\"http:\/\/www.siemysli.info.ke\/wp-content\/uploads\/2015\/09\/dsc_0115.jpg\" rel=\"lightbox[16861]\"><img decoding=\"async\" class=\"alignleft size-medium wp-image-16862\" src=\"http:\/\/www.siemysli.info.ke\/wp-content\/uploads\/2015\/09\/dsc_0115-300x199.jpg\" alt=\"DSC_0115\" width=\"300\" height=\"199\" srcset=\"https:\/\/siemysli-ke.info\/wp-content\/uploads\/2015\/09\/dsc_0115-300x199.jpg 300w, https:\/\/siemysli-ke.info\/wp-content\/uploads\/2015\/09\/dsc_0115.jpg 449w\" sizes=\"(max-width: 300px) 100vw, 300px\" \/><\/a><b><span style=\"font-size: 12.0pt; font-family: 'Times New Roman','serif';\">\u015awiat wydawa\u0107 by si\u0119 mog\u0142o, odchodzi od Boga, a u nas w Wilczy &#8211; jak dawniej &#8211; nadal si\u0119 wierzy i jak dycko &#8211; stawia si\u0119 krzy\u017ce przydro\u017cne.<\/span><\/b><b><span style=\"font-size: 12.0pt; font-family: 'Times New Roman','serif';\">\u00a0<\/span><\/b><\/p>\n<p class=\"MsoNormal\" style=\"margin-bottom: .0001pt; text-align: justify; line-height: normal; mso-layout-grid-align: none; text-autospace: none;\"><b><span style=\"font-size: 12.0pt; font-family: 'Times New Roman','serif';\">T<\/span><\/b><span style=\"font-size: 12.0pt; font-family: 'Times New Roman','serif';\">akie s\u0142owa pada\u0142y z ust wiernych, przyby\u0142ych na uroczysto\u015bci po\u015bwi\u0119cenia krzy\u017ca w dniu 4. <\/span><span style=\"font-size: 12.0pt; font-family: 'Times New Roman','serif';\">wrze\u015bnia 2015 roku. ,,Wilczarnia\u201d to miejsce, kt\u00f3re znajduje si\u0119 u zbiegu s\u0105siaduj\u0105cych ze s<\/span><span style=\"font-size: 12.0pt; font-family: 'Times New Roman','serif';\">ob\u0105 gmin \u2013 na szlaku krzy\u017cuj\u0105cych si\u0119 \u015bcie\u017cek rowerowych. To tak\u017ce miejsce rozchodz\u0105cych si\u0119 polnych dr\u00f3g.<\/span><\/p>\n<p class=\"MsoNormal\" style=\"margin-bottom: .0001pt; text-align: justify; line-height: normal; mso-layout-grid-align: none; text-autospace: none;\"><b><span style=\"font-size: 12.0pt; font-family: 'Times New Roman','serif';\">C<\/span><\/b><span style=\"font-size: 12.0pt; font-family: 'Times New Roman','serif';\">z\u0119sto w\u0142a\u015bnie tam, w s\u0105siedztwie niewielkiego zagajnika, rolnicy przystawali, by zm\u0119czeni odpocz\u0105\u0107 w cieniu drzew. To tam dawnymi czasy ludzie na Anio\u0142 Pa\u0144ski schodzili si\u0119, by przerywaj\u0105c prac\u0119 zatopi\u0107 my\u015bli w modlitwie, jest to zatem miejsce szczeg\u00f3lne. Dzi\u015b &#8211; w\u0142a\u015bnie tam obieraj\u0105 sobie za miejsce spotka\u0144 grupy sympatyk\u00f3w rowerowych wycieczek, przystaj\u0105 na kr\u00f3tko, by ju\u017c za chwil\u0119 &#8211; nabrawszy si\u0142 &#8211; ruszy\u0107 w dalsz\u0105 drog\u0119.<\/span><\/p>\n<p class=\"MsoNormal\" style=\"margin-bottom: 0pt; line-height: normal; text-align: center;\"><a href=\"http:\/\/www.siemysli.info.ke\/wp-content\/uploads\/2015\/09\/dsc_0057.jpg\" rel=\"lightbox[16861]\"><img decoding=\"async\" class=\"aligncenter size-medium wp-image-16865\" src=\"http:\/\/www.siemysli.info.ke\/wp-content\/uploads\/2015\/09\/dsc_0057-300x199.jpg\" alt=\"DSC_0057\" width=\"300\" height=\"199\" srcset=\"https:\/\/siemysli-ke.info\/wp-content\/uploads\/2015\/09\/dsc_0057-300x199.jpg 300w, https:\/\/siemysli-ke.info\/wp-content\/uploads\/2015\/09\/dsc_0057.jpg 531w\" sizes=\"(max-width: 300px) 100vw, 300px\" \/><\/a><span style=\"font-size: 12.0pt; font-family: 'Times New Roman','serif';\">\u00a0<\/span><\/p>\n<p class=\"MsoNormal\" style=\"margin-bottom: .0001pt; text-align: justify; line-height: normal; mso-layout-grid-align: none; text-autospace: none;\"><b><span style=\"font-size: 12.0pt; font-family: 'Times New Roman','serif';\">Go\u015bcili\u015bmy u nas radosnego Biskupa<\/span><\/b><\/p>\n<p class=\"MsoNormal\" style=\"margin-bottom: .0001pt; text-align: justify; line-height: normal; mso-layout-grid-align: none; text-autospace: none;\"><b><span style=\"font-size: 12.0pt; font-family: 'Times New Roman','serif';\">W <\/span><\/b><span style=\"font-size: 12.0pt; font-family: 'Times New Roman','serif';\">szczeg\u00f3lny czas i w szczeg\u00f3lnym miejscu przysz\u0142o sprawowa\u0107 uroczyst\u0105 msz\u0119 \u015bwi\u0119t\u0105 Jego Ekscelencji ks. biskupowi Markowi Szkud\u0142o. W dniu 4. wrze\u015bnia zbieg\u0142o si\u0119 bowiem kilka wa\u017cnych dat, jak\u017ce wa\u017cnych dla wiernych archidiecezji katowickiej. Podczas mszy w ko\u015bciele pod wezwaniem \u015bw. Miko\u0142aja wspomniano o jubileuszu 90-lecia diecezji oraz rocznicy 25-lecia powstania Stowarzyszenia Rodzin Katolickich Archidiecezji Katowickiej a tak\u017ce 15-leciu powstania Parafialnego Ko\u0142a Stowarzyszenia Rodzin Katolickich w Wilczy.<\/span><\/p>\n<p class=\"MsoNormal\" style=\"margin-bottom: 0pt; line-height: normal; text-align: center;\"><a href=\"http:\/\/www.siemysli.info.ke\/wp-content\/uploads\/2015\/09\/dsc_0063.jpg\" rel=\"lightbox[16861]\"><img decoding=\"async\" class=\"aligncenter size-medium wp-image-16867\" src=\"http:\/\/www.siemysli.info.ke\/wp-content\/uploads\/2015\/09\/dsc_0063-300x199.jpg\" alt=\"DSC_0063\" width=\"300\" height=\"199\" srcset=\"https:\/\/siemysli-ke.info\/wp-content\/uploads\/2015\/09\/dsc_0063-300x199.jpg 300w, https:\/\/siemysli-ke.info\/wp-content\/uploads\/2015\/09\/dsc_0063.jpg 531w\" sizes=\"(max-width: 300px) 100vw, 300px\" \/><\/a><\/p>\n<p class=\"MsoNormal\" style=\"margin-bottom: .0001pt; text-align: justify; line-height: normal; mso-layout-grid-align: none; text-autospace: none;\"><b><span style=\"font-size: 12.0pt; font-family: 'Times New Roman','serif';\">P<\/span><\/b><span style=\"font-size: 12.0pt; font-family: 'Times New Roman','serif';\">roboszcz parafii pod wezwaniem \u015bw. Miko\u0142aja, ks. Reder, wspomnia\u0142 w s\u0142owie powitalnym <\/span><span style=\"font-size: 12.0pt; font-family: 'Times New Roman','serif';\">o pos\u0142udze kap\u0142a\u0144skiej biskupa Szkud\u0142o, doda\u0142 przy tym, \u017ce krzy\u017c, kt\u00f3ry ma zosta\u0107 po\u015bwi\u0119cony na rozstaju dr\u00f3g &#8211; winien niejako symbolizowa\u0107 pojednanie. Sta\u0107 si\u0119 oaz\u0105, wok\u00f3\u0142 kt\u00f3rej gromadzi\u0107 si\u0119 maj\u0105 strudzeni ci\u0119\u017ck\u0105 prac\u0105 rolnicy i utrudzeni w\u0119drowcy. Krzy\u017c ten jest tak\u017ce swego rodzaju symbolem pami\u0119ci wielkich i jak\u017ce wa\u017cnych dla wiernych naszej archidiecezji dat, a tablica zamieszczona w tym miejscu przypomina\u0107 b\u0119dzie po wsze czasy o samym wydarzeniu.<\/span><\/p>\n<p class=\"MsoNormal\" style=\"margin-bottom: 0pt; line-height: normal; text-align: center;\"><a href=\"http:\/\/www.siemysli.info.ke\/wp-content\/uploads\/2015\/09\/dsc_0108.jpg\" rel=\"lightbox[16861]\"><img decoding=\"async\" class=\"aligncenter size-medium wp-image-16868\" src=\"http:\/\/www.siemysli.info.ke\/wp-content\/uploads\/2015\/09\/dsc_0108-300x199.jpg\" alt=\"DSC_0108\" width=\"300\" height=\"199\" srcset=\"https:\/\/siemysli-ke.info\/wp-content\/uploads\/2015\/09\/dsc_0108-300x199.jpg 300w, https:\/\/siemysli-ke.info\/wp-content\/uploads\/2015\/09\/dsc_0108.jpg 531w\" sizes=\"(max-width: 300px) 100vw, 300px\" \/><\/a><\/p>\n<p class=\"MsoNormal\" style=\"margin-bottom: 0pt; line-height: normal; text-align: justify;\"><b><span style=\"font-size: 12.0pt; font-family: 'Times New Roman','serif';\">W<\/span><\/b><span style=\"font-size: 12.0pt; font-family: 'Times New Roman','serif';\">spomnie\u0107 te\u017c nale\u017cy o kolejnej mi\u0142ej ciekawostce, zwi\u0105zanej z osob\u0105 biskupa, ot\u00f3\u017c otrzyma\u0142 on od wiernych wilcza\u0144skiej parafii przydomek ,,Radosnego Biskupa\u201d, ze wzgl\u0119du na jego niespotykanie przyjazne usposobienie, mi\u0142y u\u015bmiech i ch\u0119\u0107 bezpo\u015bredniego kontaktu z wiernymi. Te cechy bardzo zbli\u017caj\u0105 i nale\u017ca\u0142oby podkre\u015bli\u0107 to s\u0142owo, bo dzi\u015b szczeg\u00f3lnie jest to wa\u017cne. W surowym \u015bwiecie zdominowanym ch\u0119ci\u0105 zdobywania w\u0142adzy oraz kasy za wszelk\u0105 cen\u0119, coraz mniej ciep\u0142a i rado\u015bci &#8211; dlatego zachowanie biskupa tak bardzo zbli\u017cy\u0142o jego osob\u0119 do wiernych \u2013 <b>go\u015bcili\u015bmy u nas radosnego biskupa<\/b>&#8230;<\/span><\/p>\n<p class=\"MsoNormal\" style=\"margin-bottom: .0001pt; text-align: justify; line-height: normal; mso-layout-grid-align: none; text-autospace: none;\"><span style=\"font-size: 12.0pt; font-family: 'Times New Roman','serif';\">\u00a0<\/span><\/p>\n<p class=\"MsoNormal\" style=\"margin-bottom: .0001pt; text-align: justify; line-height: normal; mso-layout-grid-align: none; text-autospace: none;\"><b><span style=\"font-size: 12.0pt; font-family: 'Times New Roman','serif';\">\u017byjemy w trudnych czasach &#8211; a u nas&#8230;<\/span><\/b><\/p>\n<p class=\"MsoNormal\" style=\"margin-bottom: .0001pt; text-align: justify; line-height: normal; mso-layout-grid-align: none; text-autospace: none;\"><b><span style=\"font-size: 12.0pt; font-family: 'Times New Roman','serif';\">\u015a<\/span><\/b><span style=\"font-size: 12.0pt; font-family: 'Times New Roman','serif';\">wiat prze\u017cywa trudny czas, uciekamy od dawnych warto\u015bci, zmienia si\u0119 kultura \u2013 niestety. <\/span><span style=\"font-size: 12.0pt; font-family: 'Times New Roman','serif';\">Borykamy si\u0119 z wieloma problemami, kt\u00f3re z dnia na dzie\u0144 narastaj\u0105 &#8211; nagle zauwa\u017camy, \u017ce <\/span><span style=\"font-size: 12.0pt; font-family: 'Times New Roman','serif';\">sytuacja nas przerasta, wymyka si\u0119 spod kontroli.<\/span><\/p>\n<p class=\"MsoNormal\" style=\"margin-bottom: .0001pt; text-align: justify; line-height: normal; mso-layout-grid-align: none; text-autospace: none;\"><span style=\"font-size: 12.0pt; font-family: 'Times New Roman','serif';\">Pogr\u0105\u017camy si\u0119 w kryzysie gospodarczym nie zdaj\u0105c sobie sprawy, \u017ce spowodowany on zosta\u0142 mi\u0119dzy innymi utrat\u0105 tego, co jeszcze niedawno by\u0142o proste i oczywiste, a wi\u0119c wiary &#8211; tak\u017ce w siebie i swoje mo\u017cliwo\u015bci. <b style=\"mso-bidi-font-weight: normal;\">W niezrozumia\u0142y spos\u00f3b, w celu pokonania gospodarczych trudno\u015bci, szukamy usilnie pomocy u innych, wiedz\u0105c, i\u017c sami posiadamy zdolno\u015bci i wiedz\u0119 do ich pokonania.<\/b> To wszystko jest konsekwencj\u0105 zapatrzenia si\u0119 \u015blepo w kultury i tradycje innych narod\u00f3w, zapominania przy tym o tym, co stanowi\u0142o jeszcze niedawno o naszej narodowej sile &#8211; sile wiary.<\/span><\/p>\n<p class=\"MsoNormal\" style=\"margin-bottom: 0pt; line-height: normal; text-align: center;\"><a href=\"http:\/\/www.siemysli.info.ke\/wp-content\/uploads\/2015\/09\/dsc_0121.jpg\" rel=\"lightbox[16861]\"><img decoding=\"async\" class=\"aligncenter size-medium wp-image-16869\" src=\"http:\/\/www.siemysli.info.ke\/wp-content\/uploads\/2015\/09\/dsc_0121-300x199.jpg\" alt=\"DSC_0121\" width=\"300\" height=\"199\" srcset=\"https:\/\/siemysli-ke.info\/wp-content\/uploads\/2015\/09\/dsc_0121-300x199.jpg 300w, https:\/\/siemysli-ke.info\/wp-content\/uploads\/2015\/09\/dsc_0121.jpg 461w\" sizes=\"(max-width: 300px) 100vw, 300px\" \/><\/a><\/p>\n<p class=\"MsoNormal\" style=\"margin-bottom: .0001pt; text-align: justify; line-height: normal; mso-layout-grid-align: none; text-autospace: none;\"><b><i><span style=\"font-size: 12.0pt; font-family: 'Times New Roman','serif';\">A u nos jakoby nigdy nic stawiomy jako downi<\/span><\/i><\/b><b><span style=\"font-size: 12.0pt; font-family: 'Times New Roman','serif';\">, znaki i symbole przynale\u017cno\u015bci do jednej rodziny, osadzonej w prawdzie Wiary Nadziei i Mi\u0142o\u015bci. Bo taka jest ta ziemia krzy\u017cem od wiek\u00f3w i wiar\u0105 stoj\u0105ca.<\/span><\/b><\/p>\n<p class=\"MsoNormal\" style=\"margin-bottom: .0001pt; text-align: justify; line-height: normal; mso-layout-grid-align: none; text-autospace: none;\"><b><span style=\"font-size: 12.0pt; font-family: 'Times New Roman','serif';\">P<\/span><\/b><span style=\"font-size: 12.0pt; font-family: 'Times New Roman','serif';\">owiat gliwicki i jego starostwo nie zapominaj\u0105 o warto\u015bciach dla tej ziemi najcenniejszych i tym razem na uroczysto\u015bciach go\u015bci\u0142a delegacja radnych powiatu, pracownik\u00f3w starostwa ze starost\u0105, panem Waldemarem Dombkiem na czele. Obecny by\u0142 w\u00f3jt gminy Pilchowice wraz z rodzin\u0105. Na uroczysto\u015bci przyby\u0142y tak\u017ce delegacje wraz z pocztami sztandarowymi K\u00f3\u0142 Gospody\u0144 Wiejskich, Rady Gminy i Rad So\u0142eckich, obecni byli tak\u017ce g\u00f3rnicy ze sztandarem, i stra\u017cacy OSP Wilcza.<\/span><\/p>\n<p class=\"MsoNormal\" style=\"margin-bottom: 0pt; line-height: normal; text-align: center;\"><a href=\"http:\/\/www.siemysli.info.ke\/wp-content\/uploads\/2015\/09\/dsc_0109.jpg\" rel=\"lightbox[16861]\"><img decoding=\"async\" class=\"aligncenter size-medium wp-image-16870\" src=\"http:\/\/www.siemysli.info.ke\/wp-content\/uploads\/2015\/09\/dsc_0109-200x300.jpg\" alt=\"DSC_0109\" width=\"200\" height=\"300\" srcset=\"https:\/\/siemysli-ke.info\/wp-content\/uploads\/2015\/09\/dsc_0109-200x300.jpg 200w, https:\/\/siemysli-ke.info\/wp-content\/uploads\/2015\/09\/dsc_0109.jpg 461w\" sizes=\"(max-width: 200px) 100vw, 200px\" \/><\/a><\/p>\n<p class=\"MsoNormal\" style=\"margin-bottom: .0001pt; text-align: justify; line-height: normal; mso-layout-grid-align: none; text-autospace: none;\"><b><i><span style=\"font-size: 12.0pt; font-family: 'Times New Roman','serif';\">(Kto wie, czy aby za nied\u0142ugo nasi synowie &#8211; ju\u017c jako bezrobotni &#8211; nie stan\u0105 pod tym krzy\u017cem, by modli\u0107 si\u0119 o chleb dla rodziny, bo jak tak dalej p\u00f3jdzie &#8211; tylko modlitwa nam zostanie \u2013 <\/span><\/i><\/b><b><span style=\"font-size: 12.0pt; font-family: 'Times New Roman','serif';\">\u015alonzok, kt\u00f3rego syn jest g\u00f3rnikiem &#8211; jeszcze).<\/span><\/b><\/p>\n<p class=\"MsoNormal\" style=\"text-align: justify;\"><b><span style=\"font-size: 12.0pt; line-height: 115%; font-family: 'Times New Roman','serif';\">\u00a0<\/span><\/b><\/p>\n<p class=\"MsoNormal\" style=\"margin-bottom: .0001pt; text-align: right; line-height: normal; mso-layout-grid-align: none; text-autospace: none;\" align=\"right\"><span style=\"font-size: 12.0pt; font-family: 'Times New Roman','serif';\">Tekst i zdj\u0119cia:<b style=\"mso-bidi-font-weight: normal;\"> Tadeusz Pucha\u0142ka<\/b><\/span><\/p>\n<p class=\"MsoNormal\" style=\"text-align: justify;\"><b style=\"mso-bidi-font-weight: normal;\"><span style=\"font-size: 12.0pt; line-height: 115%; font-family: 'Times New Roman','serif';\">\u00a0<\/span><\/b><\/p>\n","protected":false},"excerpt":{"rendered":"<p>\u015awiat wydawa\u0107 by si\u0119 mog\u0142o, odchodzi od Boga, a u nas w Wilczy &#8211; jak dawniej &#8211; nadal si\u0119 wierzy<\/p>\n","protected":false},"author":3,"featured_media":16862,"comment_status":"open","ping_status":"open","sticky":false,"template":"","format":"standard","meta":{"colormag_page_layout":"default_layout","footnotes":""},"categories":[3,81],"tags":[3107,89,92,3104,3103,3101,3105,2550,3108,3102,3106],"class_list":["post-16861","post","type-post","status-publish","format-standard","has-post-thumbnail","hentry","category-kultura","category-rzeczpospolita","tag-wilczarnia","tag-breaking","tag-headline","tag-ks-bp-marek-szkudlo","tag-proboszcz-reder","tag-slonzok","tag-stowarzyszenie-rodzin-katolickich-archidiecezji-katowickiej","tag-tadeusz-puchalka","tag-trudnosci-gospodarcze","tag-waldemar-dombek","tag-wilcza"],"yoast_head":"<!-- This site is optimized with the Yoast SEO plugin v25.1 - https:\/\/yoast.com\/wordpress\/plugins\/seo\/ -->\n<title>Stan\u0105\u0142 krzy\u017c na ,,Wilczarni\u201d - SI\u0118 MY\u015aLI<\/title>\n<meta name=\"robots\" content=\"index, follow, max-snippet:-1, max-image-preview:large, max-video-preview:-1\" \/>\n<link rel=\"canonical\" href=\"https:\/\/siemysli-ke.info\/de\/stanal-krzyz-na-wilczarni\/\" \/>\n<meta property=\"og:locale\" content=\"de_DE\" \/>\n<meta property=\"og:type\" content=\"article\" \/>\n<meta property=\"og:title\" content=\"Stan\u0105\u0142 krzy\u017c na ,,Wilczarni\u201d - SI\u0118 MY\u015aLI\" \/>\n<meta property=\"og:description\" content=\"\u015awiat wydawa\u0107 by si\u0119 mog\u0142o, odchodzi od Boga, a u nas w Wilczy &#8211; jak dawniej &#8211; nadal si\u0119 wierzy\" \/>\n<meta property=\"og:url\" content=\"https:\/\/siemysli-ke.info\/de\/stanal-krzyz-na-wilczarni\/\" \/>\n<meta property=\"og:site_name\" content=\"SI\u0118 MY\u015aLI\" \/>\n<meta property=\"article:published_time\" content=\"2015-09-08T11:51:24+00:00\" \/>\n<meta property=\"article:modified_time\" content=\"2015-09-08T18:40:50+00:00\" \/>\n<meta property=\"og:image\" content=\"https:\/\/siemysli-ke.info\/wp-content\/uploads\/2015\/09\/dsc_0115.jpg\" \/>\n\t<meta property=\"og:image:width\" content=\"449\" \/>\n\t<meta property=\"og:image:height\" content=\"298\" \/>\n\t<meta property=\"og:image:type\" content=\"image\/jpeg\" \/>\n<meta name=\"author\" content=\"...\" \/>\n<meta name=\"twitter:label1\" content=\"Verfasst von\" \/>\n\t<meta name=\"twitter:data1\" content=\"...\" \/>\n\t<meta name=\"twitter:label2\" content=\"Gesch\u00e4tzte Lesezeit\" \/>\n\t<meta name=\"twitter:data2\" content=\"4\u00a0Minuten\" \/>\n<script type=\"application\/ld+json\" class=\"yoast-schema-graph\">{\"@context\":\"https:\/\/schema.org\",\"@graph\":[{\"@type\":\"Article\",\"@id\":\"https:\/\/siemysli-ke.info\/de\/stanal-krzyz-na-wilczarni\/#article\",\"isPartOf\":{\"@id\":\"https:\/\/siemysli-ke.info\/de\/stanal-krzyz-na-wilczarni\/\"},\"author\":{\"name\":\"...\",\"@id\":\"https:\/\/siemysli-ke.info\/#\/schema\/person\/75326687448d6abf738b156f56385210\"},\"headline\":\"Stan\u0105\u0142 krzy\u017c na ,,Wilczarni\u201d\",\"datePublished\":\"2015-09-08T11:51:24+00:00\",\"dateModified\":\"2015-09-08T18:40:50+00:00\",\"mainEntityOfPage\":{\"@id\":\"https:\/\/siemysli-ke.info\/de\/stanal-krzyz-na-wilczarni\/\"},\"wordCount\":789,\"commentCount\":1,\"publisher\":{\"@id\":\"https:\/\/siemysli-ke.info\/#organization\"},\"image\":{\"@id\":\"https:\/\/siemysli-ke.info\/de\/stanal-krzyz-na-wilczarni\/#primaryimage\"},\"thumbnailUrl\":\"https:\/\/siemysli-ke.info\/wp-content\/uploads\/2015\/09\/dsc_0115.jpg\",\"keywords\":[\"\\\"Wilczarnia\\\"\",\"breaking\",\"headline\",\"ks. bp Marek Szkud\u0142o\",\"proboszcz Reder\",\"\u015alonzok\",\"Stowarzyszenie Rodzin Katolickich Archidiecezji Katowickiej\",\"Tadeusz Pucha\u0142ka\",\"trudno\u015bci gospodarcze\",\"Waldemar Dombek\",\"Wilcza\"],\"articleSection\":[\"Kultura\",\"Rzeczypospolita\"],\"inLanguage\":\"de\",\"potentialAction\":[{\"@type\":\"CommentAction\",\"name\":\"Comment\",\"target\":[\"https:\/\/siemysli-ke.info\/de\/stanal-krzyz-na-wilczarni\/#respond\"]}]},{\"@type\":\"WebPage\",\"@id\":\"https:\/\/siemysli-ke.info\/de\/stanal-krzyz-na-wilczarni\/\",\"url\":\"https:\/\/siemysli-ke.info\/de\/stanal-krzyz-na-wilczarni\/\",\"name\":\"Stan\u0105\u0142 krzy\u017c na ,,Wilczarni\u201d - SI\u0118 MY\u015aLI\",\"isPartOf\":{\"@id\":\"https:\/\/siemysli-ke.info\/de\/#website\"},\"primaryImageOfPage\":{\"@id\":\"https:\/\/siemysli-ke.info\/de\/stanal-krzyz-na-wilczarni\/#primaryimage\"},\"image\":{\"@id\":\"https:\/\/siemysli-ke.info\/de\/stanal-krzyz-na-wilczarni\/#primaryimage\"},\"thumbnailUrl\":\"https:\/\/siemysli-ke.info\/wp-content\/uploads\/2015\/09\/dsc_0115.jpg\",\"datePublished\":\"2015-09-08T11:51:24+00:00\",\"dateModified\":\"2015-09-08T18:40:50+00:00\",\"breadcrumb\":{\"@id\":\"https:\/\/siemysli-ke.info\/de\/stanal-krzyz-na-wilczarni\/#breadcrumb\"},\"inLanguage\":\"de\",\"potentialAction\":[{\"@type\":\"ReadAction\",\"target\":[[\"https:\/\/siemysli-ke.info\/de\/stanal-krzyz-na-wilczarni\/\"]]}]},{\"@type\":\"ImageObject\",\"inLanguage\":\"de\",\"@id\":\"https:\/\/siemysli-ke.info\/de\/stanal-krzyz-na-wilczarni\/#primaryimage\",\"url\":\"https:\/\/siemysli-ke.info\/wp-content\/uploads\/2015\/09\/dsc_0115.jpg\",\"contentUrl\":\"https:\/\/siemysli-ke.info\/wp-content\/uploads\/2015\/09\/dsc_0115.jpg\",\"width\":449,\"height\":298},{\"@type\":\"BreadcrumbList\",\"@id\":\"https:\/\/siemysli-ke.info\/de\/stanal-krzyz-na-wilczarni\/#breadcrumb\",\"itemListElement\":[{\"@type\":\"ListItem\",\"position\":1,\"name\":\"Home\",\"item\":\"https:\/\/siemysli-ke.info\/de\/\"},{\"@type\":\"ListItem\",\"position\":2,\"name\":\"Stan\u0105\u0142 krzy\u017c na ,,Wilczarni\u201d\"}]},{\"@type\":\"WebSite\",\"@id\":\"https:\/\/siemysli-ke.info\/de\/#website\",\"url\":\"https:\/\/siemysli-ke.info\/de\/\",\"name\":\"SI\u0118 MY\u015aLI\",\"description\":\"\",\"publisher\":{\"@id\":\"https:\/\/siemysli-ke.info\/de\/#organization\"},\"potentialAction\":[{\"@type\":\"SearchAction\",\"target\":{\"@type\":\"EntryPoint\",\"urlTemplate\":\"https:\/\/siemysli-ke.info\/de\/?s={search_term_string}\"},\"query-input\":{\"@type\":\"PropertyValueSpecification\",\"valueRequired\":true,\"valueName\":\"search_term_string\"}}],\"inLanguage\":\"de\"},{\"@type\":\"Organization\",\"@id\":\"https:\/\/siemysli-ke.info\/de\/#organization\",\"name\":\"SI\u0118 MY\u015aLI\",\"url\":\"https:\/\/siemysli-ke.info\/de\/\",\"logo\":{\"@type\":\"ImageObject\",\"inLanguage\":\"de\",\"@id\":\"https:\/\/siemysli-ke.info\/de\/#\/schema\/logo\/image\/\",\"url\":\"https:\/\/siemysli-ke.info\/wp-content\/uploads\/2025\/05\/99.png\",\"contentUrl\":\"https:\/\/siemysli-ke.info\/wp-content\/uploads\/2025\/05\/99.png\",\"width\":270,\"height\":204,\"caption\":\"SI\u0118 MY\u015aLI\"},\"image\":{\"@id\":\"https:\/\/siemysli-ke.info\/de\/#\/schema\/logo\/image\/\"}},{\"@type\":\"Person\",\"@id\":\"https:\/\/siemysli-ke.info\/#\/schema\/person\/75326687448d6abf738b156f56385210\",\"name\":\"...\",\"image\":{\"@type\":\"ImageObject\",\"inLanguage\":\"de\",\"@id\":\"https:\/\/siemysli-ke.info\/de\/#\/schema\/person\/image\/\",\"url\":\"https:\/\/secure.gravatar.com\/avatar\/33a3c2559155e1b4add65cf88cafda785aeb920f44b97c7055b07866ab5b13c2?s=96&d=mm&r=g\",\"contentUrl\":\"https:\/\/secure.gravatar.com\/avatar\/33a3c2559155e1b4add65cf88cafda785aeb920f44b97c7055b07866ab5b13c2?s=96&d=mm&r=g\",\"caption\":\"...\"},\"url\":\"https:\/\/siemysli-ke.info\/de\/author\/lele\/\"}]}<\/script>\n<!-- \/ Yoast SEO plugin. -->","yoast_head_json":{"title":"Stan\u0105\u0142 krzy\u017c na ,,Wilczarni\u201d - SI\u0118 MY\u015aLI","robots":{"index":"index","follow":"follow","max-snippet":"max-snippet:-1","max-image-preview":"max-image-preview:large","max-video-preview":"max-video-preview:-1"},"canonical":"https:\/\/siemysli-ke.info\/de\/stanal-krzyz-na-wilczarni\/","og_locale":"de_DE","og_type":"article","og_title":"Stan\u0105\u0142 krzy\u017c na ,,Wilczarni\u201d - SI\u0118 MY\u015aLI","og_description":"\u015awiat wydawa\u0107 by si\u0119 mog\u0142o, odchodzi od Boga, a u nas w Wilczy &#8211; jak dawniej &#8211; nadal si\u0119 wierzy","og_url":"https:\/\/siemysli-ke.info\/de\/stanal-krzyz-na-wilczarni\/","og_site_name":"SI\u0118 MY\u015aLI","article_published_time":"2015-09-08T11:51:24+00:00","article_modified_time":"2015-09-08T18:40:50+00:00","og_image":[{"width":449,"height":298,"url":"https:\/\/siemysli-ke.info\/wp-content\/uploads\/2015\/09\/dsc_0115.jpg","type":"image\/jpeg"}],"author":"...","twitter_misc":{"Verfasst von":"...","Gesch\u00e4tzte Lesezeit":"4\u00a0Minuten"},"schema":{"@context":"https:\/\/schema.org","@graph":[{"@type":"Article","@id":"https:\/\/siemysli-ke.info\/de\/stanal-krzyz-na-wilczarni\/#article","isPartOf":{"@id":"https:\/\/siemysli-ke.info\/de\/stanal-krzyz-na-wilczarni\/"},"author":{"name":"...","@id":"https:\/\/siemysli-ke.info\/#\/schema\/person\/75326687448d6abf738b156f56385210"},"headline":"Stan\u0105\u0142 krzy\u017c na ,,Wilczarni\u201d","datePublished":"2015-09-08T11:51:24+00:00","dateModified":"2015-09-08T18:40:50+00:00","mainEntityOfPage":{"@id":"https:\/\/siemysli-ke.info\/de\/stanal-krzyz-na-wilczarni\/"},"wordCount":789,"commentCount":1,"publisher":{"@id":"https:\/\/siemysli-ke.info\/#organization"},"image":{"@id":"https:\/\/siemysli-ke.info\/de\/stanal-krzyz-na-wilczarni\/#primaryimage"},"thumbnailUrl":"https:\/\/siemysli-ke.info\/wp-content\/uploads\/2015\/09\/dsc_0115.jpg","keywords":["\"Wilczarnia\"","breaking","headline","ks. bp Marek Szkud\u0142o","proboszcz Reder","\u015alonzok","Stowarzyszenie Rodzin Katolickich Archidiecezji Katowickiej","Tadeusz Pucha\u0142ka","trudno\u015bci gospodarcze","Waldemar Dombek","Wilcza"],"articleSection":["Kultura","Rzeczypospolita"],"inLanguage":"de","potentialAction":[{"@type":"CommentAction","name":"Comment","target":["https:\/\/siemysli-ke.info\/de\/stanal-krzyz-na-wilczarni\/#respond"]}]},{"@type":"WebPage","@id":"https:\/\/siemysli-ke.info\/de\/stanal-krzyz-na-wilczarni\/","url":"https:\/\/siemysli-ke.info\/de\/stanal-krzyz-na-wilczarni\/","name":"Stan\u0105\u0142 krzy\u017c na ,,Wilczarni\u201d - SI\u0118 MY\u015aLI","isPartOf":{"@id":"https:\/\/siemysli-ke.info\/de\/#website"},"primaryImageOfPage":{"@id":"https:\/\/siemysli-ke.info\/de\/stanal-krzyz-na-wilczarni\/#primaryimage"},"image":{"@id":"https:\/\/siemysli-ke.info\/de\/stanal-krzyz-na-wilczarni\/#primaryimage"},"thumbnailUrl":"https:\/\/siemysli-ke.info\/wp-content\/uploads\/2015\/09\/dsc_0115.jpg","datePublished":"2015-09-08T11:51:24+00:00","dateModified":"2015-09-08T18:40:50+00:00","breadcrumb":{"@id":"https:\/\/siemysli-ke.info\/de\/stanal-krzyz-na-wilczarni\/#breadcrumb"},"inLanguage":"de","potentialAction":[{"@type":"ReadAction","target":[["https:\/\/siemysli-ke.info\/de\/stanal-krzyz-na-wilczarni\/"]]}]},{"@type":"ImageObject","inLanguage":"de","@id":"https:\/\/siemysli-ke.info\/de\/stanal-krzyz-na-wilczarni\/#primaryimage","url":"https:\/\/siemysli-ke.info\/wp-content\/uploads\/2015\/09\/dsc_0115.jpg","contentUrl":"https:\/\/siemysli-ke.info\/wp-content\/uploads\/2015\/09\/dsc_0115.jpg","width":449,"height":298},{"@type":"BreadcrumbList","@id":"https:\/\/siemysli-ke.info\/de\/stanal-krzyz-na-wilczarni\/#breadcrumb","itemListElement":[{"@type":"ListItem","position":1,"name":"Home","item":"https:\/\/siemysli-ke.info\/de\/"},{"@type":"ListItem","position":2,"name":"Stan\u0105\u0142 krzy\u017c na ,,Wilczarni\u201d"}]},{"@type":"WebSite","@id":"https:\/\/siemysli-ke.info\/de\/#website","url":"https:\/\/siemysli-ke.info\/de\/","name":"SI\u0118 MY\u015aLI","description":"","publisher":{"@id":"https:\/\/siemysli-ke.info\/de\/#organization"},"potentialAction":[{"@type":"SearchAction","target":{"@type":"EntryPoint","urlTemplate":"https:\/\/siemysli-ke.info\/de\/?s={search_term_string}"},"query-input":{"@type":"PropertyValueSpecification","valueRequired":true,"valueName":"search_term_string"}}],"inLanguage":"de"},{"@type":"Organization","@id":"https:\/\/siemysli-ke.info\/de\/#organization","name":"SI\u0118 MY\u015aLI","url":"https:\/\/siemysli-ke.info\/de\/","logo":{"@type":"ImageObject","inLanguage":"de","@id":"https:\/\/siemysli-ke.info\/de\/#\/schema\/logo\/image\/","url":"https:\/\/siemysli-ke.info\/wp-content\/uploads\/2025\/05\/99.png","contentUrl":"https:\/\/siemysli-ke.info\/wp-content\/uploads\/2025\/05\/99.png","width":270,"height":204,"caption":"SI\u0118 MY\u015aLI"},"image":{"@id":"https:\/\/siemysli-ke.info\/de\/#\/schema\/logo\/image\/"}},{"@type":"Person","@id":"https:\/\/siemysli-ke.info\/#\/schema\/person\/75326687448d6abf738b156f56385210","name":"...","image":{"@type":"ImageObject","inLanguage":"de","@id":"https:\/\/siemysli-ke.info\/de\/#\/schema\/person\/image\/","url":"https:\/\/secure.gravatar.com\/avatar\/33a3c2559155e1b4add65cf88cafda785aeb920f44b97c7055b07866ab5b13c2?s=96&d=mm&r=g","contentUrl":"https:\/\/secure.gravatar.com\/avatar\/33a3c2559155e1b4add65cf88cafda785aeb920f44b97c7055b07866ab5b13c2?s=96&d=mm&r=g","caption":"..."},"url":"https:\/\/siemysli-ke.info\/de\/author\/lele\/"}]}},"_links":{"self":[{"href":"https:\/\/siemysli-ke.info\/de\/wp-json\/wp\/v2\/posts\/16861","targetHints":{"allow":["GET"]}}],"collection":[{"href":"https:\/\/siemysli-ke.info\/de\/wp-json\/wp\/v2\/posts"}],"about":[{"href":"https:\/\/siemysli-ke.info\/de\/wp-json\/wp\/v2\/types\/post"}],"author":[{"embeddable":true,"href":"https:\/\/siemysli-ke.info\/de\/wp-json\/wp\/v2\/users\/3"}],"replies":[{"embeddable":true,"href":"https:\/\/siemysli-ke.info\/de\/wp-json\/wp\/v2\/comments?post=16861"}],"version-history":[{"count":0,"href":"https:\/\/siemysli-ke.info\/de\/wp-json\/wp\/v2\/posts\/16861\/revisions"}],"wp:featuredmedia":[{"embeddable":true,"href":"https:\/\/siemysli-ke.info\/de\/wp-json\/wp\/v2\/media\/16862"}],"wp:attachment":[{"href":"https:\/\/siemysli-ke.info\/de\/wp-json\/wp\/v2\/media?parent=16861"}],"wp:term":[{"taxonomy":"category","embeddable":true,"href":"https:\/\/siemysli-ke.info\/de\/wp-json\/wp\/v2\/categories?post=16861"},{"taxonomy":"post_tag","embeddable":true,"href":"https:\/\/siemysli-ke.info\/de\/wp-json\/wp\/v2\/tags?post=16861"}],"curies":[{"name":"wp","href":"https:\/\/api.w.org\/{rel}","templated":true}]}}