 {"id":16815,"date":"2015-09-04T01:10:14","date_gmt":"2015-09-03T23:10:14","guid":{"rendered":"http:\/\/www.siemysli.info.ke\/?p=16815"},"modified":"2015-09-04T01:18:47","modified_gmt":"2015-09-03T23:18:47","slug":"zimna-biologia","status":"publish","type":"post","link":"https:\/\/siemysli-ke.info\/de\/zimna-biologia\/","title":{"rendered":"Zimna biologia"},"content":{"rendered":"<p style=\"text-align: justify;\"><a href=\"http:\/\/www.siemysli.info.ke\/wp-content\/uploads\/2015\/09\/christiane_nuesslein-volhard.jpg\" rel=\"lightbox[16815]\"><img decoding=\"async\" class=\"alignleft size-medium wp-image-16818\" src=\"http:\/\/www.siemysli.info.ke\/wp-content\/uploads\/2015\/09\/christiane_nuesslein-volhard-300x200.jpg\" alt=\"Christiane_N\u00fcsslein-Volhard\" width=\"300\" height=\"200\" srcset=\"https:\/\/siemysli-ke.info\/wp-content\/uploads\/2015\/09\/christiane_nuesslein-volhard-300x200.jpg 300w, https:\/\/siemysli-ke.info\/wp-content\/uploads\/2015\/09\/christiane_nuesslein-volhard.jpg 1024w\" sizes=\"(max-width: 300px) 100vw, 300px\" \/><\/a><strong>Zbigniew Sajn\u00f3g proponuje Czytelnikom <em>Si\u0119My\u015bli<\/em> fragment <em>Odzyskiwania rozumu<\/em>, ksi\u0105\u017cki, kt\u00f3ra w zasadzie ju\u017c gotowa czeka na wydawc\u0119. Od niej to pochodzi tytu\u0142 filmu Bartosza Paducha i Dariusza Dikti. Same eseje Zbyszka staraj\u0105 si\u0119 podwa\u017cy\u0107 obecn\u0105 uzurpacj\u0119 materializmu. Podobno NAUKOWO\u015a\u0106 to WY\u0141\u0104CZNIE materializm, rozum i korzystanie ze\u0144 \u2013 <em>to\u017ce<\/em> MATERIALIZM&#8230; Czy naprawd\u0119?<\/strong><\/p>\n<p style=\"text-align: right;\"><strong>Edward L. Soroka<\/strong><\/p>\n<p style=\"text-align: justify;\"><strong>\u00a0<\/strong><\/p>\n<p style=\"text-align: center;\"><strong>***********************************************************************************<br \/>\n<\/strong><\/p>\n<p style=\"text-align: justify;\">\u00a0\u00a0\u00a0\u00a0 <em>\u201eProfesor Christiane N\u00fcsslein-Volhard, (&#8230;) genetyk, dyrektor dzia\u0142u nauk biologicznych Instytutu Maksa Plancka w Tybindze. W 1995 roku wsp\u00f3lnie z E. F. Wieschausem i E. B. Lewisem dosta\u0142a Nagrod\u0119 Nobla z medycyny za prze\u0142omowe odkrycie \u2013 ustalili, \u017ce rozwojem zarodka muszki owocowej kieruje zaledwie kilka gen\u00f3w. To od nich zale\u017cy, gdzie wytworz\u0105 si\u0119 g\u0142owa, odn\u00f3\u017ca, skrzyd\u0142a. Ta sama prawid\u0142owo\u015b\u0107 obowi\u0105zuje u wszystkich zwierz\u0105t, r\u00f3wnie\u017c u cz\u0142owieka. Nieprawid\u0142owo\u015bci w budowie tych gen\u00f3w prowadz\u0105 do deformacji rozwojowych lub \u015bmierci zarodka. (&#8230;) W tym roku pani profesor odebra\u0142a Nagrod\u0119 Specjaln\u0105 60-lecia UNESCO, kt\u00f3r\u0105 otrzyma\u0142a za stworzenie fundacji, pomagaj\u0105cej finansowo m\u0142odym kobietom-naukowcom, kt\u00f3re wychowuj\u0105 dzieci.<\/em><\/p>\n<p style=\"text-align: justify;\"><em>\u00a0<\/em><\/p>\n<p style=\"text-align: justify;\"><em>\u00a0\u00a0\u00a0\u00a0 Profesor Christiane N\u00fcsslein-Volhard: \u2013 Zrozumia\u0142am, \u017ce \u017ale si\u0119 dzieje, gdy zrezygnowa\u0142a z pracy jedna z moich doktorantek. Urodzi\u0142a dziecko i przysz\u0142a mi o\u015bwiadczy\u0107, \u017ce od tej pory mo\u017ce prowadzi\u0107 badania na p\u00f3\u0142 gwizdka. To by\u0142 cios, bo to bardzo zdolna dziewczyna, prowadzi\u0142a niezwykle interesuj\u0105cy projekt, a jej decyzja w\u0142a\u015bciwie go grzeba\u0142a. Powiedzia\u0142am sobie, \u017ce znios\u0119 to p\u00f3\u0142 roku, a potem chc\u0119 ju\u017c w pe\u0142ni korzysta\u0107 z jej talent\u00f3w badawczych.<\/em><\/p>\n<p style=\"text-align: justify;\"><em>\u00a0\u00a0\u00a0\u00a0 Kiedy\u015b pomaga\u0142am wychowywa\u0107 ma\u0142e dziecko mojej siostry. Dziecko by\u0142o bardzo grzeczne, ale mimo wszystko to by\u0142o prawie nie do zniesienia. Nieustanne patrzenie, czy ma\u0142e \u015bpi, czy nie, zmienianie pieluszek \u2013 to tak intelektualnie puste, \u017ce nie mo\u017cna dopu\u015bci\u0107, by zdolne m\u0142ode kobiety marnowa\u0142y w ten spos\u00f3b sw\u00f3j talent.<\/em><\/p>\n<p style=\"text-align: justify;\"><em>\u00a0\u00a0\u00a0\u00a0 Okaza\u0142o si\u0119, i\u017c wielu kobiet nie sta\u0107 na dobr\u0105 opiekunk\u0119 dla dziecka. Z tym akurat mogli\u015bmy co\u015b zrobi\u0107. P\u0142acimy m\u0142odym kobietom naukowcom po 400 euro miesi\u0119cznie, a one op\u0142acaj\u0105 pomoc domow\u0105, opiekunk\u0119. Na razie mamy osiem stypendystek. Ka\u017cda musia\u0142a przedstawi\u0107 plan, w jaki spos\u00f3b pieni\u0105dze pomog\u0105 jej rozwija\u0107 si\u0119 naukowo.<\/em><\/p>\n<p style=\"text-align: justify;\"><em>\u00a0\u00a0\u00a0\u00a0 W sierpniu podsumujemy pierwsze efekty dzia\u0142ania fundacji i zobaczymy, w jakim kierunku b\u0119dzie si\u0119 ona rozwija\u0107. Niestety zmieni\u0107 stereotypy i m\u0119\u017cczyzn nie jeste\u015bmy w stanie.(&#8230;)<\/em><\/p>\n<p style=\"text-align: justify;\"><em>\u00a0\u00a0\u00a0\u00a0 Bartosz T. Wieli\u0144ski: \u2013 Co powinno si\u0119 zmieni\u0107?<\/em><\/p>\n<p style=\"text-align: justify;\"><em>\u00a0 \u00a0\u00a0 Profesor Christiane N\u00fcsslein-Volhard: \u2013 Powinny powstawa\u0107 profesjonalne \u017c\u0142obki i profesjonalna kadra opiekun\u00f3w. Kobiety naukowcy zawsze zwracaj\u0105 uwag\u0119 na jako\u015b\u0107, w tym wypadku na jako\u015b\u0107 wychowania. A przecie\u017c szwagierka czy babcia nie zawsze s\u0105 w stanie to zagwarantowa\u0107. \u017b\u0142obki powinno si\u0119 zak\u0142ada\u0107 blisko miejsca pracy, tak, by matki nie musia\u0142y podr\u00f3\u017cowa\u0107 na drugi koniec miasta po dzieci. Trzeba te\u017c, by pracodawcy zrozumieli, \u017ce pierwszy okres po tym, jak na \u015bwiat przychodzi dziecko jest dla kobiet szczeg\u00f3lnie ci\u0119\u017cki. Pracuj\u0105 u mnie dwie m\u0142ode matki i widz\u0119, ile wysi\u0142ku wk\u0142adaj\u0105 w pogodzenie pracy z rodzin\u0105. Trzeba im pomaga\u0107.\u201d<\/em><em>\u00a0<\/em><\/p>\n<p style=\"text-align: right;\"><em>\u00a0\u00a0\u00a0\u00a0\u00a0\u00a0\u00a0\u00a0\u00a0\u00a0\u00a0\u00a0\u00a0\u00a0\u00a0\u00a0\u00a0\u00a0\u00a0\u00a0 \u00a0\u00a0\u00a0\u00a0\u00a0\u00a0\u00a0\u00a0\u00a0\u00a0\u00a0\u00a0\u00a0\u00a0\u00a0\u00a0\u00a0\u00a0\u00a0\u00a0\u00a0\u00a0\u00a0<\/em>Z profesor Christiane N\u00fcsslein-Volhard rozmawia Bartosz T. Wieli\u0144ski <em>\u00a0<\/em><\/p>\n<p style=\"text-align: justify;\">\u00a0 \u00a0\u00a0 Gdyby\u015bmy rozmawiali o samochodach, nie dziwi\u0142oby nas, \u017ce kto\u015b na przyk\u0142ad interesuje si\u0119 elektromechanik\u0105 i dla niego sk\u0142adanie, naprawianie, montowanie rozrusznik\u00f3w &#8211; s\u0105 zaj\u0119ciem pasjonuj\u0105cym \u2013 ale ju\u017c je\u017cd\u017cenie samochodem go nie bawi. No, mo\u017cemy to rozumie\u0107, nie jest to jako\u015b specjalnie dziwne. Ale w kwestiach, o kt\u00f3rych m\u00f3wi pani profesor i kt\u00f3rymi si\u0119 zajmuje, mamy do czynienia z czym\u015b zupe\u0142nie innym \u2013 m\u00f3wimy o \u017cywych istotach, o stworzeniach \u2013 o cz\u0142owieku! M\u00f3wimy o medycynie, o\u00a0 b i o l o g i i \u2013 wi\u0119c o\u00a0 \u017c y c i u.<\/p>\n<p style=\"text-align: justify;\">\u00a0 \u00a0\u00a0 To ma by\u0107 zatem tak: \u201ePasjonuj\u0105 mnie podzespo\u0142y \u017cycia, ale \u017cycie samo i jego cel i sens, jego zasadnicze sprawy \u2013 ju\u017c nie. Mog\u0119 naprawi\u0107 organizm \u2013 ale dziecko, ma\u0142y cz\u0142owiek mnie nie obchodzi, zajmowanie si\u0119 nim uwa\u017cam za intelektualnie puste \u2013 nale\u017cy je przekaza\u0107 powo\u0142anym do tego, wyspecjalizowanym s\u0142u\u017cbom. Stanie si\u0119 ono warte uwagi, je\u015bli oka\u017ce kiedy\u015b talent do naprawiania organizm\u00f3w\u201d.<\/p>\n<p style=\"text-align: justify;\">\u00a0 \u00a0\u00a0 Pojedyncze kom\u00f3rki osoby s\u0105 pasjonuj\u0105ce \u2013 ale w og\u00f3le ta osoba \u2013 nie. Zajmowanie si\u0119 ni\u0105 to strata czasu.<\/p>\n<p style=\"text-align: justify;\">\u00a0 \u00a0\u00a0 Ludzie tak my\u015bl\u0105cy, tak czuj\u0105cy, tak pojmuj\u0105cy nauk\u0119, uwa\u017caj\u0105 si\u0119 za powo\u0142anych i jedynie umocowanych, by definiowa\u0107 \u017cycie, zamykaj\u0105co wypowiada\u0107 si\u0119 o cz\u0142owieku, jego pochodzeniu&#8230; O sensie \u017cycia.<\/p>\n<p style=\"text-align: justify;\">\u00a0 \u00a0\u00a0 Zafascynowanie organizmem i odrzucenie osoby, to co\u015b jak pornografia, jak wizyta w domu publicznym.<\/p>\n<p style=\"text-align: justify;\">\u00a0 \u00a0\u00a0 Ten, teraz tak ma\u0142y, cz\u0142owiek mo\u017ce \u017cy\u0107 w wieczno\u015bci z Bogiem. Mo\u017ce dokona\u0107 w \u017cyciu czyn\u00f3w takich lub innych, dobrych lub z\u0142ych, mo\u017ce by\u0107 zbrodniarzem \u2013 a mo\u017ce ratowa\u0107 wielu&#8230; Je\u015bli czuwanie przy nim, teraz tak ma\u0142ym, mia\u0142oby by\u0107 intelektualnie puste \u2013 zaiste n\u0119dzny to intelekt.<\/p>\n<p style=\"text-align: justify;\">\u00a0 \u00a0\u00a0 W jaki spos\u00f3b rozumie si\u0119 intelekt, je\u015bli mi\u0142o\u015b\u0107 jest w nim strat\u0105 czasu. To jest intelekt? To jest naukowe?<\/p>\n<p style=\"text-align: justify;\">\u00a0\u00a0\u00a0\u00a0 <strong>Badaczka cudu \u017cycia, dla kt\u00f3rej \u017cycie jest nudne<\/strong>&#8230; Dla kt\u00f3rej jest strat\u0105 czasu!<\/p>\n<p style=\"text-align: justify;\">\u00a0\u00a0\u00a0\u00a0 I to zdanie: \u201e<em>Kobiety-naukowcy zawsze zwracaj\u0105 uwag\u0119 na jako\u015b\u0107, w tym wypadku na jako\u015b\u0107 wychowania\u201d.<\/em> Ma\u0142a ludzka istota w niezwykle wa\u017cnych chwilach jej \u017cycia, chwilach o niezwyk\u0142ym znaczeniu dla ca\u0142ego jej przysz\u0142ego \u017cycia \u2013 i \u201ewysokiej jako\u015bci obs\u0142uga\u201d. <strong>\u201eJako\u015b\u0107 wychowania\u201d. S\u0142owo: mi\u0142o\u015b\u0107 \u2013 jakby nie istnia\u0142o.<\/strong><strong>\u00a0<\/strong><\/p>\n<p style=\"text-align: justify;\">\u00a0 \u00a0\u00a0 \u25a0<\/p>\n<p style=\"text-align: justify;\">\u00a0 \u00a0\u00a0 Mechaniczne traktowanie \u017cycia jest absurdalne, w sobie sprzeczne. Widzimy to na przywo\u0142anym przyk\u0142adzie: pasjonowanie si\u0119 czym\u015b, co sk\u0142ada si\u0119 na ca\u0142o\u015b\u0107, kt\u00f3r\u0105 uwa\u017ca si\u0119 za nieinteresuj\u0105c\u0105, intelektualnie pust\u0105&#8230; Zajmuj\u0105cy jest mechanizm \u2013 ale ju\u017c ca\u0142o\u015b\u0107, \u201ekt\u00f3r\u0105 powo\u0142uje\u201d, jest tak niezno\u015bnie nudna, \u017ce trzeba ow\u0105 ca\u0142o\u015b\u0107 komu\u015b zleci\u0107, by mie\u0107 czas na te \u201epasjonuj\u0105ce elementy\u201d. To brzmi jak fiksacja. To paradoks zimnej biologii.<\/p>\n<p style=\"text-align: justify;\">\u00a0\u00a0\u00a0\u00a0 Dla takiej biologii zamra\u017canie ludzi (<em>in vitro<\/em>) nie jest problemem. Zamra\u017canie ludzi jest zwyk\u0142\u0105 konsekwencj\u0105 zimnej biologii.<\/p>\n<p style=\"text-align: justify;\">\u00a0 \u00a0\u00a0 Przemys\u0142owa techno-biologia. C\u00f3\u017c, najwy\u017cej si\u0119 nie uda&#8230;<\/p>\n<p style=\"text-align: justify;\">\u00a0 \u00a0\u00a0 \u25a0<\/p>\n<p style=\"text-align: justify;\">\u00a0 \u00a0\u00a0 Mo\u017cemy na tym przyk\u0142adzie pogl\u0105dowo obserwowa\u0107 rozej\u015bcie si\u0119 biologii z \u017cyciem.<\/p>\n<p style=\"text-align: justify;\">\u00a0 \u00a0\u00a0 \u25a0<\/p>\n<p style=\"text-align: justify;\">\u00a0 \u00a0\u00a0 Biolodzy s\u0105 tak blisko \u017cycia&#8230; Przypomina to sytuacj\u0119, gdy jaki\u015b przedmiot trzyma si\u0119 zbyt blisko oczu, tak blisko, \u017ce rozmywa si\u0119 jego obraz i rozpozna\u0107 &#8211; co to jest &#8211; nie mo\u017cna.<\/p>\n<p style=\"text-align: justify;\"><strong>Bibliografia:<\/strong>\u00a0 \u00a0<em>Noblistka da na nia\u0144k\u0119<\/em>, rozmowa Bartosza T. Wieli\u0144skiego z profesor Christiane N\u00fcsslein-Volhard, <em>\u201e<\/em>Wysokie obcasy<em>\u201d<\/em>, 22. 07. 2006, ss. 30 &#8211; 32.<\/p>\n<p style=\"text-align: right;\"><strong>Zbigniew Sajn\u00f3g<\/strong><\/p>\n<p>&nbsp;<\/p>\n","protected":false},"excerpt":{"rendered":"<p>Zbigniew Sajn\u00f3g proponuje Czytelnikom Si\u0119My\u015bli fragment Odzyskiwania rozumu, ksi\u0105\u017cki, kt\u00f3ra w zasadzie ju\u017c gotowa czeka na wydawc\u0119. Od niej to<\/p>\n","protected":false},"author":3,"featured_media":16818,"comment_status":"open","ping_status":"open","sticky":false,"template":"","format":"standard","meta":{"colormag_page_layout":"default_layout","footnotes":""},"categories":[3,4],"tags":[3074,89,3073,3076,3075,293,92,3078,3077,1331],"class_list":["post-16815","post","type-post","status-publish","format-standard","has-post-thumbnail","hentry","category-kultura","category-nauka","tag-bartosz-t-wielinski","tag-breaking","tag-christiane-nusslein-volhard","tag-e-b-lewis","tag-e-f-wieschaus","tag-edward-l-soroka","tag-headline","tag-instytut-maksa-plancka-w-tybindze","tag-unesco","tag-zbigniew-sajnog"],"yoast_head":"<!-- This site is optimized with the Yoast SEO plugin v25.1 - https:\/\/yoast.com\/wordpress\/plugins\/seo\/ -->\n<title>Zimna biologia - SI\u0118 MY\u015aLI<\/title>\n<meta name=\"robots\" content=\"index, follow, max-snippet:-1, max-image-preview:large, max-video-preview:-1\" \/>\n<link rel=\"canonical\" href=\"https:\/\/siemysli-ke.info\/de\/zimna-biologia\/\" \/>\n<meta property=\"og:locale\" content=\"de_DE\" \/>\n<meta property=\"og:type\" content=\"article\" \/>\n<meta property=\"og:title\" content=\"Zimna biologia - SI\u0118 MY\u015aLI\" \/>\n<meta property=\"og:description\" content=\"Zbigniew Sajn\u00f3g proponuje Czytelnikom Si\u0119My\u015bli fragment Odzyskiwania rozumu, ksi\u0105\u017cki, kt\u00f3ra w zasadzie ju\u017c gotowa czeka na wydawc\u0119. Od niej to\" \/>\n<meta property=\"og:url\" content=\"https:\/\/siemysli-ke.info\/de\/zimna-biologia\/\" \/>\n<meta property=\"og:site_name\" content=\"SI\u0118 MY\u015aLI\" \/>\n<meta property=\"article:published_time\" content=\"2015-09-03T23:10:14+00:00\" \/>\n<meta property=\"article:modified_time\" content=\"2015-09-03T23:18:47+00:00\" \/>\n<meta property=\"og:image\" content=\"https:\/\/siemysli-ke.info\/wp-content\/uploads\/2015\/09\/christiane_nuesslein-volhard.jpg\" \/>\n\t<meta property=\"og:image:width\" content=\"1024\" \/>\n\t<meta property=\"og:image:height\" content=\"683\" \/>\n\t<meta property=\"og:image:type\" content=\"image\/jpeg\" \/>\n<meta name=\"author\" content=\"...\" \/>\n<meta name=\"twitter:label1\" content=\"Verfasst von\" \/>\n\t<meta name=\"twitter:data1\" content=\"...\" \/>\n\t<meta name=\"twitter:label2\" content=\"Gesch\u00e4tzte Lesezeit\" \/>\n\t<meta name=\"twitter:data2\" content=\"6\u00a0Minuten\" \/>\n<script type=\"application\/ld+json\" class=\"yoast-schema-graph\">{\"@context\":\"https:\/\/schema.org\",\"@graph\":[{\"@type\":\"Article\",\"@id\":\"https:\/\/siemysli-ke.info\/de\/zimna-biologia\/#article\",\"isPartOf\":{\"@id\":\"https:\/\/siemysli-ke.info\/de\/zimna-biologia\/\"},\"author\":{\"name\":\"...\",\"@id\":\"https:\/\/siemysli-ke.info\/#\/schema\/person\/75326687448d6abf738b156f56385210\"},\"headline\":\"Zimna biologia\",\"datePublished\":\"2015-09-03T23:10:14+00:00\",\"dateModified\":\"2015-09-03T23:18:47+00:00\",\"mainEntityOfPage\":{\"@id\":\"https:\/\/siemysli-ke.info\/de\/zimna-biologia\/\"},\"wordCount\":1102,\"commentCount\":0,\"publisher\":{\"@id\":\"https:\/\/siemysli-ke.info\/#organization\"},\"image\":{\"@id\":\"https:\/\/siemysli-ke.info\/de\/zimna-biologia\/#primaryimage\"},\"thumbnailUrl\":\"https:\/\/siemysli-ke.info\/wp-content\/uploads\/2015\/09\/christiane_nuesslein-volhard.jpg\",\"keywords\":[\"Bartosz T. Wieli\u0144ski\",\"breaking\",\"Christiane N\u00fcsslein-Volhard\",\"E. B. Lewis\",\"E. F. Wieschaus\",\"Edward L. Soroka\",\"headline\",\"Instytut Maksa Plancka w Tybindze\",\"UNESCO\",\"Zbigniew Sajn\u00f3g\"],\"articleSection\":[\"Kultura\",\"Nauka\"],\"inLanguage\":\"de\",\"potentialAction\":[{\"@type\":\"CommentAction\",\"name\":\"Comment\",\"target\":[\"https:\/\/siemysli-ke.info\/de\/zimna-biologia\/#respond\"]}]},{\"@type\":\"WebPage\",\"@id\":\"https:\/\/siemysli-ke.info\/de\/zimna-biologia\/\",\"url\":\"https:\/\/siemysli-ke.info\/de\/zimna-biologia\/\",\"name\":\"Zimna biologia - SI\u0118 MY\u015aLI\",\"isPartOf\":{\"@id\":\"https:\/\/siemysli-ke.info\/de\/#website\"},\"primaryImageOfPage\":{\"@id\":\"https:\/\/siemysli-ke.info\/de\/zimna-biologia\/#primaryimage\"},\"image\":{\"@id\":\"https:\/\/siemysli-ke.info\/de\/zimna-biologia\/#primaryimage\"},\"thumbnailUrl\":\"https:\/\/siemysli-ke.info\/wp-content\/uploads\/2015\/09\/christiane_nuesslein-volhard.jpg\",\"datePublished\":\"2015-09-03T23:10:14+00:00\",\"dateModified\":\"2015-09-03T23:18:47+00:00\",\"breadcrumb\":{\"@id\":\"https:\/\/siemysli-ke.info\/de\/zimna-biologia\/#breadcrumb\"},\"inLanguage\":\"de\",\"potentialAction\":[{\"@type\":\"ReadAction\",\"target\":[[\"https:\/\/siemysli-ke.info\/de\/zimna-biologia\/\"]]}]},{\"@type\":\"ImageObject\",\"inLanguage\":\"de\",\"@id\":\"https:\/\/siemysli-ke.info\/de\/zimna-biologia\/#primaryimage\",\"url\":\"https:\/\/siemysli-ke.info\/wp-content\/uploads\/2015\/09\/christiane_nuesslein-volhard.jpg\",\"contentUrl\":\"https:\/\/siemysli-ke.info\/wp-content\/uploads\/2015\/09\/christiane_nuesslein-volhard.jpg\",\"width\":1024,\"height\":683},{\"@type\":\"BreadcrumbList\",\"@id\":\"https:\/\/siemysli-ke.info\/de\/zimna-biologia\/#breadcrumb\",\"itemListElement\":[{\"@type\":\"ListItem\",\"position\":1,\"name\":\"Home\",\"item\":\"https:\/\/siemysli-ke.info\/de\/\"},{\"@type\":\"ListItem\",\"position\":2,\"name\":\"Zimna biologia\"}]},{\"@type\":\"WebSite\",\"@id\":\"https:\/\/siemysli-ke.info\/de\/#website\",\"url\":\"https:\/\/siemysli-ke.info\/de\/\",\"name\":\"SI\u0118 MY\u015aLI\",\"description\":\"\",\"publisher\":{\"@id\":\"https:\/\/siemysli-ke.info\/de\/#organization\"},\"potentialAction\":[{\"@type\":\"SearchAction\",\"target\":{\"@type\":\"EntryPoint\",\"urlTemplate\":\"https:\/\/siemysli-ke.info\/de\/?s={search_term_string}\"},\"query-input\":{\"@type\":\"PropertyValueSpecification\",\"valueRequired\":true,\"valueName\":\"search_term_string\"}}],\"inLanguage\":\"de\"},{\"@type\":\"Organization\",\"@id\":\"https:\/\/siemysli-ke.info\/de\/#organization\",\"name\":\"SI\u0118 MY\u015aLI\",\"url\":\"https:\/\/siemysli-ke.info\/de\/\",\"logo\":{\"@type\":\"ImageObject\",\"inLanguage\":\"de\",\"@id\":\"https:\/\/siemysli-ke.info\/de\/#\/schema\/logo\/image\/\",\"url\":\"https:\/\/siemysli-ke.info\/wp-content\/uploads\/2025\/05\/99.png\",\"contentUrl\":\"https:\/\/siemysli-ke.info\/wp-content\/uploads\/2025\/05\/99.png\",\"width\":270,\"height\":204,\"caption\":\"SI\u0118 MY\u015aLI\"},\"image\":{\"@id\":\"https:\/\/siemysli-ke.info\/de\/#\/schema\/logo\/image\/\"}},{\"@type\":\"Person\",\"@id\":\"https:\/\/siemysli-ke.info\/#\/schema\/person\/75326687448d6abf738b156f56385210\",\"name\":\"...\",\"image\":{\"@type\":\"ImageObject\",\"inLanguage\":\"de\",\"@id\":\"https:\/\/siemysli-ke.info\/de\/#\/schema\/person\/image\/\",\"url\":\"https:\/\/secure.gravatar.com\/avatar\/33a3c2559155e1b4add65cf88cafda785aeb920f44b97c7055b07866ab5b13c2?s=96&d=mm&r=g\",\"contentUrl\":\"https:\/\/secure.gravatar.com\/avatar\/33a3c2559155e1b4add65cf88cafda785aeb920f44b97c7055b07866ab5b13c2?s=96&d=mm&r=g\",\"caption\":\"...\"},\"url\":\"https:\/\/siemysli-ke.info\/de\/author\/lele\/\"}]}<\/script>\n<!-- \/ Yoast SEO plugin. -->","yoast_head_json":{"title":"Zimna biologia - SI\u0118 MY\u015aLI","robots":{"index":"index","follow":"follow","max-snippet":"max-snippet:-1","max-image-preview":"max-image-preview:large","max-video-preview":"max-video-preview:-1"},"canonical":"https:\/\/siemysli-ke.info\/de\/zimna-biologia\/","og_locale":"de_DE","og_type":"article","og_title":"Zimna biologia - SI\u0118 MY\u015aLI","og_description":"Zbigniew Sajn\u00f3g proponuje Czytelnikom Si\u0119My\u015bli fragment Odzyskiwania rozumu, ksi\u0105\u017cki, kt\u00f3ra w zasadzie ju\u017c gotowa czeka na wydawc\u0119. Od niej to","og_url":"https:\/\/siemysli-ke.info\/de\/zimna-biologia\/","og_site_name":"SI\u0118 MY\u015aLI","article_published_time":"2015-09-03T23:10:14+00:00","article_modified_time":"2015-09-03T23:18:47+00:00","og_image":[{"width":1024,"height":683,"url":"https:\/\/siemysli-ke.info\/wp-content\/uploads\/2015\/09\/christiane_nuesslein-volhard.jpg","type":"image\/jpeg"}],"author":"...","twitter_misc":{"Verfasst von":"...","Gesch\u00e4tzte Lesezeit":"6\u00a0Minuten"},"schema":{"@context":"https:\/\/schema.org","@graph":[{"@type":"Article","@id":"https:\/\/siemysli-ke.info\/de\/zimna-biologia\/#article","isPartOf":{"@id":"https:\/\/siemysli-ke.info\/de\/zimna-biologia\/"},"author":{"name":"...","@id":"https:\/\/siemysli-ke.info\/#\/schema\/person\/75326687448d6abf738b156f56385210"},"headline":"Zimna biologia","datePublished":"2015-09-03T23:10:14+00:00","dateModified":"2015-09-03T23:18:47+00:00","mainEntityOfPage":{"@id":"https:\/\/siemysli-ke.info\/de\/zimna-biologia\/"},"wordCount":1102,"commentCount":0,"publisher":{"@id":"https:\/\/siemysli-ke.info\/#organization"},"image":{"@id":"https:\/\/siemysli-ke.info\/de\/zimna-biologia\/#primaryimage"},"thumbnailUrl":"https:\/\/siemysli-ke.info\/wp-content\/uploads\/2015\/09\/christiane_nuesslein-volhard.jpg","keywords":["Bartosz T. Wieli\u0144ski","breaking","Christiane N\u00fcsslein-Volhard","E. B. Lewis","E. F. Wieschaus","Edward L. Soroka","headline","Instytut Maksa Plancka w Tybindze","UNESCO","Zbigniew Sajn\u00f3g"],"articleSection":["Kultura","Nauka"],"inLanguage":"de","potentialAction":[{"@type":"CommentAction","name":"Comment","target":["https:\/\/siemysli-ke.info\/de\/zimna-biologia\/#respond"]}]},{"@type":"WebPage","@id":"https:\/\/siemysli-ke.info\/de\/zimna-biologia\/","url":"https:\/\/siemysli-ke.info\/de\/zimna-biologia\/","name":"Zimna biologia - SI\u0118 MY\u015aLI","isPartOf":{"@id":"https:\/\/siemysli-ke.info\/de\/#website"},"primaryImageOfPage":{"@id":"https:\/\/siemysli-ke.info\/de\/zimna-biologia\/#primaryimage"},"image":{"@id":"https:\/\/siemysli-ke.info\/de\/zimna-biologia\/#primaryimage"},"thumbnailUrl":"https:\/\/siemysli-ke.info\/wp-content\/uploads\/2015\/09\/christiane_nuesslein-volhard.jpg","datePublished":"2015-09-03T23:10:14+00:00","dateModified":"2015-09-03T23:18:47+00:00","breadcrumb":{"@id":"https:\/\/siemysli-ke.info\/de\/zimna-biologia\/#breadcrumb"},"inLanguage":"de","potentialAction":[{"@type":"ReadAction","target":[["https:\/\/siemysli-ke.info\/de\/zimna-biologia\/"]]}]},{"@type":"ImageObject","inLanguage":"de","@id":"https:\/\/siemysli-ke.info\/de\/zimna-biologia\/#primaryimage","url":"https:\/\/siemysli-ke.info\/wp-content\/uploads\/2015\/09\/christiane_nuesslein-volhard.jpg","contentUrl":"https:\/\/siemysli-ke.info\/wp-content\/uploads\/2015\/09\/christiane_nuesslein-volhard.jpg","width":1024,"height":683},{"@type":"BreadcrumbList","@id":"https:\/\/siemysli-ke.info\/de\/zimna-biologia\/#breadcrumb","itemListElement":[{"@type":"ListItem","position":1,"name":"Home","item":"https:\/\/siemysli-ke.info\/de\/"},{"@type":"ListItem","position":2,"name":"Zimna biologia"}]},{"@type":"WebSite","@id":"https:\/\/siemysli-ke.info\/de\/#website","url":"https:\/\/siemysli-ke.info\/de\/","name":"SI\u0118 MY\u015aLI","description":"","publisher":{"@id":"https:\/\/siemysli-ke.info\/de\/#organization"},"potentialAction":[{"@type":"SearchAction","target":{"@type":"EntryPoint","urlTemplate":"https:\/\/siemysli-ke.info\/de\/?s={search_term_string}"},"query-input":{"@type":"PropertyValueSpecification","valueRequired":true,"valueName":"search_term_string"}}],"inLanguage":"de"},{"@type":"Organization","@id":"https:\/\/siemysli-ke.info\/de\/#organization","name":"SI\u0118 MY\u015aLI","url":"https:\/\/siemysli-ke.info\/de\/","logo":{"@type":"ImageObject","inLanguage":"de","@id":"https:\/\/siemysli-ke.info\/de\/#\/schema\/logo\/image\/","url":"https:\/\/siemysli-ke.info\/wp-content\/uploads\/2025\/05\/99.png","contentUrl":"https:\/\/siemysli-ke.info\/wp-content\/uploads\/2025\/05\/99.png","width":270,"height":204,"caption":"SI\u0118 MY\u015aLI"},"image":{"@id":"https:\/\/siemysli-ke.info\/de\/#\/schema\/logo\/image\/"}},{"@type":"Person","@id":"https:\/\/siemysli-ke.info\/#\/schema\/person\/75326687448d6abf738b156f56385210","name":"...","image":{"@type":"ImageObject","inLanguage":"de","@id":"https:\/\/siemysli-ke.info\/de\/#\/schema\/person\/image\/","url":"https:\/\/secure.gravatar.com\/avatar\/33a3c2559155e1b4add65cf88cafda785aeb920f44b97c7055b07866ab5b13c2?s=96&d=mm&r=g","contentUrl":"https:\/\/secure.gravatar.com\/avatar\/33a3c2559155e1b4add65cf88cafda785aeb920f44b97c7055b07866ab5b13c2?s=96&d=mm&r=g","caption":"..."},"url":"https:\/\/siemysli-ke.info\/de\/author\/lele\/"}]}},"_links":{"self":[{"href":"https:\/\/siemysli-ke.info\/de\/wp-json\/wp\/v2\/posts\/16815","targetHints":{"allow":["GET"]}}],"collection":[{"href":"https:\/\/siemysli-ke.info\/de\/wp-json\/wp\/v2\/posts"}],"about":[{"href":"https:\/\/siemysli-ke.info\/de\/wp-json\/wp\/v2\/types\/post"}],"author":[{"embeddable":true,"href":"https:\/\/siemysli-ke.info\/de\/wp-json\/wp\/v2\/users\/3"}],"replies":[{"embeddable":true,"href":"https:\/\/siemysli-ke.info\/de\/wp-json\/wp\/v2\/comments?post=16815"}],"version-history":[{"count":0,"href":"https:\/\/siemysli-ke.info\/de\/wp-json\/wp\/v2\/posts\/16815\/revisions"}],"wp:featuredmedia":[{"embeddable":true,"href":"https:\/\/siemysli-ke.info\/de\/wp-json\/wp\/v2\/media\/16818"}],"wp:attachment":[{"href":"https:\/\/siemysli-ke.info\/de\/wp-json\/wp\/v2\/media?parent=16815"}],"wp:term":[{"taxonomy":"category","embeddable":true,"href":"https:\/\/siemysli-ke.info\/de\/wp-json\/wp\/v2\/categories?post=16815"},{"taxonomy":"post_tag","embeddable":true,"href":"https:\/\/siemysli-ke.info\/de\/wp-json\/wp\/v2\/tags?post=16815"}],"curies":[{"name":"wp","href":"https:\/\/api.w.org\/{rel}","templated":true}]}}