 {"id":16579,"date":"2015-08-18T18:41:53","date_gmt":"2015-08-18T16:41:53","guid":{"rendered":"http:\/\/www.siemysli.info.ke\/?p=16579"},"modified":"2015-08-18T18:44:49","modified_gmt":"2015-08-18T16:44:49","slug":"faustyna-na-zamku-w-toszku","status":"publish","type":"post","link":"https:\/\/siemysli-ke.info\/de\/faustyna-na-zamku-w-toszku\/","title":{"rendered":",,Faustyna\u201d na zamku w Toszku"},"content":{"rendered":"<p style=\"text-align: right;\"><img decoding=\"async\" class=\"alignleft size-medium wp-image-16581\" src=\"http:\/\/www.siemysli.info.ke\/wp-content\/uploads\/2015\/08\/DSC_0726-300x199.jpg\" alt=\"DSC_0726\" width=\"300\" height=\"199\" srcset=\"https:\/\/siemysli-ke.info\/wp-content\/uploads\/2015\/08\/DSC_0726-300x199.jpg 300w, https:\/\/siemysli-ke.info\/wp-content\/uploads\/2015\/08\/DSC_0726.jpg 465w\" sizes=\"(max-width: 300px) 100vw, 300px\" \/><strong><em>Nie rzucaj ojczystej mowy<\/em><\/strong><\/p>\n<p style=\"text-align: right;\"><strong><em>\u00a0<\/em><\/strong><\/p>\n<p style=\"text-align: right;\"><em>Ka\u017cdy Polak na obczy\u017anie,<\/em><\/p>\n<p style=\"text-align: right;\"><em>\u017cy\u0107 powinien w ojc\u00f3w wierze, piel\u0119gnowa\u0107 swoj\u0105 mow\u0119,<\/em><\/p>\n<p style=\"text-align: right;\"><em>i przekaza\u0107 j\u0105 m\u0142odzie\u017cy.<\/em><\/p>\n<p style=\"text-align: right;\"><em>Wszak\u017ce trwa ona od wiek\u00f3w, tak w niewoli jak w wolno\u015bci.<\/em><\/p>\n<p style=\"text-align: right;\"><em>J\u0105 ojcowie strzegli przekazuj\u0105c potomno\u015bci<\/em><\/p>\n<p style=\"text-align: right;\"><em>Ka\u017cdy Polak na obczy\u017anie, winien zawsze to pami\u0119ta\u0107, \u017ce ojczyzna \u2013 matk\u0105 jego.<\/em><\/p>\n<p style=\"text-align: right;\"><em>Polska mowa, to rzecz \u015bwi\u0119ta.<\/em><\/p>\n<p style=\"text-align: right;\"><em>\u00a0<\/em><\/p>\n<p style=\"text-align: right;\">(Fragment wiersza, wyg\u0142oszonego podczas pobytu m\u0142odzie\u017cy zespo\u0142u ,,Faustyna\u201d z R\u00f3wnego na zamku w Toszku \u2013 lipiec 2015 r.)<\/p>\n<p style=\"text-align: right;\">\n<p style=\"text-align: right;\">\n<p style=\"text-align: right;\">\n<p style=\"text-align: center;\"><a href=\"http:\/\/www.siemysli.info.ke\/wp-content\/uploads\/2015\/08\/DSCF6419.jpg\" rel=\"lightbox[16579]\"><img decoding=\"async\" class=\"size-full wp-image-16580\" src=\"http:\/\/www.siemysli.info.ke\/wp-content\/uploads\/2015\/08\/DSCF6419.jpg\" alt=\"DSCF6419\" width=\"158\" height=\"118\" \/><\/a><\/p>\n<p style=\"text-align: justify;\"><strong> <strong>Zesp\u00f3\u0142 wokalno-instrumentalny z R\u00f3wnego na Ukrainie\u00a0<\/strong> powsta\u0142 w 2000 roku. Od 15 <\/strong><strong>lat dzia\u0142a przy parafii \u015bw. Aposto\u0142\u00f3w Piotra i Paw\u0142a.<\/strong><strong>\u00a0<\/strong><\/p>\n<p style=\"text-align: justify;\"><strong>C<\/strong>z\u0142onkowie zespo\u0142u to m\u0142odzie\u017c, wywodz\u0105ca si\u0119 z polskich rodzin i rodzin mieszanych. W repertuarze zespo\u0142u s\u0105 polskie pie\u015bni patriotyczne, religijne, wiele miejsca po\u015bwi\u0119ca si\u0119 poezji &#8211; tak\u017ce tej, m\u00f3wi\u0105cej o mi\u0142o\u015bci do ojczystej ziemi. W programie ,,Faustyny\u201d jest wiele utwor\u00f3w ludowych, zwi\u0105zanych z folklorem i tradycjami ludowymi, \u015bci\u015ble zwi\u0105zanymi z okolicami Lwowa i ,,kraju &#8211; okr\u0119gu wo\u0142y\u0144skiego\u201d.<\/p>\n<p style=\"text-align: center;\"><a href=\"http:\/\/www.siemysli.info.ke\/wp-content\/uploads\/2015\/08\/DSC_0737.jpg\" rel=\"lightbox[16579]\"><img decoding=\"async\" class=\"size-medium wp-image-16582\" src=\"http:\/\/www.siemysli.info.ke\/wp-content\/uploads\/2015\/08\/DSC_0737-300x199.jpg\" alt=\"DSC_0737\" width=\"300\" height=\"199\" srcset=\"https:\/\/siemysli-ke.info\/wp-content\/uploads\/2015\/08\/DSC_0737-300x199.jpg 300w, https:\/\/siemysli-ke.info\/wp-content\/uploads\/2015\/08\/DSC_0737.jpg 465w\" sizes=\"(max-width: 300px) 100vw, 300px\" \/><\/a><\/p>\n<p style=\"text-align: justify;\"><strong>G<\/strong>rupa wokalno instrumentalna swoj\u0105 nazw\u0119 zawdzi\u0119cza \u015bw. Faustynie Kowalskiej &#8211; Aposto\u0142ce Bo\u017cego Mi\u0142osierdzia, przez wielu uwa\u017can\u0105 za najbardziej lubian\u0105 ze \u015bwi\u0119tych. \u015awi\u0119t\u0105 Faustyn\u0119 nazywano cz\u0119sto ,,Sekretark\u0105 Jezusa Mi\u0142osiernego\u201d, wielk\u0105 mistyczk\u0105, mistrzyni\u0105 \u017cycia duchowego. Warto przy tej okazji przytoczy\u0107 s\u0142owa Ojca \u015awi\u0119tego, Jana<\/p>\n<p style=\"text-align: justify;\">Paw\u0142a II, kt\u00f3ry napisa\u0142, \u017ce <em> w wieku wielkich totalitaryzm\u00f3w, siostra Faustyna sta\u0142a si\u0119 rzeczniczk\u0105 przes\u0142ania, i\u017c jedyn\u0105 si\u0142\u0105 zdoln\u0105 zr\u00f3wnowa\u017cy\u0107 ich z\u0142o jest prawda omi\u0142osierdziu Boga\u201d.<\/em><\/p>\n<p style=\"text-align: justify;\">Jej <em>Dzienniczek<\/em> nazwa\u0142 ,,<em>ewangeli\u0105 mi\u0142osierdzia, pisan\u0105 w perspektywie XX wieku\u201d,kt\u00f3ra pozwoli\u0142a ludziom przetrwa\u0107 niezwyk\u0142e bolesne do\u015bwiadczenia tych czas\u00f3w\u201d.<\/em><\/p>\n<p style=\"text-align: center;\"><a href=\"http:\/\/www.siemysli.info.ke\/wp-content\/uploads\/2015\/08\/DSC_0759.jpg\" rel=\"lightbox[16579]\"><img decoding=\"async\" class=\"aligncenter size-medium wp-image-16583\" src=\"http:\/\/www.siemysli.info.ke\/wp-content\/uploads\/2015\/08\/DSC_0759-300x199.jpg\" alt=\"DSC_0759\" width=\"300\" height=\"199\" srcset=\"https:\/\/siemysli-ke.info\/wp-content\/uploads\/2015\/08\/DSC_0759-300x199.jpg 300w, https:\/\/siemysli-ke.info\/wp-content\/uploads\/2015\/08\/DSC_0759.jpg 465w\" sizes=\"(max-width: 300px) 100vw, 300px\" \/><\/a><\/p>\n<p style=\"text-align: justify;\">Wybrane fragmenty cytat\u00f3w pochodz\u0105 z opis\u00f3w \u017cywota \u015bwi\u0119tej. (Wi\u0119cej na www.faustyna.pl\/zmbm\/biografia Zgromadzenie Si\u00f3str Matki Bo\u017cej Mi\u0142osierdzia).<\/p>\n<p style=\"text-align: justify;\"><strong>N<\/strong>ic wi\u0119c dziwnego, i\u017c obieraj\u0105c sobie za opiekunk\u0119 duchow\u0105 i patronk\u0119 tak\u0105 osob\u0119, zesp\u00f3\u0142 \u015bwi\u0119ci tryumfy nie tylko na Ukrainie &#8211; ale tak\u017ce w Polsce.<\/p>\n<p style=\"text-align: justify;\"><strong>W <\/strong>tym roku m\u0142odzie\u017c z okr\u0119gu wo\u0142y\u0144skiego przyby\u0142a do Polski na zaproszenie pani Krystyny Brzezi\u0144skiej z opolskiego Klubu Inteligencji Katolickiej, kt\u00f3ra od wielu lat prowadzi akcje pomocy dzieciom i m\u0142odzie\u017cy z Kres\u00f3w.<\/p>\n<p style=\"text-align: center;\"><a href=\"http:\/\/www.siemysli.info.ke\/wp-content\/uploads\/2015\/08\/DSC_0719.jpg\" rel=\"lightbox[16579]\"><img decoding=\"async\" class=\"aligncenter size-medium wp-image-16584\" src=\"http:\/\/www.siemysli.info.ke\/wp-content\/uploads\/2015\/08\/DSC_0719-199x300.jpg\" alt=\"DSC_0719\" width=\"199\" height=\"300\" srcset=\"https:\/\/siemysli-ke.info\/wp-content\/uploads\/2015\/08\/DSC_0719-199x300.jpg 199w, https:\/\/siemysli-ke.info\/wp-content\/uploads\/2015\/08\/DSC_0719.jpg 457w\" sizes=\"(max-width: 199px) 100vw, 199px\" \/><\/a><\/p>\n<p style=\"text-align: justify;\"><strong>M<\/strong>\u0142odzi ludzie wakacje w Polsce sp\u0119dz\u0105 w nagrod\u0119 za bardzo dobre wyniki w nauce j\u0119zyka i wiedzy o Polsce. Na G\u00f3rnym \u015al\u0105sku odwiedzili wiele miast, mi\u0119dzy innymi zwiedzali Opole i Gliwice, gdzie mieli okazj\u0119 bli\u017cej zapozna\u0107 si\u0119 z obiektem, kt\u00f3ry jest, niestety, symbolem rozpocz\u0119cia II wojny \u015bwiatowej. Dzi\u015b radiostacja gliwicka, nazywana tak\u017ce przez mieszka\u0144c\u00f3w \u201egliwick\u0105 wie\u017c\u0105 Eiffla\u201d, sta\u0142a si\u0119 tak\u017ce atrakcj\u0105 turystyczn\u0105 z innego powodu, g\u0142\u00f3wnie ze wzgl\u0119du na szczeg\u00f3lne rozwi\u0105zania techniczne, zwi\u0105zane z jej budow\u0105, o tym wszystkim m\u0142odzie\u017c z R\u00f3wnego dowiedzia\u0142a si\u0119 ju\u017c na miejscu.<\/p>\n<p style=\"text-align: justify;\"><strong>C<\/strong>zas, sp\u0119dzony na wakacjach w Polsce, by\u0142 dla nich &#8211; jak wida\u0107 &#8211; kolejn\u0105 lekcj\u0105 wiedzy o kraju dziad\u00f3w i ojc\u00f3w. Tak prze\u017cyte wakacje stan\u0105 si\u0119 dla m\u0142odzie\u017cy czym\u015b wi\u0119cej, ani\u017celi kolonijnym wypoczynkiem.<\/p>\n<p style=\"text-align: center;\"><a href=\"http:\/\/www.siemysli.info.ke\/wp-content\/uploads\/2015\/08\/DSCF6482.jpg\" rel=\"lightbox[16579]\"><img decoding=\"async\" class=\"aligncenter size-full wp-image-16585\" src=\"http:\/\/www.siemysli.info.ke\/wp-content\/uploads\/2015\/08\/DSCF6482.jpg\" alt=\"DSCF6482\" width=\"214\" height=\"161\" \/><\/a><\/p>\n<p style=\"text-align: justify;\"><strong>W Toszku ,,Faustyna\u201d zwiedza\u0142a zamek<\/strong><strong>\u00a0<\/strong><\/p>\n<p style=\"text-align: justify;\"><strong>M<\/strong>\u0142odzi ludzie zapoznali si\u0119 z burzliw\u0105 histori\u0105 zamczyska i jak na \u015al\u0105sk przysta\u0142o &#8211; tak\u017ce mroczn\u0105 legend\u0105, zwi\u0105zan\u0105 z osob\u0105 jednego z niegodziwych w\u0142adc\u00f3w. W sali rycerskiej m\u0142odzie\u017c pod okiem wytrawnych instruktor\u00f3w bra\u0142a udzia\u0142 w lekcji ta\u0144ca <em>country<\/em>, a bractwo rycerskie ,,Bia\u0142ej Bramy\u201d w Toszku zaprezentowa\u0142o dla go\u015bci pokaz walk i turniej\u00f3w rycerskich. Po kr\u00f3tkim kursie fechtunku, m\u0142odzie\u017c z R\u00f3wnego tak\u017ce mog\u0142a uczestniczy\u0107 w pojedynkach. By\u0142a tak\u017ce okazja do przymiarki szyszak\u00f3w i zapoznania si\u0119 z rycerskim wyposa\u017ceniem, cz\u0142onkowie zespo\u0142u mieli r\u00f3wnie\u017c okazj\u0119 zwiedzenia wie\u017cy zamkowej, gdzie mie\u015bci si\u0119 muzeum i wiele cennych ekspozycji.<\/p>\n<p style=\"text-align: center;\"><a href=\"http:\/\/www.siemysli.info.ke\/wp-content\/uploads\/2015\/08\/DSC_0763.jpg\" rel=\"lightbox[16579]\"><img decoding=\"async\" class=\"aligncenter size-medium wp-image-16589\" src=\"http:\/\/www.siemysli.info.ke\/wp-content\/uploads\/2015\/08\/DSC_0763-300x199.jpg\" alt=\"DSC_0763\" width=\"300\" height=\"199\" srcset=\"https:\/\/siemysli-ke.info\/wp-content\/uploads\/2015\/08\/DSC_0763-300x199.jpg 300w, https:\/\/siemysli-ke.info\/wp-content\/uploads\/2015\/08\/DSC_0763.jpg 465w\" sizes=\"(max-width: 300px) 100vw, 300px\" \/><\/a><\/p>\n<p style=\"text-align: justify;\"><strong>W<\/strong>izyta zespo\u0142u z R\u00f3wnego na zamku w Toszku mia\u0142a by\u0107 dniem wypoczynku, bez koncert\u00f3w i spotka\u0144. Nie do ko\u0144ca jednak tak by\u0142o. Na pocz\u0105tku lekcja ta\u0144ca a w miejscowo\u015bci Pisarzowice ko\u0142o Toszka za namow\u0105 <em>\u015al\u0105skiego Kuriera <\/em>m\u0142odzie\u017c wyst\u0105pi\u0142a w koncercie plenerowym.<\/p>\n<p style=\"text-align: justify;\"><strong>B<\/strong>y\u0142a to kolejna lekcja &#8211; tym razem dla nas &#8211; jak\u0105 dali m\u0142odzi arty\u015bci z zespo\u0142u.<\/p>\n<p style=\"text-align: center;\"><a href=\"http:\/\/www.siemysli.info.ke\/wp-content\/uploads\/2015\/08\/DSC_0755.jpg\" rel=\"lightbox[16579]\"><img decoding=\"async\" class=\"aligncenter size-medium wp-image-16587\" src=\"http:\/\/www.siemysli.info.ke\/wp-content\/uploads\/2015\/08\/DSC_0755-300x199.jpg\" alt=\"DSC_0755\" width=\"300\" height=\"199\" srcset=\"https:\/\/siemysli-ke.info\/wp-content\/uploads\/2015\/08\/DSC_0755-300x199.jpg 300w, https:\/\/siemysli-ke.info\/wp-content\/uploads\/2015\/08\/DSC_0755.jpg 465w\" sizes=\"(max-width: 300px) 100vw, 300px\" \/><\/a><\/p>\n<p style=\"text-align: justify;\">\u00a0<strong>Szczeg\u00f3lne zachowanie publiczno\u015bci<\/strong><strong>\u00a0<\/strong><\/p>\n<p style=\"text-align: justify;\">Koncert bez uprzedniej pr\u00f3by wyszed\u0142 \u015bwietnie. Oni maj\u0105 to wszystko w sercu. nie tylko w pami\u0119ci. Ograniczony czas nie pozwoli\u0142 na pe\u0142ny wymiar programu, jednak to, co przedstawili m\u0142odzi ludzie z ,,Faustyny\u201d wystarczy\u0142o, aby w oczach s\u0142uchaczy pojawi\u0142y si\u0119 \u0142zy. By\u0142y potem nieko\u0144cz\u0105ce si\u0119 oklaski. I zaduma&#8230;<\/p>\n<p style=\"text-align: center;\"><a href=\"http:\/\/www.siemysli.info.ke\/wp-content\/uploads\/2015\/08\/DSCF6461.jpg\" rel=\"lightbox[16579]\"><img decoding=\"async\" class=\"aligncenter size-full wp-image-16588\" src=\"http:\/\/www.siemysli.info.ke\/wp-content\/uploads\/2015\/08\/DSCF6461.jpg\" alt=\"DSCF6461\" width=\"186\" height=\"139\" \/><\/a><\/p>\n<p style=\"text-align: justify;\"><strong>C<\/strong>zy tak mia\u0142o by\u0107..? Odpowied\u017a znajdziemy w wierszu, wyg\u0142oszonym przez dziewczyn\u0119 z zespo\u0142u, kt\u00f3rego fragment zamieszczony zosta\u0142 na pocz\u0105tku tekstu. Strofy tej poezji dla obydwu stron jednakowo s\u0105 wa\u017cne \u2013 kto wie, mo\u017ce w\u0142a\u015bnie dzi\u015b nabieraj\u0105 szczeg\u00f3lnej wagi i znaczenia&#8230;<\/p>\n<p style=\"text-align: justify;\"><strong>By\u0142 tak\u017ce czas na kr\u00f3tkie wypowiedzi:<\/strong><strong>\u00a0<\/strong><\/p>\n<p style=\"text-align: justify;\"><em>,,Jeste\u015bmy Polakami, jeste\u015bmy dumni ze swoich korzeni. \u015apiewamy przy parafii \u015bw. Aposto\u0142\u00f3w Piotra i Paw\u0142a w R\u00f3wnym. Zesp\u00f3\u0142 istnieje 15 lat. Liczba cz\u0142onk\u00f3w zespo\u0142u ulega ci\u0105g\u0142ym zmianom, jedni odchodz\u0105, wyje\u017cd\u017caj\u0105. Maluchy rozpoczynaj\u0105 przygod\u0119 z \u201eFaustyn\u0105\u201d, przychodz\u0105 na pr\u00f3b\u0119 i zostaj\u0105.<\/em><\/p>\n<p style=\"text-align: center;\"><a href=\"http:\/\/www.siemysli.info.ke\/wp-content\/uploads\/2015\/08\/DSCF6468.jpg\" rel=\"lightbox[16579]\"><img decoding=\"async\" class=\"aligncenter size-full wp-image-16590\" src=\"http:\/\/www.siemysli.info.ke\/wp-content\/uploads\/2015\/08\/DSCF6468.jpg\" alt=\"DSCF6468\" width=\"186\" height=\"139\" \/><\/a><\/p>\n<p style=\"text-align: justify;\"><em>\u015aw. Faustyna jest dla nas wzorem post\u0119powania, na Jej cze\u015b\u0107 \u015bpiewamy wiele pie\u015bni i s\u0105 to <\/em><em>w wi\u0119kszo\u015bci nasze kompozycje. Na \u015al\u0105sku czujemy si\u0119 \u015bwietnie, jak u siebie. korzystaj\u0105c z okazji chcemy podzi\u0119kowa\u0107 pani Krystynie Brzezi\u0144skiej, kt\u00f3ra wiele w\u0142o\u017cy\u0142a trudu w to, by nas tu sprowadzi\u0107&#8230; By\u015bmy mogli Was pozna\u0107. Dzi\u0119kujemy mediom, radiu Jasna G\u00f3ra,rozg\u0142o\u015bni Lwowska Fala i wszystkim ludziom dobrej woli.<\/em><\/p>\n<p style=\"text-align: justify;\"><em>\u015al\u0105zacy s\u0105 wspaniali, tacy otwarci, \u017cyczliwi, czujemy si\u0119 jakby\u015bmy byli jedn\u0105 rodzin\u0105, cho\u0107 wasza mowa nie jest \u0142atwa, a wasza przepi\u0119kna kultura i tradycje jednak odmienne nieco od <\/em><em>naszych, w niczym to nie przeszkadza, a jeszcze bardziej zbli\u017ca nas do siebie.<\/em><\/p>\n<p style=\"text-align: center;\"><a href=\"http:\/\/www.siemysli.info.ke\/wp-content\/uploads\/2015\/08\/DSCF6502.jpg\" rel=\"lightbox[16579]\"><img decoding=\"async\" class=\"aligncenter size-full wp-image-16591\" src=\"http:\/\/www.siemysli.info.ke\/wp-content\/uploads\/2015\/08\/DSCF6502.jpg\" alt=\"DSCF6502\" width=\"243\" height=\"182\" \/><\/a><\/p>\n<p style=\"text-align: justify;\"><em>Uwa\u017camy, \u017ce to pewnie stanowi o bogactwie kultury i historii tej ziemi \u2013 historii, kt\u00f3r\u0105 chcemy poznawa\u0107. Wa\u017cne jest dla nas poznanie waszych tradycji, kultura to przecie\u017c to, co kochamy najbardziej, chcemy nauczy\u0107 si\u0119 waszej mowy, ta\u0144c\u00f3w, pie\u015bni, a nade wszystko pragniemy wzajemnego zrozumienia. Jest u nas znane powiedzenie ,,\u015al\u0105zacy to twardzi ludzie o go\u0142\u0119bich sercach\u201d \u2013 teraz przekonali\u015bmy si\u0119, \u017ce nie s\u0105 to przesadzone opinie \u2013 w\u0142a\u015bnie tak was postrzegamy i takimi pozostaniecie w naszej pami\u0119ci&#8230;<\/em><\/p>\n<p style=\"text-align: center;\"><a href=\"http:\/\/www.siemysli.info.ke\/wp-content\/uploads\/2015\/08\/DSCF6473.jpg\" rel=\"lightbox[16579]\"><img decoding=\"async\" class=\"aligncenter size-full wp-image-16592\" src=\"http:\/\/www.siemysli.info.ke\/wp-content\/uploads\/2015\/08\/DSCF6473.jpg\" alt=\"DSCF6473\" width=\"214\" height=\"161\" \/><\/a><\/p>\n<p style=\"text-align: justify;\"><strong>,,Nie rzucaj ojczystej mowy\u201d<\/strong>, dzi\u015b warto by\u0142oby doda\u0107 &#8211; i ziemi, sk\u0105d twoje wywodz\u0105 si\u0119 korzenie. Lekcja, kt\u00f3rej udzieli\u0142a nam m\u0142odzie\u017c z R\u00f3wnego dobieg\u0142a ko\u0144ca, oby zaowocowa\u0142a trwa\u0142\u0105 przyja\u017ani\u0105&#8230;<\/p>\n<p style=\"text-align: center;\"><a href=\"http:\/\/www.siemysli.info.ke\/wp-content\/uploads\/2015\/08\/DSC_0748.jpg\" rel=\"lightbox[16579]\"><img decoding=\"async\" class=\"aligncenter size-medium wp-image-16593\" src=\"http:\/\/www.siemysli.info.ke\/wp-content\/uploads\/2015\/08\/DSC_0748-300x199.jpg\" alt=\"DSC_0748\" width=\"300\" height=\"199\" srcset=\"https:\/\/siemysli-ke.info\/wp-content\/uploads\/2015\/08\/DSC_0748-300x199.jpg 300w, https:\/\/siemysli-ke.info\/wp-content\/uploads\/2015\/08\/DSC_0748.jpg 465w\" sizes=\"(max-width: 300px) 100vw, 300px\" \/><\/a><\/p>\n<p style=\"text-align: right;\">Tekst i zdj\u0119cia:<\/p>\n<p style=\"text-align: right;\"><strong>Tadeusz Pucha\u0142ka<\/strong><\/p>\n<p><strong>\u00a0<\/strong><\/p>\n","protected":false},"excerpt":{"rendered":"<p>Nie rzucaj ojczystej mowy \u00a0 Ka\u017cdy Polak na obczy\u017anie, \u017cy\u0107 powinien w ojc\u00f3w wierze, piel\u0119gnowa\u0107 swoj\u0105 mow\u0119, i przekaza\u0107 j\u0105<\/p>\n","protected":false},"author":3,"featured_media":16581,"comment_status":"open","ping_status":"open","sticky":false,"template":"","format":"standard","meta":{"colormag_page_layout":"default_layout","footnotes":""},"categories":[143,3],"tags":[3022,3014,3016,3015,89,2312,92,3020,3017,3019,3012,3013,3018,3021,2550],"class_list":["post-16579","post","type-post","status-publish","format-standard","has-post-thumbnail","hentry","category-inne","category-kultura","tag-faustyna-zespol-wokalno-instrumentalny-z-rownego-na-ukrainie","tag-slaski-kurier","tag-bialej-bramy-w-toszku","tag-bractwo-rycerskie","tag-breaking","tag-gliwice","tag-headline","tag-krystyna-brzezinska","tag-opole","tag-opolski-klub-inteligencji-katolickiej","tag-parafia-sw-apostolow-piotra-i-pawla-w-rownym","tag-pisarzowice-kolo-toszka","tag-radiostacja-gliwicka","tag-sw-faustyna-kowalska","tag-tadeusz-puchalka"],"yoast_head":"<!-- This site is optimized with the Yoast SEO plugin v25.1 - https:\/\/yoast.com\/wordpress\/plugins\/seo\/ -->\n<title>,,Faustyna\u201d na zamku w Toszku - SI\u0118 MY\u015aLI<\/title>\n<meta name=\"robots\" content=\"index, follow, max-snippet:-1, max-image-preview:large, max-video-preview:-1\" \/>\n<link rel=\"canonical\" href=\"https:\/\/siemysli-ke.info\/de\/faustyna-na-zamku-w-toszku\/\" \/>\n<meta property=\"og:locale\" content=\"de_DE\" \/>\n<meta property=\"og:type\" content=\"article\" \/>\n<meta property=\"og:title\" content=\",,Faustyna\u201d na zamku w Toszku - SI\u0118 MY\u015aLI\" \/>\n<meta property=\"og:description\" content=\"Nie rzucaj ojczystej mowy \u00a0 Ka\u017cdy Polak na obczy\u017anie, \u017cy\u0107 powinien w ojc\u00f3w wierze, piel\u0119gnowa\u0107 swoj\u0105 mow\u0119, i przekaza\u0107 j\u0105\" \/>\n<meta property=\"og:url\" content=\"https:\/\/siemysli-ke.info\/de\/faustyna-na-zamku-w-toszku\/\" \/>\n<meta property=\"og:site_name\" content=\"SI\u0118 MY\u015aLI\" \/>\n<meta property=\"article:published_time\" content=\"2015-08-18T16:41:53+00:00\" \/>\n<meta property=\"article:modified_time\" content=\"2015-08-18T16:44:49+00:00\" \/>\n<meta property=\"og:image\" content=\"https:\/\/siemysli-ke.info\/wp-content\/uploads\/2015\/08\/DSC_0726.jpg\" \/>\n\t<meta property=\"og:image:width\" content=\"465\" \/>\n\t<meta property=\"og:image:height\" content=\"309\" \/>\n\t<meta property=\"og:image:type\" content=\"image\/jpeg\" \/>\n<meta name=\"author\" content=\"...\" \/>\n<meta name=\"twitter:label1\" content=\"Verfasst von\" \/>\n\t<meta name=\"twitter:data1\" content=\"...\" \/>\n\t<meta name=\"twitter:label2\" content=\"Gesch\u00e4tzte Lesezeit\" \/>\n\t<meta name=\"twitter:data2\" content=\"6\u00a0Minuten\" \/>\n<script type=\"application\/ld+json\" class=\"yoast-schema-graph\">{\"@context\":\"https:\/\/schema.org\",\"@graph\":[{\"@type\":\"Article\",\"@id\":\"https:\/\/siemysli-ke.info\/de\/faustyna-na-zamku-w-toszku\/#article\",\"isPartOf\":{\"@id\":\"https:\/\/siemysli-ke.info\/de\/faustyna-na-zamku-w-toszku\/\"},\"author\":{\"name\":\"...\",\"@id\":\"https:\/\/siemysli-ke.info\/#\/schema\/person\/75326687448d6abf738b156f56385210\"},\"headline\":\",,Faustyna\u201d na zamku w Toszku\",\"datePublished\":\"2015-08-18T16:41:53+00:00\",\"dateModified\":\"2015-08-18T16:44:49+00:00\",\"mainEntityOfPage\":{\"@id\":\"https:\/\/siemysli-ke.info\/de\/faustyna-na-zamku-w-toszku\/\"},\"wordCount\":1186,\"commentCount\":0,\"publisher\":{\"@id\":\"https:\/\/siemysli-ke.info\/#organization\"},\"image\":{\"@id\":\"https:\/\/siemysli-ke.info\/de\/faustyna-na-zamku-w-toszku\/#primaryimage\"},\"thumbnailUrl\":\"https:\/\/siemysli-ke.info\/wp-content\/uploads\/2015\/08\/DSC_0726.jpg\",\"keywords\":[\"\\\"Faustyna\\\" - zesp\u00f3\u0142 wokalno-instrumentalny z R\u00f3wnego na Ukrainie\",\"\\\"\u015al\u0105ski Kurier\\\"\",\"Bia\u0142ej Bramy\u201d w Toszku\",\"bractwo rycerskie\",\"breaking\",\"Gliwice\",\"headline\",\"Krystyna Brzezi\u0144ska\",\"Opole\",\"opolski Klub Inteligencji Katolickiej\",\"parafia \u015bw. Aposto\u0142\u00f3w Piotra i Paw\u0142a w R\u00f3wnym\",\"Pisarzowice ko\u0142o Toszka\",\"radiostacja gliwicka\",\"\u015bw. Faustyna Kowalska\",\"Tadeusz Pucha\u0142ka\"],\"articleSection\":[\"Inne\",\"Kultura\"],\"inLanguage\":\"de\",\"potentialAction\":[{\"@type\":\"CommentAction\",\"name\":\"Comment\",\"target\":[\"https:\/\/siemysli-ke.info\/de\/faustyna-na-zamku-w-toszku\/#respond\"]}]},{\"@type\":\"WebPage\",\"@id\":\"https:\/\/siemysli-ke.info\/de\/faustyna-na-zamku-w-toszku\/\",\"url\":\"https:\/\/siemysli-ke.info\/de\/faustyna-na-zamku-w-toszku\/\",\"name\":\",,Faustyna\u201d na zamku w Toszku - SI\u0118 MY\u015aLI\",\"isPartOf\":{\"@id\":\"https:\/\/siemysli-ke.info\/de\/#website\"},\"primaryImageOfPage\":{\"@id\":\"https:\/\/siemysli-ke.info\/de\/faustyna-na-zamku-w-toszku\/#primaryimage\"},\"image\":{\"@id\":\"https:\/\/siemysli-ke.info\/de\/faustyna-na-zamku-w-toszku\/#primaryimage\"},\"thumbnailUrl\":\"https:\/\/siemysli-ke.info\/wp-content\/uploads\/2015\/08\/DSC_0726.jpg\",\"datePublished\":\"2015-08-18T16:41:53+00:00\",\"dateModified\":\"2015-08-18T16:44:49+00:00\",\"breadcrumb\":{\"@id\":\"https:\/\/siemysli-ke.info\/de\/faustyna-na-zamku-w-toszku\/#breadcrumb\"},\"inLanguage\":\"de\",\"potentialAction\":[{\"@type\":\"ReadAction\",\"target\":[[\"https:\/\/siemysli-ke.info\/de\/faustyna-na-zamku-w-toszku\/\"]]}]},{\"@type\":\"ImageObject\",\"inLanguage\":\"de\",\"@id\":\"https:\/\/siemysli-ke.info\/de\/faustyna-na-zamku-w-toszku\/#primaryimage\",\"url\":\"https:\/\/siemysli-ke.info\/wp-content\/uploads\/2015\/08\/DSC_0726.jpg\",\"contentUrl\":\"https:\/\/siemysli-ke.info\/wp-content\/uploads\/2015\/08\/DSC_0726.jpg\",\"width\":465,\"height\":309},{\"@type\":\"BreadcrumbList\",\"@id\":\"https:\/\/siemysli-ke.info\/de\/faustyna-na-zamku-w-toszku\/#breadcrumb\",\"itemListElement\":[{\"@type\":\"ListItem\",\"position\":1,\"name\":\"Home\",\"item\":\"https:\/\/siemysli-ke.info\/de\/\"},{\"@type\":\"ListItem\",\"position\":2,\"name\":\",,Faustyna\u201d na zamku w Toszku\"}]},{\"@type\":\"WebSite\",\"@id\":\"https:\/\/siemysli-ke.info\/de\/#website\",\"url\":\"https:\/\/siemysli-ke.info\/de\/\",\"name\":\"SI\u0118 MY\u015aLI\",\"description\":\"\",\"publisher\":{\"@id\":\"https:\/\/siemysli-ke.info\/de\/#organization\"},\"potentialAction\":[{\"@type\":\"SearchAction\",\"target\":{\"@type\":\"EntryPoint\",\"urlTemplate\":\"https:\/\/siemysli-ke.info\/de\/?s={search_term_string}\"},\"query-input\":{\"@type\":\"PropertyValueSpecification\",\"valueRequired\":true,\"valueName\":\"search_term_string\"}}],\"inLanguage\":\"de\"},{\"@type\":\"Organization\",\"@id\":\"https:\/\/siemysli-ke.info\/de\/#organization\",\"name\":\"SI\u0118 MY\u015aLI\",\"url\":\"https:\/\/siemysli-ke.info\/de\/\",\"logo\":{\"@type\":\"ImageObject\",\"inLanguage\":\"de\",\"@id\":\"https:\/\/siemysli-ke.info\/de\/#\/schema\/logo\/image\/\",\"url\":\"https:\/\/siemysli-ke.info\/wp-content\/uploads\/2025\/05\/99.png\",\"contentUrl\":\"https:\/\/siemysli-ke.info\/wp-content\/uploads\/2025\/05\/99.png\",\"width\":270,\"height\":204,\"caption\":\"SI\u0118 MY\u015aLI\"},\"image\":{\"@id\":\"https:\/\/siemysli-ke.info\/de\/#\/schema\/logo\/image\/\"}},{\"@type\":\"Person\",\"@id\":\"https:\/\/siemysli-ke.info\/#\/schema\/person\/75326687448d6abf738b156f56385210\",\"name\":\"...\",\"image\":{\"@type\":\"ImageObject\",\"inLanguage\":\"de\",\"@id\":\"https:\/\/siemysli-ke.info\/de\/#\/schema\/person\/image\/\",\"url\":\"https:\/\/secure.gravatar.com\/avatar\/33a3c2559155e1b4add65cf88cafda785aeb920f44b97c7055b07866ab5b13c2?s=96&d=mm&r=g\",\"contentUrl\":\"https:\/\/secure.gravatar.com\/avatar\/33a3c2559155e1b4add65cf88cafda785aeb920f44b97c7055b07866ab5b13c2?s=96&d=mm&r=g\",\"caption\":\"...\"},\"url\":\"https:\/\/siemysli-ke.info\/de\/author\/lele\/\"}]}<\/script>\n<!-- \/ Yoast SEO plugin. -->","yoast_head_json":{"title":",,Faustyna\u201d na zamku w Toszku - SI\u0118 MY\u015aLI","robots":{"index":"index","follow":"follow","max-snippet":"max-snippet:-1","max-image-preview":"max-image-preview:large","max-video-preview":"max-video-preview:-1"},"canonical":"https:\/\/siemysli-ke.info\/de\/faustyna-na-zamku-w-toszku\/","og_locale":"de_DE","og_type":"article","og_title":",,Faustyna\u201d na zamku w Toszku - SI\u0118 MY\u015aLI","og_description":"Nie rzucaj ojczystej mowy \u00a0 Ka\u017cdy Polak na obczy\u017anie, \u017cy\u0107 powinien w ojc\u00f3w wierze, piel\u0119gnowa\u0107 swoj\u0105 mow\u0119, i przekaza\u0107 j\u0105","og_url":"https:\/\/siemysli-ke.info\/de\/faustyna-na-zamku-w-toszku\/","og_site_name":"SI\u0118 MY\u015aLI","article_published_time":"2015-08-18T16:41:53+00:00","article_modified_time":"2015-08-18T16:44:49+00:00","og_image":[{"width":465,"height":309,"url":"https:\/\/siemysli-ke.info\/wp-content\/uploads\/2015\/08\/DSC_0726.jpg","type":"image\/jpeg"}],"author":"...","twitter_misc":{"Verfasst von":"...","Gesch\u00e4tzte Lesezeit":"6\u00a0Minuten"},"schema":{"@context":"https:\/\/schema.org","@graph":[{"@type":"Article","@id":"https:\/\/siemysli-ke.info\/de\/faustyna-na-zamku-w-toszku\/#article","isPartOf":{"@id":"https:\/\/siemysli-ke.info\/de\/faustyna-na-zamku-w-toszku\/"},"author":{"name":"...","@id":"https:\/\/siemysli-ke.info\/#\/schema\/person\/75326687448d6abf738b156f56385210"},"headline":",,Faustyna\u201d na zamku w Toszku","datePublished":"2015-08-18T16:41:53+00:00","dateModified":"2015-08-18T16:44:49+00:00","mainEntityOfPage":{"@id":"https:\/\/siemysli-ke.info\/de\/faustyna-na-zamku-w-toszku\/"},"wordCount":1186,"commentCount":0,"publisher":{"@id":"https:\/\/siemysli-ke.info\/#organization"},"image":{"@id":"https:\/\/siemysli-ke.info\/de\/faustyna-na-zamku-w-toszku\/#primaryimage"},"thumbnailUrl":"https:\/\/siemysli-ke.info\/wp-content\/uploads\/2015\/08\/DSC_0726.jpg","keywords":["\"Faustyna\" - zesp\u00f3\u0142 wokalno-instrumentalny z R\u00f3wnego na Ukrainie","\"\u015al\u0105ski Kurier\"","Bia\u0142ej Bramy\u201d w Toszku","bractwo rycerskie","breaking","Gliwice","headline","Krystyna Brzezi\u0144ska","Opole","opolski Klub Inteligencji Katolickiej","parafia \u015bw. Aposto\u0142\u00f3w Piotra i Paw\u0142a w R\u00f3wnym","Pisarzowice ko\u0142o Toszka","radiostacja gliwicka","\u015bw. Faustyna Kowalska","Tadeusz Pucha\u0142ka"],"articleSection":["Inne","Kultura"],"inLanguage":"de","potentialAction":[{"@type":"CommentAction","name":"Comment","target":["https:\/\/siemysli-ke.info\/de\/faustyna-na-zamku-w-toszku\/#respond"]}]},{"@type":"WebPage","@id":"https:\/\/siemysli-ke.info\/de\/faustyna-na-zamku-w-toszku\/","url":"https:\/\/siemysli-ke.info\/de\/faustyna-na-zamku-w-toszku\/","name":",,Faustyna\u201d na zamku w Toszku - SI\u0118 MY\u015aLI","isPartOf":{"@id":"https:\/\/siemysli-ke.info\/de\/#website"},"primaryImageOfPage":{"@id":"https:\/\/siemysli-ke.info\/de\/faustyna-na-zamku-w-toszku\/#primaryimage"},"image":{"@id":"https:\/\/siemysli-ke.info\/de\/faustyna-na-zamku-w-toszku\/#primaryimage"},"thumbnailUrl":"https:\/\/siemysli-ke.info\/wp-content\/uploads\/2015\/08\/DSC_0726.jpg","datePublished":"2015-08-18T16:41:53+00:00","dateModified":"2015-08-18T16:44:49+00:00","breadcrumb":{"@id":"https:\/\/siemysli-ke.info\/de\/faustyna-na-zamku-w-toszku\/#breadcrumb"},"inLanguage":"de","potentialAction":[{"@type":"ReadAction","target":[["https:\/\/siemysli-ke.info\/de\/faustyna-na-zamku-w-toszku\/"]]}]},{"@type":"ImageObject","inLanguage":"de","@id":"https:\/\/siemysli-ke.info\/de\/faustyna-na-zamku-w-toszku\/#primaryimage","url":"https:\/\/siemysli-ke.info\/wp-content\/uploads\/2015\/08\/DSC_0726.jpg","contentUrl":"https:\/\/siemysli-ke.info\/wp-content\/uploads\/2015\/08\/DSC_0726.jpg","width":465,"height":309},{"@type":"BreadcrumbList","@id":"https:\/\/siemysli-ke.info\/de\/faustyna-na-zamku-w-toszku\/#breadcrumb","itemListElement":[{"@type":"ListItem","position":1,"name":"Home","item":"https:\/\/siemysli-ke.info\/de\/"},{"@type":"ListItem","position":2,"name":",,Faustyna\u201d na zamku w Toszku"}]},{"@type":"WebSite","@id":"https:\/\/siemysli-ke.info\/de\/#website","url":"https:\/\/siemysli-ke.info\/de\/","name":"SI\u0118 MY\u015aLI","description":"","publisher":{"@id":"https:\/\/siemysli-ke.info\/de\/#organization"},"potentialAction":[{"@type":"SearchAction","target":{"@type":"EntryPoint","urlTemplate":"https:\/\/siemysli-ke.info\/de\/?s={search_term_string}"},"query-input":{"@type":"PropertyValueSpecification","valueRequired":true,"valueName":"search_term_string"}}],"inLanguage":"de"},{"@type":"Organization","@id":"https:\/\/siemysli-ke.info\/de\/#organization","name":"SI\u0118 MY\u015aLI","url":"https:\/\/siemysli-ke.info\/de\/","logo":{"@type":"ImageObject","inLanguage":"de","@id":"https:\/\/siemysli-ke.info\/de\/#\/schema\/logo\/image\/","url":"https:\/\/siemysli-ke.info\/wp-content\/uploads\/2025\/05\/99.png","contentUrl":"https:\/\/siemysli-ke.info\/wp-content\/uploads\/2025\/05\/99.png","width":270,"height":204,"caption":"SI\u0118 MY\u015aLI"},"image":{"@id":"https:\/\/siemysli-ke.info\/de\/#\/schema\/logo\/image\/"}},{"@type":"Person","@id":"https:\/\/siemysli-ke.info\/#\/schema\/person\/75326687448d6abf738b156f56385210","name":"...","image":{"@type":"ImageObject","inLanguage":"de","@id":"https:\/\/siemysli-ke.info\/de\/#\/schema\/person\/image\/","url":"https:\/\/secure.gravatar.com\/avatar\/33a3c2559155e1b4add65cf88cafda785aeb920f44b97c7055b07866ab5b13c2?s=96&d=mm&r=g","contentUrl":"https:\/\/secure.gravatar.com\/avatar\/33a3c2559155e1b4add65cf88cafda785aeb920f44b97c7055b07866ab5b13c2?s=96&d=mm&r=g","caption":"..."},"url":"https:\/\/siemysli-ke.info\/de\/author\/lele\/"}]}},"_links":{"self":[{"href":"https:\/\/siemysli-ke.info\/de\/wp-json\/wp\/v2\/posts\/16579","targetHints":{"allow":["GET"]}}],"collection":[{"href":"https:\/\/siemysli-ke.info\/de\/wp-json\/wp\/v2\/posts"}],"about":[{"href":"https:\/\/siemysli-ke.info\/de\/wp-json\/wp\/v2\/types\/post"}],"author":[{"embeddable":true,"href":"https:\/\/siemysli-ke.info\/de\/wp-json\/wp\/v2\/users\/3"}],"replies":[{"embeddable":true,"href":"https:\/\/siemysli-ke.info\/de\/wp-json\/wp\/v2\/comments?post=16579"}],"version-history":[{"count":0,"href":"https:\/\/siemysli-ke.info\/de\/wp-json\/wp\/v2\/posts\/16579\/revisions"}],"wp:featuredmedia":[{"embeddable":true,"href":"https:\/\/siemysli-ke.info\/de\/wp-json\/wp\/v2\/media\/16581"}],"wp:attachment":[{"href":"https:\/\/siemysli-ke.info\/de\/wp-json\/wp\/v2\/media?parent=16579"}],"wp:term":[{"taxonomy":"category","embeddable":true,"href":"https:\/\/siemysli-ke.info\/de\/wp-json\/wp\/v2\/categories?post=16579"},{"taxonomy":"post_tag","embeddable":true,"href":"https:\/\/siemysli-ke.info\/de\/wp-json\/wp\/v2\/tags?post=16579"}],"curies":[{"name":"wp","href":"https:\/\/api.w.org\/{rel}","templated":true}]}}