 {"id":16374,"date":"2015-07-15T17:20:00","date_gmt":"2015-07-15T15:20:00","guid":{"rendered":"http:\/\/www.siemysli.info.ke\/?p=16374"},"modified":"2015-07-16T12:13:04","modified_gmt":"2015-07-16T10:13:04","slug":"podatek-katastralny-smiertelna-zemsta-finansjery","status":"publish","type":"post","link":"https:\/\/siemysli-ke.info\/de\/podatek-katastralny-smiertelna-zemsta-finansjery\/","title":{"rendered":"Podatek katastralny &#8211; \u015bmiertelna zemsta finansjery ?"},"content":{"rendered":"<p style=\"text-align: justify;\"><a href=\"http:\/\/www.siemysli.info.ke\/wp-content\/uploads\/2015\/07\/Podatek-katastralny-w-Polsce.jpg\" rel=\"lightbox[16374]\"><img decoding=\"async\" class=\"alignleft size-medium wp-image-16375\" src=\"http:\/\/www.siemysli.info.ke\/wp-content\/uploads\/2015\/07\/Podatek-katastralny-w-Polsce-300x146.jpg\" alt=\"Podatek-katastralny-w-Polsce\" width=\"300\" height=\"146\" srcset=\"https:\/\/siemysli-ke.info\/wp-content\/uploads\/2015\/07\/Podatek-katastralny-w-Polsce-300x146.jpg 300w, https:\/\/siemysli-ke.info\/wp-content\/uploads\/2015\/07\/Podatek-katastralny-w-Polsce.jpg 326w\" sizes=\"(max-width: 300px) 100vw, 300px\" \/><\/a>Dzisiaj kr\u00f3tko, lecz dobitnie. W trakcie kampanii wyborczej, mi\u0119dzy pierwsz\u0105 a drug\u0105 tur\u0105 wybor\u00f3w prezydenckich, przez Internet przewin\u0119\u0142a si\u0119 wiadomo\u015b\u0107, jakoby \u201ePrezydent Komorowski chcia\u0142 ostatnim tchem wprowadzi\u0107 w Polsce podatek katastralny\u201d, czyli now\u0105 form\u0119 opodatkowania nieruchomo\u015bci.<\/p>\n<p style=\"text-align: justify;\">Informacja ta przybra\u0142a rozmiar tsunami i wywo\u0142a\u0142a dreszczyk niepokoju na plecach niejednego Polaka. Zgodnie bowiem z powszechnie panuj\u0105c\u0105 opini\u0105, podatek katastralny (a raczej: katastrofalny) \u201ewyrzuci polskie rodziny na bruk\u201d, \u201estukrotnie podniesie koszty utrzymania rodzin\u201d, \u201ejest kolejnym przejawem oderwania si\u0119 rz\u0105dz\u0105cych od rzeczywisto\u015bci\u201d.<\/p>\n<p style=\"text-align: justify;\"><span id=\"more-52178\"><\/span>Z tym ostatnim nie polemizuj\u0119, ale to temat na inn\u0105 histori\u0119. Natomiast pierwsze dwie, wraz z sam\u0105 struktur\u0105 podatku, s\u0105 na tyle interesuj\u0105ce, \u017ce postaram si\u0119 je Wam przybli\u017cy\u0107, m.in. na pro\u015bb\u0119 jednego z naszych Facebookowych Czytelnik\u00f3w. Zapraszam do lektury!<\/p>\n<p style=\"text-align: justify;\"><strong>Na czym polega podatek katastralny<\/strong><\/p>\n<p style=\"text-align: justify;\">Zaczn\u0119 od tego, \u017ce podatek katastralny nie jest wymys\u0142em polskim. Znajduje on swoje zastosowanie w niekt\u00f3rych pa\u0144stwach Europy Zachodniej, m.in. w Wielkiej Brytanii oraz we Francji. Jest on jedn\u0105 z alternatyw opodatkowania nieruchomo\u015bci, ale co trzeba jasno powiedzie\u0107 \u2013 jest to r\u00f3wnie\u017c jedna z najdro\u017cszych dla podatnik\u00f3w alternatywa.<\/p>\n<p style=\"text-align: justify;\">Je\u017celi chodzi o sam\u0105 konstrukcj\u0119 prawn\u0105, podatek ten jest do\u015b\u0107 prosty i logiczny. Podstaw\u0105 jego obowi\u0105zywania jest tzw. kataster, czyli spis nieruchomo\u015bci. Nie jest to jednak zwyk\u0142y spis, poniewa\u017c uwzgl\u0119dni\u0107 on powinien przede wszystkim szacowan\u0105 warto\u015b\u0107\u00a0nieruchomo\u015bci (czytaj: nieruchomo\u015bci gruntowej wraz z zabudow\u0105 mieszkaln\u0105 oraz u\u017cytkow\u0105).<\/p>\n<p style=\"text-align: justify;\">R\u00f3\u017cne s\u0105 sposoby kreowania tej warto\u015bci na potrzeby katastru \u2013 mo\u017ce to robi\u0107 sam w\u0142a\u015bciciel nieruchomo\u015bci (na podstawie zaufania pa\u0144stwa do obywatela), mo\u017ce to r\u00f3wnie\u017c robi\u0107 bieg\u0142y rzeczoznawca, powo\u0142ywany przez w\u0142a\u015bciwy organ podatkowy (na podstawie braku zaufania pa\u0144stwa do obywatela), r\u00f3wnie\u017c mo\u017cna przyj\u0105\u0107 system mieszany, oparty na zasadzie \u201ezaufanie jest rzecz\u0105 dobr\u0105, ale kontrola jest lepsza\u201d (np. w\u0142a\u015bciciel nieruchomo\u015bci jest zobowi\u0105zany do podania warto\u015bci szacunkowej nieruchomo\u015bci, po czym warto\u015b\u0107 ta jest weryfikowana przez urz\u0119dnik\u00f3w; system ten obecnie funkcjonuje w Polsce w odniesieniu np. do okre\u015blania warto\u015bci masy spadkowej).<\/p>\n<p style=\"text-align: justify;\"><a href=\"http:\/\/www.siemysli.info.ke\/wp-content\/uploads\/2015\/07\/mid_5960.jpg\" rel=\"lightbox[16374]\"><img decoding=\"async\" class=\"alignleft size-medium wp-image-16376\" src=\"http:\/\/www.siemysli.info.ke\/wp-content\/uploads\/2015\/07\/mid_5960-300x172.jpg\" alt=\"mid_5960\" width=\"300\" height=\"172\" srcset=\"https:\/\/siemysli-ke.info\/wp-content\/uploads\/2015\/07\/mid_5960-300x172.jpg 300w, https:\/\/siemysli-ke.info\/wp-content\/uploads\/2015\/07\/mid_5960.jpg 400w\" sizes=\"(max-width: 300px) 100vw, 300px\" \/><\/a>Kataster to podstawa i najtrudniejsza cz\u0119\u015b\u0107 pracy do wykonania przy wdra\u017caniu tego podatku. Je\u017celi spis \u00f3w funkcjonuje, w jaki spos\u00f3b zatem ustala si\u0119 wysoko\u015b\u0107 zobowi\u0105zania podatkowego? System najbardziej klasyczny jest bardzo prosty. Wysoko\u015b\u0107 podatku stanowi ustalony odg\u00f3rnie \u201eprocent\u201d warto\u015bci nieruchomo\u015bci. Warto\u015bci te nie mog\u0105 by\u0107 zbyt wysokie, a o przyczynach tego pisz\u0119 poni\u017cej.<\/p>\n<p style=\"text-align: justify;\"><strong>Jak wygl\u0105da to obecnie<\/strong><\/p>\n<p style=\"text-align: justify;\">Zanim przejd\u0119 do omawiania skutk\u00f3w, kilka zda\u0144 na temat obecnego systemu opodatkowania nieruchomo\u015bci w Polsce, tak \u017ceby\u015bmy mieli ustalony wsp\u00f3lny obraz sytuacji.<\/p>\n<p style=\"text-align: justify;\">Ustawa o op\u0142atach i podatkach lokalnych konstytuuje w swojej tre\u015bci tzw. podatek od nieruchomo\u015bci. Dzia\u0142a on w spos\u00f3b nast\u0119puj\u0105cy: rada gminy (rada miasta) jest w\u0142adna do tego, aby w drodze uchwa\u0142y (aktu prawa miejscowego) ustali\u0107 wysoko\u015b\u0107 stawki podatku, odpowiednie dla grunt\u00f3w, nieruchomo\u015bci budynkowych, grunt\u00f3w rolnych i innych, podlegaj\u0105cych opodatkowaniu. Stawki te s\u0105 niskie, poniewa\u017c ustawodawca ustali\u0142 progi maksymalne podatku, np. stawka podatku od budynku mieszkalnego nie mo\u017ce przekroczy\u0107 0,75 z\u0142 za metr kwadratowy powierzchni. Poprzednie zdanie zdradza nam r\u00f3wnie\u017c spos\u00f3b, w jaki ten podatek jest naliczany, tj. stawka dla konkretnej nieruchomo\u015bci jest mno\u017cona przez ilo\u015b\u0107 metr\u00f3w kwadratowych, sk\u0142adaj\u0105cych si\u0119 na jej powierzchni\u0119.<\/p>\n<p style=\"text-align: justify;\"><a href=\"http:\/\/www.siemysli.info.ke\/wp-content\/uploads\/2015\/07\/aede39e8-c1d3-11e1-9007-0025b511229e.jpg\" rel=\"lightbox[16374]\"><img decoding=\"async\" class=\"alignleft size-medium wp-image-16377\" src=\"http:\/\/www.siemysli.info.ke\/wp-content\/uploads\/2015\/07\/aede39e8-c1d3-11e1-9007-0025b511229e-300x168.jpg\" alt=\"aede39e8-c1d3-11e1-9007-0025b511229e\" width=\"300\" height=\"168\" srcset=\"https:\/\/siemysli-ke.info\/wp-content\/uploads\/2015\/07\/aede39e8-c1d3-11e1-9007-0025b511229e-300x168.jpg 300w, https:\/\/siemysli-ke.info\/wp-content\/uploads\/2015\/07\/aede39e8-c1d3-11e1-9007-0025b511229e.jpg 640w\" sizes=\"(max-width: 300px) 100vw, 300px\" \/><\/a>Efekt? Jest to jeden z najmniej odczuwalnych podatk\u00f3w w naszym systemie. Co wi\u0119cej, jeden z moich redakcyjnych koleg\u00f3w (wolnorynkowiec) uwa\u017ca, \u017ce podatek od nieruchomo\u015bci jest podatkiem \u201eusprawiedliwionym spo\u0142ecznie\u201d. Mo\u017cna si\u0119 z tym zgodzi\u0107, b\u0105d\u017a nie, nie zmienia to jednak faktu, \u017ce nie stanowi on problemu przy rozliczaniu rocznego bud\u017cetu rodziny czy przedsi\u0119biorstwa.<\/p>\n<p style=\"text-align: justify;\"><strong>Skutki podatku katastralnego<\/strong><\/p>\n<p style=\"text-align: justify;\">Inaczej sprawa wygl\u0105da\u0142aby w momencie, gdyby\u015bmy byli obci\u0105\u017ceni podatkiem katastralnym. Za\u0142\u00f3\u017cmy, \u017ce jeste\u015bmy w\u0142a\u015bcicielami nieruchomo\u015bci lokalowej (mieszkania przeznaczonego do cel\u00f3w niekomercyjnych) o \u0142\u0105cznej warto\u015bci 0,5 mln z\u0142otych oraz o powierzchni 75 m2 (powierzchnia nieruchomo\u015bci jest tylko po\u015brednio istotna dla cel\u00f3w podatkowych, poniewa\u017c od niej w du\u017cej mierze zale\u017cy warto\u015b\u0107 nieruchomo\u015bci \u2013 nie jest jednak czynnikiem branym pod uwag\u0119 bezpo\u015brednio przy ustalaniu wysoko\u015bci podatku). Dla cel\u00f3w uproszczenia naszego dzia\u0142ania, przyjmijmy, \u017ce nie bierzemy pod uwag\u0119 gruntu, na kt\u00f3rym postawiony zosta\u0142 blok z naszym mieszkaniem (warto\u015bci kwotowe tej zmiennej b\u0119d\u0105 niewielkie)<\/p>\n<p style=\"text-align: justify;\">W obecnej sytuacji, bior\u0105c pod uwag\u0119 stawk\u0119 maksymaln\u0105 podatku od nieruchomo\u015bci mieszkalnych, kwota podatku wyniesie 56,25 z\u0142. Ma\u0142o, prawda?<\/p>\n<p style=\"text-align: justify;\">Przy podatku katastralnym dokonujemy innego dzia\u0142ania. Zak\u0142adamy stawk\u0119 podatku na poziomie 1% warto\u015bci nieruchomo\u015bci. Przy powy\u017cszych za\u0142o\u017ceniach, kwota podatku do zap\u0142acenia wyniesie\u2026 5000 z\u0142. Du\u017co, jak na polskie standardy. Mo\u017cemy sobie tylko uzmys\u0142owi\u0107, jak\u0105 tragedi\u0105 b\u0119dzie zap\u0142acenie nawet tysi\u0105ca z\u0142otych rocznie dla kogo\u015b, kto zarabia minimalna krajow\u0105.<\/p>\n<p style=\"text-align: justify;\"><strong>Ku Europie? To si\u0119 nie uda<\/strong><\/p>\n<p style=\"text-align: justify;\">Pytanie pojawia si\u0119 jedno \u2013 komu mia\u0142by s\u0142u\u017cy\u0107 podatek katastralny? Na pewno nie obywatelom, cho\u0107 by\u0107 mo\u017ce dzi\u0119ki temu obr\u00f3t nieruchomo\u015bciami w Polsce zaktywizowa\u0142by si\u0119 (ludzi nie by\u0142oby sta\u0107 na to, aby przez lata \u017c\u0105da\u0107 cen z kosmosu). To jest chyba jedyny pozytyw, kt\u00f3ry jestem w stanie sobie wyobrazi\u0107 na ten moment.<\/p>\n<p style=\"text-align: justify;\"><a href=\"http:\/\/www.siemysli.info.ke\/wp-content\/uploads\/2015\/07\/42d2ba4911d4837a367f4cb74bfe5b62_1.jpg\" rel=\"lightbox[16374]\"><img decoding=\"async\" class=\"alignleft size-medium wp-image-16379\" src=\"http:\/\/www.siemysli.info.ke\/wp-content\/uploads\/2015\/07\/42d2ba4911d4837a367f4cb74bfe5b62_1-300x198.jpg\" alt=\"42d2ba4911d4837a367f4cb74bfe5b62_1\" width=\"300\" height=\"198\" srcset=\"https:\/\/siemysli-ke.info\/wp-content\/uploads\/2015\/07\/42d2ba4911d4837a367f4cb74bfe5b62_1-300x198.jpg 300w, https:\/\/siemysli-ke.info\/wp-content\/uploads\/2015\/07\/42d2ba4911d4837a367f4cb74bfe5b62_1.jpg 604w\" sizes=\"(max-width: 300px) 100vw, 300px\" \/><\/a>Mog\u0119 sobie natomiast wyobrazi\u0107, \u017ce du\u017ca cz\u0119\u015b\u0107 polskich nieruchomo\u015bci zosta\u0142aby skupiona w r\u0119kach du\u017cych podmiot\u00f3w deweloperskich, kt\u00f3rych obroty pozwalaj\u0105 na ponoszenie takich ci\u0119\u017car\u00f3w podatkowych. Efekt? Polacy, kt\u00f3rych nie b\u0119dzie sta\u0107 na sp\u0142at\u0119 podatku, b\u0119d\u0105 sprzedawa\u0107 swoje nieruchomo\u015bci w zamian za prawo najmu.Powoli wyzbywaliby\u015bmy si\u0119 naszej podstawowej enklawy, jak\u0105 jest w\u0142asny dach nad g\u0142ow\u0105. Tak\u0105 tendencj\u0119 obserwujemy np. w Niemczech, gdzie w\u0142asno\u015b\u0107 prywatna nieruchomo\u015bci jest czym\u015b ma\u0142o spotykanym.<\/p>\n<p style=\"text-align: justify;\">Na marginesie \u2013 pojawiaj\u0105 si\u0119 spekulacje, wed\u0142ug kt\u00f3rych kasa z podatku katastralnego mia\u0142aby zosta\u0107 przed\u0142u\u017cona na obs\u0142ug\u0119 d\u0142ugu, kt\u00f3ry powsta\u0142 za rz\u0105d\u00f3w obecnej koalicji. Na ile jest w tym prawdy \u2013 trudno powiedzie\u0107. Pozostawiam to w ramach ciekawostki.<\/p>\n<p style=\"text-align: justify;\">Jest jednak kilka argument\u00f3w, naprawd\u0119 mocnych, kt\u00f3re przemawiaj\u0105 za tym, \u017ce podatek ten jednak nie wejdzie w \u017cycie.<\/p>\n<p style=\"text-align: justify;\">1. Pierwszy, argument polityczny. Wprowadzenie tego podatku by\u0142oby dla ka\u017cdego rz\u0105dz\u0105cego gwo\u017adziem do jego politycznej trumny. Nikt przy zdrowych zmys\u0142ach, bez odg\u00f3rnego zobowi\u0105zania, nie pozbawi si\u0119 wyborc\u00f3w na w\u0142asne \u017cyczenie. [Nie jeste\u015bmy pewni, i\u017c rz\u0105dz\u0105cy s\u0105 przy zdrowych zmys\u0142ach \u2013 admin].<br \/>\n2. Drugi argument \u2013 prawny. Co do zasady, ten sam element obrotu prawnego, przedmiot, czynno\u015b\u0107 nie mog\u0105 by\u0107 podw\u00f3jnie opodatkowane. Poci\u0105ga to za sob\u0105 konieczno\u015b\u0107 usuni\u0119cia z polskiego ustawodawstwa podatku od nieruchomo\u015bci i napisania ustawy, kt\u00f3ra b\u0119dzie mia\u0142a \u201er\u0119ce i nogi\u201d. Co prawda, obecna koalicja jest znana z pisania ustaw na kolanie, ale tutaj operacja jest zbyt powa\u017cna, \u017ceby mo\u017cna by\u0142o pozwoli\u0107 sobie na fuszerk\u0119. [Mo\u017cna, mo\u017cna\u2026 \u2013 admin].<br \/>\n3. Trzeci argument \u2013 nazwijmy go unijnym. \u017baden akt prawa wsp\u00f3lnotowego nie nak\u0142ada na Polsk\u0119 wprowadzenia takiego obowi\u0105zku podatkowego. Inaczej sprawa wygl\u0105da z katastrem, bo ten ju\u017c mamy \u2013 i nazywa si\u0119 Zintegrowany system informacji o nieruchomo\u015bciach. Przynajmniej na papierze (patrz:\u00a0<a href=\"https:\/\/geoforum.pl\/upload\/law\/file\/dzu_2013_249_rozp_zsin.pdf\" target=\"_blank\">link<\/a>). [No i co z tego, \u017ce nie nak\u0142ada? Ma\u0142o to razy w\u0142adze III RP wybiega\u0142y przed orkiestr\u0119? \u2013 admin].<\/p>\n<p style=\"text-align: justify;\"><a href=\"http:\/\/www.siemysli.info.ke\/wp-content\/uploads\/2015\/07\/podatek-katastralny-od-kiedy-zdjecia.jpg\" rel=\"lightbox[16374]\"><img decoding=\"async\" class=\"alignleft size-medium wp-image-16378\" src=\"http:\/\/www.siemysli.info.ke\/wp-content\/uploads\/2015\/07\/podatek-katastralny-od-kiedy-zdjecia-300x241.jpg\" alt=\"podatek-katastralny-od-kiedy-zdjecia\" width=\"300\" height=\"241\" srcset=\"https:\/\/siemysli-ke.info\/wp-content\/uploads\/2015\/07\/podatek-katastralny-od-kiedy-zdjecia-300x241.jpg 300w, https:\/\/siemysli-ke.info\/wp-content\/uploads\/2015\/07\/podatek-katastralny-od-kiedy-zdjecia.jpg 600w\" sizes=\"(max-width: 300px) 100vw, 300px\" \/><\/a>P\u00f3ki co, mo\u017cemy spa\u0107 spokojnie. Miejmy tylko nadziej\u0119, \u017ce wiatr z Zachodu nie przyniesie nam konieczno\u015bci wprowadzenia tego podatku.<\/p>\n<p style=\"text-align: justify;\">Je\u017celi macie jakie\u015b pytania b\u0105d\u017a w\u0105tpliwo\u015bci odno\u015bnie tego, czym jest podatek katastralny i jak dzia\u0142a, piszcie i pytajcie mnie w komentarzach \u2013 b\u0119d\u0119 stawa\u0142 na g\u0142owie, \u017ceby udzieli\u0107 Wam satysfakcjonuj\u0105cej odpowiedzi.<\/p>\n<p style=\"text-align: justify;\">Za: <a href=\"http:\/\/www.wsamosedno.pl\/podatek-katastralny-katastrofa-przyszlosci\/\" target=\"_blank\">http:\/\/www.wsamosedno.pl<\/a><\/p>\n<p style=\"text-align: right;\">\n<p style=\"text-align: right;\"><strong>Piotr Czarnoja\u0144czyk<\/strong><\/p>\n<p style=\"text-align: justify;\">\nPrzysz\u0142y prawnik, autor publikacji naukowych z zakresu prawa administracyjnego. Jego zainteresowania prawne oscyluj\u0105 wok\u00f3\u0142 prawa publicznego oraz jego styku z innymi dziedzinami. Na \u0142amach portalu wSamoSedno.pl podejmie si\u0119 misji zbli\u017cenia ludzi do prawa. A na co dzie\u0144 \u2013 pi\u0142ka no\u017cna, muzyka, samochody i motocykle.<\/p>\n","protected":false},"excerpt":{"rendered":"<p>Dzisiaj kr\u00f3tko, lecz dobitnie. W trakcie kampanii wyborczej, mi\u0119dzy pierwsz\u0105 a drug\u0105 tur\u0105 wybor\u00f3w prezydenckich, przez Internet przewin\u0119\u0142a si\u0119 wiadomo\u015b\u0107,<\/p>\n","protected":false},"author":7,"featured_media":16376,"comment_status":"open","ping_status":"open","sticky":false,"template":"","format":"standard","meta":{"colormag_page_layout":"default_layout","footnotes":""},"categories":[143,81],"tags":[2879],"class_list":["post-16374","post","type-post","status-publish","format-standard","has-post-thumbnail","hentry","category-inne","category-rzeczpospolita","tag-podatek-katastralny"],"yoast_head":"<!-- This site is optimized with the Yoast SEO plugin v25.1 - https:\/\/yoast.com\/wordpress\/plugins\/seo\/ -->\n<title>Podatek katastralny - \u015bmiertelna zemsta finansjery ? - SI\u0118 MY\u015aLI<\/title>\n<meta name=\"robots\" content=\"index, follow, max-snippet:-1, max-image-preview:large, max-video-preview:-1\" \/>\n<link rel=\"canonical\" href=\"https:\/\/siemysli-ke.info\/de\/podatek-katastralny-smiertelna-zemsta-finansjery\/\" \/>\n<meta property=\"og:locale\" content=\"de_DE\" \/>\n<meta property=\"og:type\" content=\"article\" \/>\n<meta property=\"og:title\" content=\"Podatek katastralny - \u015bmiertelna zemsta finansjery ? - SI\u0118 MY\u015aLI\" \/>\n<meta property=\"og:description\" content=\"Dzisiaj kr\u00f3tko, lecz dobitnie. W trakcie kampanii wyborczej, mi\u0119dzy pierwsz\u0105 a drug\u0105 tur\u0105 wybor\u00f3w prezydenckich, przez Internet przewin\u0119\u0142a si\u0119 wiadomo\u015b\u0107,\" \/>\n<meta property=\"og:url\" content=\"https:\/\/siemysli-ke.info\/de\/podatek-katastralny-smiertelna-zemsta-finansjery\/\" \/>\n<meta property=\"og:site_name\" content=\"SI\u0118 MY\u015aLI\" \/>\n<meta property=\"article:published_time\" content=\"2015-07-15T15:20:00+00:00\" \/>\n<meta property=\"article:modified_time\" content=\"2015-07-16T10:13:04+00:00\" \/>\n<meta property=\"og:image\" content=\"https:\/\/siemysli-ke.info\/wp-content\/uploads\/2015\/07\/mid_5960.jpg\" \/>\n\t<meta property=\"og:image:width\" content=\"400\" \/>\n\t<meta property=\"og:image:height\" content=\"230\" \/>\n\t<meta property=\"og:image:type\" content=\"image\/jpeg\" \/>\n<meta name=\"author\" content=\"Jaromir\" \/>\n<meta name=\"twitter:label1\" content=\"Verfasst von\" \/>\n\t<meta name=\"twitter:data1\" content=\"Jaromir\" \/>\n\t<meta name=\"twitter:label2\" content=\"Gesch\u00e4tzte Lesezeit\" \/>\n\t<meta name=\"twitter:data2\" content=\"7\u00a0Minuten\" \/>\n<script type=\"application\/ld+json\" class=\"yoast-schema-graph\">{\"@context\":\"https:\/\/schema.org\",\"@graph\":[{\"@type\":\"Article\",\"@id\":\"https:\/\/siemysli-ke.info\/de\/podatek-katastralny-smiertelna-zemsta-finansjery\/#article\",\"isPartOf\":{\"@id\":\"https:\/\/siemysli-ke.info\/de\/podatek-katastralny-smiertelna-zemsta-finansjery\/\"},\"author\":{\"name\":\"Jaromir\",\"@id\":\"https:\/\/siemysli-ke.info\/#\/schema\/person\/66d741fa745a44f2fe46d112bc6499f2\"},\"headline\":\"Podatek katastralny &#8211; \u015bmiertelna zemsta finansjery ?\",\"datePublished\":\"2015-07-15T15:20:00+00:00\",\"dateModified\":\"2015-07-16T10:13:04+00:00\",\"mainEntityOfPage\":{\"@id\":\"https:\/\/siemysli-ke.info\/de\/podatek-katastralny-smiertelna-zemsta-finansjery\/\"},\"wordCount\":1376,\"commentCount\":0,\"publisher\":{\"@id\":\"https:\/\/siemysli-ke.info\/#organization\"},\"image\":{\"@id\":\"https:\/\/siemysli-ke.info\/de\/podatek-katastralny-smiertelna-zemsta-finansjery\/#primaryimage\"},\"thumbnailUrl\":\"https:\/\/siemysli-ke.info\/wp-content\/uploads\/2015\/07\/mid_5960.jpg\",\"keywords\":[\"podatek katastralny\"],\"articleSection\":[\"Inne\",\"Rzeczypospolita\"],\"inLanguage\":\"de\",\"potentialAction\":[{\"@type\":\"CommentAction\",\"name\":\"Comment\",\"target\":[\"https:\/\/siemysli-ke.info\/de\/podatek-katastralny-smiertelna-zemsta-finansjery\/#respond\"]}]},{\"@type\":\"WebPage\",\"@id\":\"https:\/\/siemysli-ke.info\/de\/podatek-katastralny-smiertelna-zemsta-finansjery\/\",\"url\":\"https:\/\/siemysli-ke.info\/de\/podatek-katastralny-smiertelna-zemsta-finansjery\/\",\"name\":\"Podatek katastralny - \u015bmiertelna zemsta finansjery ? - SI\u0118 MY\u015aLI\",\"isPartOf\":{\"@id\":\"https:\/\/siemysli-ke.info\/de\/#website\"},\"primaryImageOfPage\":{\"@id\":\"https:\/\/siemysli-ke.info\/de\/podatek-katastralny-smiertelna-zemsta-finansjery\/#primaryimage\"},\"image\":{\"@id\":\"https:\/\/siemysli-ke.info\/de\/podatek-katastralny-smiertelna-zemsta-finansjery\/#primaryimage\"},\"thumbnailUrl\":\"https:\/\/siemysli-ke.info\/wp-content\/uploads\/2015\/07\/mid_5960.jpg\",\"datePublished\":\"2015-07-15T15:20:00+00:00\",\"dateModified\":\"2015-07-16T10:13:04+00:00\",\"breadcrumb\":{\"@id\":\"https:\/\/siemysli-ke.info\/de\/podatek-katastralny-smiertelna-zemsta-finansjery\/#breadcrumb\"},\"inLanguage\":\"de\",\"potentialAction\":[{\"@type\":\"ReadAction\",\"target\":[[\"https:\/\/siemysli-ke.info\/de\/podatek-katastralny-smiertelna-zemsta-finansjery\/\"]]}]},{\"@type\":\"ImageObject\",\"inLanguage\":\"de\",\"@id\":\"https:\/\/siemysli-ke.info\/de\/podatek-katastralny-smiertelna-zemsta-finansjery\/#primaryimage\",\"url\":\"https:\/\/siemysli-ke.info\/wp-content\/uploads\/2015\/07\/mid_5960.jpg\",\"contentUrl\":\"https:\/\/siemysli-ke.info\/wp-content\/uploads\/2015\/07\/mid_5960.jpg\",\"width\":400,\"height\":230},{\"@type\":\"BreadcrumbList\",\"@id\":\"https:\/\/siemysli-ke.info\/de\/podatek-katastralny-smiertelna-zemsta-finansjery\/#breadcrumb\",\"itemListElement\":[{\"@type\":\"ListItem\",\"position\":1,\"name\":\"Home\",\"item\":\"https:\/\/siemysli-ke.info\/de\/\"},{\"@type\":\"ListItem\",\"position\":2,\"name\":\"Podatek katastralny &#8211; \u015bmiertelna zemsta finansjery ?\"}]},{\"@type\":\"WebSite\",\"@id\":\"https:\/\/siemysli-ke.info\/de\/#website\",\"url\":\"https:\/\/siemysli-ke.info\/de\/\",\"name\":\"SI\u0118 MY\u015aLI\",\"description\":\"\",\"publisher\":{\"@id\":\"https:\/\/siemysli-ke.info\/de\/#organization\"},\"potentialAction\":[{\"@type\":\"SearchAction\",\"target\":{\"@type\":\"EntryPoint\",\"urlTemplate\":\"https:\/\/siemysli-ke.info\/de\/?s={search_term_string}\"},\"query-input\":{\"@type\":\"PropertyValueSpecification\",\"valueRequired\":true,\"valueName\":\"search_term_string\"}}],\"inLanguage\":\"de\"},{\"@type\":\"Organization\",\"@id\":\"https:\/\/siemysli-ke.info\/de\/#organization\",\"name\":\"SI\u0118 MY\u015aLI\",\"url\":\"https:\/\/siemysli-ke.info\/de\/\",\"logo\":{\"@type\":\"ImageObject\",\"inLanguage\":\"de\",\"@id\":\"https:\/\/siemysli-ke.info\/de\/#\/schema\/logo\/image\/\",\"url\":\"https:\/\/siemysli-ke.info\/wp-content\/uploads\/2025\/05\/99.png\",\"contentUrl\":\"https:\/\/siemysli-ke.info\/wp-content\/uploads\/2025\/05\/99.png\",\"width\":270,\"height\":204,\"caption\":\"SI\u0118 MY\u015aLI\"},\"image\":{\"@id\":\"https:\/\/siemysli-ke.info\/de\/#\/schema\/logo\/image\/\"}},{\"@type\":\"Person\",\"@id\":\"https:\/\/siemysli-ke.info\/#\/schema\/person\/66d741fa745a44f2fe46d112bc6499f2\",\"name\":\"Jaromir\",\"image\":{\"@type\":\"ImageObject\",\"inLanguage\":\"de\",\"@id\":\"https:\/\/siemysli-ke.info\/de\/#\/schema\/person\/image\/\",\"url\":\"https:\/\/secure.gravatar.com\/avatar\/fe881559e8ac8dda20293e9e8317d4678c6ad8f65f85a9ce5e1a87cee56b6198?s=96&d=mm&r=g\",\"contentUrl\":\"https:\/\/secure.gravatar.com\/avatar\/fe881559e8ac8dda20293e9e8317d4678c6ad8f65f85a9ce5e1a87cee56b6198?s=96&d=mm&r=g\",\"caption\":\"Jaromir\"},\"url\":\"https:\/\/siemysli-ke.info\/de\/author\/jaromir\/\"}]}<\/script>\n<!-- \/ Yoast SEO plugin. -->","yoast_head_json":{"title":"Podatek katastralny - \u015bmiertelna zemsta finansjery ? - SI\u0118 MY\u015aLI","robots":{"index":"index","follow":"follow","max-snippet":"max-snippet:-1","max-image-preview":"max-image-preview:large","max-video-preview":"max-video-preview:-1"},"canonical":"https:\/\/siemysli-ke.info\/de\/podatek-katastralny-smiertelna-zemsta-finansjery\/","og_locale":"de_DE","og_type":"article","og_title":"Podatek katastralny - \u015bmiertelna zemsta finansjery ? - SI\u0118 MY\u015aLI","og_description":"Dzisiaj kr\u00f3tko, lecz dobitnie. W trakcie kampanii wyborczej, mi\u0119dzy pierwsz\u0105 a drug\u0105 tur\u0105 wybor\u00f3w prezydenckich, przez Internet przewin\u0119\u0142a si\u0119 wiadomo\u015b\u0107,","og_url":"https:\/\/siemysli-ke.info\/de\/podatek-katastralny-smiertelna-zemsta-finansjery\/","og_site_name":"SI\u0118 MY\u015aLI","article_published_time":"2015-07-15T15:20:00+00:00","article_modified_time":"2015-07-16T10:13:04+00:00","og_image":[{"width":400,"height":230,"url":"https:\/\/siemysli-ke.info\/wp-content\/uploads\/2015\/07\/mid_5960.jpg","type":"image\/jpeg"}],"author":"Jaromir","twitter_misc":{"Verfasst von":"Jaromir","Gesch\u00e4tzte Lesezeit":"7\u00a0Minuten"},"schema":{"@context":"https:\/\/schema.org","@graph":[{"@type":"Article","@id":"https:\/\/siemysli-ke.info\/de\/podatek-katastralny-smiertelna-zemsta-finansjery\/#article","isPartOf":{"@id":"https:\/\/siemysli-ke.info\/de\/podatek-katastralny-smiertelna-zemsta-finansjery\/"},"author":{"name":"Jaromir","@id":"https:\/\/siemysli-ke.info\/#\/schema\/person\/66d741fa745a44f2fe46d112bc6499f2"},"headline":"Podatek katastralny &#8211; \u015bmiertelna zemsta finansjery ?","datePublished":"2015-07-15T15:20:00+00:00","dateModified":"2015-07-16T10:13:04+00:00","mainEntityOfPage":{"@id":"https:\/\/siemysli-ke.info\/de\/podatek-katastralny-smiertelna-zemsta-finansjery\/"},"wordCount":1376,"commentCount":0,"publisher":{"@id":"https:\/\/siemysli-ke.info\/#organization"},"image":{"@id":"https:\/\/siemysli-ke.info\/de\/podatek-katastralny-smiertelna-zemsta-finansjery\/#primaryimage"},"thumbnailUrl":"https:\/\/siemysli-ke.info\/wp-content\/uploads\/2015\/07\/mid_5960.jpg","keywords":["podatek katastralny"],"articleSection":["Inne","Rzeczypospolita"],"inLanguage":"de","potentialAction":[{"@type":"CommentAction","name":"Comment","target":["https:\/\/siemysli-ke.info\/de\/podatek-katastralny-smiertelna-zemsta-finansjery\/#respond"]}]},{"@type":"WebPage","@id":"https:\/\/siemysli-ke.info\/de\/podatek-katastralny-smiertelna-zemsta-finansjery\/","url":"https:\/\/siemysli-ke.info\/de\/podatek-katastralny-smiertelna-zemsta-finansjery\/","name":"Podatek katastralny - \u015bmiertelna zemsta finansjery ? - SI\u0118 MY\u015aLI","isPartOf":{"@id":"https:\/\/siemysli-ke.info\/de\/#website"},"primaryImageOfPage":{"@id":"https:\/\/siemysli-ke.info\/de\/podatek-katastralny-smiertelna-zemsta-finansjery\/#primaryimage"},"image":{"@id":"https:\/\/siemysli-ke.info\/de\/podatek-katastralny-smiertelna-zemsta-finansjery\/#primaryimage"},"thumbnailUrl":"https:\/\/siemysli-ke.info\/wp-content\/uploads\/2015\/07\/mid_5960.jpg","datePublished":"2015-07-15T15:20:00+00:00","dateModified":"2015-07-16T10:13:04+00:00","breadcrumb":{"@id":"https:\/\/siemysli-ke.info\/de\/podatek-katastralny-smiertelna-zemsta-finansjery\/#breadcrumb"},"inLanguage":"de","potentialAction":[{"@type":"ReadAction","target":[["https:\/\/siemysli-ke.info\/de\/podatek-katastralny-smiertelna-zemsta-finansjery\/"]]}]},{"@type":"ImageObject","inLanguage":"de","@id":"https:\/\/siemysli-ke.info\/de\/podatek-katastralny-smiertelna-zemsta-finansjery\/#primaryimage","url":"https:\/\/siemysli-ke.info\/wp-content\/uploads\/2015\/07\/mid_5960.jpg","contentUrl":"https:\/\/siemysli-ke.info\/wp-content\/uploads\/2015\/07\/mid_5960.jpg","width":400,"height":230},{"@type":"BreadcrumbList","@id":"https:\/\/siemysli-ke.info\/de\/podatek-katastralny-smiertelna-zemsta-finansjery\/#breadcrumb","itemListElement":[{"@type":"ListItem","position":1,"name":"Home","item":"https:\/\/siemysli-ke.info\/de\/"},{"@type":"ListItem","position":2,"name":"Podatek katastralny &#8211; \u015bmiertelna zemsta finansjery ?"}]},{"@type":"WebSite","@id":"https:\/\/siemysli-ke.info\/de\/#website","url":"https:\/\/siemysli-ke.info\/de\/","name":"SI\u0118 MY\u015aLI","description":"","publisher":{"@id":"https:\/\/siemysli-ke.info\/de\/#organization"},"potentialAction":[{"@type":"SearchAction","target":{"@type":"EntryPoint","urlTemplate":"https:\/\/siemysli-ke.info\/de\/?s={search_term_string}"},"query-input":{"@type":"PropertyValueSpecification","valueRequired":true,"valueName":"search_term_string"}}],"inLanguage":"de"},{"@type":"Organization","@id":"https:\/\/siemysli-ke.info\/de\/#organization","name":"SI\u0118 MY\u015aLI","url":"https:\/\/siemysli-ke.info\/de\/","logo":{"@type":"ImageObject","inLanguage":"de","@id":"https:\/\/siemysli-ke.info\/de\/#\/schema\/logo\/image\/","url":"https:\/\/siemysli-ke.info\/wp-content\/uploads\/2025\/05\/99.png","contentUrl":"https:\/\/siemysli-ke.info\/wp-content\/uploads\/2025\/05\/99.png","width":270,"height":204,"caption":"SI\u0118 MY\u015aLI"},"image":{"@id":"https:\/\/siemysli-ke.info\/de\/#\/schema\/logo\/image\/"}},{"@type":"Person","@id":"https:\/\/siemysli-ke.info\/#\/schema\/person\/66d741fa745a44f2fe46d112bc6499f2","name":"Jaromir","image":{"@type":"ImageObject","inLanguage":"de","@id":"https:\/\/siemysli-ke.info\/de\/#\/schema\/person\/image\/","url":"https:\/\/secure.gravatar.com\/avatar\/fe881559e8ac8dda20293e9e8317d4678c6ad8f65f85a9ce5e1a87cee56b6198?s=96&d=mm&r=g","contentUrl":"https:\/\/secure.gravatar.com\/avatar\/fe881559e8ac8dda20293e9e8317d4678c6ad8f65f85a9ce5e1a87cee56b6198?s=96&d=mm&r=g","caption":"Jaromir"},"url":"https:\/\/siemysli-ke.info\/de\/author\/jaromir\/"}]}},"_links":{"self":[{"href":"https:\/\/siemysli-ke.info\/de\/wp-json\/wp\/v2\/posts\/16374","targetHints":{"allow":["GET"]}}],"collection":[{"href":"https:\/\/siemysli-ke.info\/de\/wp-json\/wp\/v2\/posts"}],"about":[{"href":"https:\/\/siemysli-ke.info\/de\/wp-json\/wp\/v2\/types\/post"}],"author":[{"embeddable":true,"href":"https:\/\/siemysli-ke.info\/de\/wp-json\/wp\/v2\/users\/7"}],"replies":[{"embeddable":true,"href":"https:\/\/siemysli-ke.info\/de\/wp-json\/wp\/v2\/comments?post=16374"}],"version-history":[{"count":0,"href":"https:\/\/siemysli-ke.info\/de\/wp-json\/wp\/v2\/posts\/16374\/revisions"}],"wp:featuredmedia":[{"embeddable":true,"href":"https:\/\/siemysli-ke.info\/de\/wp-json\/wp\/v2\/media\/16376"}],"wp:attachment":[{"href":"https:\/\/siemysli-ke.info\/de\/wp-json\/wp\/v2\/media?parent=16374"}],"wp:term":[{"taxonomy":"category","embeddable":true,"href":"https:\/\/siemysli-ke.info\/de\/wp-json\/wp\/v2\/categories?post=16374"},{"taxonomy":"post_tag","embeddable":true,"href":"https:\/\/siemysli-ke.info\/de\/wp-json\/wp\/v2\/tags?post=16374"}],"curies":[{"name":"wp","href":"https:\/\/api.w.org\/{rel}","templated":true}]}}