 {"id":16336,"date":"2015-07-12T21:29:31","date_gmt":"2015-07-12T19:29:31","guid":{"rendered":"http:\/\/www.siemysli.info.ke\/?p=16336"},"modified":"2015-07-12T22:40:41","modified_gmt":"2015-07-12T20:40:41","slug":"radio-wnet-z-wizyta-w-pszowie","status":"publish","type":"post","link":"https:\/\/siemysli-ke.info\/de\/radio-wnet-z-wizyta-w-pszowie\/","title":{"rendered":"Radio \u201eWnet\u201d z wizyt\u0105 w Pszowie"},"content":{"rendered":"<p style=\"text-align: justify;\"><a href=\"http:\/\/www.siemysli.info.ke\/wp-content\/uploads\/2015\/07\/DSC_0435.jpg\" rel=\"lightbox[16336]\"><img decoding=\"async\" class=\"alignleft size-medium wp-image-16340\" src=\"http:\/\/www.siemysli.info.ke\/wp-content\/uploads\/2015\/07\/DSC_0435-300x199.jpg\" alt=\"DSC_0435\" width=\"300\" height=\"199\" srcset=\"https:\/\/siemysli-ke.info\/wp-content\/uploads\/2015\/07\/DSC_0435-300x199.jpg 300w, https:\/\/siemysli-ke.info\/wp-content\/uploads\/2015\/07\/DSC_0435.jpg 614w\" sizes=\"(max-width: 300px) 100vw, 300px\" \/><\/a><strong>L<\/strong>ato 2015, to kolejne podr\u00f3\u017ce warszawskiego radia po \u015al\u0105sku. Tym razem ekipa Krzysztofa Skowro\u0144skiego zawita\u0142a do niewielkiego miasta, niedaleko granicy z Republik\u0105 Czesk\u0105.<\/p>\n<p style=\"text-align: justify;\"><strong>Z pielgrzymk\u0105 u Matki Bo\u017cej U\u015bmiechni\u0119tej. <\/strong><strong>Dlaczego w\u0142a\u015bnie tam..?<\/strong><strong>\u00a0<\/strong><\/p>\n<p style=\"text-align: justify;\"><strong>P<\/strong>sz\u00f3w to miasto, naznaczone symbolami zar\u00f3wno historii jak i wiary, a jednocze\u015bnie trapi\u0105 mieszka\u0144c\u00f3w tego miasta problemy, kt\u00f3re s\u0105 zmor\u0105 ca\u0142ego regionu (bezrobocie, \u017cycie w ci\u0105g\u0142ym zagro\u017ceniu utrat\u0105 pracy, emigracja m\u0142odych za chlebem).<\/p>\n<p style=\"text-align: justify;\"><strong>A jednak:<\/strong><\/p>\n<p style=\"text-align: justify;\">ci\u0105gle uwa\u017ca si\u0119, \u017ce jest to miasto pogodnych, \u017cyczliwych ludzi. O tych wszystkich sprawach, historii, kulturze, dniu dzisiejszym, o rado\u015bciach i problemach mieszka\u0144c\u00f3w i nie tylko, by\u0142a mowa na antenie warszawskiego radia w dniu 9. lipca.<\/p>\n<p style=\"text-align: center;\"><a href=\"http:\/\/www.siemysli.info.ke\/wp-content\/uploads\/2015\/07\/DSC_0383.jpg\" rel=\"lightbox[16336]\"><img decoding=\"async\" class=\"aligncenter size-medium wp-image-16341\" src=\"http:\/\/www.siemysli.info.ke\/wp-content\/uploads\/2015\/07\/DSC_0383-300x199.jpg\" alt=\"DSC_0383\" width=\"300\" height=\"199\" srcset=\"https:\/\/siemysli-ke.info\/wp-content\/uploads\/2015\/07\/DSC_0383-300x199.jpg 300w, https:\/\/siemysli-ke.info\/wp-content\/uploads\/2015\/07\/DSC_0383.jpg 614w\" sizes=\"(max-width: 300px) 100vw, 300px\" \/><\/a><\/p>\n<p style=\"text-align: justify;\"><strong>W <\/strong>audycji zabrali g\u0142os nie tylko sami mieszka\u0144cy. Wielu go\u015bci przyjecha\u0142o z odleg\u0142ych miast i miejscowo\u015bci na \u015al\u0105sku po to, by mie\u0107 mo\u017cliwo\u015b\u0107 wypowiedzenia si\u0119 na antenie. Przyjechali do Pszowa z okolic Pszczyny, Rybnika, Rogowa, Giera\u0142towic, Knurowa, bo \u015al\u0105sk i \u015al\u0105zacy to jeden dom i jedna rodzina, a dzi\u015b w niezrozumia\u0142y spos\u00f3b prowadzi si\u0119 polityk\u0119, zmierzaj\u0105c\u0105 do por\u00f3\u017cnienia \u015al\u0105zak\u00f3w z \u015al\u0105zakami \u2013 o tych problemach r\u00f3wnie\u017c by\u0142a mowa w audycji&#8230;<\/p>\n<p style=\"text-align: justify;\"><strong>K<\/strong>omu potrzebne jest tworzenie polityki nienawi\u015bci..? Na to pytanie nie zdo\u0142a odpowiedzie\u0107 dzi\u015b pewnie nikt, za to przedstawi\u0107 mo\u017cna i pokaza\u0107 to wszystko, co dzieje si\u0119 dobrego, mo\u017cna tak\u017ce wskaza\u0107 przyk\u0142ady godne na\u015bladowania a tak\u017ce to wszystko, co sp\u0119dza sen z oczu mieszka\u0144c\u00f3w, dzi\u015b nie tylko Pszowa.<\/p>\n<p style=\"text-align: center;\"><a href=\"http:\/\/www.siemysli.info.ke\/wp-content\/uploads\/2015\/07\/DSC_0337.jpg\" rel=\"lightbox[16336]\"><img decoding=\"async\" class=\"aligncenter size-medium wp-image-16342\" src=\"http:\/\/www.siemysli.info.ke\/wp-content\/uploads\/2015\/07\/DSC_0337-300x199.jpg\" alt=\"DSC_0337\" width=\"300\" height=\"199\" srcset=\"https:\/\/siemysli-ke.info\/wp-content\/uploads\/2015\/07\/DSC_0337-300x199.jpg 300w, https:\/\/siemysli-ke.info\/wp-content\/uploads\/2015\/07\/DSC_0337.jpg 661w\" sizes=\"(max-width: 300px) 100vw, 300px\" \/><\/a><\/p>\n<p style=\"text-align: justify;\"><strong>R<\/strong>adio <em>Wnet<\/em> \u2013 jako ,,pogodne\u201d radio prawdy, daje mo\u017cliwo\u015bci wypowiedzenia si\u0119 bez wyg\u0142adzania i koloryzowania, dlatego wielu mieszka\u0144c\u00f3w regionu pospieszy\u0142o do miejsca, zwi\u0105zanego z kultem Maryjnym, by tym razem nie tylko w modlitwie uprosi\u0107 \u0142aski u Matki Bo\u017cej U\u015bmiechni\u0119tej, ale m\u00f3c te\u017c wypowiedzie\u0107 swoje zdanie na radiowej antenie.<\/p>\n<p style=\"text-align: justify;\"><strong>O <\/strong>sytuacji na terenie miasta wypowiada\u0142y si\u0119 &#8211; pani burmistrz, Katarzyna Sawicka-Mucha oraz Anna Buban. Dyrektor MOK wspomnia\u0142 o wa\u017cnej kwestii zachowania tradycji i gwar: ,,<em>Wa\u017cne jest, aby przypomina\u0107 dawne, zapomniane ju\u017c lub ma\u0142o u\u017cywane zwroty gwarowe, by nic nie zosta\u0142o zapomniane z naszej tak bogatej kultury\u201d.<\/em><\/p>\n<p style=\"text-align: justify;\"><strong>O <\/strong>dzia\u0142alno\u015bci dru\u017cyn harcerskich, dzia\u0142aj\u0105cych na terenie miasta, wypowiadali si\u0119 harcerze pszowskiego szczepu <em>Smoki<\/em>. Druhna Ewelina Grosman zapytana o to, czy jest \u015al\u0105zaczk\u0105, dumnie stwierdzi\u0142a: ,,<em>Tak<\/em> &#8211; <em>moje korzenie s\u0105 na trwa\u0142e wro\u015bni\u0119te w t\u0119 ziemi\u0119, jestem dumna z tego, \u017ce jestem \u015al\u0105zaczk\u0105 i moim zdaniem nie powinni\u015bmy si\u0119 wstydzi\u0107 swojej gwary, na co dzie\u0144 powinni\u015bmy rozmawia\u0107 ze sob\u0105 <strong>naszom godkom<\/strong>, nie zapominaj\u0105c przy tym, o ojczystym j\u0119zyku.<\/em><\/p>\n<p style=\"text-align: center;\"><a href=\"http:\/\/www.siemysli.info.ke\/wp-content\/uploads\/2015\/07\/DSC_0426.jpg\" rel=\"lightbox[16336]\"><img decoding=\"async\" class=\"aligncenter size-medium wp-image-16343\" src=\"http:\/\/www.siemysli.info.ke\/wp-content\/uploads\/2015\/07\/DSC_0426-300x199.jpg\" alt=\"DSC_0426\" width=\"300\" height=\"199\" srcset=\"https:\/\/siemysli-ke.info\/wp-content\/uploads\/2015\/07\/DSC_0426-300x199.jpg 300w, https:\/\/siemysli-ke.info\/wp-content\/uploads\/2015\/07\/DSC_0426.jpg 614w\" sizes=\"(max-width: 300px) 100vw, 300px\" \/><\/a><\/p>\n<p style=\"text-align: justify;\"><em>Naszym zadaniem jest opieka nad m\u0142odszymi kolegami zuchami, prowadzimy wiele akcji pomocy, bierzemy udzia\u0142 w obozach i zawodach sprawno\u015bciowych. Wykonujemy zadania, kt\u00f3re nie r\u00f3\u017cni\u0105 si\u0119 niczym od zada\u0144, wykonywanych przez harcerzy w ca\u0142ym kraju.<\/em><\/p>\n<p style=\"text-align: justify;\"><em>Harcerstwo, to s\u0142u\u017cba ludziom. \u015alubuj\u0105c, dajemy wyraz przynale\u017cno\u015bci do Wielkiej Sprawy, kt\u00f3r\u0105 jest Ojczyzna i wszystko, co jest z ni\u0105 zwi\u0105zane. Zadania, kt\u00f3re zosta\u0142y przed nami postawione, realizujemy w ca\u0142o\u015bci, tu nie ma miejsca na odk\u0142adnie czego\u015b na potem.<\/em><\/p>\n<p style=\"text-align: justify;\"><em>Zwi\u0105zek Harcerstwa Polskiego to Wielki Obowi\u0105zek; Obowi\u0105zek wobec ojczyzny i jej mieszka\u0144c\u00f3w, jeste\u015bmy gotowi \u2013 czuwamy\u201d &#8211; <\/em>dodaje Ewelina Grosman&#8230;<\/p>\n<p style=\"text-align: justify;\"><strong>(Wi\u0119cej na facebook.com\/szczepsmoki <\/strong><\/p>\n<p style=\"text-align: justify;\"><strong>www.naszwodzis\u0142aw.com\/pszowski<\/strong><strong>szczepsmoki<\/strong><strong>).<\/strong><\/p>\n<p style=\"text-align: center;\"><a href=\"http:\/\/www.siemysli.info.ke\/wp-content\/uploads\/2015\/07\/DSC_0349.jpg\" rel=\"lightbox[16336]\"><img decoding=\"async\" class=\"aligncenter size-medium wp-image-16344\" src=\"http:\/\/www.siemysli.info.ke\/wp-content\/uploads\/2015\/07\/DSC_0349-300x199.jpg\" alt=\"DSC_0349\" width=\"300\" height=\"199\" srcset=\"https:\/\/siemysli-ke.info\/wp-content\/uploads\/2015\/07\/DSC_0349-300x199.jpg 300w, https:\/\/siemysli-ke.info\/wp-content\/uploads\/2015\/07\/DSC_0349.jpg 614w\" sizes=\"(max-width: 300px) 100vw, 300px\" \/><\/a><\/p>\n<p style=\"text-align: justify;\"><strong>O <\/strong>trudnych sprawach polskiego g\u00f3rnictwa wypowiadali si\u0119 mgr in\u017c. Marek Adamczyk oraz przedstawiciel Zwi\u0105zku Zawodowego NSZZ <em>Solidarno\u015b\u0107<\/em> KWK <em>Rydu\u0142towy-Anna<\/em>, pan Piotr Glenc. Pani Ewelina Kwiatkowska, nauczycielka, dzi\u015b w stanie spoczynku, opowiada\u0142a o zmianach mentalnych uczni\u00f3w na \u015al\u0105sku na przestrzeni lat, a tak\u017ce o zmianach w programie nauczania.<\/p>\n<p style=\"text-align: justify;\"><strong>T<\/strong>adeusz Galisz, mieszkaniec Rybnika, wypowiada\u0142 si\u0119 nt. RA\u015a i zagro\u017ce\u0144 z nim zwi\u0105zanych: ,,<em>Komu zale\u017cy na tym, by por\u00f3\u017cni\u0107 \u015al\u0105zak\u00f3w ze \u015al\u0105zakami..?\u201d <\/em>Tym pytaniem zako\u0144czy\u0142 swoj\u0105 wypowied\u017a<em>.<\/em><\/p>\n<p style=\"text-align: justify;\"><strong>A<\/strong>licja Owczarska, studentka architektury z Knurowa, opowiada\u0142a o roli ojca w rodzinie \u015bl\u0105skiej; ,,<em>To nie tylko prawa ale i bardzo du\u017ce obowi\u0105zki spoczywa\u0142y na ,,g\u0142owie\u201d \u015bl\u0105skiej rodziny. Dzi\u015b wszystko jakby ulega wymieszaniu, rola ojca zesz\u0142a w cie\u0144, oboje, m\u0105\u017c i \u017cona wykonuj\u0105 te same czynno\u015bci. Oboje pracuj\u0105, zarabiaj\u0105, prze\u015bcigaj\u0105 si\u0119 w zdobywaniu kariery i cz\u0119stokro\u0107 zapominaj\u0105 przy tym, o tych owocach, kt\u00f3re zosta\u0142y wydane na \u015bwiat z ich mi\u0142o\u015bci &#8211; to smutne, <\/em>dodaje Alicja<em>, a trzeba tak niewiele, by wszystko by\u0142o jak dawniej, po naszemu \u2013 po Bo\u017cemu \u2013 po \u015blonsku\u201d.<\/em><\/p>\n<p style=\"text-align: center;\"><a href=\"http:\/\/www.siemysli.info.ke\/wp-content\/uploads\/2015\/07\/DSC_0338.jpg\" rel=\"lightbox[16336]\"><img decoding=\"async\" class=\"aligncenter size-medium wp-image-16345\" src=\"http:\/\/www.siemysli.info.ke\/wp-content\/uploads\/2015\/07\/DSC_0338-300x199.jpg\" alt=\"DSC_0338\" width=\"300\" height=\"199\" srcset=\"https:\/\/siemysli-ke.info\/wp-content\/uploads\/2015\/07\/DSC_0338-300x199.jpg 300w, https:\/\/siemysli-ke.info\/wp-content\/uploads\/2015\/07\/DSC_0338.jpg 614w\" sizes=\"(max-width: 300px) 100vw, 300px\" \/><\/a><\/p>\n<p style=\"text-align: justify;\"><strong>M<\/strong>aksymilian My\u015bliwiec, 13-letni mieszkaniec Rogowa wspomnia\u0142 na antenie radia o jednym dniu wakacji, jaki zapami\u0119ta\u0142 i opisa\u0142, jako jedn\u0105 z wielu rodzinnych lekcji historii, kt\u00f3rej tematem by\u0142a (po\u0144\u0107 do \u015awiynty Any) a przy tym wspomnienia o powsta\u0144czej bitwie, w kt\u00f3rej bra\u0142 udzia\u0142 jego pradziadek. Wszystko to zapisa\u0142 w gwarze, a w audycji r\u00f3wnie\u017c godkom \u015blonskom opowiedzia\u0142&#8230;<em>\u00a0<em>,,<\/em>Bo to jest dla nas bardzo wa\u017cne&#8220; &#8211; <\/em>zako\u0144czy\u0142 tymi s\u0142owami swoje opowiadanie Maks z Rogowa.<\/p>\n<p style=\"text-align: justify;\"><strong>P<\/strong>rzedstawiciel Rady Miasta &#8211; Kazimierz Nawrat &#8211; opowiada\u0142 o historii swojej rodziny. Jako lekarz wspomnia\u0142 o trudnej sytuacji w zakresie opieki zdrowotnej<em>. ,,Troska o moich pacjent\u00f3w poch\u0142ania mnie ca\u0142kowicie. Staram si\u0119 by\u0107 z nimi nie tylko w gabinecie, ale wsz\u0119dzie, gdzie tylko potrzebna jest pomoc, nie tylko lekarska\u201d.<\/em><\/p>\n<p style=\"text-align: justify;\"><em>\u00a0<\/em><\/p>\n<p style=\"text-align: justify;\"><strong>Spacer uliczkami Pszowa, to odkrywanie historii \u015al\u0105ska<\/strong><strong><em>\u00a0<\/em><\/strong><\/p>\n<p style=\"text-align: justify;\"><strong>W <\/strong>programie wizyty warszawskiego radia by\u0142 spacer po mie\u015bcie a tak\u017ce zwiedzanie Izby Pami\u0119ci. Go\u015bci z Warszawy oprowadza\u0142a Prezes Zwi\u0105zku Kombatant\u00f3w RP i By\u0142ych Wi\u0119\u017ani\u00f3w Politycznych w Pszowie &#8211; pani Stanis\u0142awa Kazimiera \u0141azarczyk. <strong><em>(Wi\u0119cej na <\/em><\/strong><strong><em><a href=\"http:\/\/www.pszow.pl\/portal3\">www.pszow.pl\/portal3<\/a><\/em><\/strong><strong><em>)<\/em><\/strong><\/p>\n<p style=\"text-align: center;\"><a href=\"http:\/\/www.siemysli.info.ke\/wp-content\/uploads\/2015\/07\/DSC_0457.jpg\" rel=\"lightbox[16336]\"><img decoding=\"async\" class=\"aligncenter size-medium wp-image-16346\" src=\"http:\/\/www.siemysli.info.ke\/wp-content\/uploads\/2015\/07\/DSC_0457-300x199.jpg\" alt=\"DSC_0457\" width=\"300\" height=\"199\" srcset=\"https:\/\/siemysli-ke.info\/wp-content\/uploads\/2015\/07\/DSC_0457-300x199.jpg 300w, https:\/\/siemysli-ke.info\/wp-content\/uploads\/2015\/07\/DSC_0457.jpg 614w\" sizes=\"(max-width: 300px) 100vw, 300px\" \/><\/a><strong><em>\u00a0<\/em><\/strong><\/p>\n<p style=\"text-align: justify;\"><strong>Cele i zadania, jakie stawiaj\u0105 przed sob\u0105 radiowcy z Warszawy:<\/strong><\/p>\n<p style=\"text-align: justify;\"><strong>Z<\/strong>adaniem warszawskiego radia jest przybli\u017cenie spraw, zwi\u0105zanych ze \u015al\u0105skiem, mieszka\u0144com stolicy i Mazowsza. Otwarte rozmowy z mieszka\u0144cami daj\u0105 mo\u017cliwo\u015b\u0107 poznania prawdziwej, nieprzek\u0142amanej prawdy. Audycje tego typu maj\u0105 na trwa\u0142e utworzy\u0107 most wzajemnego zrozumienia. Przekona\u0107 mieszka\u0144c\u00f3w obu region\u00f3w, \u017ce Polacy to jedna rodzina, podzia\u0142y nie s\u0105 potrzebne a wr\u0119cz staj\u0105 si\u0119 niebezpieczne. Wydaje si\u0119, \u017ce droga jest s\u0142uszna i cel w\u0142a\u015bciwy. <strong>Aby zrozumie\u0107 siebie nawzajem &#8211; trzeba wzajemnie si\u0119 poznawa\u0107<\/strong>, tote\u017c s\u0142uchajmy rozg\u0142o\u015bni Radia <em>Wnet<\/em>&#8230;<\/p>\n<p style=\"text-align: justify;\"><strong>S\u0142\u00f3wka, wybrane z godki \u015blonskiej:<\/strong><\/p>\n<p><strong>\u00a0<\/strong><\/p>\n<p><strong>Po\u0144\u0107 &#8212;&#8212;&#8212;&#8212;&#8212;&#8212;&#8212;&#8212;&#8212; <\/strong>pielgrzymka<\/p>\n<p><strong>Ana &#8212;&#8212;&#8212;&#8212;&#8212;&#8212;&#8212;&#8212;&#8212;- <\/strong>Anna<\/p>\n<p>&nbsp;<\/p>\n<p><strong>\u00a0<\/strong><\/p>\n<p style=\"text-align: right;\"><strong>Tadeusz Pucha\u0142ka<\/strong><\/p>\n<p style=\"text-align: right;\">Zdj\u0119cia autora i ze zbior\u00f3w Izby Pami\u0119ci Pszowa<\/p>\n<p>&nbsp;<\/p>\n<p>&nbsp;<\/p>\n<p>&nbsp;<\/p>\n<p><strong>\u00a0<\/strong><\/p>\n","protected":false},"excerpt":{"rendered":"<p>Lato 2015, to kolejne podr\u00f3\u017ce warszawskiego radia po \u015al\u0105sku. Tym razem ekipa Krzysztofa Skowro\u0144skiego zawita\u0142a do niewielkiego miasta, niedaleko granicy<\/p>\n","protected":false},"author":3,"featured_media":16346,"comment_status":"open","ping_status":"open","sticky":false,"template":"","format":"standard","meta":{"colormag_page_layout":"default_layout","footnotes":""},"categories":[3,81],"tags":[2843,2838,89,2836,92,2847,2845,2485,2844,2832,2834,2840,2837,2841,2846,2833,2831,2835,227,898,2842,2550,2839],"class_list":["post-16336","post","type-post","status-publish","format-standard","has-post-thumbnail","hentry","category-kultura","category-rzeczpospolita","tag-alicja-owczarska","tag-anna-buban","tag-breaking","tag-druhna-ewelina-grosman","tag-headline","tag-izba-pamieci-pszowa","tag-kazimierz-nawrat","tag-krzysztof-skowronski","tag-maksymilian-mysliwiec","tag-matka-boza-usmiechnieta","tag-mazowsze","tag-mgr-inz-marek-adamczyk","tag-pani-burmistrz-katarzyna-sawicka-mucha","tag-piotr-glenc","tag-prezes-zwiazku-kombatantow-rp-i-bylych-wiezniow-politycznych-w-pszowie-pani-stanislawa-kazimiera-lazarczyk","tag-pszow","tag-radio-wnet","tag-ras","tag-slask","tag-slazacy","tag-tadeusz-galisz-mieszkaniec-rybnika","tag-tadeusz-puchalka","tag-zwiazek-harcerstwa-polskiego"],"yoast_head":"<!-- This site is optimized with the Yoast SEO plugin v25.1 - https:\/\/yoast.com\/wordpress\/plugins\/seo\/ -->\n<title>Radio \u201eWnet\u201d z wizyt\u0105 w Pszowie - SI\u0118 MY\u015aLI<\/title>\n<meta name=\"robots\" content=\"index, follow, max-snippet:-1, max-image-preview:large, max-video-preview:-1\" \/>\n<link rel=\"canonical\" href=\"https:\/\/siemysli-ke.info\/de\/radio-wnet-z-wizyta-w-pszowie\/\" \/>\n<meta property=\"og:locale\" content=\"de_DE\" \/>\n<meta property=\"og:type\" content=\"article\" \/>\n<meta property=\"og:title\" content=\"Radio \u201eWnet\u201d z wizyt\u0105 w Pszowie - SI\u0118 MY\u015aLI\" \/>\n<meta property=\"og:description\" content=\"Lato 2015, to kolejne podr\u00f3\u017ce warszawskiego radia po \u015al\u0105sku. Tym razem ekipa Krzysztofa Skowro\u0144skiego zawita\u0142a do niewielkiego miasta, niedaleko granicy\" \/>\n<meta property=\"og:url\" content=\"https:\/\/siemysli-ke.info\/de\/radio-wnet-z-wizyta-w-pszowie\/\" \/>\n<meta property=\"og:site_name\" content=\"SI\u0118 MY\u015aLI\" \/>\n<meta property=\"article:published_time\" content=\"2015-07-12T19:29:31+00:00\" \/>\n<meta property=\"article:modified_time\" content=\"2015-07-12T20:40:41+00:00\" \/>\n<meta property=\"og:image\" content=\"https:\/\/siemysli-ke.info\/wp-content\/uploads\/2015\/07\/DSC_0457.jpg\" \/>\n\t<meta property=\"og:image:width\" content=\"614\" \/>\n\t<meta property=\"og:image:height\" content=\"408\" \/>\n\t<meta property=\"og:image:type\" content=\"image\/jpeg\" \/>\n<meta name=\"author\" content=\"...\" \/>\n<meta name=\"twitter:label1\" content=\"Verfasst von\" \/>\n\t<meta name=\"twitter:data1\" content=\"...\" \/>\n\t<meta name=\"twitter:label2\" content=\"Gesch\u00e4tzte Lesezeit\" \/>\n\t<meta name=\"twitter:data2\" content=\"6\u00a0Minuten\" \/>\n<script type=\"application\/ld+json\" class=\"yoast-schema-graph\">{\"@context\":\"https:\/\/schema.org\",\"@graph\":[{\"@type\":\"Article\",\"@id\":\"https:\/\/siemysli-ke.info\/de\/radio-wnet-z-wizyta-w-pszowie\/#article\",\"isPartOf\":{\"@id\":\"https:\/\/siemysli-ke.info\/de\/radio-wnet-z-wizyta-w-pszowie\/\"},\"author\":{\"name\":\"...\",\"@id\":\"https:\/\/siemysli-ke.info\/#\/schema\/person\/75326687448d6abf738b156f56385210\"},\"headline\":\"Radio \u201eWnet\u201d z wizyt\u0105 w Pszowie\",\"datePublished\":\"2015-07-12T19:29:31+00:00\",\"dateModified\":\"2015-07-12T20:40:41+00:00\",\"mainEntityOfPage\":{\"@id\":\"https:\/\/siemysli-ke.info\/de\/radio-wnet-z-wizyta-w-pszowie\/\"},\"wordCount\":1122,\"commentCount\":0,\"publisher\":{\"@id\":\"https:\/\/siemysli-ke.info\/#organization\"},\"image\":{\"@id\":\"https:\/\/siemysli-ke.info\/de\/radio-wnet-z-wizyta-w-pszowie\/#primaryimage\"},\"thumbnailUrl\":\"https:\/\/siemysli-ke.info\/wp-content\/uploads\/2015\/07\/DSC_0457.jpg\",\"keywords\":[\"Alicja Owczarska\",\"Anna Buban\",\"breaking\",\"druhna Ewelina Grosman\",\"headline\",\"Izba Pamieci Pszowa\",\"Kazimierz Nawrat\",\"Krzysztof Skowro\u0144ski\",\"Maksymilian My\u015bliwiec\",\"Matka Bo\u017ca U\u015bmiechni\u0119ta\",\"Mazowsze\",\"mgr in\u017c. Marek Adamczyk\",\"pani burmistrz - Katarzyna Sawicka-Mucha\",\"Piotr Glenc\",\"Prezes Zwi\u0105zku Kombatant\u00f3w RP i By\u0142ych Wi\u0119\u017ani\u00f3w Politycznych w Pszowie - pani Stanis\u0142awa Kazimiera \u0141azarczyk\",\"Psz\u00f3w\",\"Radio \\\"Wnet\\\"\",\"RA\u015a\",\"\u015bl\u0105sk\",\"\u015al\u0105zacy\",\"Tadeusz Galisz - mieszkaniec Rybnika\",\"Tadeusz Pucha\u0142ka\",\"Zwi\u0105zek Harcerstwa Polskiego\"],\"articleSection\":[\"Kultura\",\"Rzeczypospolita\"],\"inLanguage\":\"de\",\"potentialAction\":[{\"@type\":\"CommentAction\",\"name\":\"Comment\",\"target\":[\"https:\/\/siemysli-ke.info\/de\/radio-wnet-z-wizyta-w-pszowie\/#respond\"]}]},{\"@type\":\"WebPage\",\"@id\":\"https:\/\/siemysli-ke.info\/de\/radio-wnet-z-wizyta-w-pszowie\/\",\"url\":\"https:\/\/siemysli-ke.info\/de\/radio-wnet-z-wizyta-w-pszowie\/\",\"name\":\"Radio \u201eWnet\u201d z wizyt\u0105 w Pszowie - SI\u0118 MY\u015aLI\",\"isPartOf\":{\"@id\":\"https:\/\/siemysli-ke.info\/de\/#website\"},\"primaryImageOfPage\":{\"@id\":\"https:\/\/siemysli-ke.info\/de\/radio-wnet-z-wizyta-w-pszowie\/#primaryimage\"},\"image\":{\"@id\":\"https:\/\/siemysli-ke.info\/de\/radio-wnet-z-wizyta-w-pszowie\/#primaryimage\"},\"thumbnailUrl\":\"https:\/\/siemysli-ke.info\/wp-content\/uploads\/2015\/07\/DSC_0457.jpg\",\"datePublished\":\"2015-07-12T19:29:31+00:00\",\"dateModified\":\"2015-07-12T20:40:41+00:00\",\"breadcrumb\":{\"@id\":\"https:\/\/siemysli-ke.info\/de\/radio-wnet-z-wizyta-w-pszowie\/#breadcrumb\"},\"inLanguage\":\"de\",\"potentialAction\":[{\"@type\":\"ReadAction\",\"target\":[[\"https:\/\/siemysli-ke.info\/de\/radio-wnet-z-wizyta-w-pszowie\/\"]]}]},{\"@type\":\"ImageObject\",\"inLanguage\":\"de\",\"@id\":\"https:\/\/siemysli-ke.info\/de\/radio-wnet-z-wizyta-w-pszowie\/#primaryimage\",\"url\":\"https:\/\/siemysli-ke.info\/wp-content\/uploads\/2015\/07\/DSC_0457.jpg\",\"contentUrl\":\"https:\/\/siemysli-ke.info\/wp-content\/uploads\/2015\/07\/DSC_0457.jpg\",\"width\":614,\"height\":408},{\"@type\":\"BreadcrumbList\",\"@id\":\"https:\/\/siemysli-ke.info\/de\/radio-wnet-z-wizyta-w-pszowie\/#breadcrumb\",\"itemListElement\":[{\"@type\":\"ListItem\",\"position\":1,\"name\":\"Home\",\"item\":\"https:\/\/siemysli-ke.info\/de\/\"},{\"@type\":\"ListItem\",\"position\":2,\"name\":\"Radio \u201eWnet\u201d z wizyt\u0105 w Pszowie\"}]},{\"@type\":\"WebSite\",\"@id\":\"https:\/\/siemysli-ke.info\/de\/#website\",\"url\":\"https:\/\/siemysli-ke.info\/de\/\",\"name\":\"SI\u0118 MY\u015aLI\",\"description\":\"\",\"publisher\":{\"@id\":\"https:\/\/siemysli-ke.info\/de\/#organization\"},\"potentialAction\":[{\"@type\":\"SearchAction\",\"target\":{\"@type\":\"EntryPoint\",\"urlTemplate\":\"https:\/\/siemysli-ke.info\/de\/?s={search_term_string}\"},\"query-input\":{\"@type\":\"PropertyValueSpecification\",\"valueRequired\":true,\"valueName\":\"search_term_string\"}}],\"inLanguage\":\"de\"},{\"@type\":\"Organization\",\"@id\":\"https:\/\/siemysli-ke.info\/de\/#organization\",\"name\":\"SI\u0118 MY\u015aLI\",\"url\":\"https:\/\/siemysli-ke.info\/de\/\",\"logo\":{\"@type\":\"ImageObject\",\"inLanguage\":\"de\",\"@id\":\"https:\/\/siemysli-ke.info\/de\/#\/schema\/logo\/image\/\",\"url\":\"https:\/\/siemysli-ke.info\/wp-content\/uploads\/2025\/05\/99.png\",\"contentUrl\":\"https:\/\/siemysli-ke.info\/wp-content\/uploads\/2025\/05\/99.png\",\"width\":270,\"height\":204,\"caption\":\"SI\u0118 MY\u015aLI\"},\"image\":{\"@id\":\"https:\/\/siemysli-ke.info\/de\/#\/schema\/logo\/image\/\"}},{\"@type\":\"Person\",\"@id\":\"https:\/\/siemysli-ke.info\/#\/schema\/person\/75326687448d6abf738b156f56385210\",\"name\":\"...\",\"image\":{\"@type\":\"ImageObject\",\"inLanguage\":\"de\",\"@id\":\"https:\/\/siemysli-ke.info\/de\/#\/schema\/person\/image\/\",\"url\":\"https:\/\/secure.gravatar.com\/avatar\/33a3c2559155e1b4add65cf88cafda785aeb920f44b97c7055b07866ab5b13c2?s=96&d=mm&r=g\",\"contentUrl\":\"https:\/\/secure.gravatar.com\/avatar\/33a3c2559155e1b4add65cf88cafda785aeb920f44b97c7055b07866ab5b13c2?s=96&d=mm&r=g\",\"caption\":\"...\"},\"url\":\"https:\/\/siemysli-ke.info\/de\/author\/lele\/\"}]}<\/script>\n<!-- \/ Yoast SEO plugin. -->","yoast_head_json":{"title":"Radio \u201eWnet\u201d z wizyt\u0105 w Pszowie - SI\u0118 MY\u015aLI","robots":{"index":"index","follow":"follow","max-snippet":"max-snippet:-1","max-image-preview":"max-image-preview:large","max-video-preview":"max-video-preview:-1"},"canonical":"https:\/\/siemysli-ke.info\/de\/radio-wnet-z-wizyta-w-pszowie\/","og_locale":"de_DE","og_type":"article","og_title":"Radio \u201eWnet\u201d z wizyt\u0105 w Pszowie - SI\u0118 MY\u015aLI","og_description":"Lato 2015, to kolejne podr\u00f3\u017ce warszawskiego radia po \u015al\u0105sku. Tym razem ekipa Krzysztofa Skowro\u0144skiego zawita\u0142a do niewielkiego miasta, niedaleko granicy","og_url":"https:\/\/siemysli-ke.info\/de\/radio-wnet-z-wizyta-w-pszowie\/","og_site_name":"SI\u0118 MY\u015aLI","article_published_time":"2015-07-12T19:29:31+00:00","article_modified_time":"2015-07-12T20:40:41+00:00","og_image":[{"width":614,"height":408,"url":"https:\/\/siemysli-ke.info\/wp-content\/uploads\/2015\/07\/DSC_0457.jpg","type":"image\/jpeg"}],"author":"...","twitter_misc":{"Verfasst von":"...","Gesch\u00e4tzte Lesezeit":"6\u00a0Minuten"},"schema":{"@context":"https:\/\/schema.org","@graph":[{"@type":"Article","@id":"https:\/\/siemysli-ke.info\/de\/radio-wnet-z-wizyta-w-pszowie\/#article","isPartOf":{"@id":"https:\/\/siemysli-ke.info\/de\/radio-wnet-z-wizyta-w-pszowie\/"},"author":{"name":"...","@id":"https:\/\/siemysli-ke.info\/#\/schema\/person\/75326687448d6abf738b156f56385210"},"headline":"Radio \u201eWnet\u201d z wizyt\u0105 w Pszowie","datePublished":"2015-07-12T19:29:31+00:00","dateModified":"2015-07-12T20:40:41+00:00","mainEntityOfPage":{"@id":"https:\/\/siemysli-ke.info\/de\/radio-wnet-z-wizyta-w-pszowie\/"},"wordCount":1122,"commentCount":0,"publisher":{"@id":"https:\/\/siemysli-ke.info\/#organization"},"image":{"@id":"https:\/\/siemysli-ke.info\/de\/radio-wnet-z-wizyta-w-pszowie\/#primaryimage"},"thumbnailUrl":"https:\/\/siemysli-ke.info\/wp-content\/uploads\/2015\/07\/DSC_0457.jpg","keywords":["Alicja Owczarska","Anna Buban","breaking","druhna Ewelina Grosman","headline","Izba Pamieci Pszowa","Kazimierz Nawrat","Krzysztof Skowro\u0144ski","Maksymilian My\u015bliwiec","Matka Bo\u017ca U\u015bmiechni\u0119ta","Mazowsze","mgr in\u017c. Marek Adamczyk","pani burmistrz - Katarzyna Sawicka-Mucha","Piotr Glenc","Prezes Zwi\u0105zku Kombatant\u00f3w RP i By\u0142ych Wi\u0119\u017ani\u00f3w Politycznych w Pszowie - pani Stanis\u0142awa Kazimiera \u0141azarczyk","Psz\u00f3w","Radio \"Wnet\"","RA\u015a","\u015bl\u0105sk","\u015al\u0105zacy","Tadeusz Galisz - mieszkaniec Rybnika","Tadeusz Pucha\u0142ka","Zwi\u0105zek Harcerstwa Polskiego"],"articleSection":["Kultura","Rzeczypospolita"],"inLanguage":"de","potentialAction":[{"@type":"CommentAction","name":"Comment","target":["https:\/\/siemysli-ke.info\/de\/radio-wnet-z-wizyta-w-pszowie\/#respond"]}]},{"@type":"WebPage","@id":"https:\/\/siemysli-ke.info\/de\/radio-wnet-z-wizyta-w-pszowie\/","url":"https:\/\/siemysli-ke.info\/de\/radio-wnet-z-wizyta-w-pszowie\/","name":"Radio \u201eWnet\u201d z wizyt\u0105 w Pszowie - SI\u0118 MY\u015aLI","isPartOf":{"@id":"https:\/\/siemysli-ke.info\/de\/#website"},"primaryImageOfPage":{"@id":"https:\/\/siemysli-ke.info\/de\/radio-wnet-z-wizyta-w-pszowie\/#primaryimage"},"image":{"@id":"https:\/\/siemysli-ke.info\/de\/radio-wnet-z-wizyta-w-pszowie\/#primaryimage"},"thumbnailUrl":"https:\/\/siemysli-ke.info\/wp-content\/uploads\/2015\/07\/DSC_0457.jpg","datePublished":"2015-07-12T19:29:31+00:00","dateModified":"2015-07-12T20:40:41+00:00","breadcrumb":{"@id":"https:\/\/siemysli-ke.info\/de\/radio-wnet-z-wizyta-w-pszowie\/#breadcrumb"},"inLanguage":"de","potentialAction":[{"@type":"ReadAction","target":[["https:\/\/siemysli-ke.info\/de\/radio-wnet-z-wizyta-w-pszowie\/"]]}]},{"@type":"ImageObject","inLanguage":"de","@id":"https:\/\/siemysli-ke.info\/de\/radio-wnet-z-wizyta-w-pszowie\/#primaryimage","url":"https:\/\/siemysli-ke.info\/wp-content\/uploads\/2015\/07\/DSC_0457.jpg","contentUrl":"https:\/\/siemysli-ke.info\/wp-content\/uploads\/2015\/07\/DSC_0457.jpg","width":614,"height":408},{"@type":"BreadcrumbList","@id":"https:\/\/siemysli-ke.info\/de\/radio-wnet-z-wizyta-w-pszowie\/#breadcrumb","itemListElement":[{"@type":"ListItem","position":1,"name":"Home","item":"https:\/\/siemysli-ke.info\/de\/"},{"@type":"ListItem","position":2,"name":"Radio \u201eWnet\u201d z wizyt\u0105 w Pszowie"}]},{"@type":"WebSite","@id":"https:\/\/siemysli-ke.info\/de\/#website","url":"https:\/\/siemysli-ke.info\/de\/","name":"SI\u0118 MY\u015aLI","description":"","publisher":{"@id":"https:\/\/siemysli-ke.info\/de\/#organization"},"potentialAction":[{"@type":"SearchAction","target":{"@type":"EntryPoint","urlTemplate":"https:\/\/siemysli-ke.info\/de\/?s={search_term_string}"},"query-input":{"@type":"PropertyValueSpecification","valueRequired":true,"valueName":"search_term_string"}}],"inLanguage":"de"},{"@type":"Organization","@id":"https:\/\/siemysli-ke.info\/de\/#organization","name":"SI\u0118 MY\u015aLI","url":"https:\/\/siemysli-ke.info\/de\/","logo":{"@type":"ImageObject","inLanguage":"de","@id":"https:\/\/siemysli-ke.info\/de\/#\/schema\/logo\/image\/","url":"https:\/\/siemysli-ke.info\/wp-content\/uploads\/2025\/05\/99.png","contentUrl":"https:\/\/siemysli-ke.info\/wp-content\/uploads\/2025\/05\/99.png","width":270,"height":204,"caption":"SI\u0118 MY\u015aLI"},"image":{"@id":"https:\/\/siemysli-ke.info\/de\/#\/schema\/logo\/image\/"}},{"@type":"Person","@id":"https:\/\/siemysli-ke.info\/#\/schema\/person\/75326687448d6abf738b156f56385210","name":"...","image":{"@type":"ImageObject","inLanguage":"de","@id":"https:\/\/siemysli-ke.info\/de\/#\/schema\/person\/image\/","url":"https:\/\/secure.gravatar.com\/avatar\/33a3c2559155e1b4add65cf88cafda785aeb920f44b97c7055b07866ab5b13c2?s=96&d=mm&r=g","contentUrl":"https:\/\/secure.gravatar.com\/avatar\/33a3c2559155e1b4add65cf88cafda785aeb920f44b97c7055b07866ab5b13c2?s=96&d=mm&r=g","caption":"..."},"url":"https:\/\/siemysli-ke.info\/de\/author\/lele\/"}]}},"_links":{"self":[{"href":"https:\/\/siemysli-ke.info\/de\/wp-json\/wp\/v2\/posts\/16336","targetHints":{"allow":["GET"]}}],"collection":[{"href":"https:\/\/siemysli-ke.info\/de\/wp-json\/wp\/v2\/posts"}],"about":[{"href":"https:\/\/siemysli-ke.info\/de\/wp-json\/wp\/v2\/types\/post"}],"author":[{"embeddable":true,"href":"https:\/\/siemysli-ke.info\/de\/wp-json\/wp\/v2\/users\/3"}],"replies":[{"embeddable":true,"href":"https:\/\/siemysli-ke.info\/de\/wp-json\/wp\/v2\/comments?post=16336"}],"version-history":[{"count":0,"href":"https:\/\/siemysli-ke.info\/de\/wp-json\/wp\/v2\/posts\/16336\/revisions"}],"wp:featuredmedia":[{"embeddable":true,"href":"https:\/\/siemysli-ke.info\/de\/wp-json\/wp\/v2\/media\/16346"}],"wp:attachment":[{"href":"https:\/\/siemysli-ke.info\/de\/wp-json\/wp\/v2\/media?parent=16336"}],"wp:term":[{"taxonomy":"category","embeddable":true,"href":"https:\/\/siemysli-ke.info\/de\/wp-json\/wp\/v2\/categories?post=16336"},{"taxonomy":"post_tag","embeddable":true,"href":"https:\/\/siemysli-ke.info\/de\/wp-json\/wp\/v2\/tags?post=16336"}],"curies":[{"name":"wp","href":"https:\/\/api.w.org\/{rel}","templated":true}]}}