 {"id":16213,"date":"2015-07-04T21:29:51","date_gmt":"2015-07-04T19:29:51","guid":{"rendered":"http:\/\/www.siemysli.info.ke\/?p=16213"},"modified":"2015-07-05T23:50:47","modified_gmt":"2015-07-05T21:50:47","slug":"afrykanskie-upaly-w-specjalnych-strefach-ekonomicznych-praca-wre","status":"publish","type":"post","link":"https:\/\/siemysli-ke.info\/de\/afrykanskie-upaly-w-specjalnych-strefach-ekonomicznych-praca-wre\/","title":{"rendered":"Afryka\u0144skie upa\u0142y &#8211; a w &#8222;specjalnych strefach ekonomicznych&#8220; praca wre"},"content":{"rendered":"<p style=\"text-align: justify;\"><a href=\"http:\/\/www.siemysli.info.ke\/wp-content\/uploads\/2015\/07\/gdy-gor\u0105co1.jpg\" rel=\"lightbox[16213]\"><img decoding=\"async\" class=\"alignleft size-medium wp-image-16214\" src=\"http:\/\/www.siemysli.info.ke\/wp-content\/uploads\/2015\/07\/gdy-gor\u0105co1-300x178.jpg\" alt=\"gdy-gor\u0105co1\" width=\"300\" height=\"178\" srcset=\"https:\/\/siemysli-ke.info\/wp-content\/uploads\/2015\/07\/gdy-gor\u0105co1-300x178.jpg 300w, https:\/\/siemysli-ke.info\/wp-content\/uploads\/2015\/07\/gdy-gor\u0105co1-150x90.jpg 150w, https:\/\/siemysli-ke.info\/wp-content\/uploads\/2015\/07\/gdy-gor\u0105co1.jpg 520w\" sizes=\"(max-width: 300px) 100vw, 300px\" \/><\/a>Wiele si\u0119 m\u00f3wi\u0142o w mediach o przypadkach, gdy nierozwa\u017cny doros\u0142y zostawia\u0142 w rozgrzanym na pe\u0142nym s\u0142o\u0144cu samochodzie swoje zwierz\u0119 czy dziecko, skazuj\u0105c je na niechybn\u0105 \u015bmier\u0107 z przegrzania. Nikt si\u0119 jednak nie zastanawia, jak wygl\u0105da praca os\u00f3b, zatrudnionych w specjalnych strefach ekonomicznych, umiejscowionych w parkach Panattoni. Budynki z blachy falistej nie posiadaj\u0105 uchylnych okien, klimatyzacji (kt\u00f3rej nawet w skrajnych temperaturach, przekraczaj\u0105cych 30 st. C pracodawca nie musi instalowa\u0107) ani dodatkowych \u017ar\u00f3de\u0142 wentylacji. Pracownicy obs\u0142uguj\u0105c maszyny, kt\u00f3re emituj\u0105 ciep\u0142o, maj\u0105 na stanowisku pracy spokojnie 50 st. C &#8211; a praca w takich warunkach jest prost\u0105 drog\u0105 do zdrowotnych powik\u0142a\u0144, udar\u00f3w czy zawa\u0142u serca. Czy w\u0142adza zastanowi\u0142a si\u0119 kiedy\u015b, czy w wystarczaj\u0105cy spos\u00f3b chroni pracownika przed wyzyskiem, czy raduje j\u0105 tylko fakt, \u017ce prywatne podmioty z \u0142aski, za nie znany gdzie indziej psi grosz, daj\u0105 w Polsce prac\u0119?<\/p>\n<p style=\"text-align: justify;\"><a href=\"http:\/\/www.siemysli.info.ke\/wp-content\/uploads\/2015\/07\/327cf4e57018de5e44fd02587516404a.jpg\" rel=\"lightbox[16213]\"><img decoding=\"async\" class=\"alignleft size-medium wp-image-16215\" src=\"http:\/\/www.siemysli.info.ke\/wp-content\/uploads\/2015\/07\/327cf4e57018de5e44fd02587516404a-300x169.jpg\" alt=\"327cf4e57018de5e44fd02587516404a\" width=\"300\" height=\"169\" srcset=\"https:\/\/siemysli-ke.info\/wp-content\/uploads\/2015\/07\/327cf4e57018de5e44fd02587516404a-300x169.jpg 300w, https:\/\/siemysli-ke.info\/wp-content\/uploads\/2015\/07\/327cf4e57018de5e44fd02587516404a.jpg 307w\" sizes=\"(max-width: 300px) 100vw, 300px\" \/><\/a>Teoretycznie pracownik mo\u017ce odm\u00f3wi\u0107 pracy w skrajnych warunkach, ale sko\u0144czy si\u0119 to tak jak zwykle &#8211; w s\u0105dzie pracy po uprzednim dyscyplinarnym zwolnieniu. Takie uprawnienia przyznaje pracownikowi art. 210\u00a0<em>Kodeksu Pracy<\/em>.<\/p>\n<p style=\"text-align: justify;\">Inspekcja Pracy r\u00f3wnie\u017c przymyka oczy na te &#8222;uniedogodnienia&#8220;, czekaj\u0105c sowitych \u0142ap\u00f3wek<\/p>\n<p style=\"text-align: justify;\">A co przepisy polskiego prawa pracy nakazuj\u0105 pracodawcy w upa\u0142y?<\/p>\n<p><strong>Pracodawca musi zapewni\u0107 wod\u0119 mineraln\u0105 &#8211; tyle i tylko tyle!<\/strong><\/p>\n<p><strong>Jak psu&#8230;<\/strong><\/p>\n<p>Polska &#8211; kraj, kt\u00f3ry istnieje tylko teoretycznie&#8230;<\/p>\n<p>&nbsp;<\/p>\n<p style=\"text-align: right;\"><strong>Roman Boryczko<\/strong>,<\/p>\n<p style=\"text-align: right;\"><em>\u00a0lipiec 2015<\/em><\/p>\n<p>&nbsp;<\/p>\n","protected":false},"excerpt":{"rendered":"<p>Wiele si\u0119 m\u00f3wi\u0142o w mediach o przypadkach, gdy nierozwa\u017cny doros\u0142y zostawia\u0142 w rozgrzanym na pe\u0142nym s\u0142o\u0144cu samochodzie swoje zwierz\u0119 czy<\/p>\n","protected":false},"author":7,"featured_media":16214,"comment_status":"open","ping_status":"open","sticky":false,"template":"","format":"standard","meta":{"colormag_page_layout":"default_layout","footnotes":""},"categories":[143,81],"tags":[206,2772,2770,2769,2766,2771],"class_list":["post-16213","post","type-post","status-publish","format-standard","has-post-thumbnail","hentry","category-inne","category-rzeczpospolita","tag-kodeks-pracy","tag-odmowa-pracy-w-nieludzkich-warunkach","tag-panattoni","tag-polska-kraj-ktory-istnieje-tylko-teoretycznie","tag-upaly-w-pracy","tag-zwolnienie-dyscyplinarne"],"yoast_head":"<!-- This site is optimized with the Yoast SEO plugin v25.1 - https:\/\/yoast.com\/wordpress\/plugins\/seo\/ -->\n<title>Afryka\u0144skie upa\u0142y - a w &quot;specjalnych strefach ekonomicznych&quot; praca wre - SI\u0118 MY\u015aLI<\/title>\n<meta name=\"robots\" content=\"index, follow, max-snippet:-1, max-image-preview:large, max-video-preview:-1\" \/>\n<link rel=\"canonical\" href=\"https:\/\/siemysli-ke.info\/de\/afrykanskie-upaly-w-specjalnych-strefach-ekonomicznych-praca-wre\/\" \/>\n<meta property=\"og:locale\" content=\"de_DE\" \/>\n<meta property=\"og:type\" content=\"article\" \/>\n<meta property=\"og:title\" content=\"Afryka\u0144skie upa\u0142y - a w &quot;specjalnych strefach ekonomicznych&quot; praca wre - SI\u0118 MY\u015aLI\" \/>\n<meta property=\"og:description\" content=\"Wiele si\u0119 m\u00f3wi\u0142o w mediach o przypadkach, gdy nierozwa\u017cny doros\u0142y zostawia\u0142 w rozgrzanym na pe\u0142nym s\u0142o\u0144cu samochodzie swoje zwierz\u0119 czy\" \/>\n<meta property=\"og:url\" content=\"https:\/\/siemysli-ke.info\/de\/afrykanskie-upaly-w-specjalnych-strefach-ekonomicznych-praca-wre\/\" \/>\n<meta property=\"og:site_name\" content=\"SI\u0118 MY\u015aLI\" \/>\n<meta property=\"article:published_time\" content=\"2015-07-04T19:29:51+00:00\" \/>\n<meta property=\"article:modified_time\" content=\"2015-07-05T21:50:47+00:00\" \/>\n<meta property=\"og:image\" content=\"https:\/\/siemysli-ke.info\/wp-content\/uploads\/2015\/07\/gdy-gor\u0105co1.jpg\" \/>\n\t<meta property=\"og:image:width\" content=\"520\" \/>\n\t<meta property=\"og:image:height\" content=\"310\" \/>\n\t<meta property=\"og:image:type\" content=\"image\/jpeg\" \/>\n<meta name=\"author\" content=\"Jaromir\" \/>\n<meta name=\"twitter:label1\" content=\"Verfasst von\" \/>\n\t<meta name=\"twitter:data1\" content=\"Jaromir\" \/>\n\t<meta name=\"twitter:label2\" content=\"Gesch\u00e4tzte Lesezeit\" \/>\n\t<meta name=\"twitter:data2\" content=\"1\u00a0Minute\" \/>\n<script type=\"application\/ld+json\" class=\"yoast-schema-graph\">{\"@context\":\"https:\/\/schema.org\",\"@graph\":[{\"@type\":\"Article\",\"@id\":\"https:\/\/siemysli-ke.info\/de\/afrykanskie-upaly-w-specjalnych-strefach-ekonomicznych-praca-wre\/#article\",\"isPartOf\":{\"@id\":\"https:\/\/siemysli-ke.info\/de\/afrykanskie-upaly-w-specjalnych-strefach-ekonomicznych-praca-wre\/\"},\"author\":{\"name\":\"Jaromir\",\"@id\":\"https:\/\/siemysli-ke.info\/#\/schema\/person\/66d741fa745a44f2fe46d112bc6499f2\"},\"headline\":\"Afryka\u0144skie upa\u0142y &#8211; a w &#8222;specjalnych strefach ekonomicznych&#8220; praca wre\",\"datePublished\":\"2015-07-04T19:29:51+00:00\",\"dateModified\":\"2015-07-05T21:50:47+00:00\",\"mainEntityOfPage\":{\"@id\":\"https:\/\/siemysli-ke.info\/de\/afrykanskie-upaly-w-specjalnych-strefach-ekonomicznych-praca-wre\/\"},\"wordCount\":254,\"commentCount\":0,\"publisher\":{\"@id\":\"https:\/\/siemysli-ke.info\/#organization\"},\"image\":{\"@id\":\"https:\/\/siemysli-ke.info\/de\/afrykanskie-upaly-w-specjalnych-strefach-ekonomicznych-praca-wre\/#primaryimage\"},\"thumbnailUrl\":\"https:\/\/siemysli-ke.info\/wp-content\/uploads\/2015\/07\/gdy-gor\u0105co1.jpg\",\"keywords\":[\"Kodeks Pracy\",\"odmowa pracy w nieludzkich warunkach\",\"Panattoni\",\"Polska - kraj - kt\u00f3ry istnieje tylko teoretycznie\",\"Upa\u0142y w pracy\",\"zwolnienie dyscyplinarne\"],\"articleSection\":[\"Inne\",\"Rzeczypospolita\"],\"inLanguage\":\"de\",\"potentialAction\":[{\"@type\":\"CommentAction\",\"name\":\"Comment\",\"target\":[\"https:\/\/siemysli-ke.info\/de\/afrykanskie-upaly-w-specjalnych-strefach-ekonomicznych-praca-wre\/#respond\"]}]},{\"@type\":\"WebPage\",\"@id\":\"https:\/\/siemysli-ke.info\/de\/afrykanskie-upaly-w-specjalnych-strefach-ekonomicznych-praca-wre\/\",\"url\":\"https:\/\/siemysli-ke.info\/de\/afrykanskie-upaly-w-specjalnych-strefach-ekonomicznych-praca-wre\/\",\"name\":\"Afryka\u0144skie upa\u0142y - a w \\\"specjalnych strefach ekonomicznych\\\" praca wre - SI\u0118 MY\u015aLI\",\"isPartOf\":{\"@id\":\"https:\/\/siemysli-ke.info\/de\/#website\"},\"primaryImageOfPage\":{\"@id\":\"https:\/\/siemysli-ke.info\/de\/afrykanskie-upaly-w-specjalnych-strefach-ekonomicznych-praca-wre\/#primaryimage\"},\"image\":{\"@id\":\"https:\/\/siemysli-ke.info\/de\/afrykanskie-upaly-w-specjalnych-strefach-ekonomicznych-praca-wre\/#primaryimage\"},\"thumbnailUrl\":\"https:\/\/siemysli-ke.info\/wp-content\/uploads\/2015\/07\/gdy-gor\u0105co1.jpg\",\"datePublished\":\"2015-07-04T19:29:51+00:00\",\"dateModified\":\"2015-07-05T21:50:47+00:00\",\"breadcrumb\":{\"@id\":\"https:\/\/siemysli-ke.info\/de\/afrykanskie-upaly-w-specjalnych-strefach-ekonomicznych-praca-wre\/#breadcrumb\"},\"inLanguage\":\"de\",\"potentialAction\":[{\"@type\":\"ReadAction\",\"target\":[[\"https:\/\/siemysli-ke.info\/de\/afrykanskie-upaly-w-specjalnych-strefach-ekonomicznych-praca-wre\/\"]]}]},{\"@type\":\"ImageObject\",\"inLanguage\":\"de\",\"@id\":\"https:\/\/siemysli-ke.info\/de\/afrykanskie-upaly-w-specjalnych-strefach-ekonomicznych-praca-wre\/#primaryimage\",\"url\":\"https:\/\/siemysli-ke.info\/wp-content\/uploads\/2015\/07\/gdy-gor\u0105co1.jpg\",\"contentUrl\":\"https:\/\/siemysli-ke.info\/wp-content\/uploads\/2015\/07\/gdy-gor\u0105co1.jpg\",\"width\":520,\"height\":310},{\"@type\":\"BreadcrumbList\",\"@id\":\"https:\/\/siemysli-ke.info\/de\/afrykanskie-upaly-w-specjalnych-strefach-ekonomicznych-praca-wre\/#breadcrumb\",\"itemListElement\":[{\"@type\":\"ListItem\",\"position\":1,\"name\":\"Home\",\"item\":\"https:\/\/siemysli-ke.info\/de\/\"},{\"@type\":\"ListItem\",\"position\":2,\"name\":\"Afryka\u0144skie upa\u0142y &#8211; a w &#8222;specjalnych strefach ekonomicznych&#8220; praca wre\"}]},{\"@type\":\"WebSite\",\"@id\":\"https:\/\/siemysli-ke.info\/de\/#website\",\"url\":\"https:\/\/siemysli-ke.info\/de\/\",\"name\":\"SI\u0118 MY\u015aLI\",\"description\":\"\",\"publisher\":{\"@id\":\"https:\/\/siemysli-ke.info\/de\/#organization\"},\"potentialAction\":[{\"@type\":\"SearchAction\",\"target\":{\"@type\":\"EntryPoint\",\"urlTemplate\":\"https:\/\/siemysli-ke.info\/de\/?s={search_term_string}\"},\"query-input\":{\"@type\":\"PropertyValueSpecification\",\"valueRequired\":true,\"valueName\":\"search_term_string\"}}],\"inLanguage\":\"de\"},{\"@type\":\"Organization\",\"@id\":\"https:\/\/siemysli-ke.info\/de\/#organization\",\"name\":\"SI\u0118 MY\u015aLI\",\"url\":\"https:\/\/siemysli-ke.info\/de\/\",\"logo\":{\"@type\":\"ImageObject\",\"inLanguage\":\"de\",\"@id\":\"https:\/\/siemysli-ke.info\/de\/#\/schema\/logo\/image\/\",\"url\":\"https:\/\/siemysli-ke.info\/wp-content\/uploads\/2025\/05\/99.png\",\"contentUrl\":\"https:\/\/siemysli-ke.info\/wp-content\/uploads\/2025\/05\/99.png\",\"width\":270,\"height\":204,\"caption\":\"SI\u0118 MY\u015aLI\"},\"image\":{\"@id\":\"https:\/\/siemysli-ke.info\/de\/#\/schema\/logo\/image\/\"}},{\"@type\":\"Person\",\"@id\":\"https:\/\/siemysli-ke.info\/#\/schema\/person\/66d741fa745a44f2fe46d112bc6499f2\",\"name\":\"Jaromir\",\"image\":{\"@type\":\"ImageObject\",\"inLanguage\":\"de\",\"@id\":\"https:\/\/siemysli-ke.info\/de\/#\/schema\/person\/image\/\",\"url\":\"https:\/\/secure.gravatar.com\/avatar\/fe881559e8ac8dda20293e9e8317d4678c6ad8f65f85a9ce5e1a87cee56b6198?s=96&d=mm&r=g\",\"contentUrl\":\"https:\/\/secure.gravatar.com\/avatar\/fe881559e8ac8dda20293e9e8317d4678c6ad8f65f85a9ce5e1a87cee56b6198?s=96&d=mm&r=g\",\"caption\":\"Jaromir\"},\"url\":\"https:\/\/siemysli-ke.info\/de\/author\/jaromir\/\"}]}<\/script>\n<!-- \/ Yoast SEO plugin. -->","yoast_head_json":{"title":"Afryka\u0144skie upa\u0142y - a w \"specjalnych strefach ekonomicznych\" praca wre - SI\u0118 MY\u015aLI","robots":{"index":"index","follow":"follow","max-snippet":"max-snippet:-1","max-image-preview":"max-image-preview:large","max-video-preview":"max-video-preview:-1"},"canonical":"https:\/\/siemysli-ke.info\/de\/afrykanskie-upaly-w-specjalnych-strefach-ekonomicznych-praca-wre\/","og_locale":"de_DE","og_type":"article","og_title":"Afryka\u0144skie upa\u0142y - a w \"specjalnych strefach ekonomicznych\" praca wre - SI\u0118 MY\u015aLI","og_description":"Wiele si\u0119 m\u00f3wi\u0142o w mediach o przypadkach, gdy nierozwa\u017cny doros\u0142y zostawia\u0142 w rozgrzanym na pe\u0142nym s\u0142o\u0144cu samochodzie swoje zwierz\u0119 czy","og_url":"https:\/\/siemysli-ke.info\/de\/afrykanskie-upaly-w-specjalnych-strefach-ekonomicznych-praca-wre\/","og_site_name":"SI\u0118 MY\u015aLI","article_published_time":"2015-07-04T19:29:51+00:00","article_modified_time":"2015-07-05T21:50:47+00:00","og_image":[{"width":520,"height":310,"url":"https:\/\/siemysli-ke.info\/wp-content\/uploads\/2015\/07\/gdy-gor\u0105co1.jpg","type":"image\/jpeg"}],"author":"Jaromir","twitter_misc":{"Verfasst von":"Jaromir","Gesch\u00e4tzte Lesezeit":"1\u00a0Minute"},"schema":{"@context":"https:\/\/schema.org","@graph":[{"@type":"Article","@id":"https:\/\/siemysli-ke.info\/de\/afrykanskie-upaly-w-specjalnych-strefach-ekonomicznych-praca-wre\/#article","isPartOf":{"@id":"https:\/\/siemysli-ke.info\/de\/afrykanskie-upaly-w-specjalnych-strefach-ekonomicznych-praca-wre\/"},"author":{"name":"Jaromir","@id":"https:\/\/siemysli-ke.info\/#\/schema\/person\/66d741fa745a44f2fe46d112bc6499f2"},"headline":"Afryka\u0144skie upa\u0142y &#8211; a w &#8222;specjalnych strefach ekonomicznych&#8220; praca wre","datePublished":"2015-07-04T19:29:51+00:00","dateModified":"2015-07-05T21:50:47+00:00","mainEntityOfPage":{"@id":"https:\/\/siemysli-ke.info\/de\/afrykanskie-upaly-w-specjalnych-strefach-ekonomicznych-praca-wre\/"},"wordCount":254,"commentCount":0,"publisher":{"@id":"https:\/\/siemysli-ke.info\/#organization"},"image":{"@id":"https:\/\/siemysli-ke.info\/de\/afrykanskie-upaly-w-specjalnych-strefach-ekonomicznych-praca-wre\/#primaryimage"},"thumbnailUrl":"https:\/\/siemysli-ke.info\/wp-content\/uploads\/2015\/07\/gdy-gor\u0105co1.jpg","keywords":["Kodeks Pracy","odmowa pracy w nieludzkich warunkach","Panattoni","Polska - kraj - kt\u00f3ry istnieje tylko teoretycznie","Upa\u0142y w pracy","zwolnienie dyscyplinarne"],"articleSection":["Inne","Rzeczypospolita"],"inLanguage":"de","potentialAction":[{"@type":"CommentAction","name":"Comment","target":["https:\/\/siemysli-ke.info\/de\/afrykanskie-upaly-w-specjalnych-strefach-ekonomicznych-praca-wre\/#respond"]}]},{"@type":"WebPage","@id":"https:\/\/siemysli-ke.info\/de\/afrykanskie-upaly-w-specjalnych-strefach-ekonomicznych-praca-wre\/","url":"https:\/\/siemysli-ke.info\/de\/afrykanskie-upaly-w-specjalnych-strefach-ekonomicznych-praca-wre\/","name":"Afryka\u0144skie upa\u0142y - a w \"specjalnych strefach ekonomicznych\" praca wre - SI\u0118 MY\u015aLI","isPartOf":{"@id":"https:\/\/siemysli-ke.info\/de\/#website"},"primaryImageOfPage":{"@id":"https:\/\/siemysli-ke.info\/de\/afrykanskie-upaly-w-specjalnych-strefach-ekonomicznych-praca-wre\/#primaryimage"},"image":{"@id":"https:\/\/siemysli-ke.info\/de\/afrykanskie-upaly-w-specjalnych-strefach-ekonomicznych-praca-wre\/#primaryimage"},"thumbnailUrl":"https:\/\/siemysli-ke.info\/wp-content\/uploads\/2015\/07\/gdy-gor\u0105co1.jpg","datePublished":"2015-07-04T19:29:51+00:00","dateModified":"2015-07-05T21:50:47+00:00","breadcrumb":{"@id":"https:\/\/siemysli-ke.info\/de\/afrykanskie-upaly-w-specjalnych-strefach-ekonomicznych-praca-wre\/#breadcrumb"},"inLanguage":"de","potentialAction":[{"@type":"ReadAction","target":[["https:\/\/siemysli-ke.info\/de\/afrykanskie-upaly-w-specjalnych-strefach-ekonomicznych-praca-wre\/"]]}]},{"@type":"ImageObject","inLanguage":"de","@id":"https:\/\/siemysli-ke.info\/de\/afrykanskie-upaly-w-specjalnych-strefach-ekonomicznych-praca-wre\/#primaryimage","url":"https:\/\/siemysli-ke.info\/wp-content\/uploads\/2015\/07\/gdy-gor\u0105co1.jpg","contentUrl":"https:\/\/siemysli-ke.info\/wp-content\/uploads\/2015\/07\/gdy-gor\u0105co1.jpg","width":520,"height":310},{"@type":"BreadcrumbList","@id":"https:\/\/siemysli-ke.info\/de\/afrykanskie-upaly-w-specjalnych-strefach-ekonomicznych-praca-wre\/#breadcrumb","itemListElement":[{"@type":"ListItem","position":1,"name":"Home","item":"https:\/\/siemysli-ke.info\/de\/"},{"@type":"ListItem","position":2,"name":"Afryka\u0144skie upa\u0142y &#8211; a w &#8222;specjalnych strefach ekonomicznych&#8220; praca wre"}]},{"@type":"WebSite","@id":"https:\/\/siemysli-ke.info\/de\/#website","url":"https:\/\/siemysli-ke.info\/de\/","name":"SI\u0118 MY\u015aLI","description":"","publisher":{"@id":"https:\/\/siemysli-ke.info\/de\/#organization"},"potentialAction":[{"@type":"SearchAction","target":{"@type":"EntryPoint","urlTemplate":"https:\/\/siemysli-ke.info\/de\/?s={search_term_string}"},"query-input":{"@type":"PropertyValueSpecification","valueRequired":true,"valueName":"search_term_string"}}],"inLanguage":"de"},{"@type":"Organization","@id":"https:\/\/siemysli-ke.info\/de\/#organization","name":"SI\u0118 MY\u015aLI","url":"https:\/\/siemysli-ke.info\/de\/","logo":{"@type":"ImageObject","inLanguage":"de","@id":"https:\/\/siemysli-ke.info\/de\/#\/schema\/logo\/image\/","url":"https:\/\/siemysli-ke.info\/wp-content\/uploads\/2025\/05\/99.png","contentUrl":"https:\/\/siemysli-ke.info\/wp-content\/uploads\/2025\/05\/99.png","width":270,"height":204,"caption":"SI\u0118 MY\u015aLI"},"image":{"@id":"https:\/\/siemysli-ke.info\/de\/#\/schema\/logo\/image\/"}},{"@type":"Person","@id":"https:\/\/siemysli-ke.info\/#\/schema\/person\/66d741fa745a44f2fe46d112bc6499f2","name":"Jaromir","image":{"@type":"ImageObject","inLanguage":"de","@id":"https:\/\/siemysli-ke.info\/de\/#\/schema\/person\/image\/","url":"https:\/\/secure.gravatar.com\/avatar\/fe881559e8ac8dda20293e9e8317d4678c6ad8f65f85a9ce5e1a87cee56b6198?s=96&d=mm&r=g","contentUrl":"https:\/\/secure.gravatar.com\/avatar\/fe881559e8ac8dda20293e9e8317d4678c6ad8f65f85a9ce5e1a87cee56b6198?s=96&d=mm&r=g","caption":"Jaromir"},"url":"https:\/\/siemysli-ke.info\/de\/author\/jaromir\/"}]}},"_links":{"self":[{"href":"https:\/\/siemysli-ke.info\/de\/wp-json\/wp\/v2\/posts\/16213","targetHints":{"allow":["GET"]}}],"collection":[{"href":"https:\/\/siemysli-ke.info\/de\/wp-json\/wp\/v2\/posts"}],"about":[{"href":"https:\/\/siemysli-ke.info\/de\/wp-json\/wp\/v2\/types\/post"}],"author":[{"embeddable":true,"href":"https:\/\/siemysli-ke.info\/de\/wp-json\/wp\/v2\/users\/7"}],"replies":[{"embeddable":true,"href":"https:\/\/siemysli-ke.info\/de\/wp-json\/wp\/v2\/comments?post=16213"}],"version-history":[{"count":0,"href":"https:\/\/siemysli-ke.info\/de\/wp-json\/wp\/v2\/posts\/16213\/revisions"}],"wp:featuredmedia":[{"embeddable":true,"href":"https:\/\/siemysli-ke.info\/de\/wp-json\/wp\/v2\/media\/16214"}],"wp:attachment":[{"href":"https:\/\/siemysli-ke.info\/de\/wp-json\/wp\/v2\/media?parent=16213"}],"wp:term":[{"taxonomy":"category","embeddable":true,"href":"https:\/\/siemysli-ke.info\/de\/wp-json\/wp\/v2\/categories?post=16213"},{"taxonomy":"post_tag","embeddable":true,"href":"https:\/\/siemysli-ke.info\/de\/wp-json\/wp\/v2\/tags?post=16213"}],"curies":[{"name":"wp","href":"https:\/\/api.w.org\/{rel}","templated":true}]}}